{"id":38844,"date":"2025-06-11T21:34:09","date_gmt":"2025-06-11T19:34:09","guid":{"rendered":"https:\/\/www.markt-kom.com\/?p=235864"},"modified":"2025-06-12T07:46:40","modified_gmt":"2025-06-12T05:46:40","slug":"zweifel-ist-promarca-brand-of-the-year-2025","status":"publish","type":"post","link":"https:\/\/www.organisator.ch\/de\/marketing\/2025-06-11\/zweifel-ist-promarca-brand-of-the-year-2025\/","title":{"rendered":"Zweifel ist Promarca Brand of the Year 2025"},"content":{"rendered":"<figure id=\"attachment_235872\" class=\"wp-caption alignnone\" style=\"width: 1200px;\" aria-describedby=\"caption-attachment-235872\"><img class=\"wp-image-235872 size-full\" src=\"https:\/\/www.markt-kom.com\/wp-content\/uploads\/2025\/06\/SAE_1464.jpg\" sizes=\"(max-width: 1200px) 100vw, 1200px\" srcset=\"https:\/\/www.markt-kom.com\/wp-content\/uploads\/2025\/06\/SAE_1464.jpg 1200w, https:\/\/www.markt-kom.com\/wp-content\/uploads\/2025\/06\/SAE_1464-600x400.jpg 600w, https:\/\/www.markt-kom.com\/wp-content\/uploads\/2025\/06\/SAE_1464-1024x683.jpg 1024w, https:\/\/www.markt-kom.com\/wp-content\/uploads\/2025\/06\/SAE_1464-768x512.jpg 768w, https:\/\/www.markt-kom.com\/wp-content\/uploads\/2025\/06\/SAE_1464-18x12.jpg 18w, https:\/\/www.markt-kom.com\/wp-content\/uploads\/2025\/06\/SAE_1464-263x175.jpg 263w, https:\/\/www.markt-kom.com\/wp-content\/uploads\/2025\/06\/SAE_1464-525x350.jpg 525w, https:\/\/www.markt-kom.com\/wp-content\/uploads\/2025\/06\/SAE_1464-1000x667.jpg 1000w\" alt=\"\" width=\"1200\" height=\"800\" \/>\r\n<figcaption id=\"caption-attachment-235872\" class=\"wp-caption-text\">1.Platz: Philip Honegger, Christoph Zweifel (CEO) &amp; Sascha Meier<\/figcaption>\r\n<\/figure>\r\n<p>Der Tag der Marke wurde am Mittwoch in Laufen am Produktionsstandort von Ricola durchgef\u00fchrt. \u00dcber 250 G\u00e4ste und Mitglieder des Verbands Promarca wurden bestens von Ricola betreut, verschiedene F\u00fchrungen zeigten die liebevolle Lagerung der 13 Kr\u00e4uter, die in jedem Ricola-BonBon enthalten sind. Die G\u00e4ste durften die Produktionsst\u00e4tte bestaunen und im an den getrockneten Kr\u00e4utern schnuppern. Nach einem flying Lunch in sch\u00f6nster l\u00e4ndlicher Kulisse begann der Promarca-Event, der Tag der Marke.<\/p>\r\n<p>Die Pr\u00e4sidentin Monique Bourquin gab einen detaillierten \u00dcberblick der politischen sowie gesellschaftlichen Lage der Branche und betonte die Wichtigkeit des Verbands als st\u00e4rkendes R\u00fcckrat f\u00fcr die Mitglieder. Anschliessend f\u00fchrte der Moderator ein Interview mit der seit Januar amtierenden Director des Promarca-Verbands, Barbara Castegnaro. Kompetent und weitsichtig beschrieb sie ihre Agenda, die sie f\u00fcr ihr Amt im Blick hat und gab Halt und Zuversicht f\u00fcr die Branche.<\/p>\r\n<p>Im Anschluss wurde der Promarca Brand Award verliehen.<\/p>\r\n<p>Der diesj\u00e4hrige Gewinner: Zweifel Chips &amp; Snacks, ein traditionsreiches Schweizer Familienunternehmen, das bereits 2018 ausgezeichnet wurde.<\/p>\r\n<p><img class=\"alignnone size-full wp-image-235872\" src=\"https:\/\/www.markt-kom.com\/wp-content\/uploads\/2025\/06\/SAE_1464.jpg\" sizes=\"(max-width: 1200px) 100vw, 1200px\" srcset=\"https:\/\/www.markt-kom.com\/wp-content\/uploads\/2025\/06\/SAE_1464.jpg 1200w, https:\/\/www.markt-kom.com\/wp-content\/uploads\/2025\/06\/SAE_1464-600x400.jpg 600w, https:\/\/www.markt-kom.com\/wp-content\/uploads\/2025\/06\/SAE_1464-1024x683.jpg 1024w, https:\/\/www.markt-kom.com\/wp-content\/uploads\/2025\/06\/SAE_1464-768x512.jpg 768w, https:\/\/www.markt-kom.com\/wp-content\/uploads\/2025\/06\/SAE_1464-18x12.jpg 18w, https:\/\/www.markt-kom.com\/wp-content\/uploads\/2025\/06\/SAE_1464-263x175.jpg 263w, https:\/\/www.markt-kom.com\/wp-content\/uploads\/2025\/06\/SAE_1464-525x350.jpg 525w, https:\/\/www.markt-kom.com\/wp-content\/uploads\/2025\/06\/SAE_1464-1000x667.jpg 1000w\" alt=\"\" width=\"1200\" height=\"800\" \/><\/p>\r\n<p>\u00abDie Auszeichnung Promarca Brand of the Year ist eine riesige Ehre f\u00fcr uns und das Resultat von fantastischer Teamarbeit. Es ist f\u00fcr uns mehr als ein Titel \u2013 es ist ein Vertrauensbeweis, der uns anspornt, weiterhin tagt\u00e4glich unser Bestes zu geben,\u00bb sagt Christoph Zweifel, CEO von Zweifel Chips &amp; Snacks.<\/p>\r\n<h3><strong>\u00a0<\/strong><strong>Repr\u00e4sentative Konsumentenbefragung mit \u00fcber 6\u2018000 Teilnehmenden<\/strong><\/h3>\r\n<p>Die Grundlage f\u00fcr die Auszeichnung bildet eine unabh\u00e4ngige Studie von Havas Switzerland, durchgef\u00fchrt unter 6\u2018251 Konsumentinnen und Konsumenten aus der Deutsch- und Westschweiz. Bewertet wurden 396 Marken, darunter auch jene der Promarca-Mitglieder. Entscheidend waren die wahrgenommene Dynamik sowie das Vertrauen der Bev\u00f6lkerung in die Marke. Jonas Eliassen, CEO von Havas Switzerland, erg\u00e4nzt:<\/p>\r\n<p>\u00abZweifel gewinnt zum zweiten Mal den prestigetr\u00e4chtigen Promarca Brand of the Year Award. Diese aussergew\u00f6hnliche Entwicklung ist das Resultat eines konsequent verfolgten Marken- und Innovationskurses: Mit einem stetig weiterentwickelten Produktportfolio, nachhaltigen Verpackungsl\u00f6sungen, sp\u00fcrbarer Kundenn\u00e4he und einem modernen, sympathischen Markenauftritt beweist Zweifel, wie sich Tradition und Fortschritt erfolgreich verbinden lassen.\u00bb<\/p>\r\n<h3><strong>Zweifel vereint Tradition, Innovationskraft und lokale Verankerung<\/strong><\/h3>\r\n<p>Zweifel ist eine traditionsreiche Familienmarke mit tiefen Wurzeln in der Schweiz, die auf Kundenn\u00e4he setzt \u2013 unter anderem durch ihr Community-Netzwerk \u00abFriendZ\u00bb. Die Marke verfolgt eine klare Innovationsstrategie, etwa durch die Diversifizierung ihres Snack-Angebots mit Marken wie Zweifel VAYA oder Berger. Mit dem Ausbau des Sortiments und dem neuen Werk in Spreitenbach (ZH) bekr\u00e4ftigt das Unternehmen sein Engagement f\u00fcr Qualit\u00e4t und nachhaltige Arbeitspl\u00e4tze in der Schweiz.<\/p>\r\n<figure id=\"attachment_235871\" class=\"wp-caption alignnone\" style=\"width: 1200px;\" aria-describedby=\"caption-attachment-235871\"><img class=\"wp-image-235871 size-full\" src=\"https:\/\/www.markt-kom.com\/wp-content\/uploads\/2025\/06\/SAE_1414.jpg\" sizes=\"(max-width: 1200px) 100vw, 1200px\" srcset=\"https:\/\/www.markt-kom.com\/wp-content\/uploads\/2025\/06\/SAE_1414.jpg 1200w, https:\/\/www.markt-kom.com\/wp-content\/uploads\/2025\/06\/SAE_1414-600x400.jpg 600w, https:\/\/www.markt-kom.com\/wp-content\/uploads\/2025\/06\/SAE_1414-1024x683.jpg 1024w, https:\/\/www.markt-kom.com\/wp-content\/uploads\/2025\/06\/SAE_1414-768x512.jpg 768w, https:\/\/www.markt-kom.com\/wp-content\/uploads\/2025\/06\/SAE_1414-18x12.jpg 18w, https:\/\/www.markt-kom.com\/wp-content\/uploads\/2025\/06\/SAE_1414-263x175.jpg 263w, https:\/\/www.markt-kom.com\/wp-content\/uploads\/2025\/06\/SAE_1414-525x350.jpg 525w, https:\/\/www.markt-kom.com\/wp-content\/uploads\/2025\/06\/SAE_1414-1000x667.jpg 1000w\" alt=\"\" width=\"1200\" height=\"800\" \/>\r\n<figcaption id=\"caption-attachment-235871\" class=\"wp-caption-text\">Platz 2: Thomas P. Meier (CEO), Daniela Ruoss<\/figcaption>\r\n<\/figure>\r\n<h3><strong>Ricola und Kambly auf dem Podest<\/strong><\/h3>\r\n<p>Platz zwei belegt Ricola. Die Marke ist ein Symbol f\u00fcr Swissness und \u00fcberzeugt die Konsumentinnen und Konsumenten durch nat\u00fcrliche Zutaten, eine nachhaltige Produktionsweise, eine klare Markenidentit\u00e4t sowie ihren unverwechselbaren Ricola-Auftritt.<\/p>\r\n<figure id=\"attachment_235873\" class=\"wp-caption alignnone\" style=\"width: 1200px;\" aria-describedby=\"caption-attachment-235873\"><img class=\"wp-image-235873 size-full\" src=\"https:\/\/www.markt-kom.com\/wp-content\/uploads\/2025\/06\/SAE_1466.jpg\" sizes=\"(max-width: 1200px) 100vw, 1200px\" srcset=\"https:\/\/www.markt-kom.com\/wp-content\/uploads\/2025\/06\/SAE_1466.jpg 1200w, https:\/\/www.markt-kom.com\/wp-content\/uploads\/2025\/06\/SAE_1466-600x400.jpg 600w, https:\/\/www.markt-kom.com\/wp-content\/uploads\/2025\/06\/SAE_1466-1024x683.jpg 1024w, https:\/\/www.markt-kom.com\/wp-content\/uploads\/2025\/06\/SAE_1466-768x512.jpg 768w, https:\/\/www.markt-kom.com\/wp-content\/uploads\/2025\/06\/SAE_1466-18x12.jpg 18w, https:\/\/www.markt-kom.com\/wp-content\/uploads\/2025\/06\/SAE_1466-263x175.jpg 263w, https:\/\/www.markt-kom.com\/wp-content\/uploads\/2025\/06\/SAE_1466-525x350.jpg 525w, https:\/\/www.markt-kom.com\/wp-content\/uploads\/2025\/06\/SAE_1466-1000x667.jpg 1000w\" alt=\"\" width=\"1200\" height=\"800\" \/>\r\n<figcaption id=\"caption-attachment-235873\" class=\"wp-caption-text\">Platz 3: Tanja Sch\u00fctz, Dania Kambly (Pr\u00e4sidentin Verwaltunsgrat), Stefan Stoll<\/figcaption>\r\n<\/figure>\r\n<p>Den dritten Platz belegt Kambly. Die traditionsreiche Biscuit-Marke begeistert mit handwerklicher Qualit\u00e4t, sanfter Innovation, Markenerlebnissen und der F\u00e4higkeit, mit jedem Produkt ein emotionales Genusserlebnis zu schaffen.<\/p>\r\n<h3><strong>Promarca-Mitglieder bleiben Innovationsmotor der Schweiz<\/strong><\/h3>\r\n<p>Promarca freut sich, jedes Jahr herausragende Markenleistungen zu w\u00fcrdigen. Die Innovationskraft der Mitgliedsunternehmen bleibt konstant hoch: Im Jahr 2024 lancierten die Promarca-Mitglieder 8\u2018750 neue Produkte auf dem Schweizer Markt \u2013 ein eindr\u00fccklicher Beweis f\u00fcr ihre Rolle als wirtschaftliche und technologische Wegbereiter. Die Mitgliedsunternehmen erwirtschafteten im vergangenen Jahr einen Gesamtumsatz von \u00fcber 14,2 Milliarden Schweizer Franken, inklusive Export.<\/p>\r\n<p><img class=\"alignnone size-full wp-image-235874\" src=\"https:\/\/www.markt-kom.com\/wp-content\/uploads\/2025\/06\/Brand_2025_DE.jpeg\" sizes=\"(max-width: 1200px) 100vw, 1200px\" srcset=\"https:\/\/www.markt-kom.com\/wp-content\/uploads\/2025\/06\/Brand_2025_DE.jpeg 1200w, https:\/\/www.markt-kom.com\/wp-content\/uploads\/2025\/06\/Brand_2025_DE-600x338.jpeg 600w, https:\/\/www.markt-kom.com\/wp-content\/uploads\/2025\/06\/Brand_2025_DE-1024x576.jpeg 1024w, https:\/\/www.markt-kom.com\/wp-content\/uploads\/2025\/06\/Brand_2025_DE-768x432.jpeg 768w, https:\/\/www.markt-kom.com\/wp-content\/uploads\/2025\/06\/Brand_2025_DE-18x10.jpeg 18w, https:\/\/www.markt-kom.com\/wp-content\/uploads\/2025\/06\/Brand_2025_DE-311x175.jpeg 311w, https:\/\/www.markt-kom.com\/wp-content\/uploads\/2025\/06\/Brand_2025_DE-622x350.jpeg 622w, https:\/\/www.markt-kom.com\/wp-content\/uploads\/2025\/06\/Brand_2025_DE-1000x563.jpeg 1000w\" alt=\"\" width=\"1200\" height=\"675\" \/><\/p>\r\n<p>&nbsp;<\/p>\r\n<hr \/>\r\n<p><em>Promarca, der schweizerische Markenartikelverband, ist seit 1929 die engagierte Stimme der Marken in der Schweiz. Promarca z\u00e4hlt heute 102 namhafte nationale und internationale Unternehmen zu seinen Mitgliedern. Der Verband setzt sich f\u00fcr die Vertretung der Werte der Marke und f\u00fcr gute Rahmenbedingungen der Markenunternehmen in der Schweiz ein. Die Mitgliedsunternehmen erwirtschafteten im vergangenen Jahr einen Gesamtumsatz von \u00fcber 14,2 Milliarden Schweizer Franken, inklusive Export. Die in der Schweiz ans\u00e4ssigen Einheiten dieser Unternehmen schaffen 18\u2019811 Arbeitspl\u00e4tze und investieren jedes Jahr mehrstellige Millionenbetr\u00e4ge in den Standort. Damit leistet die Markenartikelindustrie einen bedeutenden Beitrag zur Wettbewerbsf\u00e4higkeit und Stabilit\u00e4t der Schweizer Volkswirtschaft.<\/em><\/p>","protected":false},"excerpt":{"rendered":"<p>Am Tag der Marke 2025 wurde zum 11. Mal der renommierte Promarca Brand of the Year verliehen. Seit 2015 zeichnet der Schweizerische Markenartikelverband Promarca damit die dynamischste oder vertrauensw\u00fcrdigste Marke unter ihren Mitgliedern aus.<\/p>\n","protected":false},"author":8,"featured_media":0,"comment_status":"closed","ping_status":"closed","sticky":false,"template":"","format":"standard","meta":{"_acf_changed":false,"_yoast_wpseo_focuskw":"Promarca","_yoast_wpseo_metadesc":"Am Tag der Marke 2025 wurde zum 11. Mal der renommierte Promarca Brand of the Year verliehen. Zweifel als beliebteste Marke ausgezeichnet.","articlekey":"","footnotes":""},"categories":[29],"tags":[5384,5385,4343,4867,3562,492,3621],"class_list":["post-38844","post","type-post","status-publish","format-standard","hentry","category-marketing","tag-brand-of-the-year","tag-kambly","tag-markom","tag-promarca","tag-ricola","tag-unternehmen","tag-zweifel"],"acf":[],"yoast_head":"<!-- This site is optimized with the Yoast SEO plugin v27.4 - https:\/\/yoast.com\/product\/yoast-seo-wordpress\/ -->\n<title>Zweifel ist Promarca Brand of the Year 2025 - Organisator<\/title>\n<meta name=\"description\" content=\"Am Tag der Marke 2025 wurde zum 11. Mal der renommierte Promarca Brand of the Year verliehen. Zweifel als beliebteste Marke ausgezeichnet.\" \/>\n<meta name=\"robots\" content=\"index, follow, max-snippet:-1, max-image-preview:large, max-video-preview:-1\" \/>\n<link rel=\"canonical\" href=\"https:\/\/www.organisator.ch\/de\/marketing\/2025-06-11\/zweifel-ist-promarca-brand-of-the-year-2025\/\" \/>\n<meta property=\"og:locale\" content=\"de_DE\" \/>\n<meta property=\"og:type\" content=\"article\" \/>\n<meta property=\"og:title\" content=\"Zweifel ist Promarca Brand of the Year 2025 - Organisator\" \/>\n<meta property=\"og:description\" content=\"Am Tag der Marke 2025 wurde zum 11. Mal der renommierte Promarca Brand of the Year verliehen. Zweifel als beliebteste Marke ausgezeichnet.\" \/>\n<meta property=\"og:url\" content=\"https:\/\/www.organisator.ch\/de\/marketing\/2025-06-11\/zweifel-ist-promarca-brand-of-the-year-2025\/\" \/>\n<meta property=\"og:site_name\" content=\"Organisator\" \/>\n<meta property=\"article:publisher\" content=\"https:\/\/www.facebook.com\/OrganisatorFachmagazin\" \/>\n<meta property=\"article:published_time\" content=\"2025-06-11T19:34:09+00:00\" \/>\n<meta property=\"article:modified_time\" content=\"2025-06-12T05:46:40+00:00\" \/>\n<meta name=\"author\" content=\"galledia\" \/>\n<meta name=\"twitter:card\" content=\"summary_large_image\" \/>\n<meta name=\"twitter:creator\" content=\"@admin\" \/>\n<script type=\"application\/ld+json\" class=\"yoast-schema-graph\">{\"@context\":\"https:\\\/\\\/schema.org\",\"@graph\":[{\"@type\":\"Article\",\"@id\":\"https:\\\/\\\/www.organisator.ch\\\/marketing\\\/2025-06-11\\\/zweifel-ist-promarca-brand-of-the-year-2025\\\/#article\",\"isPartOf\":{\"@id\":\"https:\\\/\\\/www.organisator.ch\\\/marketing\\\/2025-06-11\\\/zweifel-ist-promarca-brand-of-the-year-2025\\\/\"},\"author\":{\"name\":\"galledia\",\"@id\":\"https:\\\/\\\/www.organisator.ch\\\/#\\\/schema\\\/person\\\/4e51799071cd2dd1232ac003643ef5f0\"},\"headline\":\"Zweifel ist Promarca Brand of the Year 2025\",\"datePublished\":\"2025-06-11T19:34:09+00:00\",\"dateModified\":\"2025-06-12T05:46:40+00:00\",\"mainEntityOfPage\":{\"@id\":\"https:\\\/\\\/www.organisator.ch\\\/marketing\\\/2025-06-11\\\/zweifel-ist-promarca-brand-of-the-year-2025\\\/\"},\"wordCount\":683,\"publisher\":{\"@id\":\"https:\\\/\\\/www.organisator.ch\\\/#organization\"},\"image\":{\"@id\":\"https:\\\/\\\/www.organisator.ch\\\/marketing\\\/2025-06-11\\\/zweifel-ist-promarca-brand-of-the-year-2025\\\/#primaryimage\"},\"thumbnailUrl\":\"https:\\\/\\\/www.markt-kom.com\\\/wp-content\\\/uploads\\\/2025\\\/06\\\/SAE_1464.jpg\",\"keywords\":[\"Brand of the Year\",\"Kambly\",\"MarKom\",\"Promarca\",\"Ricola\",\"Unternehmen\",\"Zweifel\"],\"articleSection\":[\"MARKETING\"],\"inLanguage\":\"de\"},{\"@type\":\"WebPage\",\"@id\":\"https:\\\/\\\/www.organisator.ch\\\/marketing\\\/2025-06-11\\\/zweifel-ist-promarca-brand-of-the-year-2025\\\/\",\"url\":\"https:\\\/\\\/www.organisator.ch\\\/marketing\\\/2025-06-11\\\/zweifel-ist-promarca-brand-of-the-year-2025\\\/\",\"name\":\"Zweifel ist Promarca Brand of the Year 2025 - Organisator\",\"isPartOf\":{\"@id\":\"https:\\\/\\\/www.organisator.ch\\\/#website\"},\"primaryImageOfPage\":{\"@id\":\"https:\\\/\\\/www.organisator.ch\\\/marketing\\\/2025-06-11\\\/zweifel-ist-promarca-brand-of-the-year-2025\\\/#primaryimage\"},\"image\":{\"@id\":\"https:\\\/\\\/www.organisator.ch\\\/marketing\\\/2025-06-11\\\/zweifel-ist-promarca-brand-of-the-year-2025\\\/#primaryimage\"},\"thumbnailUrl\":\"https:\\\/\\\/www.markt-kom.com\\\/wp-content\\\/uploads\\\/2025\\\/06\\\/SAE_1464.jpg\",\"datePublished\":\"2025-06-11T19:34:09+00:00\",\"dateModified\":\"2025-06-12T05:46:40+00:00\",\"description\":\"Am Tag der Marke 2025 wurde zum 11. Mal der renommierte Promarca Brand of the Year verliehen. Zweifel als beliebteste Marke ausgezeichnet.\",\"breadcrumb\":{\"@id\":\"https:\\\/\\\/www.organisator.ch\\\/marketing\\\/2025-06-11\\\/zweifel-ist-promarca-brand-of-the-year-2025\\\/#breadcrumb\"},\"inLanguage\":\"de\",\"potentialAction\":[{\"@type\":\"ReadAction\",\"target\":[\"https:\\\/\\\/www.organisator.ch\\\/marketing\\\/2025-06-11\\\/zweifel-ist-promarca-brand-of-the-year-2025\\\/\"]}]},{\"@type\":\"ImageObject\",\"inLanguage\":\"de\",\"@id\":\"https:\\\/\\\/www.organisator.ch\\\/marketing\\\/2025-06-11\\\/zweifel-ist-promarca-brand-of-the-year-2025\\\/#primaryimage\",\"url\":\"https:\\\/\\\/www.markt-kom.com\\\/wp-content\\\/uploads\\\/2025\\\/06\\\/SAE_1464.jpg\",\"contentUrl\":\"https:\\\/\\\/www.markt-kom.com\\\/wp-content\\\/uploads\\\/2025\\\/06\\\/SAE_1464.jpg\"},{\"@type\":\"BreadcrumbList\",\"@id\":\"https:\\\/\\\/www.organisator.ch\\\/marketing\\\/2025-06-11\\\/zweifel-ist-promarca-brand-of-the-year-2025\\\/#breadcrumb\",\"itemListElement\":[{\"@type\":\"ListItem\",\"position\":1,\"name\":\"Home\",\"item\":\"https:\\\/\\\/www.organisator.ch\\\/\"},{\"@type\":\"ListItem\",\"position\":2,\"name\":\"Zweifel ist Promarca Brand of the Year 2025\"}]},{\"@type\":\"WebSite\",\"@id\":\"https:\\\/\\\/www.organisator.ch\\\/#website\",\"url\":\"https:\\\/\\\/www.organisator.ch\\\/\",\"name\":\"Organisator\",\"description\":\"Kompetent. Praxisnah. Der ORGANISATOR bereitet in 10 Ausgaben pro Jahr die wesentlichen Themen f\u00fcr F\u00fchrungskr\u00e4fte von KMU auf.\",\"publisher\":{\"@id\":\"https:\\\/\\\/www.organisator.ch\\\/#organization\"},\"potentialAction\":[{\"@type\":\"SearchAction\",\"target\":{\"@type\":\"EntryPoint\",\"urlTemplate\":\"https:\\\/\\\/www.organisator.ch\\\/?s={search_term_string}\"},\"query-input\":{\"@type\":\"PropertyValueSpecification\",\"valueRequired\":true,\"valueName\":\"search_term_string\"}}],\"inLanguage\":\"de\"},{\"@type\":\"Organization\",\"@id\":\"https:\\\/\\\/www.organisator.ch\\\/#organization\",\"name\":\"Organisator\",\"url\":\"https:\\\/\\\/www.organisator.ch\\\/\",\"logo\":{\"@type\":\"ImageObject\",\"inLanguage\":\"de\",\"@id\":\"https:\\\/\\\/www.organisator.ch\\\/#\\\/schema\\\/logo\\\/image\\\/\",\"url\":\"https:\\\/\\\/www.organisator.ch\\\/wp-content\\\/uploads\\\/2022\\\/01\\\/Logo_Organisator_Website.png\",\"contentUrl\":\"https:\\\/\\\/www.organisator.ch\\\/wp-content\\\/uploads\\\/2022\\\/01\\\/Logo_Organisator_Website.png\",\"width\":800,\"height\":77,\"caption\":\"Organisator\"},\"image\":{\"@id\":\"https:\\\/\\\/www.organisator.ch\\\/#\\\/schema\\\/logo\\\/image\\\/\"},\"sameAs\":[\"https:\\\/\\\/www.facebook.com\\\/OrganisatorFachmagazin\",\"https:\\\/\\\/www.linkedin.com\\\/showcase\\\/organisator-das-magazin-fr-kmu\",\"https:\\\/\\\/www.xing.com\\\/news\\\/pages\\\/organisator-ch-695\",\"https:\\\/\\\/www.youtube.com\\\/channel\\\/UCGP2Sq0iWaZwT3BdIAQFYpw\"]},{\"@type\":\"Person\",\"@id\":\"https:\\\/\\\/www.organisator.ch\\\/#\\\/schema\\\/person\\\/4e51799071cd2dd1232ac003643ef5f0\",\"name\":\"galledia\",\"image\":{\"@type\":\"ImageObject\",\"inLanguage\":\"de\",\"@id\":\"https:\\\/\\\/secure.gravatar.com\\\/avatar\\\/78a7f90c01fc2bfc875782a0d4922b37cde2cf184ce347b91316d23cd7f69a36?s=96&d=mm&r=g\",\"url\":\"https:\\\/\\\/secure.gravatar.com\\\/avatar\\\/78a7f90c01fc2bfc875782a0d4922b37cde2cf184ce347b91316d23cd7f69a36?s=96&d=mm&r=g\",\"contentUrl\":\"https:\\\/\\\/secure.gravatar.com\\\/avatar\\\/78a7f90c01fc2bfc875782a0d4922b37cde2cf184ce347b91316d23cd7f69a36?s=96&d=mm&r=g\",\"caption\":\"galledia\"},\"sameAs\":[\"https:\\\/\\\/x.com\\\/admin\"],\"url\":\"https:\\\/\\\/www.organisator.ch\\\/de\\\/author\\\/galledia\\\/\"}]}<\/script>\n<!-- \/ Yoast SEO plugin. -->","yoast_head_json":{"title":"Zweifel ist Promarca Brand of the Year 2025 - Organisator","description":"Am Tag der Marke 2025 wurde zum 11. Mal der renommierte Promarca Brand of the Year verliehen. Zweifel als beliebteste Marke ausgezeichnet.","robots":{"index":"index","follow":"follow","max-snippet":"max-snippet:-1","max-image-preview":"max-image-preview:large","max-video-preview":"max-video-preview:-1"},"canonical":"https:\/\/www.organisator.ch\/de\/marketing\/2025-06-11\/zweifel-ist-promarca-brand-of-the-year-2025\/","og_locale":"de_DE","og_type":"article","og_title":"Zweifel ist Promarca Brand of the Year 2025 - Organisator","og_description":"Am Tag der Marke 2025 wurde zum 11. Mal der renommierte Promarca Brand of the Year verliehen. Zweifel als beliebteste Marke ausgezeichnet.","og_url":"https:\/\/www.organisator.ch\/de\/marketing\/2025-06-11\/zweifel-ist-promarca-brand-of-the-year-2025\/","og_site_name":"Organisator","article_publisher":"https:\/\/www.facebook.com\/OrganisatorFachmagazin","article_published_time":"2025-06-11T19:34:09+00:00","article_modified_time":"2025-06-12T05:46:40+00:00","author":"galledia","twitter_card":"summary_large_image","twitter_creator":"@admin","schema":{"@context":"https:\/\/schema.org","@graph":[{"@type":"Article","@id":"https:\/\/www.organisator.ch\/marketing\/2025-06-11\/zweifel-ist-promarca-brand-of-the-year-2025\/#article","isPartOf":{"@id":"https:\/\/www.organisator.ch\/marketing\/2025-06-11\/zweifel-ist-promarca-brand-of-the-year-2025\/"},"author":{"name":"galledia","@id":"https:\/\/www.organisator.ch\/#\/schema\/person\/4e51799071cd2dd1232ac003643ef5f0"},"headline":"Zweifel ist Promarca Brand of the Year 2025","datePublished":"2025-06-11T19:34:09+00:00","dateModified":"2025-06-12T05:46:40+00:00","mainEntityOfPage":{"@id":"https:\/\/www.organisator.ch\/marketing\/2025-06-11\/zweifel-ist-promarca-brand-of-the-year-2025\/"},"wordCount":683,"publisher":{"@id":"https:\/\/www.organisator.ch\/#organization"},"image":{"@id":"https:\/\/www.organisator.ch\/marketing\/2025-06-11\/zweifel-ist-promarca-brand-of-the-year-2025\/#primaryimage"},"thumbnailUrl":"https:\/\/www.markt-kom.com\/wp-content\/uploads\/2025\/06\/SAE_1464.jpg","keywords":["Brand of the Year","Kambly","MarKom","Promarca","Ricola","Unternehmen","Zweifel"],"articleSection":["MARKETING"],"inLanguage":"de"},{"@type":"WebPage","@id":"https:\/\/www.organisator.ch\/marketing\/2025-06-11\/zweifel-ist-promarca-brand-of-the-year-2025\/","url":"https:\/\/www.organisator.ch\/marketing\/2025-06-11\/zweifel-ist-promarca-brand-of-the-year-2025\/","name":"Zweifel ist Promarca Brand of the Year 2025 - Organisator","isPartOf":{"@id":"https:\/\/www.organisator.ch\/#website"},"primaryImageOfPage":{"@id":"https:\/\/www.organisator.ch\/marketing\/2025-06-11\/zweifel-ist-promarca-brand-of-the-year-2025\/#primaryimage"},"image":{"@id":"https:\/\/www.organisator.ch\/marketing\/2025-06-11\/zweifel-ist-promarca-brand-of-the-year-2025\/#primaryimage"},"thumbnailUrl":"https:\/\/www.markt-kom.com\/wp-content\/uploads\/2025\/06\/SAE_1464.jpg","datePublished":"2025-06-11T19:34:09+00:00","dateModified":"2025-06-12T05:46:40+00:00","description":"Am Tag der Marke 2025 wurde zum 11. Mal der renommierte Promarca Brand of the Year verliehen. Zweifel als beliebteste Marke ausgezeichnet.","breadcrumb":{"@id":"https:\/\/www.organisator.ch\/marketing\/2025-06-11\/zweifel-ist-promarca-brand-of-the-year-2025\/#breadcrumb"},"inLanguage":"de","potentialAction":[{"@type":"ReadAction","target":["https:\/\/www.organisator.ch\/marketing\/2025-06-11\/zweifel-ist-promarca-brand-of-the-year-2025\/"]}]},{"@type":"ImageObject","inLanguage":"de","@id":"https:\/\/www.organisator.ch\/marketing\/2025-06-11\/zweifel-ist-promarca-brand-of-the-year-2025\/#primaryimage","url":"https:\/\/www.markt-kom.com\/wp-content\/uploads\/2025\/06\/SAE_1464.jpg","contentUrl":"https:\/\/www.markt-kom.com\/wp-content\/uploads\/2025\/06\/SAE_1464.jpg"},{"@type":"BreadcrumbList","@id":"https:\/\/www.organisator.ch\/marketing\/2025-06-11\/zweifel-ist-promarca-brand-of-the-year-2025\/#breadcrumb","itemListElement":[{"@type":"ListItem","position":1,"name":"Home","item":"https:\/\/www.organisator.ch\/"},{"@type":"ListItem","position":2,"name":"Zweifel ist Promarca Brand of the Year 2025"}]},{"@type":"WebSite","@id":"https:\/\/www.organisator.ch\/#website","url":"https:\/\/www.organisator.ch\/","name":"Organisator","description":"Kompetent. Praxisnah. Der ORGANISATOR bereitet in 10 Ausgaben pro Jahr die wesentlichen Themen f\u00fcr F\u00fchrungskr\u00e4fte von KMU auf.","publisher":{"@id":"https:\/\/www.organisator.ch\/#organization"},"potentialAction":[{"@type":"SearchAction","target":{"@type":"EntryPoint","urlTemplate":"https:\/\/www.organisator.ch\/?s={search_term_string}"},"query-input":{"@type":"PropertyValueSpecification","valueRequired":true,"valueName":"search_term_string"}}],"inLanguage":"de"},{"@type":"Organization","@id":"https:\/\/www.organisator.ch\/#organization","name":"Organisator","url":"https:\/\/www.organisator.ch\/","logo":{"@type":"ImageObject","inLanguage":"de","@id":"https:\/\/www.organisator.ch\/#\/schema\/logo\/image\/","url":"https:\/\/www.organisator.ch\/wp-content\/uploads\/2022\/01\/Logo_Organisator_Website.png","contentUrl":"https:\/\/www.organisator.ch\/wp-content\/uploads\/2022\/01\/Logo_Organisator_Website.png","width":800,"height":77,"caption":"Organisator"},"image":{"@id":"https:\/\/www.organisator.ch\/#\/schema\/logo\/image\/"},"sameAs":["https:\/\/www.facebook.com\/OrganisatorFachmagazin","https:\/\/www.linkedin.com\/showcase\/organisator-das-magazin-fr-kmu","https:\/\/www.xing.com\/news\/pages\/organisator-ch-695","https:\/\/www.youtube.com\/channel\/UCGP2Sq0iWaZwT3BdIAQFYpw"]},{"@type":"Person","@id":"https:\/\/www.organisator.ch\/#\/schema\/person\/4e51799071cd2dd1232ac003643ef5f0","name":"galledia","image":{"@type":"ImageObject","inLanguage":"de","@id":"https:\/\/secure.gravatar.com\/avatar\/78a7f90c01fc2bfc875782a0d4922b37cde2cf184ce347b91316d23cd7f69a36?s=96&d=mm&r=g","url":"https:\/\/secure.gravatar.com\/avatar\/78a7f90c01fc2bfc875782a0d4922b37cde2cf184ce347b91316d23cd7f69a36?s=96&d=mm&r=g","contentUrl":"https:\/\/secure.gravatar.com\/avatar\/78a7f90c01fc2bfc875782a0d4922b37cde2cf184ce347b91316d23cd7f69a36?s=96&d=mm&r=g","caption":"galledia"},"sameAs":["https:\/\/x.com\/admin"],"url":"https:\/\/www.organisator.ch\/de\/author\/galledia\/"}]}},"_links":{"self":[{"href":"https:\/\/www.organisator.ch\/de\/wp-json\/wp\/v2\/posts\/38844","targetHints":{"allow":["GET"]}}],"collection":[{"href":"https:\/\/www.organisator.ch\/de\/wp-json\/wp\/v2\/posts"}],"about":[{"href":"https:\/\/www.organisator.ch\/de\/wp-json\/wp\/v2\/types\/post"}],"author":[{"embeddable":true,"href":"https:\/\/www.organisator.ch\/de\/wp-json\/wp\/v2\/users\/8"}],"replies":[{"embeddable":true,"href":"https:\/\/www.organisator.ch\/de\/wp-json\/wp\/v2\/comments?post=38844"}],"version-history":[{"count":4,"href":"https:\/\/www.organisator.ch\/de\/wp-json\/wp\/v2\/posts\/38844\/revisions"}],"predecessor-version":[{"id":38852,"href":"https:\/\/www.organisator.ch\/de\/wp-json\/wp\/v2\/posts\/38844\/revisions\/38852"}],"wp:attachment":[{"href":"https:\/\/www.organisator.ch\/de\/wp-json\/wp\/v2\/media?parent=38844"}],"wp:term":[{"taxonomy":"category","embeddable":true,"href":"https:\/\/www.organisator.ch\/de\/wp-json\/wp\/v2\/categories?post=38844"},{"taxonomy":"post_tag","embeddable":true,"href":"https:\/\/www.organisator.ch\/de\/wp-json\/wp\/v2\/tags?post=38844"}],"curies":[{"name":"wp","href":"https:\/\/api.w.org\/{rel}","templated":true}]}}