{"id":38934,"date":"2025-06-16T16:28:42","date_gmt":"2025-06-16T14:28:42","guid":{"rendered":"https:\/\/www.markt-kom.com\/?p=236148"},"modified":"2025-06-17T08:33:17","modified_gmt":"2025-06-17T06:33:17","slug":"reto-nause-fuer-stv-praesidium-nominiert","status":"publish","type":"post","link":"https:\/\/www.organisator.ch\/de\/marketing\/2025-06-16\/reto-nause-fuer-stv-praesidium-nominiert\/","title":{"rendered":"Reto Nause f\u00fcr STV-Pr\u00e4sidium nominiert"},"content":{"rendered":"<figure id=\"attachment_236149\" class=\"wp-caption aligncenter\" style=\"width: 640px;\" aria-describedby=\"caption-attachment-236149\"><a href=\"https:\/\/www.markt-kom.com\/wp-content\/uploads\/2025\/06\/Reto-Nause-STV.jpg\"><img class=\"size-full wp-image-236149\" src=\"https:\/\/www.markt-kom.com\/wp-content\/uploads\/2025\/06\/Reto-Nause-STV.jpg\" sizes=\"(max-width: 640px) 100vw, 640px\" srcset=\"https:\/\/www.markt-kom.com\/wp-content\/uploads\/2025\/06\/Reto-Nause-STV.jpg 640w, https:\/\/www.markt-kom.com\/wp-content\/uploads\/2025\/06\/Reto-Nause-STV-600x450.jpg 600w, https:\/\/www.markt-kom.com\/wp-content\/uploads\/2025\/06\/Reto-Nause-STV-16x12.jpg 16w, https:\/\/www.markt-kom.com\/wp-content\/uploads\/2025\/06\/Reto-Nause-STV-233x175.jpg 233w, https:\/\/www.markt-kom.com\/wp-content\/uploads\/2025\/06\/Reto-Nause-STV-467x350.jpg 467w\" alt=\"\" width=\"640\" height=\"480\" \/><\/a>\r\n<figcaption id=\"caption-attachment-236149\" class=\"wp-caption-text\">(Bild: zVg.)<\/figcaption>\r\n<\/figure>\r\n<p>Der Vorstand des Schweizer Tourismus-Verbands STV schl\u00e4gt Nationalrat Reto Nause als neuen Pr\u00e4sidenten vor. Der langj\u00e4hrige Berner Gemeinderat soll die Nachfolge von Nicol\u00f2 Paganini antreten, der den Verband nach rund f\u00fcnfeinhalb Jahren an der Spitze verl\u00e4sst.<\/p>\r\n<p>Nause bringt Erfahrung in Exekutive und Bundespolitik mit und kennt sowohl urbane als auch alpine Tourismusrealit\u00e4ten. Als Vorsteher der Direktion f\u00fcr Sicherheit, Umwelt und Energie der Stadt Bern verf\u00fcgt er \u00fcber Fachwissen in Nachhaltigkeitsfragen \u2013 ein Bereich, der im STV eine zentrale Rolle spielt. Seine T\u00e4tigkeit in der Finanzkommission des Nationalrats unterstreicht seine Vertrautheit mit finanzpolitischen Fragen, die auch f\u00fcr die tourismuspolitische Arbeit auf Bundesebene von Bedeutung sind.<\/p>\r\n<p>\u00abMit Reto Nause schlagen wir der Generalversammlung eine starke F\u00fchrungspers\u00f6nlichkeit mit Br\u00fcckenbauerqualit\u00e4ten vor\u00bb, sagt STV-Vizepr\u00e4sident Stephan Kurmann. \u00abEr bringt politische Erfahrung, finanzpolitisches Verst\u00e4ndnis und ein klares Bekenntnis zur gesamtschweizerischen Tourismusentwicklung mit.\u00bb<\/p>\r\n<p>Nause will als Pr\u00e4sident die unterschiedlichen Interessen innerhalb der Branche b\u00fcndeln und gezielt vertreten. Er sieht den Tourismus als verbindendes Element zwischen Wirtschaft, Gesellschaft und Umwelt. \u00abDie touristische Wertsch\u00f6pfungskette ist zentral f\u00fcr unser Land. Sie verdient die entsprechende politische Aufmerksamkeit und gute Rahmenbedingungen\u00bb, so Nause. \u00abIch sehe meine Aufgabe darin, die Interessen der verschiedenen Branchen zusammenzubringen, gemeinsame Anliegen zu sch\u00e4rfen und sie mit \u00dcberzeugung gegen\u00fcber Politik und \u00d6ffentlichkeit zu vertreten.\u00bb<\/p>\r\n<p>Der bisherige Pr\u00e4sident Nicol\u00f2 Paganini war seit 2020 im Amt <em><a href=\"https:\/\/www.markt-kom.com\/de\/work-life\/jobchange\/nicolo-paganini-wird-neuer-prasident-des-schweizer-tourismus-verbands\/\" rel=\"noopener\">(Markt-kom.com berichtete)<\/a><\/em>. In seine Amtszeit fielen unter anderem die Weiterentwicklung der STV-Verbandsstrukturen sowie die Herausforderungen der Covid-19-Pandemie. Mit dem angek\u00fcndigten R\u00fccktritt beginnt eine geregelte \u00dcbergangphase. Nause soll sich fr\u00fchzeitig auf die bevorstehende neue F\u00f6rderperiode der Standortf\u00f6rderungsbotschaft vorbereiten k\u00f6nnen. Die Wahl und offizielle Amts\u00fcbergabe erfolgen an der Generalversammlung am 22. August 2025 in Locarno.<\/p>","protected":false},"excerpt":{"rendered":"<p>Der Berner Nationalrat Reto Nause soll neuer Pr\u00e4sident des Schweizer Tourismus-Verbands werden. Die Wahl ist f\u00fcr die Generalversammlung vom 22. August 2025 in Locarno vorgesehen.<\/p>\n","protected":false},"author":8,"featured_media":0,"comment_status":"closed","ping_status":"closed","sticky":false,"template":"","format":"standard","meta":{"_acf_changed":false,"_yoast_wpseo_focuskw":"Reto Nause","_yoast_wpseo_metadesc":"Nomination: Der Berner Nationalrat Reto Nause soll neuer Pr\u00e4sident des Schweizer Tourismus-Verbands werden.","articlekey":"","footnotes":""},"categories":[29],"tags":[2853,4343,5161],"class_list":["post-38934","post","type-post","status-publish","format-standard","hentry","category-marketing","tag-jobchange","tag-markom","tag-schweizer-tourismus-verband"],"acf":[],"yoast_head":"<!-- This site is optimized with the Yoast SEO plugin v27.5 - https:\/\/yoast.com\/product\/yoast-seo-wordpress\/ -->\n<title>Reto Nause f\u00fcr STV-Pr\u00e4sidium nominiert - Organisator<\/title>\n<meta name=\"description\" content=\"Nomination: Der Berner Nationalrat Reto Nause soll neuer Pr\u00e4sident des Schweizer Tourismus-Verbands werden.\" \/>\n<meta name=\"robots\" content=\"index, follow, max-snippet:-1, max-image-preview:large, max-video-preview:-1\" \/>\n<link rel=\"canonical\" href=\"https:\/\/www.organisator.ch\/de\/marketing\/2025-06-16\/reto-nause-fuer-stv-praesidium-nominiert\/\" \/>\n<meta property=\"og:locale\" content=\"de_DE\" \/>\n<meta property=\"og:type\" content=\"article\" \/>\n<meta property=\"og:title\" content=\"Reto Nause f\u00fcr STV-Pr\u00e4sidium nominiert - Organisator\" \/>\n<meta property=\"og:description\" content=\"Nomination: Der Berner Nationalrat Reto Nause soll neuer Pr\u00e4sident des Schweizer Tourismus-Verbands werden.\" \/>\n<meta property=\"og:url\" content=\"https:\/\/www.organisator.ch\/de\/marketing\/2025-06-16\/reto-nause-fuer-stv-praesidium-nominiert\/\" \/>\n<meta property=\"og:site_name\" content=\"Organisator\" \/>\n<meta property=\"article:publisher\" content=\"https:\/\/www.facebook.com\/OrganisatorFachmagazin\" \/>\n<meta property=\"article:published_time\" content=\"2025-06-16T14:28:42+00:00\" \/>\n<meta property=\"article:modified_time\" content=\"2025-06-17T06:33:17+00:00\" \/>\n<meta name=\"author\" content=\"galledia\" \/>\n<meta name=\"twitter:card\" content=\"summary_large_image\" \/>\n<meta name=\"twitter:creator\" content=\"@admin\" \/>\n<script type=\"application\/ld+json\" class=\"yoast-schema-graph\">{\"@context\":\"https:\\\/\\\/schema.org\",\"@graph\":[{\"@type\":\"Article\",\"@id\":\"https:\\\/\\\/www.organisator.ch\\\/marketing\\\/2025-06-16\\\/reto-nause-fuer-stv-praesidium-nominiert\\\/#article\",\"isPartOf\":{\"@id\":\"https:\\\/\\\/www.organisator.ch\\\/marketing\\\/2025-06-16\\\/reto-nause-fuer-stv-praesidium-nominiert\\\/\"},\"author\":{\"name\":\"galledia\",\"@id\":\"https:\\\/\\\/www.organisator.ch\\\/#\\\/schema\\\/person\\\/4e51799071cd2dd1232ac003643ef5f0\"},\"headline\":\"Reto Nause f\u00fcr STV-Pr\u00e4sidium nominiert\",\"datePublished\":\"2025-06-16T14:28:42+00:00\",\"dateModified\":\"2025-06-17T06:33:17+00:00\",\"mainEntityOfPage\":{\"@id\":\"https:\\\/\\\/www.organisator.ch\\\/marketing\\\/2025-06-16\\\/reto-nause-fuer-stv-praesidium-nominiert\\\/\"},\"wordCount\":305,\"publisher\":{\"@id\":\"https:\\\/\\\/www.organisator.ch\\\/#organization\"},\"image\":{\"@id\":\"https:\\\/\\\/www.organisator.ch\\\/marketing\\\/2025-06-16\\\/reto-nause-fuer-stv-praesidium-nominiert\\\/#primaryimage\"},\"thumbnailUrl\":\"https:\\\/\\\/www.markt-kom.com\\\/wp-content\\\/uploads\\\/2025\\\/06\\\/Reto-Nause-STV.jpg\",\"keywords\":[\"Jobchange\",\"MarKom\",\"Schweizer Tourismus-Verband\"],\"articleSection\":[\"MARKETING\"],\"inLanguage\":\"de\"},{\"@type\":\"WebPage\",\"@id\":\"https:\\\/\\\/www.organisator.ch\\\/marketing\\\/2025-06-16\\\/reto-nause-fuer-stv-praesidium-nominiert\\\/\",\"url\":\"https:\\\/\\\/www.organisator.ch\\\/marketing\\\/2025-06-16\\\/reto-nause-fuer-stv-praesidium-nominiert\\\/\",\"name\":\"Reto Nause f\u00fcr STV-Pr\u00e4sidium nominiert - Organisator\",\"isPartOf\":{\"@id\":\"https:\\\/\\\/www.organisator.ch\\\/#website\"},\"primaryImageOfPage\":{\"@id\":\"https:\\\/\\\/www.organisator.ch\\\/marketing\\\/2025-06-16\\\/reto-nause-fuer-stv-praesidium-nominiert\\\/#primaryimage\"},\"image\":{\"@id\":\"https:\\\/\\\/www.organisator.ch\\\/marketing\\\/2025-06-16\\\/reto-nause-fuer-stv-praesidium-nominiert\\\/#primaryimage\"},\"thumbnailUrl\":\"https:\\\/\\\/www.markt-kom.com\\\/wp-content\\\/uploads\\\/2025\\\/06\\\/Reto-Nause-STV.jpg\",\"datePublished\":\"2025-06-16T14:28:42+00:00\",\"dateModified\":\"2025-06-17T06:33:17+00:00\",\"description\":\"Nomination: Der Berner Nationalrat Reto Nause soll neuer Pr\u00e4sident des Schweizer Tourismus-Verbands werden.\",\"breadcrumb\":{\"@id\":\"https:\\\/\\\/www.organisator.ch\\\/marketing\\\/2025-06-16\\\/reto-nause-fuer-stv-praesidium-nominiert\\\/#breadcrumb\"},\"inLanguage\":\"de\",\"potentialAction\":[{\"@type\":\"ReadAction\",\"target\":[\"https:\\\/\\\/www.organisator.ch\\\/marketing\\\/2025-06-16\\\/reto-nause-fuer-stv-praesidium-nominiert\\\/\"]}]},{\"@type\":\"ImageObject\",\"inLanguage\":\"de\",\"@id\":\"https:\\\/\\\/www.organisator.ch\\\/marketing\\\/2025-06-16\\\/reto-nause-fuer-stv-praesidium-nominiert\\\/#primaryimage\",\"url\":\"https:\\\/\\\/www.markt-kom.com\\\/wp-content\\\/uploads\\\/2025\\\/06\\\/Reto-Nause-STV.jpg\",\"contentUrl\":\"https:\\\/\\\/www.markt-kom.com\\\/wp-content\\\/uploads\\\/2025\\\/06\\\/Reto-Nause-STV.jpg\"},{\"@type\":\"BreadcrumbList\",\"@id\":\"https:\\\/\\\/www.organisator.ch\\\/marketing\\\/2025-06-16\\\/reto-nause-fuer-stv-praesidium-nominiert\\\/#breadcrumb\",\"itemListElement\":[{\"@type\":\"ListItem\",\"position\":1,\"name\":\"Home\",\"item\":\"https:\\\/\\\/www.organisator.ch\\\/\"},{\"@type\":\"ListItem\",\"position\":2,\"name\":\"Reto Nause f\u00fcr STV-Pr\u00e4sidium nominiert\"}]},{\"@type\":\"WebSite\",\"@id\":\"https:\\\/\\\/www.organisator.ch\\\/#website\",\"url\":\"https:\\\/\\\/www.organisator.ch\\\/\",\"name\":\"Organisator\",\"description\":\"Kompetent. Praxisnah. Der ORGANISATOR bereitet in 10 Ausgaben pro Jahr die wesentlichen Themen f\u00fcr F\u00fchrungskr\u00e4fte von KMU auf.\",\"publisher\":{\"@id\":\"https:\\\/\\\/www.organisator.ch\\\/#organization\"},\"potentialAction\":[{\"@type\":\"SearchAction\",\"target\":{\"@type\":\"EntryPoint\",\"urlTemplate\":\"https:\\\/\\\/www.organisator.ch\\\/?s={search_term_string}\"},\"query-input\":{\"@type\":\"PropertyValueSpecification\",\"valueRequired\":true,\"valueName\":\"search_term_string\"}}],\"inLanguage\":\"de\"},{\"@type\":\"Organization\",\"@id\":\"https:\\\/\\\/www.organisator.ch\\\/#organization\",\"name\":\"Organisator\",\"url\":\"https:\\\/\\\/www.organisator.ch\\\/\",\"logo\":{\"@type\":\"ImageObject\",\"inLanguage\":\"de\",\"@id\":\"https:\\\/\\\/www.organisator.ch\\\/#\\\/schema\\\/logo\\\/image\\\/\",\"url\":\"https:\\\/\\\/www.organisator.ch\\\/wp-content\\\/uploads\\\/2022\\\/01\\\/Logo_Organisator_Website.png\",\"contentUrl\":\"https:\\\/\\\/www.organisator.ch\\\/wp-content\\\/uploads\\\/2022\\\/01\\\/Logo_Organisator_Website.png\",\"width\":800,\"height\":77,\"caption\":\"Organisator\"},\"image\":{\"@id\":\"https:\\\/\\\/www.organisator.ch\\\/#\\\/schema\\\/logo\\\/image\\\/\"},\"sameAs\":[\"https:\\\/\\\/www.facebook.com\\\/OrganisatorFachmagazin\",\"https:\\\/\\\/www.linkedin.com\\\/showcase\\\/organisator-das-magazin-fr-kmu\",\"https:\\\/\\\/www.xing.com\\\/news\\\/pages\\\/organisator-ch-695\",\"https:\\\/\\\/www.youtube.com\\\/channel\\\/UCGP2Sq0iWaZwT3BdIAQFYpw\"]},{\"@type\":\"Person\",\"@id\":\"https:\\\/\\\/www.organisator.ch\\\/#\\\/schema\\\/person\\\/4e51799071cd2dd1232ac003643ef5f0\",\"name\":\"galledia\",\"image\":{\"@type\":\"ImageObject\",\"inLanguage\":\"de\",\"@id\":\"https:\\\/\\\/secure.gravatar.com\\\/avatar\\\/78a7f90c01fc2bfc875782a0d4922b37cde2cf184ce347b91316d23cd7f69a36?s=96&d=mm&r=g\",\"url\":\"https:\\\/\\\/secure.gravatar.com\\\/avatar\\\/78a7f90c01fc2bfc875782a0d4922b37cde2cf184ce347b91316d23cd7f69a36?s=96&d=mm&r=g\",\"contentUrl\":\"https:\\\/\\\/secure.gravatar.com\\\/avatar\\\/78a7f90c01fc2bfc875782a0d4922b37cde2cf184ce347b91316d23cd7f69a36?s=96&d=mm&r=g\",\"caption\":\"galledia\"},\"sameAs\":[\"https:\\\/\\\/x.com\\\/admin\"],\"url\":\"https:\\\/\\\/www.organisator.ch\\\/de\\\/author\\\/galledia\\\/\"}]}<\/script>\n<!-- \/ Yoast SEO plugin. -->","yoast_head_json":{"title":"Reto Nause f\u00fcr STV-Pr\u00e4sidium nominiert - Organisator","description":"Nomination: Der Berner Nationalrat Reto Nause soll neuer Pr\u00e4sident des Schweizer Tourismus-Verbands werden.","robots":{"index":"index","follow":"follow","max-snippet":"max-snippet:-1","max-image-preview":"max-image-preview:large","max-video-preview":"max-video-preview:-1"},"canonical":"https:\/\/www.organisator.ch\/de\/marketing\/2025-06-16\/reto-nause-fuer-stv-praesidium-nominiert\/","og_locale":"de_DE","og_type":"article","og_title":"Reto Nause f\u00fcr STV-Pr\u00e4sidium nominiert - Organisator","og_description":"Nomination: Der Berner Nationalrat Reto Nause soll neuer Pr\u00e4sident des Schweizer Tourismus-Verbands werden.","og_url":"https:\/\/www.organisator.ch\/de\/marketing\/2025-06-16\/reto-nause-fuer-stv-praesidium-nominiert\/","og_site_name":"Organisator","article_publisher":"https:\/\/www.facebook.com\/OrganisatorFachmagazin","article_published_time":"2025-06-16T14:28:42+00:00","article_modified_time":"2025-06-17T06:33:17+00:00","author":"galledia","twitter_card":"summary_large_image","twitter_creator":"@admin","schema":{"@context":"https:\/\/schema.org","@graph":[{"@type":"Article","@id":"https:\/\/www.organisator.ch\/marketing\/2025-06-16\/reto-nause-fuer-stv-praesidium-nominiert\/#article","isPartOf":{"@id":"https:\/\/www.organisator.ch\/marketing\/2025-06-16\/reto-nause-fuer-stv-praesidium-nominiert\/"},"author":{"name":"galledia","@id":"https:\/\/www.organisator.ch\/#\/schema\/person\/4e51799071cd2dd1232ac003643ef5f0"},"headline":"Reto Nause f\u00fcr STV-Pr\u00e4sidium nominiert","datePublished":"2025-06-16T14:28:42+00:00","dateModified":"2025-06-17T06:33:17+00:00","mainEntityOfPage":{"@id":"https:\/\/www.organisator.ch\/marketing\/2025-06-16\/reto-nause-fuer-stv-praesidium-nominiert\/"},"wordCount":305,"publisher":{"@id":"https:\/\/www.organisator.ch\/#organization"},"image":{"@id":"https:\/\/www.organisator.ch\/marketing\/2025-06-16\/reto-nause-fuer-stv-praesidium-nominiert\/#primaryimage"},"thumbnailUrl":"https:\/\/www.markt-kom.com\/wp-content\/uploads\/2025\/06\/Reto-Nause-STV.jpg","keywords":["Jobchange","MarKom","Schweizer Tourismus-Verband"],"articleSection":["MARKETING"],"inLanguage":"de"},{"@type":"WebPage","@id":"https:\/\/www.organisator.ch\/marketing\/2025-06-16\/reto-nause-fuer-stv-praesidium-nominiert\/","url":"https:\/\/www.organisator.ch\/marketing\/2025-06-16\/reto-nause-fuer-stv-praesidium-nominiert\/","name":"Reto Nause f\u00fcr STV-Pr\u00e4sidium nominiert - Organisator","isPartOf":{"@id":"https:\/\/www.organisator.ch\/#website"},"primaryImageOfPage":{"@id":"https:\/\/www.organisator.ch\/marketing\/2025-06-16\/reto-nause-fuer-stv-praesidium-nominiert\/#primaryimage"},"image":{"@id":"https:\/\/www.organisator.ch\/marketing\/2025-06-16\/reto-nause-fuer-stv-praesidium-nominiert\/#primaryimage"},"thumbnailUrl":"https:\/\/www.markt-kom.com\/wp-content\/uploads\/2025\/06\/Reto-Nause-STV.jpg","datePublished":"2025-06-16T14:28:42+00:00","dateModified":"2025-06-17T06:33:17+00:00","description":"Nomination: Der Berner Nationalrat Reto Nause soll neuer Pr\u00e4sident des Schweizer Tourismus-Verbands werden.","breadcrumb":{"@id":"https:\/\/www.organisator.ch\/marketing\/2025-06-16\/reto-nause-fuer-stv-praesidium-nominiert\/#breadcrumb"},"inLanguage":"de","potentialAction":[{"@type":"ReadAction","target":["https:\/\/www.organisator.ch\/marketing\/2025-06-16\/reto-nause-fuer-stv-praesidium-nominiert\/"]}]},{"@type":"ImageObject","inLanguage":"de","@id":"https:\/\/www.organisator.ch\/marketing\/2025-06-16\/reto-nause-fuer-stv-praesidium-nominiert\/#primaryimage","url":"https:\/\/www.markt-kom.com\/wp-content\/uploads\/2025\/06\/Reto-Nause-STV.jpg","contentUrl":"https:\/\/www.markt-kom.com\/wp-content\/uploads\/2025\/06\/Reto-Nause-STV.jpg"},{"@type":"BreadcrumbList","@id":"https:\/\/www.organisator.ch\/marketing\/2025-06-16\/reto-nause-fuer-stv-praesidium-nominiert\/#breadcrumb","itemListElement":[{"@type":"ListItem","position":1,"name":"Home","item":"https:\/\/www.organisator.ch\/"},{"@type":"ListItem","position":2,"name":"Reto Nause f\u00fcr STV-Pr\u00e4sidium nominiert"}]},{"@type":"WebSite","@id":"https:\/\/www.organisator.ch\/#website","url":"https:\/\/www.organisator.ch\/","name":"Organisator","description":"Kompetent. Praxisnah. Der ORGANISATOR bereitet in 10 Ausgaben pro Jahr die wesentlichen Themen f\u00fcr F\u00fchrungskr\u00e4fte von KMU auf.","publisher":{"@id":"https:\/\/www.organisator.ch\/#organization"},"potentialAction":[{"@type":"SearchAction","target":{"@type":"EntryPoint","urlTemplate":"https:\/\/www.organisator.ch\/?s={search_term_string}"},"query-input":{"@type":"PropertyValueSpecification","valueRequired":true,"valueName":"search_term_string"}}],"inLanguage":"de"},{"@type":"Organization","@id":"https:\/\/www.organisator.ch\/#organization","name":"Organisator","url":"https:\/\/www.organisator.ch\/","logo":{"@type":"ImageObject","inLanguage":"de","@id":"https:\/\/www.organisator.ch\/#\/schema\/logo\/image\/","url":"https:\/\/www.organisator.ch\/wp-content\/uploads\/2022\/01\/Logo_Organisator_Website.png","contentUrl":"https:\/\/www.organisator.ch\/wp-content\/uploads\/2022\/01\/Logo_Organisator_Website.png","width":800,"height":77,"caption":"Organisator"},"image":{"@id":"https:\/\/www.organisator.ch\/#\/schema\/logo\/image\/"},"sameAs":["https:\/\/www.facebook.com\/OrganisatorFachmagazin","https:\/\/www.linkedin.com\/showcase\/organisator-das-magazin-fr-kmu","https:\/\/www.xing.com\/news\/pages\/organisator-ch-695","https:\/\/www.youtube.com\/channel\/UCGP2Sq0iWaZwT3BdIAQFYpw"]},{"@type":"Person","@id":"https:\/\/www.organisator.ch\/#\/schema\/person\/4e51799071cd2dd1232ac003643ef5f0","name":"galledia","image":{"@type":"ImageObject","inLanguage":"de","@id":"https:\/\/secure.gravatar.com\/avatar\/78a7f90c01fc2bfc875782a0d4922b37cde2cf184ce347b91316d23cd7f69a36?s=96&d=mm&r=g","url":"https:\/\/secure.gravatar.com\/avatar\/78a7f90c01fc2bfc875782a0d4922b37cde2cf184ce347b91316d23cd7f69a36?s=96&d=mm&r=g","contentUrl":"https:\/\/secure.gravatar.com\/avatar\/78a7f90c01fc2bfc875782a0d4922b37cde2cf184ce347b91316d23cd7f69a36?s=96&d=mm&r=g","caption":"galledia"},"sameAs":["https:\/\/x.com\/admin"],"url":"https:\/\/www.organisator.ch\/de\/author\/galledia\/"}]}},"_links":{"self":[{"href":"https:\/\/www.organisator.ch\/de\/wp-json\/wp\/v2\/posts\/38934","targetHints":{"allow":["GET"]}}],"collection":[{"href":"https:\/\/www.organisator.ch\/de\/wp-json\/wp\/v2\/posts"}],"about":[{"href":"https:\/\/www.organisator.ch\/de\/wp-json\/wp\/v2\/types\/post"}],"author":[{"embeddable":true,"href":"https:\/\/www.organisator.ch\/de\/wp-json\/wp\/v2\/users\/8"}],"replies":[{"embeddable":true,"href":"https:\/\/www.organisator.ch\/de\/wp-json\/wp\/v2\/comments?post=38934"}],"version-history":[{"count":4,"href":"https:\/\/www.organisator.ch\/de\/wp-json\/wp\/v2\/posts\/38934\/revisions"}],"predecessor-version":[{"id":38954,"href":"https:\/\/www.organisator.ch\/de\/wp-json\/wp\/v2\/posts\/38934\/revisions\/38954"}],"wp:attachment":[{"href":"https:\/\/www.organisator.ch\/de\/wp-json\/wp\/v2\/media?parent=38934"}],"wp:term":[{"taxonomy":"category","embeddable":true,"href":"https:\/\/www.organisator.ch\/de\/wp-json\/wp\/v2\/categories?post=38934"},{"taxonomy":"post_tag","embeddable":true,"href":"https:\/\/www.organisator.ch\/de\/wp-json\/wp\/v2\/tags?post=38934"}],"curies":[{"name":"wp","href":"https:\/\/api.w.org\/{rel}","templated":true}]}}