{"id":38975,"date":"2025-06-20T01:46:32","date_gmt":"2025-06-19T23:46:32","guid":{"rendered":"https:\/\/www.organisator.ch\/de\/?p=38975"},"modified":"2025-06-17T11:50:13","modified_gmt":"2025-06-17T09:50:13","slug":"esg-strategie-zwischen-regulierung-und-wettbewerbsvorteil","status":"publish","type":"post","link":"https:\/\/www.organisator.ch\/de\/sustainability\/2025-06-20\/esg-strategie-zwischen-regulierung-und-wettbewerbsvorteil\/","title":{"rendered":"ESG-Strategie: Zwischen Regulierung und Wettbewerbsvorteil"},"content":{"rendered":"<div class=\"swpm-post-not-logged-in-msg\">You need to be logged in to view this content. Bitte <a class=\"swpm-login-link\" href=\"https:\/\/www.organisator.ch\/login\/\">Log In<\/a>. Kein Mitglied? <a href=\"https:\/\/www.organisator.ch\/shop\/\">Werden Sie Mitglied bei uns<\/a><\/div>","protected":false},"excerpt":{"rendered":"<p>Neue ESG-Vorgaben stellen Schweizer Unternehmen vor Herausforderungen. Doch wer Nachhaltigkeit als strategisches Instrument nutzt, schafft Innovation, Resilienz und neue Marktchancen.<\/p>\n","protected":false},"author":1,"featured_media":38973,"comment_status":"closed","ping_status":"closed","sticky":false,"template":"","format":"standard","meta":{"_acf_changed":false,"_yoast_wpseo_focuskw":"ESG-Strategie","_yoast_wpseo_metadesc":"Neue ESG-Vorgaben sind Herausforderungen. Wer aber auf eine ESG-Strategie setzt, schafft Innovation, Resilienz und neue Marktchancen.","articlekey":"161620","footnotes":""},"categories":[578,580],"tags":[5403,335,358],"class_list":["post-38975","post","type-post","status-publish","format-standard","has-post-thumbnail","hentry","category-abo","category-sustainability","tag-esg-strategie","tag-management-und-unternehmensfuehrung","tag-nachhaltige-wirtschaft"],"acf":[],"yoast_head":"<!-- This site is optimized with the Yoast SEO plugin v27.5 - https:\/\/yoast.com\/product\/yoast-seo-wordpress\/ -->\n<title>ESG-Strategie: Zwischen Regulierung und Wettbewerbsvorteil - Organisator<\/title>\n<meta name=\"description\" content=\"Neue ESG-Vorgaben sind Herausforderungen. Wer aber auf eine ESG-Strategie setzt, schafft Innovation, Resilienz und neue Marktchancen.\" \/>\n<meta name=\"robots\" content=\"index, follow, max-snippet:-1, max-image-preview:large, max-video-preview:-1\" \/>\n<link rel=\"canonical\" href=\"https:\/\/www.organisator.ch\/de\/sustainability\/2025-06-20\/esg-strategie-zwischen-regulierung-und-wettbewerbsvorteil\/\" \/>\n<meta property=\"og:locale\" content=\"de_DE\" \/>\n<meta property=\"og:type\" content=\"article\" \/>\n<meta property=\"og:title\" content=\"ESG-Strategie: Zwischen Regulierung und Wettbewerbsvorteil - Organisator\" \/>\n<meta property=\"og:description\" content=\"Neue ESG-Vorgaben sind Herausforderungen. Wer aber auf eine ESG-Strategie setzt, schafft Innovation, Resilienz und neue Marktchancen.\" \/>\n<meta property=\"og:url\" content=\"https:\/\/www.organisator.ch\/de\/sustainability\/2025-06-20\/esg-strategie-zwischen-regulierung-und-wettbewerbsvorteil\/\" \/>\n<meta property=\"og:site_name\" content=\"Organisator\" \/>\n<meta property=\"article:publisher\" content=\"https:\/\/www.facebook.com\/OrganisatorFachmagazin\" \/>\n<meta property=\"article:published_time\" content=\"2025-06-19T23:46:32+00:00\" \/>\n<meta property=\"og:image\" content=\"https:\/\/www.organisator.ch\/wp-content\/uploads\/2025\/06\/Sustainability_BDO_Bild1_organisator_161640-scaled.jpg\" \/>\n\t<meta property=\"og:image:width\" content=\"1400\" \/>\n\t<meta property=\"og:image:height\" content=\"1042\" \/>\n\t<meta property=\"og:image:type\" content=\"image\/jpeg\" \/>\n<meta name=\"author\" content=\"admin\" \/>\n<meta name=\"twitter:card\" content=\"summary_large_image\" \/>\n<script type=\"application\/ld+json\" class=\"yoast-schema-graph\">{\"@context\":\"https:\\\/\\\/schema.org\",\"@graph\":[{\"@type\":\"Article\",\"@id\":\"https:\\\/\\\/www.organisator.ch\\\/sustainability\\\/2025-06-20\\\/esg-strategie-zwischen-regulierung-und-wettbewerbsvorteil\\\/#article\",\"isPartOf\":{\"@id\":\"https:\\\/\\\/www.organisator.ch\\\/sustainability\\\/2025-06-20\\\/esg-strategie-zwischen-regulierung-und-wettbewerbsvorteil\\\/\"},\"author\":{\"name\":\"admin\",\"@id\":\"https:\\\/\\\/www.organisator.ch\\\/#\\\/schema\\\/person\\\/aa2bace6c5c5aad60102004a50c4eb1c\"},\"headline\":\"ESG-Strategie: Zwischen Regulierung und Wettbewerbsvorteil\",\"datePublished\":\"2025-06-19T23:46:32+00:00\",\"mainEntityOfPage\":{\"@id\":\"https:\\\/\\\/www.organisator.ch\\\/sustainability\\\/2025-06-20\\\/esg-strategie-zwischen-regulierung-und-wettbewerbsvorteil\\\/\"},\"wordCount\":690,\"publisher\":{\"@id\":\"https:\\\/\\\/www.organisator.ch\\\/#organization\"},\"image\":{\"@id\":\"https:\\\/\\\/www.organisator.ch\\\/sustainability\\\/2025-06-20\\\/esg-strategie-zwischen-regulierung-und-wettbewerbsvorteil\\\/#primaryimage\"},\"thumbnailUrl\":\"https:\\\/\\\/www.organisator.ch\\\/wp-content\\\/uploads\\\/2025\\\/06\\\/Sustainability_BDO_Bild1_organisator_161640-scaled.jpg\",\"keywords\":[\"ESG-Strategie\",\"Management und Unternehmensf\u00fchrung\",\"Nachhaltige Wirtschaft\"],\"articleSection\":[\"ABO+\",\"SUSTAINABILITY\"],\"inLanguage\":\"de\"},{\"@type\":\"WebPage\",\"@id\":\"https:\\\/\\\/www.organisator.ch\\\/sustainability\\\/2025-06-20\\\/esg-strategie-zwischen-regulierung-und-wettbewerbsvorteil\\\/\",\"url\":\"https:\\\/\\\/www.organisator.ch\\\/sustainability\\\/2025-06-20\\\/esg-strategie-zwischen-regulierung-und-wettbewerbsvorteil\\\/\",\"name\":\"ESG-Strategie: Zwischen Regulierung und Wettbewerbsvorteil - Organisator\",\"isPartOf\":{\"@id\":\"https:\\\/\\\/www.organisator.ch\\\/#website\"},\"primaryImageOfPage\":{\"@id\":\"https:\\\/\\\/www.organisator.ch\\\/sustainability\\\/2025-06-20\\\/esg-strategie-zwischen-regulierung-und-wettbewerbsvorteil\\\/#primaryimage\"},\"image\":{\"@id\":\"https:\\\/\\\/www.organisator.ch\\\/sustainability\\\/2025-06-20\\\/esg-strategie-zwischen-regulierung-und-wettbewerbsvorteil\\\/#primaryimage\"},\"thumbnailUrl\":\"https:\\\/\\\/www.organisator.ch\\\/wp-content\\\/uploads\\\/2025\\\/06\\\/Sustainability_BDO_Bild1_organisator_161640-scaled.jpg\",\"datePublished\":\"2025-06-19T23:46:32+00:00\",\"description\":\"Neue ESG-Vorgaben sind Herausforderungen. Wer aber auf eine ESG-Strategie setzt, schafft Innovation, Resilienz und neue Marktchancen.\",\"breadcrumb\":{\"@id\":\"https:\\\/\\\/www.organisator.ch\\\/sustainability\\\/2025-06-20\\\/esg-strategie-zwischen-regulierung-und-wettbewerbsvorteil\\\/#breadcrumb\"},\"inLanguage\":\"de\",\"potentialAction\":[{\"@type\":\"ReadAction\",\"target\":[\"https:\\\/\\\/www.organisator.ch\\\/sustainability\\\/2025-06-20\\\/esg-strategie-zwischen-regulierung-und-wettbewerbsvorteil\\\/\"]}]},{\"@type\":\"ImageObject\",\"inLanguage\":\"de\",\"@id\":\"https:\\\/\\\/www.organisator.ch\\\/sustainability\\\/2025-06-20\\\/esg-strategie-zwischen-regulierung-und-wettbewerbsvorteil\\\/#primaryimage\",\"url\":\"https:\\\/\\\/www.organisator.ch\\\/wp-content\\\/uploads\\\/2025\\\/06\\\/Sustainability_BDO_Bild1_organisator_161640-scaled.jpg\",\"contentUrl\":\"https:\\\/\\\/www.organisator.ch\\\/wp-content\\\/uploads\\\/2025\\\/06\\\/Sustainability_BDO_Bild1_organisator_161640-scaled.jpg\",\"width\":1400,\"height\":1042,\"caption\":\"Nachhaltigkeit entfaltet ihre volle Wirkung erst, wenn sie Teil der Unternehmensidentit\u00e4t ist. \u00a9 Depositphotos.com\"},{\"@type\":\"BreadcrumbList\",\"@id\":\"https:\\\/\\\/www.organisator.ch\\\/sustainability\\\/2025-06-20\\\/esg-strategie-zwischen-regulierung-und-wettbewerbsvorteil\\\/#breadcrumb\",\"itemListElement\":[{\"@type\":\"ListItem\",\"position\":1,\"name\":\"Home\",\"item\":\"https:\\\/\\\/www.organisator.ch\\\/\"},{\"@type\":\"ListItem\",\"position\":2,\"name\":\"ESG-Strategie: Zwischen Regulierung und Wettbewerbsvorteil\"}]},{\"@type\":\"WebSite\",\"@id\":\"https:\\\/\\\/www.organisator.ch\\\/#website\",\"url\":\"https:\\\/\\\/www.organisator.ch\\\/\",\"name\":\"Organisator\",\"description\":\"Kompetent. Praxisnah. Der ORGANISATOR bereitet in 10 Ausgaben pro Jahr die wesentlichen Themen f\u00fcr F\u00fchrungskr\u00e4fte von KMU auf.\",\"publisher\":{\"@id\":\"https:\\\/\\\/www.organisator.ch\\\/#organization\"},\"potentialAction\":[{\"@type\":\"SearchAction\",\"target\":{\"@type\":\"EntryPoint\",\"urlTemplate\":\"https:\\\/\\\/www.organisator.ch\\\/?s={search_term_string}\"},\"query-input\":{\"@type\":\"PropertyValueSpecification\",\"valueRequired\":true,\"valueName\":\"search_term_string\"}}],\"inLanguage\":\"de\"},{\"@type\":\"Organization\",\"@id\":\"https:\\\/\\\/www.organisator.ch\\\/#organization\",\"name\":\"Organisator\",\"url\":\"https:\\\/\\\/www.organisator.ch\\\/\",\"logo\":{\"@type\":\"ImageObject\",\"inLanguage\":\"de\",\"@id\":\"https:\\\/\\\/www.organisator.ch\\\/#\\\/schema\\\/logo\\\/image\\\/\",\"url\":\"https:\\\/\\\/www.organisator.ch\\\/wp-content\\\/uploads\\\/2022\\\/01\\\/Logo_Organisator_Website.png\",\"contentUrl\":\"https:\\\/\\\/www.organisator.ch\\\/wp-content\\\/uploads\\\/2022\\\/01\\\/Logo_Organisator_Website.png\",\"width\":800,\"height\":77,\"caption\":\"Organisator\"},\"image\":{\"@id\":\"https:\\\/\\\/www.organisator.ch\\\/#\\\/schema\\\/logo\\\/image\\\/\"},\"sameAs\":[\"https:\\\/\\\/www.facebook.com\\\/OrganisatorFachmagazin\",\"https:\\\/\\\/www.linkedin.com\\\/showcase\\\/organisator-das-magazin-fr-kmu\",\"https:\\\/\\\/www.xing.com\\\/news\\\/pages\\\/organisator-ch-695\",\"https:\\\/\\\/www.youtube.com\\\/channel\\\/UCGP2Sq0iWaZwT3BdIAQFYpw\"]},{\"@type\":\"Person\",\"@id\":\"https:\\\/\\\/www.organisator.ch\\\/#\\\/schema\\\/person\\\/aa2bace6c5c5aad60102004a50c4eb1c\",\"name\":\"admin\",\"image\":{\"@type\":\"ImageObject\",\"inLanguage\":\"de\",\"@id\":\"https:\\\/\\\/secure.gravatar.com\\\/avatar\\\/ae2f4d718e6c49043e314ce431e7e645d646302a24a5ef5a8bc8e3f5a032e319?s=96&d=mm&r=g\",\"url\":\"https:\\\/\\\/secure.gravatar.com\\\/avatar\\\/ae2f4d718e6c49043e314ce431e7e645d646302a24a5ef5a8bc8e3f5a032e319?s=96&d=mm&r=g\",\"contentUrl\":\"https:\\\/\\\/secure.gravatar.com\\\/avatar\\\/ae2f4d718e6c49043e314ce431e7e645d646302a24a5ef5a8bc8e3f5a032e319?s=96&d=mm&r=g\",\"caption\":\"admin\"},\"sameAs\":[\"https:\\\/\\\/www.organisator.ch\"],\"url\":\"https:\\\/\\\/www.organisator.ch\\\/de\\\/author\\\/admin\\\/\"}]}<\/script>\n<!-- \/ Yoast SEO plugin. -->","yoast_head_json":{"title":"ESG-Strategie: Zwischen Regulierung und Wettbewerbsvorteil - Organisator","description":"Neue ESG-Vorgaben sind Herausforderungen. Wer aber auf eine ESG-Strategie setzt, schafft Innovation, Resilienz und neue Marktchancen.","robots":{"index":"index","follow":"follow","max-snippet":"max-snippet:-1","max-image-preview":"max-image-preview:large","max-video-preview":"max-video-preview:-1"},"canonical":"https:\/\/www.organisator.ch\/de\/sustainability\/2025-06-20\/esg-strategie-zwischen-regulierung-und-wettbewerbsvorteil\/","og_locale":"de_DE","og_type":"article","og_title":"ESG-Strategie: Zwischen Regulierung und Wettbewerbsvorteil - Organisator","og_description":"Neue ESG-Vorgaben sind Herausforderungen. Wer aber auf eine ESG-Strategie setzt, schafft Innovation, Resilienz und neue Marktchancen.","og_url":"https:\/\/www.organisator.ch\/de\/sustainability\/2025-06-20\/esg-strategie-zwischen-regulierung-und-wettbewerbsvorteil\/","og_site_name":"Organisator","article_publisher":"https:\/\/www.facebook.com\/OrganisatorFachmagazin","article_published_time":"2025-06-19T23:46:32+00:00","og_image":[{"width":1400,"height":1042,"url":"https:\/\/www.organisator.ch\/wp-content\/uploads\/2025\/06\/Sustainability_BDO_Bild1_organisator_161640-scaled.jpg","type":"image\/jpeg"}],"author":"admin","twitter_card":"summary_large_image","schema":{"@context":"https:\/\/schema.org","@graph":[{"@type":"Article","@id":"https:\/\/www.organisator.ch\/sustainability\/2025-06-20\/esg-strategie-zwischen-regulierung-und-wettbewerbsvorteil\/#article","isPartOf":{"@id":"https:\/\/www.organisator.ch\/sustainability\/2025-06-20\/esg-strategie-zwischen-regulierung-und-wettbewerbsvorteil\/"},"author":{"name":"admin","@id":"https:\/\/www.organisator.ch\/#\/schema\/person\/aa2bace6c5c5aad60102004a50c4eb1c"},"headline":"ESG-Strategie: Zwischen Regulierung und Wettbewerbsvorteil","datePublished":"2025-06-19T23:46:32+00:00","mainEntityOfPage":{"@id":"https:\/\/www.organisator.ch\/sustainability\/2025-06-20\/esg-strategie-zwischen-regulierung-und-wettbewerbsvorteil\/"},"wordCount":690,"publisher":{"@id":"https:\/\/www.organisator.ch\/#organization"},"image":{"@id":"https:\/\/www.organisator.ch\/sustainability\/2025-06-20\/esg-strategie-zwischen-regulierung-und-wettbewerbsvorteil\/#primaryimage"},"thumbnailUrl":"https:\/\/www.organisator.ch\/wp-content\/uploads\/2025\/06\/Sustainability_BDO_Bild1_organisator_161640-scaled.jpg","keywords":["ESG-Strategie","Management und Unternehmensf\u00fchrung","Nachhaltige Wirtschaft"],"articleSection":["ABO+","SUSTAINABILITY"],"inLanguage":"de"},{"@type":"WebPage","@id":"https:\/\/www.organisator.ch\/sustainability\/2025-06-20\/esg-strategie-zwischen-regulierung-und-wettbewerbsvorteil\/","url":"https:\/\/www.organisator.ch\/sustainability\/2025-06-20\/esg-strategie-zwischen-regulierung-und-wettbewerbsvorteil\/","name":"ESG-Strategie: Zwischen Regulierung und Wettbewerbsvorteil - Organisator","isPartOf":{"@id":"https:\/\/www.organisator.ch\/#website"},"primaryImageOfPage":{"@id":"https:\/\/www.organisator.ch\/sustainability\/2025-06-20\/esg-strategie-zwischen-regulierung-und-wettbewerbsvorteil\/#primaryimage"},"image":{"@id":"https:\/\/www.organisator.ch\/sustainability\/2025-06-20\/esg-strategie-zwischen-regulierung-und-wettbewerbsvorteil\/#primaryimage"},"thumbnailUrl":"https:\/\/www.organisator.ch\/wp-content\/uploads\/2025\/06\/Sustainability_BDO_Bild1_organisator_161640-scaled.jpg","datePublished":"2025-06-19T23:46:32+00:00","description":"Neue ESG-Vorgaben sind Herausforderungen. Wer aber auf eine ESG-Strategie setzt, schafft Innovation, Resilienz und neue Marktchancen.","breadcrumb":{"@id":"https:\/\/www.organisator.ch\/sustainability\/2025-06-20\/esg-strategie-zwischen-regulierung-und-wettbewerbsvorteil\/#breadcrumb"},"inLanguage":"de","potentialAction":[{"@type":"ReadAction","target":["https:\/\/www.organisator.ch\/sustainability\/2025-06-20\/esg-strategie-zwischen-regulierung-und-wettbewerbsvorteil\/"]}]},{"@type":"ImageObject","inLanguage":"de","@id":"https:\/\/www.organisator.ch\/sustainability\/2025-06-20\/esg-strategie-zwischen-regulierung-und-wettbewerbsvorteil\/#primaryimage","url":"https:\/\/www.organisator.ch\/wp-content\/uploads\/2025\/06\/Sustainability_BDO_Bild1_organisator_161640-scaled.jpg","contentUrl":"https:\/\/www.organisator.ch\/wp-content\/uploads\/2025\/06\/Sustainability_BDO_Bild1_organisator_161640-scaled.jpg","width":1400,"height":1042,"caption":"Nachhaltigkeit entfaltet ihre volle Wirkung erst, wenn sie Teil der Unternehmensidentit\u00e4t ist. \u00a9 Depositphotos.com"},{"@type":"BreadcrumbList","@id":"https:\/\/www.organisator.ch\/sustainability\/2025-06-20\/esg-strategie-zwischen-regulierung-und-wettbewerbsvorteil\/#breadcrumb","itemListElement":[{"@type":"ListItem","position":1,"name":"Home","item":"https:\/\/www.organisator.ch\/"},{"@type":"ListItem","position":2,"name":"ESG-Strategie: Zwischen Regulierung und Wettbewerbsvorteil"}]},{"@type":"WebSite","@id":"https:\/\/www.organisator.ch\/#website","url":"https:\/\/www.organisator.ch\/","name":"Organisator","description":"Kompetent. Praxisnah. Der ORGANISATOR bereitet in 10 Ausgaben pro Jahr die wesentlichen Themen f\u00fcr F\u00fchrungskr\u00e4fte von KMU auf.","publisher":{"@id":"https:\/\/www.organisator.ch\/#organization"},"potentialAction":[{"@type":"SearchAction","target":{"@type":"EntryPoint","urlTemplate":"https:\/\/www.organisator.ch\/?s={search_term_string}"},"query-input":{"@type":"PropertyValueSpecification","valueRequired":true,"valueName":"search_term_string"}}],"inLanguage":"de"},{"@type":"Organization","@id":"https:\/\/www.organisator.ch\/#organization","name":"Organisator","url":"https:\/\/www.organisator.ch\/","logo":{"@type":"ImageObject","inLanguage":"de","@id":"https:\/\/www.organisator.ch\/#\/schema\/logo\/image\/","url":"https:\/\/www.organisator.ch\/wp-content\/uploads\/2022\/01\/Logo_Organisator_Website.png","contentUrl":"https:\/\/www.organisator.ch\/wp-content\/uploads\/2022\/01\/Logo_Organisator_Website.png","width":800,"height":77,"caption":"Organisator"},"image":{"@id":"https:\/\/www.organisator.ch\/#\/schema\/logo\/image\/"},"sameAs":["https:\/\/www.facebook.com\/OrganisatorFachmagazin","https:\/\/www.linkedin.com\/showcase\/organisator-das-magazin-fr-kmu","https:\/\/www.xing.com\/news\/pages\/organisator-ch-695","https:\/\/www.youtube.com\/channel\/UCGP2Sq0iWaZwT3BdIAQFYpw"]},{"@type":"Person","@id":"https:\/\/www.organisator.ch\/#\/schema\/person\/aa2bace6c5c5aad60102004a50c4eb1c","name":"admin","image":{"@type":"ImageObject","inLanguage":"de","@id":"https:\/\/secure.gravatar.com\/avatar\/ae2f4d718e6c49043e314ce431e7e645d646302a24a5ef5a8bc8e3f5a032e319?s=96&d=mm&r=g","url":"https:\/\/secure.gravatar.com\/avatar\/ae2f4d718e6c49043e314ce431e7e645d646302a24a5ef5a8bc8e3f5a032e319?s=96&d=mm&r=g","contentUrl":"https:\/\/secure.gravatar.com\/avatar\/ae2f4d718e6c49043e314ce431e7e645d646302a24a5ef5a8bc8e3f5a032e319?s=96&d=mm&r=g","caption":"admin"},"sameAs":["https:\/\/www.organisator.ch"],"url":"https:\/\/www.organisator.ch\/de\/author\/admin\/"}]}},"_links":{"self":[{"href":"https:\/\/www.organisator.ch\/de\/wp-json\/wp\/v2\/posts\/38975","targetHints":{"allow":["GET"]}}],"collection":[{"href":"https:\/\/www.organisator.ch\/de\/wp-json\/wp\/v2\/posts"}],"about":[{"href":"https:\/\/www.organisator.ch\/de\/wp-json\/wp\/v2\/types\/post"}],"author":[{"embeddable":true,"href":"https:\/\/www.organisator.ch\/de\/wp-json\/wp\/v2\/users\/1"}],"replies":[{"embeddable":true,"href":"https:\/\/www.organisator.ch\/de\/wp-json\/wp\/v2\/comments?post=38975"}],"version-history":[{"count":3,"href":"https:\/\/www.organisator.ch\/de\/wp-json\/wp\/v2\/posts\/38975\/revisions"}],"predecessor-version":[{"id":39044,"href":"https:\/\/www.organisator.ch\/de\/wp-json\/wp\/v2\/posts\/38975\/revisions\/39044"}],"wp:featuredmedia":[{"embeddable":true,"href":"https:\/\/www.organisator.ch\/de\/wp-json\/wp\/v2\/media\/38973"}],"wp:attachment":[{"href":"https:\/\/www.organisator.ch\/de\/wp-json\/wp\/v2\/media?parent=38975"}],"wp:term":[{"taxonomy":"category","embeddable":true,"href":"https:\/\/www.organisator.ch\/de\/wp-json\/wp\/v2\/categories?post=38975"},{"taxonomy":"post_tag","embeddable":true,"href":"https:\/\/www.organisator.ch\/de\/wp-json\/wp\/v2\/tags?post=38975"}],"curies":[{"name":"wp","href":"https:\/\/api.w.org\/{rel}","templated":true}]}}