{"id":39070,"date":"2025-06-18T05:11:07","date_gmt":"2025-06-18T03:11:07","guid":{"rendered":"https:\/\/www.markt-kom.com\/?p=236201"},"modified":"2025-06-17T16:43:24","modified_gmt":"2025-06-17T14:43:24","slug":"whitepaper-wie-politisch-sollen-sich-unternehmen-aeussern","status":"publish","type":"post","link":"https:\/\/www.organisator.ch\/de\/marketing\/2025-06-18\/whitepaper-wie-politisch-sollen-sich-unternehmen-aeussern\/","title":{"rendered":"Whitepaper: Wie politisch sollen sich Unternehmen \u00e4ussern?"},"content":{"rendered":"<figure id=\"attachment_236202\" class=\"wp-caption aligncenter\" style=\"width: 1200px;\" aria-describedby=\"caption-attachment-236202\"><a href=\"https:\/\/www.markt-kom.com\/wp-content\/uploads\/2025\/06\/Boesch-Huber-RX-Whitepaper2-Autor-innen.jpg\"><img class=\"size-full wp-image-236202\" src=\"https:\/\/www.markt-kom.com\/wp-content\/uploads\/2025\/06\/Boesch-Huber-RX-Whitepaper2-Autor-innen.jpg\" sizes=\"(max-width: 1200px) 100vw, 1200px\" srcset=\"https:\/\/www.markt-kom.com\/wp-content\/uploads\/2025\/06\/Boesch-Huber-RX-Whitepaper2-Autor-innen.jpg 1200w, https:\/\/www.markt-kom.com\/wp-content\/uploads\/2025\/06\/Boesch-Huber-RX-Whitepaper2-Autor-innen-600x426.jpg 600w, https:\/\/www.markt-kom.com\/wp-content\/uploads\/2025\/06\/Boesch-Huber-RX-Whitepaper2-Autor-innen-1024x727.jpg 1024w, https:\/\/www.markt-kom.com\/wp-content\/uploads\/2025\/06\/Boesch-Huber-RX-Whitepaper2-Autor-innen-768x545.jpg 768w, https:\/\/www.markt-kom.com\/wp-content\/uploads\/2025\/06\/Boesch-Huber-RX-Whitepaper2-Autor-innen-18x12.jpg 18w, https:\/\/www.markt-kom.com\/wp-content\/uploads\/2025\/06\/Boesch-Huber-RX-Whitepaper2-Autor-innen-246x175.jpg 246w, https:\/\/www.markt-kom.com\/wp-content\/uploads\/2025\/06\/Boesch-Huber-RX-Whitepaper2-Autor-innen-493x350.jpg 493w, https:\/\/www.markt-kom.com\/wp-content\/uploads\/2025\/06\/Boesch-Huber-RX-Whitepaper2-Autor-innen-1000x710.jpg 1000w\" alt=\"\" width=\"1200\" height=\"852\" \/><\/a>\r\n<figcaption id=\"caption-attachment-236202\" class=\"wp-caption-text\">Hans-Jakob Boesch und Sabrina Huber von den Reputation Experts legen das zweite Whitepaper vor. (Bilder: zVg.)<\/figcaption>\r\n<\/figure>\r\n<p>Die zunehmenden Erwartungen an Unternehmen, auch zu gesellschaftlichen oder politischen Themen Stellung zu beziehen, werfen Fragen nach Chancen und Risiken f\u00fcr die Reputation auf. Mit einem neuen Whitepaper geben Hans-Jakob Boesch von Hjb und Sabrina Huber von Sabrina Huber Consulting Entscheidungstr\u00e4ger:innen eine Orientierungshilfe an die Hand. Die beiden sind Teil des Netzwerks \u00abReputation Experts\u00bb.<\/p>\r\n<p>Im Zentrum f\u00fcr eine fundierte Entscheidung stehen drei Kriterien: Relevanz eines Themas f\u00fcr das Unternehmen, Akzeptanz bei den Anspruchsgruppen und ein klar erkennbarer Nutzen. \u00abUnd schon gar nicht sollten sich Unternehmen in dieser Frage von Dritten unter Druck setzen lassen, sondern einzig aufgrund der eigenen Interessenlage entscheiden\u00bb, wird Hans-Jakob Boesch zitiert.<\/p>\r\n<p>Der Leitfaden richtet sich an Verwaltungsr\u00e4t:innen, Gesch\u00e4ftsleitungen und Kommunikationsverantwortliche. Er thematisiert sowohl die strategische Abw\u00e4gung als auch die operative Umsetzung politischer Stellungnahmen. \u00abNichts ist gef\u00e4hrlicher als lautes Reden oder lautes Schweigen ohne Plan und Substanz\u00bb, so Sabrina Huber.<\/p>\r\n<p>Das Whitepaper umfasst Denkanst\u00f6sse, benennt Risiken und enth\u00e4lt eine Checkliste f\u00fcr die Umsetzung. Es steht auf <a href=\"https:\/\/reputationexperts.ch\/downloads\/\" rel=\"noopener\">Reputationexperts.ch zum Download bereit<\/a>.<\/p>\r\n<hr \/>\r\n<p><em>Bereits im Februar hatte Reputation Experts ein Whitepaper ver\u00f6ffentlicht. Darin pl\u00e4dierte Susanne M\u00fcller Zantop f\u00fcr die Einf\u00fchrung eines \u00abReputation Boards\u00bb in Unternehmen.<\/em><\/p>","protected":false},"excerpt":{"rendered":"<p>Das zweite Whitepaper der Reputation Experts befasst sich mit der Frage, ob und unter welchen Bedingungen sich Unternehmen zu politischen Themen \u00e4ussern sollten. Es liefert konkrete Orientierungspunkte f\u00fcr eine strategisch fundierte Entscheidungsfindung in Verwaltungsrat und Gesch\u00e4ftsleitung.<\/p>\n","protected":false},"author":8,"featured_media":0,"comment_status":"closed","ping_status":"closed","sticky":false,"template":"","format":"standard","meta":{"_acf_changed":false,"_yoast_wpseo_focuskw":"Whitepaper","_yoast_wpseo_metadesc":"Ein Whitepaper befasst sich mit der Frage, ob und unter welchen Bedingungen sich Unternehmen zu politischen Themen \u00e4ussern sollten.","articlekey":"","footnotes":""},"categories":[29],"tags":[4343,5103],"class_list":["post-39070","post","type-post","status-publish","format-standard","hentry","category-marketing","tag-markom","tag-reputation-experts"],"acf":[],"yoast_head":"<!-- This site is optimized with the Yoast SEO plugin v27.5 - https:\/\/yoast.com\/product\/yoast-seo-wordpress\/ -->\n<title>Whitepaper: Wie politisch sollen sich Unternehmen \u00e4ussern? - Organisator<\/title>\n<meta name=\"description\" content=\"Ein Whitepaper befasst sich mit der Frage, ob und unter welchen Bedingungen sich Unternehmen zu politischen Themen \u00e4ussern sollten.\" \/>\n<meta name=\"robots\" content=\"index, follow, max-snippet:-1, max-image-preview:large, max-video-preview:-1\" \/>\n<link rel=\"canonical\" href=\"https:\/\/www.organisator.ch\/de\/marketing\/2025-06-18\/whitepaper-wie-politisch-sollen-sich-unternehmen-aeussern\/\" \/>\n<meta property=\"og:locale\" content=\"de_DE\" \/>\n<meta property=\"og:type\" content=\"article\" \/>\n<meta property=\"og:title\" content=\"Whitepaper: Wie politisch sollen sich Unternehmen \u00e4ussern? - Organisator\" \/>\n<meta property=\"og:description\" content=\"Ein Whitepaper befasst sich mit der Frage, ob und unter welchen Bedingungen sich Unternehmen zu politischen Themen \u00e4ussern sollten.\" \/>\n<meta property=\"og:url\" content=\"https:\/\/www.organisator.ch\/de\/marketing\/2025-06-18\/whitepaper-wie-politisch-sollen-sich-unternehmen-aeussern\/\" \/>\n<meta property=\"og:site_name\" content=\"Organisator\" \/>\n<meta property=\"article:publisher\" content=\"https:\/\/www.facebook.com\/OrganisatorFachmagazin\" \/>\n<meta property=\"article:published_time\" content=\"2025-06-18T03:11:07+00:00\" \/>\n<meta name=\"author\" content=\"galledia\" \/>\n<meta name=\"twitter:card\" content=\"summary_large_image\" \/>\n<meta name=\"twitter:creator\" content=\"@admin\" \/>\n<script type=\"application\/ld+json\" class=\"yoast-schema-graph\">{\"@context\":\"https:\\\/\\\/schema.org\",\"@graph\":[{\"@type\":\"Article\",\"@id\":\"https:\\\/\\\/www.organisator.ch\\\/marketing\\\/2025-06-18\\\/whitepaper-wie-politisch-sollen-sich-unternehmen-aeussern\\\/#article\",\"isPartOf\":{\"@id\":\"https:\\\/\\\/www.organisator.ch\\\/marketing\\\/2025-06-18\\\/whitepaper-wie-politisch-sollen-sich-unternehmen-aeussern\\\/\"},\"author\":{\"name\":\"galledia\",\"@id\":\"https:\\\/\\\/www.organisator.ch\\\/#\\\/schema\\\/person\\\/4e51799071cd2dd1232ac003643ef5f0\"},\"headline\":\"Whitepaper: Wie politisch sollen sich Unternehmen \u00e4ussern?\",\"datePublished\":\"2025-06-18T03:11:07+00:00\",\"mainEntityOfPage\":{\"@id\":\"https:\\\/\\\/www.organisator.ch\\\/marketing\\\/2025-06-18\\\/whitepaper-wie-politisch-sollen-sich-unternehmen-aeussern\\\/\"},\"wordCount\":227,\"publisher\":{\"@id\":\"https:\\\/\\\/www.organisator.ch\\\/#organization\"},\"image\":{\"@id\":\"https:\\\/\\\/www.organisator.ch\\\/marketing\\\/2025-06-18\\\/whitepaper-wie-politisch-sollen-sich-unternehmen-aeussern\\\/#primaryimage\"},\"thumbnailUrl\":\"https:\\\/\\\/www.markt-kom.com\\\/wp-content\\\/uploads\\\/2025\\\/06\\\/Boesch-Huber-RX-Whitepaper2-Autor-innen.jpg\",\"keywords\":[\"MarKom\",\"Reputation Experts\"],\"articleSection\":[\"MARKETING\"],\"inLanguage\":\"de\"},{\"@type\":\"WebPage\",\"@id\":\"https:\\\/\\\/www.organisator.ch\\\/marketing\\\/2025-06-18\\\/whitepaper-wie-politisch-sollen-sich-unternehmen-aeussern\\\/\",\"url\":\"https:\\\/\\\/www.organisator.ch\\\/marketing\\\/2025-06-18\\\/whitepaper-wie-politisch-sollen-sich-unternehmen-aeussern\\\/\",\"name\":\"Whitepaper: Wie politisch sollen sich Unternehmen \u00e4ussern? - Organisator\",\"isPartOf\":{\"@id\":\"https:\\\/\\\/www.organisator.ch\\\/#website\"},\"primaryImageOfPage\":{\"@id\":\"https:\\\/\\\/www.organisator.ch\\\/marketing\\\/2025-06-18\\\/whitepaper-wie-politisch-sollen-sich-unternehmen-aeussern\\\/#primaryimage\"},\"image\":{\"@id\":\"https:\\\/\\\/www.organisator.ch\\\/marketing\\\/2025-06-18\\\/whitepaper-wie-politisch-sollen-sich-unternehmen-aeussern\\\/#primaryimage\"},\"thumbnailUrl\":\"https:\\\/\\\/www.markt-kom.com\\\/wp-content\\\/uploads\\\/2025\\\/06\\\/Boesch-Huber-RX-Whitepaper2-Autor-innen.jpg\",\"datePublished\":\"2025-06-18T03:11:07+00:00\",\"description\":\"Ein Whitepaper befasst sich mit der Frage, ob und unter welchen Bedingungen sich Unternehmen zu politischen Themen \u00e4ussern sollten.\",\"breadcrumb\":{\"@id\":\"https:\\\/\\\/www.organisator.ch\\\/marketing\\\/2025-06-18\\\/whitepaper-wie-politisch-sollen-sich-unternehmen-aeussern\\\/#breadcrumb\"},\"inLanguage\":\"de\",\"potentialAction\":[{\"@type\":\"ReadAction\",\"target\":[\"https:\\\/\\\/www.organisator.ch\\\/marketing\\\/2025-06-18\\\/whitepaper-wie-politisch-sollen-sich-unternehmen-aeussern\\\/\"]}]},{\"@type\":\"ImageObject\",\"inLanguage\":\"de\",\"@id\":\"https:\\\/\\\/www.organisator.ch\\\/marketing\\\/2025-06-18\\\/whitepaper-wie-politisch-sollen-sich-unternehmen-aeussern\\\/#primaryimage\",\"url\":\"https:\\\/\\\/www.markt-kom.com\\\/wp-content\\\/uploads\\\/2025\\\/06\\\/Boesch-Huber-RX-Whitepaper2-Autor-innen.jpg\",\"contentUrl\":\"https:\\\/\\\/www.markt-kom.com\\\/wp-content\\\/uploads\\\/2025\\\/06\\\/Boesch-Huber-RX-Whitepaper2-Autor-innen.jpg\"},{\"@type\":\"BreadcrumbList\",\"@id\":\"https:\\\/\\\/www.organisator.ch\\\/marketing\\\/2025-06-18\\\/whitepaper-wie-politisch-sollen-sich-unternehmen-aeussern\\\/#breadcrumb\",\"itemListElement\":[{\"@type\":\"ListItem\",\"position\":1,\"name\":\"Home\",\"item\":\"https:\\\/\\\/www.organisator.ch\\\/\"},{\"@type\":\"ListItem\",\"position\":2,\"name\":\"Whitepaper: Wie politisch sollen sich Unternehmen \u00e4ussern?\"}]},{\"@type\":\"WebSite\",\"@id\":\"https:\\\/\\\/www.organisator.ch\\\/#website\",\"url\":\"https:\\\/\\\/www.organisator.ch\\\/\",\"name\":\"Organisator\",\"description\":\"Kompetent. Praxisnah. Der ORGANISATOR bereitet in 10 Ausgaben pro Jahr die wesentlichen Themen f\u00fcr F\u00fchrungskr\u00e4fte von KMU auf.\",\"publisher\":{\"@id\":\"https:\\\/\\\/www.organisator.ch\\\/#organization\"},\"potentialAction\":[{\"@type\":\"SearchAction\",\"target\":{\"@type\":\"EntryPoint\",\"urlTemplate\":\"https:\\\/\\\/www.organisator.ch\\\/?s={search_term_string}\"},\"query-input\":{\"@type\":\"PropertyValueSpecification\",\"valueRequired\":true,\"valueName\":\"search_term_string\"}}],\"inLanguage\":\"de\"},{\"@type\":\"Organization\",\"@id\":\"https:\\\/\\\/www.organisator.ch\\\/#organization\",\"name\":\"Organisator\",\"url\":\"https:\\\/\\\/www.organisator.ch\\\/\",\"logo\":{\"@type\":\"ImageObject\",\"inLanguage\":\"de\",\"@id\":\"https:\\\/\\\/www.organisator.ch\\\/#\\\/schema\\\/logo\\\/image\\\/\",\"url\":\"https:\\\/\\\/www.organisator.ch\\\/wp-content\\\/uploads\\\/2022\\\/01\\\/Logo_Organisator_Website.png\",\"contentUrl\":\"https:\\\/\\\/www.organisator.ch\\\/wp-content\\\/uploads\\\/2022\\\/01\\\/Logo_Organisator_Website.png\",\"width\":800,\"height\":77,\"caption\":\"Organisator\"},\"image\":{\"@id\":\"https:\\\/\\\/www.organisator.ch\\\/#\\\/schema\\\/logo\\\/image\\\/\"},\"sameAs\":[\"https:\\\/\\\/www.facebook.com\\\/OrganisatorFachmagazin\",\"https:\\\/\\\/www.linkedin.com\\\/showcase\\\/organisator-das-magazin-fr-kmu\",\"https:\\\/\\\/www.xing.com\\\/news\\\/pages\\\/organisator-ch-695\",\"https:\\\/\\\/www.youtube.com\\\/channel\\\/UCGP2Sq0iWaZwT3BdIAQFYpw\"]},{\"@type\":\"Person\",\"@id\":\"https:\\\/\\\/www.organisator.ch\\\/#\\\/schema\\\/person\\\/4e51799071cd2dd1232ac003643ef5f0\",\"name\":\"galledia\",\"image\":{\"@type\":\"ImageObject\",\"inLanguage\":\"de\",\"@id\":\"https:\\\/\\\/secure.gravatar.com\\\/avatar\\\/78a7f90c01fc2bfc875782a0d4922b37cde2cf184ce347b91316d23cd7f69a36?s=96&d=mm&r=g\",\"url\":\"https:\\\/\\\/secure.gravatar.com\\\/avatar\\\/78a7f90c01fc2bfc875782a0d4922b37cde2cf184ce347b91316d23cd7f69a36?s=96&d=mm&r=g\",\"contentUrl\":\"https:\\\/\\\/secure.gravatar.com\\\/avatar\\\/78a7f90c01fc2bfc875782a0d4922b37cde2cf184ce347b91316d23cd7f69a36?s=96&d=mm&r=g\",\"caption\":\"galledia\"},\"sameAs\":[\"https:\\\/\\\/x.com\\\/admin\"],\"url\":\"https:\\\/\\\/www.organisator.ch\\\/de\\\/author\\\/galledia\\\/\"}]}<\/script>\n<!-- \/ Yoast SEO plugin. -->","yoast_head_json":{"title":"Whitepaper: Wie politisch sollen sich Unternehmen \u00e4ussern? - Organisator","description":"Ein Whitepaper befasst sich mit der Frage, ob und unter welchen Bedingungen sich Unternehmen zu politischen Themen \u00e4ussern sollten.","robots":{"index":"index","follow":"follow","max-snippet":"max-snippet:-1","max-image-preview":"max-image-preview:large","max-video-preview":"max-video-preview:-1"},"canonical":"https:\/\/www.organisator.ch\/de\/marketing\/2025-06-18\/whitepaper-wie-politisch-sollen-sich-unternehmen-aeussern\/","og_locale":"de_DE","og_type":"article","og_title":"Whitepaper: Wie politisch sollen sich Unternehmen \u00e4ussern? - Organisator","og_description":"Ein Whitepaper befasst sich mit der Frage, ob und unter welchen Bedingungen sich Unternehmen zu politischen Themen \u00e4ussern sollten.","og_url":"https:\/\/www.organisator.ch\/de\/marketing\/2025-06-18\/whitepaper-wie-politisch-sollen-sich-unternehmen-aeussern\/","og_site_name":"Organisator","article_publisher":"https:\/\/www.facebook.com\/OrganisatorFachmagazin","article_published_time":"2025-06-18T03:11:07+00:00","author":"galledia","twitter_card":"summary_large_image","twitter_creator":"@admin","schema":{"@context":"https:\/\/schema.org","@graph":[{"@type":"Article","@id":"https:\/\/www.organisator.ch\/marketing\/2025-06-18\/whitepaper-wie-politisch-sollen-sich-unternehmen-aeussern\/#article","isPartOf":{"@id":"https:\/\/www.organisator.ch\/marketing\/2025-06-18\/whitepaper-wie-politisch-sollen-sich-unternehmen-aeussern\/"},"author":{"name":"galledia","@id":"https:\/\/www.organisator.ch\/#\/schema\/person\/4e51799071cd2dd1232ac003643ef5f0"},"headline":"Whitepaper: Wie politisch sollen sich Unternehmen \u00e4ussern?","datePublished":"2025-06-18T03:11:07+00:00","mainEntityOfPage":{"@id":"https:\/\/www.organisator.ch\/marketing\/2025-06-18\/whitepaper-wie-politisch-sollen-sich-unternehmen-aeussern\/"},"wordCount":227,"publisher":{"@id":"https:\/\/www.organisator.ch\/#organization"},"image":{"@id":"https:\/\/www.organisator.ch\/marketing\/2025-06-18\/whitepaper-wie-politisch-sollen-sich-unternehmen-aeussern\/#primaryimage"},"thumbnailUrl":"https:\/\/www.markt-kom.com\/wp-content\/uploads\/2025\/06\/Boesch-Huber-RX-Whitepaper2-Autor-innen.jpg","keywords":["MarKom","Reputation Experts"],"articleSection":["MARKETING"],"inLanguage":"de"},{"@type":"WebPage","@id":"https:\/\/www.organisator.ch\/marketing\/2025-06-18\/whitepaper-wie-politisch-sollen-sich-unternehmen-aeussern\/","url":"https:\/\/www.organisator.ch\/marketing\/2025-06-18\/whitepaper-wie-politisch-sollen-sich-unternehmen-aeussern\/","name":"Whitepaper: Wie politisch sollen sich Unternehmen \u00e4ussern? - Organisator","isPartOf":{"@id":"https:\/\/www.organisator.ch\/#website"},"primaryImageOfPage":{"@id":"https:\/\/www.organisator.ch\/marketing\/2025-06-18\/whitepaper-wie-politisch-sollen-sich-unternehmen-aeussern\/#primaryimage"},"image":{"@id":"https:\/\/www.organisator.ch\/marketing\/2025-06-18\/whitepaper-wie-politisch-sollen-sich-unternehmen-aeussern\/#primaryimage"},"thumbnailUrl":"https:\/\/www.markt-kom.com\/wp-content\/uploads\/2025\/06\/Boesch-Huber-RX-Whitepaper2-Autor-innen.jpg","datePublished":"2025-06-18T03:11:07+00:00","description":"Ein Whitepaper befasst sich mit der Frage, ob und unter welchen Bedingungen sich Unternehmen zu politischen Themen \u00e4ussern sollten.","breadcrumb":{"@id":"https:\/\/www.organisator.ch\/marketing\/2025-06-18\/whitepaper-wie-politisch-sollen-sich-unternehmen-aeussern\/#breadcrumb"},"inLanguage":"de","potentialAction":[{"@type":"ReadAction","target":["https:\/\/www.organisator.ch\/marketing\/2025-06-18\/whitepaper-wie-politisch-sollen-sich-unternehmen-aeussern\/"]}]},{"@type":"ImageObject","inLanguage":"de","@id":"https:\/\/www.organisator.ch\/marketing\/2025-06-18\/whitepaper-wie-politisch-sollen-sich-unternehmen-aeussern\/#primaryimage","url":"https:\/\/www.markt-kom.com\/wp-content\/uploads\/2025\/06\/Boesch-Huber-RX-Whitepaper2-Autor-innen.jpg","contentUrl":"https:\/\/www.markt-kom.com\/wp-content\/uploads\/2025\/06\/Boesch-Huber-RX-Whitepaper2-Autor-innen.jpg"},{"@type":"BreadcrumbList","@id":"https:\/\/www.organisator.ch\/marketing\/2025-06-18\/whitepaper-wie-politisch-sollen-sich-unternehmen-aeussern\/#breadcrumb","itemListElement":[{"@type":"ListItem","position":1,"name":"Home","item":"https:\/\/www.organisator.ch\/"},{"@type":"ListItem","position":2,"name":"Whitepaper: Wie politisch sollen sich Unternehmen \u00e4ussern?"}]},{"@type":"WebSite","@id":"https:\/\/www.organisator.ch\/#website","url":"https:\/\/www.organisator.ch\/","name":"Organisator","description":"Kompetent. Praxisnah. Der ORGANISATOR bereitet in 10 Ausgaben pro Jahr die wesentlichen Themen f\u00fcr F\u00fchrungskr\u00e4fte von KMU auf.","publisher":{"@id":"https:\/\/www.organisator.ch\/#organization"},"potentialAction":[{"@type":"SearchAction","target":{"@type":"EntryPoint","urlTemplate":"https:\/\/www.organisator.ch\/?s={search_term_string}"},"query-input":{"@type":"PropertyValueSpecification","valueRequired":true,"valueName":"search_term_string"}}],"inLanguage":"de"},{"@type":"Organization","@id":"https:\/\/www.organisator.ch\/#organization","name":"Organisator","url":"https:\/\/www.organisator.ch\/","logo":{"@type":"ImageObject","inLanguage":"de","@id":"https:\/\/www.organisator.ch\/#\/schema\/logo\/image\/","url":"https:\/\/www.organisator.ch\/wp-content\/uploads\/2022\/01\/Logo_Organisator_Website.png","contentUrl":"https:\/\/www.organisator.ch\/wp-content\/uploads\/2022\/01\/Logo_Organisator_Website.png","width":800,"height":77,"caption":"Organisator"},"image":{"@id":"https:\/\/www.organisator.ch\/#\/schema\/logo\/image\/"},"sameAs":["https:\/\/www.facebook.com\/OrganisatorFachmagazin","https:\/\/www.linkedin.com\/showcase\/organisator-das-magazin-fr-kmu","https:\/\/www.xing.com\/news\/pages\/organisator-ch-695","https:\/\/www.youtube.com\/channel\/UCGP2Sq0iWaZwT3BdIAQFYpw"]},{"@type":"Person","@id":"https:\/\/www.organisator.ch\/#\/schema\/person\/4e51799071cd2dd1232ac003643ef5f0","name":"galledia","image":{"@type":"ImageObject","inLanguage":"de","@id":"https:\/\/secure.gravatar.com\/avatar\/78a7f90c01fc2bfc875782a0d4922b37cde2cf184ce347b91316d23cd7f69a36?s=96&d=mm&r=g","url":"https:\/\/secure.gravatar.com\/avatar\/78a7f90c01fc2bfc875782a0d4922b37cde2cf184ce347b91316d23cd7f69a36?s=96&d=mm&r=g","contentUrl":"https:\/\/secure.gravatar.com\/avatar\/78a7f90c01fc2bfc875782a0d4922b37cde2cf184ce347b91316d23cd7f69a36?s=96&d=mm&r=g","caption":"galledia"},"sameAs":["https:\/\/x.com\/admin"],"url":"https:\/\/www.organisator.ch\/de\/author\/galledia\/"}]}},"_links":{"self":[{"href":"https:\/\/www.organisator.ch\/de\/wp-json\/wp\/v2\/posts\/39070","targetHints":{"allow":["GET"]}}],"collection":[{"href":"https:\/\/www.organisator.ch\/de\/wp-json\/wp\/v2\/posts"}],"about":[{"href":"https:\/\/www.organisator.ch\/de\/wp-json\/wp\/v2\/types\/post"}],"author":[{"embeddable":true,"href":"https:\/\/www.organisator.ch\/de\/wp-json\/wp\/v2\/users\/8"}],"replies":[{"embeddable":true,"href":"https:\/\/www.organisator.ch\/de\/wp-json\/wp\/v2\/comments?post=39070"}],"version-history":[{"count":3,"href":"https:\/\/www.organisator.ch\/de\/wp-json\/wp\/v2\/posts\/39070\/revisions"}],"predecessor-version":[{"id":39088,"href":"https:\/\/www.organisator.ch\/de\/wp-json\/wp\/v2\/posts\/39070\/revisions\/39088"}],"wp:attachment":[{"href":"https:\/\/www.organisator.ch\/de\/wp-json\/wp\/v2\/media?parent=39070"}],"wp:term":[{"taxonomy":"category","embeddable":true,"href":"https:\/\/www.organisator.ch\/de\/wp-json\/wp\/v2\/categories?post=39070"},{"taxonomy":"post_tag","embeddable":true,"href":"https:\/\/www.organisator.ch\/de\/wp-json\/wp\/v2\/tags?post=39070"}],"curies":[{"name":"wp","href":"https:\/\/api.w.org\/{rel}","templated":true}]}}