{"id":39104,"date":"2025-06-18T09:12:46","date_gmt":"2025-06-18T07:12:46","guid":{"rendered":"https:\/\/www.markt-kom.com\/?p=236249"},"modified":"2025-06-18T16:32:24","modified_gmt":"2025-06-18T14:32:24","slug":"kommunikation-will-strategisch-mitreden-bleibt-aber-oft-aussen-vor","status":"publish","type":"post","link":"https:\/\/www.organisator.ch\/de\/management\/2025-06-18\/kommunikation-will-strategisch-mitreden-bleibt-aber-oft-aussen-vor\/","title":{"rendered":"Kommunikation will strategisch mitreden \u2013 bleibt aber oft aussen vor"},"content":{"rendered":"<figure id=\"attachment_236251\" class=\"wp-caption aligncenter\" style=\"width: 1193px;\" aria-describedby=\"caption-attachment-236251\"><a href=\"https:\/\/www.markt-kom.com\/wp-content\/uploads\/2025\/06\/newsaktuell-Infografik-Kein-Platz-am-Vorstandstisch-CH-DE-1.jpg\"><img class=\"size-full wp-image-236251\" src=\"https:\/\/www.markt-kom.com\/wp-content\/uploads\/2025\/06\/newsaktuell-Infografik-Kein-Platz-am-Vorstandstisch-CH-DE-1.jpg\" sizes=\"(max-width: 1193px) 100vw, 1193px\" srcset=\"https:\/\/www.markt-kom.com\/wp-content\/uploads\/2025\/06\/newsaktuell-Infografik-Kein-Platz-am-Vorstandstisch-CH-DE-1.jpg 1193w, https:\/\/www.markt-kom.com\/wp-content\/uploads\/2025\/06\/newsaktuell-Infografik-Kein-Platz-am-Vorstandstisch-CH-DE-1-600x453.jpg 600w, https:\/\/www.markt-kom.com\/wp-content\/uploads\/2025\/06\/newsaktuell-Infografik-Kein-Platz-am-Vorstandstisch-CH-DE-1-1024x773.jpg 1024w, https:\/\/www.markt-kom.com\/wp-content\/uploads\/2025\/06\/newsaktuell-Infografik-Kein-Platz-am-Vorstandstisch-CH-DE-1-768x579.jpg 768w, https:\/\/www.markt-kom.com\/wp-content\/uploads\/2025\/06\/newsaktuell-Infografik-Kein-Platz-am-Vorstandstisch-CH-DE-1-16x12.jpg 16w, https:\/\/www.markt-kom.com\/wp-content\/uploads\/2025\/06\/newsaktuell-Infografik-Kein-Platz-am-Vorstandstisch-CH-DE-1-232x175.jpg 232w, https:\/\/www.markt-kom.com\/wp-content\/uploads\/2025\/06\/newsaktuell-Infografik-Kein-Platz-am-Vorstandstisch-CH-DE-1-464x350.jpg 464w, https:\/\/www.markt-kom.com\/wp-content\/uploads\/2025\/06\/newsaktuell-Infografik-Kein-Platz-am-Vorstandstisch-CH-DE-1-1000x754.jpg 1000w\" alt=\"\" width=\"1193\" height=\"900\" \/><\/a>\r\n<figcaption id=\"caption-attachment-236251\" class=\"wp-caption-text\">(Grafik: PR-Trendmonitor\/News Aktuell\/PER)<\/figcaption>\r\n<\/figure>\r\n<p>Die strategische Rolle der Unternehmenskommunikation bleibt in vielen Organisationen hinter den Erwartungen zur\u00fcck. Das geht aus dem PR-Trendmonitor 2025 hervor, den die Dpa-Tochter News Aktuell gemeinsam mit der Kommunikationsagentur PER durchgef\u00fchrt hat. Grundlage der Analyse ist eine Online-Befragung von 192 Kommunikationsfachleuten aus Unternehmen und Organisationen in der Schweiz und Deutschland.<\/p>\r\n<p>94 Prozent der Befragten halten es f\u00fcr wichtig, dass die Unternehmenskommunikation bei strategischen Entscheidungen im Unternehmen mit am Tisch sitzt. Konkret stufen 62 Prozent die Beteiligung als \u00absehr wichtig\u00bb und 32 Prozent als \u00abeher wichtig\u00bb ein. Die Realit\u00e4t sieht jedoch anders aus: Nur 13 Prozent der Teilnehmenden gaben an, mit ihrer Abteilung fester Bestandteil des strategischen Entscheidungsteams zu sein. Weitere 16 Prozent werden zumindest punktuell einbezogen.<\/p>\r\n<p>Der gr\u00f6sste Anteil, n\u00e4mlich ein Drittel, beschreibt die eigene Rolle als beratend, w\u00e4hrend 30 Prozent lediglich als operatives Sprachrohr bereits getroffener Entscheidungen fungieren. Sechs Prozent sehen sich in keiner der genannten Kategorien wieder.<\/p>\r\n<p>Die Ergebnisse verdeutlichen eine anhaltende Diskrepanz zwischen Anspruch und Wirklichkeit: Zwar wird die strategische Relevanz von Kommunikation anerkannt, ihre systematische Einbindung in Entscheidungsprozesse bleibt aber h\u00e4ufig aus. Der PR-Trendmonitor liefert damit einen Einblick in eine zentrale Herausforderung der Branche \u2013 und unterstreicht zugleich das Potenzial f\u00fcr eine st\u00e4rkere Positionierung von Kommunikation auf oberster F\u00fchrungsebene.<\/p>","protected":false},"excerpt":{"rendered":"<p>Kommunikationsverantwortliche sehen ihre Rolle bei strategischen Entscheidungen als zentral \u2013 doch in der Praxis fehlt oft die entsprechende Einbindung. Das zeigt der aktuelle PR-Trendmonitor 2025 von News Aktuell und PER.<\/p>\n","protected":false},"author":8,"featured_media":0,"comment_status":"closed","ping_status":"closed","sticky":false,"template":"","format":"standard","meta":{"_acf_changed":false,"_yoast_wpseo_focuskw":"strategisch mitreden","_yoast_wpseo_metadesc":"Kommunikationsverantwortliche wollen strategisch mitreden bei Entscheidungen \u2013 doch in der Praxis fehlt oft die entsprechende Einbindung.","articlekey":"","footnotes":""},"categories":[28],"tags":[4343,4497,4671,458,459],"class_list":["post-39104","post","type-post","status-publish","format-standard","hentry","category-management","tag-markom","tag-news-aktuell","tag-pr-trendmonitor","tag-strategie","tag-studie"],"acf":[],"yoast_head":"<!-- This site is optimized with the Yoast SEO plugin v27.5 - https:\/\/yoast.com\/product\/yoast-seo-wordpress\/ -->\n<title>Kommunikation will strategisch mitreden \u2013 bleibt aber oft aussen vor - Organisator<\/title>\n<meta name=\"description\" content=\"Kommunikationsverantwortliche wollen strategisch mitreden bei Entscheidungen \u2013 doch in der Praxis fehlt oft die entsprechende Einbindung.\" \/>\n<meta name=\"robots\" content=\"index, follow, max-snippet:-1, max-image-preview:large, max-video-preview:-1\" \/>\n<link rel=\"canonical\" href=\"https:\/\/www.organisator.ch\/de\/management\/2025-06-18\/kommunikation-will-strategisch-mitreden-bleibt-aber-oft-aussen-vor\/\" \/>\n<meta property=\"og:locale\" content=\"de_DE\" \/>\n<meta property=\"og:type\" content=\"article\" \/>\n<meta property=\"og:title\" content=\"Kommunikation will strategisch mitreden \u2013 bleibt aber oft aussen vor - Organisator\" \/>\n<meta property=\"og:description\" content=\"Kommunikationsverantwortliche wollen strategisch mitreden bei Entscheidungen \u2013 doch in der Praxis fehlt oft die entsprechende Einbindung.\" \/>\n<meta property=\"og:url\" content=\"https:\/\/www.organisator.ch\/de\/management\/2025-06-18\/kommunikation-will-strategisch-mitreden-bleibt-aber-oft-aussen-vor\/\" \/>\n<meta property=\"og:site_name\" content=\"Organisator\" \/>\n<meta property=\"article:publisher\" content=\"https:\/\/www.facebook.com\/OrganisatorFachmagazin\" \/>\n<meta property=\"article:published_time\" content=\"2025-06-18T07:12:46+00:00\" \/>\n<meta property=\"article:modified_time\" content=\"2025-06-18T14:32:24+00:00\" \/>\n<meta name=\"author\" content=\"galledia\" \/>\n<meta name=\"twitter:card\" content=\"summary_large_image\" \/>\n<meta name=\"twitter:creator\" content=\"@admin\" \/>\n<script type=\"application\/ld+json\" class=\"yoast-schema-graph\">{\"@context\":\"https:\\\/\\\/schema.org\",\"@graph\":[{\"@type\":\"Article\",\"@id\":\"https:\\\/\\\/www.organisator.ch\\\/management\\\/2025-06-18\\\/kommunikation-will-strategisch-mitreden-bleibt-aber-oft-aussen-vor\\\/#article\",\"isPartOf\":{\"@id\":\"https:\\\/\\\/www.organisator.ch\\\/management\\\/2025-06-18\\\/kommunikation-will-strategisch-mitreden-bleibt-aber-oft-aussen-vor\\\/\"},\"author\":{\"name\":\"galledia\",\"@id\":\"https:\\\/\\\/www.organisator.ch\\\/#\\\/schema\\\/person\\\/4e51799071cd2dd1232ac003643ef5f0\"},\"headline\":\"Kommunikation will strategisch mitreden \u2013 bleibt aber oft aussen vor\",\"datePublished\":\"2025-06-18T07:12:46+00:00\",\"dateModified\":\"2025-06-18T14:32:24+00:00\",\"mainEntityOfPage\":{\"@id\":\"https:\\\/\\\/www.organisator.ch\\\/management\\\/2025-06-18\\\/kommunikation-will-strategisch-mitreden-bleibt-aber-oft-aussen-vor\\\/\"},\"wordCount\":219,\"publisher\":{\"@id\":\"https:\\\/\\\/www.organisator.ch\\\/#organization\"},\"image\":{\"@id\":\"https:\\\/\\\/www.organisator.ch\\\/management\\\/2025-06-18\\\/kommunikation-will-strategisch-mitreden-bleibt-aber-oft-aussen-vor\\\/#primaryimage\"},\"thumbnailUrl\":\"https:\\\/\\\/www.markt-kom.com\\\/wp-content\\\/uploads\\\/2025\\\/06\\\/newsaktuell-Infografik-Kein-Platz-am-Vorstandstisch-CH-DE-1.jpg\",\"keywords\":[\"MarKom\",\"News Aktuell\",\"PR-Trendmonitor\",\"Strategie\",\"Studie\"],\"articleSection\":[\"MANAGEMENT\"],\"inLanguage\":\"de\"},{\"@type\":\"WebPage\",\"@id\":\"https:\\\/\\\/www.organisator.ch\\\/management\\\/2025-06-18\\\/kommunikation-will-strategisch-mitreden-bleibt-aber-oft-aussen-vor\\\/\",\"url\":\"https:\\\/\\\/www.organisator.ch\\\/management\\\/2025-06-18\\\/kommunikation-will-strategisch-mitreden-bleibt-aber-oft-aussen-vor\\\/\",\"name\":\"Kommunikation will strategisch mitreden \u2013 bleibt aber oft aussen vor - Organisator\",\"isPartOf\":{\"@id\":\"https:\\\/\\\/www.organisator.ch\\\/#website\"},\"primaryImageOfPage\":{\"@id\":\"https:\\\/\\\/www.organisator.ch\\\/management\\\/2025-06-18\\\/kommunikation-will-strategisch-mitreden-bleibt-aber-oft-aussen-vor\\\/#primaryimage\"},\"image\":{\"@id\":\"https:\\\/\\\/www.organisator.ch\\\/management\\\/2025-06-18\\\/kommunikation-will-strategisch-mitreden-bleibt-aber-oft-aussen-vor\\\/#primaryimage\"},\"thumbnailUrl\":\"https:\\\/\\\/www.markt-kom.com\\\/wp-content\\\/uploads\\\/2025\\\/06\\\/newsaktuell-Infografik-Kein-Platz-am-Vorstandstisch-CH-DE-1.jpg\",\"datePublished\":\"2025-06-18T07:12:46+00:00\",\"dateModified\":\"2025-06-18T14:32:24+00:00\",\"description\":\"Kommunikationsverantwortliche wollen strategisch mitreden bei Entscheidungen \u2013 doch in der Praxis fehlt oft die entsprechende Einbindung.\",\"breadcrumb\":{\"@id\":\"https:\\\/\\\/www.organisator.ch\\\/management\\\/2025-06-18\\\/kommunikation-will-strategisch-mitreden-bleibt-aber-oft-aussen-vor\\\/#breadcrumb\"},\"inLanguage\":\"de\",\"potentialAction\":[{\"@type\":\"ReadAction\",\"target\":[\"https:\\\/\\\/www.organisator.ch\\\/management\\\/2025-06-18\\\/kommunikation-will-strategisch-mitreden-bleibt-aber-oft-aussen-vor\\\/\"]}]},{\"@type\":\"ImageObject\",\"inLanguage\":\"de\",\"@id\":\"https:\\\/\\\/www.organisator.ch\\\/management\\\/2025-06-18\\\/kommunikation-will-strategisch-mitreden-bleibt-aber-oft-aussen-vor\\\/#primaryimage\",\"url\":\"https:\\\/\\\/www.markt-kom.com\\\/wp-content\\\/uploads\\\/2025\\\/06\\\/newsaktuell-Infografik-Kein-Platz-am-Vorstandstisch-CH-DE-1.jpg\",\"contentUrl\":\"https:\\\/\\\/www.markt-kom.com\\\/wp-content\\\/uploads\\\/2025\\\/06\\\/newsaktuell-Infografik-Kein-Platz-am-Vorstandstisch-CH-DE-1.jpg\"},{\"@type\":\"BreadcrumbList\",\"@id\":\"https:\\\/\\\/www.organisator.ch\\\/management\\\/2025-06-18\\\/kommunikation-will-strategisch-mitreden-bleibt-aber-oft-aussen-vor\\\/#breadcrumb\",\"itemListElement\":[{\"@type\":\"ListItem\",\"position\":1,\"name\":\"Home\",\"item\":\"https:\\\/\\\/www.organisator.ch\\\/\"},{\"@type\":\"ListItem\",\"position\":2,\"name\":\"Kommunikation will strategisch mitreden \u2013 bleibt aber oft aussen vor\"}]},{\"@type\":\"WebSite\",\"@id\":\"https:\\\/\\\/www.organisator.ch\\\/#website\",\"url\":\"https:\\\/\\\/www.organisator.ch\\\/\",\"name\":\"Organisator\",\"description\":\"Kompetent. Praxisnah. Der ORGANISATOR bereitet in 10 Ausgaben pro Jahr die wesentlichen Themen f\u00fcr F\u00fchrungskr\u00e4fte von KMU auf.\",\"publisher\":{\"@id\":\"https:\\\/\\\/www.organisator.ch\\\/#organization\"},\"potentialAction\":[{\"@type\":\"SearchAction\",\"target\":{\"@type\":\"EntryPoint\",\"urlTemplate\":\"https:\\\/\\\/www.organisator.ch\\\/?s={search_term_string}\"},\"query-input\":{\"@type\":\"PropertyValueSpecification\",\"valueRequired\":true,\"valueName\":\"search_term_string\"}}],\"inLanguage\":\"de\"},{\"@type\":\"Organization\",\"@id\":\"https:\\\/\\\/www.organisator.ch\\\/#organization\",\"name\":\"Organisator\",\"url\":\"https:\\\/\\\/www.organisator.ch\\\/\",\"logo\":{\"@type\":\"ImageObject\",\"inLanguage\":\"de\",\"@id\":\"https:\\\/\\\/www.organisator.ch\\\/#\\\/schema\\\/logo\\\/image\\\/\",\"url\":\"https:\\\/\\\/www.organisator.ch\\\/wp-content\\\/uploads\\\/2022\\\/01\\\/Logo_Organisator_Website.png\",\"contentUrl\":\"https:\\\/\\\/www.organisator.ch\\\/wp-content\\\/uploads\\\/2022\\\/01\\\/Logo_Organisator_Website.png\",\"width\":800,\"height\":77,\"caption\":\"Organisator\"},\"image\":{\"@id\":\"https:\\\/\\\/www.organisator.ch\\\/#\\\/schema\\\/logo\\\/image\\\/\"},\"sameAs\":[\"https:\\\/\\\/www.facebook.com\\\/OrganisatorFachmagazin\",\"https:\\\/\\\/www.linkedin.com\\\/showcase\\\/organisator-das-magazin-fr-kmu\",\"https:\\\/\\\/www.xing.com\\\/news\\\/pages\\\/organisator-ch-695\",\"https:\\\/\\\/www.youtube.com\\\/channel\\\/UCGP2Sq0iWaZwT3BdIAQFYpw\"]},{\"@type\":\"Person\",\"@id\":\"https:\\\/\\\/www.organisator.ch\\\/#\\\/schema\\\/person\\\/4e51799071cd2dd1232ac003643ef5f0\",\"name\":\"galledia\",\"image\":{\"@type\":\"ImageObject\",\"inLanguage\":\"de\",\"@id\":\"https:\\\/\\\/secure.gravatar.com\\\/avatar\\\/78a7f90c01fc2bfc875782a0d4922b37cde2cf184ce347b91316d23cd7f69a36?s=96&d=mm&r=g\",\"url\":\"https:\\\/\\\/secure.gravatar.com\\\/avatar\\\/78a7f90c01fc2bfc875782a0d4922b37cde2cf184ce347b91316d23cd7f69a36?s=96&d=mm&r=g\",\"contentUrl\":\"https:\\\/\\\/secure.gravatar.com\\\/avatar\\\/78a7f90c01fc2bfc875782a0d4922b37cde2cf184ce347b91316d23cd7f69a36?s=96&d=mm&r=g\",\"caption\":\"galledia\"},\"sameAs\":[\"https:\\\/\\\/x.com\\\/admin\"],\"url\":\"https:\\\/\\\/www.organisator.ch\\\/de\\\/author\\\/galledia\\\/\"}]}<\/script>\n<!-- \/ Yoast SEO plugin. -->","yoast_head_json":{"title":"Kommunikation will strategisch mitreden \u2013 bleibt aber oft aussen vor - Organisator","description":"Kommunikationsverantwortliche wollen strategisch mitreden bei Entscheidungen \u2013 doch in der Praxis fehlt oft die entsprechende Einbindung.","robots":{"index":"index","follow":"follow","max-snippet":"max-snippet:-1","max-image-preview":"max-image-preview:large","max-video-preview":"max-video-preview:-1"},"canonical":"https:\/\/www.organisator.ch\/de\/management\/2025-06-18\/kommunikation-will-strategisch-mitreden-bleibt-aber-oft-aussen-vor\/","og_locale":"de_DE","og_type":"article","og_title":"Kommunikation will strategisch mitreden \u2013 bleibt aber oft aussen vor - Organisator","og_description":"Kommunikationsverantwortliche wollen strategisch mitreden bei Entscheidungen \u2013 doch in der Praxis fehlt oft die entsprechende Einbindung.","og_url":"https:\/\/www.organisator.ch\/de\/management\/2025-06-18\/kommunikation-will-strategisch-mitreden-bleibt-aber-oft-aussen-vor\/","og_site_name":"Organisator","article_publisher":"https:\/\/www.facebook.com\/OrganisatorFachmagazin","article_published_time":"2025-06-18T07:12:46+00:00","article_modified_time":"2025-06-18T14:32:24+00:00","author":"galledia","twitter_card":"summary_large_image","twitter_creator":"@admin","schema":{"@context":"https:\/\/schema.org","@graph":[{"@type":"Article","@id":"https:\/\/www.organisator.ch\/management\/2025-06-18\/kommunikation-will-strategisch-mitreden-bleibt-aber-oft-aussen-vor\/#article","isPartOf":{"@id":"https:\/\/www.organisator.ch\/management\/2025-06-18\/kommunikation-will-strategisch-mitreden-bleibt-aber-oft-aussen-vor\/"},"author":{"name":"galledia","@id":"https:\/\/www.organisator.ch\/#\/schema\/person\/4e51799071cd2dd1232ac003643ef5f0"},"headline":"Kommunikation will strategisch mitreden \u2013 bleibt aber oft aussen vor","datePublished":"2025-06-18T07:12:46+00:00","dateModified":"2025-06-18T14:32:24+00:00","mainEntityOfPage":{"@id":"https:\/\/www.organisator.ch\/management\/2025-06-18\/kommunikation-will-strategisch-mitreden-bleibt-aber-oft-aussen-vor\/"},"wordCount":219,"publisher":{"@id":"https:\/\/www.organisator.ch\/#organization"},"image":{"@id":"https:\/\/www.organisator.ch\/management\/2025-06-18\/kommunikation-will-strategisch-mitreden-bleibt-aber-oft-aussen-vor\/#primaryimage"},"thumbnailUrl":"https:\/\/www.markt-kom.com\/wp-content\/uploads\/2025\/06\/newsaktuell-Infografik-Kein-Platz-am-Vorstandstisch-CH-DE-1.jpg","keywords":["MarKom","News Aktuell","PR-Trendmonitor","Strategie","Studie"],"articleSection":["MANAGEMENT"],"inLanguage":"de"},{"@type":"WebPage","@id":"https:\/\/www.organisator.ch\/management\/2025-06-18\/kommunikation-will-strategisch-mitreden-bleibt-aber-oft-aussen-vor\/","url":"https:\/\/www.organisator.ch\/management\/2025-06-18\/kommunikation-will-strategisch-mitreden-bleibt-aber-oft-aussen-vor\/","name":"Kommunikation will strategisch mitreden \u2013 bleibt aber oft aussen vor - Organisator","isPartOf":{"@id":"https:\/\/www.organisator.ch\/#website"},"primaryImageOfPage":{"@id":"https:\/\/www.organisator.ch\/management\/2025-06-18\/kommunikation-will-strategisch-mitreden-bleibt-aber-oft-aussen-vor\/#primaryimage"},"image":{"@id":"https:\/\/www.organisator.ch\/management\/2025-06-18\/kommunikation-will-strategisch-mitreden-bleibt-aber-oft-aussen-vor\/#primaryimage"},"thumbnailUrl":"https:\/\/www.markt-kom.com\/wp-content\/uploads\/2025\/06\/newsaktuell-Infografik-Kein-Platz-am-Vorstandstisch-CH-DE-1.jpg","datePublished":"2025-06-18T07:12:46+00:00","dateModified":"2025-06-18T14:32:24+00:00","description":"Kommunikationsverantwortliche wollen strategisch mitreden bei Entscheidungen \u2013 doch in der Praxis fehlt oft die entsprechende Einbindung.","breadcrumb":{"@id":"https:\/\/www.organisator.ch\/management\/2025-06-18\/kommunikation-will-strategisch-mitreden-bleibt-aber-oft-aussen-vor\/#breadcrumb"},"inLanguage":"de","potentialAction":[{"@type":"ReadAction","target":["https:\/\/www.organisator.ch\/management\/2025-06-18\/kommunikation-will-strategisch-mitreden-bleibt-aber-oft-aussen-vor\/"]}]},{"@type":"ImageObject","inLanguage":"de","@id":"https:\/\/www.organisator.ch\/management\/2025-06-18\/kommunikation-will-strategisch-mitreden-bleibt-aber-oft-aussen-vor\/#primaryimage","url":"https:\/\/www.markt-kom.com\/wp-content\/uploads\/2025\/06\/newsaktuell-Infografik-Kein-Platz-am-Vorstandstisch-CH-DE-1.jpg","contentUrl":"https:\/\/www.markt-kom.com\/wp-content\/uploads\/2025\/06\/newsaktuell-Infografik-Kein-Platz-am-Vorstandstisch-CH-DE-1.jpg"},{"@type":"BreadcrumbList","@id":"https:\/\/www.organisator.ch\/management\/2025-06-18\/kommunikation-will-strategisch-mitreden-bleibt-aber-oft-aussen-vor\/#breadcrumb","itemListElement":[{"@type":"ListItem","position":1,"name":"Home","item":"https:\/\/www.organisator.ch\/"},{"@type":"ListItem","position":2,"name":"Kommunikation will strategisch mitreden \u2013 bleibt aber oft aussen vor"}]},{"@type":"WebSite","@id":"https:\/\/www.organisator.ch\/#website","url":"https:\/\/www.organisator.ch\/","name":"Organisator","description":"Kompetent. Praxisnah. Der ORGANISATOR bereitet in 10 Ausgaben pro Jahr die wesentlichen Themen f\u00fcr F\u00fchrungskr\u00e4fte von KMU auf.","publisher":{"@id":"https:\/\/www.organisator.ch\/#organization"},"potentialAction":[{"@type":"SearchAction","target":{"@type":"EntryPoint","urlTemplate":"https:\/\/www.organisator.ch\/?s={search_term_string}"},"query-input":{"@type":"PropertyValueSpecification","valueRequired":true,"valueName":"search_term_string"}}],"inLanguage":"de"},{"@type":"Organization","@id":"https:\/\/www.organisator.ch\/#organization","name":"Organisator","url":"https:\/\/www.organisator.ch\/","logo":{"@type":"ImageObject","inLanguage":"de","@id":"https:\/\/www.organisator.ch\/#\/schema\/logo\/image\/","url":"https:\/\/www.organisator.ch\/wp-content\/uploads\/2022\/01\/Logo_Organisator_Website.png","contentUrl":"https:\/\/www.organisator.ch\/wp-content\/uploads\/2022\/01\/Logo_Organisator_Website.png","width":800,"height":77,"caption":"Organisator"},"image":{"@id":"https:\/\/www.organisator.ch\/#\/schema\/logo\/image\/"},"sameAs":["https:\/\/www.facebook.com\/OrganisatorFachmagazin","https:\/\/www.linkedin.com\/showcase\/organisator-das-magazin-fr-kmu","https:\/\/www.xing.com\/news\/pages\/organisator-ch-695","https:\/\/www.youtube.com\/channel\/UCGP2Sq0iWaZwT3BdIAQFYpw"]},{"@type":"Person","@id":"https:\/\/www.organisator.ch\/#\/schema\/person\/4e51799071cd2dd1232ac003643ef5f0","name":"galledia","image":{"@type":"ImageObject","inLanguage":"de","@id":"https:\/\/secure.gravatar.com\/avatar\/78a7f90c01fc2bfc875782a0d4922b37cde2cf184ce347b91316d23cd7f69a36?s=96&d=mm&r=g","url":"https:\/\/secure.gravatar.com\/avatar\/78a7f90c01fc2bfc875782a0d4922b37cde2cf184ce347b91316d23cd7f69a36?s=96&d=mm&r=g","contentUrl":"https:\/\/secure.gravatar.com\/avatar\/78a7f90c01fc2bfc875782a0d4922b37cde2cf184ce347b91316d23cd7f69a36?s=96&d=mm&r=g","caption":"galledia"},"sameAs":["https:\/\/x.com\/admin"],"url":"https:\/\/www.organisator.ch\/de\/author\/galledia\/"}]}},"_links":{"self":[{"href":"https:\/\/www.organisator.ch\/de\/wp-json\/wp\/v2\/posts\/39104","targetHints":{"allow":["GET"]}}],"collection":[{"href":"https:\/\/www.organisator.ch\/de\/wp-json\/wp\/v2\/posts"}],"about":[{"href":"https:\/\/www.organisator.ch\/de\/wp-json\/wp\/v2\/types\/post"}],"author":[{"embeddable":true,"href":"https:\/\/www.organisator.ch\/de\/wp-json\/wp\/v2\/users\/8"}],"replies":[{"embeddable":true,"href":"https:\/\/www.organisator.ch\/de\/wp-json\/wp\/v2\/comments?post=39104"}],"version-history":[{"count":4,"href":"https:\/\/www.organisator.ch\/de\/wp-json\/wp\/v2\/posts\/39104\/revisions"}],"predecessor-version":[{"id":39115,"href":"https:\/\/www.organisator.ch\/de\/wp-json\/wp\/v2\/posts\/39104\/revisions\/39115"}],"wp:attachment":[{"href":"https:\/\/www.organisator.ch\/de\/wp-json\/wp\/v2\/media?parent=39104"}],"wp:term":[{"taxonomy":"category","embeddable":true,"href":"https:\/\/www.organisator.ch\/de\/wp-json\/wp\/v2\/categories?post=39104"},{"taxonomy":"post_tag","embeddable":true,"href":"https:\/\/www.organisator.ch\/de\/wp-json\/wp\/v2\/tags?post=39104"}],"curies":[{"name":"wp","href":"https:\/\/api.w.org\/{rel}","templated":true}]}}