{"id":3914,"date":"2018-07-10T10:03:49","date_gmt":"2018-07-10T08:03:49","guid":{"rendered":"https:\/\/www.organisator.ch\/?p=3914"},"modified":"2022-08-02T15:00:22","modified_gmt":"2022-08-02T13:00:22","slug":"arbeitgeberattraktivitaet-welche-faktoren-zaehlen-heute","status":"publish","type":"post","link":"https:\/\/www.organisator.ch\/de\/human-resources\/hrm\/2018-07-10\/arbeitgeberattraktivitaet-welche-faktoren-zaehlen-heute\/","title":{"rendered":"Arbeitgeberattraktivit\u00e4t: Welche Faktoren z\u00e4hlen heute?"},"content":{"rendered":"<figure id=\"attachment_3915\" aria-describedby=\"caption-attachment-3915\" style=\"width: 680px\" class=\"wp-caption alignnone\"><img loading=\"lazy\" decoding=\"async\" class=\"wp-image-3915 size-medium\" src=\"https:\/\/www.organisator.ch\/wp-content\/uploads\/2018\/07\/Qualitaetsgesicherte-Informationen-zu-allen-relevanten-Health-Apps-mq-management-u-qualitaet.jpg\" alt=\"Arbeitgeberattraktivit\u00e4t\" width=\"680\" height=\"454\" srcset=\"https:\/\/www.organisator.ch\/wp-content\/uploads\/2018\/07\/Qualitaetsgesicherte-Informationen-zu-allen-relevanten-Health-Apps-mq-management-u-qualitaet.jpg 1000w, https:\/\/www.organisator.ch\/wp-content\/uploads\/2018\/07\/Qualitaetsgesicherte-Informationen-zu-allen-relevanten-Health-Apps-mq-management-u-qualitaet-680x454.jpg 680w, https:\/\/www.organisator.ch\/wp-content\/uploads\/2018\/07\/Qualitaetsgesicherte-Informationen-zu-allen-relevanten-Health-Apps-mq-management-u-qualitaet-768x512.jpg 768w, https:\/\/www.organisator.ch\/wp-content\/uploads\/2018\/07\/Qualitaetsgesicherte-Informationen-zu-allen-relevanten-Health-Apps-mq-management-u-qualitaet-16x12.jpg 16w, https:\/\/www.organisator.ch\/wp-content\/uploads\/2018\/07\/Qualitaetsgesicherte-Informationen-zu-allen-relevanten-Health-Apps-mq-management-u-qualitaet-262x175.jpg 262w, https:\/\/www.organisator.ch\/wp-content\/uploads\/2018\/07\/Qualitaetsgesicherte-Informationen-zu-allen-relevanten-Health-Apps-mq-management-u-qualitaet-525x350.jpg 525w, https:\/\/www.organisator.ch\/wp-content\/uploads\/2018\/07\/Qualitaetsgesicherte-Informationen-zu-allen-relevanten-Health-Apps-mq-management-u-qualitaet-920x614.jpg 920w, https:\/\/www.organisator.ch\/wp-content\/uploads\/2018\/07\/Qualitaetsgesicherte-Informationen-zu-allen-relevanten-Health-Apps-mq-management-u-qualitaet-300x200.jpg 300w\" sizes=\"auto, (max-width: 680px) 100vw, 680px\" \/><figcaption id=\"caption-attachment-3915\" class=\"wp-caption-text\">Suite&amp;Co erforscht Recruiting Trends 2018: Fachkr\u00e4fte und Personaler bewerten Thema Arbeitgeberattraktivit\u00e4t unterschiedlich. Die N\u00e4he zum Wohnort gewichten Fachkr\u00e4fte als am wichtigsten. (Bild: depositphotos)<\/figcaption><\/figure>\n<p>Viktor Gilz, Mitgr\u00fcnder von Suite&amp;Co \u00fcber die Studie zur Arbeitgeberattraktivit\u00e4t: \u201eWas ein Unternehmen heute sexy macht, sind andere Dinge als noch vor einigen Jahren. Bewerber wollen sich vor allem wohlf\u00fchlen. Ein prestigetr\u00e4chtiger Name allein reicht nicht, um Fachkr\u00e4fte anzulocken.\u201c Im Folgenden die sechs wichtigsten Attraktivit\u00e4tsfaktoren f\u00fcr Unternehmen:<\/p>\n<p><strong>Platz 1: Wohnortn\u00e4he<\/strong><\/p>\n<p>Sieben von zehn befragten Fachkr\u00e4ften (74 Prozent) bewerten die N\u00e4he zum Wohnort als wichtig oder sehr wichtig. Damit entscheidet dieses Kriterium am meisten dar\u00fcber, wie attraktiv ein Unternehmen f\u00fcr Bewerber ist. \u201eDie N\u00e4he zur Familie, Freunden und den eigenen vier W\u00e4nden unterstreicht die Wichtigkeit der Work-Life-Balance. Die N\u00e4he zum Arbeitsplatz sehen die meisten als Luxus, den sie sich gerne vorbehalten\u201c, sagt Gilz. Allerdings: Personaler untersch\u00e4tzen diesen Faktor. Nur jeder vierte HR-Verantwortliche (25 Prozent) betrachtet die Wohnortn\u00e4he als sehr wichtig.<\/p>\n<p><strong>Platz 2: Ein sch\u00f6nes Arbeitsumfeld<\/strong><\/p>\n<p>Auf Rang zwei in der Bewertung von Arbeitgeberattraktivit\u00e4t steht die Arbeitsumgebung und -ausstattung. Ein attraktiver Arbeitsplatz ist von hoher Bedeutung, da dies einen positiven Einfluss auf das Arbeitspensum haben kann. Hinzu kommt, dass die Einrichtung eines Unternehmens auch dessen Arbeits- und Gesamtkultur widerspiegelt. \u201eSp\u00e4testens seit Google vor gut zehn Jahren zum ersten Mal gezeigt hat, wie ein Arbeitsplatz aussehen kann, hat sich das Bild gewandelt. Angestellte wollen nicht mehr in einem leblosen grauen B\u00fcrogeb\u00e4ude darben, sondern in einer ansprechenden Arbeitsumgebung. Und sie wollen sich vor allem wohlf\u00fchlen\u201c, sagt Lisa Mellinghoff von Suite&amp;Co.<\/p>\n<p><strong>Gehalt: Geld und Bonus spielen durchaus eine wichtige Rolle<\/strong><\/p>\n<p>Bei aller N\u00e4he und Sch\u00f6nheit des Arbeitsplatzes: Auf angemessene Verg\u00fctung will keiner verzichten. So rangiert das Thema Gehalt unter den Top 3 der Attraktivit\u00e4tsargumente. 71 Prozent der Fachkr\u00e4fte erwarten sich ein hohes Gehalt von den Arbeitgebern. Personalern ist dies bewusst. 70 Prozent stimmen dieser Aussage unisono zu. Auch regelm\u00e4ssige Boni fallen unter diese Kategorie.<\/p>\n<p><strong>Wer attraktiv sein will, muss individuell belohnen<\/strong><\/p>\n<p>Ebenso sind individuelle Anreize und besondere Leistungen sowohl den Fachkr\u00e4ften als auch den Personalern \u00e4usserst wichtig. Ein Mensch ist motivierter, wenn er nicht einer unter vielen ist, sondern als Individuum gesch\u00e4tzt wird. Gute Personalf\u00fchrung heisst heute: mehr Zeit in die einzelne Person investieren und den Anteil am Gesch\u00e4ftserfolg auf die pers\u00f6nliche Ebene herunterbrechen. Dadurch werden die Leute \u00fcberzeugender auftreten und leistungsf\u00e4higer arbeiten, um die Gunst der Chefetage zu erhalten.<\/p>\n<p><strong>Karriereplanung macht Unternehmen attraktiv<\/strong><\/p>\n<p>Weiterbildung im Berufsalltag spielt ebenfalls eine zentrale Rolle beim Thema Arbeitgeberattraktivit\u00e4t. Personalern ist die M\u00f6glichkeit von Workshops, Karriereplanung und Co. extrem wichtig. Acht von zehn Personaler wollen, dass ihre Arbeiter dauerhaft auf dem neuesten Stand bleiben und sich immer weiterentwickeln, um in der sich st\u00e4ndig ver\u00e4ndernden Arbeitswelt nicht den Anschluss zu verlieren. Im Vergleich dazu: Nur 63 Prozent der Arbeitskr\u00e4fte wissen dies zu sch\u00e4tzen und erwarten vom Arbeitgeber, dass Weiterbildung und Aufstiegsm\u00f6glichkeiten angeboten werden.<\/p>\n<p><strong>Gr\u00f6sse und Bekanntheit weniger wichtig \u2013 Ruf schon eher<\/strong><\/p>\n<p>Die Bekanntheit und Gr\u00f6sse des Unternehmens sind heute nur noch von geringer Bedeutung \u2013 im Vergleich zu den anderen Faktoren. Ma\u00dfen die Babyboomer und die Generation X dem Namen des Unternehmens eine hohe Bedeutung bei, z\u00e4hlt f\u00fcr die j\u00fcngeren Generationen Z und Y der Name des Unternehmens nur bedingt, um ihre Vita zu schm\u00fccken. Der gute Ruf einer Firma indes ist viel bedeutsamer, was kleineren Unternehmen den Vorteil verschafft, trotz ihrer geringeren Gr\u00f6\u00dfe und Bekanntheit nicht sofort ausgeschlossen zu werden.<\/p>\n<p>\u00dcberraschend dabei: Viele Unternehmen untersch\u00e4tzen die Relevanz von Zertifizierungssystemen wie Top-Job oder Kununu, wo Arbeitnehmer Rezensionen \u00fcber Firmen schreiben. Obwohl sich viele Fachkr\u00e4fte \u00fcber dieses Medium informieren, benutzen nur 27 Prozent der gefragten Unternehmen ein solches System.<\/p>\n<p><em>Weitere interessante Beitr\u00e4ge zur Jobwelt finden Sie bei <a href=\"http:\/\/www.suiteandco.de\/\">www.suiteandco.de<\/a><\/em><\/p>\n<p>&nbsp;<\/p>\n","protected":false},"excerpt":{"rendered":"<p>Viktor Gilz, Mitgr\u00fcnder von Suite&amp;Co \u00fcber die Studie zur Arbeitgeberattraktivit\u00e4t: \u201eWas ein Unternehmen heute sexy macht, sind andere Dinge als noch vor einigen Jahren. Bewerber wollen sich vor allem wohlf\u00fchlen. Ein prestigetr\u00e4chtiger Name allein reicht nicht, um Fachkr\u00e4fte anzulocken.\u201c Im Folgenden die sechs wichtigsten Attraktivit\u00e4tsfaktoren f\u00fcr Unternehmen: Platz 1: Wohnortn\u00e4he Sieben von zehn befragten Fachkr\u00e4ften [&hellip;]<\/p>\n","protected":false},"author":5,"featured_media":3915,"comment_status":"closed","ping_status":"closed","sticky":false,"template":"","format":"standard","meta":{"_acf_changed":false,"_yoast_wpseo_focuskw":"Arbeitgeberattraktivit\u00e4t","_yoast_wpseo_metadesc":"Oft klaffen Wunsch und Wirklichkeit in Sachen Arbeitgeberattraktivit\u00e4t auseinander: In einer aktuellen Studie von Suite&Co, bei der 873 Fachkr\u00e4fte und 51 Personaler befragt wurden, gehen die Meinungen in puncto Job deutlich auseinander.","articlekey":"","footnotes":""},"categories":[26],"tags":[3277],"class_list":["post-3914","post","type-post","status-publish","format-standard","has-post-thumbnail","hentry","category-hrm","tag-arbeitgeberattraktivitaet"],"acf":[],"yoast_head":"<!-- This site is optimized with the Yoast SEO plugin v27.5 - https:\/\/yoast.com\/product\/yoast-seo-wordpress\/ -->\n<title>Arbeitgeberattraktivit\u00e4t: Welche Faktoren z\u00e4hlen heute? - Organisator<\/title>\n<meta name=\"description\" content=\"Oft klaffen Wunsch und Wirklichkeit in Sachen Arbeitgeberattraktivit\u00e4t auseinander: In einer aktuellen Studie von Suite&amp;Co, bei der 873 Fachkr\u00e4fte und 51 Personaler befragt wurden, gehen die Meinungen in puncto Job deutlich auseinander.\" \/>\n<meta name=\"robots\" content=\"index, follow, max-snippet:-1, max-image-preview:large, max-video-preview:-1\" \/>\n<link rel=\"canonical\" href=\"https:\/\/www.organisator.ch\/de\/human-resources\/hrm\/2018-07-10\/arbeitgeberattraktivitaet-welche-faktoren-zaehlen-heute\/\" \/>\n<meta property=\"og:locale\" content=\"de_DE\" \/>\n<meta property=\"og:type\" content=\"article\" \/>\n<meta property=\"og:title\" content=\"Arbeitgeberattraktivit\u00e4t: Welche Faktoren z\u00e4hlen heute? - Organisator\" \/>\n<meta property=\"og:description\" content=\"Oft klaffen Wunsch und Wirklichkeit in Sachen Arbeitgeberattraktivit\u00e4t auseinander: In einer aktuellen Studie von Suite&amp;Co, bei der 873 Fachkr\u00e4fte und 51 Personaler befragt wurden, gehen die Meinungen in puncto Job deutlich auseinander.\" \/>\n<meta property=\"og:url\" content=\"https:\/\/www.organisator.ch\/de\/human-resources\/hrm\/2018-07-10\/arbeitgeberattraktivitaet-welche-faktoren-zaehlen-heute\/\" \/>\n<meta property=\"og:site_name\" content=\"Organisator\" \/>\n<meta property=\"article:publisher\" content=\"https:\/\/www.facebook.com\/OrganisatorFachmagazin\" \/>\n<meta property=\"article:published_time\" content=\"2018-07-10T08:03:49+00:00\" \/>\n<meta property=\"article:modified_time\" content=\"2022-08-02T13:00:22+00:00\" \/>\n<meta property=\"og:image\" content=\"https:\/\/www.organisator.ch\/wp-content\/uploads\/2018\/07\/Qualitaetsgesicherte-Informationen-zu-allen-relevanten-Health-Apps-mq-management-u-qualitaet.jpg\" \/>\n\t<meta property=\"og:image:width\" content=\"1000\" \/>\n\t<meta property=\"og:image:height\" content=\"667\" \/>\n\t<meta property=\"og:image:type\" content=\"image\/jpeg\" \/>\n<meta name=\"author\" content=\"michael.merz\" \/>\n<meta name=\"twitter:card\" content=\"summary_large_image\" \/>\n<script type=\"application\/ld+json\" class=\"yoast-schema-graph\">{\"@context\":\"https:\\\/\\\/schema.org\",\"@graph\":[{\"@type\":\"Article\",\"@id\":\"https:\\\/\\\/www.organisator.ch\\\/human-resources\\\/hrm\\\/2018-07-10\\\/arbeitgeberattraktivitaet-welche-faktoren-zaehlen-heute\\\/#article\",\"isPartOf\":{\"@id\":\"https:\\\/\\\/www.organisator.ch\\\/human-resources\\\/hrm\\\/2018-07-10\\\/arbeitgeberattraktivitaet-welche-faktoren-zaehlen-heute\\\/\"},\"author\":{\"name\":\"michael.merz\",\"@id\":\"https:\\\/\\\/www.organisator.ch\\\/#\\\/schema\\\/person\\\/134708ca9321c57b0362cceb7948ffbd\"},\"headline\":\"Arbeitgeberattraktivit\u00e4t: Welche Faktoren z\u00e4hlen heute?\",\"datePublished\":\"2018-07-10T08:03:49+00:00\",\"dateModified\":\"2022-08-02T13:00:22+00:00\",\"mainEntityOfPage\":{\"@id\":\"https:\\\/\\\/www.organisator.ch\\\/human-resources\\\/hrm\\\/2018-07-10\\\/arbeitgeberattraktivitaet-welche-faktoren-zaehlen-heute\\\/\"},\"wordCount\":669,\"publisher\":{\"@id\":\"https:\\\/\\\/www.organisator.ch\\\/#organization\"},\"image\":{\"@id\":\"https:\\\/\\\/www.organisator.ch\\\/human-resources\\\/hrm\\\/2018-07-10\\\/arbeitgeberattraktivitaet-welche-faktoren-zaehlen-heute\\\/#primaryimage\"},\"thumbnailUrl\":\"https:\\\/\\\/www.organisator.ch\\\/wp-content\\\/uploads\\\/2018\\\/07\\\/Qualitaetsgesicherte-Informationen-zu-allen-relevanten-Health-Apps-mq-management-u-qualitaet.jpg\",\"keywords\":[\"Arbeitgeberattraktivit\u00e4t\"],\"articleSection\":[\"HRM\"],\"inLanguage\":\"de\"},{\"@type\":\"WebPage\",\"@id\":\"https:\\\/\\\/www.organisator.ch\\\/human-resources\\\/hrm\\\/2018-07-10\\\/arbeitgeberattraktivitaet-welche-faktoren-zaehlen-heute\\\/\",\"url\":\"https:\\\/\\\/www.organisator.ch\\\/human-resources\\\/hrm\\\/2018-07-10\\\/arbeitgeberattraktivitaet-welche-faktoren-zaehlen-heute\\\/\",\"name\":\"Arbeitgeberattraktivit\u00e4t: Welche Faktoren z\u00e4hlen heute? - Organisator\",\"isPartOf\":{\"@id\":\"https:\\\/\\\/www.organisator.ch\\\/#website\"},\"primaryImageOfPage\":{\"@id\":\"https:\\\/\\\/www.organisator.ch\\\/human-resources\\\/hrm\\\/2018-07-10\\\/arbeitgeberattraktivitaet-welche-faktoren-zaehlen-heute\\\/#primaryimage\"},\"image\":{\"@id\":\"https:\\\/\\\/www.organisator.ch\\\/human-resources\\\/hrm\\\/2018-07-10\\\/arbeitgeberattraktivitaet-welche-faktoren-zaehlen-heute\\\/#primaryimage\"},\"thumbnailUrl\":\"https:\\\/\\\/www.organisator.ch\\\/wp-content\\\/uploads\\\/2018\\\/07\\\/Qualitaetsgesicherte-Informationen-zu-allen-relevanten-Health-Apps-mq-management-u-qualitaet.jpg\",\"datePublished\":\"2018-07-10T08:03:49+00:00\",\"dateModified\":\"2022-08-02T13:00:22+00:00\",\"description\":\"Oft klaffen Wunsch und Wirklichkeit in Sachen Arbeitgeberattraktivit\u00e4t auseinander: In einer aktuellen Studie von Suite&Co, bei der 873 Fachkr\u00e4fte und 51 Personaler befragt wurden, gehen die Meinungen in puncto Job deutlich auseinander.\",\"breadcrumb\":{\"@id\":\"https:\\\/\\\/www.organisator.ch\\\/human-resources\\\/hrm\\\/2018-07-10\\\/arbeitgeberattraktivitaet-welche-faktoren-zaehlen-heute\\\/#breadcrumb\"},\"inLanguage\":\"de\",\"potentialAction\":[{\"@type\":\"ReadAction\",\"target\":[\"https:\\\/\\\/www.organisator.ch\\\/human-resources\\\/hrm\\\/2018-07-10\\\/arbeitgeberattraktivitaet-welche-faktoren-zaehlen-heute\\\/\"]}]},{\"@type\":\"ImageObject\",\"inLanguage\":\"de\",\"@id\":\"https:\\\/\\\/www.organisator.ch\\\/human-resources\\\/hrm\\\/2018-07-10\\\/arbeitgeberattraktivitaet-welche-faktoren-zaehlen-heute\\\/#primaryimage\",\"url\":\"https:\\\/\\\/www.organisator.ch\\\/wp-content\\\/uploads\\\/2018\\\/07\\\/Qualitaetsgesicherte-Informationen-zu-allen-relevanten-Health-Apps-mq-management-u-qualitaet.jpg\",\"contentUrl\":\"https:\\\/\\\/www.organisator.ch\\\/wp-content\\\/uploads\\\/2018\\\/07\\\/Qualitaetsgesicherte-Informationen-zu-allen-relevanten-Health-Apps-mq-management-u-qualitaet.jpg\",\"width\":1000,\"height\":667,\"caption\":\"Suite&Co erforscht Recruiting Trends 2018: Fachkr\u00e4fte und Personaler bewerten Thema Arbeitgeberattraktivit\u00e4t unterschiedlich. Die N\u00e4he zum Wohnort gewichten Fachkr\u00e4fte als am wichtigsten. (Bild: depositphotos)\"},{\"@type\":\"BreadcrumbList\",\"@id\":\"https:\\\/\\\/www.organisator.ch\\\/human-resources\\\/hrm\\\/2018-07-10\\\/arbeitgeberattraktivitaet-welche-faktoren-zaehlen-heute\\\/#breadcrumb\",\"itemListElement\":[{\"@type\":\"ListItem\",\"position\":1,\"name\":\"Home\",\"item\":\"https:\\\/\\\/www.organisator.ch\\\/\"},{\"@type\":\"ListItem\",\"position\":2,\"name\":\"Arbeitgeberattraktivit\u00e4t: Welche Faktoren z\u00e4hlen heute?\"}]},{\"@type\":\"WebSite\",\"@id\":\"https:\\\/\\\/www.organisator.ch\\\/#website\",\"url\":\"https:\\\/\\\/www.organisator.ch\\\/\",\"name\":\"Organisator\",\"description\":\"Kompetent. Praxisnah. Der ORGANISATOR bereitet in 10 Ausgaben pro Jahr die wesentlichen Themen f\u00fcr F\u00fchrungskr\u00e4fte von KMU auf.\",\"publisher\":{\"@id\":\"https:\\\/\\\/www.organisator.ch\\\/#organization\"},\"potentialAction\":[{\"@type\":\"SearchAction\",\"target\":{\"@type\":\"EntryPoint\",\"urlTemplate\":\"https:\\\/\\\/www.organisator.ch\\\/?s={search_term_string}\"},\"query-input\":{\"@type\":\"PropertyValueSpecification\",\"valueRequired\":true,\"valueName\":\"search_term_string\"}}],\"inLanguage\":\"de\"},{\"@type\":\"Organization\",\"@id\":\"https:\\\/\\\/www.organisator.ch\\\/#organization\",\"name\":\"Organisator\",\"url\":\"https:\\\/\\\/www.organisator.ch\\\/\",\"logo\":{\"@type\":\"ImageObject\",\"inLanguage\":\"de\",\"@id\":\"https:\\\/\\\/www.organisator.ch\\\/#\\\/schema\\\/logo\\\/image\\\/\",\"url\":\"https:\\\/\\\/www.organisator.ch\\\/wp-content\\\/uploads\\\/2022\\\/01\\\/Logo_Organisator_Website.png\",\"contentUrl\":\"https:\\\/\\\/www.organisator.ch\\\/wp-content\\\/uploads\\\/2022\\\/01\\\/Logo_Organisator_Website.png\",\"width\":800,\"height\":77,\"caption\":\"Organisator\"},\"image\":{\"@id\":\"https:\\\/\\\/www.organisator.ch\\\/#\\\/schema\\\/logo\\\/image\\\/\"},\"sameAs\":[\"https:\\\/\\\/www.facebook.com\\\/OrganisatorFachmagazin\",\"https:\\\/\\\/www.linkedin.com\\\/showcase\\\/organisator-das-magazin-fr-kmu\",\"https:\\\/\\\/www.xing.com\\\/news\\\/pages\\\/organisator-ch-695\",\"https:\\\/\\\/www.youtube.com\\\/channel\\\/UCGP2Sq0iWaZwT3BdIAQFYpw\"]},{\"@type\":\"Person\",\"@id\":\"https:\\\/\\\/www.organisator.ch\\\/#\\\/schema\\\/person\\\/134708ca9321c57b0362cceb7948ffbd\",\"name\":\"michael.merz\",\"image\":{\"@type\":\"ImageObject\",\"inLanguage\":\"de\",\"@id\":\"https:\\\/\\\/secure.gravatar.com\\\/avatar\\\/?s=96&d=mm&r=g\",\"url\":\"https:\\\/\\\/secure.gravatar.com\\\/avatar\\\/?s=96&d=mm&r=g\",\"contentUrl\":\"https:\\\/\\\/secure.gravatar.com\\\/avatar\\\/?s=96&d=mm&r=g\",\"caption\":\"michael.merz\"},\"url\":\"https:\\\/\\\/www.organisator.ch\\\/de\\\/author\\\/michael-merz\\\/\"}]}<\/script>\n<!-- \/ Yoast SEO plugin. -->","yoast_head_json":{"title":"Arbeitgeberattraktivit\u00e4t: Welche Faktoren z\u00e4hlen heute? - Organisator","description":"Oft klaffen Wunsch und Wirklichkeit in Sachen Arbeitgeberattraktivit\u00e4t auseinander: In einer aktuellen Studie von Suite&Co, bei der 873 Fachkr\u00e4fte und 51 Personaler befragt wurden, gehen die Meinungen in puncto Job deutlich auseinander.","robots":{"index":"index","follow":"follow","max-snippet":"max-snippet:-1","max-image-preview":"max-image-preview:large","max-video-preview":"max-video-preview:-1"},"canonical":"https:\/\/www.organisator.ch\/de\/human-resources\/hrm\/2018-07-10\/arbeitgeberattraktivitaet-welche-faktoren-zaehlen-heute\/","og_locale":"de_DE","og_type":"article","og_title":"Arbeitgeberattraktivit\u00e4t: Welche Faktoren z\u00e4hlen heute? - Organisator","og_description":"Oft klaffen Wunsch und Wirklichkeit in Sachen Arbeitgeberattraktivit\u00e4t auseinander: In einer aktuellen Studie von Suite&Co, bei der 873 Fachkr\u00e4fte und 51 Personaler befragt wurden, gehen die Meinungen in puncto Job deutlich auseinander.","og_url":"https:\/\/www.organisator.ch\/de\/human-resources\/hrm\/2018-07-10\/arbeitgeberattraktivitaet-welche-faktoren-zaehlen-heute\/","og_site_name":"Organisator","article_publisher":"https:\/\/www.facebook.com\/OrganisatorFachmagazin","article_published_time":"2018-07-10T08:03:49+00:00","article_modified_time":"2022-08-02T13:00:22+00:00","og_image":[{"width":1000,"height":667,"url":"https:\/\/www.organisator.ch\/wp-content\/uploads\/2018\/07\/Qualitaetsgesicherte-Informationen-zu-allen-relevanten-Health-Apps-mq-management-u-qualitaet.jpg","type":"image\/jpeg"}],"author":"michael.merz","twitter_card":"summary_large_image","schema":{"@context":"https:\/\/schema.org","@graph":[{"@type":"Article","@id":"https:\/\/www.organisator.ch\/human-resources\/hrm\/2018-07-10\/arbeitgeberattraktivitaet-welche-faktoren-zaehlen-heute\/#article","isPartOf":{"@id":"https:\/\/www.organisator.ch\/human-resources\/hrm\/2018-07-10\/arbeitgeberattraktivitaet-welche-faktoren-zaehlen-heute\/"},"author":{"name":"michael.merz","@id":"https:\/\/www.organisator.ch\/#\/schema\/person\/134708ca9321c57b0362cceb7948ffbd"},"headline":"Arbeitgeberattraktivit\u00e4t: Welche Faktoren z\u00e4hlen heute?","datePublished":"2018-07-10T08:03:49+00:00","dateModified":"2022-08-02T13:00:22+00:00","mainEntityOfPage":{"@id":"https:\/\/www.organisator.ch\/human-resources\/hrm\/2018-07-10\/arbeitgeberattraktivitaet-welche-faktoren-zaehlen-heute\/"},"wordCount":669,"publisher":{"@id":"https:\/\/www.organisator.ch\/#organization"},"image":{"@id":"https:\/\/www.organisator.ch\/human-resources\/hrm\/2018-07-10\/arbeitgeberattraktivitaet-welche-faktoren-zaehlen-heute\/#primaryimage"},"thumbnailUrl":"https:\/\/www.organisator.ch\/wp-content\/uploads\/2018\/07\/Qualitaetsgesicherte-Informationen-zu-allen-relevanten-Health-Apps-mq-management-u-qualitaet.jpg","keywords":["Arbeitgeberattraktivit\u00e4t"],"articleSection":["HRM"],"inLanguage":"de"},{"@type":"WebPage","@id":"https:\/\/www.organisator.ch\/human-resources\/hrm\/2018-07-10\/arbeitgeberattraktivitaet-welche-faktoren-zaehlen-heute\/","url":"https:\/\/www.organisator.ch\/human-resources\/hrm\/2018-07-10\/arbeitgeberattraktivitaet-welche-faktoren-zaehlen-heute\/","name":"Arbeitgeberattraktivit\u00e4t: Welche Faktoren z\u00e4hlen heute? - Organisator","isPartOf":{"@id":"https:\/\/www.organisator.ch\/#website"},"primaryImageOfPage":{"@id":"https:\/\/www.organisator.ch\/human-resources\/hrm\/2018-07-10\/arbeitgeberattraktivitaet-welche-faktoren-zaehlen-heute\/#primaryimage"},"image":{"@id":"https:\/\/www.organisator.ch\/human-resources\/hrm\/2018-07-10\/arbeitgeberattraktivitaet-welche-faktoren-zaehlen-heute\/#primaryimage"},"thumbnailUrl":"https:\/\/www.organisator.ch\/wp-content\/uploads\/2018\/07\/Qualitaetsgesicherte-Informationen-zu-allen-relevanten-Health-Apps-mq-management-u-qualitaet.jpg","datePublished":"2018-07-10T08:03:49+00:00","dateModified":"2022-08-02T13:00:22+00:00","description":"Oft klaffen Wunsch und Wirklichkeit in Sachen Arbeitgeberattraktivit\u00e4t auseinander: In einer aktuellen Studie von Suite&Co, bei der 873 Fachkr\u00e4fte und 51 Personaler befragt wurden, gehen die Meinungen in puncto Job deutlich auseinander.","breadcrumb":{"@id":"https:\/\/www.organisator.ch\/human-resources\/hrm\/2018-07-10\/arbeitgeberattraktivitaet-welche-faktoren-zaehlen-heute\/#breadcrumb"},"inLanguage":"de","potentialAction":[{"@type":"ReadAction","target":["https:\/\/www.organisator.ch\/human-resources\/hrm\/2018-07-10\/arbeitgeberattraktivitaet-welche-faktoren-zaehlen-heute\/"]}]},{"@type":"ImageObject","inLanguage":"de","@id":"https:\/\/www.organisator.ch\/human-resources\/hrm\/2018-07-10\/arbeitgeberattraktivitaet-welche-faktoren-zaehlen-heute\/#primaryimage","url":"https:\/\/www.organisator.ch\/wp-content\/uploads\/2018\/07\/Qualitaetsgesicherte-Informationen-zu-allen-relevanten-Health-Apps-mq-management-u-qualitaet.jpg","contentUrl":"https:\/\/www.organisator.ch\/wp-content\/uploads\/2018\/07\/Qualitaetsgesicherte-Informationen-zu-allen-relevanten-Health-Apps-mq-management-u-qualitaet.jpg","width":1000,"height":667,"caption":"Suite&Co erforscht Recruiting Trends 2018: Fachkr\u00e4fte und Personaler bewerten Thema Arbeitgeberattraktivit\u00e4t unterschiedlich. Die N\u00e4he zum Wohnort gewichten Fachkr\u00e4fte als am wichtigsten. (Bild: depositphotos)"},{"@type":"BreadcrumbList","@id":"https:\/\/www.organisator.ch\/human-resources\/hrm\/2018-07-10\/arbeitgeberattraktivitaet-welche-faktoren-zaehlen-heute\/#breadcrumb","itemListElement":[{"@type":"ListItem","position":1,"name":"Home","item":"https:\/\/www.organisator.ch\/"},{"@type":"ListItem","position":2,"name":"Arbeitgeberattraktivit\u00e4t: Welche Faktoren z\u00e4hlen heute?"}]},{"@type":"WebSite","@id":"https:\/\/www.organisator.ch\/#website","url":"https:\/\/www.organisator.ch\/","name":"Organisator","description":"Kompetent. Praxisnah. Der ORGANISATOR bereitet in 10 Ausgaben pro Jahr die wesentlichen Themen f\u00fcr F\u00fchrungskr\u00e4fte von KMU auf.","publisher":{"@id":"https:\/\/www.organisator.ch\/#organization"},"potentialAction":[{"@type":"SearchAction","target":{"@type":"EntryPoint","urlTemplate":"https:\/\/www.organisator.ch\/?s={search_term_string}"},"query-input":{"@type":"PropertyValueSpecification","valueRequired":true,"valueName":"search_term_string"}}],"inLanguage":"de"},{"@type":"Organization","@id":"https:\/\/www.organisator.ch\/#organization","name":"Organisator","url":"https:\/\/www.organisator.ch\/","logo":{"@type":"ImageObject","inLanguage":"de","@id":"https:\/\/www.organisator.ch\/#\/schema\/logo\/image\/","url":"https:\/\/www.organisator.ch\/wp-content\/uploads\/2022\/01\/Logo_Organisator_Website.png","contentUrl":"https:\/\/www.organisator.ch\/wp-content\/uploads\/2022\/01\/Logo_Organisator_Website.png","width":800,"height":77,"caption":"Organisator"},"image":{"@id":"https:\/\/www.organisator.ch\/#\/schema\/logo\/image\/"},"sameAs":["https:\/\/www.facebook.com\/OrganisatorFachmagazin","https:\/\/www.linkedin.com\/showcase\/organisator-das-magazin-fr-kmu","https:\/\/www.xing.com\/news\/pages\/organisator-ch-695","https:\/\/www.youtube.com\/channel\/UCGP2Sq0iWaZwT3BdIAQFYpw"]},{"@type":"Person","@id":"https:\/\/www.organisator.ch\/#\/schema\/person\/134708ca9321c57b0362cceb7948ffbd","name":"michael.merz","image":{"@type":"ImageObject","inLanguage":"de","@id":"https:\/\/secure.gravatar.com\/avatar\/?s=96&d=mm&r=g","url":"https:\/\/secure.gravatar.com\/avatar\/?s=96&d=mm&r=g","contentUrl":"https:\/\/secure.gravatar.com\/avatar\/?s=96&d=mm&r=g","caption":"michael.merz"},"url":"https:\/\/www.organisator.ch\/de\/author\/michael-merz\/"}]}},"_links":{"self":[{"href":"https:\/\/www.organisator.ch\/de\/wp-json\/wp\/v2\/posts\/3914","targetHints":{"allow":["GET"]}}],"collection":[{"href":"https:\/\/www.organisator.ch\/de\/wp-json\/wp\/v2\/posts"}],"about":[{"href":"https:\/\/www.organisator.ch\/de\/wp-json\/wp\/v2\/types\/post"}],"author":[{"embeddable":true,"href":"https:\/\/www.organisator.ch\/de\/wp-json\/wp\/v2\/users\/5"}],"replies":[{"embeddable":true,"href":"https:\/\/www.organisator.ch\/de\/wp-json\/wp\/v2\/comments?post=3914"}],"version-history":[{"count":2,"href":"https:\/\/www.organisator.ch\/de\/wp-json\/wp\/v2\/posts\/3914\/revisions"}],"predecessor-version":[{"id":16233,"href":"https:\/\/www.organisator.ch\/de\/wp-json\/wp\/v2\/posts\/3914\/revisions\/16233"}],"wp:featuredmedia":[{"embeddable":true,"href":"https:\/\/www.organisator.ch\/de\/wp-json\/wp\/v2\/media\/3915"}],"wp:attachment":[{"href":"https:\/\/www.organisator.ch\/de\/wp-json\/wp\/v2\/media?parent=3914"}],"wp:term":[{"taxonomy":"category","embeddable":true,"href":"https:\/\/www.organisator.ch\/de\/wp-json\/wp\/v2\/categories?post=3914"},{"taxonomy":"post_tag","embeddable":true,"href":"https:\/\/www.organisator.ch\/de\/wp-json\/wp\/v2\/tags?post=3914"}],"curies":[{"name":"wp","href":"https:\/\/api.w.org\/{rel}","templated":true}]}}