{"id":39165,"date":"2025-06-20T08:17:38","date_gmt":"2025-06-20T06:17:38","guid":{"rendered":"https:\/\/www.organisator.ch\/?p=39165"},"modified":"2025-06-20T08:17:38","modified_gmt":"2025-06-20T06:17:38","slug":"neue-ausrichtung-der-fachhochschule-hwz","status":"publish","type":"post","link":"https:\/\/www.organisator.ch\/de\/weiterbildung\/2025-06-20\/neue-ausrichtung-der-fachhochschule-hwz\/","title":{"rendered":"Neue Ausrichtung der Fachhochschule HWZ"},"content":{"rendered":"<figure id=\"attachment_39166\" aria-describedby=\"caption-attachment-39166\" style=\"width: 680px\" class=\"wp-caption alignnone\"><img loading=\"lazy\" decoding=\"async\" class=\"size-full wp-image-39166\" src=\"https:\/\/www.organisator.ch\/wp-content\/uploads\/2025\/06\/Neue-Ausrichtung-der-Fachhochschule-HWZ_Organisator.jpg\" alt=\"\" width=\"680\" height=\"529\" srcset=\"https:\/\/www.organisator.ch\/wp-content\/uploads\/2025\/06\/Neue-Ausrichtung-der-Fachhochschule-HWZ_Organisator.jpg 680w, https:\/\/www.organisator.ch\/wp-content\/uploads\/2025\/06\/Neue-Ausrichtung-der-Fachhochschule-HWZ_Organisator-15x12.jpg 15w, https:\/\/www.organisator.ch\/wp-content\/uploads\/2025\/06\/Neue-Ausrichtung-der-Fachhochschule-HWZ_Organisator-375x292.jpg 375w, https:\/\/www.organisator.ch\/wp-content\/uploads\/2025\/06\/Neue-Ausrichtung-der-Fachhochschule-HWZ_Organisator-450x350.jpg 450w\" sizes=\"auto, (max-width: 680px) 100vw, 680px\" \/><figcaption id=\"caption-attachment-39166\" class=\"wp-caption-text\">Die HWZ Hochschule f\u00fcr Wirtschaft Z\u00fcrich \u2013 hier das Hauptgeb\u00e4ude \u2013 richtet sich organisatorisch neu aus. (Bild: zVg)<\/figcaption><\/figure>\n<p>Mit der neu geschaffenen erweiterten Schulleitung etabliert die HWZ Hochschule f\u00fcr Wirtschaft Z\u00fcrich ein bereichs\u00fcbergreifendes Gremium, das die strategische Weiterentwicklung der Hochschule verantwortet. Das diverse Team vereint zentrale Funktionen, unter anderem aus Lehre, Verwaltung, Forschung und Kommunikation, und ebnet den Weg f\u00fcr die Zukunft der Fachhochschule HWZ. Prof. Dr. Brian R\u00fceger, Rektor der HWZ, betont die Bedeutung der neuen Struktur: \u00abMit der erweiterten Schulleitung stellen wir die strategischen Weichen f\u00fcr die Zukunft der HWZ. Sie vereint zentrale Kompetenzen, vernetzt Perspektiven und schafft durch ihre vielf\u00e4ltige und ausgewogene Zusammensetzung die Grundlage daf\u00fcr, unsere Hochschule in einem dynamischen Bildungsumfeld nachhaltig weiterzuentwickeln.\u00bb<\/p>\n<h3>Schulleitung fokussiert sich auf das operative Gesch\u00e4ft<\/h3>\n<p>Die bestehende Schulleitung ist Teil der erweiterten Schulleitung. Zus\u00e4tzlich verantwortet die Schulleitung weiterhin das operative Tagesgesch\u00e4ft und stellt die Umsetzung des Hochschulbetriebs sicher. Sie setzt sich zusammen aus Prof. Dr. Brian R\u00fceger, Rektor, Peter Statz, Leitung Departement Management &amp; Leadership und Stv. Rektor, Dr. Urs J\u00e4ckli, Leitung Departement Ausbildung, und Christian M\u00fcller, Leitung Finanzen. Neues Mitglied ist Prof. Dr. Michael Klaas, der seit Mai als Head of Business Development die strategische Weiterentwicklung der HWZ mitgestaltet. Mit der neuen Struktur aus operativer und strategischer F\u00fchrung wird eine klare Aufgabentrennung geschaffen, die Entscheidungswege verk\u00fcrzt und Raum f\u00fcr Innovation schafft.<\/p>\n<h3>Departemente entwickeln sich zu vernetzten \u00d6kosystemen<\/h3>\n<p>Im Rahmen der Neuausrichtung \u00fcbernehmen die Departemente eine tragende Rolle in der Transformation der HWZ: Sie entwickeln sich von klassischen Facheinheiten zu dynamischen, vernetzten \u00d6kosystemen, die bereichs\u00fcbergreifend wirken und aktiv zur Profilierung der Hochschule beitragen. Im Zentrum steht eine verst\u00e4rkte Zusammenarbeit \u2013 sowohl innerhalb der HWZ als auch mit externen Partnern aus Wissenschaft, Wirtschaft und Gesellschaft. Die Departemente tragen die fachliche Verantwortung f\u00fcr die kontinuierliche Weiterentwicklung bestehender und neuer Weiterbildungsangebote. Gleichzeitig bauen sie gezielt strategische Kooperationen und Netzwerke aus. Dar\u00fcber hinaus sch\u00e4rfen und erweitern sie das Forschungsportfolio, forcieren die Drittmittelakquise und gestalten als inhaltliche Impulsgeber die Weiterentwicklung der Ausbildung entscheidend mit.<\/p>\n<p><em>Quelle: <a href=\"http:\/\/www.fh-hwz.ch\">HWZ<\/a><\/em><\/p>\n","protected":false},"excerpt":{"rendered":"<p>Die HWZ Hochschule f\u00fcr Wirtschaft Z\u00fcrich richtet ihre Organisation neu aus und treibt damit ihre Weiterentwicklung gezielt voran. Im Zentrum dieser Transformation stehen die neue erweiterte Schulleitung sowie die Neuausrichtung der Departemente als agile, vernetzte \u00d6kosysteme.<\/p>\n","protected":false},"author":4,"featured_media":39166,"comment_status":"closed","ping_status":"closed","sticky":false,"template":"","format":"standard","meta":{"_acf_changed":false,"_yoast_wpseo_focuskw":"Fachhochschule HWZ","_yoast_wpseo_metadesc":"Die Fachhochschule HWZ richtet ihre Organisation neu aus und treibt damit ihre Weiterentwicklung gezielt voran.","articlekey":"","footnotes":""},"categories":[30],"tags":[62,192,334],"class_list":["post-39165","post","type-post","status-publish","format-standard","has-post-thumbnail","hentry","category-weiterbildung","tag-aus-weiterbildung","tag-fachhochschulen","tag-management"],"acf":[],"yoast_head":"<!-- This site is optimized with the Yoast SEO plugin v27.4 - https:\/\/yoast.com\/product\/yoast-seo-wordpress\/ -->\n<title>Neue Ausrichtung der Fachhochschule HWZ - Organisator<\/title>\n<meta name=\"description\" content=\"Die Fachhochschule HWZ richtet ihre Organisation neu aus und treibt damit ihre Weiterentwicklung gezielt voran.\" \/>\n<meta name=\"robots\" content=\"index, follow, max-snippet:-1, max-image-preview:large, max-video-preview:-1\" \/>\n<link rel=\"canonical\" href=\"https:\/\/www.organisator.ch\/de\/weiterbildung\/2025-06-20\/neue-ausrichtung-der-fachhochschule-hwz\/\" \/>\n<meta property=\"og:locale\" content=\"de_DE\" \/>\n<meta property=\"og:type\" content=\"article\" \/>\n<meta property=\"og:title\" content=\"Neue Ausrichtung der Fachhochschule HWZ\" \/>\n<meta property=\"og:description\" content=\"Die Fachhochschule HWZ richtet ihre Organisation neu aus und treibt damit ihre Weiterentwicklung gezielt voran.\" \/>\n<meta property=\"og:url\" content=\"https:\/\/www.organisator.ch\/de\/weiterbildung\/2025-06-20\/neue-ausrichtung-der-fachhochschule-hwz\/\" \/>\n<meta property=\"og:site_name\" content=\"Organisator\" \/>\n<meta property=\"article:publisher\" content=\"https:\/\/www.facebook.com\/OrganisatorFachmagazin\" \/>\n<meta property=\"article:published_time\" content=\"2025-06-20T06:17:38+00:00\" \/>\n<meta property=\"og:image\" content=\"https:\/\/www.organisator.ch\/wp-content\/uploads\/2025\/06\/Neue-Ausrichtung-der-Fachhochschule-HWZ_Organisator.jpg\" \/>\n\t<meta property=\"og:image:width\" content=\"680\" \/>\n\t<meta property=\"og:image:height\" content=\"529\" \/>\n\t<meta property=\"og:image:type\" content=\"image\/jpeg\" \/>\n<meta name=\"author\" content=\"thomas.berner\" \/>\n<meta name=\"twitter:card\" content=\"summary_large_image\" \/>\n<meta name=\"twitter:title\" content=\"Neue Ausrichtung der #Fachhochschule #HWZ\" \/>\n<meta name=\"twitter:description\" content=\"Die #Fachhochschule #HWZ richtet ihre Organisation neu aus und treibt damit ihre Weiterentwicklung gezielt voran.\" \/>\n<meta name=\"twitter:image\" content=\"https:\/\/www.organisator.ch\/wp-content\/uploads\/2025\/06\/Neue-Ausrichtung-der-Fachhochschule-HWZ_Organisator.jpg\" \/>\n<script type=\"application\/ld+json\" class=\"yoast-schema-graph\">{\"@context\":\"https:\\\/\\\/schema.org\",\"@graph\":[{\"@type\":\"Article\",\"@id\":\"https:\\\/\\\/www.organisator.ch\\\/weiterbildung\\\/2025-06-20\\\/neue-ausrichtung-der-fachhochschule-hwz\\\/#article\",\"isPartOf\":{\"@id\":\"https:\\\/\\\/www.organisator.ch\\\/weiterbildung\\\/2025-06-20\\\/neue-ausrichtung-der-fachhochschule-hwz\\\/\"},\"author\":{\"name\":\"thomas.berner\",\"@id\":\"https:\\\/\\\/www.organisator.ch\\\/#\\\/schema\\\/person\\\/6f650f90b2842cd4c0cc334b4e36f67e\"},\"headline\":\"Neue Ausrichtung der Fachhochschule HWZ\",\"datePublished\":\"2025-06-20T06:17:38+00:00\",\"mainEntityOfPage\":{\"@id\":\"https:\\\/\\\/www.organisator.ch\\\/weiterbildung\\\/2025-06-20\\\/neue-ausrichtung-der-fachhochschule-hwz\\\/\"},\"wordCount\":364,\"publisher\":{\"@id\":\"https:\\\/\\\/www.organisator.ch\\\/#organization\"},\"image\":{\"@id\":\"https:\\\/\\\/www.organisator.ch\\\/weiterbildung\\\/2025-06-20\\\/neue-ausrichtung-der-fachhochschule-hwz\\\/#primaryimage\"},\"thumbnailUrl\":\"https:\\\/\\\/www.organisator.ch\\\/wp-content\\\/uploads\\\/2025\\\/06\\\/Neue-Ausrichtung-der-Fachhochschule-HWZ_Organisator.jpg\",\"keywords\":[\"Aus-\\\/Weiterbildung\",\"Fachhochschulen\",\"Management\"],\"articleSection\":[\"WEITERBILDUNG\"],\"inLanguage\":\"de\"},{\"@type\":\"WebPage\",\"@id\":\"https:\\\/\\\/www.organisator.ch\\\/weiterbildung\\\/2025-06-20\\\/neue-ausrichtung-der-fachhochschule-hwz\\\/\",\"url\":\"https:\\\/\\\/www.organisator.ch\\\/weiterbildung\\\/2025-06-20\\\/neue-ausrichtung-der-fachhochschule-hwz\\\/\",\"name\":\"Neue Ausrichtung der Fachhochschule HWZ - Organisator\",\"isPartOf\":{\"@id\":\"https:\\\/\\\/www.organisator.ch\\\/#website\"},\"primaryImageOfPage\":{\"@id\":\"https:\\\/\\\/www.organisator.ch\\\/weiterbildung\\\/2025-06-20\\\/neue-ausrichtung-der-fachhochschule-hwz\\\/#primaryimage\"},\"image\":{\"@id\":\"https:\\\/\\\/www.organisator.ch\\\/weiterbildung\\\/2025-06-20\\\/neue-ausrichtung-der-fachhochschule-hwz\\\/#primaryimage\"},\"thumbnailUrl\":\"https:\\\/\\\/www.organisator.ch\\\/wp-content\\\/uploads\\\/2025\\\/06\\\/Neue-Ausrichtung-der-Fachhochschule-HWZ_Organisator.jpg\",\"datePublished\":\"2025-06-20T06:17:38+00:00\",\"description\":\"Die Fachhochschule HWZ richtet ihre Organisation neu aus und treibt damit ihre Weiterentwicklung gezielt voran.\",\"breadcrumb\":{\"@id\":\"https:\\\/\\\/www.organisator.ch\\\/weiterbildung\\\/2025-06-20\\\/neue-ausrichtung-der-fachhochschule-hwz\\\/#breadcrumb\"},\"inLanguage\":\"de\",\"potentialAction\":[{\"@type\":\"ReadAction\",\"target\":[\"https:\\\/\\\/www.organisator.ch\\\/weiterbildung\\\/2025-06-20\\\/neue-ausrichtung-der-fachhochschule-hwz\\\/\"]}]},{\"@type\":\"ImageObject\",\"inLanguage\":\"de\",\"@id\":\"https:\\\/\\\/www.organisator.ch\\\/weiterbildung\\\/2025-06-20\\\/neue-ausrichtung-der-fachhochschule-hwz\\\/#primaryimage\",\"url\":\"https:\\\/\\\/www.organisator.ch\\\/wp-content\\\/uploads\\\/2025\\\/06\\\/Neue-Ausrichtung-der-Fachhochschule-HWZ_Organisator.jpg\",\"contentUrl\":\"https:\\\/\\\/www.organisator.ch\\\/wp-content\\\/uploads\\\/2025\\\/06\\\/Neue-Ausrichtung-der-Fachhochschule-HWZ_Organisator.jpg\",\"width\":680,\"height\":529,\"caption\":\"Die HWZ Hochschule f\u00fcr Wirtschaft Z\u00fcrich - hier das Hauptgeb\u00e4ude - richtet sich organisatorisch neu aus. (Bild: zVg)\"},{\"@type\":\"BreadcrumbList\",\"@id\":\"https:\\\/\\\/www.organisator.ch\\\/weiterbildung\\\/2025-06-20\\\/neue-ausrichtung-der-fachhochschule-hwz\\\/#breadcrumb\",\"itemListElement\":[{\"@type\":\"ListItem\",\"position\":1,\"name\":\"Home\",\"item\":\"https:\\\/\\\/www.organisator.ch\\\/\"},{\"@type\":\"ListItem\",\"position\":2,\"name\":\"Neue Ausrichtung der Fachhochschule HWZ\"}]},{\"@type\":\"WebSite\",\"@id\":\"https:\\\/\\\/www.organisator.ch\\\/#website\",\"url\":\"https:\\\/\\\/www.organisator.ch\\\/\",\"name\":\"Organisator\",\"description\":\"Kompetent. Praxisnah. Der ORGANISATOR bereitet in 10 Ausgaben pro Jahr die wesentlichen Themen f\u00fcr F\u00fchrungskr\u00e4fte von KMU auf.\",\"publisher\":{\"@id\":\"https:\\\/\\\/www.organisator.ch\\\/#organization\"},\"potentialAction\":[{\"@type\":\"SearchAction\",\"target\":{\"@type\":\"EntryPoint\",\"urlTemplate\":\"https:\\\/\\\/www.organisator.ch\\\/?s={search_term_string}\"},\"query-input\":{\"@type\":\"PropertyValueSpecification\",\"valueRequired\":true,\"valueName\":\"search_term_string\"}}],\"inLanguage\":\"de\"},{\"@type\":\"Organization\",\"@id\":\"https:\\\/\\\/www.organisator.ch\\\/#organization\",\"name\":\"Organisator\",\"url\":\"https:\\\/\\\/www.organisator.ch\\\/\",\"logo\":{\"@type\":\"ImageObject\",\"inLanguage\":\"de\",\"@id\":\"https:\\\/\\\/www.organisator.ch\\\/#\\\/schema\\\/logo\\\/image\\\/\",\"url\":\"https:\\\/\\\/www.organisator.ch\\\/wp-content\\\/uploads\\\/2022\\\/01\\\/Logo_Organisator_Website.png\",\"contentUrl\":\"https:\\\/\\\/www.organisator.ch\\\/wp-content\\\/uploads\\\/2022\\\/01\\\/Logo_Organisator_Website.png\",\"width\":800,\"height\":77,\"caption\":\"Organisator\"},\"image\":{\"@id\":\"https:\\\/\\\/www.organisator.ch\\\/#\\\/schema\\\/logo\\\/image\\\/\"},\"sameAs\":[\"https:\\\/\\\/www.facebook.com\\\/OrganisatorFachmagazin\",\"https:\\\/\\\/www.linkedin.com\\\/showcase\\\/organisator-das-magazin-fr-kmu\",\"https:\\\/\\\/www.xing.com\\\/news\\\/pages\\\/organisator-ch-695\",\"https:\\\/\\\/www.youtube.com\\\/channel\\\/UCGP2Sq0iWaZwT3BdIAQFYpw\"]},{\"@type\":\"Person\",\"@id\":\"https:\\\/\\\/www.organisator.ch\\\/#\\\/schema\\\/person\\\/6f650f90b2842cd4c0cc334b4e36f67e\",\"name\":\"thomas.berner\",\"image\":{\"@type\":\"ImageObject\",\"inLanguage\":\"de\",\"@id\":\"https:\\\/\\\/secure.gravatar.com\\\/avatar\\\/ac5001d2a36cb6c6cd3e50789007ffca834b477b74a2144564522e944eabff61?s=96&d=mm&r=g\",\"url\":\"https:\\\/\\\/secure.gravatar.com\\\/avatar\\\/ac5001d2a36cb6c6cd3e50789007ffca834b477b74a2144564522e944eabff61?s=96&d=mm&r=g\",\"contentUrl\":\"https:\\\/\\\/secure.gravatar.com\\\/avatar\\\/ac5001d2a36cb6c6cd3e50789007ffca834b477b74a2144564522e944eabff61?s=96&d=mm&r=g\",\"caption\":\"thomas.berner\"},\"url\":\"https:\\\/\\\/www.organisator.ch\\\/de\\\/author\\\/thomas-berner\\\/\"}]}<\/script>\n<!-- \/ Yoast SEO plugin. -->","yoast_head_json":{"title":"Neue Ausrichtung der Fachhochschule HWZ - Organisator","description":"Die Fachhochschule HWZ richtet ihre Organisation neu aus und treibt damit ihre Weiterentwicklung gezielt voran.","robots":{"index":"index","follow":"follow","max-snippet":"max-snippet:-1","max-image-preview":"max-image-preview:large","max-video-preview":"max-video-preview:-1"},"canonical":"https:\/\/www.organisator.ch\/de\/weiterbildung\/2025-06-20\/neue-ausrichtung-der-fachhochschule-hwz\/","og_locale":"de_DE","og_type":"article","og_title":"Neue Ausrichtung der Fachhochschule HWZ","og_description":"Die Fachhochschule HWZ richtet ihre Organisation neu aus und treibt damit ihre Weiterentwicklung gezielt voran.","og_url":"https:\/\/www.organisator.ch\/de\/weiterbildung\/2025-06-20\/neue-ausrichtung-der-fachhochschule-hwz\/","og_site_name":"Organisator","article_publisher":"https:\/\/www.facebook.com\/OrganisatorFachmagazin","article_published_time":"2025-06-20T06:17:38+00:00","og_image":[{"width":680,"height":529,"url":"https:\/\/www.organisator.ch\/wp-content\/uploads\/2025\/06\/Neue-Ausrichtung-der-Fachhochschule-HWZ_Organisator.jpg","type":"image\/jpeg"}],"author":"thomas.berner","twitter_card":"summary_large_image","twitter_title":"Neue Ausrichtung der #Fachhochschule #HWZ","twitter_description":"Die #Fachhochschule #HWZ richtet ihre Organisation neu aus und treibt damit ihre Weiterentwicklung gezielt voran.","twitter_image":"https:\/\/www.organisator.ch\/wp-content\/uploads\/2025\/06\/Neue-Ausrichtung-der-Fachhochschule-HWZ_Organisator.jpg","schema":{"@context":"https:\/\/schema.org","@graph":[{"@type":"Article","@id":"https:\/\/www.organisator.ch\/weiterbildung\/2025-06-20\/neue-ausrichtung-der-fachhochschule-hwz\/#article","isPartOf":{"@id":"https:\/\/www.organisator.ch\/weiterbildung\/2025-06-20\/neue-ausrichtung-der-fachhochschule-hwz\/"},"author":{"name":"thomas.berner","@id":"https:\/\/www.organisator.ch\/#\/schema\/person\/6f650f90b2842cd4c0cc334b4e36f67e"},"headline":"Neue Ausrichtung der Fachhochschule HWZ","datePublished":"2025-06-20T06:17:38+00:00","mainEntityOfPage":{"@id":"https:\/\/www.organisator.ch\/weiterbildung\/2025-06-20\/neue-ausrichtung-der-fachhochschule-hwz\/"},"wordCount":364,"publisher":{"@id":"https:\/\/www.organisator.ch\/#organization"},"image":{"@id":"https:\/\/www.organisator.ch\/weiterbildung\/2025-06-20\/neue-ausrichtung-der-fachhochschule-hwz\/#primaryimage"},"thumbnailUrl":"https:\/\/www.organisator.ch\/wp-content\/uploads\/2025\/06\/Neue-Ausrichtung-der-Fachhochschule-HWZ_Organisator.jpg","keywords":["Aus-\/Weiterbildung","Fachhochschulen","Management"],"articleSection":["WEITERBILDUNG"],"inLanguage":"de"},{"@type":"WebPage","@id":"https:\/\/www.organisator.ch\/weiterbildung\/2025-06-20\/neue-ausrichtung-der-fachhochschule-hwz\/","url":"https:\/\/www.organisator.ch\/weiterbildung\/2025-06-20\/neue-ausrichtung-der-fachhochschule-hwz\/","name":"Neue Ausrichtung der Fachhochschule HWZ - Organisator","isPartOf":{"@id":"https:\/\/www.organisator.ch\/#website"},"primaryImageOfPage":{"@id":"https:\/\/www.organisator.ch\/weiterbildung\/2025-06-20\/neue-ausrichtung-der-fachhochschule-hwz\/#primaryimage"},"image":{"@id":"https:\/\/www.organisator.ch\/weiterbildung\/2025-06-20\/neue-ausrichtung-der-fachhochschule-hwz\/#primaryimage"},"thumbnailUrl":"https:\/\/www.organisator.ch\/wp-content\/uploads\/2025\/06\/Neue-Ausrichtung-der-Fachhochschule-HWZ_Organisator.jpg","datePublished":"2025-06-20T06:17:38+00:00","description":"Die Fachhochschule HWZ richtet ihre Organisation neu aus und treibt damit ihre Weiterentwicklung gezielt voran.","breadcrumb":{"@id":"https:\/\/www.organisator.ch\/weiterbildung\/2025-06-20\/neue-ausrichtung-der-fachhochschule-hwz\/#breadcrumb"},"inLanguage":"de","potentialAction":[{"@type":"ReadAction","target":["https:\/\/www.organisator.ch\/weiterbildung\/2025-06-20\/neue-ausrichtung-der-fachhochschule-hwz\/"]}]},{"@type":"ImageObject","inLanguage":"de","@id":"https:\/\/www.organisator.ch\/weiterbildung\/2025-06-20\/neue-ausrichtung-der-fachhochschule-hwz\/#primaryimage","url":"https:\/\/www.organisator.ch\/wp-content\/uploads\/2025\/06\/Neue-Ausrichtung-der-Fachhochschule-HWZ_Organisator.jpg","contentUrl":"https:\/\/www.organisator.ch\/wp-content\/uploads\/2025\/06\/Neue-Ausrichtung-der-Fachhochschule-HWZ_Organisator.jpg","width":680,"height":529,"caption":"Die HWZ Hochschule f\u00fcr Wirtschaft Z\u00fcrich - hier das Hauptgeb\u00e4ude - richtet sich organisatorisch neu aus. (Bild: zVg)"},{"@type":"BreadcrumbList","@id":"https:\/\/www.organisator.ch\/weiterbildung\/2025-06-20\/neue-ausrichtung-der-fachhochschule-hwz\/#breadcrumb","itemListElement":[{"@type":"ListItem","position":1,"name":"Home","item":"https:\/\/www.organisator.ch\/"},{"@type":"ListItem","position":2,"name":"Neue Ausrichtung der Fachhochschule HWZ"}]},{"@type":"WebSite","@id":"https:\/\/www.organisator.ch\/#website","url":"https:\/\/www.organisator.ch\/","name":"Organisator","description":"Kompetent. Praxisnah. Der ORGANISATOR bereitet in 10 Ausgaben pro Jahr die wesentlichen Themen f\u00fcr F\u00fchrungskr\u00e4fte von KMU auf.","publisher":{"@id":"https:\/\/www.organisator.ch\/#organization"},"potentialAction":[{"@type":"SearchAction","target":{"@type":"EntryPoint","urlTemplate":"https:\/\/www.organisator.ch\/?s={search_term_string}"},"query-input":{"@type":"PropertyValueSpecification","valueRequired":true,"valueName":"search_term_string"}}],"inLanguage":"de"},{"@type":"Organization","@id":"https:\/\/www.organisator.ch\/#organization","name":"Organisator","url":"https:\/\/www.organisator.ch\/","logo":{"@type":"ImageObject","inLanguage":"de","@id":"https:\/\/www.organisator.ch\/#\/schema\/logo\/image\/","url":"https:\/\/www.organisator.ch\/wp-content\/uploads\/2022\/01\/Logo_Organisator_Website.png","contentUrl":"https:\/\/www.organisator.ch\/wp-content\/uploads\/2022\/01\/Logo_Organisator_Website.png","width":800,"height":77,"caption":"Organisator"},"image":{"@id":"https:\/\/www.organisator.ch\/#\/schema\/logo\/image\/"},"sameAs":["https:\/\/www.facebook.com\/OrganisatorFachmagazin","https:\/\/www.linkedin.com\/showcase\/organisator-das-magazin-fr-kmu","https:\/\/www.xing.com\/news\/pages\/organisator-ch-695","https:\/\/www.youtube.com\/channel\/UCGP2Sq0iWaZwT3BdIAQFYpw"]},{"@type":"Person","@id":"https:\/\/www.organisator.ch\/#\/schema\/person\/6f650f90b2842cd4c0cc334b4e36f67e","name":"thomas.berner","image":{"@type":"ImageObject","inLanguage":"de","@id":"https:\/\/secure.gravatar.com\/avatar\/ac5001d2a36cb6c6cd3e50789007ffca834b477b74a2144564522e944eabff61?s=96&d=mm&r=g","url":"https:\/\/secure.gravatar.com\/avatar\/ac5001d2a36cb6c6cd3e50789007ffca834b477b74a2144564522e944eabff61?s=96&d=mm&r=g","contentUrl":"https:\/\/secure.gravatar.com\/avatar\/ac5001d2a36cb6c6cd3e50789007ffca834b477b74a2144564522e944eabff61?s=96&d=mm&r=g","caption":"thomas.berner"},"url":"https:\/\/www.organisator.ch\/de\/author\/thomas-berner\/"}]}},"_links":{"self":[{"href":"https:\/\/www.organisator.ch\/de\/wp-json\/wp\/v2\/posts\/39165","targetHints":{"allow":["GET"]}}],"collection":[{"href":"https:\/\/www.organisator.ch\/de\/wp-json\/wp\/v2\/posts"}],"about":[{"href":"https:\/\/www.organisator.ch\/de\/wp-json\/wp\/v2\/types\/post"}],"author":[{"embeddable":true,"href":"https:\/\/www.organisator.ch\/de\/wp-json\/wp\/v2\/users\/4"}],"replies":[{"embeddable":true,"href":"https:\/\/www.organisator.ch\/de\/wp-json\/wp\/v2\/comments?post=39165"}],"version-history":[{"count":3,"href":"https:\/\/www.organisator.ch\/de\/wp-json\/wp\/v2\/posts\/39165\/revisions"}],"predecessor-version":[{"id":39222,"href":"https:\/\/www.organisator.ch\/de\/wp-json\/wp\/v2\/posts\/39165\/revisions\/39222"}],"wp:featuredmedia":[{"embeddable":true,"href":"https:\/\/www.organisator.ch\/de\/wp-json\/wp\/v2\/media\/39166"}],"wp:attachment":[{"href":"https:\/\/www.organisator.ch\/de\/wp-json\/wp\/v2\/media?parent=39165"}],"wp:term":[{"taxonomy":"category","embeddable":true,"href":"https:\/\/www.organisator.ch\/de\/wp-json\/wp\/v2\/categories?post=39165"},{"taxonomy":"post_tag","embeddable":true,"href":"https:\/\/www.organisator.ch\/de\/wp-json\/wp\/v2\/tags?post=39165"}],"curies":[{"name":"wp","href":"https:\/\/api.w.org\/{rel}","templated":true}]}}