{"id":39197,"date":"2025-06-23T13:26:24","date_gmt":"2025-06-23T11:26:24","guid":{"rendered":"https:\/\/www.markt-kom.com\/?p=236485"},"modified":"2025-06-23T13:49:46","modified_gmt":"2025-06-23T11:49:46","slug":"adesso-studie-unternehmen-fordern-genai-made-in-europe","status":"publish","type":"post","link":"https:\/\/www.organisator.ch\/de\/management\/2025-06-23\/adesso-studie-unternehmen-fordern-genai-made-in-europe\/","title":{"rendered":"Adesso-Studie: Unternehmen fordern \u00abGenAI made in Europe\u00bb\u200b"},"content":{"rendered":"<p><img class=\"alignnone size-full wp-image-236486\" src=\"https:\/\/www.markt-kom.com\/wp-content\/uploads\/2025\/06\/GenAI-Study_graphics2_DE-scaled.jpg\" sizes=\"(max-width: 1300px) 100vw, 1300px\" srcset=\"https:\/\/www.markt-kom.com\/wp-content\/uploads\/2025\/06\/GenAI-Study_graphics2_DE-scaled.jpg 1300w, https:\/\/www.markt-kom.com\/wp-content\/uploads\/2025\/06\/GenAI-Study_graphics2_DE-600x429.jpg 600w, https:\/\/www.markt-kom.com\/wp-content\/uploads\/2025\/06\/GenAI-Study_graphics2_DE-1024x732.jpg 1024w, https:\/\/www.markt-kom.com\/wp-content\/uploads\/2025\/06\/GenAI-Study_graphics2_DE-768x549.jpg 768w, https:\/\/www.markt-kom.com\/wp-content\/uploads\/2025\/06\/GenAI-Study_graphics2_DE-1536x1097.jpg 1536w, https:\/\/www.markt-kom.com\/wp-content\/uploads\/2025\/06\/GenAI-Study_graphics2_DE-2048x1463.jpg 2048w, https:\/\/www.markt-kom.com\/wp-content\/uploads\/2025\/06\/GenAI-Study_graphics2_DE-18x12.jpg 18w, https:\/\/www.markt-kom.com\/wp-content\/uploads\/2025\/06\/GenAI-Study_graphics2_DE-245x175.jpg 245w, https:\/\/www.markt-kom.com\/wp-content\/uploads\/2025\/06\/GenAI-Study_graphics2_DE-490x350.jpg 490w, https:\/\/www.markt-kom.com\/wp-content\/uploads\/2025\/06\/GenAI-Study_graphics2_DE-1000x715.jpg 1000w\" alt=\"\" width=\"1300\" height=\"929\" \/>Die Schweiz und die EU spielen im weltweiten KI-Rennen nicht die erste Geige. Das soll sich \u00e4ndern. Anfang des Jahres k\u00fcndigte die Europ\u00e4ische Union auf dem KI-Gipfel in Paris umfangreiche Investitionen in die KI-Branche an, um im globalen Wettbewerb aufzuholen und die technologische Souver\u00e4nit\u00e4t Europas zu st\u00e4rken. Gemeinsam mit einem klaren Fokus auf die Entwicklung von sicherer und ethischer KI sollen diese Investitionen Europa zu einer weltweiten F\u00fchrungsrolle verhelfen.<\/p>\r\n<p><img class=\"alignnone size-full wp-image-236488\" src=\"https:\/\/www.markt-kom.com\/wp-content\/uploads\/2025\/06\/GenAI-Study_graphics1_DE-scaled.png\" sizes=\"(max-width: 1300px) 100vw, 1300px\" srcset=\"https:\/\/www.markt-kom.com\/wp-content\/uploads\/2025\/06\/GenAI-Study_graphics1_DE-scaled.png 1300w, https:\/\/www.markt-kom.com\/wp-content\/uploads\/2025\/06\/GenAI-Study_graphics1_DE-600x429.png 600w, https:\/\/www.markt-kom.com\/wp-content\/uploads\/2025\/06\/GenAI-Study_graphics1_DE-1024x732.png 1024w, https:\/\/www.markt-kom.com\/wp-content\/uploads\/2025\/06\/GenAI-Study_graphics1_DE-768x549.png 768w, https:\/\/www.markt-kom.com\/wp-content\/uploads\/2025\/06\/GenAI-Study_graphics1_DE-1536x1097.png 1536w, https:\/\/www.markt-kom.com\/wp-content\/uploads\/2025\/06\/GenAI-Study_graphics1_DE-2048x1463.png 2048w, https:\/\/www.markt-kom.com\/wp-content\/uploads\/2025\/06\/GenAI-Study_graphics1_DE-18x12.png 18w, https:\/\/www.markt-kom.com\/wp-content\/uploads\/2025\/06\/GenAI-Study_graphics1_DE-245x175.png 245w, https:\/\/www.markt-kom.com\/wp-content\/uploads\/2025\/06\/GenAI-Study_graphics1_DE-490x350.png 490w, https:\/\/www.markt-kom.com\/wp-content\/uploads\/2025\/06\/GenAI-Study_graphics1_DE-1000x715.png 1000w\" alt=\"\" width=\"1300\" height=\"929\" \/><\/p>\r\n<p>In einer neuen GenAI-Studie untersucht Adesso, wie Schweizer Unternehmen die Schweiz und Europa in Sachen generativer KI aktuell einsch\u00e4tzen, f\u00fcr wie fit sie sich selbst halten und welche Rolle GenAI inzwischen in ihrem Arbeitsalltag spielt. Daf\u00fcr befragte der IT-Dienstleister 100 F\u00fchrungskr\u00e4fte aus der Schweizer Wirtschaft.<\/p>\r\n<p><strong>Zentrale Ergebnisse der Studie:<\/strong><\/p>\r\n<ul>\r\n\t<li>Unternehmen warten auf \u00abGenAI made in Europe\u00bb. Die Befragten senden ein Signal f\u00fcr den Bedarf an europ\u00e4ischen Alternativen. F\u00fcr 59 Prozent ist es wichtig oder sehr wichtig, dass die GenAI-Anwendungen, die ihr Unternehmen nutzt oder nutzen k\u00f6nnte, in Europa entwickelt wurden. Damit zeigen sie ein grosses Bewusstsein f\u00fcr digitale Souver\u00e4nit\u00e4t und den starken Wunsch, sich nicht von aussereurop\u00e4ischen Anbietern abh\u00e4ngig zu machen.<\/li>\r\n\t<li>Regulierung ist ein notwendiges Instrument. Die Mehrheit der Befragten bef\u00fcrwortet eine st\u00e4rkere Regulierung von KI-Anwendungen wie ChatGPT: 51 Prozent stimmen dem \u00abeher\u00bb zu, 24 Prozent sogar \u00abvoll und ganz\u00bb. Diese Zahlen zeigen, dass Unternehmen Regulierung nicht nur akzeptieren, sondern diese von vielen als notwendiges Instrument angesehen wird, um verantwortungsvoll mit KI umzugehen.<\/li>\r\n\t<li>Die GenAI-Fitness der Unternehmen steigt. Unternehmen sehen sich selbst inzwischen besser auf GenAI vorbereitet. Der Anteil der Firmen, die sich gut oder sehr gut ger\u00fcstet f\u00fchlen, stieg gegen\u00fcber dem Vorjahr von 31 Prozent auf 39 Prozent. Auf der strategischen Ebene kommt GenAI aber erst zaghaft in den Unternehmen an. Lediglich 50 Prozent haben bereits eine KI-Strategie entwickelt \u2013 und 25 Prozent von diesen Unternehmen ber\u00fccksichtigen dabei lediglich klassische KI.<\/li>\r\n\t<li>KI-Agenten sind auf dem Radar, aber noch kaum im Einsatz. Derzeit geben 39 Prozent der Befragten an, die Einsatzm\u00f6glichkeiten von KI-Agenten zu evaluieren. Erst 11 Prozent setzen KI-Agenten in einzelnen Bereichen bereits produktiv ein. Diese Zahlen zeigen, dass die n\u00e4chste Evolutionsstufe von GenAI \u2013 autonome, aktiv handelnde KI-Agenten \u2013 noch nicht in der Breite in den Unternehmen angekommen ist.<\/li>\r\n\t<li>\u00a0<\/li>\r\n<\/ul>\r\n<p>Ralf Schmidt, Head of CC Data &amp; AI von adesso Schweiz, ermutigt Unternehmen dazu, entschlossener voranzugehen: \u00abK\u00fcnstliche Intelligenz ver\u00e4ndert nicht nur Prozesse \u2013 sie stellt ganze Gesch\u00e4ftsmodelle infrage. Angesichts der rasanten Entwicklung neuer Einsatzm\u00f6glichkeiten ist klar: Es geht l\u00e4ngst nicht mehr darum, ob Unternehmen handeln m\u00fcssen, sondern wie konsequent und zukunftsf\u00e4hig sie es tun.\u00bb<\/p>\r\n<p><a href=\"https:\/\/www.markt-kom.com\/de\/markom\/adesso-studie-unternehmen-fordern-genai-made-in-europe\/attachment\/ralf_schmidt\/\"><img class=\"attachment-full size-full\" src=\"https:\/\/www.markt-kom.com\/wp-content\/uploads\/2025\/06\/Ralf_Schmidt.jpg\" sizes=\"(max-width: 800px) 100vw, 800px\" srcset=\"https:\/\/www.markt-kom.com\/wp-content\/uploads\/2025\/06\/Ralf_Schmidt.jpg 800w, https:\/\/www.markt-kom.com\/wp-content\/uploads\/2025\/06\/Ralf_Schmidt-600x600.jpg 600w, https:\/\/www.markt-kom.com\/wp-content\/uploads\/2025\/06\/Ralf_Schmidt-150x150.jpg 150w, https:\/\/www.markt-kom.com\/wp-content\/uploads\/2025\/06\/Ralf_Schmidt-768x768.jpg 768w, https:\/\/www.markt-kom.com\/wp-content\/uploads\/2025\/06\/Ralf_Schmidt-12x12.jpg 12w, https:\/\/www.markt-kom.com\/wp-content\/uploads\/2025\/06\/Ralf_Schmidt-175x175.jpg 175w, https:\/\/www.markt-kom.com\/wp-content\/uploads\/2025\/06\/Ralf_Schmidt-350x350.jpg 350w\" alt=\"\" width=\"800\" height=\"800\" \/><\/a><\/p>\r\n<p>Der vollst\u00e4ndige Impact Report kann\u00a0<a href=\"https:\/\/www.adesso.ch\/de_ch\/kompetenzen\/data-ki\/whitepaper-gen-ai.jsp\">hier<\/a>\u00a0heruntergeladen werden.<\/p>\r\n<hr \/>\r\n<p><em>Adesso wurde 1997 in Dortmund gegr\u00fcndet und besch\u00e4ftigt aktuell in der adesso Group \u00fcber 10\u2018400 Mitarbeitende. Als Landesgesellschaft der Adesso SE vertreibt die Adesso Schweiz AG das Leistungsportfolio des Beratungs- und IT-Dienstleisters auf dem Schweizer Markt. Adesso fokussiert sich mit Beratung sowie individueller Softwareentwicklung auf die Kerngesch\u00e4ftsprozesse von Unternehmen und \u00f6ffentlichen Verwaltungen. Die Strategie von Adesso beruht auf drei S\u00e4ulen: dem tiefen Branchen-Know-how der Mitarbeitenden, einer umfangreichen Technologiekompetenz und erprobten Methoden bei der Umsetzung von Softwareprojekten. Das Ergebnis sind \u00fcberlegene IT-L\u00f6sungen, mit denen Unternehmen wettbewerbsf\u00e4higer werden.<\/em><\/p>","protected":false},"excerpt":{"rendered":"<p>Wie fit sind die Schweiz und Europa f\u00fcr generative KI? Dieser Frage geht der Beratungs- und IT-Dienstleister Adesso in seinem aktuellen \u00abGenAI Impact Report\u00bb nach.<\/p>\n","protected":false},"author":8,"featured_media":0,"comment_status":"closed","ping_status":"closed","sticky":false,"template":"","format":"standard","meta":{"_acf_changed":false,"_yoast_wpseo_focuskw":"Adesso","_yoast_wpseo_metadesc":"Wie fit sind die Schweiz und Europa f\u00fcr GenAI? Dieser Frage geht der Beratungs- und IT-Dienstleister Adesso in einem neuen Report nach.","articlekey":"","footnotes":""},"categories":[28],"tags":[128,319,4343,459],"class_list":["post-39197","post","type-post","status-publish","format-standard","hentry","category-management","tag-consulting","tag-kuenstliche-intelligenz","tag-markom","tag-studie"],"acf":[],"yoast_head":"<!-- This site is optimized with the Yoast SEO plugin v27.5 - https:\/\/yoast.com\/product\/yoast-seo-wordpress\/ -->\n<title>Adesso-Studie: Unternehmen fordern \u00abGenAI made in Europe\u00bb\u200b - Organisator<\/title>\n<meta name=\"description\" content=\"Wie fit sind die Schweiz und Europa f\u00fcr GenAI? Dieser Frage geht der Beratungs- und IT-Dienstleister Adesso in einem neuen Report nach.\" \/>\n<meta name=\"robots\" content=\"index, follow, max-snippet:-1, max-image-preview:large, max-video-preview:-1\" \/>\n<link rel=\"canonical\" href=\"https:\/\/www.organisator.ch\/de\/management\/2025-06-23\/adesso-studie-unternehmen-fordern-genai-made-in-europe\/\" \/>\n<meta property=\"og:locale\" content=\"de_DE\" \/>\n<meta property=\"og:type\" content=\"article\" \/>\n<meta property=\"og:title\" content=\"Adesso-Studie: Unternehmen fordern \u00abGenAI made in Europe\u00bb\u200b - Organisator\" \/>\n<meta property=\"og:description\" content=\"Wie fit sind die Schweiz und Europa f\u00fcr GenAI? Dieser Frage geht der Beratungs- und IT-Dienstleister Adesso in einem neuen Report nach.\" \/>\n<meta property=\"og:url\" content=\"https:\/\/www.organisator.ch\/de\/management\/2025-06-23\/adesso-studie-unternehmen-fordern-genai-made-in-europe\/\" \/>\n<meta property=\"og:site_name\" content=\"Organisator\" \/>\n<meta property=\"article:publisher\" content=\"https:\/\/www.facebook.com\/OrganisatorFachmagazin\" \/>\n<meta property=\"article:published_time\" content=\"2025-06-23T11:26:24+00:00\" \/>\n<meta property=\"article:modified_time\" content=\"2025-06-23T11:49:46+00:00\" \/>\n<meta name=\"author\" content=\"galledia\" \/>\n<meta name=\"twitter:card\" content=\"summary_large_image\" \/>\n<meta name=\"twitter:creator\" content=\"@admin\" \/>\n<script type=\"application\/ld+json\" class=\"yoast-schema-graph\">{\"@context\":\"https:\\\/\\\/schema.org\",\"@graph\":[{\"@type\":\"Article\",\"@id\":\"https:\\\/\\\/www.organisator.ch\\\/management\\\/2025-06-23\\\/adesso-studie-unternehmen-fordern-genai-made-in-europe\\\/#article\",\"isPartOf\":{\"@id\":\"https:\\\/\\\/www.organisator.ch\\\/management\\\/2025-06-23\\\/adesso-studie-unternehmen-fordern-genai-made-in-europe\\\/\"},\"author\":{\"name\":\"galledia\",\"@id\":\"https:\\\/\\\/www.organisator.ch\\\/#\\\/schema\\\/person\\\/4e51799071cd2dd1232ac003643ef5f0\"},\"headline\":\"Adesso-Studie: Unternehmen fordern \u00abGenAI made in Europe\u00bb\u200b\",\"datePublished\":\"2025-06-23T11:26:24+00:00\",\"dateModified\":\"2025-06-23T11:49:46+00:00\",\"mainEntityOfPage\":{\"@id\":\"https:\\\/\\\/www.organisator.ch\\\/management\\\/2025-06-23\\\/adesso-studie-unternehmen-fordern-genai-made-in-europe\\\/\"},\"wordCount\":541,\"publisher\":{\"@id\":\"https:\\\/\\\/www.organisator.ch\\\/#organization\"},\"image\":{\"@id\":\"https:\\\/\\\/www.organisator.ch\\\/management\\\/2025-06-23\\\/adesso-studie-unternehmen-fordern-genai-made-in-europe\\\/#primaryimage\"},\"thumbnailUrl\":\"https:\\\/\\\/www.markt-kom.com\\\/wp-content\\\/uploads\\\/2025\\\/06\\\/GenAI-Study_graphics2_DE-scaled.jpg\",\"keywords\":[\"Consulting\",\"K\u00fcnstliche Intelligenz\",\"MarKom\",\"Studie\"],\"articleSection\":[\"MANAGEMENT\"],\"inLanguage\":\"de\"},{\"@type\":\"WebPage\",\"@id\":\"https:\\\/\\\/www.organisator.ch\\\/management\\\/2025-06-23\\\/adesso-studie-unternehmen-fordern-genai-made-in-europe\\\/\",\"url\":\"https:\\\/\\\/www.organisator.ch\\\/management\\\/2025-06-23\\\/adesso-studie-unternehmen-fordern-genai-made-in-europe\\\/\",\"name\":\"Adesso-Studie: Unternehmen fordern \u00abGenAI made in Europe\u00bb\u200b - Organisator\",\"isPartOf\":{\"@id\":\"https:\\\/\\\/www.organisator.ch\\\/#website\"},\"primaryImageOfPage\":{\"@id\":\"https:\\\/\\\/www.organisator.ch\\\/management\\\/2025-06-23\\\/adesso-studie-unternehmen-fordern-genai-made-in-europe\\\/#primaryimage\"},\"image\":{\"@id\":\"https:\\\/\\\/www.organisator.ch\\\/management\\\/2025-06-23\\\/adesso-studie-unternehmen-fordern-genai-made-in-europe\\\/#primaryimage\"},\"thumbnailUrl\":\"https:\\\/\\\/www.markt-kom.com\\\/wp-content\\\/uploads\\\/2025\\\/06\\\/GenAI-Study_graphics2_DE-scaled.jpg\",\"datePublished\":\"2025-06-23T11:26:24+00:00\",\"dateModified\":\"2025-06-23T11:49:46+00:00\",\"description\":\"Wie fit sind die Schweiz und Europa f\u00fcr GenAI? Dieser Frage geht der Beratungs- und IT-Dienstleister Adesso in einem neuen Report nach.\",\"breadcrumb\":{\"@id\":\"https:\\\/\\\/www.organisator.ch\\\/management\\\/2025-06-23\\\/adesso-studie-unternehmen-fordern-genai-made-in-europe\\\/#breadcrumb\"},\"inLanguage\":\"de\",\"potentialAction\":[{\"@type\":\"ReadAction\",\"target\":[\"https:\\\/\\\/www.organisator.ch\\\/management\\\/2025-06-23\\\/adesso-studie-unternehmen-fordern-genai-made-in-europe\\\/\"]}]},{\"@type\":\"ImageObject\",\"inLanguage\":\"de\",\"@id\":\"https:\\\/\\\/www.organisator.ch\\\/management\\\/2025-06-23\\\/adesso-studie-unternehmen-fordern-genai-made-in-europe\\\/#primaryimage\",\"url\":\"https:\\\/\\\/www.markt-kom.com\\\/wp-content\\\/uploads\\\/2025\\\/06\\\/GenAI-Study_graphics2_DE-scaled.jpg\",\"contentUrl\":\"https:\\\/\\\/www.markt-kom.com\\\/wp-content\\\/uploads\\\/2025\\\/06\\\/GenAI-Study_graphics2_DE-scaled.jpg\"},{\"@type\":\"BreadcrumbList\",\"@id\":\"https:\\\/\\\/www.organisator.ch\\\/management\\\/2025-06-23\\\/adesso-studie-unternehmen-fordern-genai-made-in-europe\\\/#breadcrumb\",\"itemListElement\":[{\"@type\":\"ListItem\",\"position\":1,\"name\":\"Home\",\"item\":\"https:\\\/\\\/www.organisator.ch\\\/\"},{\"@type\":\"ListItem\",\"position\":2,\"name\":\"Adesso-Studie: Unternehmen fordern \u00abGenAI made in Europe\u00bb\u200b\"}]},{\"@type\":\"WebSite\",\"@id\":\"https:\\\/\\\/www.organisator.ch\\\/#website\",\"url\":\"https:\\\/\\\/www.organisator.ch\\\/\",\"name\":\"Organisator\",\"description\":\"Kompetent. Praxisnah. Der ORGANISATOR bereitet in 10 Ausgaben pro Jahr die wesentlichen Themen f\u00fcr F\u00fchrungskr\u00e4fte von KMU auf.\",\"publisher\":{\"@id\":\"https:\\\/\\\/www.organisator.ch\\\/#organization\"},\"potentialAction\":[{\"@type\":\"SearchAction\",\"target\":{\"@type\":\"EntryPoint\",\"urlTemplate\":\"https:\\\/\\\/www.organisator.ch\\\/?s={search_term_string}\"},\"query-input\":{\"@type\":\"PropertyValueSpecification\",\"valueRequired\":true,\"valueName\":\"search_term_string\"}}],\"inLanguage\":\"de\"},{\"@type\":\"Organization\",\"@id\":\"https:\\\/\\\/www.organisator.ch\\\/#organization\",\"name\":\"Organisator\",\"url\":\"https:\\\/\\\/www.organisator.ch\\\/\",\"logo\":{\"@type\":\"ImageObject\",\"inLanguage\":\"de\",\"@id\":\"https:\\\/\\\/www.organisator.ch\\\/#\\\/schema\\\/logo\\\/image\\\/\",\"url\":\"https:\\\/\\\/www.organisator.ch\\\/wp-content\\\/uploads\\\/2022\\\/01\\\/Logo_Organisator_Website.png\",\"contentUrl\":\"https:\\\/\\\/www.organisator.ch\\\/wp-content\\\/uploads\\\/2022\\\/01\\\/Logo_Organisator_Website.png\",\"width\":800,\"height\":77,\"caption\":\"Organisator\"},\"image\":{\"@id\":\"https:\\\/\\\/www.organisator.ch\\\/#\\\/schema\\\/logo\\\/image\\\/\"},\"sameAs\":[\"https:\\\/\\\/www.facebook.com\\\/OrganisatorFachmagazin\",\"https:\\\/\\\/www.linkedin.com\\\/showcase\\\/organisator-das-magazin-fr-kmu\",\"https:\\\/\\\/www.xing.com\\\/news\\\/pages\\\/organisator-ch-695\",\"https:\\\/\\\/www.youtube.com\\\/channel\\\/UCGP2Sq0iWaZwT3BdIAQFYpw\"]},{\"@type\":\"Person\",\"@id\":\"https:\\\/\\\/www.organisator.ch\\\/#\\\/schema\\\/person\\\/4e51799071cd2dd1232ac003643ef5f0\",\"name\":\"galledia\",\"image\":{\"@type\":\"ImageObject\",\"inLanguage\":\"de\",\"@id\":\"https:\\\/\\\/secure.gravatar.com\\\/avatar\\\/78a7f90c01fc2bfc875782a0d4922b37cde2cf184ce347b91316d23cd7f69a36?s=96&d=mm&r=g\",\"url\":\"https:\\\/\\\/secure.gravatar.com\\\/avatar\\\/78a7f90c01fc2bfc875782a0d4922b37cde2cf184ce347b91316d23cd7f69a36?s=96&d=mm&r=g\",\"contentUrl\":\"https:\\\/\\\/secure.gravatar.com\\\/avatar\\\/78a7f90c01fc2bfc875782a0d4922b37cde2cf184ce347b91316d23cd7f69a36?s=96&d=mm&r=g\",\"caption\":\"galledia\"},\"sameAs\":[\"https:\\\/\\\/x.com\\\/admin\"],\"url\":\"https:\\\/\\\/www.organisator.ch\\\/de\\\/author\\\/galledia\\\/\"}]}<\/script>\n<!-- \/ Yoast SEO plugin. -->","yoast_head_json":{"title":"Adesso-Studie: Unternehmen fordern \u00abGenAI made in Europe\u00bb\u200b - Organisator","description":"Wie fit sind die Schweiz und Europa f\u00fcr GenAI? Dieser Frage geht der Beratungs- und IT-Dienstleister Adesso in einem neuen Report nach.","robots":{"index":"index","follow":"follow","max-snippet":"max-snippet:-1","max-image-preview":"max-image-preview:large","max-video-preview":"max-video-preview:-1"},"canonical":"https:\/\/www.organisator.ch\/de\/management\/2025-06-23\/adesso-studie-unternehmen-fordern-genai-made-in-europe\/","og_locale":"de_DE","og_type":"article","og_title":"Adesso-Studie: Unternehmen fordern \u00abGenAI made in Europe\u00bb\u200b - Organisator","og_description":"Wie fit sind die Schweiz und Europa f\u00fcr GenAI? Dieser Frage geht der Beratungs- und IT-Dienstleister Adesso in einem neuen Report nach.","og_url":"https:\/\/www.organisator.ch\/de\/management\/2025-06-23\/adesso-studie-unternehmen-fordern-genai-made-in-europe\/","og_site_name":"Organisator","article_publisher":"https:\/\/www.facebook.com\/OrganisatorFachmagazin","article_published_time":"2025-06-23T11:26:24+00:00","article_modified_time":"2025-06-23T11:49:46+00:00","author":"galledia","twitter_card":"summary_large_image","twitter_creator":"@admin","schema":{"@context":"https:\/\/schema.org","@graph":[{"@type":"Article","@id":"https:\/\/www.organisator.ch\/management\/2025-06-23\/adesso-studie-unternehmen-fordern-genai-made-in-europe\/#article","isPartOf":{"@id":"https:\/\/www.organisator.ch\/management\/2025-06-23\/adesso-studie-unternehmen-fordern-genai-made-in-europe\/"},"author":{"name":"galledia","@id":"https:\/\/www.organisator.ch\/#\/schema\/person\/4e51799071cd2dd1232ac003643ef5f0"},"headline":"Adesso-Studie: Unternehmen fordern \u00abGenAI made in Europe\u00bb\u200b","datePublished":"2025-06-23T11:26:24+00:00","dateModified":"2025-06-23T11:49:46+00:00","mainEntityOfPage":{"@id":"https:\/\/www.organisator.ch\/management\/2025-06-23\/adesso-studie-unternehmen-fordern-genai-made-in-europe\/"},"wordCount":541,"publisher":{"@id":"https:\/\/www.organisator.ch\/#organization"},"image":{"@id":"https:\/\/www.organisator.ch\/management\/2025-06-23\/adesso-studie-unternehmen-fordern-genai-made-in-europe\/#primaryimage"},"thumbnailUrl":"https:\/\/www.markt-kom.com\/wp-content\/uploads\/2025\/06\/GenAI-Study_graphics2_DE-scaled.jpg","keywords":["Consulting","K\u00fcnstliche Intelligenz","MarKom","Studie"],"articleSection":["MANAGEMENT"],"inLanguage":"de"},{"@type":"WebPage","@id":"https:\/\/www.organisator.ch\/management\/2025-06-23\/adesso-studie-unternehmen-fordern-genai-made-in-europe\/","url":"https:\/\/www.organisator.ch\/management\/2025-06-23\/adesso-studie-unternehmen-fordern-genai-made-in-europe\/","name":"Adesso-Studie: Unternehmen fordern \u00abGenAI made in Europe\u00bb\u200b - Organisator","isPartOf":{"@id":"https:\/\/www.organisator.ch\/#website"},"primaryImageOfPage":{"@id":"https:\/\/www.organisator.ch\/management\/2025-06-23\/adesso-studie-unternehmen-fordern-genai-made-in-europe\/#primaryimage"},"image":{"@id":"https:\/\/www.organisator.ch\/management\/2025-06-23\/adesso-studie-unternehmen-fordern-genai-made-in-europe\/#primaryimage"},"thumbnailUrl":"https:\/\/www.markt-kom.com\/wp-content\/uploads\/2025\/06\/GenAI-Study_graphics2_DE-scaled.jpg","datePublished":"2025-06-23T11:26:24+00:00","dateModified":"2025-06-23T11:49:46+00:00","description":"Wie fit sind die Schweiz und Europa f\u00fcr GenAI? Dieser Frage geht der Beratungs- und IT-Dienstleister Adesso in einem neuen Report nach.","breadcrumb":{"@id":"https:\/\/www.organisator.ch\/management\/2025-06-23\/adesso-studie-unternehmen-fordern-genai-made-in-europe\/#breadcrumb"},"inLanguage":"de","potentialAction":[{"@type":"ReadAction","target":["https:\/\/www.organisator.ch\/management\/2025-06-23\/adesso-studie-unternehmen-fordern-genai-made-in-europe\/"]}]},{"@type":"ImageObject","inLanguage":"de","@id":"https:\/\/www.organisator.ch\/management\/2025-06-23\/adesso-studie-unternehmen-fordern-genai-made-in-europe\/#primaryimage","url":"https:\/\/www.markt-kom.com\/wp-content\/uploads\/2025\/06\/GenAI-Study_graphics2_DE-scaled.jpg","contentUrl":"https:\/\/www.markt-kom.com\/wp-content\/uploads\/2025\/06\/GenAI-Study_graphics2_DE-scaled.jpg"},{"@type":"BreadcrumbList","@id":"https:\/\/www.organisator.ch\/management\/2025-06-23\/adesso-studie-unternehmen-fordern-genai-made-in-europe\/#breadcrumb","itemListElement":[{"@type":"ListItem","position":1,"name":"Home","item":"https:\/\/www.organisator.ch\/"},{"@type":"ListItem","position":2,"name":"Adesso-Studie: Unternehmen fordern \u00abGenAI made in Europe\u00bb\u200b"}]},{"@type":"WebSite","@id":"https:\/\/www.organisator.ch\/#website","url":"https:\/\/www.organisator.ch\/","name":"Organisator","description":"Kompetent. Praxisnah. Der ORGANISATOR bereitet in 10 Ausgaben pro Jahr die wesentlichen Themen f\u00fcr F\u00fchrungskr\u00e4fte von KMU auf.","publisher":{"@id":"https:\/\/www.organisator.ch\/#organization"},"potentialAction":[{"@type":"SearchAction","target":{"@type":"EntryPoint","urlTemplate":"https:\/\/www.organisator.ch\/?s={search_term_string}"},"query-input":{"@type":"PropertyValueSpecification","valueRequired":true,"valueName":"search_term_string"}}],"inLanguage":"de"},{"@type":"Organization","@id":"https:\/\/www.organisator.ch\/#organization","name":"Organisator","url":"https:\/\/www.organisator.ch\/","logo":{"@type":"ImageObject","inLanguage":"de","@id":"https:\/\/www.organisator.ch\/#\/schema\/logo\/image\/","url":"https:\/\/www.organisator.ch\/wp-content\/uploads\/2022\/01\/Logo_Organisator_Website.png","contentUrl":"https:\/\/www.organisator.ch\/wp-content\/uploads\/2022\/01\/Logo_Organisator_Website.png","width":800,"height":77,"caption":"Organisator"},"image":{"@id":"https:\/\/www.organisator.ch\/#\/schema\/logo\/image\/"},"sameAs":["https:\/\/www.facebook.com\/OrganisatorFachmagazin","https:\/\/www.linkedin.com\/showcase\/organisator-das-magazin-fr-kmu","https:\/\/www.xing.com\/news\/pages\/organisator-ch-695","https:\/\/www.youtube.com\/channel\/UCGP2Sq0iWaZwT3BdIAQFYpw"]},{"@type":"Person","@id":"https:\/\/www.organisator.ch\/#\/schema\/person\/4e51799071cd2dd1232ac003643ef5f0","name":"galledia","image":{"@type":"ImageObject","inLanguage":"de","@id":"https:\/\/secure.gravatar.com\/avatar\/78a7f90c01fc2bfc875782a0d4922b37cde2cf184ce347b91316d23cd7f69a36?s=96&d=mm&r=g","url":"https:\/\/secure.gravatar.com\/avatar\/78a7f90c01fc2bfc875782a0d4922b37cde2cf184ce347b91316d23cd7f69a36?s=96&d=mm&r=g","contentUrl":"https:\/\/secure.gravatar.com\/avatar\/78a7f90c01fc2bfc875782a0d4922b37cde2cf184ce347b91316d23cd7f69a36?s=96&d=mm&r=g","caption":"galledia"},"sameAs":["https:\/\/x.com\/admin"],"url":"https:\/\/www.organisator.ch\/de\/author\/galledia\/"}]}},"_links":{"self":[{"href":"https:\/\/www.organisator.ch\/de\/wp-json\/wp\/v2\/posts\/39197","targetHints":{"allow":["GET"]}}],"collection":[{"href":"https:\/\/www.organisator.ch\/de\/wp-json\/wp\/v2\/posts"}],"about":[{"href":"https:\/\/www.organisator.ch\/de\/wp-json\/wp\/v2\/types\/post"}],"author":[{"embeddable":true,"href":"https:\/\/www.organisator.ch\/de\/wp-json\/wp\/v2\/users\/8"}],"replies":[{"embeddable":true,"href":"https:\/\/www.organisator.ch\/de\/wp-json\/wp\/v2\/comments?post=39197"}],"version-history":[{"count":4,"href":"https:\/\/www.organisator.ch\/de\/wp-json\/wp\/v2\/posts\/39197\/revisions"}],"predecessor-version":[{"id":39205,"href":"https:\/\/www.organisator.ch\/de\/wp-json\/wp\/v2\/posts\/39197\/revisions\/39205"}],"wp:attachment":[{"href":"https:\/\/www.organisator.ch\/de\/wp-json\/wp\/v2\/media?parent=39197"}],"wp:term":[{"taxonomy":"category","embeddable":true,"href":"https:\/\/www.organisator.ch\/de\/wp-json\/wp\/v2\/categories?post=39197"},{"taxonomy":"post_tag","embeddable":true,"href":"https:\/\/www.organisator.ch\/de\/wp-json\/wp\/v2\/tags?post=39197"}],"curies":[{"name":"wp","href":"https:\/\/api.w.org\/{rel}","templated":true}]}}