{"id":39278,"date":"2025-06-25T16:21:18","date_gmt":"2025-06-25T14:21:18","guid":{"rendered":"https:\/\/www.markt-kom.com\/?p=236634"},"modified":"2025-06-25T17:00:20","modified_gmt":"2025-06-25T15:00:20","slug":"goldbach-und-go-wit-retail-media-oekosystem","status":"publish","type":"post","link":"https:\/\/www.organisator.ch\/de\/marketing\/2025-06-25\/goldbach-und-go-wit-retail-media-oekosystem\/","title":{"rendered":"Goldbach und Go Wit: Retail-Media-\u00d6kosystem"},"content":{"rendered":"<p><a href=\"https:\/\/www.markt-kom.com\/de\/markom\/business\/goldbach-und-go-wit-retail-media-oekosystem\/attachment\/stefanwagner\/\"><img class=\"attachment-full size-full\" src=\"https:\/\/www.markt-kom.com\/wp-content\/uploads\/2025\/06\/StefanWagner.jpg\" sizes=\"(max-width: 1200px) 100vw, 1200px\" srcset=\"https:\/\/www.markt-kom.com\/wp-content\/uploads\/2025\/06\/StefanWagner.jpg 1200w, https:\/\/www.markt-kom.com\/wp-content\/uploads\/2025\/06\/StefanWagner-600x400.jpg 600w, https:\/\/www.markt-kom.com\/wp-content\/uploads\/2025\/06\/StefanWagner-1024x683.jpg 1024w, https:\/\/www.markt-kom.com\/wp-content\/uploads\/2025\/06\/StefanWagner-768x512.jpg 768w, https:\/\/www.markt-kom.com\/wp-content\/uploads\/2025\/06\/StefanWagner-18x12.jpg 18w, https:\/\/www.markt-kom.com\/wp-content\/uploads\/2025\/06\/StefanWagner-263x175.jpg 263w, https:\/\/www.markt-kom.com\/wp-content\/uploads\/2025\/06\/StefanWagner-525x350.jpg 525w, https:\/\/www.markt-kom.com\/wp-content\/uploads\/2025\/06\/StefanWagner-1000x667.jpg 1000w\" alt=\"\" width=\"1200\" height=\"800\" \/><\/a> <a href=\"https:\/\/www.markt-kom.com\/de\/markom\/business\/goldbach-und-go-wit-retail-media-oekosystem\/attachment\/emrahadsan\/\"><img class=\"attachment-full size-full\" src=\"https:\/\/www.markt-kom.com\/wp-content\/uploads\/2025\/06\/EmrahAdsan.jpg\" sizes=\"(max-width: 1200px) 100vw, 1200px\" srcset=\"https:\/\/www.markt-kom.com\/wp-content\/uploads\/2025\/06\/EmrahAdsan.jpg 1200w, https:\/\/www.markt-kom.com\/wp-content\/uploads\/2025\/06\/EmrahAdsan-600x436.jpg 600w, https:\/\/www.markt-kom.com\/wp-content\/uploads\/2025\/06\/EmrahAdsan-1024x744.jpg 1024w, https:\/\/www.markt-kom.com\/wp-content\/uploads\/2025\/06\/EmrahAdsan-768x558.jpg 768w, https:\/\/www.markt-kom.com\/wp-content\/uploads\/2025\/06\/EmrahAdsan-18x12.jpg 18w, https:\/\/www.markt-kom.com\/wp-content\/uploads\/2025\/06\/EmrahAdsan-241x175.jpg 241w, https:\/\/www.markt-kom.com\/wp-content\/uploads\/2025\/06\/EmrahAdsan-482x350.jpg 482w, https:\/\/www.markt-kom.com\/wp-content\/uploads\/2025\/06\/EmrahAdsan-1000x727.jpg 1000w\" alt=\"\" width=\"1200\" height=\"872\" \/><\/a><\/p>\r\n<p>Die Werbevermarkterin Goldbach und das auf Commerce und Retail Media spezialisierte AdTech-Unternehmen GoWit gehen eine zukunftsweisende Partnerschaft ein und kombinieren Goldbachs etabliertes, lokales Werbenetzwerk mit der Retail-Media-Werbetechnologie von GoWit.<\/p>\r\n<p>Die Partnerschaft er\u00f6ffnet Detailh\u00e4ndlern und Werbetreibenden Zugang zu einer Omnichannel-Self-Service-Werbeplattform, mit der sie Retail-Media-L\u00f6sungen schneller denn je integrieren k\u00f6nnen. Detailh\u00e4ndler k\u00f6nnen so ihr digitales Werbeinventar monetarisieren und gleichzeitig die volle Kontrolle \u00fcber ihre Medienressourcen behalten.<\/p>\r\n<p>Werbetreibende wiederum treten dort mit Kundinnen und Kunden in Kontakt, wo deren Kaufabsicht am h\u00f6chsten ist. F\u00fcr die Werbevermarkterin ist die Partnerschaft ein wichtiger Schritt: \u00abRetail Media steht stellvertretend f\u00fcr den rasanten Wandel der gesamten Digitalwerbung und dem gestiegenen Anspruch unserer Auftraggebenden\u00bb, sagt Stefan Wagner, Managing Director der Goldbach Audience. \u00abUnd so freut es mich umso mehr, haben wir mit GoWit und seiner weltweit bew\u00e4hrten Werbetechnologie den idealen Partner in diesem Bereich gefunden\u00bb.<\/p>\r\n<p>Er sei \u00fcberzeugt, dass die Technologie von GoWit eine noch effektivere Nutzung von Daten und somit effizientere Kampagnen f\u00fcr Werbetreibende erm\u00f6glicht. Emrah Adsan, CEO von GoWit, sieht das genauso: \u00abMit der enormen Dynamik im Schweizer Werbemarkt ist Goldbach der perfekte Partner und bietet unserer Werbetechnologie ein riesiges Netzwerk\u00bb. Dadurch w\u00fcrden sie eine komplette Retail-Media-Werbel\u00f6sung kreieren, von der sowohl Detailh\u00e4ndler, aber auch Werbetreibende und Agenturen profitieren. \u00abNach der Zusammenarbeit in den letzten Monaten sind wir \u00fcberzeugt vom Mehrwert, den wir den H\u00e4ndlern und Werbetreibenden in der Schweiz bieten k\u00f6nnen\u00bb. In einem n\u00e4chsten Schritt sollen nun weitere Detailh\u00e4ndler und Marken f\u00fcr die Plattform gewonnen werden, um das Inventar und die Reichweite stetig zu erweitern.<\/p>\r\n<hr \/>\r\n<p><em>Die Unternehmen der Goldbach Group vermarkten und vermitteln Werbung in den Gattungen TV, Radio, Print, Online, Aussenwerbung und Performance Marketing. Dabei stehen einfache Informations-, Beratungs- und Buchungsprozesse im Vordergrund. Um die Endkonsument*innen zur richtigen Zeit, am richtigen Ort und im richtigen Kontext zu erreichen, verfolgt Goldbach einen konsequenten Multi-Channel-Ansatz. Die Goldbach Group hat ihren Sitz in K\u00fcsnacht und ist ein Unternehmen der TX Group.\u00a0 <\/em><\/p>\r\n<p><em>GoWit ist ein f\u00fchrendes AdTech-Unternehmen, das sich zum Ziel gesetzt hat, Retail Media Advertising zu demokratisieren und f\u00fcr Einzelh\u00e4ndler und Marktpl\u00e4tze jeder Gr\u00f6\u00dfe zug\u00e4nglich zu machen. Mit einer 15-min\u00fctigen Self-Service-Integration erm\u00f6glicht die GoWit Plattform Kunden wie Carrefour, Heureka Group, Kingfisher, Toters Delivery, Mumzworld und Teknosa, ihr margenstarkes Werbegesch\u00e4ft ohne komplexe technische H\u00fcrden oder zus\u00e4tzliche Geb\u00fchren aufzubauen und zu skalieren. Dank Omnichannel-Anzeigenformaten, kontextbezogenem Targeting, einem Algorithmus f\u00fcr automatische Gebote und Echtzeit-Analysen bietet GoWit wirkungsvolle Werbel\u00f6sungen und Kampagnenmanagement-Tools, um beeindruckende Ergebnisse zu erzielen und den Umsatz zu maximieren.\u00a0<\/em><\/p>","protected":false},"excerpt":{"rendered":"<p>Gemeinsam m\u00f6chten sie ein Retail-Media-\u00d6kosystem in der Schweiz aufbauen und den Detailh\u00e4ndlern und Werbetreibenden innovative Retail-Media-L\u00f6sungen bieten.<\/p>\n","protected":false},"author":8,"featured_media":0,"comment_status":"closed","ping_status":"closed","sticky":false,"template":"","format":"standard","meta":{"_acf_changed":false,"_yoast_wpseo_focuskw":"Retail-Media-\u00d6kosystem","_yoast_wpseo_metadesc":"Gemeinsam m\u00f6chten Goldbach und Go Wit ein Retail-Media-\u00d6kosystem in der Schweiz aufbauen und innovative Retail-Media-L\u00f6sungen bieten.","articlekey":"","footnotes":""},"categories":[29],"tags":[4345,149,5428,5429,4297],"class_list":["post-39278","post","type-post","status-publish","format-standard","hentry","category-marketing","tag-business","tag-detailhandel","tag-go-wit","tag-goldbach-audience","tag-marketing-und-kommunikation"],"acf":[],"yoast_head":"<!-- This site is optimized with the Yoast SEO plugin v27.5 - https:\/\/yoast.com\/product\/yoast-seo-wordpress\/ -->\n<title>Goldbach und Go Wit: Retail-Media-\u00d6kosystem - Organisator<\/title>\n<meta name=\"description\" content=\"Gemeinsam m\u00f6chten Goldbach und Go Wit ein Retail-Media-\u00d6kosystem in der Schweiz aufbauen und innovative Retail-Media-L\u00f6sungen bieten.\" \/>\n<meta name=\"robots\" content=\"index, follow, max-snippet:-1, max-image-preview:large, max-video-preview:-1\" \/>\n<link rel=\"canonical\" href=\"https:\/\/www.organisator.ch\/de\/marketing\/2025-06-25\/goldbach-und-go-wit-retail-media-oekosystem\/\" \/>\n<meta property=\"og:locale\" content=\"de_DE\" \/>\n<meta property=\"og:type\" content=\"article\" \/>\n<meta property=\"og:title\" content=\"Goldbach und Go Wit: Retail-Media-\u00d6kosystem - Organisator\" \/>\n<meta property=\"og:description\" content=\"Gemeinsam m\u00f6chten Goldbach und Go Wit ein Retail-Media-\u00d6kosystem in der Schweiz aufbauen und innovative Retail-Media-L\u00f6sungen bieten.\" \/>\n<meta property=\"og:url\" content=\"https:\/\/www.organisator.ch\/de\/marketing\/2025-06-25\/goldbach-und-go-wit-retail-media-oekosystem\/\" \/>\n<meta property=\"og:site_name\" content=\"Organisator\" \/>\n<meta property=\"article:publisher\" content=\"https:\/\/www.facebook.com\/OrganisatorFachmagazin\" \/>\n<meta property=\"article:published_time\" content=\"2025-06-25T14:21:18+00:00\" \/>\n<meta property=\"article:modified_time\" content=\"2025-06-25T15:00:20+00:00\" \/>\n<meta property=\"og:image\" content=\"https:\/\/www.markt-kom.com\/wp-content\/uploads\/2025\/06\/StefanWagner.jpg\" \/>\n<meta name=\"author\" content=\"galledia\" \/>\n<meta name=\"twitter:card\" content=\"summary_large_image\" \/>\n<meta name=\"twitter:creator\" content=\"@admin\" \/>\n<script type=\"application\/ld+json\" class=\"yoast-schema-graph\">{\"@context\":\"https:\\\/\\\/schema.org\",\"@graph\":[{\"@type\":\"Article\",\"@id\":\"https:\\\/\\\/www.organisator.ch\\\/marketing\\\/2025-06-25\\\/goldbach-und-go-wit-retail-media-oekosystem\\\/#article\",\"isPartOf\":{\"@id\":\"https:\\\/\\\/www.organisator.ch\\\/marketing\\\/2025-06-25\\\/goldbach-und-go-wit-retail-media-oekosystem\\\/\"},\"author\":{\"name\":\"galledia\",\"@id\":\"https:\\\/\\\/www.organisator.ch\\\/#\\\/schema\\\/person\\\/4e51799071cd2dd1232ac003643ef5f0\"},\"headline\":\"Goldbach und Go Wit: Retail-Media-\u00d6kosystem\",\"datePublished\":\"2025-06-25T14:21:18+00:00\",\"dateModified\":\"2025-06-25T15:00:20+00:00\",\"mainEntityOfPage\":{\"@id\":\"https:\\\/\\\/www.organisator.ch\\\/marketing\\\/2025-06-25\\\/goldbach-und-go-wit-retail-media-oekosystem\\\/\"},\"wordCount\":441,\"publisher\":{\"@id\":\"https:\\\/\\\/www.organisator.ch\\\/#organization\"},\"image\":{\"@id\":\"https:\\\/\\\/www.organisator.ch\\\/marketing\\\/2025-06-25\\\/goldbach-und-go-wit-retail-media-oekosystem\\\/#primaryimage\"},\"thumbnailUrl\":\"https:\\\/\\\/www.markt-kom.com\\\/wp-content\\\/uploads\\\/2025\\\/06\\\/StefanWagner.jpg\",\"keywords\":[\"Business\",\"Detailhandel\",\"Go Wit\",\"Goldbach Audience\",\"Marketing und Kommunikation\"],\"articleSection\":[\"MARKETING\"],\"inLanguage\":\"de\"},{\"@type\":\"WebPage\",\"@id\":\"https:\\\/\\\/www.organisator.ch\\\/marketing\\\/2025-06-25\\\/goldbach-und-go-wit-retail-media-oekosystem\\\/\",\"url\":\"https:\\\/\\\/www.organisator.ch\\\/marketing\\\/2025-06-25\\\/goldbach-und-go-wit-retail-media-oekosystem\\\/\",\"name\":\"Goldbach und Go Wit: Retail-Media-\u00d6kosystem - Organisator\",\"isPartOf\":{\"@id\":\"https:\\\/\\\/www.organisator.ch\\\/#website\"},\"primaryImageOfPage\":{\"@id\":\"https:\\\/\\\/www.organisator.ch\\\/marketing\\\/2025-06-25\\\/goldbach-und-go-wit-retail-media-oekosystem\\\/#primaryimage\"},\"image\":{\"@id\":\"https:\\\/\\\/www.organisator.ch\\\/marketing\\\/2025-06-25\\\/goldbach-und-go-wit-retail-media-oekosystem\\\/#primaryimage\"},\"thumbnailUrl\":\"https:\\\/\\\/www.markt-kom.com\\\/wp-content\\\/uploads\\\/2025\\\/06\\\/StefanWagner.jpg\",\"datePublished\":\"2025-06-25T14:21:18+00:00\",\"dateModified\":\"2025-06-25T15:00:20+00:00\",\"description\":\"Gemeinsam m\u00f6chten Goldbach und Go Wit ein Retail-Media-\u00d6kosystem in der Schweiz aufbauen und innovative Retail-Media-L\u00f6sungen bieten.\",\"breadcrumb\":{\"@id\":\"https:\\\/\\\/www.organisator.ch\\\/marketing\\\/2025-06-25\\\/goldbach-und-go-wit-retail-media-oekosystem\\\/#breadcrumb\"},\"inLanguage\":\"de\",\"potentialAction\":[{\"@type\":\"ReadAction\",\"target\":[\"https:\\\/\\\/www.organisator.ch\\\/marketing\\\/2025-06-25\\\/goldbach-und-go-wit-retail-media-oekosystem\\\/\"]}]},{\"@type\":\"ImageObject\",\"inLanguage\":\"de\",\"@id\":\"https:\\\/\\\/www.organisator.ch\\\/marketing\\\/2025-06-25\\\/goldbach-und-go-wit-retail-media-oekosystem\\\/#primaryimage\",\"url\":\"https:\\\/\\\/www.markt-kom.com\\\/wp-content\\\/uploads\\\/2025\\\/06\\\/StefanWagner.jpg\",\"contentUrl\":\"https:\\\/\\\/www.markt-kom.com\\\/wp-content\\\/uploads\\\/2025\\\/06\\\/StefanWagner.jpg\"},{\"@type\":\"BreadcrumbList\",\"@id\":\"https:\\\/\\\/www.organisator.ch\\\/marketing\\\/2025-06-25\\\/goldbach-und-go-wit-retail-media-oekosystem\\\/#breadcrumb\",\"itemListElement\":[{\"@type\":\"ListItem\",\"position\":1,\"name\":\"Home\",\"item\":\"https:\\\/\\\/www.organisator.ch\\\/\"},{\"@type\":\"ListItem\",\"position\":2,\"name\":\"Goldbach und Go Wit: Retail-Media-\u00d6kosystem\"}]},{\"@type\":\"WebSite\",\"@id\":\"https:\\\/\\\/www.organisator.ch\\\/#website\",\"url\":\"https:\\\/\\\/www.organisator.ch\\\/\",\"name\":\"Organisator\",\"description\":\"Kompetent. Praxisnah. Der ORGANISATOR bereitet in 10 Ausgaben pro Jahr die wesentlichen Themen f\u00fcr F\u00fchrungskr\u00e4fte von KMU auf.\",\"publisher\":{\"@id\":\"https:\\\/\\\/www.organisator.ch\\\/#organization\"},\"potentialAction\":[{\"@type\":\"SearchAction\",\"target\":{\"@type\":\"EntryPoint\",\"urlTemplate\":\"https:\\\/\\\/www.organisator.ch\\\/?s={search_term_string}\"},\"query-input\":{\"@type\":\"PropertyValueSpecification\",\"valueRequired\":true,\"valueName\":\"search_term_string\"}}],\"inLanguage\":\"de\"},{\"@type\":\"Organization\",\"@id\":\"https:\\\/\\\/www.organisator.ch\\\/#organization\",\"name\":\"Organisator\",\"url\":\"https:\\\/\\\/www.organisator.ch\\\/\",\"logo\":{\"@type\":\"ImageObject\",\"inLanguage\":\"de\",\"@id\":\"https:\\\/\\\/www.organisator.ch\\\/#\\\/schema\\\/logo\\\/image\\\/\",\"url\":\"https:\\\/\\\/www.organisator.ch\\\/wp-content\\\/uploads\\\/2022\\\/01\\\/Logo_Organisator_Website.png\",\"contentUrl\":\"https:\\\/\\\/www.organisator.ch\\\/wp-content\\\/uploads\\\/2022\\\/01\\\/Logo_Organisator_Website.png\",\"width\":800,\"height\":77,\"caption\":\"Organisator\"},\"image\":{\"@id\":\"https:\\\/\\\/www.organisator.ch\\\/#\\\/schema\\\/logo\\\/image\\\/\"},\"sameAs\":[\"https:\\\/\\\/www.facebook.com\\\/OrganisatorFachmagazin\",\"https:\\\/\\\/www.linkedin.com\\\/showcase\\\/organisator-das-magazin-fr-kmu\",\"https:\\\/\\\/www.xing.com\\\/news\\\/pages\\\/organisator-ch-695\",\"https:\\\/\\\/www.youtube.com\\\/channel\\\/UCGP2Sq0iWaZwT3BdIAQFYpw\"]},{\"@type\":\"Person\",\"@id\":\"https:\\\/\\\/www.organisator.ch\\\/#\\\/schema\\\/person\\\/4e51799071cd2dd1232ac003643ef5f0\",\"name\":\"galledia\",\"image\":{\"@type\":\"ImageObject\",\"inLanguage\":\"de\",\"@id\":\"https:\\\/\\\/secure.gravatar.com\\\/avatar\\\/78a7f90c01fc2bfc875782a0d4922b37cde2cf184ce347b91316d23cd7f69a36?s=96&d=mm&r=g\",\"url\":\"https:\\\/\\\/secure.gravatar.com\\\/avatar\\\/78a7f90c01fc2bfc875782a0d4922b37cde2cf184ce347b91316d23cd7f69a36?s=96&d=mm&r=g\",\"contentUrl\":\"https:\\\/\\\/secure.gravatar.com\\\/avatar\\\/78a7f90c01fc2bfc875782a0d4922b37cde2cf184ce347b91316d23cd7f69a36?s=96&d=mm&r=g\",\"caption\":\"galledia\"},\"sameAs\":[\"https:\\\/\\\/x.com\\\/admin\"],\"url\":\"https:\\\/\\\/www.organisator.ch\\\/de\\\/author\\\/galledia\\\/\"}]}<\/script>\n<!-- \/ Yoast SEO plugin. -->","yoast_head_json":{"title":"Goldbach und Go Wit: Retail-Media-\u00d6kosystem - Organisator","description":"Gemeinsam m\u00f6chten Goldbach und Go Wit ein Retail-Media-\u00d6kosystem in der Schweiz aufbauen und innovative Retail-Media-L\u00f6sungen bieten.","robots":{"index":"index","follow":"follow","max-snippet":"max-snippet:-1","max-image-preview":"max-image-preview:large","max-video-preview":"max-video-preview:-1"},"canonical":"https:\/\/www.organisator.ch\/de\/marketing\/2025-06-25\/goldbach-und-go-wit-retail-media-oekosystem\/","og_locale":"de_DE","og_type":"article","og_title":"Goldbach und Go Wit: Retail-Media-\u00d6kosystem - Organisator","og_description":"Gemeinsam m\u00f6chten Goldbach und Go Wit ein Retail-Media-\u00d6kosystem in der Schweiz aufbauen und innovative Retail-Media-L\u00f6sungen bieten.","og_url":"https:\/\/www.organisator.ch\/de\/marketing\/2025-06-25\/goldbach-und-go-wit-retail-media-oekosystem\/","og_site_name":"Organisator","article_publisher":"https:\/\/www.facebook.com\/OrganisatorFachmagazin","article_published_time":"2025-06-25T14:21:18+00:00","article_modified_time":"2025-06-25T15:00:20+00:00","og_image":[{"url":"https:\/\/www.markt-kom.com\/wp-content\/uploads\/2025\/06\/StefanWagner.jpg","type":"","width":"","height":""}],"author":"galledia","twitter_card":"summary_large_image","twitter_creator":"@admin","schema":{"@context":"https:\/\/schema.org","@graph":[{"@type":"Article","@id":"https:\/\/www.organisator.ch\/marketing\/2025-06-25\/goldbach-und-go-wit-retail-media-oekosystem\/#article","isPartOf":{"@id":"https:\/\/www.organisator.ch\/marketing\/2025-06-25\/goldbach-und-go-wit-retail-media-oekosystem\/"},"author":{"name":"galledia","@id":"https:\/\/www.organisator.ch\/#\/schema\/person\/4e51799071cd2dd1232ac003643ef5f0"},"headline":"Goldbach und Go Wit: Retail-Media-\u00d6kosystem","datePublished":"2025-06-25T14:21:18+00:00","dateModified":"2025-06-25T15:00:20+00:00","mainEntityOfPage":{"@id":"https:\/\/www.organisator.ch\/marketing\/2025-06-25\/goldbach-und-go-wit-retail-media-oekosystem\/"},"wordCount":441,"publisher":{"@id":"https:\/\/www.organisator.ch\/#organization"},"image":{"@id":"https:\/\/www.organisator.ch\/marketing\/2025-06-25\/goldbach-und-go-wit-retail-media-oekosystem\/#primaryimage"},"thumbnailUrl":"https:\/\/www.markt-kom.com\/wp-content\/uploads\/2025\/06\/StefanWagner.jpg","keywords":["Business","Detailhandel","Go Wit","Goldbach Audience","Marketing und Kommunikation"],"articleSection":["MARKETING"],"inLanguage":"de"},{"@type":"WebPage","@id":"https:\/\/www.organisator.ch\/marketing\/2025-06-25\/goldbach-und-go-wit-retail-media-oekosystem\/","url":"https:\/\/www.organisator.ch\/marketing\/2025-06-25\/goldbach-und-go-wit-retail-media-oekosystem\/","name":"Goldbach und Go Wit: Retail-Media-\u00d6kosystem - Organisator","isPartOf":{"@id":"https:\/\/www.organisator.ch\/#website"},"primaryImageOfPage":{"@id":"https:\/\/www.organisator.ch\/marketing\/2025-06-25\/goldbach-und-go-wit-retail-media-oekosystem\/#primaryimage"},"image":{"@id":"https:\/\/www.organisator.ch\/marketing\/2025-06-25\/goldbach-und-go-wit-retail-media-oekosystem\/#primaryimage"},"thumbnailUrl":"https:\/\/www.markt-kom.com\/wp-content\/uploads\/2025\/06\/StefanWagner.jpg","datePublished":"2025-06-25T14:21:18+00:00","dateModified":"2025-06-25T15:00:20+00:00","description":"Gemeinsam m\u00f6chten Goldbach und Go Wit ein Retail-Media-\u00d6kosystem in der Schweiz aufbauen und innovative Retail-Media-L\u00f6sungen bieten.","breadcrumb":{"@id":"https:\/\/www.organisator.ch\/marketing\/2025-06-25\/goldbach-und-go-wit-retail-media-oekosystem\/#breadcrumb"},"inLanguage":"de","potentialAction":[{"@type":"ReadAction","target":["https:\/\/www.organisator.ch\/marketing\/2025-06-25\/goldbach-und-go-wit-retail-media-oekosystem\/"]}]},{"@type":"ImageObject","inLanguage":"de","@id":"https:\/\/www.organisator.ch\/marketing\/2025-06-25\/goldbach-und-go-wit-retail-media-oekosystem\/#primaryimage","url":"https:\/\/www.markt-kom.com\/wp-content\/uploads\/2025\/06\/StefanWagner.jpg","contentUrl":"https:\/\/www.markt-kom.com\/wp-content\/uploads\/2025\/06\/StefanWagner.jpg"},{"@type":"BreadcrumbList","@id":"https:\/\/www.organisator.ch\/marketing\/2025-06-25\/goldbach-und-go-wit-retail-media-oekosystem\/#breadcrumb","itemListElement":[{"@type":"ListItem","position":1,"name":"Home","item":"https:\/\/www.organisator.ch\/"},{"@type":"ListItem","position":2,"name":"Goldbach und Go Wit: Retail-Media-\u00d6kosystem"}]},{"@type":"WebSite","@id":"https:\/\/www.organisator.ch\/#website","url":"https:\/\/www.organisator.ch\/","name":"Organisator","description":"Kompetent. Praxisnah. Der ORGANISATOR bereitet in 10 Ausgaben pro Jahr die wesentlichen Themen f\u00fcr F\u00fchrungskr\u00e4fte von KMU auf.","publisher":{"@id":"https:\/\/www.organisator.ch\/#organization"},"potentialAction":[{"@type":"SearchAction","target":{"@type":"EntryPoint","urlTemplate":"https:\/\/www.organisator.ch\/?s={search_term_string}"},"query-input":{"@type":"PropertyValueSpecification","valueRequired":true,"valueName":"search_term_string"}}],"inLanguage":"de"},{"@type":"Organization","@id":"https:\/\/www.organisator.ch\/#organization","name":"Organisator","url":"https:\/\/www.organisator.ch\/","logo":{"@type":"ImageObject","inLanguage":"de","@id":"https:\/\/www.organisator.ch\/#\/schema\/logo\/image\/","url":"https:\/\/www.organisator.ch\/wp-content\/uploads\/2022\/01\/Logo_Organisator_Website.png","contentUrl":"https:\/\/www.organisator.ch\/wp-content\/uploads\/2022\/01\/Logo_Organisator_Website.png","width":800,"height":77,"caption":"Organisator"},"image":{"@id":"https:\/\/www.organisator.ch\/#\/schema\/logo\/image\/"},"sameAs":["https:\/\/www.facebook.com\/OrganisatorFachmagazin","https:\/\/www.linkedin.com\/showcase\/organisator-das-magazin-fr-kmu","https:\/\/www.xing.com\/news\/pages\/organisator-ch-695","https:\/\/www.youtube.com\/channel\/UCGP2Sq0iWaZwT3BdIAQFYpw"]},{"@type":"Person","@id":"https:\/\/www.organisator.ch\/#\/schema\/person\/4e51799071cd2dd1232ac003643ef5f0","name":"galledia","image":{"@type":"ImageObject","inLanguage":"de","@id":"https:\/\/secure.gravatar.com\/avatar\/78a7f90c01fc2bfc875782a0d4922b37cde2cf184ce347b91316d23cd7f69a36?s=96&d=mm&r=g","url":"https:\/\/secure.gravatar.com\/avatar\/78a7f90c01fc2bfc875782a0d4922b37cde2cf184ce347b91316d23cd7f69a36?s=96&d=mm&r=g","contentUrl":"https:\/\/secure.gravatar.com\/avatar\/78a7f90c01fc2bfc875782a0d4922b37cde2cf184ce347b91316d23cd7f69a36?s=96&d=mm&r=g","caption":"galledia"},"sameAs":["https:\/\/x.com\/admin"],"url":"https:\/\/www.organisator.ch\/de\/author\/galledia\/"}]}},"_links":{"self":[{"href":"https:\/\/www.organisator.ch\/de\/wp-json\/wp\/v2\/posts\/39278","targetHints":{"allow":["GET"]}}],"collection":[{"href":"https:\/\/www.organisator.ch\/de\/wp-json\/wp\/v2\/posts"}],"about":[{"href":"https:\/\/www.organisator.ch\/de\/wp-json\/wp\/v2\/types\/post"}],"author":[{"embeddable":true,"href":"https:\/\/www.organisator.ch\/de\/wp-json\/wp\/v2\/users\/8"}],"replies":[{"embeddable":true,"href":"https:\/\/www.organisator.ch\/de\/wp-json\/wp\/v2\/comments?post=39278"}],"version-history":[{"count":6,"href":"https:\/\/www.organisator.ch\/de\/wp-json\/wp\/v2\/posts\/39278\/revisions"}],"predecessor-version":[{"id":39284,"href":"https:\/\/www.organisator.ch\/de\/wp-json\/wp\/v2\/posts\/39278\/revisions\/39284"}],"wp:attachment":[{"href":"https:\/\/www.organisator.ch\/de\/wp-json\/wp\/v2\/media?parent=39278"}],"wp:term":[{"taxonomy":"category","embeddable":true,"href":"https:\/\/www.organisator.ch\/de\/wp-json\/wp\/v2\/categories?post=39278"},{"taxonomy":"post_tag","embeddable":true,"href":"https:\/\/www.organisator.ch\/de\/wp-json\/wp\/v2\/tags?post=39278"}],"curies":[{"name":"wp","href":"https:\/\/api.w.org\/{rel}","templated":true}]}}