{"id":39296,"date":"2025-06-25T20:20:26","date_gmt":"2025-06-25T18:20:26","guid":{"rendered":"https:\/\/www.markt-kom.com\/?p=236687"},"modified":"2025-06-26T07:17:17","modified_gmt":"2025-06-26T05:17:17","slug":"lsa-feiert-90-jahr-jubilaeum-und-neue-vorstandsmitglieder","status":"publish","type":"post","link":"https:\/\/www.organisator.ch\/de\/marketing\/2025-06-25\/lsa-feiert-90-jahr-jubilaeum-und-neue-vorstandsmitglieder\/","title":{"rendered":"LSA feiert 90 Jahr-Jubil\u00e4um und neue Vorstandsmitglieder"},"content":{"rendered":"<figure id=\"attachment_236689\" class=\"wp-caption alignnone\" style=\"width: 1200px;\" aria-describedby=\"caption-attachment-236689\"><img class=\"wp-image-236689 size-full\" src=\"https:\/\/www.markt-kom.com\/wp-content\/uploads\/2025\/06\/Neue-Vorstandsmitglieder.jpg\" sizes=\"(max-width: 1200px) 100vw, 1200px\" srcset=\"https:\/\/www.markt-kom.com\/wp-content\/uploads\/2025\/06\/Neue-Vorstandsmitglieder.jpg 1200w, https:\/\/www.markt-kom.com\/wp-content\/uploads\/2025\/06\/Neue-Vorstandsmitglieder-600x400.jpg 600w, https:\/\/www.markt-kom.com\/wp-content\/uploads\/2025\/06\/Neue-Vorstandsmitglieder-1024x683.jpg 1024w, https:\/\/www.markt-kom.com\/wp-content\/uploads\/2025\/06\/Neue-Vorstandsmitglieder-768x512.jpg 768w, https:\/\/www.markt-kom.com\/wp-content\/uploads\/2025\/06\/Neue-Vorstandsmitglieder-18x12.jpg 18w, https:\/\/www.markt-kom.com\/wp-content\/uploads\/2025\/06\/Neue-Vorstandsmitglieder-263x175.jpg 263w, https:\/\/www.markt-kom.com\/wp-content\/uploads\/2025\/06\/Neue-Vorstandsmitglieder-525x350.jpg 525w, https:\/\/www.markt-kom.com\/wp-content\/uploads\/2025\/06\/Neue-Vorstandsmitglieder-1000x667.jpg 1000w\" alt=\"\" width=\"1200\" height=\"800\" \/>\r\n<figcaption id=\"caption-attachment-236689\" class=\"wp-caption-text\">von links: Pascal Winkler, Claudia Ziltener und Daniel J\u00f6rg sind neu im Vorstand des LSA-Verbands<\/figcaption>\r\n<\/figure>\r\n<p>Die Mitglieder von Leading Swiss Agencies (LSA) w\u00e4hlten an ihrer Versammlung vom Mittwoch, 25. Juni im Razzia in Z\u00fcrich Claudia Ziltener (thjnk Z\u00fcrich), Daniel J\u00f6rg (Team Farner) und Pascal Winkler (Publicis Groupe Switzerland) in den Vorstand.<\/p>\r\n<p>\u00abIch freue mich, mich in dem Verband zu engagieren, der mir selbst den Einstieg in die Branche aufgezeigt hat. Dabei m\u00f6chte ich mich insbesondere f\u00fcr eine partnerschaftliche Zusammenarbeit zwischen Agenturen und den Auftraggeber:innen sowie f\u00fcr die Nachwuchsf\u00f6rderung in unserer Branche einsetzen. Letzteres liegt mir besonders am Herzen, da ich selbst erfahren durfte, wie wertvoll ehrlicher Support sein kann und wie bereichernd die Zusammenarbeit mit jungen Talenten ist, die unsere Branche in die Zukunft tragen werden.\u00bb, sagt Claudia Ziltener, Mitglied der Gesch\u00e4ftsleitung bei thjnk Z\u00fcrich.<\/p>\r\n<p>Daniel J\u00f6rg, Chief Innovation Officer bei Team Farner, erg\u00e4nzt: \u201eWir m\u00fcssen als Branche mutiger und sichtbarer werden. Ich will mich im LSA-Vorstand daf\u00fcr einsetzen, dass wir unser Selbstverst\u00e4ndnis als Agenturen st\u00e4rken, unsere Leistungen sichtbarer machen und den Wert kreativer Kommunikation neu positionieren \u2013 f\u00fcr mehr Wirkung, mehr Stolz und mehr Zukunft.\u00bb<\/p>\r\n<p>\u00abIch engagiere mich im LSA, weil ich daran glaube, dass kreative Exzellenz aus dem Zusammenspiel aller Disziplinen entsteht. Als Stratege sehe ich es als meine Aufgabe, nicht nur Orientierung zu geben, sondern alle Beteiligten zu bef\u00e4higen, ihren Beitrag zu leisten f\u00fcr eine starke Branche mit gemeinsamer Wirkung.\u00bb, sagt Pascal Winkler, Chief Strategy Officer der Publicis Groupe Switzerland.<\/p>\r\n<p>Mark Burow (ehem. Dentsu Creative DACH) wurde nach acht Jahren und Pablo Koerfer (ehem. Farner Consulting) nach zwei Jahren geb\u00fchrend aus dem Vorstand verabschiedet. Der LSA dankt beiden f\u00fcr ihr Engagement und ihren langj\u00e4hrigen Einsatz f\u00fcr den Verband und die Branche.<\/p>\r\n<p><img class=\"alignnone size-full wp-image-236688\" src=\"https:\/\/www.markt-kom.com\/wp-content\/uploads\/2025\/06\/Vorstand-LSA.jpg\" sizes=\"(max-width: 1200px) 100vw, 1200px\" srcset=\"https:\/\/www.markt-kom.com\/wp-content\/uploads\/2025\/06\/Vorstand-LSA.jpg 1200w, https:\/\/www.markt-kom.com\/wp-content\/uploads\/2025\/06\/Vorstand-LSA-600x401.jpg 600w, https:\/\/www.markt-kom.com\/wp-content\/uploads\/2025\/06\/Vorstand-LSA-1024x684.jpg 1024w, https:\/\/www.markt-kom.com\/wp-content\/uploads\/2025\/06\/Vorstand-LSA-768x513.jpg 768w, https:\/\/www.markt-kom.com\/wp-content\/uploads\/2025\/06\/Vorstand-LSA-18x12.jpg 18w, https:\/\/www.markt-kom.com\/wp-content\/uploads\/2025\/06\/Vorstand-LSA-262x175.jpg 262w, https:\/\/www.markt-kom.com\/wp-content\/uploads\/2025\/06\/Vorstand-LSA-524x350.jpg 524w, https:\/\/www.markt-kom.com\/wp-content\/uploads\/2025\/06\/Vorstand-LSA-1000x668.jpg 1000w\" alt=\"\" width=\"1200\" height=\"801\" \/><\/p>\r\n<h3><strong>R\u00fcckblick und Einblick in neuer Form<\/strong><\/h3>\r\n<p>Erstmals wurde den Mitgliedern ein vollst\u00e4ndig digitaler Gesch\u00e4ftsbericht pr\u00e4sentiert. Dieser zeigt transparent und \u00fcbersichtlich das LSA-Jahr in Zahlen, unsere Events sowie das LSA-Netzwerk auf. <a href=\"https:\/\/jahresbericht.leadingswissagencies.ch\/\">Der Bericht ist online einsehbar<\/a>.<\/p>","protected":false},"excerpt":{"rendered":"<p>Leading Swiss Agencies feierte sein 90-j\u00e4hriges Bestehen an der diesj\u00e4hrigen Mitgliederversammlung. Der Anlass bot Raum f\u00fcr Austausch, R\u00fcckblick und die Wahl von drei neuen Vorstandsmitgliedern.<\/p>\n","protected":false},"author":8,"featured_media":0,"comment_status":"closed","ping_status":"closed","sticky":false,"template":"","format":"standard","meta":{"_acf_changed":false,"_yoast_wpseo_focuskw":"LSA","_yoast_wpseo_metadesc":"Der Verband Leading Swiss Agencies LSA feierte sein 90-j\u00e4hriges Bestehen an der diesj\u00e4hrigen Mitgliederversammlung.","articlekey":"","footnotes":""},"categories":[29],"tags":[3659,4343,3332,4561,2873,503],"class_list":["post-39296","post","type-post","status-publish","format-standard","hentry","category-marketing","tag-lsa-leading-swiss-agencies","tag-markom","tag-publicis","tag-team-farner","tag-thjnk-zuerich","tag-verbaende"],"acf":[],"yoast_head":"<!-- This site is optimized with the Yoast SEO plugin v27.4 - https:\/\/yoast.com\/product\/yoast-seo-wordpress\/ -->\n<title>LSA feiert 90 Jahr-Jubil\u00e4um und neue Vorstandsmitglieder - Organisator<\/title>\n<meta name=\"description\" content=\"Der Verband Leading Swiss Agencies LSA feierte sein 90-j\u00e4hriges Bestehen an der diesj\u00e4hrigen Mitgliederversammlung.\" \/>\n<meta name=\"robots\" content=\"index, follow, max-snippet:-1, max-image-preview:large, max-video-preview:-1\" \/>\n<link rel=\"canonical\" href=\"https:\/\/www.organisator.ch\/de\/marketing\/2025-06-25\/lsa-feiert-90-jahr-jubilaeum-und-neue-vorstandsmitglieder\/\" \/>\n<meta property=\"og:locale\" content=\"de_DE\" \/>\n<meta property=\"og:type\" content=\"article\" \/>\n<meta property=\"og:title\" content=\"LSA feiert 90 Jahr-Jubil\u00e4um und neue Vorstandsmitglieder - Organisator\" \/>\n<meta property=\"og:description\" content=\"Der Verband Leading Swiss Agencies LSA feierte sein 90-j\u00e4hriges Bestehen an der diesj\u00e4hrigen Mitgliederversammlung.\" \/>\n<meta property=\"og:url\" content=\"https:\/\/www.organisator.ch\/de\/marketing\/2025-06-25\/lsa-feiert-90-jahr-jubilaeum-und-neue-vorstandsmitglieder\/\" \/>\n<meta property=\"og:site_name\" content=\"Organisator\" \/>\n<meta property=\"article:publisher\" content=\"https:\/\/www.facebook.com\/OrganisatorFachmagazin\" \/>\n<meta property=\"article:published_time\" content=\"2025-06-25T18:20:26+00:00\" \/>\n<meta property=\"article:modified_time\" content=\"2025-06-26T05:17:17+00:00\" \/>\n<meta name=\"author\" content=\"galledia\" \/>\n<meta name=\"twitter:card\" content=\"summary_large_image\" \/>\n<meta name=\"twitter:creator\" content=\"@admin\" \/>\n<script type=\"application\/ld+json\" class=\"yoast-schema-graph\">{\"@context\":\"https:\\\/\\\/schema.org\",\"@graph\":[{\"@type\":\"Article\",\"@id\":\"https:\\\/\\\/www.organisator.ch\\\/marketing\\\/2025-06-25\\\/lsa-feiert-90-jahr-jubilaeum-und-neue-vorstandsmitglieder\\\/#article\",\"isPartOf\":{\"@id\":\"https:\\\/\\\/www.organisator.ch\\\/marketing\\\/2025-06-25\\\/lsa-feiert-90-jahr-jubilaeum-und-neue-vorstandsmitglieder\\\/\"},\"author\":{\"name\":\"galledia\",\"@id\":\"https:\\\/\\\/www.organisator.ch\\\/#\\\/schema\\\/person\\\/4e51799071cd2dd1232ac003643ef5f0\"},\"headline\":\"LSA feiert 90 Jahr-Jubil\u00e4um und neue Vorstandsmitglieder\",\"datePublished\":\"2025-06-25T18:20:26+00:00\",\"dateModified\":\"2025-06-26T05:17:17+00:00\",\"mainEntityOfPage\":{\"@id\":\"https:\\\/\\\/www.organisator.ch\\\/marketing\\\/2025-06-25\\\/lsa-feiert-90-jahr-jubilaeum-und-neue-vorstandsmitglieder\\\/\"},\"wordCount\":353,\"publisher\":{\"@id\":\"https:\\\/\\\/www.organisator.ch\\\/#organization\"},\"image\":{\"@id\":\"https:\\\/\\\/www.organisator.ch\\\/marketing\\\/2025-06-25\\\/lsa-feiert-90-jahr-jubilaeum-und-neue-vorstandsmitglieder\\\/#primaryimage\"},\"thumbnailUrl\":\"https:\\\/\\\/www.markt-kom.com\\\/wp-content\\\/uploads\\\/2025\\\/06\\\/Neue-Vorstandsmitglieder.jpg\",\"keywords\":[\"LSA Leading Swiss Agencies\",\"MarKom\",\"Publicis\",\"Team Farner\",\"Thjnk Z\u00fcrich\",\"Verb\u00e4nde\"],\"articleSection\":[\"MARKETING\"],\"inLanguage\":\"de\"},{\"@type\":\"WebPage\",\"@id\":\"https:\\\/\\\/www.organisator.ch\\\/marketing\\\/2025-06-25\\\/lsa-feiert-90-jahr-jubilaeum-und-neue-vorstandsmitglieder\\\/\",\"url\":\"https:\\\/\\\/www.organisator.ch\\\/marketing\\\/2025-06-25\\\/lsa-feiert-90-jahr-jubilaeum-und-neue-vorstandsmitglieder\\\/\",\"name\":\"LSA feiert 90 Jahr-Jubil\u00e4um und neue Vorstandsmitglieder - Organisator\",\"isPartOf\":{\"@id\":\"https:\\\/\\\/www.organisator.ch\\\/#website\"},\"primaryImageOfPage\":{\"@id\":\"https:\\\/\\\/www.organisator.ch\\\/marketing\\\/2025-06-25\\\/lsa-feiert-90-jahr-jubilaeum-und-neue-vorstandsmitglieder\\\/#primaryimage\"},\"image\":{\"@id\":\"https:\\\/\\\/www.organisator.ch\\\/marketing\\\/2025-06-25\\\/lsa-feiert-90-jahr-jubilaeum-und-neue-vorstandsmitglieder\\\/#primaryimage\"},\"thumbnailUrl\":\"https:\\\/\\\/www.markt-kom.com\\\/wp-content\\\/uploads\\\/2025\\\/06\\\/Neue-Vorstandsmitglieder.jpg\",\"datePublished\":\"2025-06-25T18:20:26+00:00\",\"dateModified\":\"2025-06-26T05:17:17+00:00\",\"description\":\"Der Verband Leading Swiss Agencies LSA feierte sein 90-j\u00e4hriges Bestehen an der diesj\u00e4hrigen Mitgliederversammlung.\",\"breadcrumb\":{\"@id\":\"https:\\\/\\\/www.organisator.ch\\\/marketing\\\/2025-06-25\\\/lsa-feiert-90-jahr-jubilaeum-und-neue-vorstandsmitglieder\\\/#breadcrumb\"},\"inLanguage\":\"de\",\"potentialAction\":[{\"@type\":\"ReadAction\",\"target\":[\"https:\\\/\\\/www.organisator.ch\\\/marketing\\\/2025-06-25\\\/lsa-feiert-90-jahr-jubilaeum-und-neue-vorstandsmitglieder\\\/\"]}]},{\"@type\":\"ImageObject\",\"inLanguage\":\"de\",\"@id\":\"https:\\\/\\\/www.organisator.ch\\\/marketing\\\/2025-06-25\\\/lsa-feiert-90-jahr-jubilaeum-und-neue-vorstandsmitglieder\\\/#primaryimage\",\"url\":\"https:\\\/\\\/www.markt-kom.com\\\/wp-content\\\/uploads\\\/2025\\\/06\\\/Neue-Vorstandsmitglieder.jpg\",\"contentUrl\":\"https:\\\/\\\/www.markt-kom.com\\\/wp-content\\\/uploads\\\/2025\\\/06\\\/Neue-Vorstandsmitglieder.jpg\"},{\"@type\":\"BreadcrumbList\",\"@id\":\"https:\\\/\\\/www.organisator.ch\\\/marketing\\\/2025-06-25\\\/lsa-feiert-90-jahr-jubilaeum-und-neue-vorstandsmitglieder\\\/#breadcrumb\",\"itemListElement\":[{\"@type\":\"ListItem\",\"position\":1,\"name\":\"Home\",\"item\":\"https:\\\/\\\/www.organisator.ch\\\/\"},{\"@type\":\"ListItem\",\"position\":2,\"name\":\"LSA feiert 90 Jahr-Jubil\u00e4um und neue Vorstandsmitglieder\"}]},{\"@type\":\"WebSite\",\"@id\":\"https:\\\/\\\/www.organisator.ch\\\/#website\",\"url\":\"https:\\\/\\\/www.organisator.ch\\\/\",\"name\":\"Organisator\",\"description\":\"Kompetent. Praxisnah. Der ORGANISATOR bereitet in 10 Ausgaben pro Jahr die wesentlichen Themen f\u00fcr F\u00fchrungskr\u00e4fte von KMU auf.\",\"publisher\":{\"@id\":\"https:\\\/\\\/www.organisator.ch\\\/#organization\"},\"potentialAction\":[{\"@type\":\"SearchAction\",\"target\":{\"@type\":\"EntryPoint\",\"urlTemplate\":\"https:\\\/\\\/www.organisator.ch\\\/?s={search_term_string}\"},\"query-input\":{\"@type\":\"PropertyValueSpecification\",\"valueRequired\":true,\"valueName\":\"search_term_string\"}}],\"inLanguage\":\"de\"},{\"@type\":\"Organization\",\"@id\":\"https:\\\/\\\/www.organisator.ch\\\/#organization\",\"name\":\"Organisator\",\"url\":\"https:\\\/\\\/www.organisator.ch\\\/\",\"logo\":{\"@type\":\"ImageObject\",\"inLanguage\":\"de\",\"@id\":\"https:\\\/\\\/www.organisator.ch\\\/#\\\/schema\\\/logo\\\/image\\\/\",\"url\":\"https:\\\/\\\/www.organisator.ch\\\/wp-content\\\/uploads\\\/2022\\\/01\\\/Logo_Organisator_Website.png\",\"contentUrl\":\"https:\\\/\\\/www.organisator.ch\\\/wp-content\\\/uploads\\\/2022\\\/01\\\/Logo_Organisator_Website.png\",\"width\":800,\"height\":77,\"caption\":\"Organisator\"},\"image\":{\"@id\":\"https:\\\/\\\/www.organisator.ch\\\/#\\\/schema\\\/logo\\\/image\\\/\"},\"sameAs\":[\"https:\\\/\\\/www.facebook.com\\\/OrganisatorFachmagazin\",\"https:\\\/\\\/www.linkedin.com\\\/showcase\\\/organisator-das-magazin-fr-kmu\",\"https:\\\/\\\/www.xing.com\\\/news\\\/pages\\\/organisator-ch-695\",\"https:\\\/\\\/www.youtube.com\\\/channel\\\/UCGP2Sq0iWaZwT3BdIAQFYpw\"]},{\"@type\":\"Person\",\"@id\":\"https:\\\/\\\/www.organisator.ch\\\/#\\\/schema\\\/person\\\/4e51799071cd2dd1232ac003643ef5f0\",\"name\":\"galledia\",\"image\":{\"@type\":\"ImageObject\",\"inLanguage\":\"de\",\"@id\":\"https:\\\/\\\/secure.gravatar.com\\\/avatar\\\/78a7f90c01fc2bfc875782a0d4922b37cde2cf184ce347b91316d23cd7f69a36?s=96&d=mm&r=g\",\"url\":\"https:\\\/\\\/secure.gravatar.com\\\/avatar\\\/78a7f90c01fc2bfc875782a0d4922b37cde2cf184ce347b91316d23cd7f69a36?s=96&d=mm&r=g\",\"contentUrl\":\"https:\\\/\\\/secure.gravatar.com\\\/avatar\\\/78a7f90c01fc2bfc875782a0d4922b37cde2cf184ce347b91316d23cd7f69a36?s=96&d=mm&r=g\",\"caption\":\"galledia\"},\"sameAs\":[\"https:\\\/\\\/x.com\\\/admin\"],\"url\":\"https:\\\/\\\/www.organisator.ch\\\/de\\\/author\\\/galledia\\\/\"}]}<\/script>\n<!-- \/ Yoast SEO plugin. -->","yoast_head_json":{"title":"LSA feiert 90 Jahr-Jubil\u00e4um und neue Vorstandsmitglieder - Organisator","description":"Der Verband Leading Swiss Agencies LSA feierte sein 90-j\u00e4hriges Bestehen an der diesj\u00e4hrigen Mitgliederversammlung.","robots":{"index":"index","follow":"follow","max-snippet":"max-snippet:-1","max-image-preview":"max-image-preview:large","max-video-preview":"max-video-preview:-1"},"canonical":"https:\/\/www.organisator.ch\/de\/marketing\/2025-06-25\/lsa-feiert-90-jahr-jubilaeum-und-neue-vorstandsmitglieder\/","og_locale":"de_DE","og_type":"article","og_title":"LSA feiert 90 Jahr-Jubil\u00e4um und neue Vorstandsmitglieder - Organisator","og_description":"Der Verband Leading Swiss Agencies LSA feierte sein 90-j\u00e4hriges Bestehen an der diesj\u00e4hrigen Mitgliederversammlung.","og_url":"https:\/\/www.organisator.ch\/de\/marketing\/2025-06-25\/lsa-feiert-90-jahr-jubilaeum-und-neue-vorstandsmitglieder\/","og_site_name":"Organisator","article_publisher":"https:\/\/www.facebook.com\/OrganisatorFachmagazin","article_published_time":"2025-06-25T18:20:26+00:00","article_modified_time":"2025-06-26T05:17:17+00:00","author":"galledia","twitter_card":"summary_large_image","twitter_creator":"@admin","schema":{"@context":"https:\/\/schema.org","@graph":[{"@type":"Article","@id":"https:\/\/www.organisator.ch\/marketing\/2025-06-25\/lsa-feiert-90-jahr-jubilaeum-und-neue-vorstandsmitglieder\/#article","isPartOf":{"@id":"https:\/\/www.organisator.ch\/marketing\/2025-06-25\/lsa-feiert-90-jahr-jubilaeum-und-neue-vorstandsmitglieder\/"},"author":{"name":"galledia","@id":"https:\/\/www.organisator.ch\/#\/schema\/person\/4e51799071cd2dd1232ac003643ef5f0"},"headline":"LSA feiert 90 Jahr-Jubil\u00e4um und neue Vorstandsmitglieder","datePublished":"2025-06-25T18:20:26+00:00","dateModified":"2025-06-26T05:17:17+00:00","mainEntityOfPage":{"@id":"https:\/\/www.organisator.ch\/marketing\/2025-06-25\/lsa-feiert-90-jahr-jubilaeum-und-neue-vorstandsmitglieder\/"},"wordCount":353,"publisher":{"@id":"https:\/\/www.organisator.ch\/#organization"},"image":{"@id":"https:\/\/www.organisator.ch\/marketing\/2025-06-25\/lsa-feiert-90-jahr-jubilaeum-und-neue-vorstandsmitglieder\/#primaryimage"},"thumbnailUrl":"https:\/\/www.markt-kom.com\/wp-content\/uploads\/2025\/06\/Neue-Vorstandsmitglieder.jpg","keywords":["LSA Leading Swiss Agencies","MarKom","Publicis","Team Farner","Thjnk Z\u00fcrich","Verb\u00e4nde"],"articleSection":["MARKETING"],"inLanguage":"de"},{"@type":"WebPage","@id":"https:\/\/www.organisator.ch\/marketing\/2025-06-25\/lsa-feiert-90-jahr-jubilaeum-und-neue-vorstandsmitglieder\/","url":"https:\/\/www.organisator.ch\/marketing\/2025-06-25\/lsa-feiert-90-jahr-jubilaeum-und-neue-vorstandsmitglieder\/","name":"LSA feiert 90 Jahr-Jubil\u00e4um und neue Vorstandsmitglieder - Organisator","isPartOf":{"@id":"https:\/\/www.organisator.ch\/#website"},"primaryImageOfPage":{"@id":"https:\/\/www.organisator.ch\/marketing\/2025-06-25\/lsa-feiert-90-jahr-jubilaeum-und-neue-vorstandsmitglieder\/#primaryimage"},"image":{"@id":"https:\/\/www.organisator.ch\/marketing\/2025-06-25\/lsa-feiert-90-jahr-jubilaeum-und-neue-vorstandsmitglieder\/#primaryimage"},"thumbnailUrl":"https:\/\/www.markt-kom.com\/wp-content\/uploads\/2025\/06\/Neue-Vorstandsmitglieder.jpg","datePublished":"2025-06-25T18:20:26+00:00","dateModified":"2025-06-26T05:17:17+00:00","description":"Der Verband Leading Swiss Agencies LSA feierte sein 90-j\u00e4hriges Bestehen an der diesj\u00e4hrigen Mitgliederversammlung.","breadcrumb":{"@id":"https:\/\/www.organisator.ch\/marketing\/2025-06-25\/lsa-feiert-90-jahr-jubilaeum-und-neue-vorstandsmitglieder\/#breadcrumb"},"inLanguage":"de","potentialAction":[{"@type":"ReadAction","target":["https:\/\/www.organisator.ch\/marketing\/2025-06-25\/lsa-feiert-90-jahr-jubilaeum-und-neue-vorstandsmitglieder\/"]}]},{"@type":"ImageObject","inLanguage":"de","@id":"https:\/\/www.organisator.ch\/marketing\/2025-06-25\/lsa-feiert-90-jahr-jubilaeum-und-neue-vorstandsmitglieder\/#primaryimage","url":"https:\/\/www.markt-kom.com\/wp-content\/uploads\/2025\/06\/Neue-Vorstandsmitglieder.jpg","contentUrl":"https:\/\/www.markt-kom.com\/wp-content\/uploads\/2025\/06\/Neue-Vorstandsmitglieder.jpg"},{"@type":"BreadcrumbList","@id":"https:\/\/www.organisator.ch\/marketing\/2025-06-25\/lsa-feiert-90-jahr-jubilaeum-und-neue-vorstandsmitglieder\/#breadcrumb","itemListElement":[{"@type":"ListItem","position":1,"name":"Home","item":"https:\/\/www.organisator.ch\/"},{"@type":"ListItem","position":2,"name":"LSA feiert 90 Jahr-Jubil\u00e4um und neue Vorstandsmitglieder"}]},{"@type":"WebSite","@id":"https:\/\/www.organisator.ch\/#website","url":"https:\/\/www.organisator.ch\/","name":"Organisator","description":"Kompetent. Praxisnah. Der ORGANISATOR bereitet in 10 Ausgaben pro Jahr die wesentlichen Themen f\u00fcr F\u00fchrungskr\u00e4fte von KMU auf.","publisher":{"@id":"https:\/\/www.organisator.ch\/#organization"},"potentialAction":[{"@type":"SearchAction","target":{"@type":"EntryPoint","urlTemplate":"https:\/\/www.organisator.ch\/?s={search_term_string}"},"query-input":{"@type":"PropertyValueSpecification","valueRequired":true,"valueName":"search_term_string"}}],"inLanguage":"de"},{"@type":"Organization","@id":"https:\/\/www.organisator.ch\/#organization","name":"Organisator","url":"https:\/\/www.organisator.ch\/","logo":{"@type":"ImageObject","inLanguage":"de","@id":"https:\/\/www.organisator.ch\/#\/schema\/logo\/image\/","url":"https:\/\/www.organisator.ch\/wp-content\/uploads\/2022\/01\/Logo_Organisator_Website.png","contentUrl":"https:\/\/www.organisator.ch\/wp-content\/uploads\/2022\/01\/Logo_Organisator_Website.png","width":800,"height":77,"caption":"Organisator"},"image":{"@id":"https:\/\/www.organisator.ch\/#\/schema\/logo\/image\/"},"sameAs":["https:\/\/www.facebook.com\/OrganisatorFachmagazin","https:\/\/www.linkedin.com\/showcase\/organisator-das-magazin-fr-kmu","https:\/\/www.xing.com\/news\/pages\/organisator-ch-695","https:\/\/www.youtube.com\/channel\/UCGP2Sq0iWaZwT3BdIAQFYpw"]},{"@type":"Person","@id":"https:\/\/www.organisator.ch\/#\/schema\/person\/4e51799071cd2dd1232ac003643ef5f0","name":"galledia","image":{"@type":"ImageObject","inLanguage":"de","@id":"https:\/\/secure.gravatar.com\/avatar\/78a7f90c01fc2bfc875782a0d4922b37cde2cf184ce347b91316d23cd7f69a36?s=96&d=mm&r=g","url":"https:\/\/secure.gravatar.com\/avatar\/78a7f90c01fc2bfc875782a0d4922b37cde2cf184ce347b91316d23cd7f69a36?s=96&d=mm&r=g","contentUrl":"https:\/\/secure.gravatar.com\/avatar\/78a7f90c01fc2bfc875782a0d4922b37cde2cf184ce347b91316d23cd7f69a36?s=96&d=mm&r=g","caption":"galledia"},"sameAs":["https:\/\/x.com\/admin"],"url":"https:\/\/www.organisator.ch\/de\/author\/galledia\/"}]}},"_links":{"self":[{"href":"https:\/\/www.organisator.ch\/de\/wp-json\/wp\/v2\/posts\/39296","targetHints":{"allow":["GET"]}}],"collection":[{"href":"https:\/\/www.organisator.ch\/de\/wp-json\/wp\/v2\/posts"}],"about":[{"href":"https:\/\/www.organisator.ch\/de\/wp-json\/wp\/v2\/types\/post"}],"author":[{"embeddable":true,"href":"https:\/\/www.organisator.ch\/de\/wp-json\/wp\/v2\/users\/8"}],"replies":[{"embeddable":true,"href":"https:\/\/www.organisator.ch\/de\/wp-json\/wp\/v2\/comments?post=39296"}],"version-history":[{"count":4,"href":"https:\/\/www.organisator.ch\/de\/wp-json\/wp\/v2\/posts\/39296\/revisions"}],"predecessor-version":[{"id":39304,"href":"https:\/\/www.organisator.ch\/de\/wp-json\/wp\/v2\/posts\/39296\/revisions\/39304"}],"wp:attachment":[{"href":"https:\/\/www.organisator.ch\/de\/wp-json\/wp\/v2\/media?parent=39296"}],"wp:term":[{"taxonomy":"category","embeddable":true,"href":"https:\/\/www.organisator.ch\/de\/wp-json\/wp\/v2\/categories?post=39296"},{"taxonomy":"post_tag","embeddable":true,"href":"https:\/\/www.organisator.ch\/de\/wp-json\/wp\/v2\/tags?post=39296"}],"curies":[{"name":"wp","href":"https:\/\/api.w.org\/{rel}","templated":true}]}}