{"id":39343,"date":"2025-06-30T16:50:09","date_gmt":"2025-06-30T14:50:09","guid":{"rendered":"https:\/\/www.markt-kom.com\/?p=236751"},"modified":"2025-06-30T16:41:46","modified_gmt":"2025-06-30T14:41:46","slug":"swiss-marketing-veraenderungen-im-zentralvorstand","status":"publish","type":"post","link":"https:\/\/www.organisator.ch\/de\/marketing\/2025-06-30\/swiss-marketing-veraenderungen-im-zentralvorstand\/","title":{"rendered":"Swiss Marketing: Ver\u00e4nderungen im Zentralvorstand"},"content":{"rendered":"<p><img class=\"alignnone size-full wp-image-236755\" src=\"https:\/\/www.markt-kom.com\/wp-content\/uploads\/2025\/06\/DV_SwissMarketing_2025-1-scaled.jpg\" sizes=\"(max-width: 1400px) 100vw, 1400px\" srcset=\"https:\/\/www.markt-kom.com\/wp-content\/uploads\/2025\/06\/DV_SwissMarketing_2025-1-scaled.jpg 1300w, https:\/\/www.markt-kom.com\/wp-content\/uploads\/2025\/06\/DV_SwissMarketing_2025-1-600x337.jpg 600w, https:\/\/www.markt-kom.com\/wp-content\/uploads\/2025\/06\/DV_SwissMarketing_2025-1-1024x576.jpg 1024w, https:\/\/www.markt-kom.com\/wp-content\/uploads\/2025\/06\/DV_SwissMarketing_2025-1-768x432.jpg 768w, https:\/\/www.markt-kom.com\/wp-content\/uploads\/2025\/06\/DV_SwissMarketing_2025-1-1536x864.jpg 1536w, https:\/\/www.markt-kom.com\/wp-content\/uploads\/2025\/06\/DV_SwissMarketing_2025-1-2048x1152.jpg 2048w, https:\/\/www.markt-kom.com\/wp-content\/uploads\/2025\/06\/DV_SwissMarketing_2025-1-18x10.jpg 18w, https:\/\/www.markt-kom.com\/wp-content\/uploads\/2025\/06\/DV_SwissMarketing_2025-1-311x175.jpg 311w, https:\/\/www.markt-kom.com\/wp-content\/uploads\/2025\/06\/DV_SwissMarketing_2025-1-622x350.jpg 622w, https:\/\/www.markt-kom.com\/wp-content\/uploads\/2025\/06\/DV_SwissMarketing_2025-1-1000x562.jpg 1000w\" alt=\"\" width=\"1400\" height=\"787\" \/>An der diesj\u00e4hrigen Delegiertenversammlung von Swiss Marketing wurde Stefan Hoher als neues Mitglied des Zentralvorstands gew\u00e4hlt. F\u00fcr Simon Albisser, Katharina M\u00e4der und Ubaldo Piccone erfolgte die Verabschiedung, nachdem sie im zuvor ihren R\u00fccktritt bekannt gegeben hatten. Der Zentralvorstand informierte zudem \u00fcber laufende T\u00e4tigkeiten und Ziele und \u00e4usserte seinen Dank an alle Engagierten.<\/p>\r\n<p>Der Zentralvorstand erhielt mit Stefan Hoher ein einstimmig gew\u00e4hltes neues Mitglied, das als erfahrener Kommunikationsleiter wertvolles Know-how einbringen wird. Gleichzeitig wurden die Vorstandsmitglieder Simon Albisser, Katharina M\u00e4der und Ubaldo Piccone verabschiedet, nachdem sie sich in diesem Jahr f\u00fcr den R\u00fccktritt entschieden hatten.<\/p>\r\n<p>Sowohl Simon Albisser wie auch Katharina M\u00e4der haben Swiss Marketing \u00fcber viele Jahre hinweg mit grossem Engagement unterst\u00fctzt und waren massgeblich an wichtigen Entwicklungen beteiligt. Auch Ubaldo Piccone hat in seinem einj\u00e4hrigen Engagement viele wertvolle Impulse gesetzt. F\u00fcr diesen Einsatz bedankt sich Swiss Marketing herzlich. Dem restlichen Zentralvorstand, bestehend aus Dietger L\u00f6ffler, Chris Pozzoli und Beat Schlumpf, sowie dem seit Februar agierenden Gesch\u00e4ftsf\u00fchrer Marco Ancora, wurde von den Delegierten einstimmig die D\u00e9charge erteilt.<\/p>\r\n<p>Im Verlauf der Versammlung erhielten die Anwesenden auch einen Ausblick auf die aktuellen Ziele zur Weiterentwicklung des Verbands. In konstruktiven Diskussionen tauschte sich der Zentralvorstand mit den Anwesenden \u00fcber die Pl\u00e4ne aus. Den Abschluss des Abends bildete schliesslich ein Stehdinner bei guter Stimmung und ausgelassenem Austausch.<\/p>\r\n<hr \/>\r\n<p><em>Swiss Marketing ist der f\u00fchrende Berufs- und Fachverband f\u00fcr Spezialist:innen aus den Bereichen Marketing und Verkauf. Hier b\u00fcndelt sich das Fachwissen von rund 2000 Fach- und F\u00fchrungskr\u00e4ften aus unterschiedlichen Branchen. Swiss Marketing organisiert ausserdem die Berufs- und h\u00f6heren Fachpr\u00fcfungen f\u00fcr Marketing und Verkauf.<\/em><\/p>","protected":false},"excerpt":{"rendered":"<p>Bei bestem Sommerwetter fand am Donnerstag, 26. Juni die Delegiertenversammlung von Swiss Marketing statt. Das Programm beinhaltete die Neuwahl beziehungsweise Verabschiedung von Mitgliedern des Zentralvorstands sowie einen Ausblick auf die angestrebte Entwicklung des Verbands.<\/p>\n","protected":false},"author":8,"featured_media":0,"comment_status":"closed","ping_status":"closed","sticky":false,"template":"","format":"standard","meta":{"_acf_changed":false,"_yoast_wpseo_focuskw":"Swiss Marketing","_yoast_wpseo_metadesc":"Am Donnerstag, 26. Juni, fand die Delegiertenversammlung von Swiss Marketing statt. Traktandiert waren u.a. Wechsel im Zentralvorstand.","articlekey":"","footnotes":""},"categories":[29],"tags":[4343,381,2809,503],"class_list":["post-39343","post","type-post","status-publish","format-standard","hentry","category-marketing","tag-markom","tag-personalia","tag-swiss-marketing","tag-verbaende"],"acf":[],"yoast_head":"<!-- This site is optimized with the Yoast SEO plugin v27.4 - https:\/\/yoast.com\/product\/yoast-seo-wordpress\/ -->\n<title>Swiss Marketing: Ver\u00e4nderungen im Zentralvorstand - Organisator<\/title>\n<meta name=\"description\" content=\"Am Donnerstag, 26. Juni, fand die Delegiertenversammlung von Swiss Marketing statt. Traktandiert waren u.a. Wechsel im Zentralvorstand.\" \/>\n<meta name=\"robots\" content=\"index, follow, max-snippet:-1, max-image-preview:large, max-video-preview:-1\" \/>\n<link rel=\"canonical\" href=\"https:\/\/www.organisator.ch\/de\/marketing\/2025-06-30\/swiss-marketing-veraenderungen-im-zentralvorstand\/\" \/>\n<meta property=\"og:locale\" content=\"de_DE\" \/>\n<meta property=\"og:type\" content=\"article\" \/>\n<meta property=\"og:title\" content=\"Swiss Marketing: Ver\u00e4nderungen im Zentralvorstand - Organisator\" \/>\n<meta property=\"og:description\" content=\"Am Donnerstag, 26. Juni, fand die Delegiertenversammlung von Swiss Marketing statt. Traktandiert waren u.a. Wechsel im Zentralvorstand.\" \/>\n<meta property=\"og:url\" content=\"https:\/\/www.organisator.ch\/de\/marketing\/2025-06-30\/swiss-marketing-veraenderungen-im-zentralvorstand\/\" \/>\n<meta property=\"og:site_name\" content=\"Organisator\" \/>\n<meta property=\"article:publisher\" content=\"https:\/\/www.facebook.com\/OrganisatorFachmagazin\" \/>\n<meta property=\"article:published_time\" content=\"2025-06-30T14:50:09+00:00\" \/>\n<meta name=\"author\" content=\"galledia\" \/>\n<meta name=\"twitter:card\" content=\"summary_large_image\" \/>\n<meta name=\"twitter:creator\" content=\"@admin\" \/>\n<script type=\"application\/ld+json\" class=\"yoast-schema-graph\">{\"@context\":\"https:\\\/\\\/schema.org\",\"@graph\":[{\"@type\":\"Article\",\"@id\":\"https:\\\/\\\/www.organisator.ch\\\/marketing\\\/2025-06-30\\\/swiss-marketing-veraenderungen-im-zentralvorstand\\\/#article\",\"isPartOf\":{\"@id\":\"https:\\\/\\\/www.organisator.ch\\\/marketing\\\/2025-06-30\\\/swiss-marketing-veraenderungen-im-zentralvorstand\\\/\"},\"author\":{\"name\":\"galledia\",\"@id\":\"https:\\\/\\\/www.organisator.ch\\\/#\\\/schema\\\/person\\\/4e51799071cd2dd1232ac003643ef5f0\"},\"headline\":\"Swiss Marketing: Ver\u00e4nderungen im Zentralvorstand\",\"datePublished\":\"2025-06-30T14:50:09+00:00\",\"mainEntityOfPage\":{\"@id\":\"https:\\\/\\\/www.organisator.ch\\\/marketing\\\/2025-06-30\\\/swiss-marketing-veraenderungen-im-zentralvorstand\\\/\"},\"wordCount\":289,\"publisher\":{\"@id\":\"https:\\\/\\\/www.organisator.ch\\\/#organization\"},\"image\":{\"@id\":\"https:\\\/\\\/www.organisator.ch\\\/marketing\\\/2025-06-30\\\/swiss-marketing-veraenderungen-im-zentralvorstand\\\/#primaryimage\"},\"thumbnailUrl\":\"https:\\\/\\\/www.markt-kom.com\\\/wp-content\\\/uploads\\\/2025\\\/06\\\/DV_SwissMarketing_2025-1-scaled.jpg\",\"keywords\":[\"MarKom\",\"Personalia\",\"Swiss Marketing\",\"Verb\u00e4nde\"],\"articleSection\":[\"MARKETING\"],\"inLanguage\":\"de\"},{\"@type\":\"WebPage\",\"@id\":\"https:\\\/\\\/www.organisator.ch\\\/marketing\\\/2025-06-30\\\/swiss-marketing-veraenderungen-im-zentralvorstand\\\/\",\"url\":\"https:\\\/\\\/www.organisator.ch\\\/marketing\\\/2025-06-30\\\/swiss-marketing-veraenderungen-im-zentralvorstand\\\/\",\"name\":\"Swiss Marketing: Ver\u00e4nderungen im Zentralvorstand - Organisator\",\"isPartOf\":{\"@id\":\"https:\\\/\\\/www.organisator.ch\\\/#website\"},\"primaryImageOfPage\":{\"@id\":\"https:\\\/\\\/www.organisator.ch\\\/marketing\\\/2025-06-30\\\/swiss-marketing-veraenderungen-im-zentralvorstand\\\/#primaryimage\"},\"image\":{\"@id\":\"https:\\\/\\\/www.organisator.ch\\\/marketing\\\/2025-06-30\\\/swiss-marketing-veraenderungen-im-zentralvorstand\\\/#primaryimage\"},\"thumbnailUrl\":\"https:\\\/\\\/www.markt-kom.com\\\/wp-content\\\/uploads\\\/2025\\\/06\\\/DV_SwissMarketing_2025-1-scaled.jpg\",\"datePublished\":\"2025-06-30T14:50:09+00:00\",\"description\":\"Am Donnerstag, 26. Juni, fand die Delegiertenversammlung von Swiss Marketing statt. Traktandiert waren u.a. Wechsel im Zentralvorstand.\",\"breadcrumb\":{\"@id\":\"https:\\\/\\\/www.organisator.ch\\\/marketing\\\/2025-06-30\\\/swiss-marketing-veraenderungen-im-zentralvorstand\\\/#breadcrumb\"},\"inLanguage\":\"de\",\"potentialAction\":[{\"@type\":\"ReadAction\",\"target\":[\"https:\\\/\\\/www.organisator.ch\\\/marketing\\\/2025-06-30\\\/swiss-marketing-veraenderungen-im-zentralvorstand\\\/\"]}]},{\"@type\":\"ImageObject\",\"inLanguage\":\"de\",\"@id\":\"https:\\\/\\\/www.organisator.ch\\\/marketing\\\/2025-06-30\\\/swiss-marketing-veraenderungen-im-zentralvorstand\\\/#primaryimage\",\"url\":\"https:\\\/\\\/www.markt-kom.com\\\/wp-content\\\/uploads\\\/2025\\\/06\\\/DV_SwissMarketing_2025-1-scaled.jpg\",\"contentUrl\":\"https:\\\/\\\/www.markt-kom.com\\\/wp-content\\\/uploads\\\/2025\\\/06\\\/DV_SwissMarketing_2025-1-scaled.jpg\"},{\"@type\":\"BreadcrumbList\",\"@id\":\"https:\\\/\\\/www.organisator.ch\\\/marketing\\\/2025-06-30\\\/swiss-marketing-veraenderungen-im-zentralvorstand\\\/#breadcrumb\",\"itemListElement\":[{\"@type\":\"ListItem\",\"position\":1,\"name\":\"Home\",\"item\":\"https:\\\/\\\/www.organisator.ch\\\/\"},{\"@type\":\"ListItem\",\"position\":2,\"name\":\"Swiss Marketing: Ver\u00e4nderungen im Zentralvorstand\"}]},{\"@type\":\"WebSite\",\"@id\":\"https:\\\/\\\/www.organisator.ch\\\/#website\",\"url\":\"https:\\\/\\\/www.organisator.ch\\\/\",\"name\":\"Organisator\",\"description\":\"Kompetent. Praxisnah. Der ORGANISATOR bereitet in 10 Ausgaben pro Jahr die wesentlichen Themen f\u00fcr F\u00fchrungskr\u00e4fte von KMU auf.\",\"publisher\":{\"@id\":\"https:\\\/\\\/www.organisator.ch\\\/#organization\"},\"potentialAction\":[{\"@type\":\"SearchAction\",\"target\":{\"@type\":\"EntryPoint\",\"urlTemplate\":\"https:\\\/\\\/www.organisator.ch\\\/?s={search_term_string}\"},\"query-input\":{\"@type\":\"PropertyValueSpecification\",\"valueRequired\":true,\"valueName\":\"search_term_string\"}}],\"inLanguage\":\"de\"},{\"@type\":\"Organization\",\"@id\":\"https:\\\/\\\/www.organisator.ch\\\/#organization\",\"name\":\"Organisator\",\"url\":\"https:\\\/\\\/www.organisator.ch\\\/\",\"logo\":{\"@type\":\"ImageObject\",\"inLanguage\":\"de\",\"@id\":\"https:\\\/\\\/www.organisator.ch\\\/#\\\/schema\\\/logo\\\/image\\\/\",\"url\":\"https:\\\/\\\/www.organisator.ch\\\/wp-content\\\/uploads\\\/2022\\\/01\\\/Logo_Organisator_Website.png\",\"contentUrl\":\"https:\\\/\\\/www.organisator.ch\\\/wp-content\\\/uploads\\\/2022\\\/01\\\/Logo_Organisator_Website.png\",\"width\":800,\"height\":77,\"caption\":\"Organisator\"},\"image\":{\"@id\":\"https:\\\/\\\/www.organisator.ch\\\/#\\\/schema\\\/logo\\\/image\\\/\"},\"sameAs\":[\"https:\\\/\\\/www.facebook.com\\\/OrganisatorFachmagazin\",\"https:\\\/\\\/www.linkedin.com\\\/showcase\\\/organisator-das-magazin-fr-kmu\",\"https:\\\/\\\/www.xing.com\\\/news\\\/pages\\\/organisator-ch-695\",\"https:\\\/\\\/www.youtube.com\\\/channel\\\/UCGP2Sq0iWaZwT3BdIAQFYpw\"]},{\"@type\":\"Person\",\"@id\":\"https:\\\/\\\/www.organisator.ch\\\/#\\\/schema\\\/person\\\/4e51799071cd2dd1232ac003643ef5f0\",\"name\":\"galledia\",\"image\":{\"@type\":\"ImageObject\",\"inLanguage\":\"de\",\"@id\":\"https:\\\/\\\/secure.gravatar.com\\\/avatar\\\/78a7f90c01fc2bfc875782a0d4922b37cde2cf184ce347b91316d23cd7f69a36?s=96&d=mm&r=g\",\"url\":\"https:\\\/\\\/secure.gravatar.com\\\/avatar\\\/78a7f90c01fc2bfc875782a0d4922b37cde2cf184ce347b91316d23cd7f69a36?s=96&d=mm&r=g\",\"contentUrl\":\"https:\\\/\\\/secure.gravatar.com\\\/avatar\\\/78a7f90c01fc2bfc875782a0d4922b37cde2cf184ce347b91316d23cd7f69a36?s=96&d=mm&r=g\",\"caption\":\"galledia\"},\"sameAs\":[\"https:\\\/\\\/x.com\\\/admin\"],\"url\":\"https:\\\/\\\/www.organisator.ch\\\/de\\\/author\\\/galledia\\\/\"}]}<\/script>\n<!-- \/ Yoast SEO plugin. -->","yoast_head_json":{"title":"Swiss Marketing: Ver\u00e4nderungen im Zentralvorstand - Organisator","description":"Am Donnerstag, 26. Juni, fand die Delegiertenversammlung von Swiss Marketing statt. Traktandiert waren u.a. Wechsel im Zentralvorstand.","robots":{"index":"index","follow":"follow","max-snippet":"max-snippet:-1","max-image-preview":"max-image-preview:large","max-video-preview":"max-video-preview:-1"},"canonical":"https:\/\/www.organisator.ch\/de\/marketing\/2025-06-30\/swiss-marketing-veraenderungen-im-zentralvorstand\/","og_locale":"de_DE","og_type":"article","og_title":"Swiss Marketing: Ver\u00e4nderungen im Zentralvorstand - Organisator","og_description":"Am Donnerstag, 26. Juni, fand die Delegiertenversammlung von Swiss Marketing statt. Traktandiert waren u.a. Wechsel im Zentralvorstand.","og_url":"https:\/\/www.organisator.ch\/de\/marketing\/2025-06-30\/swiss-marketing-veraenderungen-im-zentralvorstand\/","og_site_name":"Organisator","article_publisher":"https:\/\/www.facebook.com\/OrganisatorFachmagazin","article_published_time":"2025-06-30T14:50:09+00:00","author":"galledia","twitter_card":"summary_large_image","twitter_creator":"@admin","schema":{"@context":"https:\/\/schema.org","@graph":[{"@type":"Article","@id":"https:\/\/www.organisator.ch\/marketing\/2025-06-30\/swiss-marketing-veraenderungen-im-zentralvorstand\/#article","isPartOf":{"@id":"https:\/\/www.organisator.ch\/marketing\/2025-06-30\/swiss-marketing-veraenderungen-im-zentralvorstand\/"},"author":{"name":"galledia","@id":"https:\/\/www.organisator.ch\/#\/schema\/person\/4e51799071cd2dd1232ac003643ef5f0"},"headline":"Swiss Marketing: Ver\u00e4nderungen im Zentralvorstand","datePublished":"2025-06-30T14:50:09+00:00","mainEntityOfPage":{"@id":"https:\/\/www.organisator.ch\/marketing\/2025-06-30\/swiss-marketing-veraenderungen-im-zentralvorstand\/"},"wordCount":289,"publisher":{"@id":"https:\/\/www.organisator.ch\/#organization"},"image":{"@id":"https:\/\/www.organisator.ch\/marketing\/2025-06-30\/swiss-marketing-veraenderungen-im-zentralvorstand\/#primaryimage"},"thumbnailUrl":"https:\/\/www.markt-kom.com\/wp-content\/uploads\/2025\/06\/DV_SwissMarketing_2025-1-scaled.jpg","keywords":["MarKom","Personalia","Swiss Marketing","Verb\u00e4nde"],"articleSection":["MARKETING"],"inLanguage":"de"},{"@type":"WebPage","@id":"https:\/\/www.organisator.ch\/marketing\/2025-06-30\/swiss-marketing-veraenderungen-im-zentralvorstand\/","url":"https:\/\/www.organisator.ch\/marketing\/2025-06-30\/swiss-marketing-veraenderungen-im-zentralvorstand\/","name":"Swiss Marketing: Ver\u00e4nderungen im Zentralvorstand - Organisator","isPartOf":{"@id":"https:\/\/www.organisator.ch\/#website"},"primaryImageOfPage":{"@id":"https:\/\/www.organisator.ch\/marketing\/2025-06-30\/swiss-marketing-veraenderungen-im-zentralvorstand\/#primaryimage"},"image":{"@id":"https:\/\/www.organisator.ch\/marketing\/2025-06-30\/swiss-marketing-veraenderungen-im-zentralvorstand\/#primaryimage"},"thumbnailUrl":"https:\/\/www.markt-kom.com\/wp-content\/uploads\/2025\/06\/DV_SwissMarketing_2025-1-scaled.jpg","datePublished":"2025-06-30T14:50:09+00:00","description":"Am Donnerstag, 26. Juni, fand die Delegiertenversammlung von Swiss Marketing statt. Traktandiert waren u.a. Wechsel im Zentralvorstand.","breadcrumb":{"@id":"https:\/\/www.organisator.ch\/marketing\/2025-06-30\/swiss-marketing-veraenderungen-im-zentralvorstand\/#breadcrumb"},"inLanguage":"de","potentialAction":[{"@type":"ReadAction","target":["https:\/\/www.organisator.ch\/marketing\/2025-06-30\/swiss-marketing-veraenderungen-im-zentralvorstand\/"]}]},{"@type":"ImageObject","inLanguage":"de","@id":"https:\/\/www.organisator.ch\/marketing\/2025-06-30\/swiss-marketing-veraenderungen-im-zentralvorstand\/#primaryimage","url":"https:\/\/www.markt-kom.com\/wp-content\/uploads\/2025\/06\/DV_SwissMarketing_2025-1-scaled.jpg","contentUrl":"https:\/\/www.markt-kom.com\/wp-content\/uploads\/2025\/06\/DV_SwissMarketing_2025-1-scaled.jpg"},{"@type":"BreadcrumbList","@id":"https:\/\/www.organisator.ch\/marketing\/2025-06-30\/swiss-marketing-veraenderungen-im-zentralvorstand\/#breadcrumb","itemListElement":[{"@type":"ListItem","position":1,"name":"Home","item":"https:\/\/www.organisator.ch\/"},{"@type":"ListItem","position":2,"name":"Swiss Marketing: Ver\u00e4nderungen im Zentralvorstand"}]},{"@type":"WebSite","@id":"https:\/\/www.organisator.ch\/#website","url":"https:\/\/www.organisator.ch\/","name":"Organisator","description":"Kompetent. Praxisnah. Der ORGANISATOR bereitet in 10 Ausgaben pro Jahr die wesentlichen Themen f\u00fcr F\u00fchrungskr\u00e4fte von KMU auf.","publisher":{"@id":"https:\/\/www.organisator.ch\/#organization"},"potentialAction":[{"@type":"SearchAction","target":{"@type":"EntryPoint","urlTemplate":"https:\/\/www.organisator.ch\/?s={search_term_string}"},"query-input":{"@type":"PropertyValueSpecification","valueRequired":true,"valueName":"search_term_string"}}],"inLanguage":"de"},{"@type":"Organization","@id":"https:\/\/www.organisator.ch\/#organization","name":"Organisator","url":"https:\/\/www.organisator.ch\/","logo":{"@type":"ImageObject","inLanguage":"de","@id":"https:\/\/www.organisator.ch\/#\/schema\/logo\/image\/","url":"https:\/\/www.organisator.ch\/wp-content\/uploads\/2022\/01\/Logo_Organisator_Website.png","contentUrl":"https:\/\/www.organisator.ch\/wp-content\/uploads\/2022\/01\/Logo_Organisator_Website.png","width":800,"height":77,"caption":"Organisator"},"image":{"@id":"https:\/\/www.organisator.ch\/#\/schema\/logo\/image\/"},"sameAs":["https:\/\/www.facebook.com\/OrganisatorFachmagazin","https:\/\/www.linkedin.com\/showcase\/organisator-das-magazin-fr-kmu","https:\/\/www.xing.com\/news\/pages\/organisator-ch-695","https:\/\/www.youtube.com\/channel\/UCGP2Sq0iWaZwT3BdIAQFYpw"]},{"@type":"Person","@id":"https:\/\/www.organisator.ch\/#\/schema\/person\/4e51799071cd2dd1232ac003643ef5f0","name":"galledia","image":{"@type":"ImageObject","inLanguage":"de","@id":"https:\/\/secure.gravatar.com\/avatar\/78a7f90c01fc2bfc875782a0d4922b37cde2cf184ce347b91316d23cd7f69a36?s=96&d=mm&r=g","url":"https:\/\/secure.gravatar.com\/avatar\/78a7f90c01fc2bfc875782a0d4922b37cde2cf184ce347b91316d23cd7f69a36?s=96&d=mm&r=g","contentUrl":"https:\/\/secure.gravatar.com\/avatar\/78a7f90c01fc2bfc875782a0d4922b37cde2cf184ce347b91316d23cd7f69a36?s=96&d=mm&r=g","caption":"galledia"},"sameAs":["https:\/\/x.com\/admin"],"url":"https:\/\/www.organisator.ch\/de\/author\/galledia\/"}]}},"_links":{"self":[{"href":"https:\/\/www.organisator.ch\/de\/wp-json\/wp\/v2\/posts\/39343","targetHints":{"allow":["GET"]}}],"collection":[{"href":"https:\/\/www.organisator.ch\/de\/wp-json\/wp\/v2\/posts"}],"about":[{"href":"https:\/\/www.organisator.ch\/de\/wp-json\/wp\/v2\/types\/post"}],"author":[{"embeddable":true,"href":"https:\/\/www.organisator.ch\/de\/wp-json\/wp\/v2\/users\/8"}],"replies":[{"embeddable":true,"href":"https:\/\/www.organisator.ch\/de\/wp-json\/wp\/v2\/comments?post=39343"}],"version-history":[{"count":4,"href":"https:\/\/www.organisator.ch\/de\/wp-json\/wp\/v2\/posts\/39343\/revisions"}],"predecessor-version":[{"id":39363,"href":"https:\/\/www.organisator.ch\/de\/wp-json\/wp\/v2\/posts\/39343\/revisions\/39363"}],"wp:attachment":[{"href":"https:\/\/www.organisator.ch\/de\/wp-json\/wp\/v2\/media?parent=39343"}],"wp:term":[{"taxonomy":"category","embeddable":true,"href":"https:\/\/www.organisator.ch\/de\/wp-json\/wp\/v2\/categories?post=39343"},{"taxonomy":"post_tag","embeddable":true,"href":"https:\/\/www.organisator.ch\/de\/wp-json\/wp\/v2\/tags?post=39343"}],"curies":[{"name":"wp","href":"https:\/\/api.w.org\/{rel}","templated":true}]}}