{"id":39347,"date":"2025-06-30T08:20:43","date_gmt":"2025-06-30T06:20:43","guid":{"rendered":"https:\/\/www.organisator.ch\/?p=39347"},"modified":"2025-06-30T08:20:43","modified_gmt":"2025-06-30T06:20:43","slug":"neuer-vorstand-und-praesident-bei-agrotec-suisse","status":"publish","type":"post","link":"https:\/\/www.organisator.ch\/de\/management\/2025-06-30\/neuer-vorstand-und-praesident-bei-agrotec-suisse\/","title":{"rendered":"Neuer Vorstand und Pr\u00e4sident bei Agrotec Suisse"},"content":{"rendered":"<figure id=\"attachment_39348\" aria-describedby=\"caption-attachment-39348\" style=\"width: 680px\" class=\"wp-caption alignnone\"><img loading=\"lazy\" decoding=\"async\" class=\"size-full wp-image-39348\" src=\"https:\/\/www.organisator.ch\/wp-content\/uploads\/2025\/06\/Neuer-Vorstand-und-Praesident-bei-Agrotec-Suisse_Organisator.jpg\" alt=\"\" width=\"680\" height=\"516\" srcset=\"https:\/\/www.organisator.ch\/wp-content\/uploads\/2025\/06\/Neuer-Vorstand-und-Praesident-bei-Agrotec-Suisse_Organisator.jpg 680w, https:\/\/www.organisator.ch\/wp-content\/uploads\/2025\/06\/Neuer-Vorstand-und-Praesident-bei-Agrotec-Suisse_Organisator-16x12.jpg 16w, https:\/\/www.organisator.ch\/wp-content\/uploads\/2025\/06\/Neuer-Vorstand-und-Praesident-bei-Agrotec-Suisse_Organisator-375x285.jpg 375w, https:\/\/www.organisator.ch\/wp-content\/uploads\/2025\/06\/Neuer-Vorstand-und-Praesident-bei-Agrotec-Suisse_Organisator-461x350.jpg 461w\" sizes=\"auto, (max-width: 680px) 100vw, 680px\" \/><figcaption id=\"caption-attachment-39348\" class=\"wp-caption-text\">Der abtretende und der neue Pr\u00e4sident von Agrotec Suisse. Links J\u00f6rg Studer, rechts Andreas Baumgartner. (Bild: zVg \/ Agrotec Suisse)<\/figcaption><\/figure>\n<p>Andreas Baumgartner wurde einstimmig zum neuen Pr\u00e4sidenten von Agrotec Suisse gew\u00e4hlt. Er folgt auf J\u00f6rg Studer, der nach elf Jahren an der Spitze des Fachverbands sein Amt abgibt. Andreas Baumgartner ist Inhaber und Gesch\u00e4ftsf\u00fchrer der Baumgartner Landmaschinen GmbH in Tegerfelden, die 1995 von ihm gegr\u00fcndet wurde. Das Unternehmen ist ein etablierter Anbieter von Landmaschinen und Spezialger\u00e4ten f\u00fcr Reb- und Obstbau, Landwirtschaft, sowie f\u00fcr Kommunaldienste. Neben individueller Beratung bietet Baumgartner auch massgeschneiderte Maschinenl\u00f6sungen und Metallbauarbeiten an. Seine langj\u00e4hrige Praxiserfahrung und N\u00e4he zur Branche machen ihn zu einem starken Vertreter der Interessen der Landmaschinenh\u00e4ndler.<\/p>\n<h3>Vorstand neu zusammengesetzt<\/h3>\n<p>In den Vorstand wurde neu J\u00f6rg Zimmermann von der Firma Zimmermann AG in Domat\/Ems gew\u00e4hlt. Er \u00fcbernimmt das Ressort Finanzen. J\u00f6rg Zimmermann ist Pr\u00e4sident der Kerngruppe ch-Motoristen und engagiert sich seit vielen Jahren aktiv im Verband. Werner Berger wurde f\u00fcr eine weitere Amtszeit best\u00e4tigt.<\/p>\n<p>Mit der Wahl von Andreas Baumgartner zum Pr\u00e4sidenten \u00fcbernimmt Hansruedi Sch\u00e4r das Vizepr\u00e4sidium und bleibt gleichzeitig Leiter der Technischen Kommission Kommunal- und Landtechnik. Die weiteren Ressorts bleiben unver\u00e4ndert: Pius Buchmann verantwortet die Berufsbildungskommission, Peter W\u00e4fler die Hufschmiedekommission, Jean-Louis Henchoz die Branchenvertretung im BZA und Werner Berger das Ressort Wirtschaft und Kommunikation.<\/p>\n<h3>20 Jahre Verbandsarbeit bei Agrotec Suisse gew\u00fcrdigt<\/h3>\n<p>Ein emotionaler H\u00f6hepunkt war die Verabschiedung von J\u00f6rg Studer, der seit 2005 im Verband t\u00e4tig war, davon elf Jahre als Pr\u00e4sident. F\u00fcr seine ausserordentlichen Verdienste wurde er am Nachmittag an der Delegiertenversammlung von AM Suisse zum Ehrenmitglied ernannt. In seiner Abschiedsrede rief Studer dazu auf, gemeinsam mit Mut und Zusammenhalt die Zukunft der Branche aktiv zu gestalten. Ebenfalls verabschiedet wurde Rob Neuhaus, langj\u00e4hriger Chefredaktor des Fachmagazins forum. Rob Neuhaus pr\u00e4gte die Publikation \u00fcber ein Jahrzehnt hinweg massgeblich. Seit Anfang 2024 liegt die redaktionelle Verantwortung bei seinem Nachfolger Emanuel Scheidegger, der die Leitung des forum nahtlos \u00fcbernommen hat.<\/p>\n<h3>Herausforderndes Marktumfeld<\/h3>\n<p>Neben den personellen Ver\u00e4nderungen wurde auch die aktuelle Lage der Branche thematisiert. Die Landtechnik befindet sich weiterhin in einem angespannten Marktumfeld. Der R\u00fcckgang bei den Neuzulassungen von Traktoren und anderen Maschinen h\u00e4lt an \u2013 allein im April 2025 lag das Minus bei 12.9\u202f%. Preissteigerungen in den letzten Jahren sowie eine ver\u00e4nderte Investitionsbereitschaft in der Landwirtschaft wirken sich sp\u00fcrbar aus. Die Branche steht vor der Herausforderung, ihre Dienstleistungen an ver\u00e4nderte Kundenbed\u00fcrfnisse anzupassen und gleichzeitig attraktive Arbeitsbedingungen zu bieten. Agrotec Suisse unterstreicht, dass trotz der schwierigen Situation auch Chancen bestehen \u2013 etwa durch Digitalisierung, neue Antriebstechnologien und gezielte Weiterbildungen.<\/p>\n<p><em><a href=\"http:\/\/www.agrotecsuisse.ch\">Quelle und weitere Informationen<\/a><\/em><\/p>\n","protected":false},"excerpt":{"rendered":"<p>Die Fachverbandsversammlung von Agrotec Suisse, dem schweizerischen Fachverband der Landtechnikbetriebe und der Hufschmiedebetriebe, hat wichtige personelle Entscheide gef\u00e4llt: Der Vorstand wurde neu zusammengestellt und ein neuer Pr\u00e4sident gew\u00e4hlt.<\/p>\n","protected":false},"author":4,"featured_media":39348,"comment_status":"closed","ping_status":"closed","sticky":false,"template":"","format":"standard","meta":{"_acf_changed":false,"_yoast_wpseo_focuskw":"Agrotec Suisse","_yoast_wpseo_metadesc":"An der Fachverbandsversammlung von Agrotec Suisse wurde der Vorstand neu zusammengestellt und ein neuer Pr\u00e4sident gew\u00e4hlt.","articlekey":"","footnotes":""},"categories":[28],"tags":[5437,334,381,503],"class_list":["post-39347","post","type-post","status-publish","format-standard","has-post-thumbnail","hentry","category-management","tag-agrotec-suisse","tag-management","tag-personalia","tag-verbaende"],"acf":[],"yoast_head":"<!-- This site is optimized with the Yoast SEO plugin v27.4 - https:\/\/yoast.com\/product\/yoast-seo-wordpress\/ -->\n<title>Neuer Vorstand und Pr\u00e4sident bei Agrotec Suisse - Organisator<\/title>\n<meta name=\"description\" content=\"An der Fachverbandsversammlung von Agrotec Suisse wurde der Vorstand neu zusammengestellt und ein neuer Pr\u00e4sident gew\u00e4hlt.\" \/>\n<meta name=\"robots\" content=\"index, follow, max-snippet:-1, max-image-preview:large, max-video-preview:-1\" \/>\n<link rel=\"canonical\" href=\"https:\/\/www.organisator.ch\/de\/management\/2025-06-30\/neuer-vorstand-und-praesident-bei-agrotec-suisse\/\" \/>\n<meta property=\"og:locale\" content=\"de_DE\" \/>\n<meta property=\"og:type\" content=\"article\" \/>\n<meta property=\"og:title\" content=\"Neuer Vorstand und Pr\u00e4sident bei Agrotec Suisse\" \/>\n<meta property=\"og:description\" content=\"An der Fachverbandsversammlung von Agrotec Suisse wurde der Vorstand neu zusammengestellt und ein neuer Pr\u00e4sident gew\u00e4hlt.\" \/>\n<meta property=\"og:url\" content=\"https:\/\/www.organisator.ch\/de\/management\/2025-06-30\/neuer-vorstand-und-praesident-bei-agrotec-suisse\/\" \/>\n<meta property=\"og:site_name\" content=\"Organisator\" \/>\n<meta property=\"article:publisher\" content=\"https:\/\/www.facebook.com\/OrganisatorFachmagazin\" \/>\n<meta property=\"article:published_time\" content=\"2025-06-30T06:20:43+00:00\" \/>\n<meta property=\"og:image\" content=\"https:\/\/www.organisator.ch\/wp-content\/uploads\/2025\/06\/Neuer-Vorstand-und-Praesident-bei-Agrotec-Suisse_Organisator.jpg\" \/>\n\t<meta property=\"og:image:width\" content=\"680\" \/>\n\t<meta property=\"og:image:height\" content=\"516\" \/>\n\t<meta property=\"og:image:type\" content=\"image\/jpeg\" \/>\n<meta name=\"author\" content=\"thomas.berner\" \/>\n<meta name=\"twitter:card\" content=\"summary_large_image\" \/>\n<meta name=\"twitter:title\" content=\"Neuer Vorstand und Pr\u00e4sident bei #Agrotec Suisse\" \/>\n<meta name=\"twitter:description\" content=\"An der Fachverbandsversammlung von #Agrotec Suisse wurde der Vorstand neu zusammengestellt und ein neuer #Pr\u00e4sident gew\u00e4hlt.\" \/>\n<meta name=\"twitter:image\" content=\"https:\/\/www.organisator.ch\/wp-content\/uploads\/2025\/06\/Neuer-Vorstand-und-Praesident-bei-Agrotec-Suisse_Organisator.jpg\" \/>\n<script type=\"application\/ld+json\" class=\"yoast-schema-graph\">{\"@context\":\"https:\\\/\\\/schema.org\",\"@graph\":[{\"@type\":\"Article\",\"@id\":\"https:\\\/\\\/www.organisator.ch\\\/management\\\/2025-06-30\\\/neuer-vorstand-und-praesident-bei-agrotec-suisse\\\/#article\",\"isPartOf\":{\"@id\":\"https:\\\/\\\/www.organisator.ch\\\/management\\\/2025-06-30\\\/neuer-vorstand-und-praesident-bei-agrotec-suisse\\\/\"},\"author\":{\"name\":\"thomas.berner\",\"@id\":\"https:\\\/\\\/www.organisator.ch\\\/#\\\/schema\\\/person\\\/6f650f90b2842cd4c0cc334b4e36f67e\"},\"headline\":\"Neuer Vorstand und Pr\u00e4sident bei Agrotec Suisse\",\"datePublished\":\"2025-06-30T06:20:43+00:00\",\"mainEntityOfPage\":{\"@id\":\"https:\\\/\\\/www.organisator.ch\\\/management\\\/2025-06-30\\\/neuer-vorstand-und-praesident-bei-agrotec-suisse\\\/\"},\"wordCount\":465,\"publisher\":{\"@id\":\"https:\\\/\\\/www.organisator.ch\\\/#organization\"},\"image\":{\"@id\":\"https:\\\/\\\/www.organisator.ch\\\/management\\\/2025-06-30\\\/neuer-vorstand-und-praesident-bei-agrotec-suisse\\\/#primaryimage\"},\"thumbnailUrl\":\"https:\\\/\\\/www.organisator.ch\\\/wp-content\\\/uploads\\\/2025\\\/06\\\/Neuer-Vorstand-und-Praesident-bei-Agrotec-Suisse_Organisator.jpg\",\"keywords\":[\"Agrotec Suisse\",\"Management\",\"Personalia\",\"Verb\u00e4nde\"],\"articleSection\":[\"MANAGEMENT\"],\"inLanguage\":\"de\"},{\"@type\":\"WebPage\",\"@id\":\"https:\\\/\\\/www.organisator.ch\\\/management\\\/2025-06-30\\\/neuer-vorstand-und-praesident-bei-agrotec-suisse\\\/\",\"url\":\"https:\\\/\\\/www.organisator.ch\\\/management\\\/2025-06-30\\\/neuer-vorstand-und-praesident-bei-agrotec-suisse\\\/\",\"name\":\"Neuer Vorstand und Pr\u00e4sident bei Agrotec Suisse - Organisator\",\"isPartOf\":{\"@id\":\"https:\\\/\\\/www.organisator.ch\\\/#website\"},\"primaryImageOfPage\":{\"@id\":\"https:\\\/\\\/www.organisator.ch\\\/management\\\/2025-06-30\\\/neuer-vorstand-und-praesident-bei-agrotec-suisse\\\/#primaryimage\"},\"image\":{\"@id\":\"https:\\\/\\\/www.organisator.ch\\\/management\\\/2025-06-30\\\/neuer-vorstand-und-praesident-bei-agrotec-suisse\\\/#primaryimage\"},\"thumbnailUrl\":\"https:\\\/\\\/www.organisator.ch\\\/wp-content\\\/uploads\\\/2025\\\/06\\\/Neuer-Vorstand-und-Praesident-bei-Agrotec-Suisse_Organisator.jpg\",\"datePublished\":\"2025-06-30T06:20:43+00:00\",\"description\":\"An der Fachverbandsversammlung von Agrotec Suisse wurde der Vorstand neu zusammengestellt und ein neuer Pr\u00e4sident gew\u00e4hlt.\",\"breadcrumb\":{\"@id\":\"https:\\\/\\\/www.organisator.ch\\\/management\\\/2025-06-30\\\/neuer-vorstand-und-praesident-bei-agrotec-suisse\\\/#breadcrumb\"},\"inLanguage\":\"de\",\"potentialAction\":[{\"@type\":\"ReadAction\",\"target\":[\"https:\\\/\\\/www.organisator.ch\\\/management\\\/2025-06-30\\\/neuer-vorstand-und-praesident-bei-agrotec-suisse\\\/\"]}]},{\"@type\":\"ImageObject\",\"inLanguage\":\"de\",\"@id\":\"https:\\\/\\\/www.organisator.ch\\\/management\\\/2025-06-30\\\/neuer-vorstand-und-praesident-bei-agrotec-suisse\\\/#primaryimage\",\"url\":\"https:\\\/\\\/www.organisator.ch\\\/wp-content\\\/uploads\\\/2025\\\/06\\\/Neuer-Vorstand-und-Praesident-bei-Agrotec-Suisse_Organisator.jpg\",\"contentUrl\":\"https:\\\/\\\/www.organisator.ch\\\/wp-content\\\/uploads\\\/2025\\\/06\\\/Neuer-Vorstand-und-Praesident-bei-Agrotec-Suisse_Organisator.jpg\",\"width\":680,\"height\":516,\"caption\":\"Der abtretende und der neue Pr\u00e4sident von Agrotec Suisse. Links J\u00f6rg Studer, rechts Andreas Baumgartner. (Bild: zVg \\\/ Agrotec Suisse)\"},{\"@type\":\"BreadcrumbList\",\"@id\":\"https:\\\/\\\/www.organisator.ch\\\/management\\\/2025-06-30\\\/neuer-vorstand-und-praesident-bei-agrotec-suisse\\\/#breadcrumb\",\"itemListElement\":[{\"@type\":\"ListItem\",\"position\":1,\"name\":\"Home\",\"item\":\"https:\\\/\\\/www.organisator.ch\\\/\"},{\"@type\":\"ListItem\",\"position\":2,\"name\":\"Neuer Vorstand und Pr\u00e4sident bei Agrotec Suisse\"}]},{\"@type\":\"WebSite\",\"@id\":\"https:\\\/\\\/www.organisator.ch\\\/#website\",\"url\":\"https:\\\/\\\/www.organisator.ch\\\/\",\"name\":\"Organisator\",\"description\":\"Kompetent. Praxisnah. Der ORGANISATOR bereitet in 10 Ausgaben pro Jahr die wesentlichen Themen f\u00fcr F\u00fchrungskr\u00e4fte von KMU auf.\",\"publisher\":{\"@id\":\"https:\\\/\\\/www.organisator.ch\\\/#organization\"},\"potentialAction\":[{\"@type\":\"SearchAction\",\"target\":{\"@type\":\"EntryPoint\",\"urlTemplate\":\"https:\\\/\\\/www.organisator.ch\\\/?s={search_term_string}\"},\"query-input\":{\"@type\":\"PropertyValueSpecification\",\"valueRequired\":true,\"valueName\":\"search_term_string\"}}],\"inLanguage\":\"de\"},{\"@type\":\"Organization\",\"@id\":\"https:\\\/\\\/www.organisator.ch\\\/#organization\",\"name\":\"Organisator\",\"url\":\"https:\\\/\\\/www.organisator.ch\\\/\",\"logo\":{\"@type\":\"ImageObject\",\"inLanguage\":\"de\",\"@id\":\"https:\\\/\\\/www.organisator.ch\\\/#\\\/schema\\\/logo\\\/image\\\/\",\"url\":\"https:\\\/\\\/www.organisator.ch\\\/wp-content\\\/uploads\\\/2022\\\/01\\\/Logo_Organisator_Website.png\",\"contentUrl\":\"https:\\\/\\\/www.organisator.ch\\\/wp-content\\\/uploads\\\/2022\\\/01\\\/Logo_Organisator_Website.png\",\"width\":800,\"height\":77,\"caption\":\"Organisator\"},\"image\":{\"@id\":\"https:\\\/\\\/www.organisator.ch\\\/#\\\/schema\\\/logo\\\/image\\\/\"},\"sameAs\":[\"https:\\\/\\\/www.facebook.com\\\/OrganisatorFachmagazin\",\"https:\\\/\\\/www.linkedin.com\\\/showcase\\\/organisator-das-magazin-fr-kmu\",\"https:\\\/\\\/www.xing.com\\\/news\\\/pages\\\/organisator-ch-695\",\"https:\\\/\\\/www.youtube.com\\\/channel\\\/UCGP2Sq0iWaZwT3BdIAQFYpw\"]},{\"@type\":\"Person\",\"@id\":\"https:\\\/\\\/www.organisator.ch\\\/#\\\/schema\\\/person\\\/6f650f90b2842cd4c0cc334b4e36f67e\",\"name\":\"thomas.berner\",\"image\":{\"@type\":\"ImageObject\",\"inLanguage\":\"de\",\"@id\":\"https:\\\/\\\/secure.gravatar.com\\\/avatar\\\/ac5001d2a36cb6c6cd3e50789007ffca834b477b74a2144564522e944eabff61?s=96&d=mm&r=g\",\"url\":\"https:\\\/\\\/secure.gravatar.com\\\/avatar\\\/ac5001d2a36cb6c6cd3e50789007ffca834b477b74a2144564522e944eabff61?s=96&d=mm&r=g\",\"contentUrl\":\"https:\\\/\\\/secure.gravatar.com\\\/avatar\\\/ac5001d2a36cb6c6cd3e50789007ffca834b477b74a2144564522e944eabff61?s=96&d=mm&r=g\",\"caption\":\"thomas.berner\"},\"url\":\"https:\\\/\\\/www.organisator.ch\\\/de\\\/author\\\/thomas-berner\\\/\"}]}<\/script>\n<!-- \/ Yoast SEO plugin. -->","yoast_head_json":{"title":"Neuer Vorstand und Pr\u00e4sident bei Agrotec Suisse - Organisator","description":"An der Fachverbandsversammlung von Agrotec Suisse wurde der Vorstand neu zusammengestellt und ein neuer Pr\u00e4sident gew\u00e4hlt.","robots":{"index":"index","follow":"follow","max-snippet":"max-snippet:-1","max-image-preview":"max-image-preview:large","max-video-preview":"max-video-preview:-1"},"canonical":"https:\/\/www.organisator.ch\/de\/management\/2025-06-30\/neuer-vorstand-und-praesident-bei-agrotec-suisse\/","og_locale":"de_DE","og_type":"article","og_title":"Neuer Vorstand und Pr\u00e4sident bei Agrotec Suisse","og_description":"An der Fachverbandsversammlung von Agrotec Suisse wurde der Vorstand neu zusammengestellt und ein neuer Pr\u00e4sident gew\u00e4hlt.","og_url":"https:\/\/www.organisator.ch\/de\/management\/2025-06-30\/neuer-vorstand-und-praesident-bei-agrotec-suisse\/","og_site_name":"Organisator","article_publisher":"https:\/\/www.facebook.com\/OrganisatorFachmagazin","article_published_time":"2025-06-30T06:20:43+00:00","og_image":[{"width":680,"height":516,"url":"https:\/\/www.organisator.ch\/wp-content\/uploads\/2025\/06\/Neuer-Vorstand-und-Praesident-bei-Agrotec-Suisse_Organisator.jpg","type":"image\/jpeg"}],"author":"thomas.berner","twitter_card":"summary_large_image","twitter_title":"Neuer Vorstand und Pr\u00e4sident bei #Agrotec Suisse","twitter_description":"An der Fachverbandsversammlung von #Agrotec Suisse wurde der Vorstand neu zusammengestellt und ein neuer #Pr\u00e4sident gew\u00e4hlt.","twitter_image":"https:\/\/www.organisator.ch\/wp-content\/uploads\/2025\/06\/Neuer-Vorstand-und-Praesident-bei-Agrotec-Suisse_Organisator.jpg","schema":{"@context":"https:\/\/schema.org","@graph":[{"@type":"Article","@id":"https:\/\/www.organisator.ch\/management\/2025-06-30\/neuer-vorstand-und-praesident-bei-agrotec-suisse\/#article","isPartOf":{"@id":"https:\/\/www.organisator.ch\/management\/2025-06-30\/neuer-vorstand-und-praesident-bei-agrotec-suisse\/"},"author":{"name":"thomas.berner","@id":"https:\/\/www.organisator.ch\/#\/schema\/person\/6f650f90b2842cd4c0cc334b4e36f67e"},"headline":"Neuer Vorstand und Pr\u00e4sident bei Agrotec Suisse","datePublished":"2025-06-30T06:20:43+00:00","mainEntityOfPage":{"@id":"https:\/\/www.organisator.ch\/management\/2025-06-30\/neuer-vorstand-und-praesident-bei-agrotec-suisse\/"},"wordCount":465,"publisher":{"@id":"https:\/\/www.organisator.ch\/#organization"},"image":{"@id":"https:\/\/www.organisator.ch\/management\/2025-06-30\/neuer-vorstand-und-praesident-bei-agrotec-suisse\/#primaryimage"},"thumbnailUrl":"https:\/\/www.organisator.ch\/wp-content\/uploads\/2025\/06\/Neuer-Vorstand-und-Praesident-bei-Agrotec-Suisse_Organisator.jpg","keywords":["Agrotec Suisse","Management","Personalia","Verb\u00e4nde"],"articleSection":["MANAGEMENT"],"inLanguage":"de"},{"@type":"WebPage","@id":"https:\/\/www.organisator.ch\/management\/2025-06-30\/neuer-vorstand-und-praesident-bei-agrotec-suisse\/","url":"https:\/\/www.organisator.ch\/management\/2025-06-30\/neuer-vorstand-und-praesident-bei-agrotec-suisse\/","name":"Neuer Vorstand und Pr\u00e4sident bei Agrotec Suisse - Organisator","isPartOf":{"@id":"https:\/\/www.organisator.ch\/#website"},"primaryImageOfPage":{"@id":"https:\/\/www.organisator.ch\/management\/2025-06-30\/neuer-vorstand-und-praesident-bei-agrotec-suisse\/#primaryimage"},"image":{"@id":"https:\/\/www.organisator.ch\/management\/2025-06-30\/neuer-vorstand-und-praesident-bei-agrotec-suisse\/#primaryimage"},"thumbnailUrl":"https:\/\/www.organisator.ch\/wp-content\/uploads\/2025\/06\/Neuer-Vorstand-und-Praesident-bei-Agrotec-Suisse_Organisator.jpg","datePublished":"2025-06-30T06:20:43+00:00","description":"An der Fachverbandsversammlung von Agrotec Suisse wurde der Vorstand neu zusammengestellt und ein neuer Pr\u00e4sident gew\u00e4hlt.","breadcrumb":{"@id":"https:\/\/www.organisator.ch\/management\/2025-06-30\/neuer-vorstand-und-praesident-bei-agrotec-suisse\/#breadcrumb"},"inLanguage":"de","potentialAction":[{"@type":"ReadAction","target":["https:\/\/www.organisator.ch\/management\/2025-06-30\/neuer-vorstand-und-praesident-bei-agrotec-suisse\/"]}]},{"@type":"ImageObject","inLanguage":"de","@id":"https:\/\/www.organisator.ch\/management\/2025-06-30\/neuer-vorstand-und-praesident-bei-agrotec-suisse\/#primaryimage","url":"https:\/\/www.organisator.ch\/wp-content\/uploads\/2025\/06\/Neuer-Vorstand-und-Praesident-bei-Agrotec-Suisse_Organisator.jpg","contentUrl":"https:\/\/www.organisator.ch\/wp-content\/uploads\/2025\/06\/Neuer-Vorstand-und-Praesident-bei-Agrotec-Suisse_Organisator.jpg","width":680,"height":516,"caption":"Der abtretende und der neue Pr\u00e4sident von Agrotec Suisse. Links J\u00f6rg Studer, rechts Andreas Baumgartner. (Bild: zVg \/ Agrotec Suisse)"},{"@type":"BreadcrumbList","@id":"https:\/\/www.organisator.ch\/management\/2025-06-30\/neuer-vorstand-und-praesident-bei-agrotec-suisse\/#breadcrumb","itemListElement":[{"@type":"ListItem","position":1,"name":"Home","item":"https:\/\/www.organisator.ch\/"},{"@type":"ListItem","position":2,"name":"Neuer Vorstand und Pr\u00e4sident bei Agrotec Suisse"}]},{"@type":"WebSite","@id":"https:\/\/www.organisator.ch\/#website","url":"https:\/\/www.organisator.ch\/","name":"Organisator","description":"Kompetent. Praxisnah. Der ORGANISATOR bereitet in 10 Ausgaben pro Jahr die wesentlichen Themen f\u00fcr F\u00fchrungskr\u00e4fte von KMU auf.","publisher":{"@id":"https:\/\/www.organisator.ch\/#organization"},"potentialAction":[{"@type":"SearchAction","target":{"@type":"EntryPoint","urlTemplate":"https:\/\/www.organisator.ch\/?s={search_term_string}"},"query-input":{"@type":"PropertyValueSpecification","valueRequired":true,"valueName":"search_term_string"}}],"inLanguage":"de"},{"@type":"Organization","@id":"https:\/\/www.organisator.ch\/#organization","name":"Organisator","url":"https:\/\/www.organisator.ch\/","logo":{"@type":"ImageObject","inLanguage":"de","@id":"https:\/\/www.organisator.ch\/#\/schema\/logo\/image\/","url":"https:\/\/www.organisator.ch\/wp-content\/uploads\/2022\/01\/Logo_Organisator_Website.png","contentUrl":"https:\/\/www.organisator.ch\/wp-content\/uploads\/2022\/01\/Logo_Organisator_Website.png","width":800,"height":77,"caption":"Organisator"},"image":{"@id":"https:\/\/www.organisator.ch\/#\/schema\/logo\/image\/"},"sameAs":["https:\/\/www.facebook.com\/OrganisatorFachmagazin","https:\/\/www.linkedin.com\/showcase\/organisator-das-magazin-fr-kmu","https:\/\/www.xing.com\/news\/pages\/organisator-ch-695","https:\/\/www.youtube.com\/channel\/UCGP2Sq0iWaZwT3BdIAQFYpw"]},{"@type":"Person","@id":"https:\/\/www.organisator.ch\/#\/schema\/person\/6f650f90b2842cd4c0cc334b4e36f67e","name":"thomas.berner","image":{"@type":"ImageObject","inLanguage":"de","@id":"https:\/\/secure.gravatar.com\/avatar\/ac5001d2a36cb6c6cd3e50789007ffca834b477b74a2144564522e944eabff61?s=96&d=mm&r=g","url":"https:\/\/secure.gravatar.com\/avatar\/ac5001d2a36cb6c6cd3e50789007ffca834b477b74a2144564522e944eabff61?s=96&d=mm&r=g","contentUrl":"https:\/\/secure.gravatar.com\/avatar\/ac5001d2a36cb6c6cd3e50789007ffca834b477b74a2144564522e944eabff61?s=96&d=mm&r=g","caption":"thomas.berner"},"url":"https:\/\/www.organisator.ch\/de\/author\/thomas-berner\/"}]}},"_links":{"self":[{"href":"https:\/\/www.organisator.ch\/de\/wp-json\/wp\/v2\/posts\/39347","targetHints":{"allow":["GET"]}}],"collection":[{"href":"https:\/\/www.organisator.ch\/de\/wp-json\/wp\/v2\/posts"}],"about":[{"href":"https:\/\/www.organisator.ch\/de\/wp-json\/wp\/v2\/types\/post"}],"author":[{"embeddable":true,"href":"https:\/\/www.organisator.ch\/de\/wp-json\/wp\/v2\/users\/4"}],"replies":[{"embeddable":true,"href":"https:\/\/www.organisator.ch\/de\/wp-json\/wp\/v2\/comments?post=39347"}],"version-history":[{"count":3,"href":"https:\/\/www.organisator.ch\/de\/wp-json\/wp\/v2\/posts\/39347\/revisions"}],"predecessor-version":[{"id":39365,"href":"https:\/\/www.organisator.ch\/de\/wp-json\/wp\/v2\/posts\/39347\/revisions\/39365"}],"wp:featuredmedia":[{"embeddable":true,"href":"https:\/\/www.organisator.ch\/de\/wp-json\/wp\/v2\/media\/39348"}],"wp:attachment":[{"href":"https:\/\/www.organisator.ch\/de\/wp-json\/wp\/v2\/media?parent=39347"}],"wp:term":[{"taxonomy":"category","embeddable":true,"href":"https:\/\/www.organisator.ch\/de\/wp-json\/wp\/v2\/categories?post=39347"},{"taxonomy":"post_tag","embeddable":true,"href":"https:\/\/www.organisator.ch\/de\/wp-json\/wp\/v2\/tags?post=39347"}],"curies":[{"name":"wp","href":"https:\/\/api.w.org\/{rel}","templated":true}]}}