{"id":39359,"date":"2025-07-01T05:13:09","date_gmt":"2025-07-01T03:13:09","guid":{"rendered":"https:\/\/www.organisator.ch\/?p=39359"},"modified":"2025-06-30T16:39:03","modified_gmt":"2025-06-30T14:39:03","slug":"fuehrungswechsel-bei-sky-frame-auf-beat-guhl-folgt-angelo-razzino","status":"publish","type":"post","link":"https:\/\/www.organisator.ch\/de\/management\/2025-07-01\/fuehrungswechsel-bei-sky-frame-auf-beat-guhl-folgt-angelo-razzino\/","title":{"rendered":"F\u00fchrungswechsel bei Sky-Frame: Auf Beat Guhl folgt Angelo Razzino"},"content":{"rendered":"<div class=\"text-plugin-content\">\n<div class=\"text-plugin-content__inner\">\n<figure id=\"attachment_39360\" aria-describedby=\"caption-attachment-39360\" style=\"width: 680px\" class=\"wp-caption alignnone\"><img loading=\"lazy\" decoding=\"async\" class=\"size-full wp-image-39360\" src=\"https:\/\/www.organisator.ch\/wp-content\/uploads\/2025\/06\/Fuehrungswechsel-bei-Sky-Frame-Auf-Beat-Guhl-folgt-Angelo-Razzino_Organisator.jpg\" alt=\"\" width=\"680\" height=\"453\" srcset=\"https:\/\/www.organisator.ch\/wp-content\/uploads\/2025\/06\/Fuehrungswechsel-bei-Sky-Frame-Auf-Beat-Guhl-folgt-Angelo-Razzino_Organisator.jpg 680w, https:\/\/www.organisator.ch\/wp-content\/uploads\/2025\/06\/Fuehrungswechsel-bei-Sky-Frame-Auf-Beat-Guhl-folgt-Angelo-Razzino_Organisator-18x12.jpg 18w, https:\/\/www.organisator.ch\/wp-content\/uploads\/2025\/06\/Fuehrungswechsel-bei-Sky-Frame-Auf-Beat-Guhl-folgt-Angelo-Razzino_Organisator-375x250.jpg 375w, https:\/\/www.organisator.ch\/wp-content\/uploads\/2025\/06\/Fuehrungswechsel-bei-Sky-Frame-Auf-Beat-Guhl-folgt-Angelo-Razzino_Organisator-525x350.jpg 525w\" sizes=\"auto, (max-width: 680px) 100vw, 680px\" \/><figcaption id=\"caption-attachment-39360\" class=\"wp-caption-text\">F\u00fchrungswechsel bei Sky-Frame: Angelo Razzino (rechts) \u00fcbernimmt am 1. Juli 2025 die Unternehmensleitung von Beat Guhl. (Bild: zVg \/ Sky-Frame)<\/figcaption><\/figure><\/p>\n<p>Beat Guhl hat Sky-Frame im letzten Vierteljahrhundert von einem Metallbaubetrieb zum internationalen Marktf\u00fchrer f\u00fcr rahmenlose Fensterl\u00f6sungen entwickelt. Nun \u00fcbergibt er die Leitung an Angelo Razzino, der das Unternehmen bereits gut kennt. Diese interne Nachfolgeregelung wurde \u00fcber mehrere Jahre hinweg sorgf\u00e4ltig vorbereitet, schreibt Beat Guhl in einem pers\u00f6nlichen Schreiben an Kunden und Gesch\u00e4ftspartner. \u00abMit Angelo Razzino \u00fcbernimmt eine F\u00fchrungspers\u00f6nlichkeit, die Sky-Frame seit neun Jahren kennt und zuletzt als Chief Sales Officer t\u00e4tig war. In dieser Zeit hat er nicht nur den internationalen Vertrieb gepr\u00e4gt, sondern auch die Verantwortung f\u00fcr unsere Tochtergesellschaften getragen und deren strategische Weiterentwicklung vorangetrieben. Seine Wahl steht nicht nur f\u00fcr Kontinuit\u00e4t, sondern auch f\u00fcr ein klares Bekenntnis zur Kundenn\u00e4he: Angelo kennt die Bed\u00fcrfnisse unserer Kundinnen und Kunden aus erster Hand \u2013 und wird diesen Fokus in der zuk\u00fcnftigen Ausrichtung von Sky-Frame noch st\u00e4rker einbringen\u00bb, so Beat Guhl. Und weiter: \u00abIch bin \u00fcberzeugt, dass ein Unternehmer seine Verantwortung dann wahrnimmt, wenn er seine Nachfolge vorausschauend und klar geregelt hat. Dieser Zeitpunkt ist f\u00fcr mich jetzt gekommen.\u00bb Mit der neuen F\u00fchrungscrew stellt Sky-Frame die Kontinuit\u00e4t in der strategischen und operativen Verantwortung sicher.\u00a0<\/p>\n<h3>Gesch\u00e4ftsleitung neu zusammengesetzt<\/h3>\n<p>Angelo Razzino tritt die Nachfolge also nicht unvorbereitet an.\u00a0\u00abDiese Nachfolge anzutreten, ist f\u00fcr mich weit mehr als ein beruflicher Schritt \u2013 es ist eine Ehre und zugleich eine Verpflichtung, das Lebenswerk des Gr\u00fcnders mit Respekt und Verantwortung weiterzuf\u00fchren. Ich freue mich darauf, die Erfolgsgeschichte von Sky-Frame gemeinsam mit einem starken Team weiterzuschreiben\u00bb, sagt er zu seiner neuen Aufgabe.\u00a0<\/p>\n<p>Die neue Gesch\u00e4ftsleitung setzt sich ebenfalls aus langj\u00e4hrigen F\u00fchrungspersonen und Mitarbeitenden zusammen: Neben Angelo Razzino (CEO) geh\u00f6ren\u00a0Reto Honegger (CFO),\u00a0Andrea Z\u00fcrcher (CMO)\u00a0und\u00a0Maurin M\u00fcller (COO)\u00a0zur neuen Gesch\u00e4ftsleitung. S\u00e4mtliche Mitglieder der Gesch\u00e4ftsleitung nehmen am Optionenprogramm teil, welches ihnen erlaubt, schrittweise Anteile am Unternehmen zu \u00fcbernehmen \u2013 ein klares Zeichen f\u00fcr ihr Engagement und ihr Vertrauen in die Zukunft von Sky-Frame. Auch im Verwaltungsrat kommt es zu einem Wechsel:\u00a0Beat Spalinger, seit sechs Jahren Vizepr\u00e4sident, \u00fcbernimmt das Pr\u00e4sidium.\u00a0Beat Guhl\u00a0bleibt dem Unternehmen als Vizepr\u00e4sident des Verwaltungsrats sowie als Mehrheitsaktion\u00e4r eng verbunden. Zudem wird er interimistisch die Leitung der Systementwicklung \u00fcbernehmen, bis Ende 2025 der neue Leiter beginnt.<\/p>\n<h3>Pionier bei rahmenlosen Fenstersystemen<\/h3>\n<div class=\"text-plugin-content\">\n<div class=\"text-plugin-content__inner\">\n<p>Sky-Frame hat sich bei Architekten und Raumgestaltern aus aller Welt einen Namen geschaffen als Anbieter von rahmenlosen Schiebefenstersystemen. Die grossformatigen, schwellenlosen Glasfronten heben die Grenze zwischen dem Innen- und Aussenbereich auf und lassen in fliessenden R\u00e4umen einzigartige Wohnerlebnisse entstehen. Gegr\u00fcndet wurde das Unternehmen im Jahr 1993 als R&amp;G Metallbau AG mit drei Mitarbeitenden. Heute besch\u00e4ftigt Sky-Frame 150 Personen. Der haupts\u00e4chliche Entwicklungs- und Produktionsstandort liegt Frauenfeld; in Rothrist, Wien, Mailand, London sowie Los Angeles ist Sky-Frame mit Filialen vertreten. Seitdem im Jahr 2002 erstmals ein System von Sky-Frame installiert wurde, hat das Schweizer Unternehmen in \u00fcber 11\u2019000 Objekten auf sechs Kontinenten individuelle Wohntr\u00e4ume verwirklicht.<\/p>\n<p><em>Quelle und weitere Informationen: <a href=\"http:\/\/www.sky-frame.com\">www.sky-frame.com<\/a><\/em><\/p>\n<\/div>\n<\/div>\n<\/div>\n<\/div>\n","protected":false},"excerpt":{"rendered":"<p>Nach 23 Jahren als CEO von Sky-Frame und \u00fcber 30 Jahren Unternehmertum \u00fcbergibt Beat Guhl die operative Verantwortung per 1. Juli 2025 an Angelo Razzino. Er wird als neuer CEO die Leitung des Unternehmens mit Sitz in Frauenfeld TG \u00fcbernehmen.<\/p>\n","protected":false},"author":4,"featured_media":39360,"comment_status":"closed","ping_status":"closed","sticky":false,"template":"","format":"standard","meta":{"_acf_changed":false,"_yoast_wpseo_focuskw":"Beat Guhl","_yoast_wpseo_metadesc":"Nach 23 Jahren als CEO von Sky-Frame und \u00fcber 30 Jahren Unternehmertum \u00fcbergibt Beat Guhl die F\u00fchrung per 1. Juli 2025 an Angelo Razzino.","articlekey":"","footnotes":""},"categories":[28],"tags":[207,381,492],"class_list":["post-39359","post","type-post","status-publish","format-standard","has-post-thumbnail","hentry","category-management","tag-firmennachfolge","tag-personalia","tag-unternehmen"],"acf":[],"yoast_head":"<!-- This site is optimized with the Yoast SEO plugin v27.4 - https:\/\/yoast.com\/product\/yoast-seo-wordpress\/ -->\n<title>F\u00fchrungswechsel bei Sky-Frame: Auf Beat Guhl folgt Angelo Razzino - Organisator<\/title>\n<meta name=\"description\" content=\"Nach 23 Jahren als CEO von Sky-Frame und \u00fcber 30 Jahren Unternehmertum \u00fcbergibt Beat Guhl die F\u00fchrung per 1. Juli 2025 an Angelo Razzino.\" \/>\n<meta name=\"robots\" content=\"index, follow, max-snippet:-1, max-image-preview:large, max-video-preview:-1\" \/>\n<link rel=\"canonical\" href=\"https:\/\/www.organisator.ch\/de\/management\/2025-07-01\/fuehrungswechsel-bei-sky-frame-auf-beat-guhl-folgt-angelo-razzino\/\" \/>\n<meta property=\"og:locale\" content=\"de_DE\" \/>\n<meta property=\"og:type\" content=\"article\" \/>\n<meta property=\"og:title\" content=\"F\u00fchrungswechsel bei Sky-Frame: Auf Beat Guhl folgt Angelo Razzino\" \/>\n<meta property=\"og:description\" content=\"Nach 23 Jahren als CEO von Sky-Frame und \u00fcber 30 Jahren Unternehmertum \u00fcbergibt Beat Guhl die F\u00fchrung per 1. Juli 2025 an Angelo Razzino.\" \/>\n<meta property=\"og:url\" content=\"https:\/\/www.organisator.ch\/de\/management\/2025-07-01\/fuehrungswechsel-bei-sky-frame-auf-beat-guhl-folgt-angelo-razzino\/\" \/>\n<meta property=\"og:site_name\" content=\"Organisator\" \/>\n<meta property=\"article:publisher\" content=\"https:\/\/www.facebook.com\/OrganisatorFachmagazin\" \/>\n<meta property=\"article:published_time\" content=\"2025-07-01T03:13:09+00:00\" \/>\n<meta property=\"og:image\" content=\"https:\/\/www.organisator.ch\/wp-content\/uploads\/2025\/06\/Fuehrungswechsel-bei-Sky-Frame-Auf-Beat-Guhl-folgt-Angelo-Razzino_Organisator.jpg\" \/>\n\t<meta property=\"og:image:width\" content=\"680\" \/>\n\t<meta property=\"og:image:height\" content=\"453\" \/>\n\t<meta property=\"og:image:type\" content=\"image\/jpeg\" \/>\n<meta name=\"author\" content=\"thomas.berner\" \/>\n<meta name=\"twitter:card\" content=\"summary_large_image\" \/>\n<meta name=\"twitter:title\" content=\"#F\u00fchrungswechsel bei #Sky-Frame: Auf Beat #Guhl folgt Angelo #Razzino\" \/>\n<meta name=\"twitter:description\" content=\"Nach 23 Jahren als CEO von #Sky-Frame und \u00fcber 30 Jahren Unternehmertum \u00fcbergibt Beat #Guhl die F\u00fchrung per 1. Juli 2025 an Angelo #Razzino.\" \/>\n<meta name=\"twitter:image\" content=\"https:\/\/www.organisator.ch\/wp-content\/uploads\/2025\/06\/Fuehrungswechsel-bei-Sky-Frame-Auf-Beat-Guhl-folgt-Angelo-Razzino_Organisator.jpg\" \/>\n<script type=\"application\/ld+json\" class=\"yoast-schema-graph\">{\"@context\":\"https:\\\/\\\/schema.org\",\"@graph\":[{\"@type\":\"Article\",\"@id\":\"https:\\\/\\\/www.organisator.ch\\\/management\\\/2025-07-01\\\/fuehrungswechsel-bei-sky-frame-auf-beat-guhl-folgt-angelo-razzino\\\/#article\",\"isPartOf\":{\"@id\":\"https:\\\/\\\/www.organisator.ch\\\/management\\\/2025-07-01\\\/fuehrungswechsel-bei-sky-frame-auf-beat-guhl-folgt-angelo-razzino\\\/\"},\"author\":{\"name\":\"thomas.berner\",\"@id\":\"https:\\\/\\\/www.organisator.ch\\\/#\\\/schema\\\/person\\\/6f650f90b2842cd4c0cc334b4e36f67e\"},\"headline\":\"F\u00fchrungswechsel bei Sky-Frame: Auf Beat Guhl folgt Angelo Razzino\",\"datePublished\":\"2025-07-01T03:13:09+00:00\",\"mainEntityOfPage\":{\"@id\":\"https:\\\/\\\/www.organisator.ch\\\/management\\\/2025-07-01\\\/fuehrungswechsel-bei-sky-frame-auf-beat-guhl-folgt-angelo-razzino\\\/\"},\"wordCount\":540,\"publisher\":{\"@id\":\"https:\\\/\\\/www.organisator.ch\\\/#organization\"},\"image\":{\"@id\":\"https:\\\/\\\/www.organisator.ch\\\/management\\\/2025-07-01\\\/fuehrungswechsel-bei-sky-frame-auf-beat-guhl-folgt-angelo-razzino\\\/#primaryimage\"},\"thumbnailUrl\":\"https:\\\/\\\/www.organisator.ch\\\/wp-content\\\/uploads\\\/2025\\\/06\\\/Fuehrungswechsel-bei-Sky-Frame-Auf-Beat-Guhl-folgt-Angelo-Razzino_Organisator.jpg\",\"keywords\":[\"Firmennachfolge\",\"Personalia\",\"Unternehmen\"],\"articleSection\":[\"MANAGEMENT\"],\"inLanguage\":\"de\"},{\"@type\":\"WebPage\",\"@id\":\"https:\\\/\\\/www.organisator.ch\\\/management\\\/2025-07-01\\\/fuehrungswechsel-bei-sky-frame-auf-beat-guhl-folgt-angelo-razzino\\\/\",\"url\":\"https:\\\/\\\/www.organisator.ch\\\/management\\\/2025-07-01\\\/fuehrungswechsel-bei-sky-frame-auf-beat-guhl-folgt-angelo-razzino\\\/\",\"name\":\"F\u00fchrungswechsel bei Sky-Frame: Auf Beat Guhl folgt Angelo Razzino - Organisator\",\"isPartOf\":{\"@id\":\"https:\\\/\\\/www.organisator.ch\\\/#website\"},\"primaryImageOfPage\":{\"@id\":\"https:\\\/\\\/www.organisator.ch\\\/management\\\/2025-07-01\\\/fuehrungswechsel-bei-sky-frame-auf-beat-guhl-folgt-angelo-razzino\\\/#primaryimage\"},\"image\":{\"@id\":\"https:\\\/\\\/www.organisator.ch\\\/management\\\/2025-07-01\\\/fuehrungswechsel-bei-sky-frame-auf-beat-guhl-folgt-angelo-razzino\\\/#primaryimage\"},\"thumbnailUrl\":\"https:\\\/\\\/www.organisator.ch\\\/wp-content\\\/uploads\\\/2025\\\/06\\\/Fuehrungswechsel-bei-Sky-Frame-Auf-Beat-Guhl-folgt-Angelo-Razzino_Organisator.jpg\",\"datePublished\":\"2025-07-01T03:13:09+00:00\",\"description\":\"Nach 23 Jahren als CEO von Sky-Frame und \u00fcber 30 Jahren Unternehmertum \u00fcbergibt Beat Guhl die F\u00fchrung per 1. Juli 2025 an Angelo Razzino.\",\"breadcrumb\":{\"@id\":\"https:\\\/\\\/www.organisator.ch\\\/management\\\/2025-07-01\\\/fuehrungswechsel-bei-sky-frame-auf-beat-guhl-folgt-angelo-razzino\\\/#breadcrumb\"},\"inLanguage\":\"de\",\"potentialAction\":[{\"@type\":\"ReadAction\",\"target\":[\"https:\\\/\\\/www.organisator.ch\\\/management\\\/2025-07-01\\\/fuehrungswechsel-bei-sky-frame-auf-beat-guhl-folgt-angelo-razzino\\\/\"]}]},{\"@type\":\"ImageObject\",\"inLanguage\":\"de\",\"@id\":\"https:\\\/\\\/www.organisator.ch\\\/management\\\/2025-07-01\\\/fuehrungswechsel-bei-sky-frame-auf-beat-guhl-folgt-angelo-razzino\\\/#primaryimage\",\"url\":\"https:\\\/\\\/www.organisator.ch\\\/wp-content\\\/uploads\\\/2025\\\/06\\\/Fuehrungswechsel-bei-Sky-Frame-Auf-Beat-Guhl-folgt-Angelo-Razzino_Organisator.jpg\",\"contentUrl\":\"https:\\\/\\\/www.organisator.ch\\\/wp-content\\\/uploads\\\/2025\\\/06\\\/Fuehrungswechsel-bei-Sky-Frame-Auf-Beat-Guhl-folgt-Angelo-Razzino_Organisator.jpg\",\"width\":680,\"height\":453,\"caption\":\"F\u00fchrungswechsel bei Sky-Frame: Angelo Razzino (rechts) \u00fcbernimmt am 1. Juli 2025 die Unternehmensleitung von Beat Guhl. (Bild: zVg \\\/ Sky-Frame)\"},{\"@type\":\"BreadcrumbList\",\"@id\":\"https:\\\/\\\/www.organisator.ch\\\/management\\\/2025-07-01\\\/fuehrungswechsel-bei-sky-frame-auf-beat-guhl-folgt-angelo-razzino\\\/#breadcrumb\",\"itemListElement\":[{\"@type\":\"ListItem\",\"position\":1,\"name\":\"Home\",\"item\":\"https:\\\/\\\/www.organisator.ch\\\/\"},{\"@type\":\"ListItem\",\"position\":2,\"name\":\"F\u00fchrungswechsel bei Sky-Frame: Auf Beat Guhl folgt Angelo Razzino\"}]},{\"@type\":\"WebSite\",\"@id\":\"https:\\\/\\\/www.organisator.ch\\\/#website\",\"url\":\"https:\\\/\\\/www.organisator.ch\\\/\",\"name\":\"Organisator\",\"description\":\"Kompetent. Praxisnah. Der ORGANISATOR bereitet in 10 Ausgaben pro Jahr die wesentlichen Themen f\u00fcr F\u00fchrungskr\u00e4fte von KMU auf.\",\"publisher\":{\"@id\":\"https:\\\/\\\/www.organisator.ch\\\/#organization\"},\"potentialAction\":[{\"@type\":\"SearchAction\",\"target\":{\"@type\":\"EntryPoint\",\"urlTemplate\":\"https:\\\/\\\/www.organisator.ch\\\/?s={search_term_string}\"},\"query-input\":{\"@type\":\"PropertyValueSpecification\",\"valueRequired\":true,\"valueName\":\"search_term_string\"}}],\"inLanguage\":\"de\"},{\"@type\":\"Organization\",\"@id\":\"https:\\\/\\\/www.organisator.ch\\\/#organization\",\"name\":\"Organisator\",\"url\":\"https:\\\/\\\/www.organisator.ch\\\/\",\"logo\":{\"@type\":\"ImageObject\",\"inLanguage\":\"de\",\"@id\":\"https:\\\/\\\/www.organisator.ch\\\/#\\\/schema\\\/logo\\\/image\\\/\",\"url\":\"https:\\\/\\\/www.organisator.ch\\\/wp-content\\\/uploads\\\/2022\\\/01\\\/Logo_Organisator_Website.png\",\"contentUrl\":\"https:\\\/\\\/www.organisator.ch\\\/wp-content\\\/uploads\\\/2022\\\/01\\\/Logo_Organisator_Website.png\",\"width\":800,\"height\":77,\"caption\":\"Organisator\"},\"image\":{\"@id\":\"https:\\\/\\\/www.organisator.ch\\\/#\\\/schema\\\/logo\\\/image\\\/\"},\"sameAs\":[\"https:\\\/\\\/www.facebook.com\\\/OrganisatorFachmagazin\",\"https:\\\/\\\/www.linkedin.com\\\/showcase\\\/organisator-das-magazin-fr-kmu\",\"https:\\\/\\\/www.xing.com\\\/news\\\/pages\\\/organisator-ch-695\",\"https:\\\/\\\/www.youtube.com\\\/channel\\\/UCGP2Sq0iWaZwT3BdIAQFYpw\"]},{\"@type\":\"Person\",\"@id\":\"https:\\\/\\\/www.organisator.ch\\\/#\\\/schema\\\/person\\\/6f650f90b2842cd4c0cc334b4e36f67e\",\"name\":\"thomas.berner\",\"image\":{\"@type\":\"ImageObject\",\"inLanguage\":\"de\",\"@id\":\"https:\\\/\\\/secure.gravatar.com\\\/avatar\\\/ac5001d2a36cb6c6cd3e50789007ffca834b477b74a2144564522e944eabff61?s=96&d=mm&r=g\",\"url\":\"https:\\\/\\\/secure.gravatar.com\\\/avatar\\\/ac5001d2a36cb6c6cd3e50789007ffca834b477b74a2144564522e944eabff61?s=96&d=mm&r=g\",\"contentUrl\":\"https:\\\/\\\/secure.gravatar.com\\\/avatar\\\/ac5001d2a36cb6c6cd3e50789007ffca834b477b74a2144564522e944eabff61?s=96&d=mm&r=g\",\"caption\":\"thomas.berner\"},\"url\":\"https:\\\/\\\/www.organisator.ch\\\/de\\\/author\\\/thomas-berner\\\/\"}]}<\/script>\n<!-- \/ Yoast SEO plugin. -->","yoast_head_json":{"title":"F\u00fchrungswechsel bei Sky-Frame: Auf Beat Guhl folgt Angelo Razzino - Organisator","description":"Nach 23 Jahren als CEO von Sky-Frame und \u00fcber 30 Jahren Unternehmertum \u00fcbergibt Beat Guhl die F\u00fchrung per 1. Juli 2025 an Angelo Razzino.","robots":{"index":"index","follow":"follow","max-snippet":"max-snippet:-1","max-image-preview":"max-image-preview:large","max-video-preview":"max-video-preview:-1"},"canonical":"https:\/\/www.organisator.ch\/de\/management\/2025-07-01\/fuehrungswechsel-bei-sky-frame-auf-beat-guhl-folgt-angelo-razzino\/","og_locale":"de_DE","og_type":"article","og_title":"F\u00fchrungswechsel bei Sky-Frame: Auf Beat Guhl folgt Angelo Razzino","og_description":"Nach 23 Jahren als CEO von Sky-Frame und \u00fcber 30 Jahren Unternehmertum \u00fcbergibt Beat Guhl die F\u00fchrung per 1. Juli 2025 an Angelo Razzino.","og_url":"https:\/\/www.organisator.ch\/de\/management\/2025-07-01\/fuehrungswechsel-bei-sky-frame-auf-beat-guhl-folgt-angelo-razzino\/","og_site_name":"Organisator","article_publisher":"https:\/\/www.facebook.com\/OrganisatorFachmagazin","article_published_time":"2025-07-01T03:13:09+00:00","og_image":[{"width":680,"height":453,"url":"https:\/\/www.organisator.ch\/wp-content\/uploads\/2025\/06\/Fuehrungswechsel-bei-Sky-Frame-Auf-Beat-Guhl-folgt-Angelo-Razzino_Organisator.jpg","type":"image\/jpeg"}],"author":"thomas.berner","twitter_card":"summary_large_image","twitter_title":"#F\u00fchrungswechsel bei #Sky-Frame: Auf Beat #Guhl folgt Angelo #Razzino","twitter_description":"Nach 23 Jahren als CEO von #Sky-Frame und \u00fcber 30 Jahren Unternehmertum \u00fcbergibt Beat #Guhl die F\u00fchrung per 1. Juli 2025 an Angelo #Razzino.","twitter_image":"https:\/\/www.organisator.ch\/wp-content\/uploads\/2025\/06\/Fuehrungswechsel-bei-Sky-Frame-Auf-Beat-Guhl-folgt-Angelo-Razzino_Organisator.jpg","schema":{"@context":"https:\/\/schema.org","@graph":[{"@type":"Article","@id":"https:\/\/www.organisator.ch\/management\/2025-07-01\/fuehrungswechsel-bei-sky-frame-auf-beat-guhl-folgt-angelo-razzino\/#article","isPartOf":{"@id":"https:\/\/www.organisator.ch\/management\/2025-07-01\/fuehrungswechsel-bei-sky-frame-auf-beat-guhl-folgt-angelo-razzino\/"},"author":{"name":"thomas.berner","@id":"https:\/\/www.organisator.ch\/#\/schema\/person\/6f650f90b2842cd4c0cc334b4e36f67e"},"headline":"F\u00fchrungswechsel bei Sky-Frame: Auf Beat Guhl folgt Angelo Razzino","datePublished":"2025-07-01T03:13:09+00:00","mainEntityOfPage":{"@id":"https:\/\/www.organisator.ch\/management\/2025-07-01\/fuehrungswechsel-bei-sky-frame-auf-beat-guhl-folgt-angelo-razzino\/"},"wordCount":540,"publisher":{"@id":"https:\/\/www.organisator.ch\/#organization"},"image":{"@id":"https:\/\/www.organisator.ch\/management\/2025-07-01\/fuehrungswechsel-bei-sky-frame-auf-beat-guhl-folgt-angelo-razzino\/#primaryimage"},"thumbnailUrl":"https:\/\/www.organisator.ch\/wp-content\/uploads\/2025\/06\/Fuehrungswechsel-bei-Sky-Frame-Auf-Beat-Guhl-folgt-Angelo-Razzino_Organisator.jpg","keywords":["Firmennachfolge","Personalia","Unternehmen"],"articleSection":["MANAGEMENT"],"inLanguage":"de"},{"@type":"WebPage","@id":"https:\/\/www.organisator.ch\/management\/2025-07-01\/fuehrungswechsel-bei-sky-frame-auf-beat-guhl-folgt-angelo-razzino\/","url":"https:\/\/www.organisator.ch\/management\/2025-07-01\/fuehrungswechsel-bei-sky-frame-auf-beat-guhl-folgt-angelo-razzino\/","name":"F\u00fchrungswechsel bei Sky-Frame: Auf Beat Guhl folgt Angelo Razzino - Organisator","isPartOf":{"@id":"https:\/\/www.organisator.ch\/#website"},"primaryImageOfPage":{"@id":"https:\/\/www.organisator.ch\/management\/2025-07-01\/fuehrungswechsel-bei-sky-frame-auf-beat-guhl-folgt-angelo-razzino\/#primaryimage"},"image":{"@id":"https:\/\/www.organisator.ch\/management\/2025-07-01\/fuehrungswechsel-bei-sky-frame-auf-beat-guhl-folgt-angelo-razzino\/#primaryimage"},"thumbnailUrl":"https:\/\/www.organisator.ch\/wp-content\/uploads\/2025\/06\/Fuehrungswechsel-bei-Sky-Frame-Auf-Beat-Guhl-folgt-Angelo-Razzino_Organisator.jpg","datePublished":"2025-07-01T03:13:09+00:00","description":"Nach 23 Jahren als CEO von Sky-Frame und \u00fcber 30 Jahren Unternehmertum \u00fcbergibt Beat Guhl die F\u00fchrung per 1. Juli 2025 an Angelo Razzino.","breadcrumb":{"@id":"https:\/\/www.organisator.ch\/management\/2025-07-01\/fuehrungswechsel-bei-sky-frame-auf-beat-guhl-folgt-angelo-razzino\/#breadcrumb"},"inLanguage":"de","potentialAction":[{"@type":"ReadAction","target":["https:\/\/www.organisator.ch\/management\/2025-07-01\/fuehrungswechsel-bei-sky-frame-auf-beat-guhl-folgt-angelo-razzino\/"]}]},{"@type":"ImageObject","inLanguage":"de","@id":"https:\/\/www.organisator.ch\/management\/2025-07-01\/fuehrungswechsel-bei-sky-frame-auf-beat-guhl-folgt-angelo-razzino\/#primaryimage","url":"https:\/\/www.organisator.ch\/wp-content\/uploads\/2025\/06\/Fuehrungswechsel-bei-Sky-Frame-Auf-Beat-Guhl-folgt-Angelo-Razzino_Organisator.jpg","contentUrl":"https:\/\/www.organisator.ch\/wp-content\/uploads\/2025\/06\/Fuehrungswechsel-bei-Sky-Frame-Auf-Beat-Guhl-folgt-Angelo-Razzino_Organisator.jpg","width":680,"height":453,"caption":"F\u00fchrungswechsel bei Sky-Frame: Angelo Razzino (rechts) \u00fcbernimmt am 1. Juli 2025 die Unternehmensleitung von Beat Guhl. (Bild: zVg \/ Sky-Frame)"},{"@type":"BreadcrumbList","@id":"https:\/\/www.organisator.ch\/management\/2025-07-01\/fuehrungswechsel-bei-sky-frame-auf-beat-guhl-folgt-angelo-razzino\/#breadcrumb","itemListElement":[{"@type":"ListItem","position":1,"name":"Home","item":"https:\/\/www.organisator.ch\/"},{"@type":"ListItem","position":2,"name":"F\u00fchrungswechsel bei Sky-Frame: Auf Beat Guhl folgt Angelo Razzino"}]},{"@type":"WebSite","@id":"https:\/\/www.organisator.ch\/#website","url":"https:\/\/www.organisator.ch\/","name":"Organisator","description":"Kompetent. Praxisnah. Der ORGANISATOR bereitet in 10 Ausgaben pro Jahr die wesentlichen Themen f\u00fcr F\u00fchrungskr\u00e4fte von KMU auf.","publisher":{"@id":"https:\/\/www.organisator.ch\/#organization"},"potentialAction":[{"@type":"SearchAction","target":{"@type":"EntryPoint","urlTemplate":"https:\/\/www.organisator.ch\/?s={search_term_string}"},"query-input":{"@type":"PropertyValueSpecification","valueRequired":true,"valueName":"search_term_string"}}],"inLanguage":"de"},{"@type":"Organization","@id":"https:\/\/www.organisator.ch\/#organization","name":"Organisator","url":"https:\/\/www.organisator.ch\/","logo":{"@type":"ImageObject","inLanguage":"de","@id":"https:\/\/www.organisator.ch\/#\/schema\/logo\/image\/","url":"https:\/\/www.organisator.ch\/wp-content\/uploads\/2022\/01\/Logo_Organisator_Website.png","contentUrl":"https:\/\/www.organisator.ch\/wp-content\/uploads\/2022\/01\/Logo_Organisator_Website.png","width":800,"height":77,"caption":"Organisator"},"image":{"@id":"https:\/\/www.organisator.ch\/#\/schema\/logo\/image\/"},"sameAs":["https:\/\/www.facebook.com\/OrganisatorFachmagazin","https:\/\/www.linkedin.com\/showcase\/organisator-das-magazin-fr-kmu","https:\/\/www.xing.com\/news\/pages\/organisator-ch-695","https:\/\/www.youtube.com\/channel\/UCGP2Sq0iWaZwT3BdIAQFYpw"]},{"@type":"Person","@id":"https:\/\/www.organisator.ch\/#\/schema\/person\/6f650f90b2842cd4c0cc334b4e36f67e","name":"thomas.berner","image":{"@type":"ImageObject","inLanguage":"de","@id":"https:\/\/secure.gravatar.com\/avatar\/ac5001d2a36cb6c6cd3e50789007ffca834b477b74a2144564522e944eabff61?s=96&d=mm&r=g","url":"https:\/\/secure.gravatar.com\/avatar\/ac5001d2a36cb6c6cd3e50789007ffca834b477b74a2144564522e944eabff61?s=96&d=mm&r=g","contentUrl":"https:\/\/secure.gravatar.com\/avatar\/ac5001d2a36cb6c6cd3e50789007ffca834b477b74a2144564522e944eabff61?s=96&d=mm&r=g","caption":"thomas.berner"},"url":"https:\/\/www.organisator.ch\/de\/author\/thomas-berner\/"}]}},"_links":{"self":[{"href":"https:\/\/www.organisator.ch\/de\/wp-json\/wp\/v2\/posts\/39359","targetHints":{"allow":["GET"]}}],"collection":[{"href":"https:\/\/www.organisator.ch\/de\/wp-json\/wp\/v2\/posts"}],"about":[{"href":"https:\/\/www.organisator.ch\/de\/wp-json\/wp\/v2\/types\/post"}],"author":[{"embeddable":true,"href":"https:\/\/www.organisator.ch\/de\/wp-json\/wp\/v2\/users\/4"}],"replies":[{"embeddable":true,"href":"https:\/\/www.organisator.ch\/de\/wp-json\/wp\/v2\/comments?post=39359"}],"version-history":[{"count":2,"href":"https:\/\/www.organisator.ch\/de\/wp-json\/wp\/v2\/posts\/39359\/revisions"}],"predecessor-version":[{"id":39439,"href":"https:\/\/www.organisator.ch\/de\/wp-json\/wp\/v2\/posts\/39359\/revisions\/39439"}],"wp:featuredmedia":[{"embeddable":true,"href":"https:\/\/www.organisator.ch\/de\/wp-json\/wp\/v2\/media\/39360"}],"wp:attachment":[{"href":"https:\/\/www.organisator.ch\/de\/wp-json\/wp\/v2\/media?parent=39359"}],"wp:term":[{"taxonomy":"category","embeddable":true,"href":"https:\/\/www.organisator.ch\/de\/wp-json\/wp\/v2\/categories?post=39359"},{"taxonomy":"post_tag","embeddable":true,"href":"https:\/\/www.organisator.ch\/de\/wp-json\/wp\/v2\/tags?post=39359"}],"curies":[{"name":"wp","href":"https:\/\/api.w.org\/{rel}","templated":true}]}}