{"id":39368,"date":"2025-07-01T14:35:22","date_gmt":"2025-07-01T12:35:22","guid":{"rendered":"https:\/\/www.markt-kom.com\/?p=236812"},"modified":"2025-09-09T08:35:16","modified_gmt":"2025-09-09T06:35:16","slug":"die-grosse-idee-zaehlt-publicis-ceo-sadoun-und-adobe-ceo-narayen-ueber-kreative-fuehrungsarbeit-in-zeiten-von-ki-und-plattformmacht","status":"publish","type":"post","link":"https:\/\/www.organisator.ch\/de\/marketing\/2025-07-01\/die-grosse-idee-zaehlt-publicis-ceo-sadoun-und-adobe-ceo-narayen-ueber-kreative-fuehrungsarbeit-in-zeiten-von-ki-und-plattformmacht\/","title":{"rendered":"\u00abDie grosse Idee z\u00e4hlt\u00bb: Publicis-CEO Sadoun und Adobe-CEO Narayen \u00fcber kreative F\u00fchrungsarbeit in Zeiten von KI und Plattformmacht"},"content":{"rendered":"<figure id=\"attachment_236816\" class=\"wp-caption alignnone\" style=\"width: 1300px;\" aria-describedby=\"caption-attachment-236816\"><a href=\"https:\/\/www.markt-kom.com\/wp-content\/uploads\/2025\/06\/SAS_0556-scaled.jpg\"><img class=\"size-full wp-image-236816\" src=\"https:\/\/www.markt-kom.com\/wp-content\/uploads\/2025\/06\/SAS_0556-scaled.jpg\" sizes=\"(max-width: 1300px) 100vw, 1300px\" srcset=\"https:\/\/www.markt-kom.com\/wp-content\/uploads\/2025\/06\/SAS_0556-scaled.jpg 1300w, https:\/\/www.markt-kom.com\/wp-content\/uploads\/2025\/06\/SAS_0556-600x400.jpg 600w, https:\/\/www.markt-kom.com\/wp-content\/uploads\/2025\/06\/SAS_0556-1024x683.jpg 1024w, https:\/\/www.markt-kom.com\/wp-content\/uploads\/2025\/06\/SAS_0556-768x512.jpg 768w, https:\/\/www.markt-kom.com\/wp-content\/uploads\/2025\/06\/SAS_0556-1536x1024.jpg 1536w, https:\/\/www.markt-kom.com\/wp-content\/uploads\/2025\/06\/SAS_0556-2048x1365.jpg 2048w, https:\/\/www.markt-kom.com\/wp-content\/uploads\/2025\/06\/SAS_0556-18x12.jpg 18w, https:\/\/www.markt-kom.com\/wp-content\/uploads\/2025\/06\/SAS_0556-263x175.jpg 263w, https:\/\/www.markt-kom.com\/wp-content\/uploads\/2025\/06\/SAS_0556-525x350.jpg 525w, https:\/\/www.markt-kom.com\/wp-content\/uploads\/2025\/06\/SAS_0556-1000x667.jpg 1000w\" alt=\"\" width=\"1300\" height=\"866\" \/><\/a>\r\n<figcaption id=\"caption-attachment-236816\" class=\"wp-caption-text\">Arthur Sadoun, Chairman &amp; CEO of Publicis Groupe (rechts sitzend) mit Shantanu Narayen, Chair and CEO, Adobe<\/figcaption>\r\n<\/figure>\r\n<h3 data-start=\"524\" data-end=\"567\"><strong data-start=\"524\" data-end=\"567\">Ein Schulterschluss f\u00fcr die Kreativit\u00e4t<\/strong><\/h3>\r\n<p data-start=\"569\" data-end=\"988\">Wenn sich beim Cannes Lions Festival zwei der einflussreichsten Stimmen der Kommunikations- und Techbranche zur Zukunft von Kreativit\u00e4t und Marketing \u00e4ussern, h\u00f6rt die Branche hin. Arthur Sadoun, CEO der Publicis Groupe, und Shantanu Narayen, CEO von Adobe, standen gemeinsam auf der B\u00fchne \u2013 und was als High-Level-Talk angek\u00fcndigt war, wurde zu einer Lehrstunde in F\u00fchrungsarbeit, Optimismus und strategischem Handwerk.<\/p>\r\n<figure id=\"attachment_236818\" class=\"wp-caption alignnone\" style=\"width: 1300px;\" aria-describedby=\"caption-attachment-236818\"><a href=\"https:\/\/www.markt-kom.com\/wp-content\/uploads\/2025\/06\/SAS_0529-scaled.jpg\"><img class=\"wp-image-236818 size-full\" src=\"https:\/\/www.markt-kom.com\/wp-content\/uploads\/2025\/06\/SAS_0529-scaled.jpg\" sizes=\"(max-width: 1300px) 100vw, 1300px\" srcset=\"https:\/\/www.markt-kom.com\/wp-content\/uploads\/2025\/06\/SAS_0529-scaled.jpg 1300w, https:\/\/www.markt-kom.com\/wp-content\/uploads\/2025\/06\/SAS_0529-600x400.jpg 600w, https:\/\/www.markt-kom.com\/wp-content\/uploads\/2025\/06\/SAS_0529-1024x683.jpg 1024w, https:\/\/www.markt-kom.com\/wp-content\/uploads\/2025\/06\/SAS_0529-768x512.jpg 768w, https:\/\/www.markt-kom.com\/wp-content\/uploads\/2025\/06\/SAS_0529-1536x1024.jpg 1536w, https:\/\/www.markt-kom.com\/wp-content\/uploads\/2025\/06\/SAS_0529-2048x1365.jpg 2048w, https:\/\/www.markt-kom.com\/wp-content\/uploads\/2025\/06\/SAS_0529-18x12.jpg 18w, https:\/\/www.markt-kom.com\/wp-content\/uploads\/2025\/06\/SAS_0529-263x175.jpg 263w, https:\/\/www.markt-kom.com\/wp-content\/uploads\/2025\/06\/SAS_0529-525x350.jpg 525w, https:\/\/www.markt-kom.com\/wp-content\/uploads\/2025\/06\/SAS_0529-1000x667.jpg 1000w\" alt=\"\" width=\"1300\" height=\"866\" \/><\/a>\r\n<figcaption id=\"caption-attachment-236818\" class=\"wp-caption-text\">Arthur Sadoun, Chairman &amp; CEO of Publicis Groupe (rechts) und Shantanu Narayen, Adobe Chair and CEO, Creative Champion of the Year, on stage am Cannes Lions Festival of Creativity.<\/figcaption>\r\n<\/figure>\r\n<p data-start=\"990\" data-end=\"1446\">Schon der Rahmen setzte ein Statement: Narayen wurde als erster \u201eCreative Champion of the Year\u201c ausgezeichnet \u2013 eine neue Ehrung, die jene Pers\u00f6nlichkeiten w\u00fcrdigt, die sich nachhaltig f\u00fcr die Bed\u00fcrfnisse Kreativer einsetzen. F\u00fcr Sadoun ist Narayen \u201eder einzige Tech-CEO, der verstanden hat, dass Kreativit\u00e4t durch Technologie nicht ersetzt, sondern verst\u00e4rkt wird\u201c. Andere Tech-Konzerne, so Sadoun s\u00fcffisant, wollten die K\u00e4fige der Kreativen \u201eauffressen\u201c.<\/p>\r\n<h3 data-start=\"1448\" data-end=\"1496\"><strong data-start=\"1448\" data-end=\"1496\">Der kreative Kern bleibt \u2013 auch in KI-Zeiten<\/strong><\/h3>\r\n<p data-start=\"1498\" data-end=\"1860\">Sadoun erinnerte an seine fr\u00fchen Cannes-Besuche vor 30 Jahren, als man stundenlang Filme sichtete. Heute, inmitten einer fragmentierten Medienlandschaft, gehe es mehr denn je darum, kreative Ideen zu entwickeln, die sich durchsetzen \u2013 kanal\u00fcbergreifend, emotional, relevant. \u201eWenn wir vergessen, dass es um die grosse Idee geht, werden wir irrelevant\u201c, so Sadoun.<\/p>\r\n<p data-start=\"1862\" data-end=\"2332\">Narayen stimmte zu: Jede technologische Z\u00e4sur \u2013 von PostScript bis Mobile und Cloud \u2013 habe Kreativit\u00e4t zug\u00e4nglicher gemacht. Der aktuelle KI-Schub sei nichts anderes als die n\u00e4chste Stufe dieser Demokratisierung. Adobe setze gezielt auf konversationelle Schnittstellen, die Kreativen helfen, die Angst vor dem leeren Blatt zu \u00fcberwinden \u2013 ohne die sch\u00f6pferische Leistung zu marginalisieren. \u201eEs geht nicht darum, Kreativit\u00e4t zu automatisieren, sondern sie zu entfalten.\u201c<\/p>\r\n<p data-start=\"1862\" data-end=\"2332\"><a href=\"https:\/\/www.markt-kom.com\/wp-content\/uploads\/2025\/06\/SAS_0626-scaled.jpg\"><img class=\"alignnone size-full wp-image-236819\" src=\"https:\/\/www.markt-kom.com\/wp-content\/uploads\/2025\/06\/SAS_0626-scaled.jpg\" sizes=\"(max-width: 1400px) 100vw, 1400px\" srcset=\"https:\/\/www.markt-kom.com\/wp-content\/uploads\/2025\/06\/SAS_0626-scaled.jpg 1300w, https:\/\/www.markt-kom.com\/wp-content\/uploads\/2025\/06\/SAS_0626-600x400.jpg 600w, https:\/\/www.markt-kom.com\/wp-content\/uploads\/2025\/06\/SAS_0626-1024x683.jpg 1024w, https:\/\/www.markt-kom.com\/wp-content\/uploads\/2025\/06\/SAS_0626-768x512.jpg 768w, https:\/\/www.markt-kom.com\/wp-content\/uploads\/2025\/06\/SAS_0626-1536x1024.jpg 1536w, https:\/\/www.markt-kom.com\/wp-content\/uploads\/2025\/06\/SAS_0626-2048x1365.jpg 2048w, https:\/\/www.markt-kom.com\/wp-content\/uploads\/2025\/06\/SAS_0626-18x12.jpg 18w, https:\/\/www.markt-kom.com\/wp-content\/uploads\/2025\/06\/SAS_0626-263x175.jpg 263w, https:\/\/www.markt-kom.com\/wp-content\/uploads\/2025\/06\/SAS_0626-525x350.jpg 525w, https:\/\/www.markt-kom.com\/wp-content\/uploads\/2025\/06\/SAS_0626-1000x667.jpg 1000w\" alt=\"\" width=\"1400\" height=\"933\" \/><\/a><\/p>\r\n<h3 data-start=\"2334\" data-end=\"2357\"><strong data-start=\"2334\" data-end=\"2357\">Handwerk statt Hype<\/strong><\/h3>\r\n<p data-start=\"2359\" data-end=\"2686\">Beide CEOs betonten: Es braucht solide Werkzeuge und strategische Klarheit. Narayen stellte Adobes KI-Modellarchitektur in vier Schichten vor \u2013 Daten, Modelle, Agenten und Interfaces \u2013 und unterstrich, dass Adobe ausschliesslich auf IP-gesicherte Daten zur\u00fcckgreift. Das sch\u00fctzt die Rechte der Kreativen und sorgt f\u00fcr Vertrauen.<\/p>\r\n<p data-start=\"2688\" data-end=\"3041\">Sadoun gab einen konkreten Einblick in den Alltag bei Publicis: KI diene dazu, Talente zu bef\u00e4higen \u2013 etwa einem jungen Kreativdirektor in Shanghai, am Super Bowl mitzuarbeiten. Dabei bleibe der Mensch das Zentrum. \u201eUnsere Branche hat das Potenzial, Technologie, Daten, Medien und Ideen auf einzigartige Weise zu verkn\u00fcpfen \u2013 das ist unsere Superpower.\u201c<\/p>\r\n<h3 data-start=\"3043\" data-end=\"3081\"><strong data-start=\"3043\" data-end=\"3081\">Orientierung im Plattformdschungel<\/strong><\/h3>\r\n<p data-start=\"3083\" data-end=\"3608\">Zentrale Schlagworte des Talks: Personalisierung und Differenzierung. Narayen betonte, dass Adobe die gesamte Customer Journey abdecke \u2013 von der Akquise bis zur Kundenbindung. Dabei sei klar: Die Daten geh\u00f6ren dem Kunden, nicht Adobe. Sadoun wiederum warnte vor den Limitierungen geschlossener Plattformen \u2013 den sogenannten \u201eWalled Gardens\u201c. Ohne offene Architekturen verliere Marketing seine Kraft zur Markenf\u00fchrung. Die Zukunft, so Sadoun, liege in einem Zusammenspiel aus Plattform, Dienstleistung und kreativer Exzellenz.<\/p>\r\n<h3 data-start=\"3610\" data-end=\"3659\"><strong data-start=\"3610\" data-end=\"3659\">Ein Appell f\u00fcr Mut, Emotion und junge F\u00fchrung<\/strong><\/h3>\r\n<p data-start=\"3661\" data-end=\"3948\">In einem pers\u00f6nlichen Schlenker bekannte sich Sadoun zur Jugend: \u201eWir m\u00fcssen ihnen die F\u00fchrung \u00fcberlassen \u2013 neue Ideen brauchen Platz.\u201c Narayen erg\u00e4nzte, dass Kreativit\u00e4t heute st\u00e4rker denn je mit Gesch\u00e4ftszielen verkn\u00fcpft werden m\u00fcsse, etwa durch eine ver\u00e4nderte Sprache in Unternehmen.<\/p>\r\n<h3 data-start=\"242\" data-end=\"305\"><strong data-start=\"242\" data-end=\"305\">Was Kreative jetzt brauchen \u2013 Sadouns Appell an die Branche<\/strong><\/h3>\r\n<p data-start=\"307\" data-end=\"676\">Trotz aller Technikliebe und digitalen Versprechen bleibt f\u00fcr Sadoun eines klar: <strong data-start=\"388\" data-end=\"423\">\u201eAm Ende z\u00e4hlt die grosse Idee.\u201c<\/strong> Und genau hier setzt sein Appell an die Kreativschaffenden an. Wer im Zeitalter von KI, Plattform\u00f6konomie und Attention-Wettbewerb bestehen wolle, m\u00fcsse den Mut haben, wieder f\u00fcr starke Konzepte einzustehen \u2013 kanal\u00fcbergreifend, durchdacht, mit Wirkung.<\/p>\r\n<p data-start=\"307\" data-end=\"676\"><a href=\"https:\/\/www.markt-kom.com\/wp-content\/uploads\/2025\/06\/SAS_0589-scaled.jpg\"><img class=\"alignnone size-full wp-image-236820\" src=\"https:\/\/www.markt-kom.com\/wp-content\/uploads\/2025\/06\/SAS_0589-scaled.jpg\" sizes=\"(max-width: 1400px) 100vw, 1400px\" srcset=\"https:\/\/www.markt-kom.com\/wp-content\/uploads\/2025\/06\/SAS_0589-scaled.jpg 1300w, https:\/\/www.markt-kom.com\/wp-content\/uploads\/2025\/06\/SAS_0589-600x400.jpg 600w, https:\/\/www.markt-kom.com\/wp-content\/uploads\/2025\/06\/SAS_0589-1024x683.jpg 1024w, https:\/\/www.markt-kom.com\/wp-content\/uploads\/2025\/06\/SAS_0589-768x512.jpg 768w, https:\/\/www.markt-kom.com\/wp-content\/uploads\/2025\/06\/SAS_0589-1536x1024.jpg 1536w, https:\/\/www.markt-kom.com\/wp-content\/uploads\/2025\/06\/SAS_0589-2048x1365.jpg 2048w, https:\/\/www.markt-kom.com\/wp-content\/uploads\/2025\/06\/SAS_0589-18x12.jpg 18w, https:\/\/www.markt-kom.com\/wp-content\/uploads\/2025\/06\/SAS_0589-263x175.jpg 263w, https:\/\/www.markt-kom.com\/wp-content\/uploads\/2025\/06\/SAS_0589-525x350.jpg 525w, https:\/\/www.markt-kom.com\/wp-content\/uploads\/2025\/06\/SAS_0589-1000x667.jpg 1000w\" alt=\"\" width=\"1400\" height=\"933\" \/><\/a><\/p>\r\n<h3 data-start=\"678\" data-end=\"750\"><strong data-start=\"678\" data-end=\"750\">Sadouns wichtigste Tipps f\u00fcr kreative Exzellenz in komplexen Zeiten:<\/strong><\/h3>\r\n<ol data-start=\"752\" data-end=\"1622\">\r\n\t<li data-start=\"752\" data-end=\"921\">\r\n<p data-start=\"755\" data-end=\"921\"><strong data-start=\"755\" data-end=\"800\">Verzettelt euch nicht in Einzelmassnahmen.<\/strong> Gute Ideen sind keine One-Touch-Wunder, sondern m\u00fcssen in der Lage sein, sich durch ganze Medien\u00f6kosysteme zu entfalten.<\/p>\r\n<\/li>\r\n\t<li data-start=\"922\" data-end=\"1090\">\r\n<p data-start=\"925\" data-end=\"1090\"><strong data-start=\"925\" data-end=\"975\">Nutzt Technologie als Hebel, nicht als Ersatz.<\/strong> KI kann helfen, mehr Menschen Zugang zu guten Ideen zu verschaffen \u2013 sie soll aber nie der Ursprung der Idee sein.<\/p>\r\n<\/li>\r\n\t<li data-start=\"1091\" data-end=\"1274\">\r\n<p data-start=\"1094\" data-end=\"1274\"><strong data-start=\"1094\" data-end=\"1114\">Bleibt unbequem.<\/strong> Sadoun warnt vor kreativer Bequemlichkeit und warnt: \u201eWenn wir faul werden und vergessen, dass alles mit einer durchschlagenden Idee beginnt, gehen wir unter.\u201c<\/p>\r\n<\/li>\r\n\t<li data-start=\"1275\" data-end=\"1460\">\r\n<p data-start=\"1278\" data-end=\"1460\"><strong data-start=\"1278\" data-end=\"1317\">Arbeitet wie Plattform-Architekten.<\/strong> Kreative sollten mehr denn je verstehen, wie Content \u00fcber Plattformen hinweg funktioniert \u2013 nicht nur gestalterisch, sondern auch strategisch.<\/p>\r\n<\/li>\r\n\t<li data-start=\"1461\" data-end=\"1622\">\r\n<p data-start=\"1464\" data-end=\"1622\"><strong data-start=\"1464\" data-end=\"1493\">Verlasst die Komfortzone.<\/strong> Sadoun betont, dass Kreativit\u00e4t oft dort entsteht, wo es knirscht \u2013 nicht im Algorithmus, sondern im echten, emotionalen Moment.<\/p>\r\n<\/li>\r\n<\/ol>\r\n<p data-start=\"1624\" data-end=\"1868\">Auch Shantanu Narayen richtet sich mit einem Impuls an Kreative: <strong data-start=\"1689\" data-end=\"1737\">\u201eDemokratisierung heisst nicht Beliebigkeit.\u201c<\/strong> Gerade im Zeitalter konversationeller Interfaces gelte es, die eigene Handschrift zu bewahren. KI sei ein Sprungbrett \u2013 kein Ziel.<\/p>\r\n<p data-start=\"1624\" data-end=\"1868\"><a href=\"https:\/\/www.markt-kom.com\/wp-content\/uploads\/2025\/06\/SAS_0621-scaled.jpg\"><img class=\"alignnone size-full wp-image-236821\" src=\"https:\/\/www.markt-kom.com\/wp-content\/uploads\/2025\/06\/SAS_0621-scaled.jpg\" sizes=\"(max-width: 1400px) 100vw, 1400px\" srcset=\"https:\/\/www.markt-kom.com\/wp-content\/uploads\/2025\/06\/SAS_0621-scaled.jpg 1300w, https:\/\/www.markt-kom.com\/wp-content\/uploads\/2025\/06\/SAS_0621-600x400.jpg 600w, https:\/\/www.markt-kom.com\/wp-content\/uploads\/2025\/06\/SAS_0621-1024x683.jpg 1024w, https:\/\/www.markt-kom.com\/wp-content\/uploads\/2025\/06\/SAS_0621-768x512.jpg 768w, https:\/\/www.markt-kom.com\/wp-content\/uploads\/2025\/06\/SAS_0621-1536x1024.jpg 1536w, https:\/\/www.markt-kom.com\/wp-content\/uploads\/2025\/06\/SAS_0621-2048x1365.jpg 2048w, https:\/\/www.markt-kom.com\/wp-content\/uploads\/2025\/06\/SAS_0621-18x12.jpg 18w, https:\/\/www.markt-kom.com\/wp-content\/uploads\/2025\/06\/SAS_0621-263x175.jpg 263w, https:\/\/www.markt-kom.com\/wp-content\/uploads\/2025\/06\/SAS_0621-525x350.jpg 525w, https:\/\/www.markt-kom.com\/wp-content\/uploads\/2025\/06\/SAS_0621-1000x667.jpg 1000w\" alt=\"\" width=\"1400\" height=\"933\" \/><\/a><\/p>\r\n<p data-start=\"3950\" data-end=\"4346\">Die wichtigste Frage stellte Sadoun zum Schluss: \u201eWie schaffen wir es, die Energie dieses Festivals in den Alltag am Montag zu tragen?\u201c Eine Frage, die wie ein Spiegel in Richtung Branche wirkt \u2013 und deren Antwort vielleicht in der Haltung beider CEOs liegt: Kreativit\u00e4t ist kein nostalgisches Ideal, sondern ein lebendiger Muskel, der trainiert werden muss \u2013 mit Technologie, aber nie ohne Herz.<\/p>\r\n<hr \/>\r\n<p data-start=\"4405\" data-end=\"4822\"><strong data-start=\"4405\" data-end=\"4422\">\u00dcber Arthur Sadoun<\/strong><br data-start=\"4422\" data-end=\"4425\" \/>\r\nChairman &amp; CEO, Publicis Groupe. Der Franzose begann als Unternehmer in Chile, bevor er 1999 zu TBWA stie\u00df. Nach Stationen bei Publicis Conseil und Publicis Worldwide wurde er 2017 CEO der Groupe. Unter seiner F\u00fchrung wandelte sich Publicis zum global f\u00fchrenden Player f\u00fcr Business-Transformation. 2022 machte er seine Krebserkrankung \u00f6ffentlich und lancierte die Initiative \u00abWorking with Cancer\u00bb.<\/p>\r\n<p data-start=\"4824\" data-end=\"5205\"><strong data-start=\"4824\" data-end=\"4844\">\u00dcber Shantanu Narayen<\/strong><br data-start=\"4844\" data-end=\"4847\" \/>\r\nChair &amp; CEO, Adobe. Narayen f\u00fchrte Adobe durch die Transformation vom Softwareanbieter zur Experience-Plattform. Unter seiner \u00c4gide wurden Cloud und KI strategisch verankert. Narayen wurde 2025 als erster \u00abCreative Champion of the Year\u00bb ausgezeichnet \u2013 f\u00fcr seinen Beitrag zur Demokratisierung kreativer Werkzeuge und zur Verbindung von Kunst und Technologie.<\/p>","protected":false},"excerpt":{"rendered":"<p>Beim Cannes Lions Festival 2025 trafen mit Arthur Sadoun (Publicis) und Shantanu Narayen (Adobe) zwei Branchenf\u00fchrer aufeinander, die sich einig sind: Kreativit\u00e4t ist das Herz des Wandels. In ihrem Talk zeigten sie, wie Technologie Kreative bef\u00e4higen kann \u2013 und was es braucht, damit gute Werbung auch im Zeitalter von KI relevant bleibt.<\/p>\n","protected":false},"author":8,"featured_media":0,"comment_status":"closed","ping_status":"closed","sticky":false,"template":"","format":"standard","meta":{"_acf_changed":false,"_yoast_wpseo_focuskw":"Publicis","_yoast_wpseo_metadesc":"Beim Cannes Lions Festival 2025 trafen mit Arthur Sadoun (Publicis) und Shantanu Narayen (Adobe) zwei Schwergewichte der Branche aufeinander.","articlekey":"","footnotes":""},"categories":[29],"tags":[3618,5438,2992,4483,4343,3332,5439],"class_list":["post-39368","post","type-post","status-publish","format-standard","hentry","category-marketing","tag-adobe","tag-arthur-sadoun","tag-cannes-lions-festival","tag-kreativity","tag-markom","tag-publicis","tag-shantanu-narayen"],"acf":[],"yoast_head":"<!-- This site is optimized with the Yoast SEO plugin v27.5 - https:\/\/yoast.com\/product\/yoast-seo-wordpress\/ -->\n<title>\u00abDie grosse Idee z\u00e4hlt\u00bb: Publicis-CEO Sadoun und Adobe-CEO Narayen \u00fcber kreative F\u00fchrungsarbeit in Zeiten von KI und Plattformmacht - Organisator<\/title>\n<meta name=\"description\" content=\"Beim Cannes Lions Festival 2025 trafen mit Arthur Sadoun (Publicis) und Shantanu Narayen (Adobe) zwei Schwergewichte der Branche aufeinander.\" \/>\n<meta name=\"robots\" content=\"index, follow, max-snippet:-1, max-image-preview:large, max-video-preview:-1\" \/>\n<link rel=\"canonical\" href=\"https:\/\/www.organisator.ch\/de\/marketing\/2025-07-01\/die-grosse-idee-zaehlt-publicis-ceo-sadoun-und-adobe-ceo-narayen-ueber-kreative-fuehrungsarbeit-in-zeiten-von-ki-und-plattformmacht\/\" \/>\n<meta property=\"og:locale\" content=\"de_DE\" \/>\n<meta property=\"og:type\" content=\"article\" \/>\n<meta property=\"og:title\" content=\"\u00abDie grosse Idee z\u00e4hlt\u00bb: Publicis-CEO Sadoun und Adobe-CEO Narayen \u00fcber kreative F\u00fchrungsarbeit in Zeiten von KI und Plattformmacht - Organisator\" \/>\n<meta property=\"og:description\" content=\"Beim Cannes Lions Festival 2025 trafen mit Arthur Sadoun (Publicis) und Shantanu Narayen (Adobe) zwei Schwergewichte der Branche aufeinander.\" \/>\n<meta property=\"og:url\" content=\"https:\/\/www.organisator.ch\/de\/marketing\/2025-07-01\/die-grosse-idee-zaehlt-publicis-ceo-sadoun-und-adobe-ceo-narayen-ueber-kreative-fuehrungsarbeit-in-zeiten-von-ki-und-plattformmacht\/\" \/>\n<meta property=\"og:site_name\" content=\"Organisator\" \/>\n<meta property=\"article:publisher\" content=\"https:\/\/www.facebook.com\/OrganisatorFachmagazin\" \/>\n<meta property=\"article:published_time\" content=\"2025-07-01T12:35:22+00:00\" \/>\n<meta property=\"article:modified_time\" content=\"2025-09-09T06:35:16+00:00\" \/>\n<meta name=\"author\" content=\"galledia\" \/>\n<meta name=\"twitter:card\" content=\"summary_large_image\" \/>\n<meta name=\"twitter:creator\" content=\"@admin\" \/>\n<script type=\"application\/ld+json\" class=\"yoast-schema-graph\">{\"@context\":\"https:\\\/\\\/schema.org\",\"@graph\":[{\"@type\":\"Article\",\"@id\":\"https:\\\/\\\/www.organisator.ch\\\/marketing\\\/2025-07-01\\\/die-grosse-idee-zaehlt-publicis-ceo-sadoun-und-adobe-ceo-narayen-ueber-kreative-fuehrungsarbeit-in-zeiten-von-ki-und-plattformmacht\\\/#article\",\"isPartOf\":{\"@id\":\"https:\\\/\\\/www.organisator.ch\\\/marketing\\\/2025-07-01\\\/die-grosse-idee-zaehlt-publicis-ceo-sadoun-und-adobe-ceo-narayen-ueber-kreative-fuehrungsarbeit-in-zeiten-von-ki-und-plattformmacht\\\/\"},\"author\":{\"name\":\"galledia\",\"@id\":\"https:\\\/\\\/www.organisator.ch\\\/#\\\/schema\\\/person\\\/4e51799071cd2dd1232ac003643ef5f0\"},\"headline\":\"\u00abDie grosse Idee z\u00e4hlt\u00bb: Publicis-CEO Sadoun und Adobe-CEO Narayen \u00fcber kreative F\u00fchrungsarbeit in Zeiten von KI und Plattformmacht\",\"datePublished\":\"2025-07-01T12:35:22+00:00\",\"dateModified\":\"2025-09-09T06:35:16+00:00\",\"mainEntityOfPage\":{\"@id\":\"https:\\\/\\\/www.organisator.ch\\\/marketing\\\/2025-07-01\\\/die-grosse-idee-zaehlt-publicis-ceo-sadoun-und-adobe-ceo-narayen-ueber-kreative-fuehrungsarbeit-in-zeiten-von-ki-und-plattformmacht\\\/\"},\"wordCount\":964,\"publisher\":{\"@id\":\"https:\\\/\\\/www.organisator.ch\\\/#organization\"},\"image\":{\"@id\":\"https:\\\/\\\/www.organisator.ch\\\/marketing\\\/2025-07-01\\\/die-grosse-idee-zaehlt-publicis-ceo-sadoun-und-adobe-ceo-narayen-ueber-kreative-fuehrungsarbeit-in-zeiten-von-ki-und-plattformmacht\\\/#primaryimage\"},\"thumbnailUrl\":\"https:\\\/\\\/www.markt-kom.com\\\/wp-content\\\/uploads\\\/2025\\\/06\\\/SAS_0556-scaled.jpg\",\"keywords\":[\"Adobe\",\"Arthur Sadoun\",\"Cannes Lions Festival\",\"Kreativity\",\"MarKom\",\"Publicis\",\"Shantanu Narayen\"],\"articleSection\":[\"MARKETING\"],\"inLanguage\":\"de\"},{\"@type\":\"WebPage\",\"@id\":\"https:\\\/\\\/www.organisator.ch\\\/marketing\\\/2025-07-01\\\/die-grosse-idee-zaehlt-publicis-ceo-sadoun-und-adobe-ceo-narayen-ueber-kreative-fuehrungsarbeit-in-zeiten-von-ki-und-plattformmacht\\\/\",\"url\":\"https:\\\/\\\/www.organisator.ch\\\/marketing\\\/2025-07-01\\\/die-grosse-idee-zaehlt-publicis-ceo-sadoun-und-adobe-ceo-narayen-ueber-kreative-fuehrungsarbeit-in-zeiten-von-ki-und-plattformmacht\\\/\",\"name\":\"\u00abDie grosse Idee z\u00e4hlt\u00bb: Publicis-CEO Sadoun und Adobe-CEO Narayen \u00fcber kreative F\u00fchrungsarbeit in Zeiten von KI und Plattformmacht - Organisator\",\"isPartOf\":{\"@id\":\"https:\\\/\\\/www.organisator.ch\\\/#website\"},\"primaryImageOfPage\":{\"@id\":\"https:\\\/\\\/www.organisator.ch\\\/marketing\\\/2025-07-01\\\/die-grosse-idee-zaehlt-publicis-ceo-sadoun-und-adobe-ceo-narayen-ueber-kreative-fuehrungsarbeit-in-zeiten-von-ki-und-plattformmacht\\\/#primaryimage\"},\"image\":{\"@id\":\"https:\\\/\\\/www.organisator.ch\\\/marketing\\\/2025-07-01\\\/die-grosse-idee-zaehlt-publicis-ceo-sadoun-und-adobe-ceo-narayen-ueber-kreative-fuehrungsarbeit-in-zeiten-von-ki-und-plattformmacht\\\/#primaryimage\"},\"thumbnailUrl\":\"https:\\\/\\\/www.markt-kom.com\\\/wp-content\\\/uploads\\\/2025\\\/06\\\/SAS_0556-scaled.jpg\",\"datePublished\":\"2025-07-01T12:35:22+00:00\",\"dateModified\":\"2025-09-09T06:35:16+00:00\",\"description\":\"Beim Cannes Lions Festival 2025 trafen mit Arthur Sadoun (Publicis) und Shantanu Narayen (Adobe) zwei Schwergewichte der Branche aufeinander.\",\"breadcrumb\":{\"@id\":\"https:\\\/\\\/www.organisator.ch\\\/marketing\\\/2025-07-01\\\/die-grosse-idee-zaehlt-publicis-ceo-sadoun-und-adobe-ceo-narayen-ueber-kreative-fuehrungsarbeit-in-zeiten-von-ki-und-plattformmacht\\\/#breadcrumb\"},\"inLanguage\":\"de\",\"potentialAction\":[{\"@type\":\"ReadAction\",\"target\":[\"https:\\\/\\\/www.organisator.ch\\\/marketing\\\/2025-07-01\\\/die-grosse-idee-zaehlt-publicis-ceo-sadoun-und-adobe-ceo-narayen-ueber-kreative-fuehrungsarbeit-in-zeiten-von-ki-und-plattformmacht\\\/\"]}]},{\"@type\":\"ImageObject\",\"inLanguage\":\"de\",\"@id\":\"https:\\\/\\\/www.organisator.ch\\\/marketing\\\/2025-07-01\\\/die-grosse-idee-zaehlt-publicis-ceo-sadoun-und-adobe-ceo-narayen-ueber-kreative-fuehrungsarbeit-in-zeiten-von-ki-und-plattformmacht\\\/#primaryimage\",\"url\":\"https:\\\/\\\/www.markt-kom.com\\\/wp-content\\\/uploads\\\/2025\\\/06\\\/SAS_0556-scaled.jpg\",\"contentUrl\":\"https:\\\/\\\/www.markt-kom.com\\\/wp-content\\\/uploads\\\/2025\\\/06\\\/SAS_0556-scaled.jpg\"},{\"@type\":\"BreadcrumbList\",\"@id\":\"https:\\\/\\\/www.organisator.ch\\\/marketing\\\/2025-07-01\\\/die-grosse-idee-zaehlt-publicis-ceo-sadoun-und-adobe-ceo-narayen-ueber-kreative-fuehrungsarbeit-in-zeiten-von-ki-und-plattformmacht\\\/#breadcrumb\",\"itemListElement\":[{\"@type\":\"ListItem\",\"position\":1,\"name\":\"Home\",\"item\":\"https:\\\/\\\/www.organisator.ch\\\/\"},{\"@type\":\"ListItem\",\"position\":2,\"name\":\"\u00abDie grosse Idee z\u00e4hlt\u00bb: Publicis-CEO Sadoun und Adobe-CEO Narayen \u00fcber kreative F\u00fchrungsarbeit in Zeiten von KI und Plattformmacht\"}]},{\"@type\":\"WebSite\",\"@id\":\"https:\\\/\\\/www.organisator.ch\\\/#website\",\"url\":\"https:\\\/\\\/www.organisator.ch\\\/\",\"name\":\"Organisator\",\"description\":\"Kompetent. Praxisnah. Der ORGANISATOR bereitet in 10 Ausgaben pro Jahr die wesentlichen Themen f\u00fcr F\u00fchrungskr\u00e4fte von KMU auf.\",\"publisher\":{\"@id\":\"https:\\\/\\\/www.organisator.ch\\\/#organization\"},\"potentialAction\":[{\"@type\":\"SearchAction\",\"target\":{\"@type\":\"EntryPoint\",\"urlTemplate\":\"https:\\\/\\\/www.organisator.ch\\\/?s={search_term_string}\"},\"query-input\":{\"@type\":\"PropertyValueSpecification\",\"valueRequired\":true,\"valueName\":\"search_term_string\"}}],\"inLanguage\":\"de\"},{\"@type\":\"Organization\",\"@id\":\"https:\\\/\\\/www.organisator.ch\\\/#organization\",\"name\":\"Organisator\",\"url\":\"https:\\\/\\\/www.organisator.ch\\\/\",\"logo\":{\"@type\":\"ImageObject\",\"inLanguage\":\"de\",\"@id\":\"https:\\\/\\\/www.organisator.ch\\\/#\\\/schema\\\/logo\\\/image\\\/\",\"url\":\"https:\\\/\\\/www.organisator.ch\\\/wp-content\\\/uploads\\\/2022\\\/01\\\/Logo_Organisator_Website.png\",\"contentUrl\":\"https:\\\/\\\/www.organisator.ch\\\/wp-content\\\/uploads\\\/2022\\\/01\\\/Logo_Organisator_Website.png\",\"width\":800,\"height\":77,\"caption\":\"Organisator\"},\"image\":{\"@id\":\"https:\\\/\\\/www.organisator.ch\\\/#\\\/schema\\\/logo\\\/image\\\/\"},\"sameAs\":[\"https:\\\/\\\/www.facebook.com\\\/OrganisatorFachmagazin\",\"https:\\\/\\\/www.linkedin.com\\\/showcase\\\/organisator-das-magazin-fr-kmu\",\"https:\\\/\\\/www.xing.com\\\/news\\\/pages\\\/organisator-ch-695\",\"https:\\\/\\\/www.youtube.com\\\/channel\\\/UCGP2Sq0iWaZwT3BdIAQFYpw\"]},{\"@type\":\"Person\",\"@id\":\"https:\\\/\\\/www.organisator.ch\\\/#\\\/schema\\\/person\\\/4e51799071cd2dd1232ac003643ef5f0\",\"name\":\"galledia\",\"image\":{\"@type\":\"ImageObject\",\"inLanguage\":\"de\",\"@id\":\"https:\\\/\\\/secure.gravatar.com\\\/avatar\\\/78a7f90c01fc2bfc875782a0d4922b37cde2cf184ce347b91316d23cd7f69a36?s=96&d=mm&r=g\",\"url\":\"https:\\\/\\\/secure.gravatar.com\\\/avatar\\\/78a7f90c01fc2bfc875782a0d4922b37cde2cf184ce347b91316d23cd7f69a36?s=96&d=mm&r=g\",\"contentUrl\":\"https:\\\/\\\/secure.gravatar.com\\\/avatar\\\/78a7f90c01fc2bfc875782a0d4922b37cde2cf184ce347b91316d23cd7f69a36?s=96&d=mm&r=g\",\"caption\":\"galledia\"},\"sameAs\":[\"https:\\\/\\\/x.com\\\/admin\"],\"url\":\"https:\\\/\\\/www.organisator.ch\\\/de\\\/author\\\/galledia\\\/\"}]}<\/script>\n<!-- \/ Yoast SEO plugin. -->","yoast_head_json":{"title":"\u00abDie grosse Idee z\u00e4hlt\u00bb: Publicis-CEO Sadoun und Adobe-CEO Narayen \u00fcber kreative F\u00fchrungsarbeit in Zeiten von KI und Plattformmacht - Organisator","description":"Beim Cannes Lions Festival 2025 trafen mit Arthur Sadoun (Publicis) und Shantanu Narayen (Adobe) zwei Schwergewichte der Branche aufeinander.","robots":{"index":"index","follow":"follow","max-snippet":"max-snippet:-1","max-image-preview":"max-image-preview:large","max-video-preview":"max-video-preview:-1"},"canonical":"https:\/\/www.organisator.ch\/de\/marketing\/2025-07-01\/die-grosse-idee-zaehlt-publicis-ceo-sadoun-und-adobe-ceo-narayen-ueber-kreative-fuehrungsarbeit-in-zeiten-von-ki-und-plattformmacht\/","og_locale":"de_DE","og_type":"article","og_title":"\u00abDie grosse Idee z\u00e4hlt\u00bb: Publicis-CEO Sadoun und Adobe-CEO Narayen \u00fcber kreative F\u00fchrungsarbeit in Zeiten von KI und Plattformmacht - Organisator","og_description":"Beim Cannes Lions Festival 2025 trafen mit Arthur Sadoun (Publicis) und Shantanu Narayen (Adobe) zwei Schwergewichte der Branche aufeinander.","og_url":"https:\/\/www.organisator.ch\/de\/marketing\/2025-07-01\/die-grosse-idee-zaehlt-publicis-ceo-sadoun-und-adobe-ceo-narayen-ueber-kreative-fuehrungsarbeit-in-zeiten-von-ki-und-plattformmacht\/","og_site_name":"Organisator","article_publisher":"https:\/\/www.facebook.com\/OrganisatorFachmagazin","article_published_time":"2025-07-01T12:35:22+00:00","article_modified_time":"2025-09-09T06:35:16+00:00","author":"galledia","twitter_card":"summary_large_image","twitter_creator":"@admin","schema":{"@context":"https:\/\/schema.org","@graph":[{"@type":"Article","@id":"https:\/\/www.organisator.ch\/marketing\/2025-07-01\/die-grosse-idee-zaehlt-publicis-ceo-sadoun-und-adobe-ceo-narayen-ueber-kreative-fuehrungsarbeit-in-zeiten-von-ki-und-plattformmacht\/#article","isPartOf":{"@id":"https:\/\/www.organisator.ch\/marketing\/2025-07-01\/die-grosse-idee-zaehlt-publicis-ceo-sadoun-und-adobe-ceo-narayen-ueber-kreative-fuehrungsarbeit-in-zeiten-von-ki-und-plattformmacht\/"},"author":{"name":"galledia","@id":"https:\/\/www.organisator.ch\/#\/schema\/person\/4e51799071cd2dd1232ac003643ef5f0"},"headline":"\u00abDie grosse Idee z\u00e4hlt\u00bb: Publicis-CEO Sadoun und Adobe-CEO Narayen \u00fcber kreative F\u00fchrungsarbeit in Zeiten von KI und Plattformmacht","datePublished":"2025-07-01T12:35:22+00:00","dateModified":"2025-09-09T06:35:16+00:00","mainEntityOfPage":{"@id":"https:\/\/www.organisator.ch\/marketing\/2025-07-01\/die-grosse-idee-zaehlt-publicis-ceo-sadoun-und-adobe-ceo-narayen-ueber-kreative-fuehrungsarbeit-in-zeiten-von-ki-und-plattformmacht\/"},"wordCount":964,"publisher":{"@id":"https:\/\/www.organisator.ch\/#organization"},"image":{"@id":"https:\/\/www.organisator.ch\/marketing\/2025-07-01\/die-grosse-idee-zaehlt-publicis-ceo-sadoun-und-adobe-ceo-narayen-ueber-kreative-fuehrungsarbeit-in-zeiten-von-ki-und-plattformmacht\/#primaryimage"},"thumbnailUrl":"https:\/\/www.markt-kom.com\/wp-content\/uploads\/2025\/06\/SAS_0556-scaled.jpg","keywords":["Adobe","Arthur Sadoun","Cannes Lions Festival","Kreativity","MarKom","Publicis","Shantanu Narayen"],"articleSection":["MARKETING"],"inLanguage":"de"},{"@type":"WebPage","@id":"https:\/\/www.organisator.ch\/marketing\/2025-07-01\/die-grosse-idee-zaehlt-publicis-ceo-sadoun-und-adobe-ceo-narayen-ueber-kreative-fuehrungsarbeit-in-zeiten-von-ki-und-plattformmacht\/","url":"https:\/\/www.organisator.ch\/marketing\/2025-07-01\/die-grosse-idee-zaehlt-publicis-ceo-sadoun-und-adobe-ceo-narayen-ueber-kreative-fuehrungsarbeit-in-zeiten-von-ki-und-plattformmacht\/","name":"\u00abDie grosse Idee z\u00e4hlt\u00bb: Publicis-CEO Sadoun und Adobe-CEO Narayen \u00fcber kreative F\u00fchrungsarbeit in Zeiten von KI und Plattformmacht - Organisator","isPartOf":{"@id":"https:\/\/www.organisator.ch\/#website"},"primaryImageOfPage":{"@id":"https:\/\/www.organisator.ch\/marketing\/2025-07-01\/die-grosse-idee-zaehlt-publicis-ceo-sadoun-und-adobe-ceo-narayen-ueber-kreative-fuehrungsarbeit-in-zeiten-von-ki-und-plattformmacht\/#primaryimage"},"image":{"@id":"https:\/\/www.organisator.ch\/marketing\/2025-07-01\/die-grosse-idee-zaehlt-publicis-ceo-sadoun-und-adobe-ceo-narayen-ueber-kreative-fuehrungsarbeit-in-zeiten-von-ki-und-plattformmacht\/#primaryimage"},"thumbnailUrl":"https:\/\/www.markt-kom.com\/wp-content\/uploads\/2025\/06\/SAS_0556-scaled.jpg","datePublished":"2025-07-01T12:35:22+00:00","dateModified":"2025-09-09T06:35:16+00:00","description":"Beim Cannes Lions Festival 2025 trafen mit Arthur Sadoun (Publicis) und Shantanu Narayen (Adobe) zwei Schwergewichte der Branche aufeinander.","breadcrumb":{"@id":"https:\/\/www.organisator.ch\/marketing\/2025-07-01\/die-grosse-idee-zaehlt-publicis-ceo-sadoun-und-adobe-ceo-narayen-ueber-kreative-fuehrungsarbeit-in-zeiten-von-ki-und-plattformmacht\/#breadcrumb"},"inLanguage":"de","potentialAction":[{"@type":"ReadAction","target":["https:\/\/www.organisator.ch\/marketing\/2025-07-01\/die-grosse-idee-zaehlt-publicis-ceo-sadoun-und-adobe-ceo-narayen-ueber-kreative-fuehrungsarbeit-in-zeiten-von-ki-und-plattformmacht\/"]}]},{"@type":"ImageObject","inLanguage":"de","@id":"https:\/\/www.organisator.ch\/marketing\/2025-07-01\/die-grosse-idee-zaehlt-publicis-ceo-sadoun-und-adobe-ceo-narayen-ueber-kreative-fuehrungsarbeit-in-zeiten-von-ki-und-plattformmacht\/#primaryimage","url":"https:\/\/www.markt-kom.com\/wp-content\/uploads\/2025\/06\/SAS_0556-scaled.jpg","contentUrl":"https:\/\/www.markt-kom.com\/wp-content\/uploads\/2025\/06\/SAS_0556-scaled.jpg"},{"@type":"BreadcrumbList","@id":"https:\/\/www.organisator.ch\/marketing\/2025-07-01\/die-grosse-idee-zaehlt-publicis-ceo-sadoun-und-adobe-ceo-narayen-ueber-kreative-fuehrungsarbeit-in-zeiten-von-ki-und-plattformmacht\/#breadcrumb","itemListElement":[{"@type":"ListItem","position":1,"name":"Home","item":"https:\/\/www.organisator.ch\/"},{"@type":"ListItem","position":2,"name":"\u00abDie grosse Idee z\u00e4hlt\u00bb: Publicis-CEO Sadoun und Adobe-CEO Narayen \u00fcber kreative F\u00fchrungsarbeit in Zeiten von KI und Plattformmacht"}]},{"@type":"WebSite","@id":"https:\/\/www.organisator.ch\/#website","url":"https:\/\/www.organisator.ch\/","name":"Organisator","description":"Kompetent. Praxisnah. Der ORGANISATOR bereitet in 10 Ausgaben pro Jahr die wesentlichen Themen f\u00fcr F\u00fchrungskr\u00e4fte von KMU auf.","publisher":{"@id":"https:\/\/www.organisator.ch\/#organization"},"potentialAction":[{"@type":"SearchAction","target":{"@type":"EntryPoint","urlTemplate":"https:\/\/www.organisator.ch\/?s={search_term_string}"},"query-input":{"@type":"PropertyValueSpecification","valueRequired":true,"valueName":"search_term_string"}}],"inLanguage":"de"},{"@type":"Organization","@id":"https:\/\/www.organisator.ch\/#organization","name":"Organisator","url":"https:\/\/www.organisator.ch\/","logo":{"@type":"ImageObject","inLanguage":"de","@id":"https:\/\/www.organisator.ch\/#\/schema\/logo\/image\/","url":"https:\/\/www.organisator.ch\/wp-content\/uploads\/2022\/01\/Logo_Organisator_Website.png","contentUrl":"https:\/\/www.organisator.ch\/wp-content\/uploads\/2022\/01\/Logo_Organisator_Website.png","width":800,"height":77,"caption":"Organisator"},"image":{"@id":"https:\/\/www.organisator.ch\/#\/schema\/logo\/image\/"},"sameAs":["https:\/\/www.facebook.com\/OrganisatorFachmagazin","https:\/\/www.linkedin.com\/showcase\/organisator-das-magazin-fr-kmu","https:\/\/www.xing.com\/news\/pages\/organisator-ch-695","https:\/\/www.youtube.com\/channel\/UCGP2Sq0iWaZwT3BdIAQFYpw"]},{"@type":"Person","@id":"https:\/\/www.organisator.ch\/#\/schema\/person\/4e51799071cd2dd1232ac003643ef5f0","name":"galledia","image":{"@type":"ImageObject","inLanguage":"de","@id":"https:\/\/secure.gravatar.com\/avatar\/78a7f90c01fc2bfc875782a0d4922b37cde2cf184ce347b91316d23cd7f69a36?s=96&d=mm&r=g","url":"https:\/\/secure.gravatar.com\/avatar\/78a7f90c01fc2bfc875782a0d4922b37cde2cf184ce347b91316d23cd7f69a36?s=96&d=mm&r=g","contentUrl":"https:\/\/secure.gravatar.com\/avatar\/78a7f90c01fc2bfc875782a0d4922b37cde2cf184ce347b91316d23cd7f69a36?s=96&d=mm&r=g","caption":"galledia"},"sameAs":["https:\/\/x.com\/admin"],"url":"https:\/\/www.organisator.ch\/de\/author\/galledia\/"}]}},"_links":{"self":[{"href":"https:\/\/www.organisator.ch\/de\/wp-json\/wp\/v2\/posts\/39368","targetHints":{"allow":["GET"]}}],"collection":[{"href":"https:\/\/www.organisator.ch\/de\/wp-json\/wp\/v2\/posts"}],"about":[{"href":"https:\/\/www.organisator.ch\/de\/wp-json\/wp\/v2\/types\/post"}],"author":[{"embeddable":true,"href":"https:\/\/www.organisator.ch\/de\/wp-json\/wp\/v2\/users\/8"}],"replies":[{"embeddable":true,"href":"https:\/\/www.organisator.ch\/de\/wp-json\/wp\/v2\/comments?post=39368"}],"version-history":[{"count":4,"href":"https:\/\/www.organisator.ch\/de\/wp-json\/wp\/v2\/posts\/39368\/revisions"}],"predecessor-version":[{"id":39436,"href":"https:\/\/www.organisator.ch\/de\/wp-json\/wp\/v2\/posts\/39368\/revisions\/39436"}],"wp:attachment":[{"href":"https:\/\/www.organisator.ch\/de\/wp-json\/wp\/v2\/media?parent=39368"}],"wp:term":[{"taxonomy":"category","embeddable":true,"href":"https:\/\/www.organisator.ch\/de\/wp-json\/wp\/v2\/categories?post=39368"},{"taxonomy":"post_tag","embeddable":true,"href":"https:\/\/www.organisator.ch\/de\/wp-json\/wp\/v2\/tags?post=39368"}],"curies":[{"name":"wp","href":"https:\/\/api.w.org\/{rel}","templated":true}]}}