{"id":394,"date":"2016-07-06T16:29:09","date_gmt":"2016-07-06T14:29:09","guid":{"rendered":"https:\/\/dev.umweltperspektiven.ch\/?p=394"},"modified":"2022-02-09T11:06:24","modified_gmt":"2022-02-09T10:06:24","slug":"benoit-revaz-wird-neuer-direktor-des-bfe","status":"publish","type":"post","link":"https:\/\/www.organisator.ch\/de\/sustainability\/2016-07-06\/benoit-revaz-wird-neuer-direktor-des-bfe\/","title":{"rendered":"Beno\u00eet Revaz wird neuer Direktor des BFE"},"content":{"rendered":"<figure id=\"attachment_395\" aria-describedby=\"caption-attachment-395\" style=\"width: 357px\" class=\"wp-caption alignnone\"><a href=\"\/\/dev.umweltperspektiven.ch\/wp-content\/uploads\/2016\/12\/Beno\u00eet-Revaz-wird-neuer-Direktor-des-BFE-umweltperspektiven.jpg\"><img loading=\"lazy\" decoding=\"async\" class=\"size-full wp-image-395\" src=\"\/\/dev.umweltperspektiven.ch\/wp-content\/uploads\/2016\/12\/Beno\u00eet-Revaz-wird-neuer-Direktor-des-BFE-umweltperspektiven.jpg\" alt=\"Beno\u00eet Revaz tritt in die Fussstapfen von Walter Steinmann\" width=\"357\" height=\"357\" \/><\/a><figcaption id=\"caption-attachment-395\" class=\"wp-caption-text\">Beno\u00eet Revaz tritt in die Fussstapfen von Walter Steinmann<\/figcaption><\/figure>\n<p>Der Bundesrat hat an seiner heutigen Sitzung Beno\u00eet Revaz zum neuen Direktor des Bundesamts f\u00fcr Energie (BFE) ernannt. Der 44-j\u00e4hrige Jurist ist seit 2014 Senior Advisor des Unternehmens E-CUBE Strategy Consultants. Er ersetzt per 1. Oktober 2016 Walter Steinmann, der in den Ruhestand tritt. Der neue Direktor wird unter anderem die Umgestaltung der k\u00fcnftigen Schweizer Energielandschaft begleiten.<\/p>\n<p>Beno\u00eet Revaz verf\u00fcgt \u00fcber ein Lizenziat in Rechtswissenschaften und erwarb sich zudem in einem Nachdiplom-Studium an der Universit\u00e0 della Svizzera Italiana in Lugano den Titel eines Executive Master of Science in Communications Management. Zwischen 2005 und 2012 vertiefte er seine Management-Kompetenzen mit Weiterbildungen in Lausanne, London sowie in den USA. Vor seiner heutigen T\u00e4tigkeit als Senior Advisor des auf Energie- und Umweltfragen spezialisierten Beratungsunternehmens E-CUBE Strategy Consultants arbeitete er in verschiedenen Funktionen in den ehemaligen Entreprises Electriques Fribourgeoises (heute Groupe E). Zudem war er Mitglied der Generaldirektionen der EOS Holding sowie der Alpiq Holding SA.<\/p>\n<p>Mit Beno\u00eet Revaz hat der Bundesrat eine profilierte und f\u00fchrungsstarke Pers\u00f6nlichkeit ernannt. In seinen bisherigen Funktionen erwarb er sich Kenntnisse der wirtschaftlichen Gegebenheiten sowie der politischen Prozesse und der \u00f6ffentlichen Verwaltung in der Schweiz. Gleichzeitig sammelte er in seiner beruflichen Laufbahn wertvolle internationale Erfahrungen.<\/p>\n<p>Zu den zentralen Aufgaben des neuen Direktors geh\u00f6rt die Begleitung der Umgestaltung der Schweizer Energielandschaft. Im Zentrum steht dabei die Energiestrategie 2050 des Bundesrats, welche eine Steigerung der Energieeffizienz, eine Reduktion der fossilen Energien und einen Ausbau bei den erneuerbaren Energien sowie einen schrittweisen Ausstieg aus der Kernkraft vorsieht.<\/p>\n<p>Beno\u00eet Revaz ersetzt per 1. Oktober 2016 den bisherigen Direktor Walter Steinmann, der in den Ruhestand tritt. Der Bundesrat dankt ihm f\u00fcr seine langj\u00e4hrige und erfolgreiche Leitung des BFE.<\/p>\n","protected":false},"excerpt":{"rendered":"<p>Der Bundesrat hat an seiner heutigen Sitzung Beno\u00eet Revaz zum neuen Direktor des Bundesamts f\u00fcr Energie (BFE) ernannt. Der 44-j\u00e4hrige Jurist ist seit 2014 Senior Advisor des Unternehmens E-CUBE Strategy Consultants. Er ersetzt per 1. Oktober 2016 Walter Steinmann, der in den Ruhestand tritt. Der neue Direktor wird unter anderem die Umgestaltung der k\u00fcnftigen Schweizer [&hellip;]<\/p>\n","protected":false},"author":1,"featured_media":9388,"comment_status":"open","ping_status":"open","sticky":false,"template":"","format":"standard","meta":{"_acf_changed":false,"_yoast_wpseo_focuskw":"Direktor","_yoast_wpseo_metadesc":"Das Bundesamt f\u00fcr Energie hat per 1. Oktober einen neuen Direktor: Beno\u00eet Revaz tritt die Nachfolge von Walter Steinmann an.","articlekey":"","footnotes":""},"categories":[580],"tags":[798,807,987,584],"class_list":["post-394","post","type-post","status-publish","format-standard","has-post-thumbnail","hentry","category-sustainability","tag-benoit-revaz","tag-bfe","tag-direktor","tag-energie"],"acf":[],"yoast_head":"<!-- This site is optimized with the Yoast SEO plugin v27.4 - https:\/\/yoast.com\/product\/yoast-seo-wordpress\/ -->\n<title>Beno\u00eet Revaz wird neuer Direktor des BFE - Organisator<\/title>\n<meta name=\"description\" content=\"Das Bundesamt f\u00fcr Energie hat per 1. Oktober einen neuen Direktor: Beno\u00eet Revaz tritt die Nachfolge von Walter Steinmann an.\" \/>\n<meta name=\"robots\" content=\"index, follow, max-snippet:-1, max-image-preview:large, max-video-preview:-1\" \/>\n<link rel=\"canonical\" href=\"https:\/\/www.organisator.ch\/de\/sustainability\/2016-07-06\/benoit-revaz-wird-neuer-direktor-des-bfe\/\" \/>\n<meta property=\"og:locale\" content=\"de_DE\" \/>\n<meta property=\"og:type\" content=\"article\" \/>\n<meta property=\"og:title\" content=\"Beno\u00eet Revaz wird neuer Direktor des BFE - Organisator\" \/>\n<meta property=\"og:description\" content=\"Das Bundesamt f\u00fcr Energie hat per 1. Oktober einen neuen Direktor: Beno\u00eet Revaz tritt die Nachfolge von Walter Steinmann an.\" \/>\n<meta property=\"og:url\" content=\"https:\/\/www.organisator.ch\/de\/sustainability\/2016-07-06\/benoit-revaz-wird-neuer-direktor-des-bfe\/\" \/>\n<meta property=\"og:site_name\" content=\"Organisator\" \/>\n<meta property=\"article:publisher\" content=\"https:\/\/www.facebook.com\/OrganisatorFachmagazin\" \/>\n<meta property=\"article:published_time\" content=\"2016-07-06T14:29:09+00:00\" \/>\n<meta property=\"article:modified_time\" content=\"2022-02-09T10:06:24+00:00\" \/>\n<meta property=\"og:image\" content=\"https:\/\/www.organisator.ch\/wp-content\/uploads\/2016\/12\/Benoit-Revaz-wird-neuer-Direktor-des-BFE-umweltperspektiven.jpg\" \/>\n\t<meta property=\"og:image:width\" content=\"357\" \/>\n\t<meta property=\"og:image:height\" content=\"357\" \/>\n\t<meta property=\"og:image:type\" content=\"image\/jpeg\" \/>\n<meta name=\"author\" content=\"admin\" \/>\n<meta name=\"twitter:card\" content=\"summary_large_image\" \/>\n<script type=\"application\/ld+json\" class=\"yoast-schema-graph\">{\"@context\":\"https:\\\/\\\/schema.org\",\"@graph\":[{\"@type\":\"Article\",\"@id\":\"https:\\\/\\\/www.organisator.ch\\\/sustainability\\\/2016-07-06\\\/benoit-revaz-wird-neuer-direktor-des-bfe\\\/#article\",\"isPartOf\":{\"@id\":\"https:\\\/\\\/www.organisator.ch\\\/sustainability\\\/2016-07-06\\\/benoit-revaz-wird-neuer-direktor-des-bfe\\\/\"},\"author\":{\"name\":\"admin\",\"@id\":\"https:\\\/\\\/www.organisator.ch\\\/#\\\/schema\\\/person\\\/aa2bace6c5c5aad60102004a50c4eb1c\"},\"headline\":\"Beno\u00eet Revaz wird neuer Direktor des BFE\",\"datePublished\":\"2016-07-06T14:29:09+00:00\",\"dateModified\":\"2022-02-09T10:06:24+00:00\",\"mainEntityOfPage\":{\"@id\":\"https:\\\/\\\/www.organisator.ch\\\/sustainability\\\/2016-07-06\\\/benoit-revaz-wird-neuer-direktor-des-bfe\\\/\"},\"wordCount\":305,\"commentCount\":0,\"publisher\":{\"@id\":\"https:\\\/\\\/www.organisator.ch\\\/#organization\"},\"image\":{\"@id\":\"https:\\\/\\\/www.organisator.ch\\\/sustainability\\\/2016-07-06\\\/benoit-revaz-wird-neuer-direktor-des-bfe\\\/#primaryimage\"},\"thumbnailUrl\":\"https:\\\/\\\/www.organisator.ch\\\/wp-content\\\/uploads\\\/2016\\\/12\\\/Benoit-Revaz-wird-neuer-Direktor-des-BFE-umweltperspektiven.jpg\",\"keywords\":[\"Beno\u00eet Revaz\",\"BFE\",\"Direktor\",\"ENERGIE\"],\"articleSection\":[\"SUSTAINABILITY\"],\"inLanguage\":\"de\"},{\"@type\":\"WebPage\",\"@id\":\"https:\\\/\\\/www.organisator.ch\\\/sustainability\\\/2016-07-06\\\/benoit-revaz-wird-neuer-direktor-des-bfe\\\/\",\"url\":\"https:\\\/\\\/www.organisator.ch\\\/sustainability\\\/2016-07-06\\\/benoit-revaz-wird-neuer-direktor-des-bfe\\\/\",\"name\":\"Beno\u00eet Revaz wird neuer Direktor des BFE - Organisator\",\"isPartOf\":{\"@id\":\"https:\\\/\\\/www.organisator.ch\\\/#website\"},\"primaryImageOfPage\":{\"@id\":\"https:\\\/\\\/www.organisator.ch\\\/sustainability\\\/2016-07-06\\\/benoit-revaz-wird-neuer-direktor-des-bfe\\\/#primaryimage\"},\"image\":{\"@id\":\"https:\\\/\\\/www.organisator.ch\\\/sustainability\\\/2016-07-06\\\/benoit-revaz-wird-neuer-direktor-des-bfe\\\/#primaryimage\"},\"thumbnailUrl\":\"https:\\\/\\\/www.organisator.ch\\\/wp-content\\\/uploads\\\/2016\\\/12\\\/Benoit-Revaz-wird-neuer-Direktor-des-BFE-umweltperspektiven.jpg\",\"datePublished\":\"2016-07-06T14:29:09+00:00\",\"dateModified\":\"2022-02-09T10:06:24+00:00\",\"description\":\"Das Bundesamt f\u00fcr Energie hat per 1. Oktober einen neuen Direktor: Beno\u00eet Revaz tritt die Nachfolge von Walter Steinmann an.\",\"breadcrumb\":{\"@id\":\"https:\\\/\\\/www.organisator.ch\\\/sustainability\\\/2016-07-06\\\/benoit-revaz-wird-neuer-direktor-des-bfe\\\/#breadcrumb\"},\"inLanguage\":\"de\",\"potentialAction\":[{\"@type\":\"ReadAction\",\"target\":[\"https:\\\/\\\/www.organisator.ch\\\/sustainability\\\/2016-07-06\\\/benoit-revaz-wird-neuer-direktor-des-bfe\\\/\"]}]},{\"@type\":\"ImageObject\",\"inLanguage\":\"de\",\"@id\":\"https:\\\/\\\/www.organisator.ch\\\/sustainability\\\/2016-07-06\\\/benoit-revaz-wird-neuer-direktor-des-bfe\\\/#primaryimage\",\"url\":\"https:\\\/\\\/www.organisator.ch\\\/wp-content\\\/uploads\\\/2016\\\/12\\\/Benoit-Revaz-wird-neuer-Direktor-des-BFE-umweltperspektiven.jpg\",\"contentUrl\":\"https:\\\/\\\/www.organisator.ch\\\/wp-content\\\/uploads\\\/2016\\\/12\\\/Benoit-Revaz-wird-neuer-Direktor-des-BFE-umweltperspektiven.jpg\",\"width\":357,\"height\":357,\"caption\":\"Beno\u00eet Revaz tritt in die Fussstapfen von Walter Steinmann\"},{\"@type\":\"BreadcrumbList\",\"@id\":\"https:\\\/\\\/www.organisator.ch\\\/sustainability\\\/2016-07-06\\\/benoit-revaz-wird-neuer-direktor-des-bfe\\\/#breadcrumb\",\"itemListElement\":[{\"@type\":\"ListItem\",\"position\":1,\"name\":\"Home\",\"item\":\"https:\\\/\\\/www.organisator.ch\\\/\"},{\"@type\":\"ListItem\",\"position\":2,\"name\":\"Beno\u00eet Revaz wird neuer Direktor des BFE\"}]},{\"@type\":\"WebSite\",\"@id\":\"https:\\\/\\\/www.organisator.ch\\\/#website\",\"url\":\"https:\\\/\\\/www.organisator.ch\\\/\",\"name\":\"Organisator\",\"description\":\"Kompetent. Praxisnah. Der ORGANISATOR bereitet in 10 Ausgaben pro Jahr die wesentlichen Themen f\u00fcr F\u00fchrungskr\u00e4fte von KMU auf.\",\"publisher\":{\"@id\":\"https:\\\/\\\/www.organisator.ch\\\/#organization\"},\"potentialAction\":[{\"@type\":\"SearchAction\",\"target\":{\"@type\":\"EntryPoint\",\"urlTemplate\":\"https:\\\/\\\/www.organisator.ch\\\/?s={search_term_string}\"},\"query-input\":{\"@type\":\"PropertyValueSpecification\",\"valueRequired\":true,\"valueName\":\"search_term_string\"}}],\"inLanguage\":\"de\"},{\"@type\":\"Organization\",\"@id\":\"https:\\\/\\\/www.organisator.ch\\\/#organization\",\"name\":\"Organisator\",\"url\":\"https:\\\/\\\/www.organisator.ch\\\/\",\"logo\":{\"@type\":\"ImageObject\",\"inLanguage\":\"de\",\"@id\":\"https:\\\/\\\/www.organisator.ch\\\/#\\\/schema\\\/logo\\\/image\\\/\",\"url\":\"https:\\\/\\\/www.organisator.ch\\\/wp-content\\\/uploads\\\/2022\\\/01\\\/Logo_Organisator_Website.png\",\"contentUrl\":\"https:\\\/\\\/www.organisator.ch\\\/wp-content\\\/uploads\\\/2022\\\/01\\\/Logo_Organisator_Website.png\",\"width\":800,\"height\":77,\"caption\":\"Organisator\"},\"image\":{\"@id\":\"https:\\\/\\\/www.organisator.ch\\\/#\\\/schema\\\/logo\\\/image\\\/\"},\"sameAs\":[\"https:\\\/\\\/www.facebook.com\\\/OrganisatorFachmagazin\",\"https:\\\/\\\/www.linkedin.com\\\/showcase\\\/organisator-das-magazin-fr-kmu\",\"https:\\\/\\\/www.xing.com\\\/news\\\/pages\\\/organisator-ch-695\",\"https:\\\/\\\/www.youtube.com\\\/channel\\\/UCGP2Sq0iWaZwT3BdIAQFYpw\"]},{\"@type\":\"Person\",\"@id\":\"https:\\\/\\\/www.organisator.ch\\\/#\\\/schema\\\/person\\\/aa2bace6c5c5aad60102004a50c4eb1c\",\"name\":\"admin\",\"image\":{\"@type\":\"ImageObject\",\"inLanguage\":\"de\",\"@id\":\"https:\\\/\\\/secure.gravatar.com\\\/avatar\\\/ae2f4d718e6c49043e314ce431e7e645d646302a24a5ef5a8bc8e3f5a032e319?s=96&d=mm&r=g\",\"url\":\"https:\\\/\\\/secure.gravatar.com\\\/avatar\\\/ae2f4d718e6c49043e314ce431e7e645d646302a24a5ef5a8bc8e3f5a032e319?s=96&d=mm&r=g\",\"contentUrl\":\"https:\\\/\\\/secure.gravatar.com\\\/avatar\\\/ae2f4d718e6c49043e314ce431e7e645d646302a24a5ef5a8bc8e3f5a032e319?s=96&d=mm&r=g\",\"caption\":\"admin\"},\"sameAs\":[\"https:\\\/\\\/www.organisator.ch\"],\"url\":\"https:\\\/\\\/www.organisator.ch\\\/de\\\/author\\\/admin\\\/\"}]}<\/script>\n<!-- \/ Yoast SEO plugin. -->","yoast_head_json":{"title":"Beno\u00eet Revaz wird neuer Direktor des BFE - Organisator","description":"Das Bundesamt f\u00fcr Energie hat per 1. Oktober einen neuen Direktor: Beno\u00eet Revaz tritt die Nachfolge von Walter Steinmann an.","robots":{"index":"index","follow":"follow","max-snippet":"max-snippet:-1","max-image-preview":"max-image-preview:large","max-video-preview":"max-video-preview:-1"},"canonical":"https:\/\/www.organisator.ch\/de\/sustainability\/2016-07-06\/benoit-revaz-wird-neuer-direktor-des-bfe\/","og_locale":"de_DE","og_type":"article","og_title":"Beno\u00eet Revaz wird neuer Direktor des BFE - Organisator","og_description":"Das Bundesamt f\u00fcr Energie hat per 1. Oktober einen neuen Direktor: Beno\u00eet Revaz tritt die Nachfolge von Walter Steinmann an.","og_url":"https:\/\/www.organisator.ch\/de\/sustainability\/2016-07-06\/benoit-revaz-wird-neuer-direktor-des-bfe\/","og_site_name":"Organisator","article_publisher":"https:\/\/www.facebook.com\/OrganisatorFachmagazin","article_published_time":"2016-07-06T14:29:09+00:00","article_modified_time":"2022-02-09T10:06:24+00:00","og_image":[{"width":357,"height":357,"url":"https:\/\/www.organisator.ch\/wp-content\/uploads\/2016\/12\/Benoit-Revaz-wird-neuer-Direktor-des-BFE-umweltperspektiven.jpg","type":"image\/jpeg"}],"author":"admin","twitter_card":"summary_large_image","schema":{"@context":"https:\/\/schema.org","@graph":[{"@type":"Article","@id":"https:\/\/www.organisator.ch\/sustainability\/2016-07-06\/benoit-revaz-wird-neuer-direktor-des-bfe\/#article","isPartOf":{"@id":"https:\/\/www.organisator.ch\/sustainability\/2016-07-06\/benoit-revaz-wird-neuer-direktor-des-bfe\/"},"author":{"name":"admin","@id":"https:\/\/www.organisator.ch\/#\/schema\/person\/aa2bace6c5c5aad60102004a50c4eb1c"},"headline":"Beno\u00eet Revaz wird neuer Direktor des BFE","datePublished":"2016-07-06T14:29:09+00:00","dateModified":"2022-02-09T10:06:24+00:00","mainEntityOfPage":{"@id":"https:\/\/www.organisator.ch\/sustainability\/2016-07-06\/benoit-revaz-wird-neuer-direktor-des-bfe\/"},"wordCount":305,"commentCount":0,"publisher":{"@id":"https:\/\/www.organisator.ch\/#organization"},"image":{"@id":"https:\/\/www.organisator.ch\/sustainability\/2016-07-06\/benoit-revaz-wird-neuer-direktor-des-bfe\/#primaryimage"},"thumbnailUrl":"https:\/\/www.organisator.ch\/wp-content\/uploads\/2016\/12\/Benoit-Revaz-wird-neuer-Direktor-des-BFE-umweltperspektiven.jpg","keywords":["Beno\u00eet Revaz","BFE","Direktor","ENERGIE"],"articleSection":["SUSTAINABILITY"],"inLanguage":"de"},{"@type":"WebPage","@id":"https:\/\/www.organisator.ch\/sustainability\/2016-07-06\/benoit-revaz-wird-neuer-direktor-des-bfe\/","url":"https:\/\/www.organisator.ch\/sustainability\/2016-07-06\/benoit-revaz-wird-neuer-direktor-des-bfe\/","name":"Beno\u00eet Revaz wird neuer Direktor des BFE - Organisator","isPartOf":{"@id":"https:\/\/www.organisator.ch\/#website"},"primaryImageOfPage":{"@id":"https:\/\/www.organisator.ch\/sustainability\/2016-07-06\/benoit-revaz-wird-neuer-direktor-des-bfe\/#primaryimage"},"image":{"@id":"https:\/\/www.organisator.ch\/sustainability\/2016-07-06\/benoit-revaz-wird-neuer-direktor-des-bfe\/#primaryimage"},"thumbnailUrl":"https:\/\/www.organisator.ch\/wp-content\/uploads\/2016\/12\/Benoit-Revaz-wird-neuer-Direktor-des-BFE-umweltperspektiven.jpg","datePublished":"2016-07-06T14:29:09+00:00","dateModified":"2022-02-09T10:06:24+00:00","description":"Das Bundesamt f\u00fcr Energie hat per 1. Oktober einen neuen Direktor: Beno\u00eet Revaz tritt die Nachfolge von Walter Steinmann an.","breadcrumb":{"@id":"https:\/\/www.organisator.ch\/sustainability\/2016-07-06\/benoit-revaz-wird-neuer-direktor-des-bfe\/#breadcrumb"},"inLanguage":"de","potentialAction":[{"@type":"ReadAction","target":["https:\/\/www.organisator.ch\/sustainability\/2016-07-06\/benoit-revaz-wird-neuer-direktor-des-bfe\/"]}]},{"@type":"ImageObject","inLanguage":"de","@id":"https:\/\/www.organisator.ch\/sustainability\/2016-07-06\/benoit-revaz-wird-neuer-direktor-des-bfe\/#primaryimage","url":"https:\/\/www.organisator.ch\/wp-content\/uploads\/2016\/12\/Benoit-Revaz-wird-neuer-Direktor-des-BFE-umweltperspektiven.jpg","contentUrl":"https:\/\/www.organisator.ch\/wp-content\/uploads\/2016\/12\/Benoit-Revaz-wird-neuer-Direktor-des-BFE-umweltperspektiven.jpg","width":357,"height":357,"caption":"Beno\u00eet Revaz tritt in die Fussstapfen von Walter Steinmann"},{"@type":"BreadcrumbList","@id":"https:\/\/www.organisator.ch\/sustainability\/2016-07-06\/benoit-revaz-wird-neuer-direktor-des-bfe\/#breadcrumb","itemListElement":[{"@type":"ListItem","position":1,"name":"Home","item":"https:\/\/www.organisator.ch\/"},{"@type":"ListItem","position":2,"name":"Beno\u00eet Revaz wird neuer Direktor des BFE"}]},{"@type":"WebSite","@id":"https:\/\/www.organisator.ch\/#website","url":"https:\/\/www.organisator.ch\/","name":"Organisator","description":"Kompetent. Praxisnah. Der ORGANISATOR bereitet in 10 Ausgaben pro Jahr die wesentlichen Themen f\u00fcr F\u00fchrungskr\u00e4fte von KMU auf.","publisher":{"@id":"https:\/\/www.organisator.ch\/#organization"},"potentialAction":[{"@type":"SearchAction","target":{"@type":"EntryPoint","urlTemplate":"https:\/\/www.organisator.ch\/?s={search_term_string}"},"query-input":{"@type":"PropertyValueSpecification","valueRequired":true,"valueName":"search_term_string"}}],"inLanguage":"de"},{"@type":"Organization","@id":"https:\/\/www.organisator.ch\/#organization","name":"Organisator","url":"https:\/\/www.organisator.ch\/","logo":{"@type":"ImageObject","inLanguage":"de","@id":"https:\/\/www.organisator.ch\/#\/schema\/logo\/image\/","url":"https:\/\/www.organisator.ch\/wp-content\/uploads\/2022\/01\/Logo_Organisator_Website.png","contentUrl":"https:\/\/www.organisator.ch\/wp-content\/uploads\/2022\/01\/Logo_Organisator_Website.png","width":800,"height":77,"caption":"Organisator"},"image":{"@id":"https:\/\/www.organisator.ch\/#\/schema\/logo\/image\/"},"sameAs":["https:\/\/www.facebook.com\/OrganisatorFachmagazin","https:\/\/www.linkedin.com\/showcase\/organisator-das-magazin-fr-kmu","https:\/\/www.xing.com\/news\/pages\/organisator-ch-695","https:\/\/www.youtube.com\/channel\/UCGP2Sq0iWaZwT3BdIAQFYpw"]},{"@type":"Person","@id":"https:\/\/www.organisator.ch\/#\/schema\/person\/aa2bace6c5c5aad60102004a50c4eb1c","name":"admin","image":{"@type":"ImageObject","inLanguage":"de","@id":"https:\/\/secure.gravatar.com\/avatar\/ae2f4d718e6c49043e314ce431e7e645d646302a24a5ef5a8bc8e3f5a032e319?s=96&d=mm&r=g","url":"https:\/\/secure.gravatar.com\/avatar\/ae2f4d718e6c49043e314ce431e7e645d646302a24a5ef5a8bc8e3f5a032e319?s=96&d=mm&r=g","contentUrl":"https:\/\/secure.gravatar.com\/avatar\/ae2f4d718e6c49043e314ce431e7e645d646302a24a5ef5a8bc8e3f5a032e319?s=96&d=mm&r=g","caption":"admin"},"sameAs":["https:\/\/www.organisator.ch"],"url":"https:\/\/www.organisator.ch\/de\/author\/admin\/"}]}},"_links":{"self":[{"href":"https:\/\/www.organisator.ch\/de\/wp-json\/wp\/v2\/posts\/394","targetHints":{"allow":["GET"]}}],"collection":[{"href":"https:\/\/www.organisator.ch\/de\/wp-json\/wp\/v2\/posts"}],"about":[{"href":"https:\/\/www.organisator.ch\/de\/wp-json\/wp\/v2\/types\/post"}],"author":[{"embeddable":true,"href":"https:\/\/www.organisator.ch\/de\/wp-json\/wp\/v2\/users\/1"}],"replies":[{"embeddable":true,"href":"https:\/\/www.organisator.ch\/de\/wp-json\/wp\/v2\/comments?post=394"}],"version-history":[{"count":1,"href":"https:\/\/www.organisator.ch\/de\/wp-json\/wp\/v2\/posts\/394\/revisions"}],"predecessor-version":[{"id":10614,"href":"https:\/\/www.organisator.ch\/de\/wp-json\/wp\/v2\/posts\/394\/revisions\/10614"}],"wp:featuredmedia":[{"embeddable":true,"href":"https:\/\/www.organisator.ch\/de\/wp-json\/wp\/v2\/media\/9388"}],"wp:attachment":[{"href":"https:\/\/www.organisator.ch\/de\/wp-json\/wp\/v2\/media?parent=394"}],"wp:term":[{"taxonomy":"category","embeddable":true,"href":"https:\/\/www.organisator.ch\/de\/wp-json\/wp\/v2\/categories?post=394"},{"taxonomy":"post_tag","embeddable":true,"href":"https:\/\/www.organisator.ch\/de\/wp-json\/wp\/v2\/tags?post=394"}],"curies":[{"name":"wp","href":"https:\/\/api.w.org\/{rel}","templated":true}]}}