{"id":3947,"date":"2018-07-17T14:42:08","date_gmt":"2018-07-17T12:42:08","guid":{"rendered":"https:\/\/www.organisator.ch\/?p=3947"},"modified":"2018-07-17T14:42:08","modified_gmt":"2018-07-17T12:42:08","slug":"die-wichtigkeit-von-storytelling-bei-fuehrungkraeften","status":"publish","type":"post","link":"https:\/\/www.organisator.ch\/de\/allgemein\/2018-07-17\/die-wichtigkeit-von-storytelling-bei-fuehrungkraeften\/","title":{"rendered":"Die Wichtigkeit von Storytelling bei F\u00fchrungskr\u00e4ften"},"content":{"rendered":"<figure id=\"attachment_3948\" aria-describedby=\"caption-attachment-3948\" style=\"width: 680px\" class=\"wp-caption alignnone\"><img loading=\"lazy\" decoding=\"async\" class=\"size-medium wp-image-3948\" src=\"https:\/\/www.organisator.ch\/wp-content\/uploads\/2018\/07\/Storytelling_org-organisator_jeff-sheldon-2556-unsplash.jpg\" alt=\"\" width=\"680\" height=\"510\" \/><figcaption id=\"caption-attachment-3948\" class=\"wp-caption-text\">Storytelling liegt nicht jedem, speziell auch, wenn es um eine direkte, bildhafte Botschaft gehen soll. (Bild: unsplash.com)<\/figcaption><\/figure>\n<p>Storytelling, beziehungsweise eine Geschichte erz\u00e4hlen, ist kein Wettbewerbskampf, schreibt die Gesch\u00e4ftsf\u00fchrerin von Mashup Communications in Berlin. Nora Feist ber\u00e4t zusammen mit Miriam Rupp Unternehmensleitende, die das Vertrauen der Mitarbeiter gewinnen m\u00f6chten, die ihre &#8222;Leute&#8220; motivieren wollen, mehr f\u00fcrs Unternehmen zu leisten.<\/p>\n<p>Nora Feist ist \u00fcberzeugt, das Publikum wird nicht nur mit Erfolgsgeschichten gewonnen. Erz\u00e4hlen Manager jedoch auch von eigenen \u00c4ngsten, Niederlagen und Herausforderungen, f\u00fchlen die Zuh\u00f6rer wirklich mit und schlagen sich auf die Seite des Protagonisten. Und auch die Heldenreisen der einzelnen Mitarbeiter f\u00f6rdern die interne Wertsch\u00e4tzung und schweissen die Belegschaft zu einem echten Team zusammen.<\/p>\n<p><strong>Das Mitarbeitermagazin<\/strong><\/p>\n<p>Was f\u00fcr Tr\u00e4ume treiben sie an? Welche Krisen und Konflikte wurden bereits \u00fcberstanden? Das klassische Mitarbeitermagazin digital neu aufgelegt, bietet sich besonders gut f\u00fcr komplexe Geschichten an und ist zudem mit ortsunabh\u00e4ngigem und flexiblem Arbeiten vereinbar. So werden auch Externe, Freelancer und Mitarbeiter im Home-Office oder anderen Dependancen Teil der Unternehmenskultur.<\/p>\n<p>Vor f\u00fcnf Jahren schuf so Microsoft eine der besten Brand Storytelling Websiten: Microsoft Story Labs. In den interaktiven und visuell aufwendig aufbereiteten Artikeln, Podcasts, Cartoons und sogar B\u00fcchern geht es weniger um Microsoft-Produkte, sondern vielmehr um die Vision und Motivation der Menschen, die dahinterstehen. Das Magazin begann mit einer einzigen Geschichte namens &#8222;88 Acres&#8220; \u00fcber Darrel Smith, F&amp;E-Manager bei Microsoft.<\/p>\n<p>Anstatt f\u00fcr die Messung des Energieverbrauchs aller Unternehmensgeb\u00e4ude auf millionenschwere Anbauten zu setzen, entwickelte er in seiner Freizeit eine Software, die all das \u00fcbernehmen konnte. Und was als einzelne Story begann, ver\u00e4nderte f\u00fcr das Technologieunternehmen die ganze Unternehmenskommunikation. Heute verfolgen Mitarbeiter und Job-Kandidaten, aber auch Journalisten, andere Unternehmen, Designer und Influencer die Geschichten.<\/p>\n<p>Wo Arbeiten immer flexibler und unabh\u00e4ngiger wird, muss sich auch die interne Kommunikation ver\u00e4ndern. Digitales Storytelling sorgt daf\u00fcr, dass auch \u00fcber Distanzen hinweg Mitarbeiter gleichermassen einbezogen und emotional an die Marke gebunden werden. Interne Apps und Social Networks, Video-Wrap-Ups oder Online Magazine geben Raum f\u00fcr Inhalte, die sich nicht nur um den Job, sondern auch um die Menschen dahinter drehen.<\/p>\n<p><strong>Beispiel: Elon Musk<\/strong><\/p>\n<p>Am 2. August 2008 hatte SpaceX gerade den dritten gescheiterten Raketenstart hinter sich. CEO Elon Musk, bis dato nicht als grosser Redner bekannt, trat vor seine 350-k\u00f6pfige Mannschaft. Er habe immer gewusst, dass es nicht einfach sein w\u00fcrde, trotzdem h\u00e4tten sie etwas geschafft, was nur wenige andere L\u00e4nder erreicht haben, von Unternehmen ganz zu schweigen. Der erste Start sei erfolgreich gewesen, nun sei es an der Zeit wieder aufzustehen und da weiter zu machen.<\/p>\n<p>&#8222;Ich f\u00fcr meinen Teil werde niemals aufgeben &#8211; niemals&#8220;, so Musk. Der Legende nach w\u00e4ren dem Gr\u00fcnder nach dieser Rede die meisten Mitarbeiter mit nur ein bisschen Sonnencreme in die H\u00f6lle gefolgt, schreibt Chris Anderson in seinem Buch &#8222;TED Talks &#8211; Die Kunst der \u00f6ffentlichen Rede&#8220;.<\/p>\n<p>Das Beispiel von Musk zeigt, F\u00fchrungskr\u00e4fte nehmen stets eine Schl\u00fcsselrolle in der internen Kommunikation ein und sind somit entscheidend f\u00fcr das Employer Branding eines Unternehmens. Laut McKinsey sind gerade f\u00fcr junge Talente pers\u00f6nliche Entwicklungsm\u00f6glichkeiten, sinnstiftende Aufgaben und gelebte Unternehmenswerte weitaus verlockender an einer Arbeitgebermarke als Statussymbole wie Firmenwagen oder Eckb\u00fcro.<\/p>\n<p>So setzen CEOs wie Elon Musk auf transformationale F\u00fchrung, also auf langfristige Visionen mit dem Ziel eines gemeinschaftlichen Unternehmenserfolgs. Soll das Team auf der Werteebene angesprochen und emotional an die Marke gebunden werden, kann die Macht der kollektiven Geschichten wahre Wunder wirken. Gerade in gro\u00dfen Unternehmen mit vielen Mitarbeitern und unterschiedlichen Projekten, in denen flexibles Arbeiten immer wichtiger wird, k\u00f6nnen digitale Storytelling-Formate helfen, die richtigen Botschaften im Team zu verbreiten.<\/p>\n<p><strong>Unternehmenskultur leben<\/strong><\/p>\n<p>Da der transformationale F\u00fchrungsansatz auf Werten basiert, sind der Aufbau, die Pflege und das t\u00e4gliche Leben dieser Eigenschaften entscheidend. Es reicht also nicht schicke Werte aufzustellen und nur auf der Website zu platzieren. Jeder Mitarbeiter, jede Handlung, jede Kommunikationsmassnahme muss diese Werte widerspiegeln, wenn sich eine Unternehmenskultur etablieren soll. Interne Kommunikation heisst heute nicht mehr glatt gezogene &#8222;Pressemitteilungen&#8220; der Kommunikationsabteilung aufzubereiten, sondern echte Lebendigkeit zu zelebrieren.<\/p>\n<p>Interaktive Mitarbeiter-Apps oder interne Social Networks zum Beispiel helfen dabei: Einerseits k\u00f6nnen Mitarbeiter eigene Ideen einbringen und das Management erh\u00e4lt regelm\u00e4\u00dfig Feedback aus dem Team. Andererseits f\u00fchren die digitalen Tools wie ein roter Faden die Unternehmenskultur weiter und bieten zudem Raum f\u00fcr Gamification-Ans\u00e4tze. Wenn sich Unternehmen und ihre internen Strukturen jedoch ver\u00e4ndern, ist es f\u00fcr Manager oft eine Herausforderung, das ganze Team an diesen roten Faden zu erinnern. W\u00f6chentliche oder monatliche Wrap-Ups im Videoformat k\u00f6nnen im Change Management helfen, die eigenen Mitarbeiter stets auf dem Laufenden zu halten.<\/p>\n<p>So werden auch kleine Steps auf dem Weg zur grossen Vision f\u00fcr alle sichtbar. Gerade neuen Mitarbeitern erleichtert dagegen ein digitales Brand Book den Einstieg in die Unternehmenskultur.<\/p>\n<p><strong>Wissensmanagement statt Recruiting<\/strong><\/p>\n<p>Fast 50 Prozent der deutschen Unternehmenhaben Schwierigkeiten, qualifizierte und talentierte Fachkr\u00e4fte f\u00fcr ihre offenen Stellen zu finden. Das eigene Team zu halten, wird damit zum entscheidenden Wettbewerbsvorteil. Anstatt immer wieder neue Experten einzustellen, k\u00f6nnen in vielen Bereichen die eigenen Talente durch Weiterbildungen gef\u00f6rdert und so ganz neue Aufgabenbereiche erschlossen werden.<\/p>\n<p>Interne E-Learning-Plattformen eignen sich dabei hervorragend, vorhandenes Wissen miteinander zu teilen, sich auszutauschen und Weiterbildungsangebote f\u00fcr alle Mitarbeiter zug\u00e4nglich zu machen. Eine Unternehmens-Academy ist zudem bei der Einarbeitung neuer Mitarbeiter eine hervorragende Erg\u00e4nzung zum vorhandenen Brand Book.<\/p>\n<p><a href=\"https:\/\/www.mashup-communications.de\/\">www.mashup-communications.de<\/a><\/p>\n<p>&nbsp;<\/p>\n<p>&nbsp;<\/p>\n","protected":false},"excerpt":{"rendered":"<p>Storytelling, beziehungsweise eine Geschichte erz\u00e4hlen, ist kein Wettbewerbskampf, schreibt die Gesch\u00e4ftsf\u00fchrerin von Mashup Communications in Berlin. Nora Feist ber\u00e4t zusammen mit Miriam Rupp Unternehmensleitende, die das Vertrauen der Mitarbeiter gewinnen m\u00f6chten, die ihre &#8222;Leute&#8220; motivieren wollen, mehr f\u00fcrs Unternehmen zu leisten. Nora Feist ist \u00fcberzeugt, das Publikum wird nicht nur mit Erfolgsgeschichten gewonnen. Erz\u00e4hlen Manager [&hellip;]<\/p>\n","protected":false},"author":5,"featured_media":3948,"comment_status":"open","ping_status":"open","sticky":false,"template":"","format":"standard","meta":{"_acf_changed":false,"_yoast_wpseo_focuskw":"Storytelling","_yoast_wpseo_metadesc":"Storytelling, beziehungsweise eine Geschichte erz\u00e4hlen, ist kein Pitch, schreibt die Gesch\u00e4ftsf\u00fchrerin von Mashup Communications.","articlekey":"","footnotes":""},"categories":[1],"tags":[308,407,457,534],"class_list":["post-3947","post","type-post","status-publish","format-standard","has-post-thumbnail","hentry","category-allgemein","tag-kommunikation","tag-recruiting","tag-storytelling","tag-wissensmanagement"],"acf":[],"yoast_head":"<!-- This site is optimized with the Yoast SEO plugin v27.5 - https:\/\/yoast.com\/product\/yoast-seo-wordpress\/ -->\n<title>Die Wichtigkeit von Storytelling bei F\u00fchrungskr\u00e4ften - Organisator<\/title>\n<meta name=\"description\" content=\"Storytelling, beziehungsweise eine Geschichte erz\u00e4hlen, ist kein Pitch, schreibt die Gesch\u00e4ftsf\u00fchrerin von Mashup Communications.\" \/>\n<meta name=\"robots\" content=\"index, follow, max-snippet:-1, max-image-preview:large, max-video-preview:-1\" \/>\n<link rel=\"canonical\" href=\"https:\/\/www.organisator.ch\/de\/allgemein\/2018-07-17\/die-wichtigkeit-von-storytelling-bei-fuehrungkraeften\/\" \/>\n<meta property=\"og:locale\" content=\"de_DE\" \/>\n<meta property=\"og:type\" content=\"article\" \/>\n<meta property=\"og:title\" content=\"Die Wichtigkeit von Storytelling bei F\u00fchrungskr\u00e4ften - Organisator\" \/>\n<meta property=\"og:description\" content=\"Storytelling, beziehungsweise eine Geschichte erz\u00e4hlen, ist kein Pitch, schreibt die Gesch\u00e4ftsf\u00fchrerin von Mashup Communications.\" \/>\n<meta property=\"og:url\" content=\"https:\/\/www.organisator.ch\/de\/allgemein\/2018-07-17\/die-wichtigkeit-von-storytelling-bei-fuehrungkraeften\/\" \/>\n<meta property=\"og:site_name\" content=\"Organisator\" \/>\n<meta property=\"article:publisher\" content=\"https:\/\/www.facebook.com\/OrganisatorFachmagazin\" \/>\n<meta property=\"article:published_time\" content=\"2018-07-17T12:42:08+00:00\" \/>\n<meta property=\"og:image\" content=\"https:\/\/www.organisator.ch\/wp-content\/uploads\/2018\/07\/Storytelling_org-organisator_jeff-sheldon-2556-unsplash-scaled.jpg\" \/>\n\t<meta property=\"og:image:width\" content=\"2560\" \/>\n\t<meta property=\"og:image:height\" content=\"1920\" \/>\n\t<meta property=\"og:image:type\" content=\"image\/jpeg\" \/>\n<meta name=\"author\" content=\"michael.merz\" \/>\n<meta name=\"twitter:card\" content=\"summary_large_image\" \/>\n<script type=\"application\/ld+json\" class=\"yoast-schema-graph\">{\"@context\":\"https:\\\/\\\/schema.org\",\"@graph\":[{\"@type\":\"Article\",\"@id\":\"https:\\\/\\\/www.organisator.ch\\\/en\\\/general\\\/2018-07-17\\\/die-wichtigkeit-von-storytelling-bei-fuehrungkraeften\\\/#article\",\"isPartOf\":{\"@id\":\"https:\\\/\\\/www.organisator.ch\\\/en\\\/general\\\/2018-07-17\\\/die-wichtigkeit-von-storytelling-bei-fuehrungkraeften\\\/\"},\"author\":{\"name\":\"michael.merz\",\"@id\":\"https:\\\/\\\/www.organisator.ch\\\/#\\\/schema\\\/person\\\/134708ca9321c57b0362cceb7948ffbd\"},\"headline\":\"Die Wichtigkeit von Storytelling bei F\u00fchrungskr\u00e4ften\",\"datePublished\":\"2018-07-17T12:42:08+00:00\",\"mainEntityOfPage\":{\"@id\":\"https:\\\/\\\/www.organisator.ch\\\/en\\\/general\\\/2018-07-17\\\/die-wichtigkeit-von-storytelling-bei-fuehrungkraeften\\\/\"},\"wordCount\":939,\"commentCount\":0,\"publisher\":{\"@id\":\"https:\\\/\\\/www.organisator.ch\\\/#organization\"},\"image\":{\"@id\":\"https:\\\/\\\/www.organisator.ch\\\/en\\\/general\\\/2018-07-17\\\/die-wichtigkeit-von-storytelling-bei-fuehrungkraeften\\\/#primaryimage\"},\"thumbnailUrl\":\"https:\\\/\\\/www.organisator.ch\\\/wp-content\\\/uploads\\\/2018\\\/07\\\/Storytelling_org-organisator_jeff-sheldon-2556-unsplash-scaled.jpg\",\"keywords\":[\"Kommunikation\",\"Recruiting\",\"Storytelling\",\"Wissensmanagement\"],\"inLanguage\":\"de\"},{\"@type\":\"WebPage\",\"@id\":\"https:\\\/\\\/www.organisator.ch\\\/en\\\/general\\\/2018-07-17\\\/die-wichtigkeit-von-storytelling-bei-fuehrungkraeften\\\/\",\"url\":\"https:\\\/\\\/www.organisator.ch\\\/en\\\/general\\\/2018-07-17\\\/die-wichtigkeit-von-storytelling-bei-fuehrungkraeften\\\/\",\"name\":\"Die Wichtigkeit von Storytelling bei F\u00fchrungskr\u00e4ften - Organisator\",\"isPartOf\":{\"@id\":\"https:\\\/\\\/www.organisator.ch\\\/#website\"},\"primaryImageOfPage\":{\"@id\":\"https:\\\/\\\/www.organisator.ch\\\/en\\\/general\\\/2018-07-17\\\/die-wichtigkeit-von-storytelling-bei-fuehrungkraeften\\\/#primaryimage\"},\"image\":{\"@id\":\"https:\\\/\\\/www.organisator.ch\\\/en\\\/general\\\/2018-07-17\\\/die-wichtigkeit-von-storytelling-bei-fuehrungkraeften\\\/#primaryimage\"},\"thumbnailUrl\":\"https:\\\/\\\/www.organisator.ch\\\/wp-content\\\/uploads\\\/2018\\\/07\\\/Storytelling_org-organisator_jeff-sheldon-2556-unsplash-scaled.jpg\",\"datePublished\":\"2018-07-17T12:42:08+00:00\",\"description\":\"Storytelling, beziehungsweise eine Geschichte erz\u00e4hlen, ist kein Pitch, schreibt die Gesch\u00e4ftsf\u00fchrerin von Mashup Communications.\",\"breadcrumb\":{\"@id\":\"https:\\\/\\\/www.organisator.ch\\\/en\\\/general\\\/2018-07-17\\\/die-wichtigkeit-von-storytelling-bei-fuehrungkraeften\\\/#breadcrumb\"},\"inLanguage\":\"de\",\"potentialAction\":[{\"@type\":\"ReadAction\",\"target\":[\"https:\\\/\\\/www.organisator.ch\\\/en\\\/general\\\/2018-07-17\\\/die-wichtigkeit-von-storytelling-bei-fuehrungkraeften\\\/\"]}]},{\"@type\":\"ImageObject\",\"inLanguage\":\"de\",\"@id\":\"https:\\\/\\\/www.organisator.ch\\\/en\\\/general\\\/2018-07-17\\\/die-wichtigkeit-von-storytelling-bei-fuehrungkraeften\\\/#primaryimage\",\"url\":\"https:\\\/\\\/www.organisator.ch\\\/wp-content\\\/uploads\\\/2018\\\/07\\\/Storytelling_org-organisator_jeff-sheldon-2556-unsplash-scaled.jpg\",\"contentUrl\":\"https:\\\/\\\/www.organisator.ch\\\/wp-content\\\/uploads\\\/2018\\\/07\\\/Storytelling_org-organisator_jeff-sheldon-2556-unsplash-scaled.jpg\",\"width\":2560,\"height\":1920,\"caption\":\"Storytelling liegt nicht jedem, speziell auch, wenn es um eine direkte, bildhafte Botschaft geht. (Bild: unsplash.com)\"},{\"@type\":\"BreadcrumbList\",\"@id\":\"https:\\\/\\\/www.organisator.ch\\\/en\\\/general\\\/2018-07-17\\\/die-wichtigkeit-von-storytelling-bei-fuehrungkraeften\\\/#breadcrumb\",\"itemListElement\":[{\"@type\":\"ListItem\",\"position\":1,\"name\":\"Home\",\"item\":\"https:\\\/\\\/www.organisator.ch\\\/\"},{\"@type\":\"ListItem\",\"position\":2,\"name\":\"Die Wichtigkeit von Storytelling bei F\u00fchrungskr\u00e4ften\"}]},{\"@type\":\"WebSite\",\"@id\":\"https:\\\/\\\/www.organisator.ch\\\/#website\",\"url\":\"https:\\\/\\\/www.organisator.ch\\\/\",\"name\":\"Organisator\",\"description\":\"Kompetent. Praxisnah. Der ORGANISATOR bereitet in 10 Ausgaben pro Jahr die wesentlichen Themen f\u00fcr F\u00fchrungskr\u00e4fte von KMU auf.\",\"publisher\":{\"@id\":\"https:\\\/\\\/www.organisator.ch\\\/#organization\"},\"potentialAction\":[{\"@type\":\"SearchAction\",\"target\":{\"@type\":\"EntryPoint\",\"urlTemplate\":\"https:\\\/\\\/www.organisator.ch\\\/?s={search_term_string}\"},\"query-input\":{\"@type\":\"PropertyValueSpecification\",\"valueRequired\":true,\"valueName\":\"search_term_string\"}}],\"inLanguage\":\"de\"},{\"@type\":\"Organization\",\"@id\":\"https:\\\/\\\/www.organisator.ch\\\/#organization\",\"name\":\"Organisator\",\"url\":\"https:\\\/\\\/www.organisator.ch\\\/\",\"logo\":{\"@type\":\"ImageObject\",\"inLanguage\":\"de\",\"@id\":\"https:\\\/\\\/www.organisator.ch\\\/#\\\/schema\\\/logo\\\/image\\\/\",\"url\":\"https:\\\/\\\/www.organisator.ch\\\/wp-content\\\/uploads\\\/2022\\\/01\\\/Logo_Organisator_Website.png\",\"contentUrl\":\"https:\\\/\\\/www.organisator.ch\\\/wp-content\\\/uploads\\\/2022\\\/01\\\/Logo_Organisator_Website.png\",\"width\":800,\"height\":77,\"caption\":\"Organisator\"},\"image\":{\"@id\":\"https:\\\/\\\/www.organisator.ch\\\/#\\\/schema\\\/logo\\\/image\\\/\"},\"sameAs\":[\"https:\\\/\\\/www.facebook.com\\\/OrganisatorFachmagazin\",\"https:\\\/\\\/www.linkedin.com\\\/showcase\\\/organisator-das-magazin-fr-kmu\",\"https:\\\/\\\/www.xing.com\\\/news\\\/pages\\\/organisator-ch-695\",\"https:\\\/\\\/www.youtube.com\\\/channel\\\/UCGP2Sq0iWaZwT3BdIAQFYpw\"]},{\"@type\":\"Person\",\"@id\":\"https:\\\/\\\/www.organisator.ch\\\/#\\\/schema\\\/person\\\/134708ca9321c57b0362cceb7948ffbd\",\"name\":\"michael.merz\",\"image\":{\"@type\":\"ImageObject\",\"inLanguage\":\"de\",\"@id\":\"https:\\\/\\\/secure.gravatar.com\\\/avatar\\\/?s=96&d=mm&r=g\",\"url\":\"https:\\\/\\\/secure.gravatar.com\\\/avatar\\\/?s=96&d=mm&r=g\",\"contentUrl\":\"https:\\\/\\\/secure.gravatar.com\\\/avatar\\\/?s=96&d=mm&r=g\",\"caption\":\"michael.merz\"},\"url\":\"https:\\\/\\\/www.organisator.ch\\\/de\\\/author\\\/michael-merz\\\/\"}]}<\/script>\n<!-- \/ Yoast SEO plugin. -->","yoast_head_json":{"title":"Die Wichtigkeit von Storytelling bei F\u00fchrungskr\u00e4ften - Organisator","description":"Storytelling, beziehungsweise eine Geschichte erz\u00e4hlen, ist kein Pitch, schreibt die Gesch\u00e4ftsf\u00fchrerin von Mashup Communications.","robots":{"index":"index","follow":"follow","max-snippet":"max-snippet:-1","max-image-preview":"max-image-preview:large","max-video-preview":"max-video-preview:-1"},"canonical":"https:\/\/www.organisator.ch\/de\/allgemein\/2018-07-17\/die-wichtigkeit-von-storytelling-bei-fuehrungkraeften\/","og_locale":"de_DE","og_type":"article","og_title":"Die Wichtigkeit von Storytelling bei F\u00fchrungskr\u00e4ften - Organisator","og_description":"Storytelling, beziehungsweise eine Geschichte erz\u00e4hlen, ist kein Pitch, schreibt die Gesch\u00e4ftsf\u00fchrerin von Mashup Communications.","og_url":"https:\/\/www.organisator.ch\/de\/allgemein\/2018-07-17\/die-wichtigkeit-von-storytelling-bei-fuehrungkraeften\/","og_site_name":"Organisator","article_publisher":"https:\/\/www.facebook.com\/OrganisatorFachmagazin","article_published_time":"2018-07-17T12:42:08+00:00","og_image":[{"width":2560,"height":1920,"url":"https:\/\/www.organisator.ch\/wp-content\/uploads\/2018\/07\/Storytelling_org-organisator_jeff-sheldon-2556-unsplash-scaled.jpg","type":"image\/jpeg"}],"author":"michael.merz","twitter_card":"summary_large_image","schema":{"@context":"https:\/\/schema.org","@graph":[{"@type":"Article","@id":"https:\/\/www.organisator.ch\/en\/general\/2018-07-17\/die-wichtigkeit-von-storytelling-bei-fuehrungkraeften\/#article","isPartOf":{"@id":"https:\/\/www.organisator.ch\/en\/general\/2018-07-17\/die-wichtigkeit-von-storytelling-bei-fuehrungkraeften\/"},"author":{"name":"michael.merz","@id":"https:\/\/www.organisator.ch\/#\/schema\/person\/134708ca9321c57b0362cceb7948ffbd"},"headline":"Die Wichtigkeit von Storytelling bei F\u00fchrungskr\u00e4ften","datePublished":"2018-07-17T12:42:08+00:00","mainEntityOfPage":{"@id":"https:\/\/www.organisator.ch\/en\/general\/2018-07-17\/die-wichtigkeit-von-storytelling-bei-fuehrungkraeften\/"},"wordCount":939,"commentCount":0,"publisher":{"@id":"https:\/\/www.organisator.ch\/#organization"},"image":{"@id":"https:\/\/www.organisator.ch\/en\/general\/2018-07-17\/die-wichtigkeit-von-storytelling-bei-fuehrungkraeften\/#primaryimage"},"thumbnailUrl":"https:\/\/www.organisator.ch\/wp-content\/uploads\/2018\/07\/Storytelling_org-organisator_jeff-sheldon-2556-unsplash-scaled.jpg","keywords":["Kommunikation","Recruiting","Storytelling","Wissensmanagement"],"inLanguage":"de"},{"@type":"WebPage","@id":"https:\/\/www.organisator.ch\/en\/general\/2018-07-17\/die-wichtigkeit-von-storytelling-bei-fuehrungkraeften\/","url":"https:\/\/www.organisator.ch\/en\/general\/2018-07-17\/die-wichtigkeit-von-storytelling-bei-fuehrungkraeften\/","name":"Die Wichtigkeit von Storytelling bei F\u00fchrungskr\u00e4ften - Organisator","isPartOf":{"@id":"https:\/\/www.organisator.ch\/#website"},"primaryImageOfPage":{"@id":"https:\/\/www.organisator.ch\/en\/general\/2018-07-17\/die-wichtigkeit-von-storytelling-bei-fuehrungkraeften\/#primaryimage"},"image":{"@id":"https:\/\/www.organisator.ch\/en\/general\/2018-07-17\/die-wichtigkeit-von-storytelling-bei-fuehrungkraeften\/#primaryimage"},"thumbnailUrl":"https:\/\/www.organisator.ch\/wp-content\/uploads\/2018\/07\/Storytelling_org-organisator_jeff-sheldon-2556-unsplash-scaled.jpg","datePublished":"2018-07-17T12:42:08+00:00","description":"Storytelling, beziehungsweise eine Geschichte erz\u00e4hlen, ist kein Pitch, schreibt die Gesch\u00e4ftsf\u00fchrerin von Mashup Communications.","breadcrumb":{"@id":"https:\/\/www.organisator.ch\/en\/general\/2018-07-17\/die-wichtigkeit-von-storytelling-bei-fuehrungkraeften\/#breadcrumb"},"inLanguage":"de","potentialAction":[{"@type":"ReadAction","target":["https:\/\/www.organisator.ch\/en\/general\/2018-07-17\/die-wichtigkeit-von-storytelling-bei-fuehrungkraeften\/"]}]},{"@type":"ImageObject","inLanguage":"de","@id":"https:\/\/www.organisator.ch\/en\/general\/2018-07-17\/die-wichtigkeit-von-storytelling-bei-fuehrungkraeften\/#primaryimage","url":"https:\/\/www.organisator.ch\/wp-content\/uploads\/2018\/07\/Storytelling_org-organisator_jeff-sheldon-2556-unsplash-scaled.jpg","contentUrl":"https:\/\/www.organisator.ch\/wp-content\/uploads\/2018\/07\/Storytelling_org-organisator_jeff-sheldon-2556-unsplash-scaled.jpg","width":2560,"height":1920,"caption":"Storytelling liegt nicht jedem, speziell auch, wenn es um eine direkte, bildhafte Botschaft geht. (Bild: unsplash.com)"},{"@type":"BreadcrumbList","@id":"https:\/\/www.organisator.ch\/en\/general\/2018-07-17\/die-wichtigkeit-von-storytelling-bei-fuehrungkraeften\/#breadcrumb","itemListElement":[{"@type":"ListItem","position":1,"name":"Home","item":"https:\/\/www.organisator.ch\/"},{"@type":"ListItem","position":2,"name":"Die Wichtigkeit von Storytelling bei F\u00fchrungskr\u00e4ften"}]},{"@type":"WebSite","@id":"https:\/\/www.organisator.ch\/#website","url":"https:\/\/www.organisator.ch\/","name":"Organisator","description":"Kompetent. Praxisnah. Der ORGANISATOR bereitet in 10 Ausgaben pro Jahr die wesentlichen Themen f\u00fcr F\u00fchrungskr\u00e4fte von KMU auf.","publisher":{"@id":"https:\/\/www.organisator.ch\/#organization"},"potentialAction":[{"@type":"SearchAction","target":{"@type":"EntryPoint","urlTemplate":"https:\/\/www.organisator.ch\/?s={search_term_string}"},"query-input":{"@type":"PropertyValueSpecification","valueRequired":true,"valueName":"search_term_string"}}],"inLanguage":"de"},{"@type":"Organization","@id":"https:\/\/www.organisator.ch\/#organization","name":"Organisator","url":"https:\/\/www.organisator.ch\/","logo":{"@type":"ImageObject","inLanguage":"de","@id":"https:\/\/www.organisator.ch\/#\/schema\/logo\/image\/","url":"https:\/\/www.organisator.ch\/wp-content\/uploads\/2022\/01\/Logo_Organisator_Website.png","contentUrl":"https:\/\/www.organisator.ch\/wp-content\/uploads\/2022\/01\/Logo_Organisator_Website.png","width":800,"height":77,"caption":"Organisator"},"image":{"@id":"https:\/\/www.organisator.ch\/#\/schema\/logo\/image\/"},"sameAs":["https:\/\/www.facebook.com\/OrganisatorFachmagazin","https:\/\/www.linkedin.com\/showcase\/organisator-das-magazin-fr-kmu","https:\/\/www.xing.com\/news\/pages\/organisator-ch-695","https:\/\/www.youtube.com\/channel\/UCGP2Sq0iWaZwT3BdIAQFYpw"]},{"@type":"Person","@id":"https:\/\/www.organisator.ch\/#\/schema\/person\/134708ca9321c57b0362cceb7948ffbd","name":"michael.merz","image":{"@type":"ImageObject","inLanguage":"de","@id":"https:\/\/secure.gravatar.com\/avatar\/?s=96&d=mm&r=g","url":"https:\/\/secure.gravatar.com\/avatar\/?s=96&d=mm&r=g","contentUrl":"https:\/\/secure.gravatar.com\/avatar\/?s=96&d=mm&r=g","caption":"michael.merz"},"url":"https:\/\/www.organisator.ch\/de\/author\/michael-merz\/"}]}},"_links":{"self":[{"href":"https:\/\/www.organisator.ch\/de\/wp-json\/wp\/v2\/posts\/3947","targetHints":{"allow":["GET"]}}],"collection":[{"href":"https:\/\/www.organisator.ch\/de\/wp-json\/wp\/v2\/posts"}],"about":[{"href":"https:\/\/www.organisator.ch\/de\/wp-json\/wp\/v2\/types\/post"}],"author":[{"embeddable":true,"href":"https:\/\/www.organisator.ch\/de\/wp-json\/wp\/v2\/users\/5"}],"replies":[{"embeddable":true,"href":"https:\/\/www.organisator.ch\/de\/wp-json\/wp\/v2\/comments?post=3947"}],"version-history":[{"count":0,"href":"https:\/\/www.organisator.ch\/de\/wp-json\/wp\/v2\/posts\/3947\/revisions"}],"wp:featuredmedia":[{"embeddable":true,"href":"https:\/\/www.organisator.ch\/de\/wp-json\/wp\/v2\/media\/3948"}],"wp:attachment":[{"href":"https:\/\/www.organisator.ch\/de\/wp-json\/wp\/v2\/media?parent=3947"}],"wp:term":[{"taxonomy":"category","embeddable":true,"href":"https:\/\/www.organisator.ch\/de\/wp-json\/wp\/v2\/categories?post=3947"},{"taxonomy":"post_tag","embeddable":true,"href":"https:\/\/www.organisator.ch\/de\/wp-json\/wp\/v2\/tags?post=3947"}],"curies":[{"name":"wp","href":"https:\/\/api.w.org\/{rel}","templated":true}]}}