{"id":3951,"date":"2018-07-19T09:28:50","date_gmt":"2018-07-19T07:28:50","guid":{"rendered":"https:\/\/www.organisator.ch\/?p=3951"},"modified":"2018-07-19T09:28:50","modified_gmt":"2018-07-19T07:28:50","slug":"buchtipp-analysiere-das-web","status":"publish","type":"post","link":"https:\/\/www.organisator.ch\/de\/allgemein\/2018-07-19\/buchtipp-analysiere-das-web\/","title":{"rendered":"Buchtipp: Analysiere das Web!"},"content":{"rendered":"<header>\n<figure id=\"attachment_3952\" aria-describedby=\"caption-attachment-3952\" style=\"width: 525px\" class=\"wp-caption alignnone\"><img loading=\"lazy\" decoding=\"async\" class=\"size-full wp-image-3952\" src=\"https:\/\/www.organisator.ch\/wp-content\/uploads\/2018\/07\/analysiere-das-web-evertz-de-30303.png\" alt=\"\" width=\"525\" height=\"760\" srcset=\"https:\/\/www.organisator.ch\/wp-content\/uploads\/2018\/07\/analysiere-das-web-evertz-de-30303.png 525w, https:\/\/www.organisator.ch\/wp-content\/uploads\/2018\/07\/analysiere-das-web-evertz-de-30303-8x12.png 8w, https:\/\/www.organisator.ch\/wp-content\/uploads\/2018\/07\/analysiere-das-web-evertz-de-30303-121x175.png 121w, https:\/\/www.organisator.ch\/wp-content\/uploads\/2018\/07\/analysiere-das-web-evertz-de-30303-242x350.png 242w, https:\/\/www.organisator.ch\/wp-content\/uploads\/2018\/07\/analysiere-das-web-evertz-de-30303-300x434.png 300w\" sizes=\"auto, (max-width: 525px) 100vw, 525px\" \/><figcaption id=\"caption-attachment-3952\" class=\"wp-caption-text\">Ein neues, aufschlussreiches Buch aus dem Haufe Verlag. (Bild: zVg)<\/figcaption><\/figure>\n<p>Der Umgang mit Social Media professionalisiert sich zusehends. Immer mehr Unternehmen interessieren sich nicht nur daf\u00fcr, wie hoch ihre Fan- und Follower-Zahlen im Vergleich zu denen der Konkurrenz sind. Sie wollen einen fundierten \u00dcberblick dar\u00fcber, wie, wo und in welchem Tonfall \u00fcber sie gesprochen wird.<\/p>\n<\/header>\n<section class=\"article-content\">Diesem Wunsch tr\u00e4gt ein stattliches Angebot an Tools Rechnung. Gleichzeitig herrscht Begriffsverwirrung: Was ist Analytics, was Monitoring? Brauche ich ein Tool f\u00fcr Engagement oder ist das Sache des Community-Managements?Stefan Evertz ist ein Mann vom Fach und liefert in seinem Buch einen guten \u00dcberblick \u00fcber die aktuelle Angebotslandschaft sowie sinnvolle Tipps f\u00fcr die Toolauswahl und f\u00fcr laufende Prozesse. Get Abstract empfiehlt das Buch allen Marketingprofis, die in Sachen Social Media mehr wissen wollen.<\/p>\n<\/section>\n<p><em>Stefan Evertz: &#8222;Analysiere das Web!&#8220;, Verlag: Haufe Verlag 2018\/ ISBN: 9783648104040<\/em><\/p>\n<p><a href=\"https:\/\/shop.haufe.de\/\">shop.haufe.de<\/a><\/p>\n<section class=\"article-content\"><em>In Kooperation mit getAbstract, Luzern:<\/em><em>Get Abstract-Bewertung: 8<\/em><br \/>\n<em>Umsetzbarkeit: 10<\/em><br \/>\n<em>Innovationsgrad: 8<\/em><br \/>\n<em>Stil: 6<\/em><\/p>\n<\/section>\n","protected":false},"excerpt":{"rendered":"<p>Der Umgang mit Social Media professionalisiert sich zusehends. Immer mehr Unternehmen interessieren sich nicht nur daf\u00fcr, wie hoch ihre Fan- und Follower-Zahlen im Vergleich zu denen der Konkurrenz sind. Sie wollen einen fundierten \u00dcberblick dar\u00fcber, wie, wo und in welchem Tonfall \u00fcber sie gesprochen wird. Diesem Wunsch tr\u00e4gt ein stattliches Angebot an Tools Rechnung. Gleichzeitig [&hellip;]<\/p>\n","protected":false},"author":5,"featured_media":3952,"comment_status":"open","ping_status":"open","sticky":false,"template":"","format":"standard","meta":{"_acf_changed":false,"_yoast_wpseo_focuskw":"Analysiere das Web!","_yoast_wpseo_metadesc":"Im Buch \u00abAnalysiere das Web!\u00bb erkl\u00e4rt der Autor Stefan Evertz welche Begriffe, Kennzahlen und Tools beim Social-Media-Monitoring relevant sind.","articlekey":"","footnotes":""},"categories":[1],"tags":[92,95,156,208],"class_list":["post-3951","post","type-post","status-publish","format-standard","has-post-thumbnail","hentry","category-allgemein","tag-buch","tag-buchtipps","tag-digitalisierung","tag-fit-im-job"],"acf":[],"yoast_head":"<!-- This site is optimized with the Yoast SEO plugin v27.5 - https:\/\/yoast.com\/product\/yoast-seo-wordpress\/ -->\n<title>Buchtipp: Analysiere das Web! - Organisator<\/title>\n<meta name=\"description\" content=\"Im Buch \u00abAnalysiere das Web!\u00bb erkl\u00e4rt der Autor Stefan Evertz welche Begriffe, Kennzahlen und Tools beim Social-Media-Monitoring relevant sind.\" \/>\n<meta name=\"robots\" content=\"index, follow, max-snippet:-1, max-image-preview:large, max-video-preview:-1\" \/>\n<link rel=\"canonical\" href=\"https:\/\/www.organisator.ch\/de\/allgemein\/2018-07-19\/buchtipp-analysiere-das-web\/\" \/>\n<meta property=\"og:locale\" content=\"de_DE\" \/>\n<meta property=\"og:type\" content=\"article\" \/>\n<meta property=\"og:title\" content=\"Buchtipp: Analysiere das Web! - Organisator\" \/>\n<meta property=\"og:description\" content=\"Im Buch \u00abAnalysiere das Web!\u00bb erkl\u00e4rt der Autor Stefan Evertz welche Begriffe, Kennzahlen und Tools beim Social-Media-Monitoring relevant sind.\" \/>\n<meta property=\"og:url\" content=\"https:\/\/www.organisator.ch\/de\/allgemein\/2018-07-19\/buchtipp-analysiere-das-web\/\" \/>\n<meta property=\"og:site_name\" content=\"Organisator\" \/>\n<meta property=\"article:publisher\" content=\"https:\/\/www.facebook.com\/OrganisatorFachmagazin\" \/>\n<meta property=\"article:published_time\" content=\"2018-07-19T07:28:50+00:00\" \/>\n<meta property=\"og:image\" content=\"https:\/\/www.organisator.ch\/wp-content\/uploads\/2018\/07\/analysiere-das-web-evertz-de-30303.png\" \/>\n\t<meta property=\"og:image:width\" content=\"525\" \/>\n\t<meta property=\"og:image:height\" content=\"760\" \/>\n\t<meta property=\"og:image:type\" content=\"image\/png\" \/>\n<meta name=\"author\" content=\"michael.merz\" \/>\n<meta name=\"twitter:card\" content=\"summary_large_image\" \/>\n<script type=\"application\/ld+json\" class=\"yoast-schema-graph\">{\"@context\":\"https:\\\/\\\/schema.org\",\"@graph\":[{\"@type\":\"Article\",\"@id\":\"https:\\\/\\\/www.organisator.ch\\\/en\\\/general\\\/2018-07-19\\\/buchtipp-analysiere-das-web\\\/#article\",\"isPartOf\":{\"@id\":\"https:\\\/\\\/www.organisator.ch\\\/en\\\/general\\\/2018-07-19\\\/buchtipp-analysiere-das-web\\\/\"},\"author\":{\"name\":\"michael.merz\",\"@id\":\"https:\\\/\\\/www.organisator.ch\\\/#\\\/schema\\\/person\\\/134708ca9321c57b0362cceb7948ffbd\"},\"headline\":\"Buchtipp: Analysiere das Web!\",\"datePublished\":\"2018-07-19T07:28:50+00:00\",\"mainEntityOfPage\":{\"@id\":\"https:\\\/\\\/www.organisator.ch\\\/en\\\/general\\\/2018-07-19\\\/buchtipp-analysiere-das-web\\\/\"},\"wordCount\":167,\"commentCount\":0,\"publisher\":{\"@id\":\"https:\\\/\\\/www.organisator.ch\\\/#organization\"},\"image\":{\"@id\":\"https:\\\/\\\/www.organisator.ch\\\/en\\\/general\\\/2018-07-19\\\/buchtipp-analysiere-das-web\\\/#primaryimage\"},\"thumbnailUrl\":\"https:\\\/\\\/www.organisator.ch\\\/wp-content\\\/uploads\\\/2018\\\/07\\\/analysiere-das-web-evertz-de-30303.png\",\"keywords\":[\"Buch\",\"Buchtipps\",\"Digitalisierung\",\"Fit im Job\"],\"inLanguage\":\"de\"},{\"@type\":\"WebPage\",\"@id\":\"https:\\\/\\\/www.organisator.ch\\\/en\\\/general\\\/2018-07-19\\\/buchtipp-analysiere-das-web\\\/\",\"url\":\"https:\\\/\\\/www.organisator.ch\\\/en\\\/general\\\/2018-07-19\\\/buchtipp-analysiere-das-web\\\/\",\"name\":\"Buchtipp: Analysiere das Web! - Organisator\",\"isPartOf\":{\"@id\":\"https:\\\/\\\/www.organisator.ch\\\/#website\"},\"primaryImageOfPage\":{\"@id\":\"https:\\\/\\\/www.organisator.ch\\\/en\\\/general\\\/2018-07-19\\\/buchtipp-analysiere-das-web\\\/#primaryimage\"},\"image\":{\"@id\":\"https:\\\/\\\/www.organisator.ch\\\/en\\\/general\\\/2018-07-19\\\/buchtipp-analysiere-das-web\\\/#primaryimage\"},\"thumbnailUrl\":\"https:\\\/\\\/www.organisator.ch\\\/wp-content\\\/uploads\\\/2018\\\/07\\\/analysiere-das-web-evertz-de-30303.png\",\"datePublished\":\"2018-07-19T07:28:50+00:00\",\"description\":\"Im Buch \u00abAnalysiere das Web!\u00bb erkl\u00e4rt der Autor Stefan Evertz welche Begriffe, Kennzahlen und Tools beim Social-Media-Monitoring relevant sind.\",\"breadcrumb\":{\"@id\":\"https:\\\/\\\/www.organisator.ch\\\/en\\\/general\\\/2018-07-19\\\/buchtipp-analysiere-das-web\\\/#breadcrumb\"},\"inLanguage\":\"de\",\"potentialAction\":[{\"@type\":\"ReadAction\",\"target\":[\"https:\\\/\\\/www.organisator.ch\\\/en\\\/general\\\/2018-07-19\\\/buchtipp-analysiere-das-web\\\/\"]}]},{\"@type\":\"ImageObject\",\"inLanguage\":\"de\",\"@id\":\"https:\\\/\\\/www.organisator.ch\\\/en\\\/general\\\/2018-07-19\\\/buchtipp-analysiere-das-web\\\/#primaryimage\",\"url\":\"https:\\\/\\\/www.organisator.ch\\\/wp-content\\\/uploads\\\/2018\\\/07\\\/analysiere-das-web-evertz-de-30303.png\",\"contentUrl\":\"https:\\\/\\\/www.organisator.ch\\\/wp-content\\\/uploads\\\/2018\\\/07\\\/analysiere-das-web-evertz-de-30303.png\",\"width\":525,\"height\":760,\"caption\":\"Ein neues, aufschlussreiches Buch aus dem Haufe Verlag. (Bild: zVg)\"},{\"@type\":\"BreadcrumbList\",\"@id\":\"https:\\\/\\\/www.organisator.ch\\\/en\\\/general\\\/2018-07-19\\\/buchtipp-analysiere-das-web\\\/#breadcrumb\",\"itemListElement\":[{\"@type\":\"ListItem\",\"position\":1,\"name\":\"Home\",\"item\":\"https:\\\/\\\/www.organisator.ch\\\/\"},{\"@type\":\"ListItem\",\"position\":2,\"name\":\"Buchtipp: Analysiere das Web!\"}]},{\"@type\":\"WebSite\",\"@id\":\"https:\\\/\\\/www.organisator.ch\\\/#website\",\"url\":\"https:\\\/\\\/www.organisator.ch\\\/\",\"name\":\"Organisator\",\"description\":\"Kompetent. Praxisnah. Der ORGANISATOR bereitet in 10 Ausgaben pro Jahr die wesentlichen Themen f\u00fcr F\u00fchrungskr\u00e4fte von KMU auf.\",\"publisher\":{\"@id\":\"https:\\\/\\\/www.organisator.ch\\\/#organization\"},\"potentialAction\":[{\"@type\":\"SearchAction\",\"target\":{\"@type\":\"EntryPoint\",\"urlTemplate\":\"https:\\\/\\\/www.organisator.ch\\\/?s={search_term_string}\"},\"query-input\":{\"@type\":\"PropertyValueSpecification\",\"valueRequired\":true,\"valueName\":\"search_term_string\"}}],\"inLanguage\":\"de\"},{\"@type\":\"Organization\",\"@id\":\"https:\\\/\\\/www.organisator.ch\\\/#organization\",\"name\":\"Organisator\",\"url\":\"https:\\\/\\\/www.organisator.ch\\\/\",\"logo\":{\"@type\":\"ImageObject\",\"inLanguage\":\"de\",\"@id\":\"https:\\\/\\\/www.organisator.ch\\\/#\\\/schema\\\/logo\\\/image\\\/\",\"url\":\"https:\\\/\\\/www.organisator.ch\\\/wp-content\\\/uploads\\\/2022\\\/01\\\/Logo_Organisator_Website.png\",\"contentUrl\":\"https:\\\/\\\/www.organisator.ch\\\/wp-content\\\/uploads\\\/2022\\\/01\\\/Logo_Organisator_Website.png\",\"width\":800,\"height\":77,\"caption\":\"Organisator\"},\"image\":{\"@id\":\"https:\\\/\\\/www.organisator.ch\\\/#\\\/schema\\\/logo\\\/image\\\/\"},\"sameAs\":[\"https:\\\/\\\/www.facebook.com\\\/OrganisatorFachmagazin\",\"https:\\\/\\\/www.linkedin.com\\\/showcase\\\/organisator-das-magazin-fr-kmu\",\"https:\\\/\\\/www.xing.com\\\/news\\\/pages\\\/organisator-ch-695\",\"https:\\\/\\\/www.youtube.com\\\/channel\\\/UCGP2Sq0iWaZwT3BdIAQFYpw\"]},{\"@type\":\"Person\",\"@id\":\"https:\\\/\\\/www.organisator.ch\\\/#\\\/schema\\\/person\\\/134708ca9321c57b0362cceb7948ffbd\",\"name\":\"michael.merz\",\"image\":{\"@type\":\"ImageObject\",\"inLanguage\":\"de\",\"@id\":\"https:\\\/\\\/secure.gravatar.com\\\/avatar\\\/?s=96&d=mm&r=g\",\"url\":\"https:\\\/\\\/secure.gravatar.com\\\/avatar\\\/?s=96&d=mm&r=g\",\"contentUrl\":\"https:\\\/\\\/secure.gravatar.com\\\/avatar\\\/?s=96&d=mm&r=g\",\"caption\":\"michael.merz\"},\"url\":\"https:\\\/\\\/www.organisator.ch\\\/de\\\/author\\\/michael-merz\\\/\"}]}<\/script>\n<!-- \/ Yoast SEO plugin. -->","yoast_head_json":{"title":"Buchtipp: Analysiere das Web! - Organisator","description":"Im Buch \u00abAnalysiere das Web!\u00bb erkl\u00e4rt der Autor Stefan Evertz welche Begriffe, Kennzahlen und Tools beim Social-Media-Monitoring relevant sind.","robots":{"index":"index","follow":"follow","max-snippet":"max-snippet:-1","max-image-preview":"max-image-preview:large","max-video-preview":"max-video-preview:-1"},"canonical":"https:\/\/www.organisator.ch\/de\/allgemein\/2018-07-19\/buchtipp-analysiere-das-web\/","og_locale":"de_DE","og_type":"article","og_title":"Buchtipp: Analysiere das Web! - Organisator","og_description":"Im Buch \u00abAnalysiere das Web!\u00bb erkl\u00e4rt der Autor Stefan Evertz welche Begriffe, Kennzahlen und Tools beim Social-Media-Monitoring relevant sind.","og_url":"https:\/\/www.organisator.ch\/de\/allgemein\/2018-07-19\/buchtipp-analysiere-das-web\/","og_site_name":"Organisator","article_publisher":"https:\/\/www.facebook.com\/OrganisatorFachmagazin","article_published_time":"2018-07-19T07:28:50+00:00","og_image":[{"width":525,"height":760,"url":"https:\/\/www.organisator.ch\/wp-content\/uploads\/2018\/07\/analysiere-das-web-evertz-de-30303.png","type":"image\/png"}],"author":"michael.merz","twitter_card":"summary_large_image","schema":{"@context":"https:\/\/schema.org","@graph":[{"@type":"Article","@id":"https:\/\/www.organisator.ch\/en\/general\/2018-07-19\/buchtipp-analysiere-das-web\/#article","isPartOf":{"@id":"https:\/\/www.organisator.ch\/en\/general\/2018-07-19\/buchtipp-analysiere-das-web\/"},"author":{"name":"michael.merz","@id":"https:\/\/www.organisator.ch\/#\/schema\/person\/134708ca9321c57b0362cceb7948ffbd"},"headline":"Buchtipp: Analysiere das Web!","datePublished":"2018-07-19T07:28:50+00:00","mainEntityOfPage":{"@id":"https:\/\/www.organisator.ch\/en\/general\/2018-07-19\/buchtipp-analysiere-das-web\/"},"wordCount":167,"commentCount":0,"publisher":{"@id":"https:\/\/www.organisator.ch\/#organization"},"image":{"@id":"https:\/\/www.organisator.ch\/en\/general\/2018-07-19\/buchtipp-analysiere-das-web\/#primaryimage"},"thumbnailUrl":"https:\/\/www.organisator.ch\/wp-content\/uploads\/2018\/07\/analysiere-das-web-evertz-de-30303.png","keywords":["Buch","Buchtipps","Digitalisierung","Fit im Job"],"inLanguage":"de"},{"@type":"WebPage","@id":"https:\/\/www.organisator.ch\/en\/general\/2018-07-19\/buchtipp-analysiere-das-web\/","url":"https:\/\/www.organisator.ch\/en\/general\/2018-07-19\/buchtipp-analysiere-das-web\/","name":"Buchtipp: Analysiere das Web! - Organisator","isPartOf":{"@id":"https:\/\/www.organisator.ch\/#website"},"primaryImageOfPage":{"@id":"https:\/\/www.organisator.ch\/en\/general\/2018-07-19\/buchtipp-analysiere-das-web\/#primaryimage"},"image":{"@id":"https:\/\/www.organisator.ch\/en\/general\/2018-07-19\/buchtipp-analysiere-das-web\/#primaryimage"},"thumbnailUrl":"https:\/\/www.organisator.ch\/wp-content\/uploads\/2018\/07\/analysiere-das-web-evertz-de-30303.png","datePublished":"2018-07-19T07:28:50+00:00","description":"Im Buch \u00abAnalysiere das Web!\u00bb erkl\u00e4rt der Autor Stefan Evertz welche Begriffe, Kennzahlen und Tools beim Social-Media-Monitoring relevant sind.","breadcrumb":{"@id":"https:\/\/www.organisator.ch\/en\/general\/2018-07-19\/buchtipp-analysiere-das-web\/#breadcrumb"},"inLanguage":"de","potentialAction":[{"@type":"ReadAction","target":["https:\/\/www.organisator.ch\/en\/general\/2018-07-19\/buchtipp-analysiere-das-web\/"]}]},{"@type":"ImageObject","inLanguage":"de","@id":"https:\/\/www.organisator.ch\/en\/general\/2018-07-19\/buchtipp-analysiere-das-web\/#primaryimage","url":"https:\/\/www.organisator.ch\/wp-content\/uploads\/2018\/07\/analysiere-das-web-evertz-de-30303.png","contentUrl":"https:\/\/www.organisator.ch\/wp-content\/uploads\/2018\/07\/analysiere-das-web-evertz-de-30303.png","width":525,"height":760,"caption":"Ein neues, aufschlussreiches Buch aus dem Haufe Verlag. (Bild: zVg)"},{"@type":"BreadcrumbList","@id":"https:\/\/www.organisator.ch\/en\/general\/2018-07-19\/buchtipp-analysiere-das-web\/#breadcrumb","itemListElement":[{"@type":"ListItem","position":1,"name":"Home","item":"https:\/\/www.organisator.ch\/"},{"@type":"ListItem","position":2,"name":"Buchtipp: Analysiere das Web!"}]},{"@type":"WebSite","@id":"https:\/\/www.organisator.ch\/#website","url":"https:\/\/www.organisator.ch\/","name":"Organisator","description":"Kompetent. Praxisnah. Der ORGANISATOR bereitet in 10 Ausgaben pro Jahr die wesentlichen Themen f\u00fcr F\u00fchrungskr\u00e4fte von KMU auf.","publisher":{"@id":"https:\/\/www.organisator.ch\/#organization"},"potentialAction":[{"@type":"SearchAction","target":{"@type":"EntryPoint","urlTemplate":"https:\/\/www.organisator.ch\/?s={search_term_string}"},"query-input":{"@type":"PropertyValueSpecification","valueRequired":true,"valueName":"search_term_string"}}],"inLanguage":"de"},{"@type":"Organization","@id":"https:\/\/www.organisator.ch\/#organization","name":"Organisator","url":"https:\/\/www.organisator.ch\/","logo":{"@type":"ImageObject","inLanguage":"de","@id":"https:\/\/www.organisator.ch\/#\/schema\/logo\/image\/","url":"https:\/\/www.organisator.ch\/wp-content\/uploads\/2022\/01\/Logo_Organisator_Website.png","contentUrl":"https:\/\/www.organisator.ch\/wp-content\/uploads\/2022\/01\/Logo_Organisator_Website.png","width":800,"height":77,"caption":"Organisator"},"image":{"@id":"https:\/\/www.organisator.ch\/#\/schema\/logo\/image\/"},"sameAs":["https:\/\/www.facebook.com\/OrganisatorFachmagazin","https:\/\/www.linkedin.com\/showcase\/organisator-das-magazin-fr-kmu","https:\/\/www.xing.com\/news\/pages\/organisator-ch-695","https:\/\/www.youtube.com\/channel\/UCGP2Sq0iWaZwT3BdIAQFYpw"]},{"@type":"Person","@id":"https:\/\/www.organisator.ch\/#\/schema\/person\/134708ca9321c57b0362cceb7948ffbd","name":"michael.merz","image":{"@type":"ImageObject","inLanguage":"de","@id":"https:\/\/secure.gravatar.com\/avatar\/?s=96&d=mm&r=g","url":"https:\/\/secure.gravatar.com\/avatar\/?s=96&d=mm&r=g","contentUrl":"https:\/\/secure.gravatar.com\/avatar\/?s=96&d=mm&r=g","caption":"michael.merz"},"url":"https:\/\/www.organisator.ch\/de\/author\/michael-merz\/"}]}},"_links":{"self":[{"href":"https:\/\/www.organisator.ch\/de\/wp-json\/wp\/v2\/posts\/3951","targetHints":{"allow":["GET"]}}],"collection":[{"href":"https:\/\/www.organisator.ch\/de\/wp-json\/wp\/v2\/posts"}],"about":[{"href":"https:\/\/www.organisator.ch\/de\/wp-json\/wp\/v2\/types\/post"}],"author":[{"embeddable":true,"href":"https:\/\/www.organisator.ch\/de\/wp-json\/wp\/v2\/users\/5"}],"replies":[{"embeddable":true,"href":"https:\/\/www.organisator.ch\/de\/wp-json\/wp\/v2\/comments?post=3951"}],"version-history":[{"count":0,"href":"https:\/\/www.organisator.ch\/de\/wp-json\/wp\/v2\/posts\/3951\/revisions"}],"wp:featuredmedia":[{"embeddable":true,"href":"https:\/\/www.organisator.ch\/de\/wp-json\/wp\/v2\/media\/3952"}],"wp:attachment":[{"href":"https:\/\/www.organisator.ch\/de\/wp-json\/wp\/v2\/media?parent=3951"}],"wp:term":[{"taxonomy":"category","embeddable":true,"href":"https:\/\/www.organisator.ch\/de\/wp-json\/wp\/v2\/categories?post=3951"},{"taxonomy":"post_tag","embeddable":true,"href":"https:\/\/www.organisator.ch\/de\/wp-json\/wp\/v2\/tags?post=3951"}],"curies":[{"name":"wp","href":"https:\/\/api.w.org\/{rel}","templated":true}]}}