{"id":39564,"date":"2025-07-18T08:01:27","date_gmt":"2025-07-18T06:01:27","guid":{"rendered":"https:\/\/www.organisator.ch\/?p=39564"},"modified":"2025-09-09T08:34:40","modified_gmt":"2025-09-09T06:34:40","slug":"so-bringen-sie-ihre-karriere-im-sommer-voran","status":"publish","type":"post","link":"https:\/\/www.organisator.ch\/de\/human-resources\/2025-07-18\/so-bringen-sie-ihre-karriere-im-sommer-voran\/","title":{"rendered":"So bringen Sie Ihre Karriere im Sommer voran"},"content":{"rendered":"<figure id=\"attachment_39565\" aria-describedby=\"caption-attachment-39565\" style=\"width: 680px\" class=\"wp-caption alignnone\"><img loading=\"lazy\" decoding=\"async\" class=\"size-full wp-image-39565\" src=\"https:\/\/www.organisator.ch\/wp-content\/uploads\/2025\/07\/So-bringen-Sie-Ihre-Karriere-im-Sommer-voran_Organisator.jpg\" alt=\"\" width=\"680\" height=\"419\" srcset=\"https:\/\/www.organisator.ch\/wp-content\/uploads\/2025\/07\/So-bringen-Sie-Ihre-Karriere-im-Sommer-voran_Organisator.jpg 680w, https:\/\/www.organisator.ch\/wp-content\/uploads\/2025\/07\/So-bringen-Sie-Ihre-Karriere-im-Sommer-voran_Organisator-18x12.jpg 18w, https:\/\/www.organisator.ch\/wp-content\/uploads\/2025\/07\/So-bringen-Sie-Ihre-Karriere-im-Sommer-voran_Organisator-375x231.jpg 375w, https:\/\/www.organisator.ch\/wp-content\/uploads\/2025\/07\/So-bringen-Sie-Ihre-Karriere-im-Sommer-voran_Organisator-568x350.jpg 568w\" sizes=\"auto, (max-width: 680px) 100vw, 680px\" \/><figcaption id=\"caption-attachment-39565\" class=\"wp-caption-text\">Wie weiter mit der Karriere? Gerade im Sommer kann man sich gut Gedanken dar\u00fcber machen. (Bild: Gerd Altmann \/ Pixabay.com)<\/figcaption><\/figure>\n<p>Die ruhigen Sommermonate bieten genau die richtige Gelegenheit, sich beruflich weiterzuentwickeln \u2013 und das, ohne dass es sich nach Arbeit anf\u00fchlt. Der Personaldienstleister Robert Walters zeigt acht smarte Strategien auf, wie Sie Ihrer Karriere einen wohlverdienten Sommer-Boost verabreichen k\u00f6nnen.\u00a0<\/p>\n<h3><strong>1. Netzwerken mit Sonnenbrille\u00a0<\/strong><\/h3>\n<p>Sommerfeste, After-Work-Drinks, Strassenfeste oder Sportevents \u2013 all das sind lockere Gelegenheiten, um neue berufliche Kontakte zu kn\u00fcpfen. Bereiten Sie eine kurze Vorstellung von sich selbst vor und bringen Sie Ihr LinkedIn-Profil auf den neuesten Stand. Es k\u00f6nnte gut sein, dass jemand nach dem Gespr\u00e4ch nach Ihnen sucht.<\/p>\n<h3><strong>2. Engagieren Sie sich ehrenamtlich\u00a0<\/strong><\/h3>\n<p>Freiwilligenarbeit im Sommer kann nicht nur erf\u00fcllend sein, sondern Ihnen auch helfen, neue Kompetenzen zu entwickeln, Praxiserfahrung zu sammeln und Ihr Netzwerk zu erweitern \u2013 besonders, wenn Sie sich f\u00fcr Projekte entscheiden, die zu Ihren beruflichen Zielen passen.<\/p>\n<h3><strong>3. Machen Sie einen Sommerkurs\u00a0<\/strong><\/h3>\n<p>Ob online oder vor Ort, ob kompakt oder intensiv: Sommerkurse sind ideal, um sich in Ihrem eigenen Tempo weiterzubilden. Digitale Kommunikation, Projektmanagement, Datenanalyse oder eine neue Sprache \u2013 solche F\u00e4higkeiten werten Ihren Lebenslauf deutlich auf.<\/p>\n<h3><strong>4. Arbeiten Sie an Ihrer pers\u00f6nlichen Marke\u00a0<\/strong><\/h3>\n<p>Nutzen Sie den Sommer, um Ihre Online-Pr\u00e4senz zu \u00fcberarbeiten. Eine neue professionelle Profilaufnahme, ein aktualisiertes LinkedIn-Profil oder sogar ein eigener Blog oder eine kleine Website? Alles tr\u00e4gt dazu bei, wie Sie beruflich wahrgenommen werden. Tipp: \u00dcberpr\u00fcfen Sie auch Ihre Privatsph\u00e4re-Einstellungen in den sozialen Netzwerken. Urlaubsfotos vom Strand sind toll f\u00fcr Freunde, aber vielleicht nicht ideal f\u00fcr k\u00fcnftige Arbeitgeber.<\/p>\n<h3><strong>5. Reflektieren Sie Ihre beruflichen Ziele\u00a0<\/strong><\/h3>\n<p>Wo stehen Sie in Ihrer Karriere \u2013 und wo wollen Sie hin? Der Sommer bietet Raum zum Innehalten, Nachdenken und f\u00fcr einen frischen Blick auf Ihre langfristigen Ziele.<\/p>\n<h3><strong>6. G\u00f6nnen Sie sich bewusste Pausen\u00a0<\/strong><\/h3>\n<p>Erholung ist kein Luxus, sondern notwendig. Eine Auszeit kann Ihre Kreativit\u00e4t f\u00f6rdern und sorgt daf\u00fcr, dass Sie mit neuer Energie und frischen Ideen zur\u00fcckkehren \u2013 bereit f\u00fcr den n\u00e4chsten Karriereschritt.<\/p>\n<h3><strong>7. Suchen Sie sich einen Mentor (oder werden Sie selbst einer)\u00a0<\/strong><\/h3>\n<p>Die ruhigere Sommerzeit ist ideal, um \u00fcber Mentoring nachzudenken. Ein Mentor kann Sie inspirieren und unterst\u00fctzen. Oder \u00fcbernehmen Sie selbst diese Rolle \u2013 das st\u00e4rkt Ihre F\u00fchrungskompetenz und hilft gleichzeitig anderen, sich weiterzuentwickeln.<\/p>\n<h3><strong>8. Planen Sie voraus \u2013 der Herbst kommt schneller als gedacht\u00a0<\/strong><\/h3>\n<p>Ob Fortbildungen, neue Projekte oder Fachveranstaltungen: Wer den Sommer nutzt, um die n\u00e4chsten Schritte zu planen, startet mit einem klaren Vorsprung in den Herbst.\u00a0<\/p>\n<p><strong>Fazit<\/strong>: Der Sommer muss kein karrierefreier Raum sein \u2013 im Gegenteil. Wer die warme Jahreszeit klug nutzt, kommt nicht nur erholt, sondern auch beruflich gest\u00e4rkt aus der Sommerpause zur\u00fcck.\u00a0<\/p>\n<p><em>Quelle: <a href=\"https:\/\/www.robertwalters.ch\/\">Robert Walters<\/a><\/em><\/p>\n","protected":false},"excerpt":{"rendered":"<p>Sonne, Urlaub \u2013 und Karrierekick? Wer glaubt, der Sommer sei nur zum Entspannen da, sieht das laut dem Schweizer Personalberatungsunternehmen Robert Walters nicht ganz richtig. Denn es gibt Wege, gerade im Sommer der eigenen Karriere neuen Schub zu geben. <\/p>\n","protected":false},"author":4,"featured_media":39565,"comment_status":"closed","ping_status":"closed","sticky":false,"template":"","format":"standard","meta":{"_acf_changed":false,"_yoast_wpseo_focuskw":"im Sommer","_yoast_wpseo_metadesc":"Im Urlaub soll man sich erholen. Doch man kann ihn auch nutzen, um gerade im Sommer der eigenen Karriere neuen Schub zu geben.","articlekey":"","footnotes":""},"categories":[579],"tags":[62,115,254,295],"class_list":["post-39564","post","type-post","status-publish","format-standard","has-post-thumbnail","hentry","category-human-resources","tag-aus-weiterbildung","tag-checklisten","tag-hrm","tag-karriere-tipps"],"acf":[],"yoast_head":"<!-- This site is optimized with the Yoast SEO plugin v27.4 - https:\/\/yoast.com\/product\/yoast-seo-wordpress\/ -->\n<title>So bringen Sie Ihre Karriere im Sommer voran - Organisator<\/title>\n<meta name=\"description\" content=\"Im Urlaub soll man sich erholen. Doch man kann ihn auch nutzen, um gerade im Sommer der eigenen Karriere neuen Schub zu geben.\" \/>\n<meta name=\"robots\" content=\"index, follow, max-snippet:-1, max-image-preview:large, max-video-preview:-1\" \/>\n<link rel=\"canonical\" href=\"https:\/\/www.organisator.ch\/de\/human-resources\/2025-07-18\/so-bringen-sie-ihre-karriere-im-sommer-voran\/\" \/>\n<meta property=\"og:locale\" content=\"de_DE\" \/>\n<meta property=\"og:type\" content=\"article\" \/>\n<meta property=\"og:title\" content=\"So bringen Sie Ihre Karriere im Sommer voran - Organisator\" \/>\n<meta property=\"og:description\" content=\"Im Urlaub soll man sich erholen. Doch man kann ihn auch nutzen, um gerade im Sommer der eigenen Karriere neuen Schub zu geben.\" \/>\n<meta property=\"og:url\" content=\"https:\/\/www.organisator.ch\/de\/human-resources\/2025-07-18\/so-bringen-sie-ihre-karriere-im-sommer-voran\/\" \/>\n<meta property=\"og:site_name\" content=\"Organisator\" \/>\n<meta property=\"article:publisher\" content=\"https:\/\/www.facebook.com\/OrganisatorFachmagazin\" \/>\n<meta property=\"article:published_time\" content=\"2025-07-18T06:01:27+00:00\" \/>\n<meta property=\"article:modified_time\" content=\"2025-09-09T06:34:40+00:00\" \/>\n<meta property=\"og:image\" content=\"https:\/\/www.organisator.ch\/wp-content\/uploads\/2025\/07\/So-bringen-Sie-Ihre-Karriere-im-Sommer-voran_Organisator.jpg\" \/>\n\t<meta property=\"og:image:width\" content=\"680\" \/>\n\t<meta property=\"og:image:height\" content=\"419\" \/>\n\t<meta property=\"og:image:type\" content=\"image\/jpeg\" \/>\n<meta name=\"author\" content=\"thomas.berner\" \/>\n<meta name=\"twitter:card\" content=\"summary_large_image\" \/>\n<script type=\"application\/ld+json\" class=\"yoast-schema-graph\">{\"@context\":\"https:\\\/\\\/schema.org\",\"@graph\":[{\"@type\":\"Article\",\"@id\":\"https:\\\/\\\/www.organisator.ch\\\/human-resources\\\/2025-07-18\\\/so-bringen-sie-ihre-karriere-im-sommer-voran\\\/#article\",\"isPartOf\":{\"@id\":\"https:\\\/\\\/www.organisator.ch\\\/human-resources\\\/2025-07-18\\\/so-bringen-sie-ihre-karriere-im-sommer-voran\\\/\"},\"author\":{\"name\":\"thomas.berner\",\"@id\":\"https:\\\/\\\/www.organisator.ch\\\/#\\\/schema\\\/person\\\/6f650f90b2842cd4c0cc334b4e36f67e\"},\"headline\":\"So bringen Sie Ihre Karriere im Sommer voran\",\"datePublished\":\"2025-07-18T06:01:27+00:00\",\"dateModified\":\"2025-09-09T06:34:40+00:00\",\"mainEntityOfPage\":{\"@id\":\"https:\\\/\\\/www.organisator.ch\\\/human-resources\\\/2025-07-18\\\/so-bringen-sie-ihre-karriere-im-sommer-voran\\\/\"},\"wordCount\":468,\"publisher\":{\"@id\":\"https:\\\/\\\/www.organisator.ch\\\/#organization\"},\"image\":{\"@id\":\"https:\\\/\\\/www.organisator.ch\\\/human-resources\\\/2025-07-18\\\/so-bringen-sie-ihre-karriere-im-sommer-voran\\\/#primaryimage\"},\"thumbnailUrl\":\"https:\\\/\\\/www.organisator.ch\\\/wp-content\\\/uploads\\\/2025\\\/07\\\/So-bringen-Sie-Ihre-Karriere-im-Sommer-voran_Organisator.jpg\",\"keywords\":[\"Aus-\\\/Weiterbildung\",\"Checklisten\",\"HRM\",\"Karriere Tipps\"],\"articleSection\":[\"HUMAN RESOURCES\"],\"inLanguage\":\"de\"},{\"@type\":\"WebPage\",\"@id\":\"https:\\\/\\\/www.organisator.ch\\\/human-resources\\\/2025-07-18\\\/so-bringen-sie-ihre-karriere-im-sommer-voran\\\/\",\"url\":\"https:\\\/\\\/www.organisator.ch\\\/human-resources\\\/2025-07-18\\\/so-bringen-sie-ihre-karriere-im-sommer-voran\\\/\",\"name\":\"So bringen Sie Ihre Karriere im Sommer voran - Organisator\",\"isPartOf\":{\"@id\":\"https:\\\/\\\/www.organisator.ch\\\/#website\"},\"primaryImageOfPage\":{\"@id\":\"https:\\\/\\\/www.organisator.ch\\\/human-resources\\\/2025-07-18\\\/so-bringen-sie-ihre-karriere-im-sommer-voran\\\/#primaryimage\"},\"image\":{\"@id\":\"https:\\\/\\\/www.organisator.ch\\\/human-resources\\\/2025-07-18\\\/so-bringen-sie-ihre-karriere-im-sommer-voran\\\/#primaryimage\"},\"thumbnailUrl\":\"https:\\\/\\\/www.organisator.ch\\\/wp-content\\\/uploads\\\/2025\\\/07\\\/So-bringen-Sie-Ihre-Karriere-im-Sommer-voran_Organisator.jpg\",\"datePublished\":\"2025-07-18T06:01:27+00:00\",\"dateModified\":\"2025-09-09T06:34:40+00:00\",\"description\":\"Im Urlaub soll man sich erholen. Doch man kann ihn auch nutzen, um gerade im Sommer der eigenen Karriere neuen Schub zu geben.\",\"breadcrumb\":{\"@id\":\"https:\\\/\\\/www.organisator.ch\\\/human-resources\\\/2025-07-18\\\/so-bringen-sie-ihre-karriere-im-sommer-voran\\\/#breadcrumb\"},\"inLanguage\":\"de\",\"potentialAction\":[{\"@type\":\"ReadAction\",\"target\":[\"https:\\\/\\\/www.organisator.ch\\\/human-resources\\\/2025-07-18\\\/so-bringen-sie-ihre-karriere-im-sommer-voran\\\/\"]}]},{\"@type\":\"ImageObject\",\"inLanguage\":\"de\",\"@id\":\"https:\\\/\\\/www.organisator.ch\\\/human-resources\\\/2025-07-18\\\/so-bringen-sie-ihre-karriere-im-sommer-voran\\\/#primaryimage\",\"url\":\"https:\\\/\\\/www.organisator.ch\\\/wp-content\\\/uploads\\\/2025\\\/07\\\/So-bringen-Sie-Ihre-Karriere-im-Sommer-voran_Organisator.jpg\",\"contentUrl\":\"https:\\\/\\\/www.organisator.ch\\\/wp-content\\\/uploads\\\/2025\\\/07\\\/So-bringen-Sie-Ihre-Karriere-im-Sommer-voran_Organisator.jpg\",\"width\":680,\"height\":419,\"caption\":\"Wie weiter mit der Karriere? Gerade im Sommer kann man sich gut Gedanken dar\u00fcber machen. (Bild: Gerd Altmann \\\/ Pixabay.com)\"},{\"@type\":\"BreadcrumbList\",\"@id\":\"https:\\\/\\\/www.organisator.ch\\\/human-resources\\\/2025-07-18\\\/so-bringen-sie-ihre-karriere-im-sommer-voran\\\/#breadcrumb\",\"itemListElement\":[{\"@type\":\"ListItem\",\"position\":1,\"name\":\"Home\",\"item\":\"https:\\\/\\\/www.organisator.ch\\\/\"},{\"@type\":\"ListItem\",\"position\":2,\"name\":\"So bringen Sie Ihre Karriere im Sommer voran\"}]},{\"@type\":\"WebSite\",\"@id\":\"https:\\\/\\\/www.organisator.ch\\\/#website\",\"url\":\"https:\\\/\\\/www.organisator.ch\\\/\",\"name\":\"Organisator\",\"description\":\"Kompetent. Praxisnah. Der ORGANISATOR bereitet in 10 Ausgaben pro Jahr die wesentlichen Themen f\u00fcr F\u00fchrungskr\u00e4fte von KMU auf.\",\"publisher\":{\"@id\":\"https:\\\/\\\/www.organisator.ch\\\/#organization\"},\"potentialAction\":[{\"@type\":\"SearchAction\",\"target\":{\"@type\":\"EntryPoint\",\"urlTemplate\":\"https:\\\/\\\/www.organisator.ch\\\/?s={search_term_string}\"},\"query-input\":{\"@type\":\"PropertyValueSpecification\",\"valueRequired\":true,\"valueName\":\"search_term_string\"}}],\"inLanguage\":\"de\"},{\"@type\":\"Organization\",\"@id\":\"https:\\\/\\\/www.organisator.ch\\\/#organization\",\"name\":\"Organisator\",\"url\":\"https:\\\/\\\/www.organisator.ch\\\/\",\"logo\":{\"@type\":\"ImageObject\",\"inLanguage\":\"de\",\"@id\":\"https:\\\/\\\/www.organisator.ch\\\/#\\\/schema\\\/logo\\\/image\\\/\",\"url\":\"https:\\\/\\\/www.organisator.ch\\\/wp-content\\\/uploads\\\/2022\\\/01\\\/Logo_Organisator_Website.png\",\"contentUrl\":\"https:\\\/\\\/www.organisator.ch\\\/wp-content\\\/uploads\\\/2022\\\/01\\\/Logo_Organisator_Website.png\",\"width\":800,\"height\":77,\"caption\":\"Organisator\"},\"image\":{\"@id\":\"https:\\\/\\\/www.organisator.ch\\\/#\\\/schema\\\/logo\\\/image\\\/\"},\"sameAs\":[\"https:\\\/\\\/www.facebook.com\\\/OrganisatorFachmagazin\",\"https:\\\/\\\/www.linkedin.com\\\/showcase\\\/organisator-das-magazin-fr-kmu\",\"https:\\\/\\\/www.xing.com\\\/news\\\/pages\\\/organisator-ch-695\",\"https:\\\/\\\/www.youtube.com\\\/channel\\\/UCGP2Sq0iWaZwT3BdIAQFYpw\"]},{\"@type\":\"Person\",\"@id\":\"https:\\\/\\\/www.organisator.ch\\\/#\\\/schema\\\/person\\\/6f650f90b2842cd4c0cc334b4e36f67e\",\"name\":\"thomas.berner\",\"image\":{\"@type\":\"ImageObject\",\"inLanguage\":\"de\",\"@id\":\"https:\\\/\\\/secure.gravatar.com\\\/avatar\\\/ac5001d2a36cb6c6cd3e50789007ffca834b477b74a2144564522e944eabff61?s=96&d=mm&r=g\",\"url\":\"https:\\\/\\\/secure.gravatar.com\\\/avatar\\\/ac5001d2a36cb6c6cd3e50789007ffca834b477b74a2144564522e944eabff61?s=96&d=mm&r=g\",\"contentUrl\":\"https:\\\/\\\/secure.gravatar.com\\\/avatar\\\/ac5001d2a36cb6c6cd3e50789007ffca834b477b74a2144564522e944eabff61?s=96&d=mm&r=g\",\"caption\":\"thomas.berner\"},\"url\":\"https:\\\/\\\/www.organisator.ch\\\/de\\\/author\\\/thomas-berner\\\/\"}]}<\/script>\n<!-- \/ Yoast SEO plugin. -->","yoast_head_json":{"title":"So bringen Sie Ihre Karriere im Sommer voran - Organisator","description":"Im Urlaub soll man sich erholen. Doch man kann ihn auch nutzen, um gerade im Sommer der eigenen Karriere neuen Schub zu geben.","robots":{"index":"index","follow":"follow","max-snippet":"max-snippet:-1","max-image-preview":"max-image-preview:large","max-video-preview":"max-video-preview:-1"},"canonical":"https:\/\/www.organisator.ch\/de\/human-resources\/2025-07-18\/so-bringen-sie-ihre-karriere-im-sommer-voran\/","og_locale":"de_DE","og_type":"article","og_title":"So bringen Sie Ihre Karriere im Sommer voran - Organisator","og_description":"Im Urlaub soll man sich erholen. Doch man kann ihn auch nutzen, um gerade im Sommer der eigenen Karriere neuen Schub zu geben.","og_url":"https:\/\/www.organisator.ch\/de\/human-resources\/2025-07-18\/so-bringen-sie-ihre-karriere-im-sommer-voran\/","og_site_name":"Organisator","article_publisher":"https:\/\/www.facebook.com\/OrganisatorFachmagazin","article_published_time":"2025-07-18T06:01:27+00:00","article_modified_time":"2025-09-09T06:34:40+00:00","og_image":[{"width":680,"height":419,"url":"https:\/\/www.organisator.ch\/wp-content\/uploads\/2025\/07\/So-bringen-Sie-Ihre-Karriere-im-Sommer-voran_Organisator.jpg","type":"image\/jpeg"}],"author":"thomas.berner","twitter_card":"summary_large_image","schema":{"@context":"https:\/\/schema.org","@graph":[{"@type":"Article","@id":"https:\/\/www.organisator.ch\/human-resources\/2025-07-18\/so-bringen-sie-ihre-karriere-im-sommer-voran\/#article","isPartOf":{"@id":"https:\/\/www.organisator.ch\/human-resources\/2025-07-18\/so-bringen-sie-ihre-karriere-im-sommer-voran\/"},"author":{"name":"thomas.berner","@id":"https:\/\/www.organisator.ch\/#\/schema\/person\/6f650f90b2842cd4c0cc334b4e36f67e"},"headline":"So bringen Sie Ihre Karriere im Sommer voran","datePublished":"2025-07-18T06:01:27+00:00","dateModified":"2025-09-09T06:34:40+00:00","mainEntityOfPage":{"@id":"https:\/\/www.organisator.ch\/human-resources\/2025-07-18\/so-bringen-sie-ihre-karriere-im-sommer-voran\/"},"wordCount":468,"publisher":{"@id":"https:\/\/www.organisator.ch\/#organization"},"image":{"@id":"https:\/\/www.organisator.ch\/human-resources\/2025-07-18\/so-bringen-sie-ihre-karriere-im-sommer-voran\/#primaryimage"},"thumbnailUrl":"https:\/\/www.organisator.ch\/wp-content\/uploads\/2025\/07\/So-bringen-Sie-Ihre-Karriere-im-Sommer-voran_Organisator.jpg","keywords":["Aus-\/Weiterbildung","Checklisten","HRM","Karriere Tipps"],"articleSection":["HUMAN RESOURCES"],"inLanguage":"de"},{"@type":"WebPage","@id":"https:\/\/www.organisator.ch\/human-resources\/2025-07-18\/so-bringen-sie-ihre-karriere-im-sommer-voran\/","url":"https:\/\/www.organisator.ch\/human-resources\/2025-07-18\/so-bringen-sie-ihre-karriere-im-sommer-voran\/","name":"So bringen Sie Ihre Karriere im Sommer voran - Organisator","isPartOf":{"@id":"https:\/\/www.organisator.ch\/#website"},"primaryImageOfPage":{"@id":"https:\/\/www.organisator.ch\/human-resources\/2025-07-18\/so-bringen-sie-ihre-karriere-im-sommer-voran\/#primaryimage"},"image":{"@id":"https:\/\/www.organisator.ch\/human-resources\/2025-07-18\/so-bringen-sie-ihre-karriere-im-sommer-voran\/#primaryimage"},"thumbnailUrl":"https:\/\/www.organisator.ch\/wp-content\/uploads\/2025\/07\/So-bringen-Sie-Ihre-Karriere-im-Sommer-voran_Organisator.jpg","datePublished":"2025-07-18T06:01:27+00:00","dateModified":"2025-09-09T06:34:40+00:00","description":"Im Urlaub soll man sich erholen. Doch man kann ihn auch nutzen, um gerade im Sommer der eigenen Karriere neuen Schub zu geben.","breadcrumb":{"@id":"https:\/\/www.organisator.ch\/human-resources\/2025-07-18\/so-bringen-sie-ihre-karriere-im-sommer-voran\/#breadcrumb"},"inLanguage":"de","potentialAction":[{"@type":"ReadAction","target":["https:\/\/www.organisator.ch\/human-resources\/2025-07-18\/so-bringen-sie-ihre-karriere-im-sommer-voran\/"]}]},{"@type":"ImageObject","inLanguage":"de","@id":"https:\/\/www.organisator.ch\/human-resources\/2025-07-18\/so-bringen-sie-ihre-karriere-im-sommer-voran\/#primaryimage","url":"https:\/\/www.organisator.ch\/wp-content\/uploads\/2025\/07\/So-bringen-Sie-Ihre-Karriere-im-Sommer-voran_Organisator.jpg","contentUrl":"https:\/\/www.organisator.ch\/wp-content\/uploads\/2025\/07\/So-bringen-Sie-Ihre-Karriere-im-Sommer-voran_Organisator.jpg","width":680,"height":419,"caption":"Wie weiter mit der Karriere? Gerade im Sommer kann man sich gut Gedanken dar\u00fcber machen. (Bild: Gerd Altmann \/ Pixabay.com)"},{"@type":"BreadcrumbList","@id":"https:\/\/www.organisator.ch\/human-resources\/2025-07-18\/so-bringen-sie-ihre-karriere-im-sommer-voran\/#breadcrumb","itemListElement":[{"@type":"ListItem","position":1,"name":"Home","item":"https:\/\/www.organisator.ch\/"},{"@type":"ListItem","position":2,"name":"So bringen Sie Ihre Karriere im Sommer voran"}]},{"@type":"WebSite","@id":"https:\/\/www.organisator.ch\/#website","url":"https:\/\/www.organisator.ch\/","name":"Organisator","description":"Kompetent. Praxisnah. Der ORGANISATOR bereitet in 10 Ausgaben pro Jahr die wesentlichen Themen f\u00fcr F\u00fchrungskr\u00e4fte von KMU auf.","publisher":{"@id":"https:\/\/www.organisator.ch\/#organization"},"potentialAction":[{"@type":"SearchAction","target":{"@type":"EntryPoint","urlTemplate":"https:\/\/www.organisator.ch\/?s={search_term_string}"},"query-input":{"@type":"PropertyValueSpecification","valueRequired":true,"valueName":"search_term_string"}}],"inLanguage":"de"},{"@type":"Organization","@id":"https:\/\/www.organisator.ch\/#organization","name":"Organisator","url":"https:\/\/www.organisator.ch\/","logo":{"@type":"ImageObject","inLanguage":"de","@id":"https:\/\/www.organisator.ch\/#\/schema\/logo\/image\/","url":"https:\/\/www.organisator.ch\/wp-content\/uploads\/2022\/01\/Logo_Organisator_Website.png","contentUrl":"https:\/\/www.organisator.ch\/wp-content\/uploads\/2022\/01\/Logo_Organisator_Website.png","width":800,"height":77,"caption":"Organisator"},"image":{"@id":"https:\/\/www.organisator.ch\/#\/schema\/logo\/image\/"},"sameAs":["https:\/\/www.facebook.com\/OrganisatorFachmagazin","https:\/\/www.linkedin.com\/showcase\/organisator-das-magazin-fr-kmu","https:\/\/www.xing.com\/news\/pages\/organisator-ch-695","https:\/\/www.youtube.com\/channel\/UCGP2Sq0iWaZwT3BdIAQFYpw"]},{"@type":"Person","@id":"https:\/\/www.organisator.ch\/#\/schema\/person\/6f650f90b2842cd4c0cc334b4e36f67e","name":"thomas.berner","image":{"@type":"ImageObject","inLanguage":"de","@id":"https:\/\/secure.gravatar.com\/avatar\/ac5001d2a36cb6c6cd3e50789007ffca834b477b74a2144564522e944eabff61?s=96&d=mm&r=g","url":"https:\/\/secure.gravatar.com\/avatar\/ac5001d2a36cb6c6cd3e50789007ffca834b477b74a2144564522e944eabff61?s=96&d=mm&r=g","contentUrl":"https:\/\/secure.gravatar.com\/avatar\/ac5001d2a36cb6c6cd3e50789007ffca834b477b74a2144564522e944eabff61?s=96&d=mm&r=g","caption":"thomas.berner"},"url":"https:\/\/www.organisator.ch\/de\/author\/thomas-berner\/"}]}},"_links":{"self":[{"href":"https:\/\/www.organisator.ch\/de\/wp-json\/wp\/v2\/posts\/39564","targetHints":{"allow":["GET"]}}],"collection":[{"href":"https:\/\/www.organisator.ch\/de\/wp-json\/wp\/v2\/posts"}],"about":[{"href":"https:\/\/www.organisator.ch\/de\/wp-json\/wp\/v2\/types\/post"}],"author":[{"embeddable":true,"href":"https:\/\/www.organisator.ch\/de\/wp-json\/wp\/v2\/users\/4"}],"replies":[{"embeddable":true,"href":"https:\/\/www.organisator.ch\/de\/wp-json\/wp\/v2\/comments?post=39564"}],"version-history":[{"count":5,"href":"https:\/\/www.organisator.ch\/de\/wp-json\/wp\/v2\/posts\/39564\/revisions"}],"predecessor-version":[{"id":40468,"href":"https:\/\/www.organisator.ch\/de\/wp-json\/wp\/v2\/posts\/39564\/revisions\/40468"}],"wp:featuredmedia":[{"embeddable":true,"href":"https:\/\/www.organisator.ch\/de\/wp-json\/wp\/v2\/media\/39565"}],"wp:attachment":[{"href":"https:\/\/www.organisator.ch\/de\/wp-json\/wp\/v2\/media?parent=39564"}],"wp:term":[{"taxonomy":"category","embeddable":true,"href":"https:\/\/www.organisator.ch\/de\/wp-json\/wp\/v2\/categories?post=39564"},{"taxonomy":"post_tag","embeddable":true,"href":"https:\/\/www.organisator.ch\/de\/wp-json\/wp\/v2\/tags?post=39564"}],"curies":[{"name":"wp","href":"https:\/\/api.w.org\/{rel}","templated":true}]}}