{"id":39567,"date":"2025-07-21T03:32:05","date_gmt":"2025-07-21T01:32:05","guid":{"rendered":"https:\/\/www.organisator.ch\/?p=39567"},"modified":"2025-07-11T13:50:04","modified_gmt":"2025-07-11T11:50:04","slug":"fuehrungswechsel-am-departement-informatik-der-hochschule-luzern","status":"publish","type":"post","link":"https:\/\/www.organisator.ch\/de\/weiterbildung\/2025-07-21\/fuehrungswechsel-am-departement-informatik-der-hochschule-luzern\/","title":{"rendered":"F\u00fchrungswechsel am Departement Informatik der Hochschule Luzern"},"content":{"rendered":"<figure id=\"attachment_39568\" aria-describedby=\"caption-attachment-39568\" style=\"width: 680px\" class=\"wp-caption alignnone\"><img loading=\"lazy\" decoding=\"async\" class=\"size-full wp-image-39568\" src=\"https:\/\/www.organisator.ch\/wp-content\/uploads\/2025\/07\/Fuehrungswechsel-am-Departement-Informatik-der-Hochschule-Luzern_Organisator.jpg\" alt=\"\" width=\"680\" height=\"502\" srcset=\"https:\/\/www.organisator.ch\/wp-content\/uploads\/2025\/07\/Fuehrungswechsel-am-Departement-Informatik-der-Hochschule-Luzern_Organisator.jpg 680w, https:\/\/www.organisator.ch\/wp-content\/uploads\/2025\/07\/Fuehrungswechsel-am-Departement-Informatik-der-Hochschule-Luzern_Organisator-16x12.jpg 16w, https:\/\/www.organisator.ch\/wp-content\/uploads\/2025\/07\/Fuehrungswechsel-am-Departement-Informatik-der-Hochschule-Luzern_Organisator-375x277.jpg 375w, https:\/\/www.organisator.ch\/wp-content\/uploads\/2025\/07\/Fuehrungswechsel-am-Departement-Informatik-der-Hochschule-Luzern_Organisator-474x350.jpg 474w\" sizes=\"auto, (max-width: 680px) 100vw, 680px\" \/><figcaption id=\"caption-attachment-39568\" class=\"wp-caption-text\">Ab 1. September 2025 \u00fcbernimmt Sarah Hauser die Leitung im Departement Informatik der HSLU. (Bild: zVg \/ HSLU)<\/figcaption><\/figure>\n<p>Nach einem mehrstufigen Verfahren w\u00e4hlte der Fachhochschulrat Sarah Hauser zur k\u00fcnftigen Direktorin des Departements Informatik der Hochschule Luzern (HSLU). Sarah Hauser verbindet umfassende F\u00fchrungserfahrung im Hochschulbereich mit einer langj\u00e4hrigen Lehr- und Forschungst\u00e4tigkeit an verschiedenen Fachhochschulen. Als derzeitige Vizedirektorin und Verantwortliche des Bereichs Ausbildung am Departement Informatik der HSLU ist Sarah Hauser mit der Organisation bestens vertraut und konnte bereits in den vergangenen Jahren aktiv an wichtigen Neuerungen und Entwicklungen mitwirken. Als Stellvertreterin von Ren\u00e9 H\u00fcsler hatte sie das Departement bereits mehrfach interimistisch gef\u00fchrt und als Mitglied der Hochschulleitung gewirkt. Die Stabs\u00fcbergabe an sie erfolgt am 1. September 2025.<\/p>\n<p>Sarah Hausers berufliche Laufbahn begann 2001 an der ETH Z\u00fcrich, wo sie ihren Master of Science in Informatik mit den Schwerpunkten Information Security und Software Engineering abschloss. Erg\u00e4nzend besuchte sie Studieng\u00e4nge der Universit\u00e4t der K\u00fcnste in Berlin \u2013 eine Station, die pr\u00e4gend f\u00fcr ihre multiperspektivische Herangehensweise und ihr grosses Interesse an interdisziplin\u00e4ren Fragestellungen war. Praktische Erfahrungen als Informatikerin eignete sich Sarah Hauser als Software Developer bei der Skybow AG in K\u00fcsnacht sowie an der EB Z\u00fcrich und als IT Consultant bei der ERNI Consulting AG in Z\u00fcrich an.<\/p>\n<h3>Hauser und H\u00fcsler: Als Tandem neue Studieng\u00e4nge lanciert<\/h3>\n<p>Unter der Leitung von Ren\u00e9 H\u00fcsler ist das Departement Informatik stark gewachsen: Die Studierendenzahl hat sich seit der Gr\u00fcndung knapp verdreifacht (von 521 auf \u00fcber 1300), die Weiterbildungsangebote expandierten von 42 auf 90, und der Anteil an Forschungsgeldern stieg von 3,2 Millionen auf 8,6 Millionen Franken. Heute sind 330 Mitarbeitende f\u00fcr das Departement Informatik t\u00e4tig und jedes Jahr schliessen rund 200 Absolventinnen und Absolventen ab.<\/p>\n<p>Ren\u00e9 H\u00fcsler entwickelte und etablierte mit seinem F\u00fchrungsteam, zu dem auch Sarah Hauser geh\u00f6rte, innovative Studieng\u00e4nge wie Digital Ideation, Artificial Intelligence &amp; Machine Learning, Information &amp; Cyber Security sowie Immersive Technologies. Diese Studieng\u00e4nge sind\u00a0 zum Teil schweizweit einzigartig und nehmen die Bed\u00fcrfnisse von Unternehmen auf oder antizipieren sie sogar. Mit der Einf\u00fchrung von mehreren englischsprachigen Studieng\u00e4ngen trug die Departementsleitung einem internationalisierten Arbeitsmarkt in der global vernetzten Branche Rechnung. Ein Meilenstein war auch die \u00abBlockchain Zug \u2013 Joint Research Initiative\u00bb, eine Kooperation der HSLU und der Universit\u00e4t Luzern, die der Kanton Zug mit knapp 40 Millionen Franken f\u00f6rdert, um zu einem weltweit f\u00fchrenden Zentrum f\u00fcr Blockchain-Forschung zu werden.<\/p>\n<h3>Neue Aufgabe: Expertise f\u00fcr digitale Transformation<\/h3>\n<p>Ren\u00e9 H\u00fcsler widmet sich k\u00fcnftig einer neuen Herausforderung und wird seine Expertise als Bereichsleiter Digitale Entwicklungen &amp; Services in die HSLU einbringen. \u00abWir haben erkannt, dass die digitale Transformation eine zentrale Voraussetzung f\u00fcr den mittel- und langfristigen Erfolg unserer Hochschule darstellt\u00bb, so HSLU-Rektorin Barbara Bader. Mit Ren\u00e9 H\u00fcsler habe man die perfekte Besetzung gefunden. \u00abAls Direktor des Departements Informatik war er in den vergangenen Jahren am Puls der Zeit und weiss, welche technologischen Entwicklungen wirklich Relevanz haben und wie man Potenziale fr\u00fchzeitig erkennt und strategisch klug nutzt.\u00bb<\/p>\n<p><em>Quelle: <a href=\"http:\/\/www.hslu.ch\">Hochschule Luzern<\/a><\/em><\/p>\n","protected":false},"excerpt":{"rendered":"<p>Ren\u00e9 H\u00fcsler \u00fcbernimmt nach 11 Jahren Aufbau- und F\u00fchrungst\u00e4tigkeit f\u00fcr das Departement Informatik innerhalb der HSLU eine neue Funktion. Als seine Nachfolgerin hat der Fachhochschulrat der Hochschule Luzern Sarah Hauser gew\u00e4hlt.<\/p>\n","protected":false},"author":4,"featured_media":39568,"comment_status":"closed","ping_status":"closed","sticky":false,"template":"","format":"standard","meta":{"_acf_changed":false,"_yoast_wpseo_focuskw":"Departement Informatik","_yoast_wpseo_metadesc":"Sarah Hauser \u00fcbernimmt das Departement Informatik der HSLU. Ihr Vorg\u00e4nger Ren\u00e9 H\u00fcsler \u00fcbernimmt an der Hochschule eine neue Funktion.","articlekey":"","footnotes":""},"categories":[30],"tags":[192,5060,4310,381],"class_list":["post-39567","post","type-post","status-publish","format-standard","has-post-thumbnail","hentry","category-weiterbildung","tag-fachhochschulen","tag-fuehrungswechsel","tag-informatik","tag-personalia"],"acf":[],"yoast_head":"<!-- This site is optimized with the Yoast SEO plugin v27.4 - https:\/\/yoast.com\/product\/yoast-seo-wordpress\/ -->\n<title>F\u00fchrungswechsel am Departement Informatik der Hochschule Luzern - Organisator<\/title>\n<meta name=\"description\" content=\"Sarah Hauser \u00fcbernimmt das Departement Informatik der HSLU. Ihr Vorg\u00e4nger Ren\u00e9 H\u00fcsler \u00fcbernimmt an der Hochschule eine neue Funktion.\" \/>\n<meta name=\"robots\" content=\"index, follow, max-snippet:-1, max-image-preview:large, max-video-preview:-1\" \/>\n<link rel=\"canonical\" href=\"https:\/\/www.organisator.ch\/de\/weiterbildung\/2025-07-21\/fuehrungswechsel-am-departement-informatik-der-hochschule-luzern\/\" \/>\n<meta property=\"og:locale\" content=\"de_DE\" \/>\n<meta property=\"og:type\" content=\"article\" \/>\n<meta property=\"og:title\" content=\"F\u00fchrungswechsel am Departement Informatik der Hochschule Luzern\" \/>\n<meta property=\"og:description\" content=\"Sarah Hauser \u00fcbernimmt das Departement Informatik der HSLU. Ihr Vorg\u00e4nger Ren\u00e9 H\u00fcsler \u00fcbernimmt an der Hochschule eine neue Funktion.\" \/>\n<meta property=\"og:url\" content=\"https:\/\/www.organisator.ch\/de\/weiterbildung\/2025-07-21\/fuehrungswechsel-am-departement-informatik-der-hochschule-luzern\/\" \/>\n<meta property=\"og:site_name\" content=\"Organisator\" \/>\n<meta property=\"article:publisher\" content=\"https:\/\/www.facebook.com\/OrganisatorFachmagazin\" \/>\n<meta property=\"article:published_time\" content=\"2025-07-21T01:32:05+00:00\" \/>\n<meta property=\"og:image\" content=\"https:\/\/www.organisator.ch\/wp-content\/uploads\/2025\/07\/Fuehrungswechsel-am-Departement-Informatik-der-Hochschule-Luzern_Organisator.jpg\" \/>\n\t<meta property=\"og:image:width\" content=\"680\" \/>\n\t<meta property=\"og:image:height\" content=\"502\" \/>\n\t<meta property=\"og:image:type\" content=\"image\/jpeg\" \/>\n<meta name=\"author\" content=\"thomas.berner\" \/>\n<meta name=\"twitter:card\" content=\"summary_large_image\" \/>\n<meta name=\"twitter:title\" content=\"#F\u00fchrungswechsel am Departement #Informatik der Hochschule Luzern\" \/>\n<meta name=\"twitter:description\" content=\"Sarah Hauser \u00fcbernimmt das Departement #Informatik der #HSLU. Ihr Vorg\u00e4nger Ren\u00e9 H\u00fcsler \u00fcbernimmt an der Hochschule eine neue Funktion.\" \/>\n<meta name=\"twitter:image\" content=\"https:\/\/www.organisator.ch\/wp-content\/uploads\/2025\/07\/Fuehrungswechsel-am-Departement-Informatik-der-Hochschule-Luzern_Organisator.jpg\" \/>\n<script type=\"application\/ld+json\" class=\"yoast-schema-graph\">{\"@context\":\"https:\\\/\\\/schema.org\",\"@graph\":[{\"@type\":\"Article\",\"@id\":\"https:\\\/\\\/www.organisator.ch\\\/weiterbildung\\\/2025-07-21\\\/fuehrungswechsel-am-departement-informatik-der-hochschule-luzern\\\/#article\",\"isPartOf\":{\"@id\":\"https:\\\/\\\/www.organisator.ch\\\/weiterbildung\\\/2025-07-21\\\/fuehrungswechsel-am-departement-informatik-der-hochschule-luzern\\\/\"},\"author\":{\"name\":\"thomas.berner\",\"@id\":\"https:\\\/\\\/www.organisator.ch\\\/#\\\/schema\\\/person\\\/6f650f90b2842cd4c0cc334b4e36f67e\"},\"headline\":\"F\u00fchrungswechsel am Departement Informatik der Hochschule Luzern\",\"datePublished\":\"2025-07-21T01:32:05+00:00\",\"mainEntityOfPage\":{\"@id\":\"https:\\\/\\\/www.organisator.ch\\\/weiterbildung\\\/2025-07-21\\\/fuehrungswechsel-am-departement-informatik-der-hochschule-luzern\\\/\"},\"wordCount\":521,\"publisher\":{\"@id\":\"https:\\\/\\\/www.organisator.ch\\\/#organization\"},\"image\":{\"@id\":\"https:\\\/\\\/www.organisator.ch\\\/weiterbildung\\\/2025-07-21\\\/fuehrungswechsel-am-departement-informatik-der-hochschule-luzern\\\/#primaryimage\"},\"thumbnailUrl\":\"https:\\\/\\\/www.organisator.ch\\\/wp-content\\\/uploads\\\/2025\\\/07\\\/Fuehrungswechsel-am-Departement-Informatik-der-Hochschule-Luzern_Organisator.jpg\",\"keywords\":[\"Fachhochschulen\",\"F\u00fchrungswechsel\",\"Informatik\",\"Personalia\"],\"articleSection\":[\"WEITERBILDUNG\"],\"inLanguage\":\"de\"},{\"@type\":\"WebPage\",\"@id\":\"https:\\\/\\\/www.organisator.ch\\\/weiterbildung\\\/2025-07-21\\\/fuehrungswechsel-am-departement-informatik-der-hochschule-luzern\\\/\",\"url\":\"https:\\\/\\\/www.organisator.ch\\\/weiterbildung\\\/2025-07-21\\\/fuehrungswechsel-am-departement-informatik-der-hochschule-luzern\\\/\",\"name\":\"F\u00fchrungswechsel am Departement Informatik der Hochschule Luzern - Organisator\",\"isPartOf\":{\"@id\":\"https:\\\/\\\/www.organisator.ch\\\/#website\"},\"primaryImageOfPage\":{\"@id\":\"https:\\\/\\\/www.organisator.ch\\\/weiterbildung\\\/2025-07-21\\\/fuehrungswechsel-am-departement-informatik-der-hochschule-luzern\\\/#primaryimage\"},\"image\":{\"@id\":\"https:\\\/\\\/www.organisator.ch\\\/weiterbildung\\\/2025-07-21\\\/fuehrungswechsel-am-departement-informatik-der-hochschule-luzern\\\/#primaryimage\"},\"thumbnailUrl\":\"https:\\\/\\\/www.organisator.ch\\\/wp-content\\\/uploads\\\/2025\\\/07\\\/Fuehrungswechsel-am-Departement-Informatik-der-Hochschule-Luzern_Organisator.jpg\",\"datePublished\":\"2025-07-21T01:32:05+00:00\",\"description\":\"Sarah Hauser \u00fcbernimmt das Departement Informatik der HSLU. Ihr Vorg\u00e4nger Ren\u00e9 H\u00fcsler \u00fcbernimmt an der Hochschule eine neue Funktion.\",\"breadcrumb\":{\"@id\":\"https:\\\/\\\/www.organisator.ch\\\/weiterbildung\\\/2025-07-21\\\/fuehrungswechsel-am-departement-informatik-der-hochschule-luzern\\\/#breadcrumb\"},\"inLanguage\":\"de\",\"potentialAction\":[{\"@type\":\"ReadAction\",\"target\":[\"https:\\\/\\\/www.organisator.ch\\\/weiterbildung\\\/2025-07-21\\\/fuehrungswechsel-am-departement-informatik-der-hochschule-luzern\\\/\"]}]},{\"@type\":\"ImageObject\",\"inLanguage\":\"de\",\"@id\":\"https:\\\/\\\/www.organisator.ch\\\/weiterbildung\\\/2025-07-21\\\/fuehrungswechsel-am-departement-informatik-der-hochschule-luzern\\\/#primaryimage\",\"url\":\"https:\\\/\\\/www.organisator.ch\\\/wp-content\\\/uploads\\\/2025\\\/07\\\/Fuehrungswechsel-am-Departement-Informatik-der-Hochschule-Luzern_Organisator.jpg\",\"contentUrl\":\"https:\\\/\\\/www.organisator.ch\\\/wp-content\\\/uploads\\\/2025\\\/07\\\/Fuehrungswechsel-am-Departement-Informatik-der-Hochschule-Luzern_Organisator.jpg\",\"width\":680,\"height\":502,\"caption\":\"Ab 1. September 2025 \u00fcbernimmt Sarah Hauser die Leitung im Departement Informatik der HSLU. (Bild: zVg \\\/ HSLU)\"},{\"@type\":\"BreadcrumbList\",\"@id\":\"https:\\\/\\\/www.organisator.ch\\\/weiterbildung\\\/2025-07-21\\\/fuehrungswechsel-am-departement-informatik-der-hochschule-luzern\\\/#breadcrumb\",\"itemListElement\":[{\"@type\":\"ListItem\",\"position\":1,\"name\":\"Home\",\"item\":\"https:\\\/\\\/www.organisator.ch\\\/\"},{\"@type\":\"ListItem\",\"position\":2,\"name\":\"F\u00fchrungswechsel am Departement Informatik der Hochschule Luzern\"}]},{\"@type\":\"WebSite\",\"@id\":\"https:\\\/\\\/www.organisator.ch\\\/#website\",\"url\":\"https:\\\/\\\/www.organisator.ch\\\/\",\"name\":\"Organisator\",\"description\":\"Kompetent. Praxisnah. Der ORGANISATOR bereitet in 10 Ausgaben pro Jahr die wesentlichen Themen f\u00fcr F\u00fchrungskr\u00e4fte von KMU auf.\",\"publisher\":{\"@id\":\"https:\\\/\\\/www.organisator.ch\\\/#organization\"},\"potentialAction\":[{\"@type\":\"SearchAction\",\"target\":{\"@type\":\"EntryPoint\",\"urlTemplate\":\"https:\\\/\\\/www.organisator.ch\\\/?s={search_term_string}\"},\"query-input\":{\"@type\":\"PropertyValueSpecification\",\"valueRequired\":true,\"valueName\":\"search_term_string\"}}],\"inLanguage\":\"de\"},{\"@type\":\"Organization\",\"@id\":\"https:\\\/\\\/www.organisator.ch\\\/#organization\",\"name\":\"Organisator\",\"url\":\"https:\\\/\\\/www.organisator.ch\\\/\",\"logo\":{\"@type\":\"ImageObject\",\"inLanguage\":\"de\",\"@id\":\"https:\\\/\\\/www.organisator.ch\\\/#\\\/schema\\\/logo\\\/image\\\/\",\"url\":\"https:\\\/\\\/www.organisator.ch\\\/wp-content\\\/uploads\\\/2022\\\/01\\\/Logo_Organisator_Website.png\",\"contentUrl\":\"https:\\\/\\\/www.organisator.ch\\\/wp-content\\\/uploads\\\/2022\\\/01\\\/Logo_Organisator_Website.png\",\"width\":800,\"height\":77,\"caption\":\"Organisator\"},\"image\":{\"@id\":\"https:\\\/\\\/www.organisator.ch\\\/#\\\/schema\\\/logo\\\/image\\\/\"},\"sameAs\":[\"https:\\\/\\\/www.facebook.com\\\/OrganisatorFachmagazin\",\"https:\\\/\\\/www.linkedin.com\\\/showcase\\\/organisator-das-magazin-fr-kmu\",\"https:\\\/\\\/www.xing.com\\\/news\\\/pages\\\/organisator-ch-695\",\"https:\\\/\\\/www.youtube.com\\\/channel\\\/UCGP2Sq0iWaZwT3BdIAQFYpw\"]},{\"@type\":\"Person\",\"@id\":\"https:\\\/\\\/www.organisator.ch\\\/#\\\/schema\\\/person\\\/6f650f90b2842cd4c0cc334b4e36f67e\",\"name\":\"thomas.berner\",\"image\":{\"@type\":\"ImageObject\",\"inLanguage\":\"de\",\"@id\":\"https:\\\/\\\/secure.gravatar.com\\\/avatar\\\/ac5001d2a36cb6c6cd3e50789007ffca834b477b74a2144564522e944eabff61?s=96&d=mm&r=g\",\"url\":\"https:\\\/\\\/secure.gravatar.com\\\/avatar\\\/ac5001d2a36cb6c6cd3e50789007ffca834b477b74a2144564522e944eabff61?s=96&d=mm&r=g\",\"contentUrl\":\"https:\\\/\\\/secure.gravatar.com\\\/avatar\\\/ac5001d2a36cb6c6cd3e50789007ffca834b477b74a2144564522e944eabff61?s=96&d=mm&r=g\",\"caption\":\"thomas.berner\"},\"url\":\"https:\\\/\\\/www.organisator.ch\\\/de\\\/author\\\/thomas-berner\\\/\"}]}<\/script>\n<!-- \/ Yoast SEO plugin. -->","yoast_head_json":{"title":"F\u00fchrungswechsel am Departement Informatik der Hochschule Luzern - Organisator","description":"Sarah Hauser \u00fcbernimmt das Departement Informatik der HSLU. Ihr Vorg\u00e4nger Ren\u00e9 H\u00fcsler \u00fcbernimmt an der Hochschule eine neue Funktion.","robots":{"index":"index","follow":"follow","max-snippet":"max-snippet:-1","max-image-preview":"max-image-preview:large","max-video-preview":"max-video-preview:-1"},"canonical":"https:\/\/www.organisator.ch\/de\/weiterbildung\/2025-07-21\/fuehrungswechsel-am-departement-informatik-der-hochschule-luzern\/","og_locale":"de_DE","og_type":"article","og_title":"F\u00fchrungswechsel am Departement Informatik der Hochschule Luzern","og_description":"Sarah Hauser \u00fcbernimmt das Departement Informatik der HSLU. Ihr Vorg\u00e4nger Ren\u00e9 H\u00fcsler \u00fcbernimmt an der Hochschule eine neue Funktion.","og_url":"https:\/\/www.organisator.ch\/de\/weiterbildung\/2025-07-21\/fuehrungswechsel-am-departement-informatik-der-hochschule-luzern\/","og_site_name":"Organisator","article_publisher":"https:\/\/www.facebook.com\/OrganisatorFachmagazin","article_published_time":"2025-07-21T01:32:05+00:00","og_image":[{"width":680,"height":502,"url":"https:\/\/www.organisator.ch\/wp-content\/uploads\/2025\/07\/Fuehrungswechsel-am-Departement-Informatik-der-Hochschule-Luzern_Organisator.jpg","type":"image\/jpeg"}],"author":"thomas.berner","twitter_card":"summary_large_image","twitter_title":"#F\u00fchrungswechsel am Departement #Informatik der Hochschule Luzern","twitter_description":"Sarah Hauser \u00fcbernimmt das Departement #Informatik der #HSLU. Ihr Vorg\u00e4nger Ren\u00e9 H\u00fcsler \u00fcbernimmt an der Hochschule eine neue Funktion.","twitter_image":"https:\/\/www.organisator.ch\/wp-content\/uploads\/2025\/07\/Fuehrungswechsel-am-Departement-Informatik-der-Hochschule-Luzern_Organisator.jpg","schema":{"@context":"https:\/\/schema.org","@graph":[{"@type":"Article","@id":"https:\/\/www.organisator.ch\/weiterbildung\/2025-07-21\/fuehrungswechsel-am-departement-informatik-der-hochschule-luzern\/#article","isPartOf":{"@id":"https:\/\/www.organisator.ch\/weiterbildung\/2025-07-21\/fuehrungswechsel-am-departement-informatik-der-hochschule-luzern\/"},"author":{"name":"thomas.berner","@id":"https:\/\/www.organisator.ch\/#\/schema\/person\/6f650f90b2842cd4c0cc334b4e36f67e"},"headline":"F\u00fchrungswechsel am Departement Informatik der Hochschule Luzern","datePublished":"2025-07-21T01:32:05+00:00","mainEntityOfPage":{"@id":"https:\/\/www.organisator.ch\/weiterbildung\/2025-07-21\/fuehrungswechsel-am-departement-informatik-der-hochschule-luzern\/"},"wordCount":521,"publisher":{"@id":"https:\/\/www.organisator.ch\/#organization"},"image":{"@id":"https:\/\/www.organisator.ch\/weiterbildung\/2025-07-21\/fuehrungswechsel-am-departement-informatik-der-hochschule-luzern\/#primaryimage"},"thumbnailUrl":"https:\/\/www.organisator.ch\/wp-content\/uploads\/2025\/07\/Fuehrungswechsel-am-Departement-Informatik-der-Hochschule-Luzern_Organisator.jpg","keywords":["Fachhochschulen","F\u00fchrungswechsel","Informatik","Personalia"],"articleSection":["WEITERBILDUNG"],"inLanguage":"de"},{"@type":"WebPage","@id":"https:\/\/www.organisator.ch\/weiterbildung\/2025-07-21\/fuehrungswechsel-am-departement-informatik-der-hochschule-luzern\/","url":"https:\/\/www.organisator.ch\/weiterbildung\/2025-07-21\/fuehrungswechsel-am-departement-informatik-der-hochschule-luzern\/","name":"F\u00fchrungswechsel am Departement Informatik der Hochschule Luzern - Organisator","isPartOf":{"@id":"https:\/\/www.organisator.ch\/#website"},"primaryImageOfPage":{"@id":"https:\/\/www.organisator.ch\/weiterbildung\/2025-07-21\/fuehrungswechsel-am-departement-informatik-der-hochschule-luzern\/#primaryimage"},"image":{"@id":"https:\/\/www.organisator.ch\/weiterbildung\/2025-07-21\/fuehrungswechsel-am-departement-informatik-der-hochschule-luzern\/#primaryimage"},"thumbnailUrl":"https:\/\/www.organisator.ch\/wp-content\/uploads\/2025\/07\/Fuehrungswechsel-am-Departement-Informatik-der-Hochschule-Luzern_Organisator.jpg","datePublished":"2025-07-21T01:32:05+00:00","description":"Sarah Hauser \u00fcbernimmt das Departement Informatik der HSLU. Ihr Vorg\u00e4nger Ren\u00e9 H\u00fcsler \u00fcbernimmt an der Hochschule eine neue Funktion.","breadcrumb":{"@id":"https:\/\/www.organisator.ch\/weiterbildung\/2025-07-21\/fuehrungswechsel-am-departement-informatik-der-hochschule-luzern\/#breadcrumb"},"inLanguage":"de","potentialAction":[{"@type":"ReadAction","target":["https:\/\/www.organisator.ch\/weiterbildung\/2025-07-21\/fuehrungswechsel-am-departement-informatik-der-hochschule-luzern\/"]}]},{"@type":"ImageObject","inLanguage":"de","@id":"https:\/\/www.organisator.ch\/weiterbildung\/2025-07-21\/fuehrungswechsel-am-departement-informatik-der-hochschule-luzern\/#primaryimage","url":"https:\/\/www.organisator.ch\/wp-content\/uploads\/2025\/07\/Fuehrungswechsel-am-Departement-Informatik-der-Hochschule-Luzern_Organisator.jpg","contentUrl":"https:\/\/www.organisator.ch\/wp-content\/uploads\/2025\/07\/Fuehrungswechsel-am-Departement-Informatik-der-Hochschule-Luzern_Organisator.jpg","width":680,"height":502,"caption":"Ab 1. September 2025 \u00fcbernimmt Sarah Hauser die Leitung im Departement Informatik der HSLU. (Bild: zVg \/ HSLU)"},{"@type":"BreadcrumbList","@id":"https:\/\/www.organisator.ch\/weiterbildung\/2025-07-21\/fuehrungswechsel-am-departement-informatik-der-hochschule-luzern\/#breadcrumb","itemListElement":[{"@type":"ListItem","position":1,"name":"Home","item":"https:\/\/www.organisator.ch\/"},{"@type":"ListItem","position":2,"name":"F\u00fchrungswechsel am Departement Informatik der Hochschule Luzern"}]},{"@type":"WebSite","@id":"https:\/\/www.organisator.ch\/#website","url":"https:\/\/www.organisator.ch\/","name":"Organisator","description":"Kompetent. Praxisnah. Der ORGANISATOR bereitet in 10 Ausgaben pro Jahr die wesentlichen Themen f\u00fcr F\u00fchrungskr\u00e4fte von KMU auf.","publisher":{"@id":"https:\/\/www.organisator.ch\/#organization"},"potentialAction":[{"@type":"SearchAction","target":{"@type":"EntryPoint","urlTemplate":"https:\/\/www.organisator.ch\/?s={search_term_string}"},"query-input":{"@type":"PropertyValueSpecification","valueRequired":true,"valueName":"search_term_string"}}],"inLanguage":"de"},{"@type":"Organization","@id":"https:\/\/www.organisator.ch\/#organization","name":"Organisator","url":"https:\/\/www.organisator.ch\/","logo":{"@type":"ImageObject","inLanguage":"de","@id":"https:\/\/www.organisator.ch\/#\/schema\/logo\/image\/","url":"https:\/\/www.organisator.ch\/wp-content\/uploads\/2022\/01\/Logo_Organisator_Website.png","contentUrl":"https:\/\/www.organisator.ch\/wp-content\/uploads\/2022\/01\/Logo_Organisator_Website.png","width":800,"height":77,"caption":"Organisator"},"image":{"@id":"https:\/\/www.organisator.ch\/#\/schema\/logo\/image\/"},"sameAs":["https:\/\/www.facebook.com\/OrganisatorFachmagazin","https:\/\/www.linkedin.com\/showcase\/organisator-das-magazin-fr-kmu","https:\/\/www.xing.com\/news\/pages\/organisator-ch-695","https:\/\/www.youtube.com\/channel\/UCGP2Sq0iWaZwT3BdIAQFYpw"]},{"@type":"Person","@id":"https:\/\/www.organisator.ch\/#\/schema\/person\/6f650f90b2842cd4c0cc334b4e36f67e","name":"thomas.berner","image":{"@type":"ImageObject","inLanguage":"de","@id":"https:\/\/secure.gravatar.com\/avatar\/ac5001d2a36cb6c6cd3e50789007ffca834b477b74a2144564522e944eabff61?s=96&d=mm&r=g","url":"https:\/\/secure.gravatar.com\/avatar\/ac5001d2a36cb6c6cd3e50789007ffca834b477b74a2144564522e944eabff61?s=96&d=mm&r=g","contentUrl":"https:\/\/secure.gravatar.com\/avatar\/ac5001d2a36cb6c6cd3e50789007ffca834b477b74a2144564522e944eabff61?s=96&d=mm&r=g","caption":"thomas.berner"},"url":"https:\/\/www.organisator.ch\/de\/author\/thomas-berner\/"}]}},"_links":{"self":[{"href":"https:\/\/www.organisator.ch\/de\/wp-json\/wp\/v2\/posts\/39567","targetHints":{"allow":["GET"]}}],"collection":[{"href":"https:\/\/www.organisator.ch\/de\/wp-json\/wp\/v2\/posts"}],"about":[{"href":"https:\/\/www.organisator.ch\/de\/wp-json\/wp\/v2\/types\/post"}],"author":[{"embeddable":true,"href":"https:\/\/www.organisator.ch\/de\/wp-json\/wp\/v2\/users\/4"}],"replies":[{"embeddable":true,"href":"https:\/\/www.organisator.ch\/de\/wp-json\/wp\/v2\/comments?post=39567"}],"version-history":[{"count":5,"href":"https:\/\/www.organisator.ch\/de\/wp-json\/wp\/v2\/posts\/39567\/revisions"}],"predecessor-version":[{"id":39659,"href":"https:\/\/www.organisator.ch\/de\/wp-json\/wp\/v2\/posts\/39567\/revisions\/39659"}],"wp:featuredmedia":[{"embeddable":true,"href":"https:\/\/www.organisator.ch\/de\/wp-json\/wp\/v2\/media\/39568"}],"wp:attachment":[{"href":"https:\/\/www.organisator.ch\/de\/wp-json\/wp\/v2\/media?parent=39567"}],"wp:term":[{"taxonomy":"category","embeddable":true,"href":"https:\/\/www.organisator.ch\/de\/wp-json\/wp\/v2\/categories?post=39567"},{"taxonomy":"post_tag","embeddable":true,"href":"https:\/\/www.organisator.ch\/de\/wp-json\/wp\/v2\/tags?post=39567"}],"curies":[{"name":"wp","href":"https:\/\/api.w.org\/{rel}","templated":true}]}}