{"id":39617,"date":"2025-07-18T07:07:34","date_gmt":"2025-07-18T05:07:34","guid":{"rendered":"https:\/\/www.m-q.ch\/?p=21764"},"modified":"2025-07-24T10:41:16","modified_gmt":"2025-07-24T08:41:16","slug":"cybersecurity-hat-hohe-relevanz-in-den-fuehrungsetagen","status":"publish","type":"post","link":"https:\/\/www.organisator.ch\/de\/operational-excellence\/2025-07-18\/cybersecurity-hat-hohe-relevanz-in-den-fuehrungsetagen\/","title":{"rendered":"Cybersecurity hat hohe Relevanz in den F\u00fchrungsetagen"},"content":{"rendered":"<figure id=\"attachment_21766\" class=\"wp-caption alignnone\" style=\"width: 680px;\" aria-describedby=\"caption-attachment-21766\"><img class=\"size-full wp-image-21766\" src=\"https:\/\/www.m-q.ch\/wp-content\/uploads\/2025\/07\/Sophos_Bild1_ps.jpg\" sizes=\"(max-width: 680px) 100vw, 680px\" srcset=\"https:\/\/www.m-q.ch\/wp-content\/uploads\/2025\/07\/Sophos_Bild1_ps.jpg 680w, https:\/\/www.m-q.ch\/wp-content\/uploads\/2025\/07\/Sophos_Bild1_ps-16x12.jpg 16w, https:\/\/www.m-q.ch\/wp-content\/uploads\/2025\/07\/Sophos_Bild1_ps-375x281.jpg 375w, https:\/\/www.m-q.ch\/wp-content\/uploads\/2025\/07\/Sophos_Bild1_ps-467x350.jpg 467w\" alt=\"\" width=\"680\" height=\"510\" \/>\r\n<figcaption id=\"caption-attachment-21766\" class=\"wp-caption-text\">Viele Unternehmen haben bereits auf die komplexere Bedrohungslage reagiert und in ihre Cybersicherheitsmassnahmen investiert. (Bild: www.depositphotos.com)<\/figcaption>\r\n<\/figure>\r\n<p>Die aktuellen Zahlen beleuchten unter anderem, wie C-Level-Manager die Relevanz von Cybersicherheit im eigenen Unternehmen unter anderem vor dem Hintergrund der zunehmend dynamischen Bedrohungslage durch Cyberangriffe bewerten. Die Studie wurde bereits zum dritten Mal vom Marktforschungsinstitut Ipsos im Auftrag von Sophos durchgef\u00fchrt und kn\u00fcpft an die Erhebungen aus den Jahren 2022 und 2024 an.<\/p>\r\n<h3><strong>Cyberschutz ist etabliert \u2013 und bleibt unver\u00e4ndert wichtig<\/strong><\/h3>\r\n<p>Ein zentrales Ergebnis der diesj\u00e4hrigen Studie ist die Feststellung, dass Cyberschutz bei den allermeisten Unternehmen inzwischen als strategisch relevantes Thema fest verankert ist. Befragt, wie die zunehmenden Schlagzeilen \u00fcber staatlich organisierte Cyberattacken ihre Sicht \u00fcber Cyberschutz beeinflussen, gibt mit 56 Prozent in Deutschland \u00fcber die H\u00e4lfte der Befragten an, dass die hohe Medienpr\u00e4senz ihre Sicht nicht ver\u00e4ndert hat, und zwar aus dem einfachen Grund, dass der Cyberschutz seit jeher einen wichtigen Faktor der Unternehmensf\u00fchrung darstellt. \u00c4hnlich \u00e4usserten sich auch 64 Prozent der Befragten in \u00d6sterreich und 58 Prozent in der Schweiz.<\/p>\r\n<p>Die Ergebnisse stehen in Kontinuit\u00e4t zu fr\u00fcheren Studienjahren: 2024 bewerteten 55 Prozent der deutschen Unternehmen, 46 Prozent der \u00f6sterreichischen und sogar 60 Prozent der Schweizer Firmen Cybersicherheit als \u201esehr wichtig\u201c f\u00fcr ihre Gesch\u00e4ftsbeziehungen. 2022 hatten bereits 32,3 Prozent der Unternehmen in Deutschland, 37,3 Prozent in \u00d6sterreich und 47,1 Prozent in der Schweiz best\u00e4tigt, dass die Relevanz von IT-Sicherheit weiter zugenommen habe. Der langfristige Stellenwert des Themas ist damit klar dokumentiert.<\/p>\r\n<h3><strong>Dennoch sorgt die Bedrohungslage f\u00fcr Verunsicherung<\/strong><\/h3>\r\n<p>Auch wenn Cyberschutz fest in den Unternehmensstrategien etabliert ist, zeigen die aktuellen Zahlen, dass die zunehmende mediale Pr\u00e4senz von staatlich unterst\u00fctzten Cyberattacken nicht spurlos am Management vorbeigeht. So f\u00fchlen sich in Deutschland 27,5 Prozent der F\u00fchrungskr\u00e4fte durch die Schlagzeilen verunsichert, in der Schweiz sind es 30 Prozent und in \u00d6sterreich liegt der Anteil sogar bei 36 Prozent. Das zeigt: Die Besorgnis angesichts hochentwickelter, teils staatlich gef\u00f6rderter Angreifer ist in der Chefetage angekommen. Und sie sch\u00e4rft offenbar das Sicherheitsbewusstsein.<\/p>\r\n<h3><strong>Steigende Investitionen und wachsende Anforderungen an die Partner<\/strong><\/h3>\r\n<p>Viele Unternehmen haben bereits auf die komplexere Bedrohungslage reagiert und in ihre Cybersicherheitsmassnahmen investiert. In Deutschland haben 47 Prozent der befragten Unternehmen den Schutz ihrer IT-Systeme in der Vergangenheit ausgebaut, in der Schweiz 48 Prozent und in \u00d6sterreich sogar 60 Prozent.<\/p>\r\n<p>Neben internen Massnahmen r\u00fcckt aber auch die externe Absicherung st\u00e4rker in den Fokus. Weniger pr\u00e4sent ist allerdings momentan noch die Vorgabe f\u00fcr Cybersicherheitsmassnahmen bei Gesch\u00e4ftspartnern \u2013 also in der Lieferkette. So haben einige Unternehmen begonnen, die Anforderungen an ihre Gesch\u00e4ftspartner innerhalb der Lieferkette zu erh\u00f6hen. In \u00d6sterreich haben 36 Prozent der Firmen die Anforderungen an ihre Gesch\u00e4ftspartner innerhalb der Lieferkette erh\u00f6ht und entsprechende Standards eingef\u00fchrt, in der Schweiz 22 Prozent und in Deutschland 16,5 Prozent. Damit wird deutlich, dass Cybersicherheit zunehmend als Gemeinschaftsaufgabe verstanden wird, auch \u00fcber Unternehmensgrenzen hinweg.<\/p>\r\n<p>\u201eCyberkriminelle zielen zunehmend auf die Lieferkette ab, um sichere Systeme zu infiltrieren, indem sie kleinere, weniger gut ausger\u00fcstete Lieferanten und Partner ausnutzen\u201c, kommentiert Michael Veit. Security-Experte bei Sophos, diese Entwicklung. \u201eUm die Gesch\u00e4ftskontinuit\u00e4t zu gew\u00e4hrleisten und die zunehmend komplexen und vernetzten IT-Infrastrukturen zu sch\u00fctzen, m\u00fcssen Unternehmen wirksame Cybersicherheitsstrategien und Best Practices entwickeln und implementieren. Dies erfordert nicht nur die Zusammenarbeit mit Drittanbietern, sondern auch mit Cybersicherheitsexperten, die massgeschneiderte L\u00f6sungen, Beratung und Unterst\u00fctzung bieten, um die technischen Rahmenbedingungen zu schaffen, die zum Schutz des gesamten \u00d6kosystems und zur Gew\u00e4hrleistung der Einhaltung gesetzlicher Vorschriften erforderlich sind.\u201c<\/p>\r\n<h3><strong>In aller Munde: Nur wenige halten Cybersicherheitsdiskussion f\u00fcr \u00fcbertrieben<\/strong><\/h3>\r\n<p>Trotz der Allgegenw\u00e4rtigkeit des Themas sehen einige der Befragten die Diskussion um Cybersicherheit als \u00fcbertrieben an. Diese Meinung wird allerdings nur von einer Minderheit des Managements ge\u00e4ussert: In Deutschland vertreten lediglich 10,5 Prozent der Befragten diese Meinung, in der Schweiz 6 Prozent und in \u00d6sterreich sogar nur 4 Prozent. Die Ergebnisse unterstreichen, dass die Mehrheit der F\u00fchrungskr\u00e4fte das Thema mit Ernsthaftigkeit und Weitsicht behandelt.<\/p>\r\n<blockquote>\r\n<p><strong>\u00dcber die Umfrage<\/strong><\/p>\r\n<p>Ipsos hat im Auftrag von Sophos im Fr\u00fchjahr 2025 200 C-Level-Managerinnen und -Manager aus verschieden Branchen in Deutschland sowie jeweils 50 in \u00d6sterreich und der Schweiz zum Thema IT-Sicherheit in ihren Unternehmen befragt.<\/p>\r\n<\/blockquote>\r\n<p><em>Quelle: <a href=\"http:\/\/www.sophos.com\/\">www.sophos.com<\/a><\/em><\/p>\n<p class=\"syndicated-attribution\">Dieser Beitrag erschien urspr\u00fcnglich auf m-q.ch - <a href=\"https:\/\/www.m-q.ch\/de\/cybersecurity-hat-hohe-relevanz-in-den-fuehrungsetagen\/\" target=\"_blank\">https:\/\/www.m-q.ch\/de\/cybersecurity-hat-hohe-relevanz-in-den-fuehrungsetagen\/<\/a><\/p>","protected":false},"excerpt":{"rendered":"<p>Sophos ver\u00f6ffentlicht die ersten Ergebnisse seiner grossangelegten Management-Studie \u201eChef, wie h\u00e4ltst du es mit der Cybersicherheit\u201c f\u00fcr Deutschland, \u00d6sterreich und die Schweiz.<\/p>\n","protected":false},"author":58,"featured_media":0,"comment_status":"closed","ping_status":"closed","sticky":false,"template":"","format":"standard","meta":{"_acf_changed":false,"_yoast_wpseo_focuskw":"Cybersecurity","_yoast_wpseo_metadesc":"Sophos ver\u00f6ffentlicht die ersten Ergebnisse seiner grossangelegten Management-Studie f\u00fcr Deutschland, \u00d6sterreich und die Schweiz.","articlekey":"","footnotes":""},"categories":[582],"tags":[608,418,434,459,492],"class_list":["post-39617","post","type-post","status-publish","format-standard","hentry","category-operational-excellence","tag-cybersicherheit","tag-risikomanagement","tag-sicherheit","tag-studie","tag-unternehmen"],"acf":[],"yoast_head":"<!-- This site is optimized with the Yoast SEO plugin v27.5 - https:\/\/yoast.com\/product\/yoast-seo-wordpress\/ -->\n<title>Cybersecurity hat hohe Relevanz in den F\u00fchrungsetagen - Organisator<\/title>\n<meta name=\"description\" content=\"Sophos ver\u00f6ffentlicht die ersten Ergebnisse seiner grossangelegten Management-Studie f\u00fcr Deutschland, \u00d6sterreich und die Schweiz.\" \/>\n<meta name=\"robots\" content=\"index, follow, max-snippet:-1, max-image-preview:large, max-video-preview:-1\" \/>\n<link rel=\"canonical\" href=\"https:\/\/www.organisator.ch\/de\/operational-excellence\/2025-07-18\/cybersecurity-hat-hohe-relevanz-in-den-fuehrungsetagen\/\" \/>\n<meta property=\"og:locale\" content=\"de_DE\" \/>\n<meta property=\"og:type\" content=\"article\" \/>\n<meta property=\"og:title\" content=\"Cybersecurity hat hohe Relevanz in den F\u00fchrungsetagen - Organisator\" \/>\n<meta property=\"og:description\" content=\"Sophos ver\u00f6ffentlicht die ersten Ergebnisse seiner grossangelegten Management-Studie f\u00fcr Deutschland, \u00d6sterreich und die Schweiz.\" \/>\n<meta property=\"og:url\" content=\"https:\/\/www.organisator.ch\/de\/operational-excellence\/2025-07-18\/cybersecurity-hat-hohe-relevanz-in-den-fuehrungsetagen\/\" \/>\n<meta property=\"og:site_name\" content=\"Organisator\" \/>\n<meta property=\"article:publisher\" content=\"https:\/\/www.facebook.com\/OrganisatorFachmagazin\" \/>\n<meta property=\"article:published_time\" content=\"2025-07-18T05:07:34+00:00\" \/>\n<meta property=\"article:modified_time\" content=\"2025-07-24T08:41:16+00:00\" \/>\n<meta name=\"author\" content=\"Adelisa Kalajdzini\" \/>\n<meta name=\"twitter:card\" content=\"summary_large_image\" \/>\n<script type=\"application\/ld+json\" class=\"yoast-schema-graph\">{\"@context\":\"https:\\\/\\\/schema.org\",\"@graph\":[{\"@type\":\"Article\",\"@id\":\"https:\\\/\\\/www.organisator.ch\\\/operational-excellence\\\/2025-07-18\\\/cybersecurity-hat-hohe-relevanz-in-den-fuehrungsetagen\\\/#article\",\"isPartOf\":{\"@id\":\"https:\\\/\\\/www.organisator.ch\\\/operational-excellence\\\/2025-07-18\\\/cybersecurity-hat-hohe-relevanz-in-den-fuehrungsetagen\\\/\"},\"author\":{\"name\":\"Adelisa Kalajdzini\",\"@id\":\"https:\\\/\\\/www.organisator.ch\\\/#\\\/schema\\\/person\\\/2e1314a2172123f874db408d8911d3f3\"},\"headline\":\"Cybersecurity hat hohe Relevanz in den F\u00fchrungsetagen\",\"datePublished\":\"2025-07-18T05:07:34+00:00\",\"dateModified\":\"2025-07-24T08:41:16+00:00\",\"mainEntityOfPage\":{\"@id\":\"https:\\\/\\\/www.organisator.ch\\\/operational-excellence\\\/2025-07-18\\\/cybersecurity-hat-hohe-relevanz-in-den-fuehrungsetagen\\\/\"},\"wordCount\":694,\"publisher\":{\"@id\":\"https:\\\/\\\/www.organisator.ch\\\/#organization\"},\"image\":{\"@id\":\"https:\\\/\\\/www.organisator.ch\\\/operational-excellence\\\/2025-07-18\\\/cybersecurity-hat-hohe-relevanz-in-den-fuehrungsetagen\\\/#primaryimage\"},\"thumbnailUrl\":\"https:\\\/\\\/www.m-q.ch\\\/wp-content\\\/uploads\\\/2025\\\/07\\\/Sophos_Bild1_ps.jpg\",\"keywords\":[\"Cybersicherheit\",\"Risikomanagement\",\"Sicherheit\",\"Studie\",\"Unternehmen\"],\"articleSection\":[\"OPERATIONAL EXCELLENCE\"],\"inLanguage\":\"de\"},{\"@type\":\"WebPage\",\"@id\":\"https:\\\/\\\/www.organisator.ch\\\/operational-excellence\\\/2025-07-18\\\/cybersecurity-hat-hohe-relevanz-in-den-fuehrungsetagen\\\/\",\"url\":\"https:\\\/\\\/www.organisator.ch\\\/operational-excellence\\\/2025-07-18\\\/cybersecurity-hat-hohe-relevanz-in-den-fuehrungsetagen\\\/\",\"name\":\"Cybersecurity hat hohe Relevanz in den F\u00fchrungsetagen - Organisator\",\"isPartOf\":{\"@id\":\"https:\\\/\\\/www.organisator.ch\\\/#website\"},\"primaryImageOfPage\":{\"@id\":\"https:\\\/\\\/www.organisator.ch\\\/operational-excellence\\\/2025-07-18\\\/cybersecurity-hat-hohe-relevanz-in-den-fuehrungsetagen\\\/#primaryimage\"},\"image\":{\"@id\":\"https:\\\/\\\/www.organisator.ch\\\/operational-excellence\\\/2025-07-18\\\/cybersecurity-hat-hohe-relevanz-in-den-fuehrungsetagen\\\/#primaryimage\"},\"thumbnailUrl\":\"https:\\\/\\\/www.m-q.ch\\\/wp-content\\\/uploads\\\/2025\\\/07\\\/Sophos_Bild1_ps.jpg\",\"datePublished\":\"2025-07-18T05:07:34+00:00\",\"dateModified\":\"2025-07-24T08:41:16+00:00\",\"description\":\"Sophos ver\u00f6ffentlicht die ersten Ergebnisse seiner grossangelegten Management-Studie f\u00fcr Deutschland, \u00d6sterreich und die Schweiz.\",\"breadcrumb\":{\"@id\":\"https:\\\/\\\/www.organisator.ch\\\/operational-excellence\\\/2025-07-18\\\/cybersecurity-hat-hohe-relevanz-in-den-fuehrungsetagen\\\/#breadcrumb\"},\"inLanguage\":\"de\",\"potentialAction\":[{\"@type\":\"ReadAction\",\"target\":[\"https:\\\/\\\/www.organisator.ch\\\/operational-excellence\\\/2025-07-18\\\/cybersecurity-hat-hohe-relevanz-in-den-fuehrungsetagen\\\/\"]}]},{\"@type\":\"ImageObject\",\"inLanguage\":\"de\",\"@id\":\"https:\\\/\\\/www.organisator.ch\\\/operational-excellence\\\/2025-07-18\\\/cybersecurity-hat-hohe-relevanz-in-den-fuehrungsetagen\\\/#primaryimage\",\"url\":\"https:\\\/\\\/www.m-q.ch\\\/wp-content\\\/uploads\\\/2025\\\/07\\\/Sophos_Bild1_ps.jpg\",\"contentUrl\":\"https:\\\/\\\/www.m-q.ch\\\/wp-content\\\/uploads\\\/2025\\\/07\\\/Sophos_Bild1_ps.jpg\"},{\"@type\":\"BreadcrumbList\",\"@id\":\"https:\\\/\\\/www.organisator.ch\\\/operational-excellence\\\/2025-07-18\\\/cybersecurity-hat-hohe-relevanz-in-den-fuehrungsetagen\\\/#breadcrumb\",\"itemListElement\":[{\"@type\":\"ListItem\",\"position\":1,\"name\":\"Home\",\"item\":\"https:\\\/\\\/www.organisator.ch\\\/\"},{\"@type\":\"ListItem\",\"position\":2,\"name\":\"Cybersecurity hat hohe Relevanz in den F\u00fchrungsetagen\"}]},{\"@type\":\"WebSite\",\"@id\":\"https:\\\/\\\/www.organisator.ch\\\/#website\",\"url\":\"https:\\\/\\\/www.organisator.ch\\\/\",\"name\":\"Organisator\",\"description\":\"Kompetent. Praxisnah. Der ORGANISATOR bereitet in 10 Ausgaben pro Jahr die wesentlichen Themen f\u00fcr F\u00fchrungskr\u00e4fte von KMU auf.\",\"publisher\":{\"@id\":\"https:\\\/\\\/www.organisator.ch\\\/#organization\"},\"potentialAction\":[{\"@type\":\"SearchAction\",\"target\":{\"@type\":\"EntryPoint\",\"urlTemplate\":\"https:\\\/\\\/www.organisator.ch\\\/?s={search_term_string}\"},\"query-input\":{\"@type\":\"PropertyValueSpecification\",\"valueRequired\":true,\"valueName\":\"search_term_string\"}}],\"inLanguage\":\"de\"},{\"@type\":\"Organization\",\"@id\":\"https:\\\/\\\/www.organisator.ch\\\/#organization\",\"name\":\"Organisator\",\"url\":\"https:\\\/\\\/www.organisator.ch\\\/\",\"logo\":{\"@type\":\"ImageObject\",\"inLanguage\":\"de\",\"@id\":\"https:\\\/\\\/www.organisator.ch\\\/#\\\/schema\\\/logo\\\/image\\\/\",\"url\":\"https:\\\/\\\/www.organisator.ch\\\/wp-content\\\/uploads\\\/2022\\\/01\\\/Logo_Organisator_Website.png\",\"contentUrl\":\"https:\\\/\\\/www.organisator.ch\\\/wp-content\\\/uploads\\\/2022\\\/01\\\/Logo_Organisator_Website.png\",\"width\":800,\"height\":77,\"caption\":\"Organisator\"},\"image\":{\"@id\":\"https:\\\/\\\/www.organisator.ch\\\/#\\\/schema\\\/logo\\\/image\\\/\"},\"sameAs\":[\"https:\\\/\\\/www.facebook.com\\\/OrganisatorFachmagazin\",\"https:\\\/\\\/www.linkedin.com\\\/showcase\\\/organisator-das-magazin-fr-kmu\",\"https:\\\/\\\/www.xing.com\\\/news\\\/pages\\\/organisator-ch-695\",\"https:\\\/\\\/www.youtube.com\\\/channel\\\/UCGP2Sq0iWaZwT3BdIAQFYpw\"]},{\"@type\":\"Person\",\"@id\":\"https:\\\/\\\/www.organisator.ch\\\/#\\\/schema\\\/person\\\/2e1314a2172123f874db408d8911d3f3\",\"name\":\"Adelisa Kalajdzini\",\"image\":{\"@type\":\"ImageObject\",\"inLanguage\":\"de\",\"@id\":\"https:\\\/\\\/secure.gravatar.com\\\/avatar\\\/09a397c22ac58cad6f160ee8306348599df9df58a8ede73696226897b9fa4b24?s=96&d=mm&r=g\",\"url\":\"https:\\\/\\\/secure.gravatar.com\\\/avatar\\\/09a397c22ac58cad6f160ee8306348599df9df58a8ede73696226897b9fa4b24?s=96&d=mm&r=g\",\"contentUrl\":\"https:\\\/\\\/secure.gravatar.com\\\/avatar\\\/09a397c22ac58cad6f160ee8306348599df9df58a8ede73696226897b9fa4b24?s=96&d=mm&r=g\",\"caption\":\"Adelisa Kalajdzini\"},\"url\":\"https:\\\/\\\/www.organisator.ch\\\/de\\\/author\\\/adelisa-kalajdzini\\\/\"}]}<\/script>\n<!-- \/ Yoast SEO plugin. -->","yoast_head_json":{"title":"Cybersecurity hat hohe Relevanz in den F\u00fchrungsetagen - Organisator","description":"Sophos ver\u00f6ffentlicht die ersten Ergebnisse seiner grossangelegten Management-Studie f\u00fcr Deutschland, \u00d6sterreich und die Schweiz.","robots":{"index":"index","follow":"follow","max-snippet":"max-snippet:-1","max-image-preview":"max-image-preview:large","max-video-preview":"max-video-preview:-1"},"canonical":"https:\/\/www.organisator.ch\/de\/operational-excellence\/2025-07-18\/cybersecurity-hat-hohe-relevanz-in-den-fuehrungsetagen\/","og_locale":"de_DE","og_type":"article","og_title":"Cybersecurity hat hohe Relevanz in den F\u00fchrungsetagen - Organisator","og_description":"Sophos ver\u00f6ffentlicht die ersten Ergebnisse seiner grossangelegten Management-Studie f\u00fcr Deutschland, \u00d6sterreich und die Schweiz.","og_url":"https:\/\/www.organisator.ch\/de\/operational-excellence\/2025-07-18\/cybersecurity-hat-hohe-relevanz-in-den-fuehrungsetagen\/","og_site_name":"Organisator","article_publisher":"https:\/\/www.facebook.com\/OrganisatorFachmagazin","article_published_time":"2025-07-18T05:07:34+00:00","article_modified_time":"2025-07-24T08:41:16+00:00","author":"Adelisa Kalajdzini","twitter_card":"summary_large_image","schema":{"@context":"https:\/\/schema.org","@graph":[{"@type":"Article","@id":"https:\/\/www.organisator.ch\/operational-excellence\/2025-07-18\/cybersecurity-hat-hohe-relevanz-in-den-fuehrungsetagen\/#article","isPartOf":{"@id":"https:\/\/www.organisator.ch\/operational-excellence\/2025-07-18\/cybersecurity-hat-hohe-relevanz-in-den-fuehrungsetagen\/"},"author":{"name":"Adelisa Kalajdzini","@id":"https:\/\/www.organisator.ch\/#\/schema\/person\/2e1314a2172123f874db408d8911d3f3"},"headline":"Cybersecurity hat hohe Relevanz in den F\u00fchrungsetagen","datePublished":"2025-07-18T05:07:34+00:00","dateModified":"2025-07-24T08:41:16+00:00","mainEntityOfPage":{"@id":"https:\/\/www.organisator.ch\/operational-excellence\/2025-07-18\/cybersecurity-hat-hohe-relevanz-in-den-fuehrungsetagen\/"},"wordCount":694,"publisher":{"@id":"https:\/\/www.organisator.ch\/#organization"},"image":{"@id":"https:\/\/www.organisator.ch\/operational-excellence\/2025-07-18\/cybersecurity-hat-hohe-relevanz-in-den-fuehrungsetagen\/#primaryimage"},"thumbnailUrl":"https:\/\/www.m-q.ch\/wp-content\/uploads\/2025\/07\/Sophos_Bild1_ps.jpg","keywords":["Cybersicherheit","Risikomanagement","Sicherheit","Studie","Unternehmen"],"articleSection":["OPERATIONAL EXCELLENCE"],"inLanguage":"de"},{"@type":"WebPage","@id":"https:\/\/www.organisator.ch\/operational-excellence\/2025-07-18\/cybersecurity-hat-hohe-relevanz-in-den-fuehrungsetagen\/","url":"https:\/\/www.organisator.ch\/operational-excellence\/2025-07-18\/cybersecurity-hat-hohe-relevanz-in-den-fuehrungsetagen\/","name":"Cybersecurity hat hohe Relevanz in den F\u00fchrungsetagen - Organisator","isPartOf":{"@id":"https:\/\/www.organisator.ch\/#website"},"primaryImageOfPage":{"@id":"https:\/\/www.organisator.ch\/operational-excellence\/2025-07-18\/cybersecurity-hat-hohe-relevanz-in-den-fuehrungsetagen\/#primaryimage"},"image":{"@id":"https:\/\/www.organisator.ch\/operational-excellence\/2025-07-18\/cybersecurity-hat-hohe-relevanz-in-den-fuehrungsetagen\/#primaryimage"},"thumbnailUrl":"https:\/\/www.m-q.ch\/wp-content\/uploads\/2025\/07\/Sophos_Bild1_ps.jpg","datePublished":"2025-07-18T05:07:34+00:00","dateModified":"2025-07-24T08:41:16+00:00","description":"Sophos ver\u00f6ffentlicht die ersten Ergebnisse seiner grossangelegten Management-Studie f\u00fcr Deutschland, \u00d6sterreich und die Schweiz.","breadcrumb":{"@id":"https:\/\/www.organisator.ch\/operational-excellence\/2025-07-18\/cybersecurity-hat-hohe-relevanz-in-den-fuehrungsetagen\/#breadcrumb"},"inLanguage":"de","potentialAction":[{"@type":"ReadAction","target":["https:\/\/www.organisator.ch\/operational-excellence\/2025-07-18\/cybersecurity-hat-hohe-relevanz-in-den-fuehrungsetagen\/"]}]},{"@type":"ImageObject","inLanguage":"de","@id":"https:\/\/www.organisator.ch\/operational-excellence\/2025-07-18\/cybersecurity-hat-hohe-relevanz-in-den-fuehrungsetagen\/#primaryimage","url":"https:\/\/www.m-q.ch\/wp-content\/uploads\/2025\/07\/Sophos_Bild1_ps.jpg","contentUrl":"https:\/\/www.m-q.ch\/wp-content\/uploads\/2025\/07\/Sophos_Bild1_ps.jpg"},{"@type":"BreadcrumbList","@id":"https:\/\/www.organisator.ch\/operational-excellence\/2025-07-18\/cybersecurity-hat-hohe-relevanz-in-den-fuehrungsetagen\/#breadcrumb","itemListElement":[{"@type":"ListItem","position":1,"name":"Home","item":"https:\/\/www.organisator.ch\/"},{"@type":"ListItem","position":2,"name":"Cybersecurity hat hohe Relevanz in den F\u00fchrungsetagen"}]},{"@type":"WebSite","@id":"https:\/\/www.organisator.ch\/#website","url":"https:\/\/www.organisator.ch\/","name":"Organisator","description":"Kompetent. Praxisnah. Der ORGANISATOR bereitet in 10 Ausgaben pro Jahr die wesentlichen Themen f\u00fcr F\u00fchrungskr\u00e4fte von KMU auf.","publisher":{"@id":"https:\/\/www.organisator.ch\/#organization"},"potentialAction":[{"@type":"SearchAction","target":{"@type":"EntryPoint","urlTemplate":"https:\/\/www.organisator.ch\/?s={search_term_string}"},"query-input":{"@type":"PropertyValueSpecification","valueRequired":true,"valueName":"search_term_string"}}],"inLanguage":"de"},{"@type":"Organization","@id":"https:\/\/www.organisator.ch\/#organization","name":"Organisator","url":"https:\/\/www.organisator.ch\/","logo":{"@type":"ImageObject","inLanguage":"de","@id":"https:\/\/www.organisator.ch\/#\/schema\/logo\/image\/","url":"https:\/\/www.organisator.ch\/wp-content\/uploads\/2022\/01\/Logo_Organisator_Website.png","contentUrl":"https:\/\/www.organisator.ch\/wp-content\/uploads\/2022\/01\/Logo_Organisator_Website.png","width":800,"height":77,"caption":"Organisator"},"image":{"@id":"https:\/\/www.organisator.ch\/#\/schema\/logo\/image\/"},"sameAs":["https:\/\/www.facebook.com\/OrganisatorFachmagazin","https:\/\/www.linkedin.com\/showcase\/organisator-das-magazin-fr-kmu","https:\/\/www.xing.com\/news\/pages\/organisator-ch-695","https:\/\/www.youtube.com\/channel\/UCGP2Sq0iWaZwT3BdIAQFYpw"]},{"@type":"Person","@id":"https:\/\/www.organisator.ch\/#\/schema\/person\/2e1314a2172123f874db408d8911d3f3","name":"Adelisa Kalajdzini","image":{"@type":"ImageObject","inLanguage":"de","@id":"https:\/\/secure.gravatar.com\/avatar\/09a397c22ac58cad6f160ee8306348599df9df58a8ede73696226897b9fa4b24?s=96&d=mm&r=g","url":"https:\/\/secure.gravatar.com\/avatar\/09a397c22ac58cad6f160ee8306348599df9df58a8ede73696226897b9fa4b24?s=96&d=mm&r=g","contentUrl":"https:\/\/secure.gravatar.com\/avatar\/09a397c22ac58cad6f160ee8306348599df9df58a8ede73696226897b9fa4b24?s=96&d=mm&r=g","caption":"Adelisa Kalajdzini"},"url":"https:\/\/www.organisator.ch\/de\/author\/adelisa-kalajdzini\/"}]}},"_links":{"self":[{"href":"https:\/\/www.organisator.ch\/de\/wp-json\/wp\/v2\/posts\/39617","targetHints":{"allow":["GET"]}}],"collection":[{"href":"https:\/\/www.organisator.ch\/de\/wp-json\/wp\/v2\/posts"}],"about":[{"href":"https:\/\/www.organisator.ch\/de\/wp-json\/wp\/v2\/types\/post"}],"author":[{"embeddable":true,"href":"https:\/\/www.organisator.ch\/de\/wp-json\/wp\/v2\/users\/58"}],"replies":[{"embeddable":true,"href":"https:\/\/www.organisator.ch\/de\/wp-json\/wp\/v2\/comments?post=39617"}],"version-history":[{"count":6,"href":"https:\/\/www.organisator.ch\/de\/wp-json\/wp\/v2\/posts\/39617\/revisions"}],"predecessor-version":[{"id":39666,"href":"https:\/\/www.organisator.ch\/de\/wp-json\/wp\/v2\/posts\/39617\/revisions\/39666"}],"wp:attachment":[{"href":"https:\/\/www.organisator.ch\/de\/wp-json\/wp\/v2\/media?parent=39617"}],"wp:term":[{"taxonomy":"category","embeddable":true,"href":"https:\/\/www.organisator.ch\/de\/wp-json\/wp\/v2\/categories?post=39617"},{"taxonomy":"post_tag","embeddable":true,"href":"https:\/\/www.organisator.ch\/de\/wp-json\/wp\/v2\/tags?post=39617"}],"curies":[{"name":"wp","href":"https:\/\/api.w.org\/{rel}","templated":true}]}}