{"id":39631,"date":"2025-07-22T08:25:42","date_gmt":"2025-07-22T06:25:42","guid":{"rendered":"https:\/\/www.m-q.ch\/?p=21761"},"modified":"2025-07-22T11:38:36","modified_gmt":"2025-07-22T09:38:36","slug":"die-energiewende-vollzieht-sich-am-edge","status":"publish","type":"post","link":"https:\/\/www.organisator.ch\/de\/operational-excellence\/2025-07-22\/die-energiewende-vollzieht-sich-am-edge\/","title":{"rendered":"Die Energiewende vollzieht sich am Edge"},"content":{"rendered":"<figure id=\"attachment_21762\" class=\"wp-caption alignnone\" style=\"width: 680px;\" aria-describedby=\"caption-attachment-21762\"><img class=\"size-full wp-image-21762\" src=\"https:\/\/www.m-q.ch\/wp-content\/uploads\/2025\/07\/Die-Energiewende-vollzieht-sich-am-Edge_MQ.jpg\" sizes=\"(max-width: 680px) 100vw, 680px\" srcset=\"https:\/\/www.m-q.ch\/wp-content\/uploads\/2025\/07\/Die-Energiewende-vollzieht-sich-am-Edge_MQ.jpg 680w, https:\/\/www.m-q.ch\/wp-content\/uploads\/2025\/07\/Die-Energiewende-vollzieht-sich-am-Edge_MQ-12x12.jpg 12w, https:\/\/www.m-q.ch\/wp-content\/uploads\/2025\/07\/Die-Energiewende-vollzieht-sich-am-Edge_MQ-299x300.jpg 299w, https:\/\/www.m-q.ch\/wp-content\/uploads\/2025\/07\/Die-Energiewende-vollzieht-sich-am-Edge_MQ-348x350.jpg 348w, https:\/\/www.m-q.ch\/wp-content\/uploads\/2025\/07\/Die-Energiewende-vollzieht-sich-am-Edge_MQ-250x250.jpg 250w\" alt=\"\" width=\"680\" height=\"683\" \/>\r\n<figcaption id=\"caption-attachment-21762\" class=\"wp-caption-text\">Die lokale Stromversorgung steuern, E-Mobilit\u00e4t unterst\u00fctzen, das Gesamtnetz stabilisieren: Edge Intelligence ist ein zentrales Instrument der Energiewende. (Bild: Pixabay.com)<\/figcaption>\r\n<\/figure>\r\n<p>Die Energiewende ver\u00e4ndert unser Stromnetz tiefgreifend. Durch den zunehmenden Einsatz von Photovoltaik- und Windkraftanlagen wird es immer dezentraler und volatiler. Ohne Digitalisierung w\u00e4re dieses Stromnetz nicht mehr beherrschbar. Eine Schl\u00fcsselrolle spielt dabei \u201eEdge Intelligence\u201c: die Analyse von Messger\u00e4te-, Steuerger\u00e4te- und Sensoren-Daten mithilfe K\u00fcnstlicher Intelligenz direkt am Ort ihrer Entstehung. Dell Technologies zeigt auf, wie vielf\u00e4ltig diese Edge Intelligence die Energiewende unterst\u00fctzt.\u00a0<\/p>\r\n<ol>\r\n\t<li><strong> Dezentrale Steuerung in Echtzeit. <\/strong>Da K\u00fcnstliche Intelligenz die Daten am Edge analysiert, m\u00fcssen sie zu ihrer Verarbeitung nicht an ein zentrales Rechenzentrum oder eine Cloud \u00fcbertragen werden. Das erm\u00f6glicht es, die lokale Stromversorgung durch Photovoltaik und Windkraft in Echtzeit zu steuern. Kommt es zu Schwankungen bei Angebot und Nachfrage, kann die KI ohne Verz\u00f6gerung darauf reagieren: durch die Regelung der Einspeisung, die Speicherung von Strom oder die Verschiebung von Lasten.\u200b<\/li>\r\n\t<li><strong> Unterst\u00fctzung der E-Mobilit\u00e4t. <\/strong>Die Ladeinfrastruktur f\u00fcr Elektrofahrzeuge l\u00e4sst sich ebenfalls in Echtzeit steuern. K\u00fcnstliche Intelligenz analysiert daf\u00fcr Daten direkt an Lades\u00e4ulen und im lokalen Netz und kann Ladebedarfe prognostizieren, unmittelbar auf \u00e4ussere Bedingungen wie Netzlast, Strompreise oder Fahrzeugzustand reagieren und die Ladeleistung dynamisch optimieren. Diese schnellen und kontextbezogenen Entscheidungen sind insbesondere in gr\u00f6sseren Ladeparks und bei bidirektionalem Laden essenziell.<\/li>\r\n\t<li><strong> Stabilisierung des Gesamtnetzes. <\/strong>Durch die Steuerung lokaler Netze und Ladeinfrastrukturen sorgt Edge Intelligence nicht nur f\u00fcr lokale Netzstabilit\u00e4t. Sie h\u00e4lt auch das \u00fcbergeordnete Stromsystem stabiler, weil sie Belastungsspitzen d\u00e4mpft und Frequenzschwankungen vermeidet. Ihre schnellen autonomen Reaktionen entlasten zentrale Netzleitstellen und verhindern, dass sich lokale Probleme zu grossfl\u00e4chigen Instabilit\u00e4ten ausweiten. Je mehr Edge Intelligence in lokalen Systemen aktiv ist, desto flexibler und robuster wird das Gesamtnetz.\u00a0<\/li>\r\n\t<li><strong> St\u00e4rkung des Datenschutzes. <\/strong>Edge Intelligence st\u00e4rkt auch den Datenschutz. Sensible personenbezogene Informationen wie Verbrauchsdaten, Anwesenheitsmuster oder der Energieverbrauch einzelner Haushalte bleiben lokal und m\u00fcssen nirgendwohin \u00fcbertragen werden. Das Risiko f\u00fcr Datenlecks und unbefugte Zugriffe sinkt dadurch erheblich.<\/li>\r\n\t<li><strong> Erh\u00f6hung der Resilienz. <\/strong>Nicht zuletzt macht Edge Intelligence das Stromnetz resilienter. Durch die Datenverarbeitung vor Ort ist sie nicht auf eine funktionierende Internetverbindung angewiesen. Das zahlt sich insbesondere in l\u00e4ndlichen Gebieten aus, wo es h\u00e4ufiger zu technischen St\u00f6rungen oder Ausf\u00e4llen des Internets kommt. Die Stromversorgung in Mikronetzen, Insell\u00f6sungen oder Batteriesystemen wird durch solche F\u00e4lle nicht beeintr\u00e4chtigt.\u00a0<\/li>\r\n<\/ol>\r\n<p>\u201eEdge Intelligence ist ein zentrales Instrument der Energiewende, denn sie reagiert in Echtzeit auf lokale Schwankungen und gew\u00e4hrleistet dadurch einen stabilen und effizienten Netzbetrieb\u201c, sagt Chris Kramar, Director &amp; General Manager OEM DACH bei Dell Technologies. \u201eUnterst\u00fctzt wird sie dabei von robusten und leistungsf\u00e4higen IT-Systemen vor Ort und zentralen Plattformen, die es erlauben, diese Systeme mit der n\u00f6tigen Software zu versorgen und abzusichern.\u201c<\/p>\r\n<p><em>Quelle: <a href=\"http:\/\/www.delltechnologies.com\/\">Dell Technologies<\/a><\/em><\/p>\n<p class=\"syndicated-attribution\">Dieser Beitrag erschien urspr\u00fcnglich auf m-q.ch - <a href=\"https:\/\/www.m-q.ch\/de\/die-energiewende-vollzieht-sich-am-edge\/\" target=\"_blank\">https:\/\/www.m-q.ch\/de\/die-energiewende-vollzieht-sich-am-edge\/<\/a><\/p>","protected":false},"excerpt":{"rendered":"<p>Die Energiewende macht unser Stromnetz zunehmend volatil und komplex. Edge Intelligence, also die KI-gest\u00fctzte Analyse von Sensor- und Ger\u00e4tedaten direkt vor Ort, wird dabei zum unverzichtbaren Instrument f\u00fcr die Steuerung und Stabilisierung.<\/p>\n","protected":false},"author":8,"featured_media":0,"comment_status":"closed","ping_status":"closed","sticky":false,"template":"","format":"standard","meta":{"_acf_changed":false,"_yoast_wpseo_focuskw":"Energiewende","_yoast_wpseo_metadesc":"Die Energiewende macht unser Stromnetz zunehmend volatil und komplex.","articlekey":"","footnotes":""},"categories":[582],"tags":[1095,319,5453,418,5326],"class_list":["post-39631","post","type-post","status-publish","format-standard","hentry","category-operational-excellence","tag-energiewende","tag-kuenstliche-intelligenz","tag-netzsicherheit","tag-risikomanagement","tag-stromversorgung"],"acf":[],"yoast_head":"<!-- This site is optimized with the Yoast SEO plugin v27.5 - https:\/\/yoast.com\/product\/yoast-seo-wordpress\/ -->\n<title>Die Energiewende vollzieht sich am Edge - Organisator<\/title>\n<meta name=\"description\" content=\"Die Energiewende macht unser Stromnetz zunehmend volatil und komplex.\" \/>\n<meta name=\"robots\" content=\"index, follow, max-snippet:-1, max-image-preview:large, max-video-preview:-1\" \/>\n<link rel=\"canonical\" href=\"https:\/\/www.organisator.ch\/de\/operational-excellence\/2025-07-22\/die-energiewende-vollzieht-sich-am-edge\/\" \/>\n<meta property=\"og:locale\" content=\"de_DE\" \/>\n<meta property=\"og:type\" content=\"article\" \/>\n<meta property=\"og:title\" content=\"Die Energiewende vollzieht sich am Edge - Organisator\" \/>\n<meta property=\"og:description\" content=\"Die Energiewende macht unser Stromnetz zunehmend volatil und komplex.\" \/>\n<meta property=\"og:url\" content=\"https:\/\/www.organisator.ch\/de\/operational-excellence\/2025-07-22\/die-energiewende-vollzieht-sich-am-edge\/\" \/>\n<meta property=\"og:site_name\" content=\"Organisator\" \/>\n<meta property=\"article:publisher\" content=\"https:\/\/www.facebook.com\/OrganisatorFachmagazin\" \/>\n<meta property=\"article:published_time\" content=\"2025-07-22T06:25:42+00:00\" \/>\n<meta property=\"article:modified_time\" content=\"2025-07-22T09:38:36+00:00\" \/>\n<meta property=\"og:image\" content=\"https:\/\/www.organisator.ch\/wp-content\/uploads\/2023\/09\/Wirtschaftsverband-der-Berner-KMU-zuendet-den-Digitalisierungsnachbrenner_Organisator.jpg\" \/>\n\t<meta property=\"og:image:width\" content=\"680\" \/>\n\t<meta property=\"og:image:height\" content=\"505\" \/>\n\t<meta property=\"og:image:type\" content=\"image\/jpeg\" \/>\n<meta name=\"author\" content=\"galledia\" \/>\n<meta name=\"twitter:card\" content=\"summary_large_image\" \/>\n<meta name=\"twitter:creator\" content=\"@admin\" \/>\n<script type=\"application\/ld+json\" class=\"yoast-schema-graph\">{\"@context\":\"https:\\\/\\\/schema.org\",\"@graph\":[{\"@type\":\"Article\",\"@id\":\"https:\\\/\\\/www.organisator.ch\\\/operational-excellence\\\/2025-07-22\\\/die-energiewende-vollzieht-sich-am-edge\\\/#article\",\"isPartOf\":{\"@id\":\"https:\\\/\\\/www.organisator.ch\\\/operational-excellence\\\/2025-07-22\\\/die-energiewende-vollzieht-sich-am-edge\\\/\"},\"author\":{\"name\":\"galledia\",\"@id\":\"https:\\\/\\\/www.organisator.ch\\\/#\\\/schema\\\/person\\\/4e51799071cd2dd1232ac003643ef5f0\"},\"headline\":\"Die Energiewende vollzieht sich am Edge\",\"datePublished\":\"2025-07-22T06:25:42+00:00\",\"dateModified\":\"2025-07-22T09:38:36+00:00\",\"mainEntityOfPage\":{\"@id\":\"https:\\\/\\\/www.organisator.ch\\\/operational-excellence\\\/2025-07-22\\\/die-energiewende-vollzieht-sich-am-edge\\\/\"},\"wordCount\":484,\"publisher\":{\"@id\":\"https:\\\/\\\/www.organisator.ch\\\/#organization\"},\"image\":{\"@id\":\"https:\\\/\\\/www.organisator.ch\\\/operational-excellence\\\/2025-07-22\\\/die-energiewende-vollzieht-sich-am-edge\\\/#primaryimage\"},\"thumbnailUrl\":\"https:\\\/\\\/www.m-q.ch\\\/wp-content\\\/uploads\\\/2025\\\/07\\\/Die-Energiewende-vollzieht-sich-am-Edge_MQ.jpg\",\"keywords\":[\"Energiewende\",\"K\u00fcnstliche Intelligenz\",\"Netzsicherheit\",\"Risikomanagement\",\"Stromversorgung\"],\"articleSection\":[\"OPERATIONAL EXCELLENCE\"],\"inLanguage\":\"de\"},{\"@type\":\"WebPage\",\"@id\":\"https:\\\/\\\/www.organisator.ch\\\/operational-excellence\\\/2025-07-22\\\/die-energiewende-vollzieht-sich-am-edge\\\/\",\"url\":\"https:\\\/\\\/www.organisator.ch\\\/operational-excellence\\\/2025-07-22\\\/die-energiewende-vollzieht-sich-am-edge\\\/\",\"name\":\"Die Energiewende vollzieht sich am Edge - Organisator\",\"isPartOf\":{\"@id\":\"https:\\\/\\\/www.organisator.ch\\\/#website\"},\"primaryImageOfPage\":{\"@id\":\"https:\\\/\\\/www.organisator.ch\\\/operational-excellence\\\/2025-07-22\\\/die-energiewende-vollzieht-sich-am-edge\\\/#primaryimage\"},\"image\":{\"@id\":\"https:\\\/\\\/www.organisator.ch\\\/operational-excellence\\\/2025-07-22\\\/die-energiewende-vollzieht-sich-am-edge\\\/#primaryimage\"},\"thumbnailUrl\":\"https:\\\/\\\/www.m-q.ch\\\/wp-content\\\/uploads\\\/2025\\\/07\\\/Die-Energiewende-vollzieht-sich-am-Edge_MQ.jpg\",\"datePublished\":\"2025-07-22T06:25:42+00:00\",\"dateModified\":\"2025-07-22T09:38:36+00:00\",\"description\":\"Die Energiewende macht unser Stromnetz zunehmend volatil und komplex.\",\"breadcrumb\":{\"@id\":\"https:\\\/\\\/www.organisator.ch\\\/operational-excellence\\\/2025-07-22\\\/die-energiewende-vollzieht-sich-am-edge\\\/#breadcrumb\"},\"inLanguage\":\"de\",\"potentialAction\":[{\"@type\":\"ReadAction\",\"target\":[\"https:\\\/\\\/www.organisator.ch\\\/operational-excellence\\\/2025-07-22\\\/die-energiewende-vollzieht-sich-am-edge\\\/\"]}]},{\"@type\":\"ImageObject\",\"inLanguage\":\"de\",\"@id\":\"https:\\\/\\\/www.organisator.ch\\\/operational-excellence\\\/2025-07-22\\\/die-energiewende-vollzieht-sich-am-edge\\\/#primaryimage\",\"url\":\"https:\\\/\\\/www.m-q.ch\\\/wp-content\\\/uploads\\\/2025\\\/07\\\/Die-Energiewende-vollzieht-sich-am-Edge_MQ.jpg\",\"contentUrl\":\"https:\\\/\\\/www.m-q.ch\\\/wp-content\\\/uploads\\\/2025\\\/07\\\/Die-Energiewende-vollzieht-sich-am-Edge_MQ.jpg\"},{\"@type\":\"BreadcrumbList\",\"@id\":\"https:\\\/\\\/www.organisator.ch\\\/operational-excellence\\\/2025-07-22\\\/die-energiewende-vollzieht-sich-am-edge\\\/#breadcrumb\",\"itemListElement\":[{\"@type\":\"ListItem\",\"position\":1,\"name\":\"Home\",\"item\":\"https:\\\/\\\/www.organisator.ch\\\/\"},{\"@type\":\"ListItem\",\"position\":2,\"name\":\"Die Energiewende vollzieht sich am Edge\"}]},{\"@type\":\"WebSite\",\"@id\":\"https:\\\/\\\/www.organisator.ch\\\/#website\",\"url\":\"https:\\\/\\\/www.organisator.ch\\\/\",\"name\":\"Organisator\",\"description\":\"Kompetent. Praxisnah. Der ORGANISATOR bereitet in 10 Ausgaben pro Jahr die wesentlichen Themen f\u00fcr F\u00fchrungskr\u00e4fte von KMU auf.\",\"publisher\":{\"@id\":\"https:\\\/\\\/www.organisator.ch\\\/#organization\"},\"potentialAction\":[{\"@type\":\"SearchAction\",\"target\":{\"@type\":\"EntryPoint\",\"urlTemplate\":\"https:\\\/\\\/www.organisator.ch\\\/?s={search_term_string}\"},\"query-input\":{\"@type\":\"PropertyValueSpecification\",\"valueRequired\":true,\"valueName\":\"search_term_string\"}}],\"inLanguage\":\"de\"},{\"@type\":\"Organization\",\"@id\":\"https:\\\/\\\/www.organisator.ch\\\/#organization\",\"name\":\"Organisator\",\"url\":\"https:\\\/\\\/www.organisator.ch\\\/\",\"logo\":{\"@type\":\"ImageObject\",\"inLanguage\":\"de\",\"@id\":\"https:\\\/\\\/www.organisator.ch\\\/#\\\/schema\\\/logo\\\/image\\\/\",\"url\":\"https:\\\/\\\/www.organisator.ch\\\/wp-content\\\/uploads\\\/2022\\\/01\\\/Logo_Organisator_Website.png\",\"contentUrl\":\"https:\\\/\\\/www.organisator.ch\\\/wp-content\\\/uploads\\\/2022\\\/01\\\/Logo_Organisator_Website.png\",\"width\":800,\"height\":77,\"caption\":\"Organisator\"},\"image\":{\"@id\":\"https:\\\/\\\/www.organisator.ch\\\/#\\\/schema\\\/logo\\\/image\\\/\"},\"sameAs\":[\"https:\\\/\\\/www.facebook.com\\\/OrganisatorFachmagazin\",\"https:\\\/\\\/www.linkedin.com\\\/showcase\\\/organisator-das-magazin-fr-kmu\",\"https:\\\/\\\/www.xing.com\\\/news\\\/pages\\\/organisator-ch-695\",\"https:\\\/\\\/www.youtube.com\\\/channel\\\/UCGP2Sq0iWaZwT3BdIAQFYpw\"]},{\"@type\":\"Person\",\"@id\":\"https:\\\/\\\/www.organisator.ch\\\/#\\\/schema\\\/person\\\/4e51799071cd2dd1232ac003643ef5f0\",\"name\":\"galledia\",\"image\":{\"@type\":\"ImageObject\",\"inLanguage\":\"de\",\"@id\":\"https:\\\/\\\/secure.gravatar.com\\\/avatar\\\/78a7f90c01fc2bfc875782a0d4922b37cde2cf184ce347b91316d23cd7f69a36?s=96&d=mm&r=g\",\"url\":\"https:\\\/\\\/secure.gravatar.com\\\/avatar\\\/78a7f90c01fc2bfc875782a0d4922b37cde2cf184ce347b91316d23cd7f69a36?s=96&d=mm&r=g\",\"contentUrl\":\"https:\\\/\\\/secure.gravatar.com\\\/avatar\\\/78a7f90c01fc2bfc875782a0d4922b37cde2cf184ce347b91316d23cd7f69a36?s=96&d=mm&r=g\",\"caption\":\"galledia\"},\"sameAs\":[\"https:\\\/\\\/x.com\\\/admin\"],\"url\":\"https:\\\/\\\/www.organisator.ch\\\/de\\\/author\\\/galledia\\\/\"}]}<\/script>\n<!-- \/ Yoast SEO plugin. -->","yoast_head_json":{"title":"Die Energiewende vollzieht sich am Edge - Organisator","description":"Die Energiewende macht unser Stromnetz zunehmend volatil und komplex.","robots":{"index":"index","follow":"follow","max-snippet":"max-snippet:-1","max-image-preview":"max-image-preview:large","max-video-preview":"max-video-preview:-1"},"canonical":"https:\/\/www.organisator.ch\/de\/operational-excellence\/2025-07-22\/die-energiewende-vollzieht-sich-am-edge\/","og_locale":"de_DE","og_type":"article","og_title":"Die Energiewende vollzieht sich am Edge - Organisator","og_description":"Die Energiewende macht unser Stromnetz zunehmend volatil und komplex.","og_url":"https:\/\/www.organisator.ch\/de\/operational-excellence\/2025-07-22\/die-energiewende-vollzieht-sich-am-edge\/","og_site_name":"Organisator","article_publisher":"https:\/\/www.facebook.com\/OrganisatorFachmagazin","article_published_time":"2025-07-22T06:25:42+00:00","article_modified_time":"2025-07-22T09:38:36+00:00","og_image":[{"width":680,"height":505,"url":"https:\/\/www.organisator.ch\/wp-content\/uploads\/2023\/09\/Wirtschaftsverband-der-Berner-KMU-zuendet-den-Digitalisierungsnachbrenner_Organisator.jpg","type":"image\/jpeg"}],"author":"galledia","twitter_card":"summary_large_image","twitter_creator":"@admin","schema":{"@context":"https:\/\/schema.org","@graph":[{"@type":"Article","@id":"https:\/\/www.organisator.ch\/operational-excellence\/2025-07-22\/die-energiewende-vollzieht-sich-am-edge\/#article","isPartOf":{"@id":"https:\/\/www.organisator.ch\/operational-excellence\/2025-07-22\/die-energiewende-vollzieht-sich-am-edge\/"},"author":{"name":"galledia","@id":"https:\/\/www.organisator.ch\/#\/schema\/person\/4e51799071cd2dd1232ac003643ef5f0"},"headline":"Die Energiewende vollzieht sich am Edge","datePublished":"2025-07-22T06:25:42+00:00","dateModified":"2025-07-22T09:38:36+00:00","mainEntityOfPage":{"@id":"https:\/\/www.organisator.ch\/operational-excellence\/2025-07-22\/die-energiewende-vollzieht-sich-am-edge\/"},"wordCount":484,"publisher":{"@id":"https:\/\/www.organisator.ch\/#organization"},"image":{"@id":"https:\/\/www.organisator.ch\/operational-excellence\/2025-07-22\/die-energiewende-vollzieht-sich-am-edge\/#primaryimage"},"thumbnailUrl":"https:\/\/www.m-q.ch\/wp-content\/uploads\/2025\/07\/Die-Energiewende-vollzieht-sich-am-Edge_MQ.jpg","keywords":["Energiewende","K\u00fcnstliche Intelligenz","Netzsicherheit","Risikomanagement","Stromversorgung"],"articleSection":["OPERATIONAL EXCELLENCE"],"inLanguage":"de"},{"@type":"WebPage","@id":"https:\/\/www.organisator.ch\/operational-excellence\/2025-07-22\/die-energiewende-vollzieht-sich-am-edge\/","url":"https:\/\/www.organisator.ch\/operational-excellence\/2025-07-22\/die-energiewende-vollzieht-sich-am-edge\/","name":"Die Energiewende vollzieht sich am Edge - Organisator","isPartOf":{"@id":"https:\/\/www.organisator.ch\/#website"},"primaryImageOfPage":{"@id":"https:\/\/www.organisator.ch\/operational-excellence\/2025-07-22\/die-energiewende-vollzieht-sich-am-edge\/#primaryimage"},"image":{"@id":"https:\/\/www.organisator.ch\/operational-excellence\/2025-07-22\/die-energiewende-vollzieht-sich-am-edge\/#primaryimage"},"thumbnailUrl":"https:\/\/www.m-q.ch\/wp-content\/uploads\/2025\/07\/Die-Energiewende-vollzieht-sich-am-Edge_MQ.jpg","datePublished":"2025-07-22T06:25:42+00:00","dateModified":"2025-07-22T09:38:36+00:00","description":"Die Energiewende macht unser Stromnetz zunehmend volatil und komplex.","breadcrumb":{"@id":"https:\/\/www.organisator.ch\/operational-excellence\/2025-07-22\/die-energiewende-vollzieht-sich-am-edge\/#breadcrumb"},"inLanguage":"de","potentialAction":[{"@type":"ReadAction","target":["https:\/\/www.organisator.ch\/operational-excellence\/2025-07-22\/die-energiewende-vollzieht-sich-am-edge\/"]}]},{"@type":"ImageObject","inLanguage":"de","@id":"https:\/\/www.organisator.ch\/operational-excellence\/2025-07-22\/die-energiewende-vollzieht-sich-am-edge\/#primaryimage","url":"https:\/\/www.m-q.ch\/wp-content\/uploads\/2025\/07\/Die-Energiewende-vollzieht-sich-am-Edge_MQ.jpg","contentUrl":"https:\/\/www.m-q.ch\/wp-content\/uploads\/2025\/07\/Die-Energiewende-vollzieht-sich-am-Edge_MQ.jpg"},{"@type":"BreadcrumbList","@id":"https:\/\/www.organisator.ch\/operational-excellence\/2025-07-22\/die-energiewende-vollzieht-sich-am-edge\/#breadcrumb","itemListElement":[{"@type":"ListItem","position":1,"name":"Home","item":"https:\/\/www.organisator.ch\/"},{"@type":"ListItem","position":2,"name":"Die Energiewende vollzieht sich am Edge"}]},{"@type":"WebSite","@id":"https:\/\/www.organisator.ch\/#website","url":"https:\/\/www.organisator.ch\/","name":"Organisator","description":"Kompetent. Praxisnah. Der ORGANISATOR bereitet in 10 Ausgaben pro Jahr die wesentlichen Themen f\u00fcr F\u00fchrungskr\u00e4fte von KMU auf.","publisher":{"@id":"https:\/\/www.organisator.ch\/#organization"},"potentialAction":[{"@type":"SearchAction","target":{"@type":"EntryPoint","urlTemplate":"https:\/\/www.organisator.ch\/?s={search_term_string}"},"query-input":{"@type":"PropertyValueSpecification","valueRequired":true,"valueName":"search_term_string"}}],"inLanguage":"de"},{"@type":"Organization","@id":"https:\/\/www.organisator.ch\/#organization","name":"Organisator","url":"https:\/\/www.organisator.ch\/","logo":{"@type":"ImageObject","inLanguage":"de","@id":"https:\/\/www.organisator.ch\/#\/schema\/logo\/image\/","url":"https:\/\/www.organisator.ch\/wp-content\/uploads\/2022\/01\/Logo_Organisator_Website.png","contentUrl":"https:\/\/www.organisator.ch\/wp-content\/uploads\/2022\/01\/Logo_Organisator_Website.png","width":800,"height":77,"caption":"Organisator"},"image":{"@id":"https:\/\/www.organisator.ch\/#\/schema\/logo\/image\/"},"sameAs":["https:\/\/www.facebook.com\/OrganisatorFachmagazin","https:\/\/www.linkedin.com\/showcase\/organisator-das-magazin-fr-kmu","https:\/\/www.xing.com\/news\/pages\/organisator-ch-695","https:\/\/www.youtube.com\/channel\/UCGP2Sq0iWaZwT3BdIAQFYpw"]},{"@type":"Person","@id":"https:\/\/www.organisator.ch\/#\/schema\/person\/4e51799071cd2dd1232ac003643ef5f0","name":"galledia","image":{"@type":"ImageObject","inLanguage":"de","@id":"https:\/\/secure.gravatar.com\/avatar\/78a7f90c01fc2bfc875782a0d4922b37cde2cf184ce347b91316d23cd7f69a36?s=96&d=mm&r=g","url":"https:\/\/secure.gravatar.com\/avatar\/78a7f90c01fc2bfc875782a0d4922b37cde2cf184ce347b91316d23cd7f69a36?s=96&d=mm&r=g","contentUrl":"https:\/\/secure.gravatar.com\/avatar\/78a7f90c01fc2bfc875782a0d4922b37cde2cf184ce347b91316d23cd7f69a36?s=96&d=mm&r=g","caption":"galledia"},"sameAs":["https:\/\/x.com\/admin"],"url":"https:\/\/www.organisator.ch\/de\/author\/galledia\/"}]}},"_links":{"self":[{"href":"https:\/\/www.organisator.ch\/de\/wp-json\/wp\/v2\/posts\/39631","targetHints":{"allow":["GET"]}}],"collection":[{"href":"https:\/\/www.organisator.ch\/de\/wp-json\/wp\/v2\/posts"}],"about":[{"href":"https:\/\/www.organisator.ch\/de\/wp-json\/wp\/v2\/types\/post"}],"author":[{"embeddable":true,"href":"https:\/\/www.organisator.ch\/de\/wp-json\/wp\/v2\/users\/8"}],"replies":[{"embeddable":true,"href":"https:\/\/www.organisator.ch\/de\/wp-json\/wp\/v2\/comments?post=39631"}],"version-history":[{"count":6,"href":"https:\/\/www.organisator.ch\/de\/wp-json\/wp\/v2\/posts\/39631\/revisions"}],"predecessor-version":[{"id":39647,"href":"https:\/\/www.organisator.ch\/de\/wp-json\/wp\/v2\/posts\/39631\/revisions\/39647"}],"wp:attachment":[{"href":"https:\/\/www.organisator.ch\/de\/wp-json\/wp\/v2\/media?parent=39631"}],"wp:term":[{"taxonomy":"category","embeddable":true,"href":"https:\/\/www.organisator.ch\/de\/wp-json\/wp\/v2\/categories?post=39631"},{"taxonomy":"post_tag","embeddable":true,"href":"https:\/\/www.organisator.ch\/de\/wp-json\/wp\/v2\/tags?post=39631"}],"curies":[{"name":"wp","href":"https:\/\/api.w.org\/{rel}","templated":true}]}}