{"id":39683,"date":"2025-07-28T09:34:20","date_gmt":"2025-07-28T07:34:20","guid":{"rendered":"https:\/\/www.organisator.ch\/?p=39683"},"modified":"2025-07-28T09:34:20","modified_gmt":"2025-07-28T07:34:20","slug":"buehler-macht-vorteile-des-schweizer-berufsbildungssystems-fuer-kunden-weltweit-zugaenglich","status":"publish","type":"post","link":"https:\/\/www.organisator.ch\/de\/weiterbildung\/2025-07-28\/buehler-macht-vorteile-des-schweizer-berufsbildungssystems-fuer-kunden-weltweit-zugaenglich\/","title":{"rendered":"B\u00fchler macht Vorteile des Schweizer Berufsbildungssystems f\u00fcr Kunden weltweit zug\u00e4nglich"},"content":{"rendered":"<figure id=\"attachment_39684\" aria-describedby=\"caption-attachment-39684\" style=\"width: 680px\" class=\"wp-caption alignnone\"><img loading=\"lazy\" decoding=\"async\" class=\"size-full wp-image-39684\" src=\"https:\/\/www.organisator.ch\/wp-content\/uploads\/2025\/07\/Buehler-macht-Vorteile-des-Schweizer-Berufsbildungssystems-fuer-Kunden-weltweit-zugaenglich_Organisator.jpg\" alt=\"\" width=\"680\" height=\"453\" srcset=\"https:\/\/www.organisator.ch\/wp-content\/uploads\/2025\/07\/Buehler-macht-Vorteile-des-Schweizer-Berufsbildungssystems-fuer-Kunden-weltweit-zugaenglich_Organisator.jpg 680w, https:\/\/www.organisator.ch\/wp-content\/uploads\/2025\/07\/Buehler-macht-Vorteile-des-Schweizer-Berufsbildungssystems-fuer-Kunden-weltweit-zugaenglich_Organisator-18x12.jpg 18w, https:\/\/www.organisator.ch\/wp-content\/uploads\/2025\/07\/Buehler-macht-Vorteile-des-Schweizer-Berufsbildungssystems-fuer-Kunden-weltweit-zugaenglich_Organisator-375x250.jpg 375w, https:\/\/www.organisator.ch\/wp-content\/uploads\/2025\/07\/Buehler-macht-Vorteile-des-Schweizer-Berufsbildungssystems-fuer-Kunden-weltweit-zugaenglich_Organisator-525x350.jpg 525w\" sizes=\"auto, (max-width: 680px) 100vw, 680px\" \/><figcaption id=\"caption-attachment-39684\" class=\"wp-caption-text\">Seit der Gr\u00fcndung des Ausbildungsprogramms im Jahr 1915 haben allein in der Schweiz mehr als 8400 junge Fachkr\u00e4fte eine Lehre bei B\u00fchler abgeschlossen. (Bild: B\u00fchler)<\/figcaption><\/figure>\n<p>Teilnehmende haben die M\u00f6glichkeit, Module in den Bereichen Mechanik, Mechatronik und Projektmanagement zu absolvieren. Je nach individuellem Bedarf wird zus\u00e4tzlich eine Schulung in Prozesstechnologie angeboten. Die Programme richten sich gezielt an Servicetechnikerinnen und -techniker sowie Instandhaltungspersonal und beinhalten Arbeitssicherheitskurse nach Schweizer Standards. Jedes Modul schliesst mit einem anerkannten Schweizer Zertifikat ab. \u00abDas Vocational Fast Track Berufsbildungsformat bietet Unternehmen eine bisher einzigartige M\u00f6glichkeit, Kompetenzen gezielt und effizient aufzubauen\u00bb, sagt Irene Mark-Eisenring, Chief Human Resources Officer bei B\u00fchler. \u00abWir bringen die St\u00e4rken des Schweizer dualen Bildungssystems \u2013 die enge Verzahnung von Theorie und Praxis \u2013 in ein kompaktes und skalierbares Format f\u00fcr industrielle Anforderungen.\u00bb Dieses neue Angebot adressiert einige der dr\u00e4ngendsten Herausforderungen des heutigen Arbeitsmarkts: zunehmender Fachkr\u00e4ftemangel, flexiblere und volatilere Arbeitsm\u00e4rkte sowie steigende Ausbildungskosten. In diesem Kontext gewinnen kontinuierliche Weiterbildung und der Erwerb von neuen Qualifikationen zunehmend an Bedeutung.<\/p>\n<h3><strong>Seit \u00fcber einem Jahrhundert ein Pionier in der Berufsbildung<\/strong><\/h3>\n<p>B\u00fchler ist seit \u00fcber 110 Jahren ein Vorreiter in der Berufsbildung \u2013 die ersten Lernenden wurden bereits 1915 ausgebildet. Seither hat das Unternehmen seinen Ansatz zur beruflichen Ausbildung kontinuierlich weiterentwickelt und modernisiert. Das Vocational Fast Track Berufsbildungsformat baut auf diesem Fundament auf und spiegelt B\u00fchlers langj\u00e4hriges und umfassendes Engagement f\u00fcr Bildung und Weiterbildung wider. Aktuell werden Ausbildungsprogramme an 26 Standorten in Europa, Nord- und S\u00fcdamerika, dem Nahen Osten, Afrika und S\u00fcdasien durchgef\u00fchrt. B\u00fchler verfolgt dabei ein Ziel, das \u00fcber den eigenen Fachkr\u00e4ftebedarf hinausgeht: Durch Investitionen in Menschen und deren Kompetenzen soll das R\u00fcckgrat der verarbeitenden Industrien insgesamt gest\u00e4rkt werden.\u00a0Heute bildet B\u00fchler weltweit \u00fcber 520 Lernende aus, davon rund 40\u202fProzent ausserhalb der Schweiz. Seit der Gr\u00fcndung des Ausbildungsprogramms im Jahr 1915 haben allein in der Schweiz mehr als 8400 junge Fachkr\u00e4fte eine Lehre bei B\u00fchler abgeschlossen. Das Unternehmen setzt zudem auf starke Partnerschaften, etwa mit Organisationen wie Swissmem (dem Verband der Schweizer Maschinen-, Elektro- und Metallindustrie) und dem Global Apprenticeship Network (GAN), einem weltweiten Zusammenschluss von Unternehmen, internationalen Organisationen und Arbeitgeberverb\u00e4nden zur F\u00f6rderung von praxisorientiertem Lernen. Auf dieser Grundlage ist das Vocational Fast Track Berufsbildungsformat nun bereit f\u00fcr Kunden weltweit. Damit k\u00f6nnen B\u00fchler und seine Partner hochwertige Berufsbildung effizient und global anbieten \u2013 zur Unterst\u00fctzung industrieller Kunden und zur St\u00e4rkung breiterer Branchennetzwerke.<\/p>\n<h3><strong>Schweizer Berufsbildungssystem: ein wirtschaftliches Erfolgsmodell<\/strong><\/h3>\n<p>Das Schweizer duale Bildungssystem ist international anerkannt f\u00fcr seine enge Verzahnung von Theorie und Praxis. Es sorgt f\u00fcr eine hohe Anstellungsquote nach der Ausbildung und ausgezeichnete berufliche Entwicklungsm\u00f6glichkeiten. Rund 70 Prozent der Schweizer Jugendlichen entscheiden sich f\u00fcr eine Lehre in einem von \u00fcber 230 anerkannten Berufen. Dies tr\u00e4gt zu einer der weltweit niedrigsten Jugendarbeitslosenquoten bei, die unter 4 Prozent liegt. Sonja Studer, Leiterin Bildung beim Branchenverband Swissmem, sagt: \u00abDer wirtschaftliche Erfolg der Schweiz \u2013 und von B\u00fchler \u2013 ist eng mit dem dualen Bildungssystem verkn\u00fcpft. Es stellt eine kontinuierliche Versorgung mit Fachkr\u00e4ften sicher, richtet die Ausbildung an den Bed\u00fcrfnissen der Industrie aus und st\u00e4rkt die Innovationskraft.\u00bb<\/p>\n<p>Das Berufsbildungssystem der Schweizer k\u00f6nnte eine entscheidende Rolle bei der L\u00f6sung aktueller Herausforderungen im Bildungs- und Arbeitsmarkt spielen, insbesondere in den USA. Dort liegt die Fachkr\u00e4ftel\u00fccke in der Industrie bei \u00fcber einer Million unbesetzter Stellen, etwa die H\u00e4lfte davon im verarbeitenden Gewerbe. Gleichzeitig betragen die Kosten f\u00fcr ein Hochschulstudium zwischen USD 26\u2019000 und USD 60&#8217;000 pro Jahr, was vielen den Zugang zur formalen Bildung erschwert. Lehren werden oft noch als \u00abzweite Wahl\u00bb gegen\u00fcber Universit\u00e4tsabschl\u00fcssen betrachtet, und es fehlt an einheitlichen nationalen Standards.<\/p>\n<p>Tracy Bayer, Head of Human Resources North America bei B\u00fchler, erkl\u00e4rt: \u00abDie USA brauchen dringend skalierbare und kosteneffiziente Modelle zur Entwicklung von Fachkr\u00e4ften. Das Schweizer duale Bildungssystem ist eine bew\u00e4hrte L\u00f6sung: Es ist erschwinglich, vermittelt hochwertige Kompetenzen und schafft direkte Wege in die berufliche Karriere. Mit unserem schweizerisch gepr\u00e4gten Ausbildungsprogramm an der B\u00fchler Apprentice Academy in North Carolina und Minnesota zeigen wir, wie das in der Praxis funktioniert.\u00bb<\/p>\n<p>Die US-Programme von B\u00fchler kombinieren die Ausbildung an einer Fachhochschule mit praktischer Arbeit in Betrieben von B\u00fchler. Absolventinnen und Absolventen erwerben sogenannte Associate Degrees und Facharbeiterzertifikate \u2013 viele steigen anschliessend direkt in eine Festanstellung bei B\u00fchler ein.<\/p>\n<p><em>Quelle: <a href=\"http:\/\/www.buhlergroup.com\">B\u00fchler<\/a><\/em><\/p>\n","protected":false},"excerpt":{"rendered":"<p>Anl\u00e4sslich seines wichtigsten Kundenevents, den Networking Days 2025 im Juni, hat B\u00fchler das neue Berufsbildungsformat \u00abVocational Fast Track\u00bb vorgestellt. Dieses Programm erm\u00f6glicht es Kundenunternehmen, Mitarbeitende f\u00fcr mehrere Wochen oder Monate zu B\u00fchler zu entsenden, um eine kompakte Berufsausbildung nach dem Schweizer Berufsbildungsmodell zu absolvieren. Der Unterricht im firmeneigenen Ausbildungszentrum   von B\u00fchler, dem B\u00fchler Energy Center, wird eng mit praktischer Erfahrung in realen Produktionsumgebungen verkn\u00fcpft.<\/p>\n","protected":false},"author":4,"featured_media":39684,"comment_status":"closed","ping_status":"closed","sticky":false,"template":"","format":"standard","meta":{"_acf_changed":false,"_yoast_wpseo_focuskw":"Berufsbildungssystem","_yoast_wpseo_metadesc":"B\u00fchler hat das Berufsbildungsformat \u00abVocational Fast Track\u00bb vorgestellt. Kunden k\u00f6nnen damit vom Schweizer Berufsbildungssystem profitieren.","articlekey":"","footnotes":""},"categories":[30],"tags":[4101,73,254],"class_list":["post-39683","post","type-post","status-publish","format-standard","has-post-thumbnail","hentry","category-weiterbildung","tag-aus-und-weiterbildung","tag-berufsbildung","tag-hrm"],"acf":[],"yoast_head":"<!-- This site is optimized with the Yoast SEO plugin v27.5 - https:\/\/yoast.com\/product\/yoast-seo-wordpress\/ -->\n<title>B\u00fchler macht Vorteile des Schweizer Berufsbildungssystems f\u00fcr Kunden weltweit zug\u00e4nglich - Organisator<\/title>\n<meta name=\"description\" content=\"B\u00fchler hat das Berufsbildungsformat \u00abVocational Fast Track\u00bb vorgestellt. Kunden k\u00f6nnen damit vom Schweizer Berufsbildungssystem profitieren.\" \/>\n<meta name=\"robots\" content=\"index, follow, max-snippet:-1, max-image-preview:large, max-video-preview:-1\" \/>\n<link rel=\"canonical\" href=\"https:\/\/www.organisator.ch\/de\/weiterbildung\/2025-07-28\/buehler-macht-vorteile-des-schweizer-berufsbildungssystems-fuer-kunden-weltweit-zugaenglich\/\" \/>\n<meta property=\"og:locale\" content=\"de_DE\" \/>\n<meta property=\"og:type\" content=\"article\" \/>\n<meta property=\"og:title\" content=\"B\u00fchler macht Vorteile des Schweizer Berufsbildungssystems f\u00fcr Kunden weltweit zug\u00e4nglich\" \/>\n<meta property=\"og:description\" content=\"B\u00fchler hat das Berufsbildungsformat \u00abVocational Fast Track\u00bb vorgestellt. Kunden k\u00f6nnen damit vom Schweizer Berufsbildungssystem profitieren.\" \/>\n<meta property=\"og:url\" content=\"https:\/\/www.organisator.ch\/de\/weiterbildung\/2025-07-28\/buehler-macht-vorteile-des-schweizer-berufsbildungssystems-fuer-kunden-weltweit-zugaenglich\/\" \/>\n<meta property=\"og:site_name\" content=\"Organisator\" \/>\n<meta property=\"article:publisher\" content=\"https:\/\/www.facebook.com\/OrganisatorFachmagazin\" \/>\n<meta property=\"article:published_time\" content=\"2025-07-28T07:34:20+00:00\" \/>\n<meta property=\"og:image\" content=\"https:\/\/www.organisator.ch\/wp-content\/uploads\/2025\/07\/Buehler-macht-Vorteile-des-Schweizer-Berufsbildungssystems-fuer-Kunden-weltweit-zugaenglich_Organisator.jpg\" \/>\n\t<meta property=\"og:image:width\" content=\"680\" \/>\n\t<meta property=\"og:image:height\" content=\"453\" \/>\n\t<meta property=\"og:image:type\" content=\"image\/jpeg\" \/>\n<meta name=\"author\" content=\"thomas.berner\" \/>\n<meta name=\"twitter:card\" content=\"summary_large_image\" \/>\n<meta name=\"twitter:title\" content=\"B\u00fchler macht Vorteile des Schweizer #Berufsbildungssystems f\u00fcr Kunden weltweit zug\u00e4nglich\" \/>\n<meta name=\"twitter:description\" content=\"B\u00fchler hat das #Berufsbildungsformat \u00abVocational Fast Track\u00bb vorgestellt. Kunden k\u00f6nnen damit vom Schweizer #Berufsbildungssystem profitieren.\" \/>\n<meta name=\"twitter:image\" content=\"https:\/\/www.organisator.ch\/wp-content\/uploads\/2025\/07\/Buehler-macht-Vorteile-des-Schweizer-Berufsbildungssystems-fuer-Kunden-weltweit-zugaenglich_Organisator.jpg\" \/>\n<script type=\"application\/ld+json\" class=\"yoast-schema-graph\">{\"@context\":\"https:\\\/\\\/schema.org\",\"@graph\":[{\"@type\":\"Article\",\"@id\":\"https:\\\/\\\/www.organisator.ch\\\/weiterbildung\\\/2025-07-28\\\/buehler-macht-vorteile-des-schweizer-berufsbildungssystems-fuer-kunden-weltweit-zugaenglich\\\/#article\",\"isPartOf\":{\"@id\":\"https:\\\/\\\/www.organisator.ch\\\/weiterbildung\\\/2025-07-28\\\/buehler-macht-vorteile-des-schweizer-berufsbildungssystems-fuer-kunden-weltweit-zugaenglich\\\/\"},\"author\":{\"name\":\"thomas.berner\",\"@id\":\"https:\\\/\\\/www.organisator.ch\\\/#\\\/schema\\\/person\\\/6f650f90b2842cd4c0cc334b4e36f67e\"},\"headline\":\"B\u00fchler macht Vorteile des Schweizer Berufsbildungssystems f\u00fcr Kunden weltweit zug\u00e4nglich\",\"datePublished\":\"2025-07-28T07:34:20+00:00\",\"mainEntityOfPage\":{\"@id\":\"https:\\\/\\\/www.organisator.ch\\\/weiterbildung\\\/2025-07-28\\\/buehler-macht-vorteile-des-schweizer-berufsbildungssystems-fuer-kunden-weltweit-zugaenglich\\\/\"},\"wordCount\":748,\"publisher\":{\"@id\":\"https:\\\/\\\/www.organisator.ch\\\/#organization\"},\"image\":{\"@id\":\"https:\\\/\\\/www.organisator.ch\\\/weiterbildung\\\/2025-07-28\\\/buehler-macht-vorteile-des-schweizer-berufsbildungssystems-fuer-kunden-weltweit-zugaenglich\\\/#primaryimage\"},\"thumbnailUrl\":\"https:\\\/\\\/www.organisator.ch\\\/wp-content\\\/uploads\\\/2025\\\/07\\\/Buehler-macht-Vorteile-des-Schweizer-Berufsbildungssystems-fuer-Kunden-weltweit-zugaenglich_Organisator.jpg\",\"keywords\":[\"Aus- und Weiterbildung\",\"Berufsbildung\",\"HRM\"],\"articleSection\":[\"WEITERBILDUNG\"],\"inLanguage\":\"de\"},{\"@type\":\"WebPage\",\"@id\":\"https:\\\/\\\/www.organisator.ch\\\/weiterbildung\\\/2025-07-28\\\/buehler-macht-vorteile-des-schweizer-berufsbildungssystems-fuer-kunden-weltweit-zugaenglich\\\/\",\"url\":\"https:\\\/\\\/www.organisator.ch\\\/weiterbildung\\\/2025-07-28\\\/buehler-macht-vorteile-des-schweizer-berufsbildungssystems-fuer-kunden-weltweit-zugaenglich\\\/\",\"name\":\"B\u00fchler macht Vorteile des Schweizer Berufsbildungssystems f\u00fcr Kunden weltweit zug\u00e4nglich - Organisator\",\"isPartOf\":{\"@id\":\"https:\\\/\\\/www.organisator.ch\\\/#website\"},\"primaryImageOfPage\":{\"@id\":\"https:\\\/\\\/www.organisator.ch\\\/weiterbildung\\\/2025-07-28\\\/buehler-macht-vorteile-des-schweizer-berufsbildungssystems-fuer-kunden-weltweit-zugaenglich\\\/#primaryimage\"},\"image\":{\"@id\":\"https:\\\/\\\/www.organisator.ch\\\/weiterbildung\\\/2025-07-28\\\/buehler-macht-vorteile-des-schweizer-berufsbildungssystems-fuer-kunden-weltweit-zugaenglich\\\/#primaryimage\"},\"thumbnailUrl\":\"https:\\\/\\\/www.organisator.ch\\\/wp-content\\\/uploads\\\/2025\\\/07\\\/Buehler-macht-Vorteile-des-Schweizer-Berufsbildungssystems-fuer-Kunden-weltweit-zugaenglich_Organisator.jpg\",\"datePublished\":\"2025-07-28T07:34:20+00:00\",\"description\":\"B\u00fchler hat das Berufsbildungsformat \u00abVocational Fast Track\u00bb vorgestellt. Kunden k\u00f6nnen damit vom Schweizer Berufsbildungssystem profitieren.\",\"breadcrumb\":{\"@id\":\"https:\\\/\\\/www.organisator.ch\\\/weiterbildung\\\/2025-07-28\\\/buehler-macht-vorteile-des-schweizer-berufsbildungssystems-fuer-kunden-weltweit-zugaenglich\\\/#breadcrumb\"},\"inLanguage\":\"de\",\"potentialAction\":[{\"@type\":\"ReadAction\",\"target\":[\"https:\\\/\\\/www.organisator.ch\\\/weiterbildung\\\/2025-07-28\\\/buehler-macht-vorteile-des-schweizer-berufsbildungssystems-fuer-kunden-weltweit-zugaenglich\\\/\"]}]},{\"@type\":\"ImageObject\",\"inLanguage\":\"de\",\"@id\":\"https:\\\/\\\/www.organisator.ch\\\/weiterbildung\\\/2025-07-28\\\/buehler-macht-vorteile-des-schweizer-berufsbildungssystems-fuer-kunden-weltweit-zugaenglich\\\/#primaryimage\",\"url\":\"https:\\\/\\\/www.organisator.ch\\\/wp-content\\\/uploads\\\/2025\\\/07\\\/Buehler-macht-Vorteile-des-Schweizer-Berufsbildungssystems-fuer-Kunden-weltweit-zugaenglich_Organisator.jpg\",\"contentUrl\":\"https:\\\/\\\/www.organisator.ch\\\/wp-content\\\/uploads\\\/2025\\\/07\\\/Buehler-macht-Vorteile-des-Schweizer-Berufsbildungssystems-fuer-Kunden-weltweit-zugaenglich_Organisator.jpg\",\"width\":680,\"height\":453,\"caption\":\"Seit der Gr\u00fcndung des Ausbildungsprogramms im Jahr 1915 haben allein in der Schweiz mehr als 8400 junge Fachkr\u00e4fte eine Lehre bei B\u00fchler abgeschlossen. (Bild: B\u00fchler)\"},{\"@type\":\"BreadcrumbList\",\"@id\":\"https:\\\/\\\/www.organisator.ch\\\/weiterbildung\\\/2025-07-28\\\/buehler-macht-vorteile-des-schweizer-berufsbildungssystems-fuer-kunden-weltweit-zugaenglich\\\/#breadcrumb\",\"itemListElement\":[{\"@type\":\"ListItem\",\"position\":1,\"name\":\"Home\",\"item\":\"https:\\\/\\\/www.organisator.ch\\\/\"},{\"@type\":\"ListItem\",\"position\":2,\"name\":\"B\u00fchler macht Vorteile des Schweizer Berufsbildungssystems f\u00fcr Kunden weltweit zug\u00e4nglich\"}]},{\"@type\":\"WebSite\",\"@id\":\"https:\\\/\\\/www.organisator.ch\\\/#website\",\"url\":\"https:\\\/\\\/www.organisator.ch\\\/\",\"name\":\"Organisator\",\"description\":\"Kompetent. Praxisnah. Der ORGANISATOR bereitet in 10 Ausgaben pro Jahr die wesentlichen Themen f\u00fcr F\u00fchrungskr\u00e4fte von KMU auf.\",\"publisher\":{\"@id\":\"https:\\\/\\\/www.organisator.ch\\\/#organization\"},\"potentialAction\":[{\"@type\":\"SearchAction\",\"target\":{\"@type\":\"EntryPoint\",\"urlTemplate\":\"https:\\\/\\\/www.organisator.ch\\\/?s={search_term_string}\"},\"query-input\":{\"@type\":\"PropertyValueSpecification\",\"valueRequired\":true,\"valueName\":\"search_term_string\"}}],\"inLanguage\":\"de\"},{\"@type\":\"Organization\",\"@id\":\"https:\\\/\\\/www.organisator.ch\\\/#organization\",\"name\":\"Organisator\",\"url\":\"https:\\\/\\\/www.organisator.ch\\\/\",\"logo\":{\"@type\":\"ImageObject\",\"inLanguage\":\"de\",\"@id\":\"https:\\\/\\\/www.organisator.ch\\\/#\\\/schema\\\/logo\\\/image\\\/\",\"url\":\"https:\\\/\\\/www.organisator.ch\\\/wp-content\\\/uploads\\\/2022\\\/01\\\/Logo_Organisator_Website.png\",\"contentUrl\":\"https:\\\/\\\/www.organisator.ch\\\/wp-content\\\/uploads\\\/2022\\\/01\\\/Logo_Organisator_Website.png\",\"width\":800,\"height\":77,\"caption\":\"Organisator\"},\"image\":{\"@id\":\"https:\\\/\\\/www.organisator.ch\\\/#\\\/schema\\\/logo\\\/image\\\/\"},\"sameAs\":[\"https:\\\/\\\/www.facebook.com\\\/OrganisatorFachmagazin\",\"https:\\\/\\\/www.linkedin.com\\\/showcase\\\/organisator-das-magazin-fr-kmu\",\"https:\\\/\\\/www.xing.com\\\/news\\\/pages\\\/organisator-ch-695\",\"https:\\\/\\\/www.youtube.com\\\/channel\\\/UCGP2Sq0iWaZwT3BdIAQFYpw\"]},{\"@type\":\"Person\",\"@id\":\"https:\\\/\\\/www.organisator.ch\\\/#\\\/schema\\\/person\\\/6f650f90b2842cd4c0cc334b4e36f67e\",\"name\":\"thomas.berner\",\"image\":{\"@type\":\"ImageObject\",\"inLanguage\":\"de\",\"@id\":\"https:\\\/\\\/secure.gravatar.com\\\/avatar\\\/ac5001d2a36cb6c6cd3e50789007ffca834b477b74a2144564522e944eabff61?s=96&d=mm&r=g\",\"url\":\"https:\\\/\\\/secure.gravatar.com\\\/avatar\\\/ac5001d2a36cb6c6cd3e50789007ffca834b477b74a2144564522e944eabff61?s=96&d=mm&r=g\",\"contentUrl\":\"https:\\\/\\\/secure.gravatar.com\\\/avatar\\\/ac5001d2a36cb6c6cd3e50789007ffca834b477b74a2144564522e944eabff61?s=96&d=mm&r=g\",\"caption\":\"thomas.berner\"},\"url\":\"https:\\\/\\\/www.organisator.ch\\\/de\\\/author\\\/thomas-berner\\\/\"}]}<\/script>\n<!-- \/ Yoast SEO plugin. -->","yoast_head_json":{"title":"B\u00fchler macht Vorteile des Schweizer Berufsbildungssystems f\u00fcr Kunden weltweit zug\u00e4nglich - Organisator","description":"B\u00fchler hat das Berufsbildungsformat \u00abVocational Fast Track\u00bb vorgestellt. Kunden k\u00f6nnen damit vom Schweizer Berufsbildungssystem profitieren.","robots":{"index":"index","follow":"follow","max-snippet":"max-snippet:-1","max-image-preview":"max-image-preview:large","max-video-preview":"max-video-preview:-1"},"canonical":"https:\/\/www.organisator.ch\/de\/weiterbildung\/2025-07-28\/buehler-macht-vorteile-des-schweizer-berufsbildungssystems-fuer-kunden-weltweit-zugaenglich\/","og_locale":"de_DE","og_type":"article","og_title":"B\u00fchler macht Vorteile des Schweizer Berufsbildungssystems f\u00fcr Kunden weltweit zug\u00e4nglich","og_description":"B\u00fchler hat das Berufsbildungsformat \u00abVocational Fast Track\u00bb vorgestellt. Kunden k\u00f6nnen damit vom Schweizer Berufsbildungssystem profitieren.","og_url":"https:\/\/www.organisator.ch\/de\/weiterbildung\/2025-07-28\/buehler-macht-vorteile-des-schweizer-berufsbildungssystems-fuer-kunden-weltweit-zugaenglich\/","og_site_name":"Organisator","article_publisher":"https:\/\/www.facebook.com\/OrganisatorFachmagazin","article_published_time":"2025-07-28T07:34:20+00:00","og_image":[{"width":680,"height":453,"url":"https:\/\/www.organisator.ch\/wp-content\/uploads\/2025\/07\/Buehler-macht-Vorteile-des-Schweizer-Berufsbildungssystems-fuer-Kunden-weltweit-zugaenglich_Organisator.jpg","type":"image\/jpeg"}],"author":"thomas.berner","twitter_card":"summary_large_image","twitter_title":"B\u00fchler macht Vorteile des Schweizer #Berufsbildungssystems f\u00fcr Kunden weltweit zug\u00e4nglich","twitter_description":"B\u00fchler hat das #Berufsbildungsformat \u00abVocational Fast Track\u00bb vorgestellt. Kunden k\u00f6nnen damit vom Schweizer #Berufsbildungssystem profitieren.","twitter_image":"https:\/\/www.organisator.ch\/wp-content\/uploads\/2025\/07\/Buehler-macht-Vorteile-des-Schweizer-Berufsbildungssystems-fuer-Kunden-weltweit-zugaenglich_Organisator.jpg","schema":{"@context":"https:\/\/schema.org","@graph":[{"@type":"Article","@id":"https:\/\/www.organisator.ch\/weiterbildung\/2025-07-28\/buehler-macht-vorteile-des-schweizer-berufsbildungssystems-fuer-kunden-weltweit-zugaenglich\/#article","isPartOf":{"@id":"https:\/\/www.organisator.ch\/weiterbildung\/2025-07-28\/buehler-macht-vorteile-des-schweizer-berufsbildungssystems-fuer-kunden-weltweit-zugaenglich\/"},"author":{"name":"thomas.berner","@id":"https:\/\/www.organisator.ch\/#\/schema\/person\/6f650f90b2842cd4c0cc334b4e36f67e"},"headline":"B\u00fchler macht Vorteile des Schweizer Berufsbildungssystems f\u00fcr Kunden weltweit zug\u00e4nglich","datePublished":"2025-07-28T07:34:20+00:00","mainEntityOfPage":{"@id":"https:\/\/www.organisator.ch\/weiterbildung\/2025-07-28\/buehler-macht-vorteile-des-schweizer-berufsbildungssystems-fuer-kunden-weltweit-zugaenglich\/"},"wordCount":748,"publisher":{"@id":"https:\/\/www.organisator.ch\/#organization"},"image":{"@id":"https:\/\/www.organisator.ch\/weiterbildung\/2025-07-28\/buehler-macht-vorteile-des-schweizer-berufsbildungssystems-fuer-kunden-weltweit-zugaenglich\/#primaryimage"},"thumbnailUrl":"https:\/\/www.organisator.ch\/wp-content\/uploads\/2025\/07\/Buehler-macht-Vorteile-des-Schweizer-Berufsbildungssystems-fuer-Kunden-weltweit-zugaenglich_Organisator.jpg","keywords":["Aus- und Weiterbildung","Berufsbildung","HRM"],"articleSection":["WEITERBILDUNG"],"inLanguage":"de"},{"@type":"WebPage","@id":"https:\/\/www.organisator.ch\/weiterbildung\/2025-07-28\/buehler-macht-vorteile-des-schweizer-berufsbildungssystems-fuer-kunden-weltweit-zugaenglich\/","url":"https:\/\/www.organisator.ch\/weiterbildung\/2025-07-28\/buehler-macht-vorteile-des-schweizer-berufsbildungssystems-fuer-kunden-weltweit-zugaenglich\/","name":"B\u00fchler macht Vorteile des Schweizer Berufsbildungssystems f\u00fcr Kunden weltweit zug\u00e4nglich - Organisator","isPartOf":{"@id":"https:\/\/www.organisator.ch\/#website"},"primaryImageOfPage":{"@id":"https:\/\/www.organisator.ch\/weiterbildung\/2025-07-28\/buehler-macht-vorteile-des-schweizer-berufsbildungssystems-fuer-kunden-weltweit-zugaenglich\/#primaryimage"},"image":{"@id":"https:\/\/www.organisator.ch\/weiterbildung\/2025-07-28\/buehler-macht-vorteile-des-schweizer-berufsbildungssystems-fuer-kunden-weltweit-zugaenglich\/#primaryimage"},"thumbnailUrl":"https:\/\/www.organisator.ch\/wp-content\/uploads\/2025\/07\/Buehler-macht-Vorteile-des-Schweizer-Berufsbildungssystems-fuer-Kunden-weltweit-zugaenglich_Organisator.jpg","datePublished":"2025-07-28T07:34:20+00:00","description":"B\u00fchler hat das Berufsbildungsformat \u00abVocational Fast Track\u00bb vorgestellt. Kunden k\u00f6nnen damit vom Schweizer Berufsbildungssystem profitieren.","breadcrumb":{"@id":"https:\/\/www.organisator.ch\/weiterbildung\/2025-07-28\/buehler-macht-vorteile-des-schweizer-berufsbildungssystems-fuer-kunden-weltweit-zugaenglich\/#breadcrumb"},"inLanguage":"de","potentialAction":[{"@type":"ReadAction","target":["https:\/\/www.organisator.ch\/weiterbildung\/2025-07-28\/buehler-macht-vorteile-des-schweizer-berufsbildungssystems-fuer-kunden-weltweit-zugaenglich\/"]}]},{"@type":"ImageObject","inLanguage":"de","@id":"https:\/\/www.organisator.ch\/weiterbildung\/2025-07-28\/buehler-macht-vorteile-des-schweizer-berufsbildungssystems-fuer-kunden-weltweit-zugaenglich\/#primaryimage","url":"https:\/\/www.organisator.ch\/wp-content\/uploads\/2025\/07\/Buehler-macht-Vorteile-des-Schweizer-Berufsbildungssystems-fuer-Kunden-weltweit-zugaenglich_Organisator.jpg","contentUrl":"https:\/\/www.organisator.ch\/wp-content\/uploads\/2025\/07\/Buehler-macht-Vorteile-des-Schweizer-Berufsbildungssystems-fuer-Kunden-weltweit-zugaenglich_Organisator.jpg","width":680,"height":453,"caption":"Seit der Gr\u00fcndung des Ausbildungsprogramms im Jahr 1915 haben allein in der Schweiz mehr als 8400 junge Fachkr\u00e4fte eine Lehre bei B\u00fchler abgeschlossen. (Bild: B\u00fchler)"},{"@type":"BreadcrumbList","@id":"https:\/\/www.organisator.ch\/weiterbildung\/2025-07-28\/buehler-macht-vorteile-des-schweizer-berufsbildungssystems-fuer-kunden-weltweit-zugaenglich\/#breadcrumb","itemListElement":[{"@type":"ListItem","position":1,"name":"Home","item":"https:\/\/www.organisator.ch\/"},{"@type":"ListItem","position":2,"name":"B\u00fchler macht Vorteile des Schweizer Berufsbildungssystems f\u00fcr Kunden weltweit zug\u00e4nglich"}]},{"@type":"WebSite","@id":"https:\/\/www.organisator.ch\/#website","url":"https:\/\/www.organisator.ch\/","name":"Organisator","description":"Kompetent. Praxisnah. Der ORGANISATOR bereitet in 10 Ausgaben pro Jahr die wesentlichen Themen f\u00fcr F\u00fchrungskr\u00e4fte von KMU auf.","publisher":{"@id":"https:\/\/www.organisator.ch\/#organization"},"potentialAction":[{"@type":"SearchAction","target":{"@type":"EntryPoint","urlTemplate":"https:\/\/www.organisator.ch\/?s={search_term_string}"},"query-input":{"@type":"PropertyValueSpecification","valueRequired":true,"valueName":"search_term_string"}}],"inLanguage":"de"},{"@type":"Organization","@id":"https:\/\/www.organisator.ch\/#organization","name":"Organisator","url":"https:\/\/www.organisator.ch\/","logo":{"@type":"ImageObject","inLanguage":"de","@id":"https:\/\/www.organisator.ch\/#\/schema\/logo\/image\/","url":"https:\/\/www.organisator.ch\/wp-content\/uploads\/2022\/01\/Logo_Organisator_Website.png","contentUrl":"https:\/\/www.organisator.ch\/wp-content\/uploads\/2022\/01\/Logo_Organisator_Website.png","width":800,"height":77,"caption":"Organisator"},"image":{"@id":"https:\/\/www.organisator.ch\/#\/schema\/logo\/image\/"},"sameAs":["https:\/\/www.facebook.com\/OrganisatorFachmagazin","https:\/\/www.linkedin.com\/showcase\/organisator-das-magazin-fr-kmu","https:\/\/www.xing.com\/news\/pages\/organisator-ch-695","https:\/\/www.youtube.com\/channel\/UCGP2Sq0iWaZwT3BdIAQFYpw"]},{"@type":"Person","@id":"https:\/\/www.organisator.ch\/#\/schema\/person\/6f650f90b2842cd4c0cc334b4e36f67e","name":"thomas.berner","image":{"@type":"ImageObject","inLanguage":"de","@id":"https:\/\/secure.gravatar.com\/avatar\/ac5001d2a36cb6c6cd3e50789007ffca834b477b74a2144564522e944eabff61?s=96&d=mm&r=g","url":"https:\/\/secure.gravatar.com\/avatar\/ac5001d2a36cb6c6cd3e50789007ffca834b477b74a2144564522e944eabff61?s=96&d=mm&r=g","contentUrl":"https:\/\/secure.gravatar.com\/avatar\/ac5001d2a36cb6c6cd3e50789007ffca834b477b74a2144564522e944eabff61?s=96&d=mm&r=g","caption":"thomas.berner"},"url":"https:\/\/www.organisator.ch\/de\/author\/thomas-berner\/"}]}},"_links":{"self":[{"href":"https:\/\/www.organisator.ch\/de\/wp-json\/wp\/v2\/posts\/39683","targetHints":{"allow":["GET"]}}],"collection":[{"href":"https:\/\/www.organisator.ch\/de\/wp-json\/wp\/v2\/posts"}],"about":[{"href":"https:\/\/www.organisator.ch\/de\/wp-json\/wp\/v2\/types\/post"}],"author":[{"embeddable":true,"href":"https:\/\/www.organisator.ch\/de\/wp-json\/wp\/v2\/users\/4"}],"replies":[{"embeddable":true,"href":"https:\/\/www.organisator.ch\/de\/wp-json\/wp\/v2\/comments?post=39683"}],"version-history":[{"count":3,"href":"https:\/\/www.organisator.ch\/de\/wp-json\/wp\/v2\/posts\/39683\/revisions"}],"predecessor-version":[{"id":39719,"href":"https:\/\/www.organisator.ch\/de\/wp-json\/wp\/v2\/posts\/39683\/revisions\/39719"}],"wp:featuredmedia":[{"embeddable":true,"href":"https:\/\/www.organisator.ch\/de\/wp-json\/wp\/v2\/media\/39684"}],"wp:attachment":[{"href":"https:\/\/www.organisator.ch\/de\/wp-json\/wp\/v2\/media?parent=39683"}],"wp:term":[{"taxonomy":"category","embeddable":true,"href":"https:\/\/www.organisator.ch\/de\/wp-json\/wp\/v2\/categories?post=39683"},{"taxonomy":"post_tag","embeddable":true,"href":"https:\/\/www.organisator.ch\/de\/wp-json\/wp\/v2\/tags?post=39683"}],"curies":[{"name":"wp","href":"https:\/\/api.w.org\/{rel}","templated":true}]}}