{"id":39699,"date":"2025-07-29T13:29:41","date_gmt":"2025-07-29T11:29:41","guid":{"rendered":"https:\/\/www.organisator.ch\/?p=39699"},"modified":"2025-07-29T13:29:41","modified_gmt":"2025-07-29T11:29:41","slug":"personaldienstleister-im-dritten-jahr-im-minus","status":"publish","type":"post","link":"https:\/\/www.organisator.ch\/de\/human-resources\/2025-07-29\/personaldienstleister-im-dritten-jahr-im-minus\/","title":{"rendered":"Personaldienstleister im dritten Jahr im Minus"},"content":{"rendered":"<figure id=\"attachment_39700\" aria-describedby=\"caption-attachment-39700\" style=\"width: 680px\" class=\"wp-caption alignnone\"><img loading=\"lazy\" decoding=\"async\" class=\"size-full wp-image-39700\" src=\"https:\/\/www.organisator.ch\/wp-content\/uploads\/2025\/07\/Personaldienstleister-im-dritten-Jahr-im-Minus_Organisator.jpg\" alt=\"\" width=\"680\" height=\"437\" srcset=\"https:\/\/www.organisator.ch\/wp-content\/uploads\/2025\/07\/Personaldienstleister-im-dritten-Jahr-im-Minus_Organisator.jpg 680w, https:\/\/www.organisator.ch\/wp-content\/uploads\/2025\/07\/Personaldienstleister-im-dritten-Jahr-im-Minus_Organisator-18x12.jpg 18w, https:\/\/www.organisator.ch\/wp-content\/uploads\/2025\/07\/Personaldienstleister-im-dritten-Jahr-im-Minus_Organisator-375x241.jpg 375w, https:\/\/www.organisator.ch\/wp-content\/uploads\/2025\/07\/Personaldienstleister-im-dritten-Jahr-im-Minus_Organisator-545x350.jpg 545w\" sizes=\"auto, (max-width: 680px) 100vw, 680px\" \/><figcaption id=\"caption-attachment-39700\" class=\"wp-caption-text\">Gem\u00e4ss aktuellem Swiss Staffingindex befinden sich Personaldienstleister im dritten Jahr im Minus. (Bild: swissstaffing &#8211; Verband der Personaldienstleister der Schweiz)<\/figcaption><\/figure>\n<p>Im dritten Jahr in Folge schliessen die Personaldienstleister das erste Halbjahr mit roten Zahlen ab. Die geleisteten Einsatzstunden der Tempor\u00e4rarbeitenden sanken im ersten Halbjahr um 8,8 Prozent. Der Feststellenmarkt brach gegen\u00fcber dem Vorjahr um 22,8 Prozent ein. Im Vergleich mit den Vorjahren hat sich der Abw\u00e4rtstrend in beiden Teilm\u00e4rkten beschleunigt. Dies zeigt der aktuelle Swiss Staffingindex.<\/p>\n<h3>St\u00e4rkste Konsolidierungsphase seit Jahrzehnten<\/h3>\n<p>Die Schweizer Wirtschaft w\u00e4chst langsamer als im langj\u00e4hrigen Mittel. Besonders betroffen ist die Exportwirtschaft. Die Zollpolitik von US-Pr\u00e4sident Donald Trump tr\u00fcbt die Wachstumsaussichten ein. Deshalb halten sich exportorientierte Unternehmen mit Investitionen und Neuanstellungen zur\u00fcck. Mit einem Marktanteil von rund 28 Prozent h\u00e4ngt die Tempor\u00e4rbranche stark von der Entwicklung dieses Sektors ab. Oliver Rechsteiner, CEO bei der Universal-Job AG, stellt fest: &#8222;Der Tempor\u00e4r- und Feststellenmarkt befindet sich in der st\u00e4rksten Konsolidierungsphase seit Jahrzehnten. Die Einsatzbetriebe werden immer vorsichtiger und w\u00e4hlerischer. Vielfach kann man nur noch mit Top-Profilen \u00fcberzeugen.&#8220; Der Global Economic Policy Uncertainty Index der Stanford und Northwestern University misst die Politik bezogene \u00f6konomische Unsicherheit basierend auf medialer Berichterstattung und best\u00e4tigt die von Rechsteiner beobachtete Verunsicherung: Der Index erreichte im zweiten Quartal 2025 ein historisches Hoch seit dem Messbeginn im Jahr 1997.<\/p>\n<h3><b>Innovation als Antwort auf Marktr\u00fcckg\u00e4nge<\/b><\/h3>\n<p>Die schwierige Marktphase erfordert von Personaldienstleistern Innovationen. Die Nutzung von k\u00fcnstlicher Intelligenz, das Straffen von Prozessen sowie neue Wege in der Rekrutierung und im Vertrieb helfen Personaldienstleistern im schrumpfenden Markt zu bestehen. Rechsteiner: &#8222;Mit k\u00fcnstlicher Intelligenz k\u00f6nnen Personaldienstleister Prozesse ganz neu denken. Das f\u00fchrt zu Geschwindigkeits- und Qualit\u00e4tsvorteilen.&#8220; Der Fokus auf Innovation ist nicht nur mit Blick auf die Konkurrenz mit anderen Personaldienstleistern zentral. Auch die internen Personalabteilungen vieler Betriebe modernisieren sich. Tempor\u00e4runternehmen m\u00fcssen ihre Spezialisierung weiter vertiefen, um den Vorsprung gegen\u00fcber ihren Kunden aufrechtzuerhalten. Die Kombination aus notwendigen Investitionen und dem gleichzeitigen Marktr\u00fcckgang stellt Personaldienstleister vor eine schwierige Herausforderung. Gleichzeitig bieten die neuen Technologien eine gute Basis, um erfolgreich Innovationen einzuf\u00fchren.<\/p>\n<h3><b>Ausblick auf das Gesch\u00e4ftsjahr<\/b><\/h3>\n<p>Der Blick in die Zukunft bleibt verhalten. Die Wachstumsaussichten f\u00fcr das laufende und kommende Jahr wurden erst k\u00fcrzlich vom Staatssekretariat f\u00fcr Wirtschaft nach unten korrigiert. Damit d\u00fcrfte sich der Trend der Abk\u00fchlung weiter fortsetzen. Ein Lichtblick ist die Binnenwirtschaft. Die steigende Nachfrage nach Wohnraum und die j\u00fcngste Zinssenkung der Schweizerischen Nationalbank lassen eine verst\u00e4rkte Baut\u00e4tigkeit erwarten. Mit einem Marktanteil von 21 Prozent ist der Bausektor der zweitwichtigste Absatzmarkt der Tempor\u00e4rbranche. Positive Impulse aus diesem Sektor k\u00f6nnen die Marktentwicklung im laufenden Jahr voraussichtlich nicht ins Positive drehen, aber den Abschwung bremsen.<\/p>\n<p><em>Quelle: <a class=\"uri-ext outbound\" href=\"https:\/\/www.swissstaffing.ch\/\" target=\"_blank\" rel=\"noopener\">www.swissstaffing.ch<\/a><\/em><\/p>\n","protected":false},"excerpt":{"rendered":"<p>Die Konjunkturabk\u00fchlung belastet den Tempor\u00e4r- und Feststellenmarkt. Der Grossteil der Personaldienstleister zieht deshalb eine negative Halbjahresbilanz. Insbesondere die gestiegene wirtschaftliche Unsicherheit belastet Investitionen und Arbeitsmarkt.<\/p>\n","protected":false},"author":4,"featured_media":39700,"comment_status":"closed","ping_status":"closed","sticky":false,"template":"","format":"standard","meta":{"_acf_changed":false,"_yoast_wpseo_focuskw":"Personaldienstleister","_yoast_wpseo_metadesc":"Der Grossteil der Personaldienstleister zieht einmal mehr eine negative Halbjahresbilanz. Dies zeigt der aktuelle Swiss Staffingindex.","articlekey":"","footnotes":""},"categories":[579],"tags":[254,3544,5334,3745],"class_list":["post-39699","post","type-post","status-publish","format-standard","has-post-thumbnail","hentry","category-human-resources","tag-hrm","tag-personaldienstleistungen","tag-swissstaffing","tag-temporaerarbeit"],"acf":[],"yoast_head":"<!-- This site is optimized with the Yoast SEO plugin v27.4 - https:\/\/yoast.com\/product\/yoast-seo-wordpress\/ -->\n<title>Personaldienstleister im dritten Jahr im Minus - Organisator<\/title>\n<meta name=\"description\" content=\"Der Grossteil der Personaldienstleister zieht einmal mehr eine negative Halbjahresbilanz. Dies zeigt der aktuelle Swiss Staffingindex.\" \/>\n<meta name=\"robots\" content=\"index, follow, max-snippet:-1, max-image-preview:large, max-video-preview:-1\" \/>\n<link rel=\"canonical\" href=\"https:\/\/www.organisator.ch\/de\/human-resources\/2025-07-29\/personaldienstleister-im-dritten-jahr-im-minus\/\" \/>\n<meta property=\"og:locale\" content=\"de_DE\" \/>\n<meta property=\"og:type\" content=\"article\" \/>\n<meta property=\"og:title\" content=\"Personaldienstleister im dritten Jahr im Minus\" \/>\n<meta property=\"og:description\" content=\"Der Grossteil der Personaldienstleister zieht einmal mehr eine negative Halbjahresbilanz. Dies zeigt der aktuelle Swiss Staffingindex.\" \/>\n<meta property=\"og:url\" content=\"https:\/\/www.organisator.ch\/de\/human-resources\/2025-07-29\/personaldienstleister-im-dritten-jahr-im-minus\/\" \/>\n<meta property=\"og:site_name\" content=\"Organisator\" \/>\n<meta property=\"article:publisher\" content=\"https:\/\/www.facebook.com\/OrganisatorFachmagazin\" \/>\n<meta property=\"article:published_time\" content=\"2025-07-29T11:29:41+00:00\" \/>\n<meta property=\"og:image\" content=\"https:\/\/www.organisator.ch\/wp-content\/uploads\/2025\/07\/Personaldienstleister-im-dritten-Jahr-im-Minus_Organisator.jpg\" \/>\n\t<meta property=\"og:image:width\" content=\"680\" \/>\n\t<meta property=\"og:image:height\" content=\"437\" \/>\n\t<meta property=\"og:image:type\" content=\"image\/jpeg\" \/>\n<meta name=\"author\" content=\"thomas.berner\" \/>\n<meta name=\"twitter:card\" content=\"summary_large_image\" \/>\n<meta name=\"twitter:title\" content=\"#Personaldienstleister im dritten Jahr im #Minus\" \/>\n<meta name=\"twitter:description\" content=\"Der Grossteil der #Personaldienstleister zieht einmal mehr eine negative #Halbjahresbilanz. Dies zeigt der aktuelle Swiss #Staffingindex.\" \/>\n<meta name=\"twitter:image\" content=\"https:\/\/www.organisator.ch\/wp-content\/uploads\/2025\/07\/Personaldienstleister-im-dritten-Jahr-im-Minus_Organisator.jpg\" \/>\n<script type=\"application\/ld+json\" class=\"yoast-schema-graph\">{\"@context\":\"https:\\\/\\\/schema.org\",\"@graph\":[{\"@type\":\"Article\",\"@id\":\"https:\\\/\\\/www.organisator.ch\\\/human-resources\\\/2025-07-29\\\/personaldienstleister-im-dritten-jahr-im-minus\\\/#article\",\"isPartOf\":{\"@id\":\"https:\\\/\\\/www.organisator.ch\\\/human-resources\\\/2025-07-29\\\/personaldienstleister-im-dritten-jahr-im-minus\\\/\"},\"author\":{\"name\":\"thomas.berner\",\"@id\":\"https:\\\/\\\/www.organisator.ch\\\/#\\\/schema\\\/person\\\/6f650f90b2842cd4c0cc334b4e36f67e\"},\"headline\":\"Personaldienstleister im dritten Jahr im Minus\",\"datePublished\":\"2025-07-29T11:29:41+00:00\",\"mainEntityOfPage\":{\"@id\":\"https:\\\/\\\/www.organisator.ch\\\/human-resources\\\/2025-07-29\\\/personaldienstleister-im-dritten-jahr-im-minus\\\/\"},\"wordCount\":473,\"publisher\":{\"@id\":\"https:\\\/\\\/www.organisator.ch\\\/#organization\"},\"image\":{\"@id\":\"https:\\\/\\\/www.organisator.ch\\\/human-resources\\\/2025-07-29\\\/personaldienstleister-im-dritten-jahr-im-minus\\\/#primaryimage\"},\"thumbnailUrl\":\"https:\\\/\\\/www.organisator.ch\\\/wp-content\\\/uploads\\\/2025\\\/07\\\/Personaldienstleister-im-dritten-Jahr-im-Minus_Organisator.jpg\",\"keywords\":[\"HRM\",\"Personaldienstleistungen\",\"Swissstaffing\",\"Tempor\u00e4rarbeit\"],\"articleSection\":[\"HUMAN RESOURCES\"],\"inLanguage\":\"de\"},{\"@type\":\"WebPage\",\"@id\":\"https:\\\/\\\/www.organisator.ch\\\/human-resources\\\/2025-07-29\\\/personaldienstleister-im-dritten-jahr-im-minus\\\/\",\"url\":\"https:\\\/\\\/www.organisator.ch\\\/human-resources\\\/2025-07-29\\\/personaldienstleister-im-dritten-jahr-im-minus\\\/\",\"name\":\"Personaldienstleister im dritten Jahr im Minus - Organisator\",\"isPartOf\":{\"@id\":\"https:\\\/\\\/www.organisator.ch\\\/#website\"},\"primaryImageOfPage\":{\"@id\":\"https:\\\/\\\/www.organisator.ch\\\/human-resources\\\/2025-07-29\\\/personaldienstleister-im-dritten-jahr-im-minus\\\/#primaryimage\"},\"image\":{\"@id\":\"https:\\\/\\\/www.organisator.ch\\\/human-resources\\\/2025-07-29\\\/personaldienstleister-im-dritten-jahr-im-minus\\\/#primaryimage\"},\"thumbnailUrl\":\"https:\\\/\\\/www.organisator.ch\\\/wp-content\\\/uploads\\\/2025\\\/07\\\/Personaldienstleister-im-dritten-Jahr-im-Minus_Organisator.jpg\",\"datePublished\":\"2025-07-29T11:29:41+00:00\",\"description\":\"Der Grossteil der Personaldienstleister zieht einmal mehr eine negative Halbjahresbilanz. Dies zeigt der aktuelle Swiss Staffingindex.\",\"breadcrumb\":{\"@id\":\"https:\\\/\\\/www.organisator.ch\\\/human-resources\\\/2025-07-29\\\/personaldienstleister-im-dritten-jahr-im-minus\\\/#breadcrumb\"},\"inLanguage\":\"de\",\"potentialAction\":[{\"@type\":\"ReadAction\",\"target\":[\"https:\\\/\\\/www.organisator.ch\\\/human-resources\\\/2025-07-29\\\/personaldienstleister-im-dritten-jahr-im-minus\\\/\"]}]},{\"@type\":\"ImageObject\",\"inLanguage\":\"de\",\"@id\":\"https:\\\/\\\/www.organisator.ch\\\/human-resources\\\/2025-07-29\\\/personaldienstleister-im-dritten-jahr-im-minus\\\/#primaryimage\",\"url\":\"https:\\\/\\\/www.organisator.ch\\\/wp-content\\\/uploads\\\/2025\\\/07\\\/Personaldienstleister-im-dritten-Jahr-im-Minus_Organisator.jpg\",\"contentUrl\":\"https:\\\/\\\/www.organisator.ch\\\/wp-content\\\/uploads\\\/2025\\\/07\\\/Personaldienstleister-im-dritten-Jahr-im-Minus_Organisator.jpg\",\"width\":680,\"height\":437,\"caption\":\"Gem\u00e4ss aktuellem Swiss Staffingindex befinden sich Personaldienstleister im dritten Jahr im Minus. (Bild: swissstaffing - Verband der Personaldienstleister der Schweiz)\"},{\"@type\":\"BreadcrumbList\",\"@id\":\"https:\\\/\\\/www.organisator.ch\\\/human-resources\\\/2025-07-29\\\/personaldienstleister-im-dritten-jahr-im-minus\\\/#breadcrumb\",\"itemListElement\":[{\"@type\":\"ListItem\",\"position\":1,\"name\":\"Home\",\"item\":\"https:\\\/\\\/www.organisator.ch\\\/\"},{\"@type\":\"ListItem\",\"position\":2,\"name\":\"Personaldienstleister im dritten Jahr im Minus\"}]},{\"@type\":\"WebSite\",\"@id\":\"https:\\\/\\\/www.organisator.ch\\\/#website\",\"url\":\"https:\\\/\\\/www.organisator.ch\\\/\",\"name\":\"Organisator\",\"description\":\"Kompetent. Praxisnah. Der ORGANISATOR bereitet in 10 Ausgaben pro Jahr die wesentlichen Themen f\u00fcr F\u00fchrungskr\u00e4fte von KMU auf.\",\"publisher\":{\"@id\":\"https:\\\/\\\/www.organisator.ch\\\/#organization\"},\"potentialAction\":[{\"@type\":\"SearchAction\",\"target\":{\"@type\":\"EntryPoint\",\"urlTemplate\":\"https:\\\/\\\/www.organisator.ch\\\/?s={search_term_string}\"},\"query-input\":{\"@type\":\"PropertyValueSpecification\",\"valueRequired\":true,\"valueName\":\"search_term_string\"}}],\"inLanguage\":\"de\"},{\"@type\":\"Organization\",\"@id\":\"https:\\\/\\\/www.organisator.ch\\\/#organization\",\"name\":\"Organisator\",\"url\":\"https:\\\/\\\/www.organisator.ch\\\/\",\"logo\":{\"@type\":\"ImageObject\",\"inLanguage\":\"de\",\"@id\":\"https:\\\/\\\/www.organisator.ch\\\/#\\\/schema\\\/logo\\\/image\\\/\",\"url\":\"https:\\\/\\\/www.organisator.ch\\\/wp-content\\\/uploads\\\/2022\\\/01\\\/Logo_Organisator_Website.png\",\"contentUrl\":\"https:\\\/\\\/www.organisator.ch\\\/wp-content\\\/uploads\\\/2022\\\/01\\\/Logo_Organisator_Website.png\",\"width\":800,\"height\":77,\"caption\":\"Organisator\"},\"image\":{\"@id\":\"https:\\\/\\\/www.organisator.ch\\\/#\\\/schema\\\/logo\\\/image\\\/\"},\"sameAs\":[\"https:\\\/\\\/www.facebook.com\\\/OrganisatorFachmagazin\",\"https:\\\/\\\/www.linkedin.com\\\/showcase\\\/organisator-das-magazin-fr-kmu\",\"https:\\\/\\\/www.xing.com\\\/news\\\/pages\\\/organisator-ch-695\",\"https:\\\/\\\/www.youtube.com\\\/channel\\\/UCGP2Sq0iWaZwT3BdIAQFYpw\"]},{\"@type\":\"Person\",\"@id\":\"https:\\\/\\\/www.organisator.ch\\\/#\\\/schema\\\/person\\\/6f650f90b2842cd4c0cc334b4e36f67e\",\"name\":\"thomas.berner\",\"image\":{\"@type\":\"ImageObject\",\"inLanguage\":\"de\",\"@id\":\"https:\\\/\\\/secure.gravatar.com\\\/avatar\\\/ac5001d2a36cb6c6cd3e50789007ffca834b477b74a2144564522e944eabff61?s=96&d=mm&r=g\",\"url\":\"https:\\\/\\\/secure.gravatar.com\\\/avatar\\\/ac5001d2a36cb6c6cd3e50789007ffca834b477b74a2144564522e944eabff61?s=96&d=mm&r=g\",\"contentUrl\":\"https:\\\/\\\/secure.gravatar.com\\\/avatar\\\/ac5001d2a36cb6c6cd3e50789007ffca834b477b74a2144564522e944eabff61?s=96&d=mm&r=g\",\"caption\":\"thomas.berner\"},\"url\":\"https:\\\/\\\/www.organisator.ch\\\/de\\\/author\\\/thomas-berner\\\/\"}]}<\/script>\n<!-- \/ Yoast SEO plugin. -->","yoast_head_json":{"title":"Personaldienstleister im dritten Jahr im Minus - Organisator","description":"Der Grossteil der Personaldienstleister zieht einmal mehr eine negative Halbjahresbilanz. Dies zeigt der aktuelle Swiss Staffingindex.","robots":{"index":"index","follow":"follow","max-snippet":"max-snippet:-1","max-image-preview":"max-image-preview:large","max-video-preview":"max-video-preview:-1"},"canonical":"https:\/\/www.organisator.ch\/de\/human-resources\/2025-07-29\/personaldienstleister-im-dritten-jahr-im-minus\/","og_locale":"de_DE","og_type":"article","og_title":"Personaldienstleister im dritten Jahr im Minus","og_description":"Der Grossteil der Personaldienstleister zieht einmal mehr eine negative Halbjahresbilanz. Dies zeigt der aktuelle Swiss Staffingindex.","og_url":"https:\/\/www.organisator.ch\/de\/human-resources\/2025-07-29\/personaldienstleister-im-dritten-jahr-im-minus\/","og_site_name":"Organisator","article_publisher":"https:\/\/www.facebook.com\/OrganisatorFachmagazin","article_published_time":"2025-07-29T11:29:41+00:00","og_image":[{"width":680,"height":437,"url":"https:\/\/www.organisator.ch\/wp-content\/uploads\/2025\/07\/Personaldienstleister-im-dritten-Jahr-im-Minus_Organisator.jpg","type":"image\/jpeg"}],"author":"thomas.berner","twitter_card":"summary_large_image","twitter_title":"#Personaldienstleister im dritten Jahr im #Minus","twitter_description":"Der Grossteil der #Personaldienstleister zieht einmal mehr eine negative #Halbjahresbilanz. Dies zeigt der aktuelle Swiss #Staffingindex.","twitter_image":"https:\/\/www.organisator.ch\/wp-content\/uploads\/2025\/07\/Personaldienstleister-im-dritten-Jahr-im-Minus_Organisator.jpg","schema":{"@context":"https:\/\/schema.org","@graph":[{"@type":"Article","@id":"https:\/\/www.organisator.ch\/human-resources\/2025-07-29\/personaldienstleister-im-dritten-jahr-im-minus\/#article","isPartOf":{"@id":"https:\/\/www.organisator.ch\/human-resources\/2025-07-29\/personaldienstleister-im-dritten-jahr-im-minus\/"},"author":{"name":"thomas.berner","@id":"https:\/\/www.organisator.ch\/#\/schema\/person\/6f650f90b2842cd4c0cc334b4e36f67e"},"headline":"Personaldienstleister im dritten Jahr im Minus","datePublished":"2025-07-29T11:29:41+00:00","mainEntityOfPage":{"@id":"https:\/\/www.organisator.ch\/human-resources\/2025-07-29\/personaldienstleister-im-dritten-jahr-im-minus\/"},"wordCount":473,"publisher":{"@id":"https:\/\/www.organisator.ch\/#organization"},"image":{"@id":"https:\/\/www.organisator.ch\/human-resources\/2025-07-29\/personaldienstleister-im-dritten-jahr-im-minus\/#primaryimage"},"thumbnailUrl":"https:\/\/www.organisator.ch\/wp-content\/uploads\/2025\/07\/Personaldienstleister-im-dritten-Jahr-im-Minus_Organisator.jpg","keywords":["HRM","Personaldienstleistungen","Swissstaffing","Tempor\u00e4rarbeit"],"articleSection":["HUMAN RESOURCES"],"inLanguage":"de"},{"@type":"WebPage","@id":"https:\/\/www.organisator.ch\/human-resources\/2025-07-29\/personaldienstleister-im-dritten-jahr-im-minus\/","url":"https:\/\/www.organisator.ch\/human-resources\/2025-07-29\/personaldienstleister-im-dritten-jahr-im-minus\/","name":"Personaldienstleister im dritten Jahr im Minus - Organisator","isPartOf":{"@id":"https:\/\/www.organisator.ch\/#website"},"primaryImageOfPage":{"@id":"https:\/\/www.organisator.ch\/human-resources\/2025-07-29\/personaldienstleister-im-dritten-jahr-im-minus\/#primaryimage"},"image":{"@id":"https:\/\/www.organisator.ch\/human-resources\/2025-07-29\/personaldienstleister-im-dritten-jahr-im-minus\/#primaryimage"},"thumbnailUrl":"https:\/\/www.organisator.ch\/wp-content\/uploads\/2025\/07\/Personaldienstleister-im-dritten-Jahr-im-Minus_Organisator.jpg","datePublished":"2025-07-29T11:29:41+00:00","description":"Der Grossteil der Personaldienstleister zieht einmal mehr eine negative Halbjahresbilanz. Dies zeigt der aktuelle Swiss Staffingindex.","breadcrumb":{"@id":"https:\/\/www.organisator.ch\/human-resources\/2025-07-29\/personaldienstleister-im-dritten-jahr-im-minus\/#breadcrumb"},"inLanguage":"de","potentialAction":[{"@type":"ReadAction","target":["https:\/\/www.organisator.ch\/human-resources\/2025-07-29\/personaldienstleister-im-dritten-jahr-im-minus\/"]}]},{"@type":"ImageObject","inLanguage":"de","@id":"https:\/\/www.organisator.ch\/human-resources\/2025-07-29\/personaldienstleister-im-dritten-jahr-im-minus\/#primaryimage","url":"https:\/\/www.organisator.ch\/wp-content\/uploads\/2025\/07\/Personaldienstleister-im-dritten-Jahr-im-Minus_Organisator.jpg","contentUrl":"https:\/\/www.organisator.ch\/wp-content\/uploads\/2025\/07\/Personaldienstleister-im-dritten-Jahr-im-Minus_Organisator.jpg","width":680,"height":437,"caption":"Gem\u00e4ss aktuellem Swiss Staffingindex befinden sich Personaldienstleister im dritten Jahr im Minus. (Bild: swissstaffing - Verband der Personaldienstleister der Schweiz)"},{"@type":"BreadcrumbList","@id":"https:\/\/www.organisator.ch\/human-resources\/2025-07-29\/personaldienstleister-im-dritten-jahr-im-minus\/#breadcrumb","itemListElement":[{"@type":"ListItem","position":1,"name":"Home","item":"https:\/\/www.organisator.ch\/"},{"@type":"ListItem","position":2,"name":"Personaldienstleister im dritten Jahr im Minus"}]},{"@type":"WebSite","@id":"https:\/\/www.organisator.ch\/#website","url":"https:\/\/www.organisator.ch\/","name":"Organisator","description":"Kompetent. Praxisnah. Der ORGANISATOR bereitet in 10 Ausgaben pro Jahr die wesentlichen Themen f\u00fcr F\u00fchrungskr\u00e4fte von KMU auf.","publisher":{"@id":"https:\/\/www.organisator.ch\/#organization"},"potentialAction":[{"@type":"SearchAction","target":{"@type":"EntryPoint","urlTemplate":"https:\/\/www.organisator.ch\/?s={search_term_string}"},"query-input":{"@type":"PropertyValueSpecification","valueRequired":true,"valueName":"search_term_string"}}],"inLanguage":"de"},{"@type":"Organization","@id":"https:\/\/www.organisator.ch\/#organization","name":"Organisator","url":"https:\/\/www.organisator.ch\/","logo":{"@type":"ImageObject","inLanguage":"de","@id":"https:\/\/www.organisator.ch\/#\/schema\/logo\/image\/","url":"https:\/\/www.organisator.ch\/wp-content\/uploads\/2022\/01\/Logo_Organisator_Website.png","contentUrl":"https:\/\/www.organisator.ch\/wp-content\/uploads\/2022\/01\/Logo_Organisator_Website.png","width":800,"height":77,"caption":"Organisator"},"image":{"@id":"https:\/\/www.organisator.ch\/#\/schema\/logo\/image\/"},"sameAs":["https:\/\/www.facebook.com\/OrganisatorFachmagazin","https:\/\/www.linkedin.com\/showcase\/organisator-das-magazin-fr-kmu","https:\/\/www.xing.com\/news\/pages\/organisator-ch-695","https:\/\/www.youtube.com\/channel\/UCGP2Sq0iWaZwT3BdIAQFYpw"]},{"@type":"Person","@id":"https:\/\/www.organisator.ch\/#\/schema\/person\/6f650f90b2842cd4c0cc334b4e36f67e","name":"thomas.berner","image":{"@type":"ImageObject","inLanguage":"de","@id":"https:\/\/secure.gravatar.com\/avatar\/ac5001d2a36cb6c6cd3e50789007ffca834b477b74a2144564522e944eabff61?s=96&d=mm&r=g","url":"https:\/\/secure.gravatar.com\/avatar\/ac5001d2a36cb6c6cd3e50789007ffca834b477b74a2144564522e944eabff61?s=96&d=mm&r=g","contentUrl":"https:\/\/secure.gravatar.com\/avatar\/ac5001d2a36cb6c6cd3e50789007ffca834b477b74a2144564522e944eabff61?s=96&d=mm&r=g","caption":"thomas.berner"},"url":"https:\/\/www.organisator.ch\/de\/author\/thomas-berner\/"}]}},"_links":{"self":[{"href":"https:\/\/www.organisator.ch\/de\/wp-json\/wp\/v2\/posts\/39699","targetHints":{"allow":["GET"]}}],"collection":[{"href":"https:\/\/www.organisator.ch\/de\/wp-json\/wp\/v2\/posts"}],"about":[{"href":"https:\/\/www.organisator.ch\/de\/wp-json\/wp\/v2\/types\/post"}],"author":[{"embeddable":true,"href":"https:\/\/www.organisator.ch\/de\/wp-json\/wp\/v2\/users\/4"}],"replies":[{"embeddable":true,"href":"https:\/\/www.organisator.ch\/de\/wp-json\/wp\/v2\/comments?post=39699"}],"version-history":[{"count":3,"href":"https:\/\/www.organisator.ch\/de\/wp-json\/wp\/v2\/posts\/39699\/revisions"}],"predecessor-version":[{"id":39737,"href":"https:\/\/www.organisator.ch\/de\/wp-json\/wp\/v2\/posts\/39699\/revisions\/39737"}],"wp:featuredmedia":[{"embeddable":true,"href":"https:\/\/www.organisator.ch\/de\/wp-json\/wp\/v2\/media\/39700"}],"wp:attachment":[{"href":"https:\/\/www.organisator.ch\/de\/wp-json\/wp\/v2\/media?parent=39699"}],"wp:term":[{"taxonomy":"category","embeddable":true,"href":"https:\/\/www.organisator.ch\/de\/wp-json\/wp\/v2\/categories?post=39699"},{"taxonomy":"post_tag","embeddable":true,"href":"https:\/\/www.organisator.ch\/de\/wp-json\/wp\/v2\/tags?post=39699"}],"curies":[{"name":"wp","href":"https:\/\/api.w.org\/{rel}","templated":true}]}}