{"id":39710,"date":"2025-07-31T09:20:28","date_gmt":"2025-07-31T07:20:28","guid":{"rendered":"https:\/\/www.m-q.ch\/?p=21782"},"modified":"2025-07-31T09:16:57","modified_gmt":"2025-07-31T07:16:57","slug":"eu-ki-gesetz-wird-scharf-gestellt","status":"publish","type":"post","link":"https:\/\/www.organisator.ch\/de\/operational-excellence\/2025-07-31\/eu-ki-gesetz-wird-scharf-gestellt\/","title":{"rendered":"EU KI-Gesetz wird scharf gestellt"},"content":{"rendered":"<figure id=\"attachment_21783\" class=\"wp-caption alignnone\" style=\"width: 680px;\" aria-describedby=\"caption-attachment-21783\"><img class=\"size-full wp-image-21783\" src=\"https:\/\/www.m-q.ch\/wp-content\/uploads\/2025\/07\/EU-KI-Gesetz-wird-scharf-gestellt_MQ.jpg\" sizes=\"(max-width: 680px) 100vw, 680px\" srcset=\"https:\/\/www.m-q.ch\/wp-content\/uploads\/2025\/07\/EU-KI-Gesetz-wird-scharf-gestellt_MQ.jpg 680w, https:\/\/www.m-q.ch\/wp-content\/uploads\/2025\/07\/EU-KI-Gesetz-wird-scharf-gestellt_MQ-18x12.jpg 18w, https:\/\/www.m-q.ch\/wp-content\/uploads\/2025\/07\/EU-KI-Gesetz-wird-scharf-gestellt_MQ-375x250.jpg 375w, https:\/\/www.m-q.ch\/wp-content\/uploads\/2025\/07\/EU-KI-Gesetz-wird-scharf-gestellt_MQ-524x350.jpg 524w\" alt=\"\" width=\"680\" height=\"454\" \/>\r\n<figcaption id=\"caption-attachment-21783\" class=\"wp-caption-text\">Am 2. August 2025 wird das neue KI-Gesetz der EU aktiv: Verst\u00f6sse k\u00f6nnen dann ab sofort geahndet werden. (Bild: Depositphotos.com)<\/figcaption>\r\n<\/figure>\r\n<p>Der AI Act, der am 2. Februar dieses Jahres in Kraft getreten ist, schafft einen einheitlichen Rechtsrahmen f\u00fcr K\u00fcnstliche Intelligenz innerhalb der EU. Zwar werden viele Regelungen erst 2026 wirksam, doch bereits am 2. August 2025 beginnt eine neue Phase, die sich auf drei Bereiche fokussiert:<\/p>\r\n<ol>\r\n\t<li>Strafmassnahmen bei Nichteinhaltung<\/li>\r\n\t<li>Verpflichtungen f\u00fcr allgemeine General-Purpose-AI-Modelle (GPAI)<\/li>\r\n\t<li>Aufbau von Aufsicht und Governance auf nationaler und europ\u00e4ischer Ebene<\/li>\r\n<\/ol>\r\n<h3><strong>Strafen bis zu 35 Millionen Euro <\/strong><\/h3>\r\n<p>Seit dem 2. Februar dieses Jahres sind KI-Systeme mit unannehmbaren Risiken verboten. Ab dem 2. August 2025 k\u00f6nnen zus\u00e4tzlich nun Geldbussen f\u00fcr Verst\u00f6sse gegen bereits bestehende Verpflichtungen verh\u00e4ngt werden, die bis zu 35 Millionen Euro oder 7 Prozent ihres gesamten Jahresumsatzes betragen k\u00f6nnen. Unternehmen m\u00fcssen dazu beispielsweise sicherstellen, dass ihre Mitarbeitenden \u00fcber KI-Kenntnisse verf\u00fcgen. Die Europ\u00e4ische Union erwartet von ihren Mitgliedstaaten, dass sie eigene wirksame, verh\u00e4ltnism\u00e4ssige und abschreckende Strafmassnahmen festlegen. Dabei sollen die besonderen Umst\u00e4nde von KMUs und Start-ups ber\u00fccksichtigt werden, um deren wirtschaftliche Lebensf\u00e4higkeit nicht zu gef\u00e4hrden.<\/p>\r\n<h3><strong>Neue Verpflichtungen f\u00fcr Anbieter von GPAI-Modellen<\/strong><\/h3>\r\n<p>GPAI-Modelle, die ab dem 2. August 2025 in der Europ\u00e4ischen Union vermarktet werden, unterliegen gesetzlichen Verpflichtungen. Das Europ\u00e4ische Amt f\u00fcr K\u00fcnstliche Intelligenz hat dazu am 10. Juli 2025 die endg\u00fcltige Fassung der Verhaltenskodizes ver\u00f6ffentlicht. Anbieter solcher GPAI-Modelle m\u00fcssen unter anderem technische Dokumentationen erstellen, Urheberrechte beachten und Transparenz \u00fcber die verwendeten Trainingsdaten sicherstellen.<\/p>\r\n<p>GPAI-Modelle sind KI-Systeme mit besonders breitem Einsatzspektrum und sind darauf ausgelegt, eine Vielzahl von Aufgaben zu erf\u00fcllen. Sie werden mit riesigen Datenmengen trainiert und sind entsprechend vielseitig einsetzbar. Das bekannteste Beispiel sind gro\u00dfe Sprachmodelle (Large Language Models, LLM), etwa das generative Sprachmodell GPT-4o, das in ChatGPT integriert ist. F\u00fcr GPAI-Modelle, die bereits vor dem 2. August 2025 in der Europ\u00e4ischen Union auf dem Markt waren, gilt eine \u00dcbergangsfirst bis zum 2. August 2027.<\/p>\r\n<h3><strong>Aufsicht und Governance<\/strong><\/h3>\r\n<p>Die KI-Verordnung schafft einen Rahmen mit Durchf\u00fchrungs- und Durchsetzungsbefugnissen auf zwei Ebenen. Auf nationaler Ebene muss jeder EU-Mitgliedstaat bis zum 2. August 2025 mindestens eine Markt\u00fcberwachungsbeh\u00f6rde sowie eine notifizierende Beh\u00f6rde benennen. Erstere ist f\u00fcr die \u00dcberwachung von KI-Systemen zust\u00e4ndig, letztere f\u00fcr die Notifizierung unabh\u00e4ngiger Konformit\u00e4tsbewertungsstellen. Die Mitgliedstaaten m\u00fcssen bis dem Stichtag Informationen zu den nationalen Beh\u00f6rden und deren Kontaktdaten ver\u00f6ffentlichen. Auf EU-Ebene koordinieren das Europ\u00e4ische Amt f\u00fcr KI und der Europ\u00e4ische KI-Ausschuss die Aufsicht. Zus\u00e4tzlich werden ein Beratungsforum und ein wissenschaftlicher Ausschuss aus unabh\u00e4ngigen Experten eingerichtet.<\/p>\r\n<h3><strong>Was bedeutet das f\u00fcr Personalabteilungen und Arbeitnehmende?<\/strong><\/h3>\r\n<p>Das KI-Gesetz hat direkte Auswirkungen darauf, wie KI in den Bereichen Rekrutierung, Performance-Management, Personalanalyse und Mitarbeitenden-Monitoring eingesetzt wird. Personalverantwortliche m\u00fcssen sicherstellen, dass KI-Tools in diesen Bereichen transparent, fair und konform sind.<\/p>\r\n<ul>\r\n\t<li><strong>Fairness und Antidiskriminierung:<\/strong> KI-Systeme, die bei Einstellungs- oder Bef\u00f6rderungsentscheidungen eingesetzt werden, m\u00fcssen nachvollziehbar und frei von Bias sein. Personalabteilungen sollten ihre Tools und Anbieter regelm\u00e4\u00dfig \u00fcberpr\u00fcfen, um die Einhaltung der Vorschriften sicherzustellen.<\/li>\r\n\t<li><strong>Vertrauen und Transparenz:<\/strong> Mitarbeitende erhalten einen besseren Einblick, wie KI-Systeme ihre Arbeit beeinflussen, zum Beispiel bei der Einsatzplanung, Leistungsbewertung oder bei der Arbeitssicherheit. Personalabteilung k\u00f6nnen Vertrauen schaffen, indem sie offen kommunizieren, wie KI eingesetzt wird und wie die Daten der Mitarbeitenden gesch\u00fctzt werden.<\/li>\r\n\t<li><strong>Verantwortlichkeit von Drittanbietern:<\/strong> Werden KI-Tools von Drittanbietern genutzt, m\u00fcssen Personalabteilungen sicherstellen, dass diese Anbieter die Anforderungen an Transparenz und Dokumentation erf\u00fcllen. Vertr\u00e4ge und Beschaffungsprozesse sollten entsprechend angepasst werden.<\/li>\r\n\t<li><strong>Training und Change Management:<\/strong> Mit st\u00e4rkeren Regulierungen von KI wird die Personalabteilung eine Schl\u00fcsselrolle bei der Schulung von F\u00fchrungskr\u00e4ften und Mitarbeitenden \u00fcbernehmen. Ziel ist es, einen verantwortungsvollen Umgang mit KI zu f\u00f6rdern und ethische Standards in der Unternehmenskultur zu verankern.<\/li>\r\n<\/ul>\r\n<p>\u201eAnbieter von GPAI-Modellen, die bereits vor dem 2. August 2025 auf dem Markt waren, haben bis zum 2. August 2027 Zeit, die neuen Vorschriften vollst\u00e4ndig umzusetzen. Weitere Verpflichtungen f\u00fcr KI-Systeme mit hohem Risiko werden 2026 und 2027 folgen. Dieser Meilenstein spiegelt das Bestreben der EU wider, Innovationen zu f\u00f6rdern und gleichzeitig sicherzustellen, dass KI sicher, transparent und mit den europ\u00e4ischen Werten im Einklang steht. Damit r\u00fcckt die Personalabteilung in den Mittelpunkt einer verantwortungsvollen Einf\u00fchrung von KI am Arbeitsplatz\u201c, sagt Tom Saeys, Chief Operations Officer bei SD Worx, einem europ\u00e4ischen Anbieter f\u00fcr HR- und Payroll-L\u00f6sungen.<\/p>\r\n<p><em>Quelle: <a href=\"http:\/\/www.sdworx.com\/\">SD Worx<\/a><\/em><\/p>\n<p class=\"syndicated-attribution\">Dieser Beitrag erschien urspr\u00fcnglich auf m-q.ch - <a href=\"https:\/\/www.m-q.ch\/de\/eu-ki-gesetz-wird-scharf-gestellt\/\" target=\"_blank\">https:\/\/www.m-q.ch\/de\/eu-ki-gesetz-wird-scharf-gestellt\/<\/a><\/p>","protected":false},"excerpt":{"rendered":"<p>Das KI-Gesetz der Europ\u00e4ischen Union, die weltweit erste umfassende KI-Verordnung, erreicht am 2. August 2025 einen entscheidenden Meilenstein. Ab diesem Stichtag gelten f\u00fcr Unternehmen, Beh\u00f6rden und KI-Anbieter in der EU zahlreiche zentrale Verpflichtungen, bei deren Nichteinhaltung Strafma\u00dfnahmen eingeleitet und verh\u00e4ngt werden k\u00f6nnen.<\/p>\n","protected":false},"author":8,"featured_media":0,"comment_status":"closed","ping_status":"closed","sticky":false,"template":"","format":"standard","meta":{"_acf_changed":false,"_yoast_wpseo_focuskw":"KI-Gesetz","_yoast_wpseo_metadesc":"Das KI-Gesetz der EU, die weltweit erste umfassende KI-Verordnung, erreicht am 2. August 2025 einen entscheidenden Meilenstein.","articlekey":"","footnotes":""},"categories":[582],"tags":[127,5266,319,418],"class_list":["post-39710","post","type-post","status-publish","format-standard","hentry","category-operational-excellence","tag-compliance","tag-eu-recht","tag-kuenstliche-intelligenz","tag-risikomanagement"],"acf":[],"yoast_head":"<!-- This site is optimized with the Yoast SEO plugin v27.5 - https:\/\/yoast.com\/product\/yoast-seo-wordpress\/ -->\n<title>EU KI-Gesetz wird scharf gestellt - Organisator<\/title>\n<meta name=\"description\" content=\"Das KI-Gesetz der EU, die weltweit erste umfassende KI-Verordnung, erreicht am 2. August 2025 einen entscheidenden Meilenstein.\" \/>\n<meta name=\"robots\" content=\"index, follow, max-snippet:-1, max-image-preview:large, max-video-preview:-1\" \/>\n<link rel=\"canonical\" href=\"https:\/\/www.organisator.ch\/de\/operational-excellence\/2025-07-31\/eu-ki-gesetz-wird-scharf-gestellt\/\" \/>\n<meta property=\"og:locale\" content=\"de_DE\" \/>\n<meta property=\"og:type\" content=\"article\" \/>\n<meta property=\"og:title\" content=\"EU KI-Gesetz wird scharf gestellt - Organisator\" \/>\n<meta property=\"og:description\" content=\"Das KI-Gesetz der EU, die weltweit erste umfassende KI-Verordnung, erreicht am 2. August 2025 einen entscheidenden Meilenstein.\" \/>\n<meta property=\"og:url\" content=\"https:\/\/www.organisator.ch\/de\/operational-excellence\/2025-07-31\/eu-ki-gesetz-wird-scharf-gestellt\/\" \/>\n<meta property=\"og:site_name\" content=\"Organisator\" \/>\n<meta property=\"article:publisher\" content=\"https:\/\/www.facebook.com\/OrganisatorFachmagazin\" \/>\n<meta property=\"article:published_time\" content=\"2025-07-31T07:20:28+00:00\" \/>\n<meta name=\"author\" content=\"galledia\" \/>\n<meta name=\"twitter:card\" content=\"summary_large_image\" \/>\n<meta name=\"twitter:creator\" content=\"@admin\" \/>\n<script type=\"application\/ld+json\" class=\"yoast-schema-graph\">{\"@context\":\"https:\\\/\\\/schema.org\",\"@graph\":[{\"@type\":\"Article\",\"@id\":\"https:\\\/\\\/www.organisator.ch\\\/operational-excellence\\\/2025-07-31\\\/eu-ki-gesetz-wird-scharf-gestellt\\\/#article\",\"isPartOf\":{\"@id\":\"https:\\\/\\\/www.organisator.ch\\\/operational-excellence\\\/2025-07-31\\\/eu-ki-gesetz-wird-scharf-gestellt\\\/\"},\"author\":{\"name\":\"galledia\",\"@id\":\"https:\\\/\\\/www.organisator.ch\\\/#\\\/schema\\\/person\\\/4e51799071cd2dd1232ac003643ef5f0\"},\"headline\":\"EU KI-Gesetz wird scharf gestellt\",\"datePublished\":\"2025-07-31T07:20:28+00:00\",\"mainEntityOfPage\":{\"@id\":\"https:\\\/\\\/www.organisator.ch\\\/operational-excellence\\\/2025-07-31\\\/eu-ki-gesetz-wird-scharf-gestellt\\\/\"},\"wordCount\":730,\"publisher\":{\"@id\":\"https:\\\/\\\/www.organisator.ch\\\/#organization\"},\"image\":{\"@id\":\"https:\\\/\\\/www.organisator.ch\\\/operational-excellence\\\/2025-07-31\\\/eu-ki-gesetz-wird-scharf-gestellt\\\/#primaryimage\"},\"thumbnailUrl\":\"https:\\\/\\\/www.m-q.ch\\\/wp-content\\\/uploads\\\/2025\\\/07\\\/EU-KI-Gesetz-wird-scharf-gestellt_MQ.jpg\",\"keywords\":[\"Compliance\",\"EU-Recht\",\"K\u00fcnstliche Intelligenz\",\"Risikomanagement\"],\"articleSection\":[\"OPERATIONAL EXCELLENCE\"],\"inLanguage\":\"de\"},{\"@type\":\"WebPage\",\"@id\":\"https:\\\/\\\/www.organisator.ch\\\/operational-excellence\\\/2025-07-31\\\/eu-ki-gesetz-wird-scharf-gestellt\\\/\",\"url\":\"https:\\\/\\\/www.organisator.ch\\\/operational-excellence\\\/2025-07-31\\\/eu-ki-gesetz-wird-scharf-gestellt\\\/\",\"name\":\"EU KI-Gesetz wird scharf gestellt - Organisator\",\"isPartOf\":{\"@id\":\"https:\\\/\\\/www.organisator.ch\\\/#website\"},\"primaryImageOfPage\":{\"@id\":\"https:\\\/\\\/www.organisator.ch\\\/operational-excellence\\\/2025-07-31\\\/eu-ki-gesetz-wird-scharf-gestellt\\\/#primaryimage\"},\"image\":{\"@id\":\"https:\\\/\\\/www.organisator.ch\\\/operational-excellence\\\/2025-07-31\\\/eu-ki-gesetz-wird-scharf-gestellt\\\/#primaryimage\"},\"thumbnailUrl\":\"https:\\\/\\\/www.m-q.ch\\\/wp-content\\\/uploads\\\/2025\\\/07\\\/EU-KI-Gesetz-wird-scharf-gestellt_MQ.jpg\",\"datePublished\":\"2025-07-31T07:20:28+00:00\",\"description\":\"Das KI-Gesetz der EU, die weltweit erste umfassende KI-Verordnung, erreicht am 2. August 2025 einen entscheidenden Meilenstein.\",\"breadcrumb\":{\"@id\":\"https:\\\/\\\/www.organisator.ch\\\/operational-excellence\\\/2025-07-31\\\/eu-ki-gesetz-wird-scharf-gestellt\\\/#breadcrumb\"},\"inLanguage\":\"de\",\"potentialAction\":[{\"@type\":\"ReadAction\",\"target\":[\"https:\\\/\\\/www.organisator.ch\\\/operational-excellence\\\/2025-07-31\\\/eu-ki-gesetz-wird-scharf-gestellt\\\/\"]}]},{\"@type\":\"ImageObject\",\"inLanguage\":\"de\",\"@id\":\"https:\\\/\\\/www.organisator.ch\\\/operational-excellence\\\/2025-07-31\\\/eu-ki-gesetz-wird-scharf-gestellt\\\/#primaryimage\",\"url\":\"https:\\\/\\\/www.m-q.ch\\\/wp-content\\\/uploads\\\/2025\\\/07\\\/EU-KI-Gesetz-wird-scharf-gestellt_MQ.jpg\",\"contentUrl\":\"https:\\\/\\\/www.m-q.ch\\\/wp-content\\\/uploads\\\/2025\\\/07\\\/EU-KI-Gesetz-wird-scharf-gestellt_MQ.jpg\"},{\"@type\":\"BreadcrumbList\",\"@id\":\"https:\\\/\\\/www.organisator.ch\\\/operational-excellence\\\/2025-07-31\\\/eu-ki-gesetz-wird-scharf-gestellt\\\/#breadcrumb\",\"itemListElement\":[{\"@type\":\"ListItem\",\"position\":1,\"name\":\"Home\",\"item\":\"https:\\\/\\\/www.organisator.ch\\\/\"},{\"@type\":\"ListItem\",\"position\":2,\"name\":\"EU KI-Gesetz wird scharf gestellt\"}]},{\"@type\":\"WebSite\",\"@id\":\"https:\\\/\\\/www.organisator.ch\\\/#website\",\"url\":\"https:\\\/\\\/www.organisator.ch\\\/\",\"name\":\"Organisator\",\"description\":\"Kompetent. Praxisnah. Der ORGANISATOR bereitet in 10 Ausgaben pro Jahr die wesentlichen Themen f\u00fcr F\u00fchrungskr\u00e4fte von KMU auf.\",\"publisher\":{\"@id\":\"https:\\\/\\\/www.organisator.ch\\\/#organization\"},\"potentialAction\":[{\"@type\":\"SearchAction\",\"target\":{\"@type\":\"EntryPoint\",\"urlTemplate\":\"https:\\\/\\\/www.organisator.ch\\\/?s={search_term_string}\"},\"query-input\":{\"@type\":\"PropertyValueSpecification\",\"valueRequired\":true,\"valueName\":\"search_term_string\"}}],\"inLanguage\":\"de\"},{\"@type\":\"Organization\",\"@id\":\"https:\\\/\\\/www.organisator.ch\\\/#organization\",\"name\":\"Organisator\",\"url\":\"https:\\\/\\\/www.organisator.ch\\\/\",\"logo\":{\"@type\":\"ImageObject\",\"inLanguage\":\"de\",\"@id\":\"https:\\\/\\\/www.organisator.ch\\\/#\\\/schema\\\/logo\\\/image\\\/\",\"url\":\"https:\\\/\\\/www.organisator.ch\\\/wp-content\\\/uploads\\\/2022\\\/01\\\/Logo_Organisator_Website.png\",\"contentUrl\":\"https:\\\/\\\/www.organisator.ch\\\/wp-content\\\/uploads\\\/2022\\\/01\\\/Logo_Organisator_Website.png\",\"width\":800,\"height\":77,\"caption\":\"Organisator\"},\"image\":{\"@id\":\"https:\\\/\\\/www.organisator.ch\\\/#\\\/schema\\\/logo\\\/image\\\/\"},\"sameAs\":[\"https:\\\/\\\/www.facebook.com\\\/OrganisatorFachmagazin\",\"https:\\\/\\\/www.linkedin.com\\\/showcase\\\/organisator-das-magazin-fr-kmu\",\"https:\\\/\\\/www.xing.com\\\/news\\\/pages\\\/organisator-ch-695\",\"https:\\\/\\\/www.youtube.com\\\/channel\\\/UCGP2Sq0iWaZwT3BdIAQFYpw\"]},{\"@type\":\"Person\",\"@id\":\"https:\\\/\\\/www.organisator.ch\\\/#\\\/schema\\\/person\\\/4e51799071cd2dd1232ac003643ef5f0\",\"name\":\"galledia\",\"image\":{\"@type\":\"ImageObject\",\"inLanguage\":\"de\",\"@id\":\"https:\\\/\\\/secure.gravatar.com\\\/avatar\\\/78a7f90c01fc2bfc875782a0d4922b37cde2cf184ce347b91316d23cd7f69a36?s=96&d=mm&r=g\",\"url\":\"https:\\\/\\\/secure.gravatar.com\\\/avatar\\\/78a7f90c01fc2bfc875782a0d4922b37cde2cf184ce347b91316d23cd7f69a36?s=96&d=mm&r=g\",\"contentUrl\":\"https:\\\/\\\/secure.gravatar.com\\\/avatar\\\/78a7f90c01fc2bfc875782a0d4922b37cde2cf184ce347b91316d23cd7f69a36?s=96&d=mm&r=g\",\"caption\":\"galledia\"},\"sameAs\":[\"https:\\\/\\\/x.com\\\/admin\"],\"url\":\"https:\\\/\\\/www.organisator.ch\\\/de\\\/author\\\/galledia\\\/\"}]}<\/script>\n<!-- \/ Yoast SEO plugin. -->","yoast_head_json":{"title":"EU KI-Gesetz wird scharf gestellt - Organisator","description":"Das KI-Gesetz der EU, die weltweit erste umfassende KI-Verordnung, erreicht am 2. August 2025 einen entscheidenden Meilenstein.","robots":{"index":"index","follow":"follow","max-snippet":"max-snippet:-1","max-image-preview":"max-image-preview:large","max-video-preview":"max-video-preview:-1"},"canonical":"https:\/\/www.organisator.ch\/de\/operational-excellence\/2025-07-31\/eu-ki-gesetz-wird-scharf-gestellt\/","og_locale":"de_DE","og_type":"article","og_title":"EU KI-Gesetz wird scharf gestellt - Organisator","og_description":"Das KI-Gesetz der EU, die weltweit erste umfassende KI-Verordnung, erreicht am 2. August 2025 einen entscheidenden Meilenstein.","og_url":"https:\/\/www.organisator.ch\/de\/operational-excellence\/2025-07-31\/eu-ki-gesetz-wird-scharf-gestellt\/","og_site_name":"Organisator","article_publisher":"https:\/\/www.facebook.com\/OrganisatorFachmagazin","article_published_time":"2025-07-31T07:20:28+00:00","author":"galledia","twitter_card":"summary_large_image","twitter_creator":"@admin","schema":{"@context":"https:\/\/schema.org","@graph":[{"@type":"Article","@id":"https:\/\/www.organisator.ch\/operational-excellence\/2025-07-31\/eu-ki-gesetz-wird-scharf-gestellt\/#article","isPartOf":{"@id":"https:\/\/www.organisator.ch\/operational-excellence\/2025-07-31\/eu-ki-gesetz-wird-scharf-gestellt\/"},"author":{"name":"galledia","@id":"https:\/\/www.organisator.ch\/#\/schema\/person\/4e51799071cd2dd1232ac003643ef5f0"},"headline":"EU KI-Gesetz wird scharf gestellt","datePublished":"2025-07-31T07:20:28+00:00","mainEntityOfPage":{"@id":"https:\/\/www.organisator.ch\/operational-excellence\/2025-07-31\/eu-ki-gesetz-wird-scharf-gestellt\/"},"wordCount":730,"publisher":{"@id":"https:\/\/www.organisator.ch\/#organization"},"image":{"@id":"https:\/\/www.organisator.ch\/operational-excellence\/2025-07-31\/eu-ki-gesetz-wird-scharf-gestellt\/#primaryimage"},"thumbnailUrl":"https:\/\/www.m-q.ch\/wp-content\/uploads\/2025\/07\/EU-KI-Gesetz-wird-scharf-gestellt_MQ.jpg","keywords":["Compliance","EU-Recht","K\u00fcnstliche Intelligenz","Risikomanagement"],"articleSection":["OPERATIONAL EXCELLENCE"],"inLanguage":"de"},{"@type":"WebPage","@id":"https:\/\/www.organisator.ch\/operational-excellence\/2025-07-31\/eu-ki-gesetz-wird-scharf-gestellt\/","url":"https:\/\/www.organisator.ch\/operational-excellence\/2025-07-31\/eu-ki-gesetz-wird-scharf-gestellt\/","name":"EU KI-Gesetz wird scharf gestellt - Organisator","isPartOf":{"@id":"https:\/\/www.organisator.ch\/#website"},"primaryImageOfPage":{"@id":"https:\/\/www.organisator.ch\/operational-excellence\/2025-07-31\/eu-ki-gesetz-wird-scharf-gestellt\/#primaryimage"},"image":{"@id":"https:\/\/www.organisator.ch\/operational-excellence\/2025-07-31\/eu-ki-gesetz-wird-scharf-gestellt\/#primaryimage"},"thumbnailUrl":"https:\/\/www.m-q.ch\/wp-content\/uploads\/2025\/07\/EU-KI-Gesetz-wird-scharf-gestellt_MQ.jpg","datePublished":"2025-07-31T07:20:28+00:00","description":"Das KI-Gesetz der EU, die weltweit erste umfassende KI-Verordnung, erreicht am 2. August 2025 einen entscheidenden Meilenstein.","breadcrumb":{"@id":"https:\/\/www.organisator.ch\/operational-excellence\/2025-07-31\/eu-ki-gesetz-wird-scharf-gestellt\/#breadcrumb"},"inLanguage":"de","potentialAction":[{"@type":"ReadAction","target":["https:\/\/www.organisator.ch\/operational-excellence\/2025-07-31\/eu-ki-gesetz-wird-scharf-gestellt\/"]}]},{"@type":"ImageObject","inLanguage":"de","@id":"https:\/\/www.organisator.ch\/operational-excellence\/2025-07-31\/eu-ki-gesetz-wird-scharf-gestellt\/#primaryimage","url":"https:\/\/www.m-q.ch\/wp-content\/uploads\/2025\/07\/EU-KI-Gesetz-wird-scharf-gestellt_MQ.jpg","contentUrl":"https:\/\/www.m-q.ch\/wp-content\/uploads\/2025\/07\/EU-KI-Gesetz-wird-scharf-gestellt_MQ.jpg"},{"@type":"BreadcrumbList","@id":"https:\/\/www.organisator.ch\/operational-excellence\/2025-07-31\/eu-ki-gesetz-wird-scharf-gestellt\/#breadcrumb","itemListElement":[{"@type":"ListItem","position":1,"name":"Home","item":"https:\/\/www.organisator.ch\/"},{"@type":"ListItem","position":2,"name":"EU KI-Gesetz wird scharf gestellt"}]},{"@type":"WebSite","@id":"https:\/\/www.organisator.ch\/#website","url":"https:\/\/www.organisator.ch\/","name":"Organisator","description":"Kompetent. Praxisnah. Der ORGANISATOR bereitet in 10 Ausgaben pro Jahr die wesentlichen Themen f\u00fcr F\u00fchrungskr\u00e4fte von KMU auf.","publisher":{"@id":"https:\/\/www.organisator.ch\/#organization"},"potentialAction":[{"@type":"SearchAction","target":{"@type":"EntryPoint","urlTemplate":"https:\/\/www.organisator.ch\/?s={search_term_string}"},"query-input":{"@type":"PropertyValueSpecification","valueRequired":true,"valueName":"search_term_string"}}],"inLanguage":"de"},{"@type":"Organization","@id":"https:\/\/www.organisator.ch\/#organization","name":"Organisator","url":"https:\/\/www.organisator.ch\/","logo":{"@type":"ImageObject","inLanguage":"de","@id":"https:\/\/www.organisator.ch\/#\/schema\/logo\/image\/","url":"https:\/\/www.organisator.ch\/wp-content\/uploads\/2022\/01\/Logo_Organisator_Website.png","contentUrl":"https:\/\/www.organisator.ch\/wp-content\/uploads\/2022\/01\/Logo_Organisator_Website.png","width":800,"height":77,"caption":"Organisator"},"image":{"@id":"https:\/\/www.organisator.ch\/#\/schema\/logo\/image\/"},"sameAs":["https:\/\/www.facebook.com\/OrganisatorFachmagazin","https:\/\/www.linkedin.com\/showcase\/organisator-das-magazin-fr-kmu","https:\/\/www.xing.com\/news\/pages\/organisator-ch-695","https:\/\/www.youtube.com\/channel\/UCGP2Sq0iWaZwT3BdIAQFYpw"]},{"@type":"Person","@id":"https:\/\/www.organisator.ch\/#\/schema\/person\/4e51799071cd2dd1232ac003643ef5f0","name":"galledia","image":{"@type":"ImageObject","inLanguage":"de","@id":"https:\/\/secure.gravatar.com\/avatar\/78a7f90c01fc2bfc875782a0d4922b37cde2cf184ce347b91316d23cd7f69a36?s=96&d=mm&r=g","url":"https:\/\/secure.gravatar.com\/avatar\/78a7f90c01fc2bfc875782a0d4922b37cde2cf184ce347b91316d23cd7f69a36?s=96&d=mm&r=g","contentUrl":"https:\/\/secure.gravatar.com\/avatar\/78a7f90c01fc2bfc875782a0d4922b37cde2cf184ce347b91316d23cd7f69a36?s=96&d=mm&r=g","caption":"galledia"},"sameAs":["https:\/\/x.com\/admin"],"url":"https:\/\/www.organisator.ch\/de\/author\/galledia\/"}]}},"_links":{"self":[{"href":"https:\/\/www.organisator.ch\/de\/wp-json\/wp\/v2\/posts\/39710","targetHints":{"allow":["GET"]}}],"collection":[{"href":"https:\/\/www.organisator.ch\/de\/wp-json\/wp\/v2\/posts"}],"about":[{"href":"https:\/\/www.organisator.ch\/de\/wp-json\/wp\/v2\/types\/post"}],"author":[{"embeddable":true,"href":"https:\/\/www.organisator.ch\/de\/wp-json\/wp\/v2\/users\/8"}],"replies":[{"embeddable":true,"href":"https:\/\/www.organisator.ch\/de\/wp-json\/wp\/v2\/comments?post=39710"}],"version-history":[{"count":2,"href":"https:\/\/www.organisator.ch\/de\/wp-json\/wp\/v2\/posts\/39710\/revisions"}],"predecessor-version":[{"id":39734,"href":"https:\/\/www.organisator.ch\/de\/wp-json\/wp\/v2\/posts\/39710\/revisions\/39734"}],"wp:attachment":[{"href":"https:\/\/www.organisator.ch\/de\/wp-json\/wp\/v2\/media?parent=39710"}],"wp:term":[{"taxonomy":"category","embeddable":true,"href":"https:\/\/www.organisator.ch\/de\/wp-json\/wp\/v2\/categories?post=39710"},{"taxonomy":"post_tag","embeddable":true,"href":"https:\/\/www.organisator.ch\/de\/wp-json\/wp\/v2\/tags?post=39710"}],"curies":[{"name":"wp","href":"https:\/\/api.w.org\/{rel}","templated":true}]}}