{"id":3975,"date":"2021-03-20T07:49:56","date_gmt":"2021-03-20T06:49:56","guid":{"rendered":"https:\/\/www.umweltperspektiven.ch\/?p=3975"},"modified":"2022-02-09T11:09:14","modified_gmt":"2022-02-09T10:09:14","slug":"feinstaub-gefaehrlicher-als-gedacht","status":"publish","type":"post","link":"https:\/\/www.organisator.ch\/de\/sustainability\/2021-03-20\/feinstaub-gefaehrlicher-als-gedacht\/","title":{"rendered":"Feinstaub \u2013 gef\u00e4hrlicher als gedacht"},"content":{"rendered":"<figure id=\"attachment_3976\" aria-describedby=\"caption-attachment-3976\" style=\"width: 680px\" class=\"wp-caption aligncenter\"><img loading=\"lazy\" decoding=\"async\" class=\"wp-image-3976 size-medium\" src=\"\/\/www.umweltperspektiven.ch\/wp-content\/uploads\/2021\/03\/20210317_aerosol_particles_0008.jpg\" alt=\"Feinstaub\" width=\"680\" height=\"453\" \/><figcaption id=\"caption-attachment-3976\" class=\"wp-caption-text\">Markus Ammann an einer der Apparaturen, mit deren Hilfe die Feinstaubuntersuchungen durchgef\u00fchrt wurden.<br \/>\u00a9 Markus Fischer, PSI<\/figcaption><\/figure>\n<p>&nbsp;<\/p>\n<p>Dass Feinstaub die Gesundheit gef\u00e4hrden kann, ist bekannt. Die Partikel mit einem maximalen Durchmesser von 10 Mikrometern k\u00f6nnen tief ins Lungengewebe vordringen und sich dort festsetzen. Sie enthalten reaktive Sauerstoffverbindungen (ROS), auch &#8222;Sauerstoffradikale&#8220; genannt, die die Zellen der Lunge sch\u00e4digen k\u00f6nnen. Je mehr Partikel in der Luft schweben, desto h\u00f6her das Risiko. Die Partikel gelangen zwar auch aus nat\u00fcrlichen Quellen wie W\u00e4ldern oder Vulkanen in die Luft. Doch menschliche Aktivit\u00e4ten, beispielsweise in Fabriken und Verkehr, vervielfachen die Menge, sodass bedenkliche Konzentrationen erreicht werden. Das Potenzial des Feinstaubs, Sauerstoffradikale in die Lunge zu bringen oder dort zu erzeugen, ist f\u00fcr verschiedene Quellen bereits untersucht worden. Die Forschenden des Paul Scherrer Instituts (PSI) haben dazu nun wichtige neue Erkenntnisse gewonnen.<\/p>\n<p>Die bisherige Forschung hat gezeigt, dass einige ROS im K\u00f6rper des Menschen entstehen, wenn der Feinstaub sich in der Oberfl\u00e4chenfl\u00fcssigkeit der Atemwege aufl\u00f6st. Feinstaub enth\u00e4lt in der Regel chemische Bestandteile, etwa Metalle wie Kupfer und Eisen sowie bestimmte organische Verbindungen. Diese tauschen mit anderen Molek\u00fclen Sauerstoffatome aus und es entstehen sehr reaktionsfreudige Verbindungen wie Wasserstoffperoxid (H2O2), Hydroxyl (HO) oder Hydroperoxyl (HO2), die sogenannten oxidativen Stress verursachen. So greifen sie zum Beispiel die unges\u00e4ttigten Fetts\u00e4uren im K\u00f6rper an, die dann nicht mehr als Bausteine der Zellen dienen k\u00f6nnen. Auf solche Vorg\u00e4nge f\u00fchren Mediziner Lungenentz\u00fcndungen, Asthma und diverse andere Atemwegserkrankungen zur\u00fcck. Selbst Krebs k\u00f6nnte ausgel\u00f6st werden, da die ROS auch die Erbsubstanz DNA sch\u00e4digen k\u00f6nnen.<strong>\u00a0<\/strong><\/p>\n<p><strong>Neue Erkenntnisse dank einmaliger Ger\u00e4tekombination<\/strong><\/p>\n<p>Seit einiger Zeit ist bekannt, dass gewisse ROS-Spezies auch bereits im Feinstaub der Atmosph\u00e4re vorliegen und als sogenannte exogene ROS \u00fcber die Atemluft in unseren K\u00f6rper gelangen, ohne dass sie sich dort erst bilden m\u00fcssen. Wie sich nun herausstellt, hat man dabei noch nicht genau genug hingesehen: \u00a0\u00abBisherige Studien haben mit Massenspektometern analysiert, woraus Feinstaub besteht\u00bb, erkl\u00e4rt Peter Aaron Alpert, Erstautor der neuen PSI-Studie. \u00abDabei erh\u00e4lt man aber keine Informationen \u00fcber die Struktur der einzelnen Partikel und dar\u00fcber, was in ihrem Inneren vorgeht.\u00bb<\/p>\n<p>Alpert dagegen nutzte die M\u00f6glichkeiten des PSI f\u00fcr einen pr\u00e4ziseren Blick: \u00abMit dem brillanten R\u00f6ntgenlicht der Synchrotron Lichtquelle Schweiz SLS konnten wir solche Partikel nicht nur einzeln mit einer Aufl\u00f6sung von unter einem Mikrometer betrachten, sondern sogar in sie hineinschauen, w\u00e4hrend Reaktionen darin ablaufen.\u00bb Dazu verwendete er auch eine neuartige, am PSI entwickelte Zelle, in der sich verschiedenste atmosph\u00e4rische Umweltbedingungen simulieren lassen. Sie kann Temperatur, Feuchte sowie Gasexposition genau regulieren und eine UV-LED-Lichtquelle ahmt die Sonneneinstrahlung nach. \u00abDiese Kombination \u2013 hochaufl\u00f6sendes R\u00f6ntgenmikroskop und Zelle \u2013 gibt es nur einmal auf der Welt\u00bb, sagt Alpert. Die Studie sei deshalb nur am PSI m\u00f6glich gewesen. Eng zusammengearbeitet hat er daf\u00fcr mit dem Leiter der Gruppe Oberfl\u00e4chenchemie am PSI, Markus Ammann. Unterst\u00fctzt haben ihn ausserdem Forschende um die Atmosph\u00e4renchemiker Ulrich Krieger und Thomas Peter an der ETH Z\u00fcrich, wo zus\u00e4tzliche Experimente mit in der Schwebe gehaltenen Partikeln gemacht wurden, sowie Experten um Hartmut Hermann vom Leibniz-Institut f\u00fcr Troposph\u00e4renforschung in Leipzig.<\/p>\n<p><strong>Wie sich gef\u00e4hrliche Verbindungen bilden<\/strong><\/p>\n<p>Die Forschenden untersuchten Partikel mit organischen Bestandteilen und Eisen. Das Eisen stammt aus nat\u00fcrlichen Quellen wie W\u00fcstenstaub oder Vulkanasche, ist aber auch in Emissionen von Industrie und Verkehr enthalten. Die organischen Bestandteile resultieren ebenfalls aus nat\u00fcrlichen und menschgemachten Quellen. In der Atmosph\u00e4re verbinden sich diese Bestandteile zu Eisenkomplexen, die dann unter Sonneneinstrahlung zu sogenannten Radikalen reagieren. Diese wiederum binden allen verf\u00fcgbaren Sauerstoff und produzieren so die Sauerstoffverbindungen.<\/p>\n<p>Normalerweise w\u00fcrde ein gr\u00f6sserer Teil dieser ROS in der W\u00e4rme der Sonne aus den Partikeln in die Luft diffundieren und keine Gefahr mehr bedeuten, wenn wir die Partikel einatmen, die dann weniger ROS enthalten. Stimmen die Bedingungen, reichern sich die Radikale jedoch im Inneren der Partikel an und verbrauchen dort binnen Sekunden den gesamten verf\u00fcgbaren Sauerstoff. Und das liegt an der sogenannten Viskosit\u00e4t: Feinstaub kann fest wie Stein oder fl\u00fcssig wie Wasser sein \u2013 aber je nach Temperatur und Feuchte auch z\u00e4hfl\u00fcssig wie Sirup, Kaugummi oder Schweizer Kr\u00e4uterzucker. \u00abDieser Zustand des Partikels, so haben wir festgestellt, sorgt daf\u00fcr, dass die ROS im Partikel gefangenbleiben\u00bb, sagt Alpert. Und von aussen gelangt auch kein zus\u00e4tzlicher Sauerstoff hinein.<\/p>\n<p>Besonders erschreckend ist, dass sich durch das Zusammenspiel von Eisen und organischen Verbindungen die h\u00f6chsten Konzentrationen der ROS bei allt\u00e4glichen Wetterbedingungen bilden: bei mittlerer Luftfeuchte von 50 Prozent und Temperaturen um die 20 Grad, wie sie etwa in R\u00e4umen herrschen. \u00abFr\u00fcher dachte man, dass ROS in der Luft \u2013 wenn \u00fcberhaupt \u2013 nur dann entstehen, wenn die Feinstaubteilchen vergleichsweise seltene Verbindungen wie Chinone enthalten\u00bb, sagt Alpert. Das sind oxidierte Phenole, die etwa in Farbstoffen von Pflanzen und Pilzen vorkommen. Seit Kurzem ist klar, dass viele weitere ROS-Quellen im Feinstaub vorhanden sind. \u00abWie wir nun feststellten, k\u00f6nnen diese bekannten ROS-Quellen unter v\u00f6llig allt\u00e4glichen Bedingungen deutlich verst\u00e4rkt werden.\u00bb Etwa jedes zwanzigste Partikel ist organisch und enth\u00e4lt Eisen.<\/p>\n<p>Doch damit nicht genug: \u00abWir gehen davon aus, dass die gleichen fotochemischen Reaktionen auch in anderen Feinstaubpartikeln ablaufen\u00bb, sagt Forschungsgruppenleiter Markus Ammann. \u00abWir vermuten sogar, dass nahezu alle Schwebeteilchen in der Luft auf diese Weise zus\u00e4tzliche Radikale ausbilden\u00bb, erg\u00e4nzt Alpert. \u00abWenn sich dies in weiteren Studien best\u00e4tigt, m\u00fcssen wir dringend unsere Modelle und Grenzwerte bez\u00fcglich der Luftqualit\u00e4t anpassen. Wom\u00f6glich haben wir hier einen zus\u00e4tzlichen Faktor daf\u00fcr gefunden, dass so viele Menschen scheinbar ohne konkreten Anlass an Atemwegserkrankungen oder Krebs erkranken.\u00bb<\/p>\n<p>Immerhin haben die ROS \u2013 zumal in Zeiten der COVID-19-Pandemie \u2013 auch ihr Gutes, wie die Studie ebenfalls nahelegt: Sie greifen auch Bakterien, Viren und andere Pathogene an, die auf den Aerosolen sitzen, und machen diese unsch\u00e4dlich. Dieser Zusammenhang k\u00f6nnte erkl\u00e4ren, warum das Sars-CoV-2-Virus in der Luft bei Raumtemperatur und mittlerer Feuchte am k\u00fcrzesten \u00fcberlebt.<\/p>\n","protected":false},"excerpt":{"rendered":"<p>&nbsp; Dass Feinstaub die Gesundheit gef\u00e4hrden kann, ist bekannt. Die Partikel mit einem maximalen Durchmesser von 10 Mikrometern k\u00f6nnen tief ins Lungengewebe vordringen und sich dort festsetzen. Sie enthalten reaktive Sauerstoffverbindungen (ROS), auch &#8222;Sauerstoffradikale&#8220; genannt, die die Zellen der Lunge sch\u00e4digen k\u00f6nnen. Je mehr Partikel in der Luft schweben, desto h\u00f6her das Risiko. Die Partikel [&hellip;]<\/p>\n","protected":false},"author":6,"featured_media":9779,"comment_status":"closed","ping_status":"closed","sticky":false,"template":"","format":"standard","meta":{"_acf_changed":false,"_yoast_wpseo_focuskw":"Feinstaub","_yoast_wpseo_metadesc":"Neuste Untersuchungen des Paul Scherrer Instituts zeigen: Feinstaub ist gef\u00e4hrlicher als gedacht.","articlekey":"","footnotes":""},"categories":[580],"tags":[1161,1162,1956,2053,2054,460],"class_list":["post-3975","post","type-post","status-publish","format-standard","has-post-thumbnail","hentry","category-sustainability","tag-feinstaub","tag-feinstaubpartikel","tag-psi","tag-sauerstoffradikale","tag-sauerstoffverbindungen","tag-studien"],"acf":[],"yoast_head":"<!-- This site is optimized with the Yoast SEO plugin v27.4 - https:\/\/yoast.com\/product\/yoast-seo-wordpress\/ -->\n<title>Feinstaub \u2013 gef\u00e4hrlicher als gedacht - Organisator<\/title>\n<meta name=\"description\" content=\"Neuste Untersuchungen des Paul Scherrer Instituts zeigen: Feinstaub ist gef\u00e4hrlicher als gedacht.\" \/>\n<meta name=\"robots\" content=\"index, follow, max-snippet:-1, max-image-preview:large, max-video-preview:-1\" \/>\n<link rel=\"canonical\" href=\"https:\/\/www.organisator.ch\/de\/sustainability\/2021-03-20\/feinstaub-gefaehrlicher-als-gedacht\/\" \/>\n<meta property=\"og:locale\" content=\"de_DE\" \/>\n<meta property=\"og:type\" content=\"article\" \/>\n<meta property=\"og:title\" content=\"Feinstaub \u2013 gef\u00e4hrlicher als gedacht - Organisator\" \/>\n<meta property=\"og:description\" content=\"Neuste Untersuchungen des Paul Scherrer Instituts zeigen: Feinstaub ist gef\u00e4hrlicher als gedacht.\" \/>\n<meta property=\"og:url\" content=\"https:\/\/www.organisator.ch\/de\/sustainability\/2021-03-20\/feinstaub-gefaehrlicher-als-gedacht\/\" \/>\n<meta property=\"og:site_name\" content=\"Organisator\" \/>\n<meta property=\"article:publisher\" content=\"https:\/\/www.facebook.com\/OrganisatorFachmagazin\" \/>\n<meta property=\"article:published_time\" content=\"2021-03-20T06:49:56+00:00\" \/>\n<meta property=\"article:modified_time\" content=\"2022-02-09T10:09:14+00:00\" \/>\n<meta property=\"og:image\" content=\"https:\/\/www.organisator.ch\/wp-content\/uploads\/2021\/03\/20210317_aerosol_particles_0008-scaled.jpg\" \/>\n\t<meta property=\"og:image:width\" content=\"2560\" \/>\n\t<meta property=\"og:image:height\" content=\"1707\" \/>\n\t<meta property=\"og:image:type\" content=\"image\/jpeg\" \/>\n<meta name=\"author\" content=\"roger.straessle\" \/>\n<meta name=\"twitter:card\" content=\"summary_large_image\" \/>\n<script type=\"application\/ld+json\" class=\"yoast-schema-graph\">{\"@context\":\"https:\\\/\\\/schema.org\",\"@graph\":[{\"@type\":\"Article\",\"@id\":\"https:\\\/\\\/www.organisator.ch\\\/sustainability\\\/2021-03-20\\\/feinstaub-gefaehrlicher-als-gedacht\\\/#article\",\"isPartOf\":{\"@id\":\"https:\\\/\\\/www.organisator.ch\\\/sustainability\\\/2021-03-20\\\/feinstaub-gefaehrlicher-als-gedacht\\\/\"},\"author\":{\"name\":\"roger.straessle\",\"@id\":\"https:\\\/\\\/www.organisator.ch\\\/#\\\/schema\\\/person\\\/a800b8c54e208b160517a7dcc323161d\"},\"headline\":\"Feinstaub \u2013 gef\u00e4hrlicher als gedacht\",\"datePublished\":\"2021-03-20T06:49:56+00:00\",\"dateModified\":\"2022-02-09T10:09:14+00:00\",\"mainEntityOfPage\":{\"@id\":\"https:\\\/\\\/www.organisator.ch\\\/sustainability\\\/2021-03-20\\\/feinstaub-gefaehrlicher-als-gedacht\\\/\"},\"wordCount\":1027,\"publisher\":{\"@id\":\"https:\\\/\\\/www.organisator.ch\\\/#organization\"},\"image\":{\"@id\":\"https:\\\/\\\/www.organisator.ch\\\/sustainability\\\/2021-03-20\\\/feinstaub-gefaehrlicher-als-gedacht\\\/#primaryimage\"},\"thumbnailUrl\":\"https:\\\/\\\/www.organisator.ch\\\/wp-content\\\/uploads\\\/2021\\\/03\\\/20210317_aerosol_particles_0008-scaled.jpg\",\"keywords\":[\"Feinstaub\",\"Feinstaubpartikel\",\"PSI\",\"Sauerstoffradikale\",\"Sauerstoffverbindungen\",\"Studien\"],\"articleSection\":[\"SUSTAINABILITY\"],\"inLanguage\":\"de\"},{\"@type\":\"WebPage\",\"@id\":\"https:\\\/\\\/www.organisator.ch\\\/sustainability\\\/2021-03-20\\\/feinstaub-gefaehrlicher-als-gedacht\\\/\",\"url\":\"https:\\\/\\\/www.organisator.ch\\\/sustainability\\\/2021-03-20\\\/feinstaub-gefaehrlicher-als-gedacht\\\/\",\"name\":\"Feinstaub \u2013 gef\u00e4hrlicher als gedacht - Organisator\",\"isPartOf\":{\"@id\":\"https:\\\/\\\/www.organisator.ch\\\/#website\"},\"primaryImageOfPage\":{\"@id\":\"https:\\\/\\\/www.organisator.ch\\\/sustainability\\\/2021-03-20\\\/feinstaub-gefaehrlicher-als-gedacht\\\/#primaryimage\"},\"image\":{\"@id\":\"https:\\\/\\\/www.organisator.ch\\\/sustainability\\\/2021-03-20\\\/feinstaub-gefaehrlicher-als-gedacht\\\/#primaryimage\"},\"thumbnailUrl\":\"https:\\\/\\\/www.organisator.ch\\\/wp-content\\\/uploads\\\/2021\\\/03\\\/20210317_aerosol_particles_0008-scaled.jpg\",\"datePublished\":\"2021-03-20T06:49:56+00:00\",\"dateModified\":\"2022-02-09T10:09:14+00:00\",\"description\":\"Neuste Untersuchungen des Paul Scherrer Instituts zeigen: Feinstaub ist gef\u00e4hrlicher als gedacht.\",\"breadcrumb\":{\"@id\":\"https:\\\/\\\/www.organisator.ch\\\/sustainability\\\/2021-03-20\\\/feinstaub-gefaehrlicher-als-gedacht\\\/#breadcrumb\"},\"inLanguage\":\"de\",\"potentialAction\":[{\"@type\":\"ReadAction\",\"target\":[\"https:\\\/\\\/www.organisator.ch\\\/sustainability\\\/2021-03-20\\\/feinstaub-gefaehrlicher-als-gedacht\\\/\"]}]},{\"@type\":\"ImageObject\",\"inLanguage\":\"de\",\"@id\":\"https:\\\/\\\/www.organisator.ch\\\/sustainability\\\/2021-03-20\\\/feinstaub-gefaehrlicher-als-gedacht\\\/#primaryimage\",\"url\":\"https:\\\/\\\/www.organisator.ch\\\/wp-content\\\/uploads\\\/2021\\\/03\\\/20210317_aerosol_particles_0008-scaled.jpg\",\"contentUrl\":\"https:\\\/\\\/www.organisator.ch\\\/wp-content\\\/uploads\\\/2021\\\/03\\\/20210317_aerosol_particles_0008-scaled.jpg\",\"width\":2560,\"height\":1707,\"caption\":\"Markus Ammann an einer der Apparaturen, mit deren Hilfe die Feinstaubuntersuchungen durchgef\u00fchrt wurden. \u00a9 Markus Fischer, PSI\"},{\"@type\":\"BreadcrumbList\",\"@id\":\"https:\\\/\\\/www.organisator.ch\\\/sustainability\\\/2021-03-20\\\/feinstaub-gefaehrlicher-als-gedacht\\\/#breadcrumb\",\"itemListElement\":[{\"@type\":\"ListItem\",\"position\":1,\"name\":\"Home\",\"item\":\"https:\\\/\\\/www.organisator.ch\\\/\"},{\"@type\":\"ListItem\",\"position\":2,\"name\":\"Feinstaub \u2013 gef\u00e4hrlicher als gedacht\"}]},{\"@type\":\"WebSite\",\"@id\":\"https:\\\/\\\/www.organisator.ch\\\/#website\",\"url\":\"https:\\\/\\\/www.organisator.ch\\\/\",\"name\":\"Organisator\",\"description\":\"Kompetent. Praxisnah. Der ORGANISATOR bereitet in 10 Ausgaben pro Jahr die wesentlichen Themen f\u00fcr F\u00fchrungskr\u00e4fte von KMU auf.\",\"publisher\":{\"@id\":\"https:\\\/\\\/www.organisator.ch\\\/#organization\"},\"potentialAction\":[{\"@type\":\"SearchAction\",\"target\":{\"@type\":\"EntryPoint\",\"urlTemplate\":\"https:\\\/\\\/www.organisator.ch\\\/?s={search_term_string}\"},\"query-input\":{\"@type\":\"PropertyValueSpecification\",\"valueRequired\":true,\"valueName\":\"search_term_string\"}}],\"inLanguage\":\"de\"},{\"@type\":\"Organization\",\"@id\":\"https:\\\/\\\/www.organisator.ch\\\/#organization\",\"name\":\"Organisator\",\"url\":\"https:\\\/\\\/www.organisator.ch\\\/\",\"logo\":{\"@type\":\"ImageObject\",\"inLanguage\":\"de\",\"@id\":\"https:\\\/\\\/www.organisator.ch\\\/#\\\/schema\\\/logo\\\/image\\\/\",\"url\":\"https:\\\/\\\/www.organisator.ch\\\/wp-content\\\/uploads\\\/2022\\\/01\\\/Logo_Organisator_Website.png\",\"contentUrl\":\"https:\\\/\\\/www.organisator.ch\\\/wp-content\\\/uploads\\\/2022\\\/01\\\/Logo_Organisator_Website.png\",\"width\":800,\"height\":77,\"caption\":\"Organisator\"},\"image\":{\"@id\":\"https:\\\/\\\/www.organisator.ch\\\/#\\\/schema\\\/logo\\\/image\\\/\"},\"sameAs\":[\"https:\\\/\\\/www.facebook.com\\\/OrganisatorFachmagazin\",\"https:\\\/\\\/www.linkedin.com\\\/showcase\\\/organisator-das-magazin-fr-kmu\",\"https:\\\/\\\/www.xing.com\\\/news\\\/pages\\\/organisator-ch-695\",\"https:\\\/\\\/www.youtube.com\\\/channel\\\/UCGP2Sq0iWaZwT3BdIAQFYpw\"]},{\"@type\":\"Person\",\"@id\":\"https:\\\/\\\/www.organisator.ch\\\/#\\\/schema\\\/person\\\/a800b8c54e208b160517a7dcc323161d\",\"name\":\"roger.straessle\",\"image\":{\"@type\":\"ImageObject\",\"inLanguage\":\"de\",\"@id\":\"https:\\\/\\\/secure.gravatar.com\\\/avatar\\\/?s=96&d=mm&r=g\",\"url\":\"https:\\\/\\\/secure.gravatar.com\\\/avatar\\\/?s=96&d=mm&r=g\",\"contentUrl\":\"https:\\\/\\\/secure.gravatar.com\\\/avatar\\\/?s=96&d=mm&r=g\",\"caption\":\"roger.straessle\"},\"url\":\"https:\\\/\\\/www.organisator.ch\\\/de\\\/author\\\/roger-straessle\\\/\"}]}<\/script>\n<!-- \/ Yoast SEO plugin. -->","yoast_head_json":{"title":"Feinstaub \u2013 gef\u00e4hrlicher als gedacht - Organisator","description":"Neuste Untersuchungen des Paul Scherrer Instituts zeigen: Feinstaub ist gef\u00e4hrlicher als gedacht.","robots":{"index":"index","follow":"follow","max-snippet":"max-snippet:-1","max-image-preview":"max-image-preview:large","max-video-preview":"max-video-preview:-1"},"canonical":"https:\/\/www.organisator.ch\/de\/sustainability\/2021-03-20\/feinstaub-gefaehrlicher-als-gedacht\/","og_locale":"de_DE","og_type":"article","og_title":"Feinstaub \u2013 gef\u00e4hrlicher als gedacht - Organisator","og_description":"Neuste Untersuchungen des Paul Scherrer Instituts zeigen: Feinstaub ist gef\u00e4hrlicher als gedacht.","og_url":"https:\/\/www.organisator.ch\/de\/sustainability\/2021-03-20\/feinstaub-gefaehrlicher-als-gedacht\/","og_site_name":"Organisator","article_publisher":"https:\/\/www.facebook.com\/OrganisatorFachmagazin","article_published_time":"2021-03-20T06:49:56+00:00","article_modified_time":"2022-02-09T10:09:14+00:00","og_image":[{"width":2560,"height":1707,"url":"https:\/\/www.organisator.ch\/wp-content\/uploads\/2021\/03\/20210317_aerosol_particles_0008-scaled.jpg","type":"image\/jpeg"}],"author":"roger.straessle","twitter_card":"summary_large_image","schema":{"@context":"https:\/\/schema.org","@graph":[{"@type":"Article","@id":"https:\/\/www.organisator.ch\/sustainability\/2021-03-20\/feinstaub-gefaehrlicher-als-gedacht\/#article","isPartOf":{"@id":"https:\/\/www.organisator.ch\/sustainability\/2021-03-20\/feinstaub-gefaehrlicher-als-gedacht\/"},"author":{"name":"roger.straessle","@id":"https:\/\/www.organisator.ch\/#\/schema\/person\/a800b8c54e208b160517a7dcc323161d"},"headline":"Feinstaub \u2013 gef\u00e4hrlicher als gedacht","datePublished":"2021-03-20T06:49:56+00:00","dateModified":"2022-02-09T10:09:14+00:00","mainEntityOfPage":{"@id":"https:\/\/www.organisator.ch\/sustainability\/2021-03-20\/feinstaub-gefaehrlicher-als-gedacht\/"},"wordCount":1027,"publisher":{"@id":"https:\/\/www.organisator.ch\/#organization"},"image":{"@id":"https:\/\/www.organisator.ch\/sustainability\/2021-03-20\/feinstaub-gefaehrlicher-als-gedacht\/#primaryimage"},"thumbnailUrl":"https:\/\/www.organisator.ch\/wp-content\/uploads\/2021\/03\/20210317_aerosol_particles_0008-scaled.jpg","keywords":["Feinstaub","Feinstaubpartikel","PSI","Sauerstoffradikale","Sauerstoffverbindungen","Studien"],"articleSection":["SUSTAINABILITY"],"inLanguage":"de"},{"@type":"WebPage","@id":"https:\/\/www.organisator.ch\/sustainability\/2021-03-20\/feinstaub-gefaehrlicher-als-gedacht\/","url":"https:\/\/www.organisator.ch\/sustainability\/2021-03-20\/feinstaub-gefaehrlicher-als-gedacht\/","name":"Feinstaub \u2013 gef\u00e4hrlicher als gedacht - Organisator","isPartOf":{"@id":"https:\/\/www.organisator.ch\/#website"},"primaryImageOfPage":{"@id":"https:\/\/www.organisator.ch\/sustainability\/2021-03-20\/feinstaub-gefaehrlicher-als-gedacht\/#primaryimage"},"image":{"@id":"https:\/\/www.organisator.ch\/sustainability\/2021-03-20\/feinstaub-gefaehrlicher-als-gedacht\/#primaryimage"},"thumbnailUrl":"https:\/\/www.organisator.ch\/wp-content\/uploads\/2021\/03\/20210317_aerosol_particles_0008-scaled.jpg","datePublished":"2021-03-20T06:49:56+00:00","dateModified":"2022-02-09T10:09:14+00:00","description":"Neuste Untersuchungen des Paul Scherrer Instituts zeigen: Feinstaub ist gef\u00e4hrlicher als gedacht.","breadcrumb":{"@id":"https:\/\/www.organisator.ch\/sustainability\/2021-03-20\/feinstaub-gefaehrlicher-als-gedacht\/#breadcrumb"},"inLanguage":"de","potentialAction":[{"@type":"ReadAction","target":["https:\/\/www.organisator.ch\/sustainability\/2021-03-20\/feinstaub-gefaehrlicher-als-gedacht\/"]}]},{"@type":"ImageObject","inLanguage":"de","@id":"https:\/\/www.organisator.ch\/sustainability\/2021-03-20\/feinstaub-gefaehrlicher-als-gedacht\/#primaryimage","url":"https:\/\/www.organisator.ch\/wp-content\/uploads\/2021\/03\/20210317_aerosol_particles_0008-scaled.jpg","contentUrl":"https:\/\/www.organisator.ch\/wp-content\/uploads\/2021\/03\/20210317_aerosol_particles_0008-scaled.jpg","width":2560,"height":1707,"caption":"Markus Ammann an einer der Apparaturen, mit deren Hilfe die Feinstaubuntersuchungen durchgef\u00fchrt wurden. \u00a9 Markus Fischer, PSI"},{"@type":"BreadcrumbList","@id":"https:\/\/www.organisator.ch\/sustainability\/2021-03-20\/feinstaub-gefaehrlicher-als-gedacht\/#breadcrumb","itemListElement":[{"@type":"ListItem","position":1,"name":"Home","item":"https:\/\/www.organisator.ch\/"},{"@type":"ListItem","position":2,"name":"Feinstaub \u2013 gef\u00e4hrlicher als gedacht"}]},{"@type":"WebSite","@id":"https:\/\/www.organisator.ch\/#website","url":"https:\/\/www.organisator.ch\/","name":"Organisator","description":"Kompetent. Praxisnah. Der ORGANISATOR bereitet in 10 Ausgaben pro Jahr die wesentlichen Themen f\u00fcr F\u00fchrungskr\u00e4fte von KMU auf.","publisher":{"@id":"https:\/\/www.organisator.ch\/#organization"},"potentialAction":[{"@type":"SearchAction","target":{"@type":"EntryPoint","urlTemplate":"https:\/\/www.organisator.ch\/?s={search_term_string}"},"query-input":{"@type":"PropertyValueSpecification","valueRequired":true,"valueName":"search_term_string"}}],"inLanguage":"de"},{"@type":"Organization","@id":"https:\/\/www.organisator.ch\/#organization","name":"Organisator","url":"https:\/\/www.organisator.ch\/","logo":{"@type":"ImageObject","inLanguage":"de","@id":"https:\/\/www.organisator.ch\/#\/schema\/logo\/image\/","url":"https:\/\/www.organisator.ch\/wp-content\/uploads\/2022\/01\/Logo_Organisator_Website.png","contentUrl":"https:\/\/www.organisator.ch\/wp-content\/uploads\/2022\/01\/Logo_Organisator_Website.png","width":800,"height":77,"caption":"Organisator"},"image":{"@id":"https:\/\/www.organisator.ch\/#\/schema\/logo\/image\/"},"sameAs":["https:\/\/www.facebook.com\/OrganisatorFachmagazin","https:\/\/www.linkedin.com\/showcase\/organisator-das-magazin-fr-kmu","https:\/\/www.xing.com\/news\/pages\/organisator-ch-695","https:\/\/www.youtube.com\/channel\/UCGP2Sq0iWaZwT3BdIAQFYpw"]},{"@type":"Person","@id":"https:\/\/www.organisator.ch\/#\/schema\/person\/a800b8c54e208b160517a7dcc323161d","name":"roger.straessle","image":{"@type":"ImageObject","inLanguage":"de","@id":"https:\/\/secure.gravatar.com\/avatar\/?s=96&d=mm&r=g","url":"https:\/\/secure.gravatar.com\/avatar\/?s=96&d=mm&r=g","contentUrl":"https:\/\/secure.gravatar.com\/avatar\/?s=96&d=mm&r=g","caption":"roger.straessle"},"url":"https:\/\/www.organisator.ch\/de\/author\/roger-straessle\/"}]}},"_links":{"self":[{"href":"https:\/\/www.organisator.ch\/de\/wp-json\/wp\/v2\/posts\/3975","targetHints":{"allow":["GET"]}}],"collection":[{"href":"https:\/\/www.organisator.ch\/de\/wp-json\/wp\/v2\/posts"}],"about":[{"href":"https:\/\/www.organisator.ch\/de\/wp-json\/wp\/v2\/types\/post"}],"author":[{"embeddable":true,"href":"https:\/\/www.organisator.ch\/de\/wp-json\/wp\/v2\/users\/6"}],"replies":[{"embeddable":true,"href":"https:\/\/www.organisator.ch\/de\/wp-json\/wp\/v2\/comments?post=3975"}],"version-history":[{"count":1,"href":"https:\/\/www.organisator.ch\/de\/wp-json\/wp\/v2\/posts\/3975\/revisions"}],"predecessor-version":[{"id":10771,"href":"https:\/\/www.organisator.ch\/de\/wp-json\/wp\/v2\/posts\/3975\/revisions\/10771"}],"wp:featuredmedia":[{"embeddable":true,"href":"https:\/\/www.organisator.ch\/de\/wp-json\/wp\/v2\/media\/9779"}],"wp:attachment":[{"href":"https:\/\/www.organisator.ch\/de\/wp-json\/wp\/v2\/media?parent=3975"}],"wp:term":[{"taxonomy":"category","embeddable":true,"href":"https:\/\/www.organisator.ch\/de\/wp-json\/wp\/v2\/categories?post=3975"},{"taxonomy":"post_tag","embeddable":true,"href":"https:\/\/www.organisator.ch\/de\/wp-json\/wp\/v2\/tags?post=3975"}],"curies":[{"name":"wp","href":"https:\/\/api.w.org\/{rel}","templated":true}]}}