{"id":3988,"date":"2018-07-30T16:07:09","date_gmt":"2018-07-30T14:07:09","guid":{"rendered":"https:\/\/www.organisator.ch\/?p=3988"},"modified":"2018-07-30T16:07:09","modified_gmt":"2018-07-30T14:07:09","slug":"sicherheit-im-internet-of-things-wird-vernachlaessigt","status":"publish","type":"post","link":"https:\/\/www.organisator.ch\/de\/management\/it\/2018-07-30\/sicherheit-im-internet-of-things-wird-vernachlaessigt\/","title":{"rendered":"Sicherheit im Internet of Things wird vernachl\u00e4ssigt"},"content":{"rendered":"<figure id=\"attachment_3989\" aria-describedby=\"caption-attachment-3989\" style=\"width: 640px\" class=\"wp-caption alignnone\"><img loading=\"lazy\" decoding=\"async\" class=\"size-full wp-image-3989\" src=\"https:\/\/www.organisator.ch\/wp-content\/uploads\/2018\/07\/Sicherheit-im-Internet-of-Things-wird-vernachlaessigt_Organisator.jpg\" alt=\"\" width=\"640\" height=\"455\" srcset=\"https:\/\/www.organisator.ch\/wp-content\/uploads\/2018\/07\/Sicherheit-im-Internet-of-Things-wird-vernachlaessigt_Organisator.jpg 640w, https:\/\/www.organisator.ch\/wp-content\/uploads\/2018\/07\/Sicherheit-im-Internet-of-Things-wird-vernachlaessigt_Organisator-16x12.jpg 16w, https:\/\/www.organisator.ch\/wp-content\/uploads\/2018\/07\/Sicherheit-im-Internet-of-Things-wird-vernachlaessigt_Organisator-246x175.jpg 246w, https:\/\/www.organisator.ch\/wp-content\/uploads\/2018\/07\/Sicherheit-im-Internet-of-Things-wird-vernachlaessigt_Organisator-492x350.jpg 492w, https:\/\/www.organisator.ch\/wp-content\/uploads\/2018\/07\/Sicherheit-im-Internet-of-Things-wird-vernachlaessigt_Organisator-300x213.jpg 300w\" sizes=\"auto, (max-width: 640px) 100vw, 640px\" \/><figcaption id=\"caption-attachment-3989\" class=\"wp-caption-text\">Trotz massiver Investitionen ins Internet of Things bleibt die Sicherheit noch allzu oft auf der Strecke. (Bild: NicoElNino &#8211; Fotolia.com)<\/figcaption><\/figure>\n<p>Das japanische IT-Sicherheitsunternehmen Trend Micro hat die\u00a0 Ergebnisse einer weltweiten Umfrage zum Thema Internet der Dinge (Internet of\u00a0 Things, IoT) und dessen Absicherung ver\u00f6ffentlicht.\u00a0Daran\u00a0teil nahmen\u00a0\u00fcber 1.150 Entscheider aus IT und\u00a0 IT-Sicherheit. Sie wurden unter anderem zu get\u00e4tigten und geplanten\u00a0 Investitionen, Umsetzungsstrategien und technologischen Herausforderungen\u00a0 befragt.<\/p>\n<h2>Sicherheit spielt im Internet of Things eine Nebenrolle<\/h2>\n<p>Die wachsende Anzahl vernetzter Ger\u00e4te macht Unternehmen anf\u00e4llig f\u00fcr eine\u00a0 Vielzahl von Cyberbedrohungen. Dennoch antworteten 43 Prozent der Befragten,\u00a0 dass IT-Sicherheit bei der Umsetzung von IoT-Projekten nur eine Nebenrolle\u00a0 spielt. Unter den Befragten aus Deutschland war dieser Wert mit 46 Prozent\u00a0 weltweit am h\u00f6chsten. W\u00e4hrend fast zwei Drittel der Befragten (63 Prozent)\u00a0 angaben, dass Cyberangriffe im Zusammenhang mit IoT-Anwendungen in den\u00a0 vergangenen 12 Monaten zugenommen haben, stuft nur die H\u00e4lfte (53 Prozent)\u00a0 von ihnen vernetzte Ger\u00e4te als eine Bedrohung f\u00fcr ihr Unternehmen ein.<\/p>\n<p>Die Ergebnisse legen au\u00dferdem nahe, dass wom\u00f6glich nur unzureichende\u00a0 Sicherheitstests durchgef\u00fchrt werden bevor neue Ger\u00e4te zu\u00a0 Unternehmensumgebungen hinzugef\u00fcgt werden. Die Umfrage ergab auch, dass\u00a0 Unternehmen in den letzten 12 Monaten durchschnittlich drei Angriffe auf\u00a0 vernetzte Ger\u00e4te verzeichneten. Nur etwas \u00fcber ein Drittel der Unternehmen (38\u00a0 Prozent), die IoT-L\u00f6sungen umgesetzt haben oder im Begriff dazu sind, haben ITSicherheitsexperten\u00a0 in den Implementationsprozess einbezogen. Von diesen\u00a0 entfallen jeweils etwa ein Drittel (32 Prozent) auf die Bereiche Smart Factories,\u00a0 Smart Utilities (31 Prozent) und Wearables (30 Prozent). Das bedeutet aber\u00a0 ebenso, dass ein beachtlicher Teil von Unternehmen weltweit einer Vielzahl von\u00a0 Bedrohungen T\u00fcr und Tor \u00f6ffnet.\u00a0 \u201eViele Unternehmen sehen in IoT-Systemen die Zukunft und setzen daher neue\u00a0 Arten vernetzter Ger\u00e4te in ihren Netzwerkumgebungen ein\u201c, sagt Udo Schneider,\u00a0 Security Evangelist bei Trend Micro. \u201eDas verbessert zwar ihre\u00a0 Gesch\u00e4ftsprozesse, stellt jedoch auch ein gro\u00dfes Problem hinsichtlich neuer\u00a0 Cyber-Risiken dar, da die eingebauten Betriebssysteme normalerweise nicht ohne\u00a0 weiteres gepatcht werden k\u00f6nnen. Die Investitionen in IT-Sicherheitsma\u00dfnahmen\u00a0 sollten sich daher an den Investitionen in den Ausbau von Systemen orientieren.\u00a0 Nur so kann das Risiko eines Datenverlustes verringert werden, der gro\u00dfe\u00a0 Auswirkungen auf den Umsatz und das Vertrauen der Kunden haben kann.\u201c<\/p>\n<h2>Sicherheit, Verantwortlichkeit, Reputation und Auswirkungen auf betroffene\u00a0 Unternehmen<\/h2>\n<p>Die wichtigsten Konsequenzen eines Datenverlustes bestehen laut den Befragten\u00a0 im Vertrauensverlust der Kunden (52 Prozent), dicht gefolgt von finanziellen\u00a0 Sch\u00e4den (49 Prozent). Obwohl die k\u00fcrzlich in Kraft getretene EUDatenschutzgrundverordnung\u00a0 (DSGVO) f\u00fcr viele eine hohe Priorit\u00e4t hat, wurden\u00a0 die aus ihr entstehenden Konsequenzen als deutlich weniger bedeutend eingestuft.\u00a0 Laut den Befragten h\u00e4tte ein sicherheitsrelevanter IoT-Vorfall unter anderem\u00a0 negative Auswirkungen auf folgende Bereiche:<\/p>\n<ul>\n<li>Kundenvertrauen (52 Prozent)<\/li>\n<li>Finanzielle Sch\u00e4den (49 Prozent)<\/li>\n<li>Verlust personenbezogener Daten (32 Prozent)<\/li>\n<li>Strafen durch Beh\u00f6rden (31 Prozent)<\/li>\n<li>Verst\u00f6\u00dfe gegen Datensicherheitsbestimmungen (28 Prozent)<\/li>\n<\/ul>\n<h2>Unternehmen investieren 2,5 Mio. USD pro Jahr ins Internet of Things<\/h2>\n<p>Datenverluste k\u00f6nnen gro\u00dfe Auswirkungen auf Gesch\u00e4ftsprozesse haben:\u00a0 Beispielsweise k\u00f6nnen sie die DSGVO-Konformit\u00e4t von Unternehmen in Gefahr\u00a0 bringen oder kritische Netzwerke lahmlegen. Die Untersuchung best\u00e4tigt, dass ITSicherheit\u00a0 nicht lediglich eine Fu\u00dfnote sein darf. Stattdessen muss sie von Anfang\u00a0 an eine Schl\u00fcsselrolle bei der Implementierung von IoT-Projekten und -Prozessen\u00a0 einnehmen.\u00a0 Udo Schneider dazu weiter: \u201eDie betr\u00e4chtlichen Investitionen in die Technologie\u00a0 zeigen, dass IoT-L\u00f6sungen viele Vorteile f\u00fcr Unternehmen bieten. IT-Sicherheit\u00a0 muss aber in das Design der L\u00f6sungen eingearbeitet sein und IT-Experten m\u00fcssen\u00a0 in den Entwicklungs- und Umsetzungsprozess einbezogen werden. Ansonsten\u00a0 k\u00f6nnen Sch\u00e4den auf Unternehmen zukommen, die die m\u00f6glichen Gewinne der\u00a0 Technologie bei weitem \u00fcbersteigen.\u201c\u00a0 Die Ergebnisse zeigen auch, dass derzeit stark in IoT-Technologien investiert\u00a0 wird: Unternehmen geben durchschnittlich 2,5 Millionen US-Dollar pro Jahr aus.\u00a0 Angesichts der betr\u00e4chtlichen finanziellen Aufwendungen und der gravierenden\u00a0 Auswirkungen, die ein Cyber-Angriff auf Unternehmen haben kann, sollte IT-Sicherheit\u00a0 priorisiert werden, um Risiken zu mindern.<\/p>\n<p><em>Quelle: <\/em><a href=\"http:\/\/www.trendmicro.ch\"><em>www.trendmicro.ch<\/em><\/a><\/p>\n<p>&nbsp;<\/p>\n","protected":false},"excerpt":{"rendered":"<p>Das japanische IT-Sicherheitsunternehmen Trend Micro hat die\u00a0 Ergebnisse einer weltweiten Umfrage zum Thema Internet der Dinge (Internet of\u00a0 Things, IoT) und dessen Absicherung ver\u00f6ffentlicht.\u00a0Daran\u00a0teil nahmen\u00a0\u00fcber 1.150 Entscheider aus IT und\u00a0 IT-Sicherheit. Sie wurden unter anderem zu get\u00e4tigten und geplanten\u00a0 Investitionen, Umsetzungsstrategien und technologischen Herausforderungen\u00a0 befragt. Sicherheit spielt im Internet of Things eine Nebenrolle Die wachsende [&hellip;]<\/p>\n","protected":false},"author":4,"featured_media":3989,"comment_status":"open","ping_status":"open","sticky":false,"template":"","format":"standard","meta":{"_acf_changed":false,"_yoast_wpseo_focuskw":"Internet of Things","_yoast_wpseo_metadesc":"Laut einer weltweiten Umfrage unter IT-Entscheidern sorgen sich die Befragten im Falle eines Cyberangriffs auf IoT-Anwendungen um das Vertrauen der Kunden.","articlekey":"","footnotes":""},"categories":[27],"tags":[142,260,282,286,459],"class_list":["post-3988","post","type-post","status-publish","format-standard","has-post-thumbnail","hentry","category-it","tag-cyber-crime","tag-ict-sicherheit","tag-internet-of-things","tag-it","tag-studie"],"acf":[],"yoast_head":"<!-- This site is optimized with the Yoast SEO plugin v27.5 - https:\/\/yoast.com\/product\/yoast-seo-wordpress\/ -->\n<title>Sicherheit im Internet of Things wird vernachl\u00e4ssigt - Organisator<\/title>\n<meta name=\"description\" content=\"Laut einer weltweiten Umfrage unter IT-Entscheidern sorgen sich die Befragten im Falle eines Cyberangriffs auf IoT-Anwendungen um das Vertrauen der Kunden.\" \/>\n<meta name=\"robots\" content=\"index, follow, max-snippet:-1, max-image-preview:large, max-video-preview:-1\" \/>\n<link rel=\"canonical\" href=\"https:\/\/www.organisator.ch\/de\/management\/it\/2018-07-30\/sicherheit-im-internet-of-things-wird-vernachlaessigt\/\" \/>\n<meta property=\"og:locale\" content=\"de_DE\" \/>\n<meta property=\"og:type\" content=\"article\" \/>\n<meta property=\"og:title\" content=\"Sicherheit im Internet of Things wird vernachl\u00e4ssigt\" \/>\n<meta property=\"og:description\" content=\"Laut einer weltweiten Umfrage unter IT-Entscheidern sorgen sich die Befragten im Falle eines Cyberangriffs auf #IoT-Anwendungen um das Vertrauen der Kunden.\" \/>\n<meta property=\"og:url\" content=\"https:\/\/www.organisator.ch\/de\/management\/it\/2018-07-30\/sicherheit-im-internet-of-things-wird-vernachlaessigt\/\" \/>\n<meta property=\"og:site_name\" content=\"Organisator\" \/>\n<meta property=\"article:publisher\" content=\"https:\/\/www.facebook.com\/OrganisatorFachmagazin\" \/>\n<meta property=\"article:published_time\" content=\"2018-07-30T14:07:09+00:00\" \/>\n<meta property=\"og:image\" content=\"https:\/\/www.organisator.ch\/wp-content\/uploads\/2018\/07\/Sicherheit-im-Internet-of-Things-wird-vernachlaessigt_Organisator.jpg\" \/>\n\t<meta property=\"og:image:width\" content=\"640\" \/>\n\t<meta property=\"og:image:height\" content=\"455\" \/>\n\t<meta property=\"og:image:type\" content=\"image\/jpeg\" \/>\n<meta name=\"author\" content=\"thomas.berner\" \/>\n<meta name=\"twitter:card\" content=\"summary_large_image\" \/>\n<meta name=\"twitter:title\" content=\"Sicherheit im Internet of Things #IoT wird vernachl\u00e4ssigt\" \/>\n<meta name=\"twitter:description\" content=\"Laut einer weltweiten Umfrage unter IT-Entscheidern sorgen sich die Befragten im Falle eines #Cyberangriffs auf #IoT-Anwendungen um das Vertrauen der Kunden.\" \/>\n<meta name=\"twitter:image\" content=\"https:\/\/www.organisator.ch\/wp-content\/uploads\/2018\/07\/Sicherheit-im-Internet-of-Things-wird-vernachl\u00e4ssigt_Organisator.jpg\" \/>\n<script type=\"application\/ld+json\" class=\"yoast-schema-graph\">{\"@context\":\"https:\\\/\\\/schema.org\",\"@graph\":[{\"@type\":\"Article\",\"@id\":\"https:\\\/\\\/www.organisator.ch\\\/management\\\/it\\\/2018-07-30\\\/sicherheit-im-internet-of-things-wird-vernachlaessigt\\\/#article\",\"isPartOf\":{\"@id\":\"https:\\\/\\\/www.organisator.ch\\\/management\\\/it\\\/2018-07-30\\\/sicherheit-im-internet-of-things-wird-vernachlaessigt\\\/\"},\"author\":{\"name\":\"thomas.berner\",\"@id\":\"https:\\\/\\\/www.organisator.ch\\\/#\\\/schema\\\/person\\\/6f650f90b2842cd4c0cc334b4e36f67e\"},\"headline\":\"Sicherheit im Internet of Things wird vernachl\u00e4ssigt\",\"datePublished\":\"2018-07-30T14:07:09+00:00\",\"mainEntityOfPage\":{\"@id\":\"https:\\\/\\\/www.organisator.ch\\\/management\\\/it\\\/2018-07-30\\\/sicherheit-im-internet-of-things-wird-vernachlaessigt\\\/\"},\"wordCount\":648,\"commentCount\":0,\"publisher\":{\"@id\":\"https:\\\/\\\/www.organisator.ch\\\/#organization\"},\"image\":{\"@id\":\"https:\\\/\\\/www.organisator.ch\\\/management\\\/it\\\/2018-07-30\\\/sicherheit-im-internet-of-things-wird-vernachlaessigt\\\/#primaryimage\"},\"thumbnailUrl\":\"https:\\\/\\\/www.organisator.ch\\\/wp-content\\\/uploads\\\/2018\\\/07\\\/Sicherheit-im-Internet-of-Things-wird-vernachlaessigt_Organisator.jpg\",\"keywords\":[\"Cyber-Crime\",\"ICT-Sicherheit\",\"Internet of Things\",\"IT\",\"Studie\"],\"articleSection\":[\"IT\"],\"inLanguage\":\"de\"},{\"@type\":\"WebPage\",\"@id\":\"https:\\\/\\\/www.organisator.ch\\\/management\\\/it\\\/2018-07-30\\\/sicherheit-im-internet-of-things-wird-vernachlaessigt\\\/\",\"url\":\"https:\\\/\\\/www.organisator.ch\\\/management\\\/it\\\/2018-07-30\\\/sicherheit-im-internet-of-things-wird-vernachlaessigt\\\/\",\"name\":\"Sicherheit im Internet of Things wird vernachl\u00e4ssigt - Organisator\",\"isPartOf\":{\"@id\":\"https:\\\/\\\/www.organisator.ch\\\/#website\"},\"primaryImageOfPage\":{\"@id\":\"https:\\\/\\\/www.organisator.ch\\\/management\\\/it\\\/2018-07-30\\\/sicherheit-im-internet-of-things-wird-vernachlaessigt\\\/#primaryimage\"},\"image\":{\"@id\":\"https:\\\/\\\/www.organisator.ch\\\/management\\\/it\\\/2018-07-30\\\/sicherheit-im-internet-of-things-wird-vernachlaessigt\\\/#primaryimage\"},\"thumbnailUrl\":\"https:\\\/\\\/www.organisator.ch\\\/wp-content\\\/uploads\\\/2018\\\/07\\\/Sicherheit-im-Internet-of-Things-wird-vernachlaessigt_Organisator.jpg\",\"datePublished\":\"2018-07-30T14:07:09+00:00\",\"description\":\"Laut einer weltweiten Umfrage unter IT-Entscheidern sorgen sich die Befragten im Falle eines Cyberangriffs auf IoT-Anwendungen um das Vertrauen der Kunden.\",\"breadcrumb\":{\"@id\":\"https:\\\/\\\/www.organisator.ch\\\/management\\\/it\\\/2018-07-30\\\/sicherheit-im-internet-of-things-wird-vernachlaessigt\\\/#breadcrumb\"},\"inLanguage\":\"de\",\"potentialAction\":[{\"@type\":\"ReadAction\",\"target\":[\"https:\\\/\\\/www.organisator.ch\\\/management\\\/it\\\/2018-07-30\\\/sicherheit-im-internet-of-things-wird-vernachlaessigt\\\/\"]}]},{\"@type\":\"ImageObject\",\"inLanguage\":\"de\",\"@id\":\"https:\\\/\\\/www.organisator.ch\\\/management\\\/it\\\/2018-07-30\\\/sicherheit-im-internet-of-things-wird-vernachlaessigt\\\/#primaryimage\",\"url\":\"https:\\\/\\\/www.organisator.ch\\\/wp-content\\\/uploads\\\/2018\\\/07\\\/Sicherheit-im-Internet-of-Things-wird-vernachlaessigt_Organisator.jpg\",\"contentUrl\":\"https:\\\/\\\/www.organisator.ch\\\/wp-content\\\/uploads\\\/2018\\\/07\\\/Sicherheit-im-Internet-of-Things-wird-vernachlaessigt_Organisator.jpg\",\"width\":640,\"height\":455,\"caption\":\"Trotz massiver Investitionen ins Internet of Things bleibt die Sicherheit noch allzu oft auf der Strecke. (Bild: NicoElNino - Fotolia.com)\"},{\"@type\":\"BreadcrumbList\",\"@id\":\"https:\\\/\\\/www.organisator.ch\\\/management\\\/it\\\/2018-07-30\\\/sicherheit-im-internet-of-things-wird-vernachlaessigt\\\/#breadcrumb\",\"itemListElement\":[{\"@type\":\"ListItem\",\"position\":1,\"name\":\"Home\",\"item\":\"https:\\\/\\\/www.organisator.ch\\\/\"},{\"@type\":\"ListItem\",\"position\":2,\"name\":\"Sicherheit im Internet of Things wird vernachl\u00e4ssigt\"}]},{\"@type\":\"WebSite\",\"@id\":\"https:\\\/\\\/www.organisator.ch\\\/#website\",\"url\":\"https:\\\/\\\/www.organisator.ch\\\/\",\"name\":\"Organisator\",\"description\":\"Kompetent. Praxisnah. Der ORGANISATOR bereitet in 10 Ausgaben pro Jahr die wesentlichen Themen f\u00fcr F\u00fchrungskr\u00e4fte von KMU auf.\",\"publisher\":{\"@id\":\"https:\\\/\\\/www.organisator.ch\\\/#organization\"},\"potentialAction\":[{\"@type\":\"SearchAction\",\"target\":{\"@type\":\"EntryPoint\",\"urlTemplate\":\"https:\\\/\\\/www.organisator.ch\\\/?s={search_term_string}\"},\"query-input\":{\"@type\":\"PropertyValueSpecification\",\"valueRequired\":true,\"valueName\":\"search_term_string\"}}],\"inLanguage\":\"de\"},{\"@type\":\"Organization\",\"@id\":\"https:\\\/\\\/www.organisator.ch\\\/#organization\",\"name\":\"Organisator\",\"url\":\"https:\\\/\\\/www.organisator.ch\\\/\",\"logo\":{\"@type\":\"ImageObject\",\"inLanguage\":\"de\",\"@id\":\"https:\\\/\\\/www.organisator.ch\\\/#\\\/schema\\\/logo\\\/image\\\/\",\"url\":\"https:\\\/\\\/www.organisator.ch\\\/wp-content\\\/uploads\\\/2022\\\/01\\\/Logo_Organisator_Website.png\",\"contentUrl\":\"https:\\\/\\\/www.organisator.ch\\\/wp-content\\\/uploads\\\/2022\\\/01\\\/Logo_Organisator_Website.png\",\"width\":800,\"height\":77,\"caption\":\"Organisator\"},\"image\":{\"@id\":\"https:\\\/\\\/www.organisator.ch\\\/#\\\/schema\\\/logo\\\/image\\\/\"},\"sameAs\":[\"https:\\\/\\\/www.facebook.com\\\/OrganisatorFachmagazin\",\"https:\\\/\\\/www.linkedin.com\\\/showcase\\\/organisator-das-magazin-fr-kmu\",\"https:\\\/\\\/www.xing.com\\\/news\\\/pages\\\/organisator-ch-695\",\"https:\\\/\\\/www.youtube.com\\\/channel\\\/UCGP2Sq0iWaZwT3BdIAQFYpw\"]},{\"@type\":\"Person\",\"@id\":\"https:\\\/\\\/www.organisator.ch\\\/#\\\/schema\\\/person\\\/6f650f90b2842cd4c0cc334b4e36f67e\",\"name\":\"thomas.berner\",\"image\":{\"@type\":\"ImageObject\",\"inLanguage\":\"de\",\"@id\":\"https:\\\/\\\/secure.gravatar.com\\\/avatar\\\/ac5001d2a36cb6c6cd3e50789007ffca834b477b74a2144564522e944eabff61?s=96&d=mm&r=g\",\"url\":\"https:\\\/\\\/secure.gravatar.com\\\/avatar\\\/ac5001d2a36cb6c6cd3e50789007ffca834b477b74a2144564522e944eabff61?s=96&d=mm&r=g\",\"contentUrl\":\"https:\\\/\\\/secure.gravatar.com\\\/avatar\\\/ac5001d2a36cb6c6cd3e50789007ffca834b477b74a2144564522e944eabff61?s=96&d=mm&r=g\",\"caption\":\"thomas.berner\"},\"url\":\"https:\\\/\\\/www.organisator.ch\\\/de\\\/author\\\/thomas-berner\\\/\"}]}<\/script>\n<!-- \/ Yoast SEO plugin. -->","yoast_head_json":{"title":"Sicherheit im Internet of Things wird vernachl\u00e4ssigt - Organisator","description":"Laut einer weltweiten Umfrage unter IT-Entscheidern sorgen sich die Befragten im Falle eines Cyberangriffs auf IoT-Anwendungen um das Vertrauen der Kunden.","robots":{"index":"index","follow":"follow","max-snippet":"max-snippet:-1","max-image-preview":"max-image-preview:large","max-video-preview":"max-video-preview:-1"},"canonical":"https:\/\/www.organisator.ch\/de\/management\/it\/2018-07-30\/sicherheit-im-internet-of-things-wird-vernachlaessigt\/","og_locale":"de_DE","og_type":"article","og_title":"Sicherheit im Internet of Things wird vernachl\u00e4ssigt","og_description":"Laut einer weltweiten Umfrage unter IT-Entscheidern sorgen sich die Befragten im Falle eines Cyberangriffs auf #IoT-Anwendungen um das Vertrauen der Kunden.","og_url":"https:\/\/www.organisator.ch\/de\/management\/it\/2018-07-30\/sicherheit-im-internet-of-things-wird-vernachlaessigt\/","og_site_name":"Organisator","article_publisher":"https:\/\/www.facebook.com\/OrganisatorFachmagazin","article_published_time":"2018-07-30T14:07:09+00:00","og_image":[{"width":640,"height":455,"url":"https:\/\/www.organisator.ch\/wp-content\/uploads\/2018\/07\/Sicherheit-im-Internet-of-Things-wird-vernachlaessigt_Organisator.jpg","type":"image\/jpeg"}],"author":"thomas.berner","twitter_card":"summary_large_image","twitter_title":"Sicherheit im Internet of Things #IoT wird vernachl\u00e4ssigt","twitter_description":"Laut einer weltweiten Umfrage unter IT-Entscheidern sorgen sich die Befragten im Falle eines #Cyberangriffs auf #IoT-Anwendungen um das Vertrauen der Kunden.","twitter_image":"https:\/\/www.organisator.ch\/wp-content\/uploads\/2018\/07\/Sicherheit-im-Internet-of-Things-wird-vernachl\u00e4ssigt_Organisator.jpg","schema":{"@context":"https:\/\/schema.org","@graph":[{"@type":"Article","@id":"https:\/\/www.organisator.ch\/management\/it\/2018-07-30\/sicherheit-im-internet-of-things-wird-vernachlaessigt\/#article","isPartOf":{"@id":"https:\/\/www.organisator.ch\/management\/it\/2018-07-30\/sicherheit-im-internet-of-things-wird-vernachlaessigt\/"},"author":{"name":"thomas.berner","@id":"https:\/\/www.organisator.ch\/#\/schema\/person\/6f650f90b2842cd4c0cc334b4e36f67e"},"headline":"Sicherheit im Internet of Things wird vernachl\u00e4ssigt","datePublished":"2018-07-30T14:07:09+00:00","mainEntityOfPage":{"@id":"https:\/\/www.organisator.ch\/management\/it\/2018-07-30\/sicherheit-im-internet-of-things-wird-vernachlaessigt\/"},"wordCount":648,"commentCount":0,"publisher":{"@id":"https:\/\/www.organisator.ch\/#organization"},"image":{"@id":"https:\/\/www.organisator.ch\/management\/it\/2018-07-30\/sicherheit-im-internet-of-things-wird-vernachlaessigt\/#primaryimage"},"thumbnailUrl":"https:\/\/www.organisator.ch\/wp-content\/uploads\/2018\/07\/Sicherheit-im-Internet-of-Things-wird-vernachlaessigt_Organisator.jpg","keywords":["Cyber-Crime","ICT-Sicherheit","Internet of Things","IT","Studie"],"articleSection":["IT"],"inLanguage":"de"},{"@type":"WebPage","@id":"https:\/\/www.organisator.ch\/management\/it\/2018-07-30\/sicherheit-im-internet-of-things-wird-vernachlaessigt\/","url":"https:\/\/www.organisator.ch\/management\/it\/2018-07-30\/sicherheit-im-internet-of-things-wird-vernachlaessigt\/","name":"Sicherheit im Internet of Things wird vernachl\u00e4ssigt - Organisator","isPartOf":{"@id":"https:\/\/www.organisator.ch\/#website"},"primaryImageOfPage":{"@id":"https:\/\/www.organisator.ch\/management\/it\/2018-07-30\/sicherheit-im-internet-of-things-wird-vernachlaessigt\/#primaryimage"},"image":{"@id":"https:\/\/www.organisator.ch\/management\/it\/2018-07-30\/sicherheit-im-internet-of-things-wird-vernachlaessigt\/#primaryimage"},"thumbnailUrl":"https:\/\/www.organisator.ch\/wp-content\/uploads\/2018\/07\/Sicherheit-im-Internet-of-Things-wird-vernachlaessigt_Organisator.jpg","datePublished":"2018-07-30T14:07:09+00:00","description":"Laut einer weltweiten Umfrage unter IT-Entscheidern sorgen sich die Befragten im Falle eines Cyberangriffs auf IoT-Anwendungen um das Vertrauen der Kunden.","breadcrumb":{"@id":"https:\/\/www.organisator.ch\/management\/it\/2018-07-30\/sicherheit-im-internet-of-things-wird-vernachlaessigt\/#breadcrumb"},"inLanguage":"de","potentialAction":[{"@type":"ReadAction","target":["https:\/\/www.organisator.ch\/management\/it\/2018-07-30\/sicherheit-im-internet-of-things-wird-vernachlaessigt\/"]}]},{"@type":"ImageObject","inLanguage":"de","@id":"https:\/\/www.organisator.ch\/management\/it\/2018-07-30\/sicherheit-im-internet-of-things-wird-vernachlaessigt\/#primaryimage","url":"https:\/\/www.organisator.ch\/wp-content\/uploads\/2018\/07\/Sicherheit-im-Internet-of-Things-wird-vernachlaessigt_Organisator.jpg","contentUrl":"https:\/\/www.organisator.ch\/wp-content\/uploads\/2018\/07\/Sicherheit-im-Internet-of-Things-wird-vernachlaessigt_Organisator.jpg","width":640,"height":455,"caption":"Trotz massiver Investitionen ins Internet of Things bleibt die Sicherheit noch allzu oft auf der Strecke. (Bild: NicoElNino - Fotolia.com)"},{"@type":"BreadcrumbList","@id":"https:\/\/www.organisator.ch\/management\/it\/2018-07-30\/sicherheit-im-internet-of-things-wird-vernachlaessigt\/#breadcrumb","itemListElement":[{"@type":"ListItem","position":1,"name":"Home","item":"https:\/\/www.organisator.ch\/"},{"@type":"ListItem","position":2,"name":"Sicherheit im Internet of Things wird vernachl\u00e4ssigt"}]},{"@type":"WebSite","@id":"https:\/\/www.organisator.ch\/#website","url":"https:\/\/www.organisator.ch\/","name":"Organisator","description":"Kompetent. Praxisnah. Der ORGANISATOR bereitet in 10 Ausgaben pro Jahr die wesentlichen Themen f\u00fcr F\u00fchrungskr\u00e4fte von KMU auf.","publisher":{"@id":"https:\/\/www.organisator.ch\/#organization"},"potentialAction":[{"@type":"SearchAction","target":{"@type":"EntryPoint","urlTemplate":"https:\/\/www.organisator.ch\/?s={search_term_string}"},"query-input":{"@type":"PropertyValueSpecification","valueRequired":true,"valueName":"search_term_string"}}],"inLanguage":"de"},{"@type":"Organization","@id":"https:\/\/www.organisator.ch\/#organization","name":"Organisator","url":"https:\/\/www.organisator.ch\/","logo":{"@type":"ImageObject","inLanguage":"de","@id":"https:\/\/www.organisator.ch\/#\/schema\/logo\/image\/","url":"https:\/\/www.organisator.ch\/wp-content\/uploads\/2022\/01\/Logo_Organisator_Website.png","contentUrl":"https:\/\/www.organisator.ch\/wp-content\/uploads\/2022\/01\/Logo_Organisator_Website.png","width":800,"height":77,"caption":"Organisator"},"image":{"@id":"https:\/\/www.organisator.ch\/#\/schema\/logo\/image\/"},"sameAs":["https:\/\/www.facebook.com\/OrganisatorFachmagazin","https:\/\/www.linkedin.com\/showcase\/organisator-das-magazin-fr-kmu","https:\/\/www.xing.com\/news\/pages\/organisator-ch-695","https:\/\/www.youtube.com\/channel\/UCGP2Sq0iWaZwT3BdIAQFYpw"]},{"@type":"Person","@id":"https:\/\/www.organisator.ch\/#\/schema\/person\/6f650f90b2842cd4c0cc334b4e36f67e","name":"thomas.berner","image":{"@type":"ImageObject","inLanguage":"de","@id":"https:\/\/secure.gravatar.com\/avatar\/ac5001d2a36cb6c6cd3e50789007ffca834b477b74a2144564522e944eabff61?s=96&d=mm&r=g","url":"https:\/\/secure.gravatar.com\/avatar\/ac5001d2a36cb6c6cd3e50789007ffca834b477b74a2144564522e944eabff61?s=96&d=mm&r=g","contentUrl":"https:\/\/secure.gravatar.com\/avatar\/ac5001d2a36cb6c6cd3e50789007ffca834b477b74a2144564522e944eabff61?s=96&d=mm&r=g","caption":"thomas.berner"},"url":"https:\/\/www.organisator.ch\/de\/author\/thomas-berner\/"}]}},"_links":{"self":[{"href":"https:\/\/www.organisator.ch\/de\/wp-json\/wp\/v2\/posts\/3988","targetHints":{"allow":["GET"]}}],"collection":[{"href":"https:\/\/www.organisator.ch\/de\/wp-json\/wp\/v2\/posts"}],"about":[{"href":"https:\/\/www.organisator.ch\/de\/wp-json\/wp\/v2\/types\/post"}],"author":[{"embeddable":true,"href":"https:\/\/www.organisator.ch\/de\/wp-json\/wp\/v2\/users\/4"}],"replies":[{"embeddable":true,"href":"https:\/\/www.organisator.ch\/de\/wp-json\/wp\/v2\/comments?post=3988"}],"version-history":[{"count":0,"href":"https:\/\/www.organisator.ch\/de\/wp-json\/wp\/v2\/posts\/3988\/revisions"}],"wp:featuredmedia":[{"embeddable":true,"href":"https:\/\/www.organisator.ch\/de\/wp-json\/wp\/v2\/media\/3989"}],"wp:attachment":[{"href":"https:\/\/www.organisator.ch\/de\/wp-json\/wp\/v2\/media?parent=3988"}],"wp:term":[{"taxonomy":"category","embeddable":true,"href":"https:\/\/www.organisator.ch\/de\/wp-json\/wp\/v2\/categories?post=3988"},{"taxonomy":"post_tag","embeddable":true,"href":"https:\/\/www.organisator.ch\/de\/wp-json\/wp\/v2\/tags?post=3988"}],"curies":[{"name":"wp","href":"https:\/\/api.w.org\/{rel}","templated":true}]}}