{"id":3990,"date":"2021-03-25T10:29:44","date_gmt":"2021-03-25T09:29:44","guid":{"rendered":"https:\/\/www.umweltperspektiven.ch\/?p=3990"},"modified":"2021-03-25T10:29:44","modified_gmt":"2021-03-25T09:29:44","slug":"green-business-switzerland-lanciert","status":"publish","type":"post","link":"https:\/\/www.organisator.ch\/de\/allgemein\/2021-03-25\/green-business-switzerland-lanciert\/","title":{"rendered":"\u00abGreen Business Switzerland\u00bb lanciert"},"content":{"rendered":"<figure id=\"attachment_3991\" aria-describedby=\"caption-attachment-3991\" style=\"width: 680px\" class=\"wp-caption aligncenter\"><img loading=\"lazy\" decoding=\"async\" class=\"size-medium wp-image-3991\" src=\"\/\/www.umweltperspektiven.ch\/wp-content\/uploads\/2021\/03\/Depositphotos_10123966_s-2019.jpg\" alt=\"\u00abGreen Business Switzerland\u00bb \" width=\"680\" height=\"482\" \/><figcaption id=\"caption-attachment-3991\" class=\"wp-caption-text\">\u00a9 Depositphotos, SergeyNivens<\/figcaption><\/figure>\n<p>\u00abGreen Business Switzerland\u00bb r\u00fccke den positiven Zusammenhang zwischen unternehmerischem Erfolg und nachhaltigem Handeln in den Fokus, denn die Wirtschaft m\u00fcsse Teil der L\u00f6sung sein, betonen die Organisatoren. Daf\u00fcr brauche es einen Bewusstseinswandel und Vorbilder, an denen sich ihre Entscheidungstr\u00e4ger orientieren k\u00f6nnten. \u00abGreen Business Switzerland\u00bb engagiere sich hierf\u00fcr mit verschiedenen Formaten. Hinter der Kooperation zentraler Akteure aus Wirtschaft und Umweltschutz stehen u.a. Economiesuisse, \u00d6bu, Pusch, Swissmem, die Schweizerische Umweltstiftung und der WWF Schweiz.<\/p>\n<p><strong>Nationales Barometer f\u00fcr den Nachhaltigkeitsimpact<\/strong><\/p>\n<p>Gemeinsam pr\u00e4sentieren die genannten Organisationen das \u00abGreen Business CEO Rating\u00bb der nachhaltigsten Schweizer CEOs. Dieses erscheine erstmals in der Juli-Ausgabe 2021 der \u00abBILANZ\u00bb sowie im Magazin \u00abPME\u00bb. Das Rating analysiere sowohl die Unternehmensleistung als auch den pers\u00f6nlichen Beitrag der CEOs mit Blick auf den gesellschaftlichen und \u00f6kologischen Impact. Im Fokus st\u00fcnden Unternehmen des SMI Expanded sowie die gr\u00f6ssten Schweizer Arbeitgeber. \u00abDas Green Business CEO Rating soll zum nationalen Barometer f\u00fcr den Nachhaltigkeitsimpact von Schweizer Wirtschaftsleadern werden und damit einen sichtbaren Anreiz f\u00fcr CEOs schaffen, nicht nur wirtschaftlich erfolgreich zu sein, sondern auch einen positiven Beitrag zur L\u00f6sung bedeutender gesellschaftlicher Probleme leisten\u00bb, sagt Mirjam Staub-Bisang, CEO Blackrock Switzerland, die als Jurypr\u00e4sidentin des Ratings amtet. Das \u00ab<a href=\"\/\/www.theibs.net\">Institute for Business Sustainability<\/a>\u00bb aus Luzern habe die zugrundeliegende wissenschaftliche Methodik speziell f\u00fcr dieses Rating entwickelt. Sie sei weltweit einzigartig in Tiefe und Aussagekraft, so die Organisatoren.<\/p>\n<p><strong>\u00abGreen Business Award\u00bb<\/strong><\/p>\n<p>Der \u00abUmweltpreis der Wirtschaft\u00bb unter dem Jurypr\u00e4sidium von Doris Leuthard wird neu zum <a href=\"\/\/umweltpreis.ch\/award\/\">\u00abGreen Business Award\u00bb<\/a>. Dieser pr\u00e4miert innovative Unternehmen, die \u00f6konomischen Erfolg mit \u00f6kologischem Impact verbinden. Ein einzigartiger Auswahlprozess \u00fcber nationale Wirtschaftsverb\u00e4nde und Umweltorganisationen garantiere, dass jedes Jahr die \u00fcberzeugendsten L\u00f6sungen aufgesp\u00fcrt werden, wie die Organisatoren wissen lassen. Die diesj\u00e4hrigen nominierten Firmen werden am 20. April 2021 ver\u00f6ffentlicht und die Finalisten werden am 2. Juli 2021 kommuniziert. Die Preisverleihung findet am 22. September am <a href=\"\/\/www.ce2.ch\">\u00abCE2 \u2013 Circular Economic Entrepreneurs\u00bb<\/a> statt \u2013 einer Konferenz des Swiss Economic Forums. Als Presenting Partner des \u00abGreen Business Award\u00bb engagiert sich laut Angaben die Schweizerische Post als Vorreiterin in ihrer Branche im Bereich der unternehmerischen Nachhaltigkeit.<\/p>\n<p>Die herausragendsten Leader aus Award und CEO-Rating w\u00fcrden in der \u00abGreen Business Community\u00bb vereint. Sie seien Pioniere und Signalgeberinnen des nachhaltigen Unternehmertums in der Schweiz. Im Rahmen von \u00abGreen Business Global\u00bb bringe \u00abGreen Business Switzerland\u00bb diese auf wichtige internationale Plattformen wie zum Beispiel \u00abBloomberg New Energy Pioneers\u00bb, heisst es abschliessend.<\/p>\n<p><em>Quelle: <a href=\"\/\/www.greenbusiness.ch\">Green Business Switzerland<\/a><\/em><\/p>\n","protected":false},"excerpt":{"rendered":"<p>\u00abGreen Business Switzerland\u00bb r\u00fccke den positiven Zusammenhang zwischen unternehmerischem Erfolg und nachhaltigem Handeln in den Fokus, denn die Wirtschaft m\u00fcsse Teil der L\u00f6sung sein, betonen die Organisatoren. Daf\u00fcr brauche es einen Bewusstseinswandel und Vorbilder, an denen sich ihre Entscheidungstr\u00e4ger orientieren k\u00f6nnten. \u00abGreen Business Switzerland\u00bb engagiere sich hierf\u00fcr mit verschiedenen Formaten. Hinter der Kooperation zentraler Akteure [&hellip;]<\/p>\n","protected":false},"author":6,"featured_media":9781,"comment_status":"closed","ping_status":"closed","sticky":false,"template":"","format":"standard","meta":{"_acf_changed":false,"_yoast_wpseo_focuskw":"\u00abGreen Business Switzerland\u00bb","_yoast_wpseo_metadesc":"Die Schweizerische Umweltstiftung und der Verein \u00abGo for Impact\u00bb lancieren \u00abGreen Business Switzerland\u00bb, die auch den \u00abGreen Business Award\u00bb verleiht.","articlekey":"","footnotes":""},"categories":[1],"tags":[901,905,1314,1791,2255,2588],"class_list":["post-3990","post","type-post","status-publish","format-standard","has-post-thumbnail","hentry","category-allgemein","tag-ce2-circular-economic-entrepreneurs","tag-ceo-rating","tag-green-business-award","tag-nachhaltigkeitsleader","tag-swiss-economic-forum","tag-www-greenbusiness-ch"],"acf":[],"yoast_head":"<!-- This site is optimized with the Yoast SEO plugin v27.5 - https:\/\/yoast.com\/product\/yoast-seo-wordpress\/ -->\n<title>\u00abGreen Business Switzerland\u00bb lanciert - Organisator<\/title>\n<meta name=\"description\" content=\"Die Schweizerische Umweltstiftung und der Verein \u00abGo for Impact\u00bb lancieren \u00abGreen Business Switzerland\u00bb, die auch den \u00abGreen Business Award\u00bb verleiht.\" \/>\n<meta name=\"robots\" content=\"index, follow, max-snippet:-1, max-image-preview:large, max-video-preview:-1\" \/>\n<link rel=\"canonical\" href=\"https:\/\/www.organisator.ch\/de\/allgemein\/2021-03-25\/green-business-switzerland-lanciert\/\" \/>\n<meta property=\"og:locale\" content=\"de_DE\" \/>\n<meta property=\"og:type\" content=\"article\" \/>\n<meta property=\"og:title\" content=\"\u00abGreen Business Switzerland\u00bb lanciert - Organisator\" \/>\n<meta property=\"og:description\" content=\"Die Schweizerische Umweltstiftung und der Verein \u00abGo for Impact\u00bb lancieren \u00abGreen Business Switzerland\u00bb, die auch den \u00abGreen Business Award\u00bb verleiht.\" \/>\n<meta property=\"og:url\" content=\"https:\/\/www.organisator.ch\/de\/allgemein\/2021-03-25\/green-business-switzerland-lanciert\/\" \/>\n<meta property=\"og:site_name\" content=\"Organisator\" \/>\n<meta property=\"article:publisher\" content=\"https:\/\/www.facebook.com\/OrganisatorFachmagazin\" \/>\n<meta property=\"article:published_time\" content=\"2021-03-25T09:29:44+00:00\" \/>\n<meta property=\"og:image\" content=\"https:\/\/www.organisator.ch\/wp-content\/uploads\/2021\/03\/Depositphotos_10123966_s-2019.jpg\" \/>\n\t<meta property=\"og:image:width\" content=\"806\" \/>\n\t<meta property=\"og:image:height\" content=\"571\" \/>\n\t<meta property=\"og:image:type\" content=\"image\/jpeg\" \/>\n<meta name=\"author\" content=\"roger.straessle\" \/>\n<meta name=\"twitter:card\" content=\"summary_large_image\" \/>\n<script type=\"application\/ld+json\" class=\"yoast-schema-graph\">{\"@context\":\"https:\\\/\\\/schema.org\",\"@graph\":[{\"@type\":\"Article\",\"@id\":\"https:\\\/\\\/www.organisator.ch\\\/en\\\/general\\\/2021-03-25\\\/green-business-switzerland-lanciert\\\/#article\",\"isPartOf\":{\"@id\":\"https:\\\/\\\/www.organisator.ch\\\/en\\\/general\\\/2021-03-25\\\/green-business-switzerland-lanciert\\\/\"},\"author\":{\"name\":\"roger.straessle\",\"@id\":\"https:\\\/\\\/www.organisator.ch\\\/#\\\/schema\\\/person\\\/a800b8c54e208b160517a7dcc323161d\"},\"headline\":\"\u00abGreen Business Switzerland\u00bb lanciert\",\"datePublished\":\"2021-03-25T09:29:44+00:00\",\"mainEntityOfPage\":{\"@id\":\"https:\\\/\\\/www.organisator.ch\\\/en\\\/general\\\/2021-03-25\\\/green-business-switzerland-lanciert\\\/\"},\"wordCount\":418,\"publisher\":{\"@id\":\"https:\\\/\\\/www.organisator.ch\\\/#organization\"},\"image\":{\"@id\":\"https:\\\/\\\/www.organisator.ch\\\/en\\\/general\\\/2021-03-25\\\/green-business-switzerland-lanciert\\\/#primaryimage\"},\"thumbnailUrl\":\"https:\\\/\\\/www.organisator.ch\\\/wp-content\\\/uploads\\\/2021\\\/03\\\/Depositphotos_10123966_s-2019.jpg\",\"keywords\":[\"CE2 \u2013 Circular Economic Entrepreneurs\",\"CEO-Rating\",\"Green Business Award\",\"Nachhaltigkeitsleader\",\"Swiss Economic Forum\",\"www.greenbusiness.ch\"],\"inLanguage\":\"de\"},{\"@type\":\"WebPage\",\"@id\":\"https:\\\/\\\/www.organisator.ch\\\/en\\\/general\\\/2021-03-25\\\/green-business-switzerland-lanciert\\\/\",\"url\":\"https:\\\/\\\/www.organisator.ch\\\/en\\\/general\\\/2021-03-25\\\/green-business-switzerland-lanciert\\\/\",\"name\":\"\u00abGreen Business Switzerland\u00bb lanciert - Organisator\",\"isPartOf\":{\"@id\":\"https:\\\/\\\/www.organisator.ch\\\/#website\"},\"primaryImageOfPage\":{\"@id\":\"https:\\\/\\\/www.organisator.ch\\\/en\\\/general\\\/2021-03-25\\\/green-business-switzerland-lanciert\\\/#primaryimage\"},\"image\":{\"@id\":\"https:\\\/\\\/www.organisator.ch\\\/en\\\/general\\\/2021-03-25\\\/green-business-switzerland-lanciert\\\/#primaryimage\"},\"thumbnailUrl\":\"https:\\\/\\\/www.organisator.ch\\\/wp-content\\\/uploads\\\/2021\\\/03\\\/Depositphotos_10123966_s-2019.jpg\",\"datePublished\":\"2021-03-25T09:29:44+00:00\",\"description\":\"Die Schweizerische Umweltstiftung und der Verein \u00abGo for Impact\u00bb lancieren \u00abGreen Business Switzerland\u00bb, die auch den \u00abGreen Business Award\u00bb verleiht.\",\"breadcrumb\":{\"@id\":\"https:\\\/\\\/www.organisator.ch\\\/en\\\/general\\\/2021-03-25\\\/green-business-switzerland-lanciert\\\/#breadcrumb\"},\"inLanguage\":\"de\",\"potentialAction\":[{\"@type\":\"ReadAction\",\"target\":[\"https:\\\/\\\/www.organisator.ch\\\/en\\\/general\\\/2021-03-25\\\/green-business-switzerland-lanciert\\\/\"]}]},{\"@type\":\"ImageObject\",\"inLanguage\":\"de\",\"@id\":\"https:\\\/\\\/www.organisator.ch\\\/en\\\/general\\\/2021-03-25\\\/green-business-switzerland-lanciert\\\/#primaryimage\",\"url\":\"https:\\\/\\\/www.organisator.ch\\\/wp-content\\\/uploads\\\/2021\\\/03\\\/Depositphotos_10123966_s-2019.jpg\",\"contentUrl\":\"https:\\\/\\\/www.organisator.ch\\\/wp-content\\\/uploads\\\/2021\\\/03\\\/Depositphotos_10123966_s-2019.jpg\",\"width\":806,\"height\":571,\"caption\":\"\u00a9 Depositphotos, SergeyNivens\"},{\"@type\":\"BreadcrumbList\",\"@id\":\"https:\\\/\\\/www.organisator.ch\\\/en\\\/general\\\/2021-03-25\\\/green-business-switzerland-lanciert\\\/#breadcrumb\",\"itemListElement\":[{\"@type\":\"ListItem\",\"position\":1,\"name\":\"Home\",\"item\":\"https:\\\/\\\/www.organisator.ch\\\/\"},{\"@type\":\"ListItem\",\"position\":2,\"name\":\"\u00abGreen Business Switzerland\u00bb lanciert\"}]},{\"@type\":\"WebSite\",\"@id\":\"https:\\\/\\\/www.organisator.ch\\\/#website\",\"url\":\"https:\\\/\\\/www.organisator.ch\\\/\",\"name\":\"Organisator\",\"description\":\"Kompetent. Praxisnah. Der ORGANISATOR bereitet in 10 Ausgaben pro Jahr die wesentlichen Themen f\u00fcr F\u00fchrungskr\u00e4fte von KMU auf.\",\"publisher\":{\"@id\":\"https:\\\/\\\/www.organisator.ch\\\/#organization\"},\"potentialAction\":[{\"@type\":\"SearchAction\",\"target\":{\"@type\":\"EntryPoint\",\"urlTemplate\":\"https:\\\/\\\/www.organisator.ch\\\/?s={search_term_string}\"},\"query-input\":{\"@type\":\"PropertyValueSpecification\",\"valueRequired\":true,\"valueName\":\"search_term_string\"}}],\"inLanguage\":\"de\"},{\"@type\":\"Organization\",\"@id\":\"https:\\\/\\\/www.organisator.ch\\\/#organization\",\"name\":\"Organisator\",\"url\":\"https:\\\/\\\/www.organisator.ch\\\/\",\"logo\":{\"@type\":\"ImageObject\",\"inLanguage\":\"de\",\"@id\":\"https:\\\/\\\/www.organisator.ch\\\/#\\\/schema\\\/logo\\\/image\\\/\",\"url\":\"https:\\\/\\\/www.organisator.ch\\\/wp-content\\\/uploads\\\/2022\\\/01\\\/Logo_Organisator_Website.png\",\"contentUrl\":\"https:\\\/\\\/www.organisator.ch\\\/wp-content\\\/uploads\\\/2022\\\/01\\\/Logo_Organisator_Website.png\",\"width\":800,\"height\":77,\"caption\":\"Organisator\"},\"image\":{\"@id\":\"https:\\\/\\\/www.organisator.ch\\\/#\\\/schema\\\/logo\\\/image\\\/\"},\"sameAs\":[\"https:\\\/\\\/www.facebook.com\\\/OrganisatorFachmagazin\",\"https:\\\/\\\/www.linkedin.com\\\/showcase\\\/organisator-das-magazin-fr-kmu\",\"https:\\\/\\\/www.xing.com\\\/news\\\/pages\\\/organisator-ch-695\",\"https:\\\/\\\/www.youtube.com\\\/channel\\\/UCGP2Sq0iWaZwT3BdIAQFYpw\"]},{\"@type\":\"Person\",\"@id\":\"https:\\\/\\\/www.organisator.ch\\\/#\\\/schema\\\/person\\\/a800b8c54e208b160517a7dcc323161d\",\"name\":\"roger.straessle\",\"image\":{\"@type\":\"ImageObject\",\"inLanguage\":\"de\",\"@id\":\"https:\\\/\\\/secure.gravatar.com\\\/avatar\\\/?s=96&d=mm&r=g\",\"url\":\"https:\\\/\\\/secure.gravatar.com\\\/avatar\\\/?s=96&d=mm&r=g\",\"contentUrl\":\"https:\\\/\\\/secure.gravatar.com\\\/avatar\\\/?s=96&d=mm&r=g\",\"caption\":\"roger.straessle\"},\"url\":\"https:\\\/\\\/www.organisator.ch\\\/de\\\/author\\\/roger-straessle\\\/\"}]}<\/script>\n<!-- \/ Yoast SEO plugin. -->","yoast_head_json":{"title":"\u00abGreen Business Switzerland\u00bb lanciert - Organisator","description":"Die Schweizerische Umweltstiftung und der Verein \u00abGo for Impact\u00bb lancieren \u00abGreen Business Switzerland\u00bb, die auch den \u00abGreen Business Award\u00bb verleiht.","robots":{"index":"index","follow":"follow","max-snippet":"max-snippet:-1","max-image-preview":"max-image-preview:large","max-video-preview":"max-video-preview:-1"},"canonical":"https:\/\/www.organisator.ch\/de\/allgemein\/2021-03-25\/green-business-switzerland-lanciert\/","og_locale":"de_DE","og_type":"article","og_title":"\u00abGreen Business Switzerland\u00bb lanciert - Organisator","og_description":"Die Schweizerische Umweltstiftung und der Verein \u00abGo for Impact\u00bb lancieren \u00abGreen Business Switzerland\u00bb, die auch den \u00abGreen Business Award\u00bb verleiht.","og_url":"https:\/\/www.organisator.ch\/de\/allgemein\/2021-03-25\/green-business-switzerland-lanciert\/","og_site_name":"Organisator","article_publisher":"https:\/\/www.facebook.com\/OrganisatorFachmagazin","article_published_time":"2021-03-25T09:29:44+00:00","og_image":[{"width":806,"height":571,"url":"https:\/\/www.organisator.ch\/wp-content\/uploads\/2021\/03\/Depositphotos_10123966_s-2019.jpg","type":"image\/jpeg"}],"author":"roger.straessle","twitter_card":"summary_large_image","schema":{"@context":"https:\/\/schema.org","@graph":[{"@type":"Article","@id":"https:\/\/www.organisator.ch\/en\/general\/2021-03-25\/green-business-switzerland-lanciert\/#article","isPartOf":{"@id":"https:\/\/www.organisator.ch\/en\/general\/2021-03-25\/green-business-switzerland-lanciert\/"},"author":{"name":"roger.straessle","@id":"https:\/\/www.organisator.ch\/#\/schema\/person\/a800b8c54e208b160517a7dcc323161d"},"headline":"\u00abGreen Business Switzerland\u00bb lanciert","datePublished":"2021-03-25T09:29:44+00:00","mainEntityOfPage":{"@id":"https:\/\/www.organisator.ch\/en\/general\/2021-03-25\/green-business-switzerland-lanciert\/"},"wordCount":418,"publisher":{"@id":"https:\/\/www.organisator.ch\/#organization"},"image":{"@id":"https:\/\/www.organisator.ch\/en\/general\/2021-03-25\/green-business-switzerland-lanciert\/#primaryimage"},"thumbnailUrl":"https:\/\/www.organisator.ch\/wp-content\/uploads\/2021\/03\/Depositphotos_10123966_s-2019.jpg","keywords":["CE2 \u2013 Circular Economic Entrepreneurs","CEO-Rating","Green Business Award","Nachhaltigkeitsleader","Swiss Economic Forum","www.greenbusiness.ch"],"inLanguage":"de"},{"@type":"WebPage","@id":"https:\/\/www.organisator.ch\/en\/general\/2021-03-25\/green-business-switzerland-lanciert\/","url":"https:\/\/www.organisator.ch\/en\/general\/2021-03-25\/green-business-switzerland-lanciert\/","name":"\u00abGreen Business Switzerland\u00bb lanciert - Organisator","isPartOf":{"@id":"https:\/\/www.organisator.ch\/#website"},"primaryImageOfPage":{"@id":"https:\/\/www.organisator.ch\/en\/general\/2021-03-25\/green-business-switzerland-lanciert\/#primaryimage"},"image":{"@id":"https:\/\/www.organisator.ch\/en\/general\/2021-03-25\/green-business-switzerland-lanciert\/#primaryimage"},"thumbnailUrl":"https:\/\/www.organisator.ch\/wp-content\/uploads\/2021\/03\/Depositphotos_10123966_s-2019.jpg","datePublished":"2021-03-25T09:29:44+00:00","description":"Die Schweizerische Umweltstiftung und der Verein \u00abGo for Impact\u00bb lancieren \u00abGreen Business Switzerland\u00bb, die auch den \u00abGreen Business Award\u00bb verleiht.","breadcrumb":{"@id":"https:\/\/www.organisator.ch\/en\/general\/2021-03-25\/green-business-switzerland-lanciert\/#breadcrumb"},"inLanguage":"de","potentialAction":[{"@type":"ReadAction","target":["https:\/\/www.organisator.ch\/en\/general\/2021-03-25\/green-business-switzerland-lanciert\/"]}]},{"@type":"ImageObject","inLanguage":"de","@id":"https:\/\/www.organisator.ch\/en\/general\/2021-03-25\/green-business-switzerland-lanciert\/#primaryimage","url":"https:\/\/www.organisator.ch\/wp-content\/uploads\/2021\/03\/Depositphotos_10123966_s-2019.jpg","contentUrl":"https:\/\/www.organisator.ch\/wp-content\/uploads\/2021\/03\/Depositphotos_10123966_s-2019.jpg","width":806,"height":571,"caption":"\u00a9 Depositphotos, SergeyNivens"},{"@type":"BreadcrumbList","@id":"https:\/\/www.organisator.ch\/en\/general\/2021-03-25\/green-business-switzerland-lanciert\/#breadcrumb","itemListElement":[{"@type":"ListItem","position":1,"name":"Home","item":"https:\/\/www.organisator.ch\/"},{"@type":"ListItem","position":2,"name":"\u00abGreen Business Switzerland\u00bb lanciert"}]},{"@type":"WebSite","@id":"https:\/\/www.organisator.ch\/#website","url":"https:\/\/www.organisator.ch\/","name":"Organisator","description":"Kompetent. Praxisnah. Der ORGANISATOR bereitet in 10 Ausgaben pro Jahr die wesentlichen Themen f\u00fcr F\u00fchrungskr\u00e4fte von KMU auf.","publisher":{"@id":"https:\/\/www.organisator.ch\/#organization"},"potentialAction":[{"@type":"SearchAction","target":{"@type":"EntryPoint","urlTemplate":"https:\/\/www.organisator.ch\/?s={search_term_string}"},"query-input":{"@type":"PropertyValueSpecification","valueRequired":true,"valueName":"search_term_string"}}],"inLanguage":"de"},{"@type":"Organization","@id":"https:\/\/www.organisator.ch\/#organization","name":"Organisator","url":"https:\/\/www.organisator.ch\/","logo":{"@type":"ImageObject","inLanguage":"de","@id":"https:\/\/www.organisator.ch\/#\/schema\/logo\/image\/","url":"https:\/\/www.organisator.ch\/wp-content\/uploads\/2022\/01\/Logo_Organisator_Website.png","contentUrl":"https:\/\/www.organisator.ch\/wp-content\/uploads\/2022\/01\/Logo_Organisator_Website.png","width":800,"height":77,"caption":"Organisator"},"image":{"@id":"https:\/\/www.organisator.ch\/#\/schema\/logo\/image\/"},"sameAs":["https:\/\/www.facebook.com\/OrganisatorFachmagazin","https:\/\/www.linkedin.com\/showcase\/organisator-das-magazin-fr-kmu","https:\/\/www.xing.com\/news\/pages\/organisator-ch-695","https:\/\/www.youtube.com\/channel\/UCGP2Sq0iWaZwT3BdIAQFYpw"]},{"@type":"Person","@id":"https:\/\/www.organisator.ch\/#\/schema\/person\/a800b8c54e208b160517a7dcc323161d","name":"roger.straessle","image":{"@type":"ImageObject","inLanguage":"de","@id":"https:\/\/secure.gravatar.com\/avatar\/?s=96&d=mm&r=g","url":"https:\/\/secure.gravatar.com\/avatar\/?s=96&d=mm&r=g","contentUrl":"https:\/\/secure.gravatar.com\/avatar\/?s=96&d=mm&r=g","caption":"roger.straessle"},"url":"https:\/\/www.organisator.ch\/de\/author\/roger-straessle\/"}]}},"_links":{"self":[{"href":"https:\/\/www.organisator.ch\/de\/wp-json\/wp\/v2\/posts\/3990","targetHints":{"allow":["GET"]}}],"collection":[{"href":"https:\/\/www.organisator.ch\/de\/wp-json\/wp\/v2\/posts"}],"about":[{"href":"https:\/\/www.organisator.ch\/de\/wp-json\/wp\/v2\/types\/post"}],"author":[{"embeddable":true,"href":"https:\/\/www.organisator.ch\/de\/wp-json\/wp\/v2\/users\/6"}],"replies":[{"embeddable":true,"href":"https:\/\/www.organisator.ch\/de\/wp-json\/wp\/v2\/comments?post=3990"}],"version-history":[{"count":0,"href":"https:\/\/www.organisator.ch\/de\/wp-json\/wp\/v2\/posts\/3990\/revisions"}],"wp:featuredmedia":[{"embeddable":true,"href":"https:\/\/www.organisator.ch\/de\/wp-json\/wp\/v2\/media\/9781"}],"wp:attachment":[{"href":"https:\/\/www.organisator.ch\/de\/wp-json\/wp\/v2\/media?parent=3990"}],"wp:term":[{"taxonomy":"category","embeddable":true,"href":"https:\/\/www.organisator.ch\/de\/wp-json\/wp\/v2\/categories?post=3990"},{"taxonomy":"post_tag","embeddable":true,"href":"https:\/\/www.organisator.ch\/de\/wp-json\/wp\/v2\/tags?post=3990"}],"curies":[{"name":"wp","href":"https:\/\/api.w.org\/{rel}","templated":true}]}}