{"id":39915,"date":"2025-08-27T05:26:04","date_gmt":"2025-08-27T03:26:04","guid":{"rendered":"https:\/\/www.organisator.ch\/de\/?p=39915"},"modified":"2025-08-15T15:29:37","modified_gmt":"2025-08-15T13:29:37","slug":"kmu-spezifische-weiterbildung","status":"publish","type":"post","link":"https:\/\/www.organisator.ch\/de\/weiterbildung\/2025-08-27\/kmu-spezifische-weiterbildung\/","title":{"rendered":"KMU-spezifische Weiterbildung"},"content":{"rendered":"<figure id=\"attachment_39914\" aria-describedby=\"caption-attachment-39914\" style=\"width: 680px\" class=\"wp-caption alignnone\"><img loading=\"lazy\" decoding=\"async\" class=\"size-medium wp-image-39914\" src=\"https:\/\/www.organisator.ch\/wp-content\/uploads\/2025\/08\/Weiterbildung_KMU-HSG_Bild_organisator_170367-680x405.jpg\" alt=\"Dr. Heike Heckelmann, verantwortlich f\u00fcr das Seminar \u00abKMU F\u00fchrungskompetenz\u00bb am KMU-Institut der Universit\u00e4t St. Gallen. \u00a9 zVg \/ Uni St. Gallen\" width=\"680\" height=\"405\" srcset=\"https:\/\/www.organisator.ch\/wp-content\/uploads\/2025\/08\/Weiterbildung_KMU-HSG_Bild_organisator_170367-680x405.jpg 680w, https:\/\/www.organisator.ch\/wp-content\/uploads\/2025\/08\/Weiterbildung_KMU-HSG_Bild_organisator_170367-768x457.jpg 768w, https:\/\/www.organisator.ch\/wp-content\/uploads\/2025\/08\/Weiterbildung_KMU-HSG_Bild_organisator_170367-18x12.jpg 18w, https:\/\/www.organisator.ch\/wp-content\/uploads\/2025\/08\/Weiterbildung_KMU-HSG_Bild_organisator_170367-375x223.jpg 375w, https:\/\/www.organisator.ch\/wp-content\/uploads\/2025\/08\/Weiterbildung_KMU-HSG_Bild_organisator_170367-588x350.jpg 588w, https:\/\/www.organisator.ch\/wp-content\/uploads\/2025\/08\/Weiterbildung_KMU-HSG_Bild_organisator_170367-1000x595.jpg 1000w, https:\/\/www.organisator.ch\/wp-content\/uploads\/2025\/08\/Weiterbildung_KMU-HSG_Bild_organisator_170367.jpg 1025w\" sizes=\"auto, (max-width: 680px) 100vw, 680px\" \/><figcaption id=\"caption-attachment-39914\" class=\"wp-caption-text\">Dr. Heike Heckelmann, verantwortlich f\u00fcr das Seminar \u00abKMU F\u00fchrungskompetenz\u00bb am KMU-Institut der Universit\u00e4t St. Gallen. \u00a9 zVg \/ Uni St. Gallen<\/figcaption><\/figure>\n<p>Das Seminar \u00abKMU F\u00fchrungskompetenz\u00bb hat sich den Claim \u00abWissen \u2013 Werkzeuge \u2013 Wirksames Verhalten\u00bb auf die Fahne geschrieben. Ziel ist es, praxisnahe Kompetenzen f\u00fcr die Umsetzung im F\u00fchrungsalltag zu vermitteln und zur Reflexion des eigenen F\u00fchrungsverhaltens anzuregen. Dadurch ist das Seminar f\u00fcr alle Personen mit F\u00fchrungsverantwortung geeignet: vom Young Professional in der Teamleitung bis zur erfahrenen F\u00fchrungspers\u00f6nlichkeit. Dieses Programm bietet Raum, um F\u00fchrungsimpulse f\u00fcr den Alltag zu erhalten, eigenes Wissen und individuelle Erfahrungen zu teilen, Kenntnisse aufzufrischen, das pers\u00f6nliche Verhalten zu reflektieren und (neue) Werkzeuge auszuprobieren.<\/p>\n<h3>Vielf\u00e4ltig geforderte KMU-F\u00fchrungskr\u00e4fte<\/h3>\n<p>KMU-F\u00fchrungskr\u00e4fte stehen aktuell vor vielf\u00e4ltigen Herausforderungen wie Digitalisierung, hybride Arbeitsmodelle, Gewinnung und Bindung von Mitarbeitenden oder der Schaffung eines Arbeitsumfelds, welches die Motivation und das Engagement f\u00f6rdert. Zus\u00e4tzlich m\u00fcssen F\u00fchrungskr\u00e4fte schnelle Entscheidungen unter Unsicherheit treffen und daf\u00fcr die eigenen F\u00e4higkeiten und Fertigkeiten kontinuierlich weiterentwickeln sowie neue F\u00e4higkeiten erlernen. Das Seminar greift diese Herausforderungen auf und unterst\u00fctzt mit Impulsen zu grundlegenden Themen der Unternehmens-, Selbst-, Mitarbeiter- und Teamf\u00fchrung sowie Kommunikation. Zus\u00e4tzlich gibt es Raum, um eigene, individuelle Themen und Herausforderungen aus dem F\u00fchrungsalltag zu besprechen und die Gruppe als Erfahrungsraum zu nutzen. Die Gruppengr\u00f6sse von maximal 20 Personen tr\u00e4gt zu einem vertrauensvollen Austausch bei. Das wird von den Teilnehmenden als besonders wertvoll empfunden.<\/p>\n<h3>KI wird bedarfsorientiert behandelt<\/h3>\n<p>K\u00fcnstliche Intelligenz wird im KMU-Umfeld immer wichtiger. KI, als Hilfsmittel f\u00fcr den F\u00fchrungsalltag, spielt in allen Seminarthemen eine Rolle und findet Raum nach Bedarf der Teilnehmenden: sei es, um z.B. Feedback- und Mitarbeitergespr\u00e4che vorzubereiten, Mails zu formulieren, Pr\u00e4sentationen vorzubereiten, Meetings zu dokumentieren oder Arbeitsprozesse zu erleichtern. Wichtiger als die jeweiligen KI-Tools sind dabei die grundlegenden Fragen danach, was mit dem Einsatz von KI erreicht werden soll (Zeiteinsparung, Ideenpool, Formulierungshilfe) und welche Verantwortung damit einhergeht.<\/p>\n<h3>Stetige Weiterentwicklung<\/h3>\n<p>Das Seminar KMU F\u00fchrungskompetenz ist mit dem gezielten Fokus auf das Thema Mitarbeiterf\u00fchrung Teil von vier \u00f6ffentlichen Programmen des KMU-HSG: den beiden General Management-Programmen, \u00abIntensivstudium f\u00fcr KMU (DAS)\u00bb und \u00abSt. Galler Managementseminar f\u00fcr KMU (CAS)\u00bb sowie dem Seminar \u00abKMU Leadership\u00bb f\u00fcr erfahrene F\u00fchrungspers\u00f6nlichkeiten auf oberster Kader-Ebene. Alle Seminare sind inhaltlich aufeinander abgestimmt und erg\u00e4nzen sich. Allen gemein ist die klare Ausrichtung auf F\u00fchrungspersonen in KMU \u2013 \u00fcber den gesamten Lebenszyklus im unternehmerischen Kontext hinweg. Aktuell entsteht ein neues Seminarangebot, das als Advanced-Format direkt an das Seminar \u00abKMU F\u00fchrungskompetenz\u00bb anschliesst und dieses mit Fokus auf die Entwicklung der F\u00fchrungspers\u00f6nlichkeit vertieft und erg\u00e4nzt.<\/p>\n<h3>Autorin<\/h3>\n<p><em>Dr. Heike Heckelmann ist seit 2019 Seminar- und Projektleiterin am KMU-Institut der Universit\u00e4t St. Gallen. In ihren Verantwortungsbereich fallen neben dem Seminar KMU F\u00fchrungskompetenz auch Inhouse-Programme bis Stufe CAS, Weiterbildungspartnerschaften f\u00fcr Unternehmen und das Themencluster Gesundheit. Zudem ist sie Systemischer Business Coach, Personalentwicklerin und akkreditierte Trainerin f\u00fcr das Team-Management-System (TMS).<\/em><\/p>\n<p><em><a href=\"http:\/\/www.kmu-hsg.ch\">www.kmu-hsg.ch<\/a><\/em><\/p>\n","protected":false},"excerpt":{"rendered":"<p>Das Schweizerische Institut f&#xFC;r KMU und Unternehmertum an der Universit&#xE4;t St. Gallen f&#xFC;hrt verschiedene Weiterbildungen durch,  die explizit auf die Bed&#xFC;rfnisse von KMU zugeschnitten sind. Ein Beispiel daf&#xFC;r ist das Seminar &#xAB;KMU F&#xFC;hrungskompetenz&#xBB;.<\/p>\n","protected":false},"author":1,"featured_media":39914,"comment_status":"closed","ping_status":"closed","sticky":false,"template":"","format":"standard","meta":{"_acf_changed":false,"_yoast_wpseo_focuskw":"KMU-spezifische Weiterbildung","_yoast_wpseo_metadesc":"Das Schweizerische Institut f\u00fcr KMU und Unternehmertum an der Universit\u00e4t St. Gallen bietet KMU-spezifische Weiterbildung an.","articlekey":"170366","footnotes":""},"categories":[578,30],"tags":[4101,5473,335],"class_list":["post-39915","post","type-post","status-publish","format-standard","has-post-thumbnail","hentry","category-abo","category-weiterbildung","tag-aus-und-weiterbildung","tag-kmu-hsg","tag-management-und-unternehmensfuehrung"],"acf":[],"yoast_head":"<!-- This site is optimized with the Yoast SEO plugin v27.4 - https:\/\/yoast.com\/product\/yoast-seo-wordpress\/ -->\n<title>KMU-spezifische Weiterbildung - Organisator<\/title>\n<meta name=\"description\" content=\"Das Schweizerische Institut f\u00fcr KMU und Unternehmertum an der Universit\u00e4t St. Gallen bietet KMU-spezifische Weiterbildung an.\" \/>\n<meta name=\"robots\" content=\"index, follow, max-snippet:-1, max-image-preview:large, max-video-preview:-1\" \/>\n<link rel=\"canonical\" href=\"https:\/\/www.organisator.ch\/de\/weiterbildung\/2025-08-27\/kmu-spezifische-weiterbildung\/\" \/>\n<meta property=\"og:locale\" content=\"de_DE\" \/>\n<meta property=\"og:type\" content=\"article\" \/>\n<meta property=\"og:title\" content=\"KMU-spezifische Weiterbildung - Organisator\" \/>\n<meta property=\"og:description\" content=\"Das Schweizerische Institut f\u00fcr KMU und Unternehmertum an der Universit\u00e4t St. Gallen bietet KMU-spezifische Weiterbildung an.\" \/>\n<meta property=\"og:url\" content=\"https:\/\/www.organisator.ch\/de\/weiterbildung\/2025-08-27\/kmu-spezifische-weiterbildung\/\" \/>\n<meta property=\"og:site_name\" content=\"Organisator\" \/>\n<meta property=\"article:publisher\" content=\"https:\/\/www.facebook.com\/OrganisatorFachmagazin\" \/>\n<meta property=\"article:published_time\" content=\"2025-08-27T03:26:04+00:00\" \/>\n<meta property=\"og:image\" content=\"https:\/\/www.organisator.ch\/wp-content\/uploads\/2025\/08\/Weiterbildung_KMU-HSG_Bild_organisator_170367.jpg\" \/>\n\t<meta property=\"og:image:width\" content=\"1025\" \/>\n\t<meta property=\"og:image:height\" content=\"610\" \/>\n\t<meta property=\"og:image:type\" content=\"image\/jpeg\" \/>\n<meta name=\"author\" content=\"admin\" \/>\n<meta name=\"twitter:card\" content=\"summary_large_image\" \/>\n<script type=\"application\/ld+json\" class=\"yoast-schema-graph\">{\"@context\":\"https:\\\/\\\/schema.org\",\"@graph\":[{\"@type\":\"Article\",\"@id\":\"https:\\\/\\\/www.organisator.ch\\\/weiterbildung\\\/2025-08-27\\\/kmu-spezifische-weiterbildung\\\/#article\",\"isPartOf\":{\"@id\":\"https:\\\/\\\/www.organisator.ch\\\/weiterbildung\\\/2025-08-27\\\/kmu-spezifische-weiterbildung\\\/\"},\"author\":{\"name\":\"admin\",\"@id\":\"https:\\\/\\\/www.organisator.ch\\\/#\\\/schema\\\/person\\\/aa2bace6c5c5aad60102004a50c4eb1c\"},\"headline\":\"KMU-spezifische Weiterbildung\",\"datePublished\":\"2025-08-27T03:26:04+00:00\",\"mainEntityOfPage\":{\"@id\":\"https:\\\/\\\/www.organisator.ch\\\/weiterbildung\\\/2025-08-27\\\/kmu-spezifische-weiterbildung\\\/\"},\"wordCount\":516,\"publisher\":{\"@id\":\"https:\\\/\\\/www.organisator.ch\\\/#organization\"},\"image\":{\"@id\":\"https:\\\/\\\/www.organisator.ch\\\/weiterbildung\\\/2025-08-27\\\/kmu-spezifische-weiterbildung\\\/#primaryimage\"},\"thumbnailUrl\":\"https:\\\/\\\/www.organisator.ch\\\/wp-content\\\/uploads\\\/2025\\\/08\\\/Weiterbildung_KMU-HSG_Bild_organisator_170367.jpg\",\"keywords\":[\"Aus- und Weiterbildung\",\"KMU-HSG\",\"Management und Unternehmensf\u00fchrung\"],\"articleSection\":[\"ABO+\",\"WEITERBILDUNG\"],\"inLanguage\":\"de\"},{\"@type\":\"WebPage\",\"@id\":\"https:\\\/\\\/www.organisator.ch\\\/weiterbildung\\\/2025-08-27\\\/kmu-spezifische-weiterbildung\\\/\",\"url\":\"https:\\\/\\\/www.organisator.ch\\\/weiterbildung\\\/2025-08-27\\\/kmu-spezifische-weiterbildung\\\/\",\"name\":\"KMU-spezifische Weiterbildung - Organisator\",\"isPartOf\":{\"@id\":\"https:\\\/\\\/www.organisator.ch\\\/#website\"},\"primaryImageOfPage\":{\"@id\":\"https:\\\/\\\/www.organisator.ch\\\/weiterbildung\\\/2025-08-27\\\/kmu-spezifische-weiterbildung\\\/#primaryimage\"},\"image\":{\"@id\":\"https:\\\/\\\/www.organisator.ch\\\/weiterbildung\\\/2025-08-27\\\/kmu-spezifische-weiterbildung\\\/#primaryimage\"},\"thumbnailUrl\":\"https:\\\/\\\/www.organisator.ch\\\/wp-content\\\/uploads\\\/2025\\\/08\\\/Weiterbildung_KMU-HSG_Bild_organisator_170367.jpg\",\"datePublished\":\"2025-08-27T03:26:04+00:00\",\"description\":\"Das Schweizerische Institut f\u00fcr KMU und Unternehmertum an der Universit\u00e4t St. Gallen bietet KMU-spezifische Weiterbildung an.\",\"breadcrumb\":{\"@id\":\"https:\\\/\\\/www.organisator.ch\\\/weiterbildung\\\/2025-08-27\\\/kmu-spezifische-weiterbildung\\\/#breadcrumb\"},\"inLanguage\":\"de\",\"potentialAction\":[{\"@type\":\"ReadAction\",\"target\":[\"https:\\\/\\\/www.organisator.ch\\\/weiterbildung\\\/2025-08-27\\\/kmu-spezifische-weiterbildung\\\/\"]}]},{\"@type\":\"ImageObject\",\"inLanguage\":\"de\",\"@id\":\"https:\\\/\\\/www.organisator.ch\\\/weiterbildung\\\/2025-08-27\\\/kmu-spezifische-weiterbildung\\\/#primaryimage\",\"url\":\"https:\\\/\\\/www.organisator.ch\\\/wp-content\\\/uploads\\\/2025\\\/08\\\/Weiterbildung_KMU-HSG_Bild_organisator_170367.jpg\",\"contentUrl\":\"https:\\\/\\\/www.organisator.ch\\\/wp-content\\\/uploads\\\/2025\\\/08\\\/Weiterbildung_KMU-HSG_Bild_organisator_170367.jpg\",\"width\":1025,\"height\":610,\"caption\":\"Dr. Heike Heckelmann, verantwortlich f\u00fcr das Seminar \u00abKMU F\u00fchrungskompetenz\u00bb am KMU-Institut der Universit\u00e4t St. Gallen. \u00a9 zVg \\\/ Uni St. Gallen\"},{\"@type\":\"BreadcrumbList\",\"@id\":\"https:\\\/\\\/www.organisator.ch\\\/weiterbildung\\\/2025-08-27\\\/kmu-spezifische-weiterbildung\\\/#breadcrumb\",\"itemListElement\":[{\"@type\":\"ListItem\",\"position\":1,\"name\":\"Home\",\"item\":\"https:\\\/\\\/www.organisator.ch\\\/\"},{\"@type\":\"ListItem\",\"position\":2,\"name\":\"KMU-spezifische Weiterbildung\"}]},{\"@type\":\"WebSite\",\"@id\":\"https:\\\/\\\/www.organisator.ch\\\/#website\",\"url\":\"https:\\\/\\\/www.organisator.ch\\\/\",\"name\":\"Organisator\",\"description\":\"Kompetent. Praxisnah. Der ORGANISATOR bereitet in 10 Ausgaben pro Jahr die wesentlichen Themen f\u00fcr F\u00fchrungskr\u00e4fte von KMU auf.\",\"publisher\":{\"@id\":\"https:\\\/\\\/www.organisator.ch\\\/#organization\"},\"potentialAction\":[{\"@type\":\"SearchAction\",\"target\":{\"@type\":\"EntryPoint\",\"urlTemplate\":\"https:\\\/\\\/www.organisator.ch\\\/?s={search_term_string}\"},\"query-input\":{\"@type\":\"PropertyValueSpecification\",\"valueRequired\":true,\"valueName\":\"search_term_string\"}}],\"inLanguage\":\"de\"},{\"@type\":\"Organization\",\"@id\":\"https:\\\/\\\/www.organisator.ch\\\/#organization\",\"name\":\"Organisator\",\"url\":\"https:\\\/\\\/www.organisator.ch\\\/\",\"logo\":{\"@type\":\"ImageObject\",\"inLanguage\":\"de\",\"@id\":\"https:\\\/\\\/www.organisator.ch\\\/#\\\/schema\\\/logo\\\/image\\\/\",\"url\":\"https:\\\/\\\/www.organisator.ch\\\/wp-content\\\/uploads\\\/2022\\\/01\\\/Logo_Organisator_Website.png\",\"contentUrl\":\"https:\\\/\\\/www.organisator.ch\\\/wp-content\\\/uploads\\\/2022\\\/01\\\/Logo_Organisator_Website.png\",\"width\":800,\"height\":77,\"caption\":\"Organisator\"},\"image\":{\"@id\":\"https:\\\/\\\/www.organisator.ch\\\/#\\\/schema\\\/logo\\\/image\\\/\"},\"sameAs\":[\"https:\\\/\\\/www.facebook.com\\\/OrganisatorFachmagazin\",\"https:\\\/\\\/www.linkedin.com\\\/showcase\\\/organisator-das-magazin-fr-kmu\",\"https:\\\/\\\/www.xing.com\\\/news\\\/pages\\\/organisator-ch-695\",\"https:\\\/\\\/www.youtube.com\\\/channel\\\/UCGP2Sq0iWaZwT3BdIAQFYpw\"]},{\"@type\":\"Person\",\"@id\":\"https:\\\/\\\/www.organisator.ch\\\/#\\\/schema\\\/person\\\/aa2bace6c5c5aad60102004a50c4eb1c\",\"name\":\"admin\",\"image\":{\"@type\":\"ImageObject\",\"inLanguage\":\"de\",\"@id\":\"https:\\\/\\\/secure.gravatar.com\\\/avatar\\\/ae2f4d718e6c49043e314ce431e7e645d646302a24a5ef5a8bc8e3f5a032e319?s=96&d=mm&r=g\",\"url\":\"https:\\\/\\\/secure.gravatar.com\\\/avatar\\\/ae2f4d718e6c49043e314ce431e7e645d646302a24a5ef5a8bc8e3f5a032e319?s=96&d=mm&r=g\",\"contentUrl\":\"https:\\\/\\\/secure.gravatar.com\\\/avatar\\\/ae2f4d718e6c49043e314ce431e7e645d646302a24a5ef5a8bc8e3f5a032e319?s=96&d=mm&r=g\",\"caption\":\"admin\"},\"sameAs\":[\"https:\\\/\\\/www.organisator.ch\"],\"url\":\"https:\\\/\\\/www.organisator.ch\\\/de\\\/author\\\/admin\\\/\"}]}<\/script>\n<!-- \/ Yoast SEO plugin. -->","yoast_head_json":{"title":"KMU-spezifische Weiterbildung - Organisator","description":"Das Schweizerische Institut f\u00fcr KMU und Unternehmertum an der Universit\u00e4t St. Gallen bietet KMU-spezifische Weiterbildung an.","robots":{"index":"index","follow":"follow","max-snippet":"max-snippet:-1","max-image-preview":"max-image-preview:large","max-video-preview":"max-video-preview:-1"},"canonical":"https:\/\/www.organisator.ch\/de\/weiterbildung\/2025-08-27\/kmu-spezifische-weiterbildung\/","og_locale":"de_DE","og_type":"article","og_title":"KMU-spezifische Weiterbildung - Organisator","og_description":"Das Schweizerische Institut f\u00fcr KMU und Unternehmertum an der Universit\u00e4t St. Gallen bietet KMU-spezifische Weiterbildung an.","og_url":"https:\/\/www.organisator.ch\/de\/weiterbildung\/2025-08-27\/kmu-spezifische-weiterbildung\/","og_site_name":"Organisator","article_publisher":"https:\/\/www.facebook.com\/OrganisatorFachmagazin","article_published_time":"2025-08-27T03:26:04+00:00","og_image":[{"width":1025,"height":610,"url":"https:\/\/www.organisator.ch\/wp-content\/uploads\/2025\/08\/Weiterbildung_KMU-HSG_Bild_organisator_170367.jpg","type":"image\/jpeg"}],"author":"admin","twitter_card":"summary_large_image","schema":{"@context":"https:\/\/schema.org","@graph":[{"@type":"Article","@id":"https:\/\/www.organisator.ch\/weiterbildung\/2025-08-27\/kmu-spezifische-weiterbildung\/#article","isPartOf":{"@id":"https:\/\/www.organisator.ch\/weiterbildung\/2025-08-27\/kmu-spezifische-weiterbildung\/"},"author":{"name":"admin","@id":"https:\/\/www.organisator.ch\/#\/schema\/person\/aa2bace6c5c5aad60102004a50c4eb1c"},"headline":"KMU-spezifische Weiterbildung","datePublished":"2025-08-27T03:26:04+00:00","mainEntityOfPage":{"@id":"https:\/\/www.organisator.ch\/weiterbildung\/2025-08-27\/kmu-spezifische-weiterbildung\/"},"wordCount":516,"publisher":{"@id":"https:\/\/www.organisator.ch\/#organization"},"image":{"@id":"https:\/\/www.organisator.ch\/weiterbildung\/2025-08-27\/kmu-spezifische-weiterbildung\/#primaryimage"},"thumbnailUrl":"https:\/\/www.organisator.ch\/wp-content\/uploads\/2025\/08\/Weiterbildung_KMU-HSG_Bild_organisator_170367.jpg","keywords":["Aus- und Weiterbildung","KMU-HSG","Management und Unternehmensf\u00fchrung"],"articleSection":["ABO+","WEITERBILDUNG"],"inLanguage":"de"},{"@type":"WebPage","@id":"https:\/\/www.organisator.ch\/weiterbildung\/2025-08-27\/kmu-spezifische-weiterbildung\/","url":"https:\/\/www.organisator.ch\/weiterbildung\/2025-08-27\/kmu-spezifische-weiterbildung\/","name":"KMU-spezifische Weiterbildung - Organisator","isPartOf":{"@id":"https:\/\/www.organisator.ch\/#website"},"primaryImageOfPage":{"@id":"https:\/\/www.organisator.ch\/weiterbildung\/2025-08-27\/kmu-spezifische-weiterbildung\/#primaryimage"},"image":{"@id":"https:\/\/www.organisator.ch\/weiterbildung\/2025-08-27\/kmu-spezifische-weiterbildung\/#primaryimage"},"thumbnailUrl":"https:\/\/www.organisator.ch\/wp-content\/uploads\/2025\/08\/Weiterbildung_KMU-HSG_Bild_organisator_170367.jpg","datePublished":"2025-08-27T03:26:04+00:00","description":"Das Schweizerische Institut f\u00fcr KMU und Unternehmertum an der Universit\u00e4t St. Gallen bietet KMU-spezifische Weiterbildung an.","breadcrumb":{"@id":"https:\/\/www.organisator.ch\/weiterbildung\/2025-08-27\/kmu-spezifische-weiterbildung\/#breadcrumb"},"inLanguage":"de","potentialAction":[{"@type":"ReadAction","target":["https:\/\/www.organisator.ch\/weiterbildung\/2025-08-27\/kmu-spezifische-weiterbildung\/"]}]},{"@type":"ImageObject","inLanguage":"de","@id":"https:\/\/www.organisator.ch\/weiterbildung\/2025-08-27\/kmu-spezifische-weiterbildung\/#primaryimage","url":"https:\/\/www.organisator.ch\/wp-content\/uploads\/2025\/08\/Weiterbildung_KMU-HSG_Bild_organisator_170367.jpg","contentUrl":"https:\/\/www.organisator.ch\/wp-content\/uploads\/2025\/08\/Weiterbildung_KMU-HSG_Bild_organisator_170367.jpg","width":1025,"height":610,"caption":"Dr. Heike Heckelmann, verantwortlich f\u00fcr das Seminar \u00abKMU F\u00fchrungskompetenz\u00bb am KMU-Institut der Universit\u00e4t St. Gallen. \u00a9 zVg \/ Uni St. Gallen"},{"@type":"BreadcrumbList","@id":"https:\/\/www.organisator.ch\/weiterbildung\/2025-08-27\/kmu-spezifische-weiterbildung\/#breadcrumb","itemListElement":[{"@type":"ListItem","position":1,"name":"Home","item":"https:\/\/www.organisator.ch\/"},{"@type":"ListItem","position":2,"name":"KMU-spezifische Weiterbildung"}]},{"@type":"WebSite","@id":"https:\/\/www.organisator.ch\/#website","url":"https:\/\/www.organisator.ch\/","name":"Organisator","description":"Kompetent. Praxisnah. Der ORGANISATOR bereitet in 10 Ausgaben pro Jahr die wesentlichen Themen f\u00fcr F\u00fchrungskr\u00e4fte von KMU auf.","publisher":{"@id":"https:\/\/www.organisator.ch\/#organization"},"potentialAction":[{"@type":"SearchAction","target":{"@type":"EntryPoint","urlTemplate":"https:\/\/www.organisator.ch\/?s={search_term_string}"},"query-input":{"@type":"PropertyValueSpecification","valueRequired":true,"valueName":"search_term_string"}}],"inLanguage":"de"},{"@type":"Organization","@id":"https:\/\/www.organisator.ch\/#organization","name":"Organisator","url":"https:\/\/www.organisator.ch\/","logo":{"@type":"ImageObject","inLanguage":"de","@id":"https:\/\/www.organisator.ch\/#\/schema\/logo\/image\/","url":"https:\/\/www.organisator.ch\/wp-content\/uploads\/2022\/01\/Logo_Organisator_Website.png","contentUrl":"https:\/\/www.organisator.ch\/wp-content\/uploads\/2022\/01\/Logo_Organisator_Website.png","width":800,"height":77,"caption":"Organisator"},"image":{"@id":"https:\/\/www.organisator.ch\/#\/schema\/logo\/image\/"},"sameAs":["https:\/\/www.facebook.com\/OrganisatorFachmagazin","https:\/\/www.linkedin.com\/showcase\/organisator-das-magazin-fr-kmu","https:\/\/www.xing.com\/news\/pages\/organisator-ch-695","https:\/\/www.youtube.com\/channel\/UCGP2Sq0iWaZwT3BdIAQFYpw"]},{"@type":"Person","@id":"https:\/\/www.organisator.ch\/#\/schema\/person\/aa2bace6c5c5aad60102004a50c4eb1c","name":"admin","image":{"@type":"ImageObject","inLanguage":"de","@id":"https:\/\/secure.gravatar.com\/avatar\/ae2f4d718e6c49043e314ce431e7e645d646302a24a5ef5a8bc8e3f5a032e319?s=96&d=mm&r=g","url":"https:\/\/secure.gravatar.com\/avatar\/ae2f4d718e6c49043e314ce431e7e645d646302a24a5ef5a8bc8e3f5a032e319?s=96&d=mm&r=g","contentUrl":"https:\/\/secure.gravatar.com\/avatar\/ae2f4d718e6c49043e314ce431e7e645d646302a24a5ef5a8bc8e3f5a032e319?s=96&d=mm&r=g","caption":"admin"},"sameAs":["https:\/\/www.organisator.ch"],"url":"https:\/\/www.organisator.ch\/de\/author\/admin\/"}]}},"_links":{"self":[{"href":"https:\/\/www.organisator.ch\/de\/wp-json\/wp\/v2\/posts\/39915","targetHints":{"allow":["GET"]}}],"collection":[{"href":"https:\/\/www.organisator.ch\/de\/wp-json\/wp\/v2\/posts"}],"about":[{"href":"https:\/\/www.organisator.ch\/de\/wp-json\/wp\/v2\/types\/post"}],"author":[{"embeddable":true,"href":"https:\/\/www.organisator.ch\/de\/wp-json\/wp\/v2\/users\/1"}],"replies":[{"embeddable":true,"href":"https:\/\/www.organisator.ch\/de\/wp-json\/wp\/v2\/comments?post=39915"}],"version-history":[{"count":2,"href":"https:\/\/www.organisator.ch\/de\/wp-json\/wp\/v2\/posts\/39915\/revisions"}],"predecessor-version":[{"id":39936,"href":"https:\/\/www.organisator.ch\/de\/wp-json\/wp\/v2\/posts\/39915\/revisions\/39936"}],"wp:featuredmedia":[{"embeddable":true,"href":"https:\/\/www.organisator.ch\/de\/wp-json\/wp\/v2\/media\/39914"}],"wp:attachment":[{"href":"https:\/\/www.organisator.ch\/de\/wp-json\/wp\/v2\/media?parent=39915"}],"wp:term":[{"taxonomy":"category","embeddable":true,"href":"https:\/\/www.organisator.ch\/de\/wp-json\/wp\/v2\/categories?post=39915"},{"taxonomy":"post_tag","embeddable":true,"href":"https:\/\/www.organisator.ch\/de\/wp-json\/wp\/v2\/tags?post=39915"}],"curies":[{"name":"wp","href":"https:\/\/api.w.org\/{rel}","templated":true}]}}