{"id":39945,"date":"2025-08-18T08:11:11","date_gmt":"2025-08-18T06:11:11","guid":{"rendered":"https:\/\/www.m-q.ch\/?p=21827"},"modified":"2025-08-18T08:35:00","modified_gmt":"2025-08-18T06:35:00","slug":"tagung-chemikaliensicherheit-und-explosionsschutz-wo-fehlts","status":"publish","type":"post","link":"https:\/\/www.organisator.ch\/de\/operational-excellence\/2025-08-18\/tagung-chemikaliensicherheit-und-explosionsschutz-wo-fehlts\/","title":{"rendered":"Tagung: \u00abChemikaliensicherheit und Explosionsschutz: Wo fehlt\u2019s?\u00bb"},"content":{"rendered":"<figure id=\"attachment_21828\" class=\"wp-caption alignnone\" style=\"width: 680px;\" aria-describedby=\"caption-attachment-21828\"><img class=\"size-full wp-image-21828\" src=\"https:\/\/www.m-q.ch\/wp-content\/uploads\/2025\/08\/Tagung-Chemikaliensicherheit-und-Explosionsschutz-Wo-fehlts_MQ.jpg\" sizes=\"(max-width: 680px) 100vw, 680px\" srcset=\"https:\/\/www.m-q.ch\/wp-content\/uploads\/2025\/08\/Tagung-Chemikaliensicherheit-und-Explosionsschutz-Wo-fehlts_MQ.jpg 680w, https:\/\/www.m-q.ch\/wp-content\/uploads\/2025\/08\/Tagung-Chemikaliensicherheit-und-Explosionsschutz-Wo-fehlts_MQ-18x10.jpg 18w, https:\/\/www.m-q.ch\/wp-content\/uploads\/2025\/08\/Tagung-Chemikaliensicherheit-und-Explosionsschutz-Wo-fehlts_MQ-375x211.jpg 375w, https:\/\/www.m-q.ch\/wp-content\/uploads\/2025\/08\/Tagung-Chemikaliensicherheit-und-Explosionsschutz-Wo-fehlts_MQ-621x350.jpg 621w\" alt=\"\" width=\"680\" height=\"383\" \/>\r\n<figcaption id=\"caption-attachment-21828\" class=\"wp-caption-text\">Diverse Fachspezialistinnen und -spezialisten referieren am 6. November 2025 \u00fcber Chemikaliensicherheit und Explosionsschutz. (Bild: zVg \/ SAVE AG)<\/figcaption>\r\n<\/figure>\r\n<p>Der fachgerechte Umgang mit brennbaren, \u00e4tzenden, giftigen oder explosionsf\u00e4higen Stoffen ist essenziell, um Risiken f\u00fcr Menschen, Umwelt und Sachwerte zu minimieren. Die gesetzlichen Vorgaben sind umfangreich \u2013 doch in der Praxis stellen sich viele Fragen: Wie kann L\u00f6schwasserr\u00fcckhalt effizient umgesetzt werden? Was ist bei einem Chemikalienunfall im Betrieb zu tun? Welche Auswirkungen hat das Verbot oder der Ersatz bestimmter Stoffe? Und wie bleibt Know-how trotz Personalwechsel im Betrieb erhalten? All dies f\u00fchrt zu Herausforderungen f\u00fcr chemikalienverarbeitende Betriebe, Projektverantwortliche sowie Vollzugsbeh\u00f6rden und Versicherer.<\/p>\r\n<p>Oft geht vorhandenes Know-how durch Personalwechsel verloren, was zu neuen Sicherheitsl\u00fccken f\u00fchren kann. Es ist daher zwingend erforderlich, den vorschrifts- und sachgem\u00e4ssen Umgang mit Chemikalien im Betrieb sowie die Sicherheitsmassnahmen regelm\u00e4ssig zu \u00fcberpr\u00fcfen und mit fundiertem Wissen den neuen Gegebenheiten anzupassen. Mit einem praxisnahen Programm gehen die Referate den obigen und weiteren Fragen auf den Grund. Expertinnen und Experten aus dem Vollzug, aus Planung und Anwendung vermitteln aktuelles Wissen, zeigen L\u00f6sungsans\u00e4tze auf und beleuchten h\u00e4ufige Schwachstellen im Betriebsalltag. Konkrete Handlungsempfehlungen f\u00fcr die Anpassungen des Sicherheitssystems in Betrieben, wo mit Chemikalien gearbeitet wird und Explosionsgefahren bestehen, sind in Aussicht gestellt.<\/p>\r\n<p>Die Tagung bringt die verschiedenen Akteure zusammen und f\u00f6rdert den fundierten Austausch unter Fachpersonen mit \u00e4hnlichen Fragen und Aufgaben.<\/p>\r\n<p><em>Weitere Informationen und Anmeldung: <a href=\"https:\/\/save.ch\/event\/chemikaliensicherheit-2025\/\">https:\/\/save.ch\/event\/chemikaliensicherheit-2025\/<\/a><\/em><\/p>\n<p class=\"syndicated-attribution\">Dieser Beitrag erschien urspr\u00fcnglich auf m-q.ch - <a href=\"https:\/\/www.m-q.ch\/de\/tagung-chemikaliensicherheit-und-explosionsschutz-wo-fehlts\/\" target=\"_blank\">https:\/\/www.m-q.ch\/de\/tagung-chemikaliensicherheit-und-explosionsschutz-wo-fehlts\/<\/a><\/p>","protected":false},"excerpt":{"rendered":"<p>Die Tagung \u00abChemikaliensicherheit und Explosionsschutz: Wo fehlt\u2019s?\u00bb widmet sich am 6. November 2025 den wachsenden Herausforderungen im Umgang mit Gefahrstoffen in Industrie und Gewerbe. Angesichts zunehmender gesetzlicher Anforderungen, technischer Entwicklungen und organisatorischer Ver\u00e4nderungen wird der sachgem\u00e4sse und sichere Umgang mit Chemikalien zur immer komplexeren Aufgabe f\u00fcr Unternehmen.<\/p>\n","protected":false},"author":8,"featured_media":0,"comment_status":"closed","ping_status":"closed","sticky":false,"template":"","format":"standard","meta":{"_acf_changed":false,"_yoast_wpseo_focuskw":"Chemikaliensicherheit","_yoast_wpseo_metadesc":"Die Tagung \u00abChemikaliensicherheit und Explosionsschutz: Wo fehlt\u2019s?\u00bb widmet sich am 6. November 2025 dem Umgang mit Gefahrstoffen.","articlekey":"","footnotes":""},"categories":[582],"tags":[62,5475,1150,2934,418],"class_list":["post-39945","post","type-post","status-publish","format-standard","hentry","category-operational-excellence","tag-aus-weiterbildung","tag-chemikaliensicherheit","tag-fachtagung","tag-gefahrstoffe","tag-risikomanagement"],"acf":[],"yoast_head":"<!-- This site is optimized with the Yoast SEO plugin v27.5 - https:\/\/yoast.com\/product\/yoast-seo-wordpress\/ -->\n<title>Tagung: \u00abChemikaliensicherheit und Explosionsschutz: Wo fehlt\u2019s?\u00bb - Organisator<\/title>\n<meta name=\"description\" content=\"Die Tagung \u00abChemikaliensicherheit und Explosionsschutz: Wo fehlt\u2019s?\u00bb widmet sich am 6. November 2025 dem Umgang mit Gefahrstoffen.\" \/>\n<meta name=\"robots\" content=\"index, follow, max-snippet:-1, max-image-preview:large, max-video-preview:-1\" \/>\n<link rel=\"canonical\" href=\"https:\/\/www.organisator.ch\/de\/operational-excellence\/2025-08-18\/tagung-chemikaliensicherheit-und-explosionsschutz-wo-fehlts\/\" \/>\n<meta property=\"og:locale\" content=\"de_DE\" \/>\n<meta property=\"og:type\" content=\"article\" \/>\n<meta property=\"og:title\" content=\"Tagung: \u00abChemikaliensicherheit und Explosionsschutz: Wo fehlt\u2019s?\u00bb - Organisator\" \/>\n<meta property=\"og:description\" content=\"Die Tagung \u00abChemikaliensicherheit und Explosionsschutz: Wo fehlt\u2019s?\u00bb widmet sich am 6. November 2025 dem Umgang mit Gefahrstoffen.\" \/>\n<meta property=\"og:url\" content=\"https:\/\/www.organisator.ch\/de\/operational-excellence\/2025-08-18\/tagung-chemikaliensicherheit-und-explosionsschutz-wo-fehlts\/\" \/>\n<meta property=\"og:site_name\" content=\"Organisator\" \/>\n<meta property=\"article:publisher\" content=\"https:\/\/www.facebook.com\/OrganisatorFachmagazin\" \/>\n<meta property=\"article:published_time\" content=\"2025-08-18T06:11:11+00:00\" \/>\n<meta property=\"article:modified_time\" content=\"2025-08-18T06:35:00+00:00\" \/>\n<meta property=\"og:image\" content=\"https:\/\/www.organisator.ch\/wp-content\/uploads\/2023\/09\/IT-Logix-eroeffnet-Standort-in-Basel_Organisator.jpg\" \/>\n\t<meta property=\"og:image:width\" content=\"680\" \/>\n\t<meta property=\"og:image:height\" content=\"555\" \/>\n\t<meta property=\"og:image:type\" content=\"image\/jpeg\" \/>\n<meta name=\"author\" content=\"galledia\" \/>\n<meta name=\"twitter:card\" content=\"summary_large_image\" \/>\n<meta name=\"twitter:creator\" content=\"@admin\" \/>\n<script type=\"application\/ld+json\" class=\"yoast-schema-graph\">{\"@context\":\"https:\\\/\\\/schema.org\",\"@graph\":[{\"@type\":\"Article\",\"@id\":\"https:\\\/\\\/www.organisator.ch\\\/operational-excellence\\\/2025-08-18\\\/tagung-chemikaliensicherheit-und-explosionsschutz-wo-fehlts\\\/#article\",\"isPartOf\":{\"@id\":\"https:\\\/\\\/www.organisator.ch\\\/operational-excellence\\\/2025-08-18\\\/tagung-chemikaliensicherheit-und-explosionsschutz-wo-fehlts\\\/\"},\"author\":{\"name\":\"galledia\",\"@id\":\"https:\\\/\\\/www.organisator.ch\\\/#\\\/schema\\\/person\\\/4e51799071cd2dd1232ac003643ef5f0\"},\"headline\":\"Tagung: \u00abChemikaliensicherheit und Explosionsschutz: Wo fehlt\u2019s?\u00bb\",\"datePublished\":\"2025-08-18T06:11:11+00:00\",\"dateModified\":\"2025-08-18T06:35:00+00:00\",\"mainEntityOfPage\":{\"@id\":\"https:\\\/\\\/www.organisator.ch\\\/operational-excellence\\\/2025-08-18\\\/tagung-chemikaliensicherheit-und-explosionsschutz-wo-fehlts\\\/\"},\"wordCount\":247,\"publisher\":{\"@id\":\"https:\\\/\\\/www.organisator.ch\\\/#organization\"},\"image\":{\"@id\":\"https:\\\/\\\/www.organisator.ch\\\/operational-excellence\\\/2025-08-18\\\/tagung-chemikaliensicherheit-und-explosionsschutz-wo-fehlts\\\/#primaryimage\"},\"thumbnailUrl\":\"https:\\\/\\\/www.m-q.ch\\\/wp-content\\\/uploads\\\/2025\\\/08\\\/Tagung-Chemikaliensicherheit-und-Explosionsschutz-Wo-fehlts_MQ.jpg\",\"keywords\":[\"Aus-\\\/Weiterbildung\",\"Chemikaliensicherheit\",\"Fachtagung\",\"Gefahrstoffe\",\"Risikomanagement\"],\"articleSection\":[\"OPERATIONAL EXCELLENCE\"],\"inLanguage\":\"de\"},{\"@type\":\"WebPage\",\"@id\":\"https:\\\/\\\/www.organisator.ch\\\/operational-excellence\\\/2025-08-18\\\/tagung-chemikaliensicherheit-und-explosionsschutz-wo-fehlts\\\/\",\"url\":\"https:\\\/\\\/www.organisator.ch\\\/operational-excellence\\\/2025-08-18\\\/tagung-chemikaliensicherheit-und-explosionsschutz-wo-fehlts\\\/\",\"name\":\"Tagung: \u00abChemikaliensicherheit und Explosionsschutz: Wo fehlt\u2019s?\u00bb - Organisator\",\"isPartOf\":{\"@id\":\"https:\\\/\\\/www.organisator.ch\\\/#website\"},\"primaryImageOfPage\":{\"@id\":\"https:\\\/\\\/www.organisator.ch\\\/operational-excellence\\\/2025-08-18\\\/tagung-chemikaliensicherheit-und-explosionsschutz-wo-fehlts\\\/#primaryimage\"},\"image\":{\"@id\":\"https:\\\/\\\/www.organisator.ch\\\/operational-excellence\\\/2025-08-18\\\/tagung-chemikaliensicherheit-und-explosionsschutz-wo-fehlts\\\/#primaryimage\"},\"thumbnailUrl\":\"https:\\\/\\\/www.m-q.ch\\\/wp-content\\\/uploads\\\/2025\\\/08\\\/Tagung-Chemikaliensicherheit-und-Explosionsschutz-Wo-fehlts_MQ.jpg\",\"datePublished\":\"2025-08-18T06:11:11+00:00\",\"dateModified\":\"2025-08-18T06:35:00+00:00\",\"description\":\"Die Tagung \u00abChemikaliensicherheit und Explosionsschutz: Wo fehlt\u2019s?\u00bb widmet sich am 6. November 2025 dem Umgang mit Gefahrstoffen.\",\"breadcrumb\":{\"@id\":\"https:\\\/\\\/www.organisator.ch\\\/operational-excellence\\\/2025-08-18\\\/tagung-chemikaliensicherheit-und-explosionsschutz-wo-fehlts\\\/#breadcrumb\"},\"inLanguage\":\"de\",\"potentialAction\":[{\"@type\":\"ReadAction\",\"target\":[\"https:\\\/\\\/www.organisator.ch\\\/operational-excellence\\\/2025-08-18\\\/tagung-chemikaliensicherheit-und-explosionsschutz-wo-fehlts\\\/\"]}]},{\"@type\":\"ImageObject\",\"inLanguage\":\"de\",\"@id\":\"https:\\\/\\\/www.organisator.ch\\\/operational-excellence\\\/2025-08-18\\\/tagung-chemikaliensicherheit-und-explosionsschutz-wo-fehlts\\\/#primaryimage\",\"url\":\"https:\\\/\\\/www.m-q.ch\\\/wp-content\\\/uploads\\\/2025\\\/08\\\/Tagung-Chemikaliensicherheit-und-Explosionsschutz-Wo-fehlts_MQ.jpg\",\"contentUrl\":\"https:\\\/\\\/www.m-q.ch\\\/wp-content\\\/uploads\\\/2025\\\/08\\\/Tagung-Chemikaliensicherheit-und-Explosionsschutz-Wo-fehlts_MQ.jpg\"},{\"@type\":\"BreadcrumbList\",\"@id\":\"https:\\\/\\\/www.organisator.ch\\\/operational-excellence\\\/2025-08-18\\\/tagung-chemikaliensicherheit-und-explosionsschutz-wo-fehlts\\\/#breadcrumb\",\"itemListElement\":[{\"@type\":\"ListItem\",\"position\":1,\"name\":\"Home\",\"item\":\"https:\\\/\\\/www.organisator.ch\\\/\"},{\"@type\":\"ListItem\",\"position\":2,\"name\":\"Tagung: \u00abChemikaliensicherheit und Explosionsschutz: Wo fehlt\u2019s?\u00bb\"}]},{\"@type\":\"WebSite\",\"@id\":\"https:\\\/\\\/www.organisator.ch\\\/#website\",\"url\":\"https:\\\/\\\/www.organisator.ch\\\/\",\"name\":\"Organisator\",\"description\":\"Kompetent. Praxisnah. Der ORGANISATOR bereitet in 10 Ausgaben pro Jahr die wesentlichen Themen f\u00fcr F\u00fchrungskr\u00e4fte von KMU auf.\",\"publisher\":{\"@id\":\"https:\\\/\\\/www.organisator.ch\\\/#organization\"},\"potentialAction\":[{\"@type\":\"SearchAction\",\"target\":{\"@type\":\"EntryPoint\",\"urlTemplate\":\"https:\\\/\\\/www.organisator.ch\\\/?s={search_term_string}\"},\"query-input\":{\"@type\":\"PropertyValueSpecification\",\"valueRequired\":true,\"valueName\":\"search_term_string\"}}],\"inLanguage\":\"de\"},{\"@type\":\"Organization\",\"@id\":\"https:\\\/\\\/www.organisator.ch\\\/#organization\",\"name\":\"Organisator\",\"url\":\"https:\\\/\\\/www.organisator.ch\\\/\",\"logo\":{\"@type\":\"ImageObject\",\"inLanguage\":\"de\",\"@id\":\"https:\\\/\\\/www.organisator.ch\\\/#\\\/schema\\\/logo\\\/image\\\/\",\"url\":\"https:\\\/\\\/www.organisator.ch\\\/wp-content\\\/uploads\\\/2022\\\/01\\\/Logo_Organisator_Website.png\",\"contentUrl\":\"https:\\\/\\\/www.organisator.ch\\\/wp-content\\\/uploads\\\/2022\\\/01\\\/Logo_Organisator_Website.png\",\"width\":800,\"height\":77,\"caption\":\"Organisator\"},\"image\":{\"@id\":\"https:\\\/\\\/www.organisator.ch\\\/#\\\/schema\\\/logo\\\/image\\\/\"},\"sameAs\":[\"https:\\\/\\\/www.facebook.com\\\/OrganisatorFachmagazin\",\"https:\\\/\\\/www.linkedin.com\\\/showcase\\\/organisator-das-magazin-fr-kmu\",\"https:\\\/\\\/www.xing.com\\\/news\\\/pages\\\/organisator-ch-695\",\"https:\\\/\\\/www.youtube.com\\\/channel\\\/UCGP2Sq0iWaZwT3BdIAQFYpw\"]},{\"@type\":\"Person\",\"@id\":\"https:\\\/\\\/www.organisator.ch\\\/#\\\/schema\\\/person\\\/4e51799071cd2dd1232ac003643ef5f0\",\"name\":\"galledia\",\"image\":{\"@type\":\"ImageObject\",\"inLanguage\":\"de\",\"@id\":\"https:\\\/\\\/secure.gravatar.com\\\/avatar\\\/78a7f90c01fc2bfc875782a0d4922b37cde2cf184ce347b91316d23cd7f69a36?s=96&d=mm&r=g\",\"url\":\"https:\\\/\\\/secure.gravatar.com\\\/avatar\\\/78a7f90c01fc2bfc875782a0d4922b37cde2cf184ce347b91316d23cd7f69a36?s=96&d=mm&r=g\",\"contentUrl\":\"https:\\\/\\\/secure.gravatar.com\\\/avatar\\\/78a7f90c01fc2bfc875782a0d4922b37cde2cf184ce347b91316d23cd7f69a36?s=96&d=mm&r=g\",\"caption\":\"galledia\"},\"sameAs\":[\"https:\\\/\\\/x.com\\\/admin\"],\"url\":\"https:\\\/\\\/www.organisator.ch\\\/de\\\/author\\\/galledia\\\/\"}]}<\/script>\n<!-- \/ Yoast SEO plugin. -->","yoast_head_json":{"title":"Tagung: \u00abChemikaliensicherheit und Explosionsschutz: Wo fehlt\u2019s?\u00bb - Organisator","description":"Die Tagung \u00abChemikaliensicherheit und Explosionsschutz: Wo fehlt\u2019s?\u00bb widmet sich am 6. November 2025 dem Umgang mit Gefahrstoffen.","robots":{"index":"index","follow":"follow","max-snippet":"max-snippet:-1","max-image-preview":"max-image-preview:large","max-video-preview":"max-video-preview:-1"},"canonical":"https:\/\/www.organisator.ch\/de\/operational-excellence\/2025-08-18\/tagung-chemikaliensicherheit-und-explosionsschutz-wo-fehlts\/","og_locale":"de_DE","og_type":"article","og_title":"Tagung: \u00abChemikaliensicherheit und Explosionsschutz: Wo fehlt\u2019s?\u00bb - Organisator","og_description":"Die Tagung \u00abChemikaliensicherheit und Explosionsschutz: Wo fehlt\u2019s?\u00bb widmet sich am 6. November 2025 dem Umgang mit Gefahrstoffen.","og_url":"https:\/\/www.organisator.ch\/de\/operational-excellence\/2025-08-18\/tagung-chemikaliensicherheit-und-explosionsschutz-wo-fehlts\/","og_site_name":"Organisator","article_publisher":"https:\/\/www.facebook.com\/OrganisatorFachmagazin","article_published_time":"2025-08-18T06:11:11+00:00","article_modified_time":"2025-08-18T06:35:00+00:00","og_image":[{"width":680,"height":555,"url":"https:\/\/www.organisator.ch\/wp-content\/uploads\/2023\/09\/IT-Logix-eroeffnet-Standort-in-Basel_Organisator.jpg","type":"image\/jpeg"}],"author":"galledia","twitter_card":"summary_large_image","twitter_creator":"@admin","schema":{"@context":"https:\/\/schema.org","@graph":[{"@type":"Article","@id":"https:\/\/www.organisator.ch\/operational-excellence\/2025-08-18\/tagung-chemikaliensicherheit-und-explosionsschutz-wo-fehlts\/#article","isPartOf":{"@id":"https:\/\/www.organisator.ch\/operational-excellence\/2025-08-18\/tagung-chemikaliensicherheit-und-explosionsschutz-wo-fehlts\/"},"author":{"name":"galledia","@id":"https:\/\/www.organisator.ch\/#\/schema\/person\/4e51799071cd2dd1232ac003643ef5f0"},"headline":"Tagung: \u00abChemikaliensicherheit und Explosionsschutz: Wo fehlt\u2019s?\u00bb","datePublished":"2025-08-18T06:11:11+00:00","dateModified":"2025-08-18T06:35:00+00:00","mainEntityOfPage":{"@id":"https:\/\/www.organisator.ch\/operational-excellence\/2025-08-18\/tagung-chemikaliensicherheit-und-explosionsschutz-wo-fehlts\/"},"wordCount":247,"publisher":{"@id":"https:\/\/www.organisator.ch\/#organization"},"image":{"@id":"https:\/\/www.organisator.ch\/operational-excellence\/2025-08-18\/tagung-chemikaliensicherheit-und-explosionsschutz-wo-fehlts\/#primaryimage"},"thumbnailUrl":"https:\/\/www.m-q.ch\/wp-content\/uploads\/2025\/08\/Tagung-Chemikaliensicherheit-und-Explosionsschutz-Wo-fehlts_MQ.jpg","keywords":["Aus-\/Weiterbildung","Chemikaliensicherheit","Fachtagung","Gefahrstoffe","Risikomanagement"],"articleSection":["OPERATIONAL EXCELLENCE"],"inLanguage":"de"},{"@type":"WebPage","@id":"https:\/\/www.organisator.ch\/operational-excellence\/2025-08-18\/tagung-chemikaliensicherheit-und-explosionsschutz-wo-fehlts\/","url":"https:\/\/www.organisator.ch\/operational-excellence\/2025-08-18\/tagung-chemikaliensicherheit-und-explosionsschutz-wo-fehlts\/","name":"Tagung: \u00abChemikaliensicherheit und Explosionsschutz: Wo fehlt\u2019s?\u00bb - Organisator","isPartOf":{"@id":"https:\/\/www.organisator.ch\/#website"},"primaryImageOfPage":{"@id":"https:\/\/www.organisator.ch\/operational-excellence\/2025-08-18\/tagung-chemikaliensicherheit-und-explosionsschutz-wo-fehlts\/#primaryimage"},"image":{"@id":"https:\/\/www.organisator.ch\/operational-excellence\/2025-08-18\/tagung-chemikaliensicherheit-und-explosionsschutz-wo-fehlts\/#primaryimage"},"thumbnailUrl":"https:\/\/www.m-q.ch\/wp-content\/uploads\/2025\/08\/Tagung-Chemikaliensicherheit-und-Explosionsschutz-Wo-fehlts_MQ.jpg","datePublished":"2025-08-18T06:11:11+00:00","dateModified":"2025-08-18T06:35:00+00:00","description":"Die Tagung \u00abChemikaliensicherheit und Explosionsschutz: Wo fehlt\u2019s?\u00bb widmet sich am 6. November 2025 dem Umgang mit Gefahrstoffen.","breadcrumb":{"@id":"https:\/\/www.organisator.ch\/operational-excellence\/2025-08-18\/tagung-chemikaliensicherheit-und-explosionsschutz-wo-fehlts\/#breadcrumb"},"inLanguage":"de","potentialAction":[{"@type":"ReadAction","target":["https:\/\/www.organisator.ch\/operational-excellence\/2025-08-18\/tagung-chemikaliensicherheit-und-explosionsschutz-wo-fehlts\/"]}]},{"@type":"ImageObject","inLanguage":"de","@id":"https:\/\/www.organisator.ch\/operational-excellence\/2025-08-18\/tagung-chemikaliensicherheit-und-explosionsschutz-wo-fehlts\/#primaryimage","url":"https:\/\/www.m-q.ch\/wp-content\/uploads\/2025\/08\/Tagung-Chemikaliensicherheit-und-Explosionsschutz-Wo-fehlts_MQ.jpg","contentUrl":"https:\/\/www.m-q.ch\/wp-content\/uploads\/2025\/08\/Tagung-Chemikaliensicherheit-und-Explosionsschutz-Wo-fehlts_MQ.jpg"},{"@type":"BreadcrumbList","@id":"https:\/\/www.organisator.ch\/operational-excellence\/2025-08-18\/tagung-chemikaliensicherheit-und-explosionsschutz-wo-fehlts\/#breadcrumb","itemListElement":[{"@type":"ListItem","position":1,"name":"Home","item":"https:\/\/www.organisator.ch\/"},{"@type":"ListItem","position":2,"name":"Tagung: \u00abChemikaliensicherheit und Explosionsschutz: Wo fehlt\u2019s?\u00bb"}]},{"@type":"WebSite","@id":"https:\/\/www.organisator.ch\/#website","url":"https:\/\/www.organisator.ch\/","name":"Organisator","description":"Kompetent. Praxisnah. Der ORGANISATOR bereitet in 10 Ausgaben pro Jahr die wesentlichen Themen f\u00fcr F\u00fchrungskr\u00e4fte von KMU auf.","publisher":{"@id":"https:\/\/www.organisator.ch\/#organization"},"potentialAction":[{"@type":"SearchAction","target":{"@type":"EntryPoint","urlTemplate":"https:\/\/www.organisator.ch\/?s={search_term_string}"},"query-input":{"@type":"PropertyValueSpecification","valueRequired":true,"valueName":"search_term_string"}}],"inLanguage":"de"},{"@type":"Organization","@id":"https:\/\/www.organisator.ch\/#organization","name":"Organisator","url":"https:\/\/www.organisator.ch\/","logo":{"@type":"ImageObject","inLanguage":"de","@id":"https:\/\/www.organisator.ch\/#\/schema\/logo\/image\/","url":"https:\/\/www.organisator.ch\/wp-content\/uploads\/2022\/01\/Logo_Organisator_Website.png","contentUrl":"https:\/\/www.organisator.ch\/wp-content\/uploads\/2022\/01\/Logo_Organisator_Website.png","width":800,"height":77,"caption":"Organisator"},"image":{"@id":"https:\/\/www.organisator.ch\/#\/schema\/logo\/image\/"},"sameAs":["https:\/\/www.facebook.com\/OrganisatorFachmagazin","https:\/\/www.linkedin.com\/showcase\/organisator-das-magazin-fr-kmu","https:\/\/www.xing.com\/news\/pages\/organisator-ch-695","https:\/\/www.youtube.com\/channel\/UCGP2Sq0iWaZwT3BdIAQFYpw"]},{"@type":"Person","@id":"https:\/\/www.organisator.ch\/#\/schema\/person\/4e51799071cd2dd1232ac003643ef5f0","name":"galledia","image":{"@type":"ImageObject","inLanguage":"de","@id":"https:\/\/secure.gravatar.com\/avatar\/78a7f90c01fc2bfc875782a0d4922b37cde2cf184ce347b91316d23cd7f69a36?s=96&d=mm&r=g","url":"https:\/\/secure.gravatar.com\/avatar\/78a7f90c01fc2bfc875782a0d4922b37cde2cf184ce347b91316d23cd7f69a36?s=96&d=mm&r=g","contentUrl":"https:\/\/secure.gravatar.com\/avatar\/78a7f90c01fc2bfc875782a0d4922b37cde2cf184ce347b91316d23cd7f69a36?s=96&d=mm&r=g","caption":"galledia"},"sameAs":["https:\/\/x.com\/admin"],"url":"https:\/\/www.organisator.ch\/de\/author\/galledia\/"}]}},"_links":{"self":[{"href":"https:\/\/www.organisator.ch\/de\/wp-json\/wp\/v2\/posts\/39945","targetHints":{"allow":["GET"]}}],"collection":[{"href":"https:\/\/www.organisator.ch\/de\/wp-json\/wp\/v2\/posts"}],"about":[{"href":"https:\/\/www.organisator.ch\/de\/wp-json\/wp\/v2\/types\/post"}],"author":[{"embeddable":true,"href":"https:\/\/www.organisator.ch\/de\/wp-json\/wp\/v2\/users\/8"}],"replies":[{"embeddable":true,"href":"https:\/\/www.organisator.ch\/de\/wp-json\/wp\/v2\/comments?post=39945"}],"version-history":[{"count":6,"href":"https:\/\/www.organisator.ch\/de\/wp-json\/wp\/v2\/posts\/39945\/revisions"}],"predecessor-version":[{"id":39949,"href":"https:\/\/www.organisator.ch\/de\/wp-json\/wp\/v2\/posts\/39945\/revisions\/39949"}],"wp:attachment":[{"href":"https:\/\/www.organisator.ch\/de\/wp-json\/wp\/v2\/media?parent=39945"}],"wp:term":[{"taxonomy":"category","embeddable":true,"href":"https:\/\/www.organisator.ch\/de\/wp-json\/wp\/v2\/categories?post=39945"},{"taxonomy":"post_tag","embeddable":true,"href":"https:\/\/www.organisator.ch\/de\/wp-json\/wp\/v2\/tags?post=39945"}],"curies":[{"name":"wp","href":"https:\/\/api.w.org\/{rel}","templated":true}]}}