{"id":3999,"date":"2018-08-02T17:24:25","date_gmt":"2018-08-02T15:24:25","guid":{"rendered":"https:\/\/www.organisator.ch\/?p=3999"},"modified":"2018-08-02T17:24:25","modified_gmt":"2018-08-02T15:24:25","slug":"der-kaufmaennische-verband-fordert-zwischen-1-und-2-prozent-mehr-lohn","status":"publish","type":"post","link":"https:\/\/www.organisator.ch\/de\/allgemein\/2018-08-02\/der-kaufmaennische-verband-fordert-zwischen-1-und-2-prozent-mehr-lohn\/","title":{"rendered":"Der Kaufm\u00e4nnische Verband fordert zwischen 1 und 2 Prozent mehr Lohn"},"content":{"rendered":"<figure id=\"attachment_4001\" aria-describedby=\"caption-attachment-4001\" style=\"width: 640px\" class=\"wp-caption alignnone\"><img loading=\"lazy\" decoding=\"async\" class=\"size-full wp-image-4001\" src=\"https:\/\/www.organisator.ch\/wp-content\/uploads\/2018\/08\/Der-Kaufmaennische-Verband-fordert-zwischen-1-und-2-Prozent-mehr-Lohn_Organisator.jpg\" alt=\"\" width=\"640\" height=\"428\" srcset=\"https:\/\/www.organisator.ch\/wp-content\/uploads\/2018\/08\/Der-Kaufmaennische-Verband-fordert-zwischen-1-und-2-Prozent-mehr-Lohn_Organisator.jpg 640w, https:\/\/www.organisator.ch\/wp-content\/uploads\/2018\/08\/Der-Kaufmaennische-Verband-fordert-zwischen-1-und-2-Prozent-mehr-Lohn_Organisator-16x12.jpg 16w, https:\/\/www.organisator.ch\/wp-content\/uploads\/2018\/08\/Der-Kaufmaennische-Verband-fordert-zwischen-1-und-2-Prozent-mehr-Lohn_Organisator-262x175.jpg 262w, https:\/\/www.organisator.ch\/wp-content\/uploads\/2018\/08\/Der-Kaufmaennische-Verband-fordert-zwischen-1-und-2-Prozent-mehr-Lohn_Organisator-523x350.jpg 523w, https:\/\/www.organisator.ch\/wp-content\/uploads\/2018\/08\/Der-Kaufmaennische-Verband-fordert-zwischen-1-und-2-Prozent-mehr-Lohn_Organisator-300x201.jpg 300w\" sizes=\"auto, (max-width: 640px) 100vw, 640px\" \/><figcaption id=\"caption-attachment-4001\" class=\"wp-caption-text\">Der Kaufm\u00e4nnische Verband fordert mehr Lohn: 1 bis 2 Prozent mehr sollten je nach Branche drinliegen. (Bild: uschi dreiucker \/ pixelio.de)<\/figcaption><\/figure>\n<p>Lohnerh\u00f6hungen von mindestens 1% seien in allen Branchen f\u00fcr 2019\u00a0gerechtfertigt, vereinzelt bis 2%, schreibt der Kaufm\u00e4nnische Verband in einem Communiqu\u00e9. Die Schweizer Wirtschaft sei weiterhin auf robustem Wachstumskurs: Die Experten des Bundes rechnen 2018 mit einem BIP-Wachstum von 2.4%.<\/p>\n<h2>Verbesserte Besch\u00e4ftigungsaussichten<\/h2>\n<p>Auch die Auftragsb\u00fccher der Unternehmen seien\u00a0gut gef\u00fcllt, wie aus den neusten KOF-Umfragen hervorgeht. Die exportorientierten Industriebranchen konnten im vergangenen Jahr aufgrund der verbesserten Wettbewerbsf\u00e4higkeit der Schweizer Firmen und der positiven Konjunkturlage in Europa expandieren. Die solide Weltkonjunktur und die g\u00fcnstige Wechselkursentwicklung kurbeln die Nachfrage nach Schweizer Produkten weiterhin an. Gleichzeitig kommen von der Binnenwirtschaft zunehmend Wachstumsimpulse, womit das Wirtschaftswachstum der Schweiz laut der neusten SECO Konjunkturprognose zunehmend selbsttragend werden d\u00fcrfte. Eine gewisse Unsicherheit besteht den Experten zufolge in den internationalen Handelsstreitigkeiten, die sich j\u00fcngst etwas versch\u00e4rft haben. Die Besch\u00e4ftigungsaussichten haben sich im Vergleich zum Vorjahr noch einmal deutlich gesteigert und sind \u00fcber alle Sektoren breit abgest\u00fctzt. Besonders positiv werden sie vom SECO im Industriesektor beurteilt.<\/p>\n<h2>Jetzt\u00a0in Angestellte investieren<\/h2>\n<p>Diese positive Dynamik auf dem Arbeitsmarkt wird von der \u00fcberdurchschnittlichen Konsumentenstimmung gest\u00fctzt. Aufgrund gestiegener \u00d6l- und Importpreise erwarten die Experten der KOF und des SECO einen Teuerungsanstieg. Sie prognostizieren eine Teuerung von 0.8% bis 1%. Nachdem die Nominall\u00f6hne in den vergangen Jahren kaum gestiegen sind, ist eine Lohnerh\u00f6hung schon vor diesem Hintergrund gerechtfertigt, um die Kaufkraft zu erhalten. Die Arbeitnehmerinnen und Arbeitnehmer haben grossen Anteil an der positiven Entwicklung der Wirtschaft und sollen entsprechend am Aufschwung teilhaben. Zudem sollen Investitionen in die Mitarbeitenden get\u00e4tigt werden, um das Unternehmen so langfristig wettbewerbsf\u00e4hig zu halten.<\/p>\n<h2>Nicht alle Branchen wachsen gleich stark<\/h2>\n<p>Auch wenn das Wachstum breit abgest\u00fctzt ist, bleibt dieses in den einzelnen Branchen aber heterogen. Eine breite Erholung hat in der exportorientierten MEM-Industrie eingesetzt, die steigende Auftragseing\u00e4nge und Ums\u00e4tze verzeichnet und positiv in die Zukunft blickt. Auch die Finanzdienstleistungsbranche und der Grosshandel haben zugelegt. Ebenso w\u00e4chst der Schweizer ICT-Markt weiterhin stark dank Investitionen im IT-Bereich. Die Chemie- und Pharmaindustrie bildet nach wie vor der bedeutendste Sektor der Schweizer Exportwirtschaft und entwickelt sich auch dieses Jahr erfreulich. Trotz schwierigem Marktumfeld hat sich die Lage im Detailhandel aufgehellt und der Abw\u00e4rtstrend der vergangenen Jahre hat ein Ende gefunden. Der Bausektor entwickelt sich solide auf hohem Niveau, allerdings mit einer tieferen Dynamik als w\u00e4hrend des Baubooms 2014.<\/p>\n<p>Der Kaufm\u00e4nnische Verband sieht in dieser positiven Dynamik gen\u00fcgend Gr\u00fcnde, die Mitarbeitenden davon profitieren zu lassen. Wie viel mehr Lohn in jeder Branche drinliegen sollte,<a href=\"https:\/\/www.kfmv.ch\/data\/docs\/de_CH-1996\/32931\/kfmv-Lohnforderungen-nach-Branchen-2019-DE.pdf\"> erf\u00e4hrt man hier.<\/a><\/p>\n","protected":false},"excerpt":{"rendered":"<p>Lohnerh\u00f6hungen von mindestens 1% seien in allen Branchen f\u00fcr 2019\u00a0gerechtfertigt, vereinzelt bis 2%, schreibt der Kaufm\u00e4nnische Verband in einem Communiqu\u00e9. Die Schweizer Wirtschaft sei weiterhin auf robustem Wachstumskurs: Die Experten des Bundes rechnen 2018 mit einem BIP-Wachstum von 2.4%. Verbesserte Besch\u00e4ftigungsaussichten Auch die Auftragsb\u00fccher der Unternehmen seien\u00a0gut gef\u00fcllt, wie aus den neusten KOF-Umfragen hervorgeht. Die [&hellip;]<\/p>\n","protected":false},"author":4,"featured_media":4001,"comment_status":"open","ping_status":"open","sticky":false,"template":"","format":"standard","meta":{"_acf_changed":false,"_yoast_wpseo_focuskw":"der Kaufm\u00e4nnische Verband","_yoast_wpseo_metadesc":"Der Kaufm\u00e4nnische Verband fordert je nach Branche zwischen 1% und 2% mehr Lohn. Die Mitarbeitenden sollen vom Aufschwung profitieren.","articlekey":"","footnotes":""},"categories":[1],"tags":[202,329,335,531],"class_list":["post-3999","post","type-post","status-publish","format-standard","has-post-thumbnail","hentry","category-allgemein","tag-finanzenrecht","tag-loehne","tag-management-und-unternehmensfuehrung","tag-wirtschaftspolitik"],"acf":[],"yoast_head":"<!-- This site is optimized with the Yoast SEO plugin v27.4 - https:\/\/yoast.com\/product\/yoast-seo-wordpress\/ -->\n<title>Der Kaufm\u00e4nnische Verband fordert zwischen 1 und 2 Prozent mehr Lohn - Organisator<\/title>\n<meta name=\"description\" content=\"Der Kaufm\u00e4nnische Verband fordert je nach Branche zwischen 1% und 2% mehr Lohn. Die Mitarbeitenden sollen vom Aufschwung profitieren.\" \/>\n<meta name=\"robots\" content=\"index, follow, max-snippet:-1, max-image-preview:large, max-video-preview:-1\" \/>\n<link rel=\"canonical\" href=\"https:\/\/www.organisator.ch\/de\/allgemein\/2018-08-02\/der-kaufmaennische-verband-fordert-zwischen-1-und-2-prozent-mehr-lohn\/\" \/>\n<meta property=\"og:locale\" content=\"de_DE\" \/>\n<meta property=\"og:type\" content=\"article\" \/>\n<meta property=\"og:title\" content=\"Der Kaufm\u00e4nnische Verband fordert zwischen 1 und 2 Prozent mehr Lohn\" \/>\n<meta property=\"og:description\" content=\"Der Kaufm\u00e4nnische Verband fordert je nach Branche zwischen 1% und 2% mehr Lohn. Die Mitarbeitenden sollen vom Aufschwung profitieren.\" \/>\n<meta property=\"og:url\" content=\"https:\/\/www.organisator.ch\/de\/allgemein\/2018-08-02\/der-kaufmaennische-verband-fordert-zwischen-1-und-2-prozent-mehr-lohn\/\" \/>\n<meta property=\"og:site_name\" content=\"Organisator\" \/>\n<meta property=\"article:publisher\" content=\"https:\/\/www.facebook.com\/OrganisatorFachmagazin\" \/>\n<meta property=\"article:published_time\" content=\"2018-08-02T15:24:25+00:00\" \/>\n<meta property=\"og:image\" content=\"https:\/\/www.organisator.ch\/wp-content\/uploads\/2018\/08\/Der-Kaufmaennische-Verband-fordert-zwischen-1-und-2-Prozent-mehr-Lohn_Organisator.jpg\" \/>\n\t<meta property=\"og:image:width\" content=\"640\" \/>\n\t<meta property=\"og:image:height\" content=\"428\" \/>\n\t<meta property=\"og:image:type\" content=\"image\/jpeg\" \/>\n<meta name=\"author\" content=\"thomas.berner\" \/>\n<meta name=\"twitter:card\" content=\"summary_large_image\" \/>\n<meta name=\"twitter:title\" content=\"Der Kaufm\u00e4nnische Verband #kfmv fordert zwischen 1 und 2 Prozent mehr #Lohn\" \/>\n<meta name=\"twitter:description\" content=\"Der Kaufm\u00e4nnische Verband #kfmv fordert je nach Branche zwischen 1% und 2% mehr Lohn. Die Mitarbeitenden sollen vom Aufschwung profitieren.\" \/>\n<meta name=\"twitter:image\" content=\"https:\/\/www.organisator.ch\/wp-content\/uploads\/2018\/08\/Der-Kaufm\u00e4nnische-Verband-fordert-zwischen-1-und-2-Prozent-mehr-Lohn_Organisator.jpg\" \/>\n<script type=\"application\/ld+json\" class=\"yoast-schema-graph\">{\"@context\":\"https:\\\/\\\/schema.org\",\"@graph\":[{\"@type\":\"Article\",\"@id\":\"https:\\\/\\\/www.organisator.ch\\\/fr\\\/general\\\/2018-08-02\\\/der-kaufmaennische-verband-fordert-zwischen-1-und-2-prozent-mehr-lohn\\\/#article\",\"isPartOf\":{\"@id\":\"https:\\\/\\\/www.organisator.ch\\\/fr\\\/general\\\/2018-08-02\\\/der-kaufmaennische-verband-fordert-zwischen-1-und-2-prozent-mehr-lohn\\\/\"},\"author\":{\"name\":\"thomas.berner\",\"@id\":\"https:\\\/\\\/www.organisator.ch\\\/#\\\/schema\\\/person\\\/6f650f90b2842cd4c0cc334b4e36f67e\"},\"headline\":\"Der Kaufm\u00e4nnische Verband fordert zwischen 1 und 2 Prozent mehr Lohn\",\"datePublished\":\"2018-08-02T15:24:25+00:00\",\"mainEntityOfPage\":{\"@id\":\"https:\\\/\\\/www.organisator.ch\\\/fr\\\/general\\\/2018-08-02\\\/der-kaufmaennische-verband-fordert-zwischen-1-und-2-prozent-mehr-lohn\\\/\"},\"wordCount\":460,\"commentCount\":0,\"publisher\":{\"@id\":\"https:\\\/\\\/www.organisator.ch\\\/#organization\"},\"image\":{\"@id\":\"https:\\\/\\\/www.organisator.ch\\\/fr\\\/general\\\/2018-08-02\\\/der-kaufmaennische-verband-fordert-zwischen-1-und-2-prozent-mehr-lohn\\\/#primaryimage\"},\"thumbnailUrl\":\"https:\\\/\\\/www.organisator.ch\\\/wp-content\\\/uploads\\\/2018\\\/08\\\/Der-Kaufmaennische-Verband-fordert-zwischen-1-und-2-Prozent-mehr-Lohn_Organisator.jpg\",\"keywords\":[\"Finanzen\\\/Recht\",\"L\u00f6hne\",\"Management und Unternehmensf\u00fchrung\",\"Wirtschaftspolitik\"],\"inLanguage\":\"de\"},{\"@type\":\"WebPage\",\"@id\":\"https:\\\/\\\/www.organisator.ch\\\/fr\\\/general\\\/2018-08-02\\\/der-kaufmaennische-verband-fordert-zwischen-1-und-2-prozent-mehr-lohn\\\/\",\"url\":\"https:\\\/\\\/www.organisator.ch\\\/fr\\\/general\\\/2018-08-02\\\/der-kaufmaennische-verband-fordert-zwischen-1-und-2-prozent-mehr-lohn\\\/\",\"name\":\"Der Kaufm\u00e4nnische Verband fordert zwischen 1 und 2 Prozent mehr Lohn - Organisator\",\"isPartOf\":{\"@id\":\"https:\\\/\\\/www.organisator.ch\\\/#website\"},\"primaryImageOfPage\":{\"@id\":\"https:\\\/\\\/www.organisator.ch\\\/fr\\\/general\\\/2018-08-02\\\/der-kaufmaennische-verband-fordert-zwischen-1-und-2-prozent-mehr-lohn\\\/#primaryimage\"},\"image\":{\"@id\":\"https:\\\/\\\/www.organisator.ch\\\/fr\\\/general\\\/2018-08-02\\\/der-kaufmaennische-verband-fordert-zwischen-1-und-2-prozent-mehr-lohn\\\/#primaryimage\"},\"thumbnailUrl\":\"https:\\\/\\\/www.organisator.ch\\\/wp-content\\\/uploads\\\/2018\\\/08\\\/Der-Kaufmaennische-Verband-fordert-zwischen-1-und-2-Prozent-mehr-Lohn_Organisator.jpg\",\"datePublished\":\"2018-08-02T15:24:25+00:00\",\"description\":\"Der Kaufm\u00e4nnische Verband fordert je nach Branche zwischen 1% und 2% mehr Lohn. Die Mitarbeitenden sollen vom Aufschwung profitieren.\",\"breadcrumb\":{\"@id\":\"https:\\\/\\\/www.organisator.ch\\\/fr\\\/general\\\/2018-08-02\\\/der-kaufmaennische-verband-fordert-zwischen-1-und-2-prozent-mehr-lohn\\\/#breadcrumb\"},\"inLanguage\":\"de\",\"potentialAction\":[{\"@type\":\"ReadAction\",\"target\":[\"https:\\\/\\\/www.organisator.ch\\\/fr\\\/general\\\/2018-08-02\\\/der-kaufmaennische-verband-fordert-zwischen-1-und-2-prozent-mehr-lohn\\\/\"]}]},{\"@type\":\"ImageObject\",\"inLanguage\":\"de\",\"@id\":\"https:\\\/\\\/www.organisator.ch\\\/fr\\\/general\\\/2018-08-02\\\/der-kaufmaennische-verband-fordert-zwischen-1-und-2-prozent-mehr-lohn\\\/#primaryimage\",\"url\":\"https:\\\/\\\/www.organisator.ch\\\/wp-content\\\/uploads\\\/2018\\\/08\\\/Der-Kaufmaennische-Verband-fordert-zwischen-1-und-2-Prozent-mehr-Lohn_Organisator.jpg\",\"contentUrl\":\"https:\\\/\\\/www.organisator.ch\\\/wp-content\\\/uploads\\\/2018\\\/08\\\/Der-Kaufmaennische-Verband-fordert-zwischen-1-und-2-Prozent-mehr-Lohn_Organisator.jpg\",\"width\":640,\"height\":428,\"caption\":\"Der Kaufm\u00e4nnische Verband fordert mehr Lohn: 1 bis 2 Prozent mehr sollten je nach Branche drinliegen. (Bild: uschi dreiucker \\\/ pixelio.de)\"},{\"@type\":\"BreadcrumbList\",\"@id\":\"https:\\\/\\\/www.organisator.ch\\\/fr\\\/general\\\/2018-08-02\\\/der-kaufmaennische-verband-fordert-zwischen-1-und-2-prozent-mehr-lohn\\\/#breadcrumb\",\"itemListElement\":[{\"@type\":\"ListItem\",\"position\":1,\"name\":\"Home\",\"item\":\"https:\\\/\\\/www.organisator.ch\\\/\"},{\"@type\":\"ListItem\",\"position\":2,\"name\":\"Der Kaufm\u00e4nnische Verband fordert zwischen 1 und 2 Prozent mehr Lohn\"}]},{\"@type\":\"WebSite\",\"@id\":\"https:\\\/\\\/www.organisator.ch\\\/#website\",\"url\":\"https:\\\/\\\/www.organisator.ch\\\/\",\"name\":\"Organisator\",\"description\":\"Kompetent. Praxisnah. Der ORGANISATOR bereitet in 10 Ausgaben pro Jahr die wesentlichen Themen f\u00fcr F\u00fchrungskr\u00e4fte von KMU auf.\",\"publisher\":{\"@id\":\"https:\\\/\\\/www.organisator.ch\\\/#organization\"},\"potentialAction\":[{\"@type\":\"SearchAction\",\"target\":{\"@type\":\"EntryPoint\",\"urlTemplate\":\"https:\\\/\\\/www.organisator.ch\\\/?s={search_term_string}\"},\"query-input\":{\"@type\":\"PropertyValueSpecification\",\"valueRequired\":true,\"valueName\":\"search_term_string\"}}],\"inLanguage\":\"de\"},{\"@type\":\"Organization\",\"@id\":\"https:\\\/\\\/www.organisator.ch\\\/#organization\",\"name\":\"Organisator\",\"url\":\"https:\\\/\\\/www.organisator.ch\\\/\",\"logo\":{\"@type\":\"ImageObject\",\"inLanguage\":\"de\",\"@id\":\"https:\\\/\\\/www.organisator.ch\\\/#\\\/schema\\\/logo\\\/image\\\/\",\"url\":\"https:\\\/\\\/www.organisator.ch\\\/wp-content\\\/uploads\\\/2022\\\/01\\\/Logo_Organisator_Website.png\",\"contentUrl\":\"https:\\\/\\\/www.organisator.ch\\\/wp-content\\\/uploads\\\/2022\\\/01\\\/Logo_Organisator_Website.png\",\"width\":800,\"height\":77,\"caption\":\"Organisator\"},\"image\":{\"@id\":\"https:\\\/\\\/www.organisator.ch\\\/#\\\/schema\\\/logo\\\/image\\\/\"},\"sameAs\":[\"https:\\\/\\\/www.facebook.com\\\/OrganisatorFachmagazin\",\"https:\\\/\\\/www.linkedin.com\\\/showcase\\\/organisator-das-magazin-fr-kmu\",\"https:\\\/\\\/www.xing.com\\\/news\\\/pages\\\/organisator-ch-695\",\"https:\\\/\\\/www.youtube.com\\\/channel\\\/UCGP2Sq0iWaZwT3BdIAQFYpw\"]},{\"@type\":\"Person\",\"@id\":\"https:\\\/\\\/www.organisator.ch\\\/#\\\/schema\\\/person\\\/6f650f90b2842cd4c0cc334b4e36f67e\",\"name\":\"thomas.berner\",\"image\":{\"@type\":\"ImageObject\",\"inLanguage\":\"de\",\"@id\":\"https:\\\/\\\/secure.gravatar.com\\\/avatar\\\/ac5001d2a36cb6c6cd3e50789007ffca834b477b74a2144564522e944eabff61?s=96&d=mm&r=g\",\"url\":\"https:\\\/\\\/secure.gravatar.com\\\/avatar\\\/ac5001d2a36cb6c6cd3e50789007ffca834b477b74a2144564522e944eabff61?s=96&d=mm&r=g\",\"contentUrl\":\"https:\\\/\\\/secure.gravatar.com\\\/avatar\\\/ac5001d2a36cb6c6cd3e50789007ffca834b477b74a2144564522e944eabff61?s=96&d=mm&r=g\",\"caption\":\"thomas.berner\"},\"url\":\"https:\\\/\\\/www.organisator.ch\\\/de\\\/author\\\/thomas-berner\\\/\"}]}<\/script>\n<!-- \/ Yoast SEO plugin. -->","yoast_head_json":{"title":"Der Kaufm\u00e4nnische Verband fordert zwischen 1 und 2 Prozent mehr Lohn - Organisator","description":"Der Kaufm\u00e4nnische Verband fordert je nach Branche zwischen 1% und 2% mehr Lohn. Die Mitarbeitenden sollen vom Aufschwung profitieren.","robots":{"index":"index","follow":"follow","max-snippet":"max-snippet:-1","max-image-preview":"max-image-preview:large","max-video-preview":"max-video-preview:-1"},"canonical":"https:\/\/www.organisator.ch\/de\/allgemein\/2018-08-02\/der-kaufmaennische-verband-fordert-zwischen-1-und-2-prozent-mehr-lohn\/","og_locale":"de_DE","og_type":"article","og_title":"Der Kaufm\u00e4nnische Verband fordert zwischen 1 und 2 Prozent mehr Lohn","og_description":"Der Kaufm\u00e4nnische Verband fordert je nach Branche zwischen 1% und 2% mehr Lohn. Die Mitarbeitenden sollen vom Aufschwung profitieren.","og_url":"https:\/\/www.organisator.ch\/de\/allgemein\/2018-08-02\/der-kaufmaennische-verband-fordert-zwischen-1-und-2-prozent-mehr-lohn\/","og_site_name":"Organisator","article_publisher":"https:\/\/www.facebook.com\/OrganisatorFachmagazin","article_published_time":"2018-08-02T15:24:25+00:00","og_image":[{"width":640,"height":428,"url":"https:\/\/www.organisator.ch\/wp-content\/uploads\/2018\/08\/Der-Kaufmaennische-Verband-fordert-zwischen-1-und-2-Prozent-mehr-Lohn_Organisator.jpg","type":"image\/jpeg"}],"author":"thomas.berner","twitter_card":"summary_large_image","twitter_title":"Der Kaufm\u00e4nnische Verband #kfmv fordert zwischen 1 und 2 Prozent mehr #Lohn","twitter_description":"Der Kaufm\u00e4nnische Verband #kfmv fordert je nach Branche zwischen 1% und 2% mehr Lohn. Die Mitarbeitenden sollen vom Aufschwung profitieren.","twitter_image":"https:\/\/www.organisator.ch\/wp-content\/uploads\/2018\/08\/Der-Kaufm\u00e4nnische-Verband-fordert-zwischen-1-und-2-Prozent-mehr-Lohn_Organisator.jpg","schema":{"@context":"https:\/\/schema.org","@graph":[{"@type":"Article","@id":"https:\/\/www.organisator.ch\/fr\/general\/2018-08-02\/der-kaufmaennische-verband-fordert-zwischen-1-und-2-prozent-mehr-lohn\/#article","isPartOf":{"@id":"https:\/\/www.organisator.ch\/fr\/general\/2018-08-02\/der-kaufmaennische-verband-fordert-zwischen-1-und-2-prozent-mehr-lohn\/"},"author":{"name":"thomas.berner","@id":"https:\/\/www.organisator.ch\/#\/schema\/person\/6f650f90b2842cd4c0cc334b4e36f67e"},"headline":"Der Kaufm\u00e4nnische Verband fordert zwischen 1 und 2 Prozent mehr Lohn","datePublished":"2018-08-02T15:24:25+00:00","mainEntityOfPage":{"@id":"https:\/\/www.organisator.ch\/fr\/general\/2018-08-02\/der-kaufmaennische-verband-fordert-zwischen-1-und-2-prozent-mehr-lohn\/"},"wordCount":460,"commentCount":0,"publisher":{"@id":"https:\/\/www.organisator.ch\/#organization"},"image":{"@id":"https:\/\/www.organisator.ch\/fr\/general\/2018-08-02\/der-kaufmaennische-verband-fordert-zwischen-1-und-2-prozent-mehr-lohn\/#primaryimage"},"thumbnailUrl":"https:\/\/www.organisator.ch\/wp-content\/uploads\/2018\/08\/Der-Kaufmaennische-Verband-fordert-zwischen-1-und-2-Prozent-mehr-Lohn_Organisator.jpg","keywords":["Finanzen\/Recht","L\u00f6hne","Management und Unternehmensf\u00fchrung","Wirtschaftspolitik"],"inLanguage":"de"},{"@type":"WebPage","@id":"https:\/\/www.organisator.ch\/fr\/general\/2018-08-02\/der-kaufmaennische-verband-fordert-zwischen-1-und-2-prozent-mehr-lohn\/","url":"https:\/\/www.organisator.ch\/fr\/general\/2018-08-02\/der-kaufmaennische-verband-fordert-zwischen-1-und-2-prozent-mehr-lohn\/","name":"Der Kaufm\u00e4nnische Verband fordert zwischen 1 und 2 Prozent mehr Lohn - Organisator","isPartOf":{"@id":"https:\/\/www.organisator.ch\/#website"},"primaryImageOfPage":{"@id":"https:\/\/www.organisator.ch\/fr\/general\/2018-08-02\/der-kaufmaennische-verband-fordert-zwischen-1-und-2-prozent-mehr-lohn\/#primaryimage"},"image":{"@id":"https:\/\/www.organisator.ch\/fr\/general\/2018-08-02\/der-kaufmaennische-verband-fordert-zwischen-1-und-2-prozent-mehr-lohn\/#primaryimage"},"thumbnailUrl":"https:\/\/www.organisator.ch\/wp-content\/uploads\/2018\/08\/Der-Kaufmaennische-Verband-fordert-zwischen-1-und-2-Prozent-mehr-Lohn_Organisator.jpg","datePublished":"2018-08-02T15:24:25+00:00","description":"Der Kaufm\u00e4nnische Verband fordert je nach Branche zwischen 1% und 2% mehr Lohn. Die Mitarbeitenden sollen vom Aufschwung profitieren.","breadcrumb":{"@id":"https:\/\/www.organisator.ch\/fr\/general\/2018-08-02\/der-kaufmaennische-verband-fordert-zwischen-1-und-2-prozent-mehr-lohn\/#breadcrumb"},"inLanguage":"de","potentialAction":[{"@type":"ReadAction","target":["https:\/\/www.organisator.ch\/fr\/general\/2018-08-02\/der-kaufmaennische-verband-fordert-zwischen-1-und-2-prozent-mehr-lohn\/"]}]},{"@type":"ImageObject","inLanguage":"de","@id":"https:\/\/www.organisator.ch\/fr\/general\/2018-08-02\/der-kaufmaennische-verband-fordert-zwischen-1-und-2-prozent-mehr-lohn\/#primaryimage","url":"https:\/\/www.organisator.ch\/wp-content\/uploads\/2018\/08\/Der-Kaufmaennische-Verband-fordert-zwischen-1-und-2-Prozent-mehr-Lohn_Organisator.jpg","contentUrl":"https:\/\/www.organisator.ch\/wp-content\/uploads\/2018\/08\/Der-Kaufmaennische-Verband-fordert-zwischen-1-und-2-Prozent-mehr-Lohn_Organisator.jpg","width":640,"height":428,"caption":"Der Kaufm\u00e4nnische Verband fordert mehr Lohn: 1 bis 2 Prozent mehr sollten je nach Branche drinliegen. (Bild: uschi dreiucker \/ pixelio.de)"},{"@type":"BreadcrumbList","@id":"https:\/\/www.organisator.ch\/fr\/general\/2018-08-02\/der-kaufmaennische-verband-fordert-zwischen-1-und-2-prozent-mehr-lohn\/#breadcrumb","itemListElement":[{"@type":"ListItem","position":1,"name":"Home","item":"https:\/\/www.organisator.ch\/"},{"@type":"ListItem","position":2,"name":"Der Kaufm\u00e4nnische Verband fordert zwischen 1 und 2 Prozent mehr Lohn"}]},{"@type":"WebSite","@id":"https:\/\/www.organisator.ch\/#website","url":"https:\/\/www.organisator.ch\/","name":"Organisator","description":"Kompetent. Praxisnah. Der ORGANISATOR bereitet in 10 Ausgaben pro Jahr die wesentlichen Themen f\u00fcr F\u00fchrungskr\u00e4fte von KMU auf.","publisher":{"@id":"https:\/\/www.organisator.ch\/#organization"},"potentialAction":[{"@type":"SearchAction","target":{"@type":"EntryPoint","urlTemplate":"https:\/\/www.organisator.ch\/?s={search_term_string}"},"query-input":{"@type":"PropertyValueSpecification","valueRequired":true,"valueName":"search_term_string"}}],"inLanguage":"de"},{"@type":"Organization","@id":"https:\/\/www.organisator.ch\/#organization","name":"Organisator","url":"https:\/\/www.organisator.ch\/","logo":{"@type":"ImageObject","inLanguage":"de","@id":"https:\/\/www.organisator.ch\/#\/schema\/logo\/image\/","url":"https:\/\/www.organisator.ch\/wp-content\/uploads\/2022\/01\/Logo_Organisator_Website.png","contentUrl":"https:\/\/www.organisator.ch\/wp-content\/uploads\/2022\/01\/Logo_Organisator_Website.png","width":800,"height":77,"caption":"Organisator"},"image":{"@id":"https:\/\/www.organisator.ch\/#\/schema\/logo\/image\/"},"sameAs":["https:\/\/www.facebook.com\/OrganisatorFachmagazin","https:\/\/www.linkedin.com\/showcase\/organisator-das-magazin-fr-kmu","https:\/\/www.xing.com\/news\/pages\/organisator-ch-695","https:\/\/www.youtube.com\/channel\/UCGP2Sq0iWaZwT3BdIAQFYpw"]},{"@type":"Person","@id":"https:\/\/www.organisator.ch\/#\/schema\/person\/6f650f90b2842cd4c0cc334b4e36f67e","name":"thomas.berner","image":{"@type":"ImageObject","inLanguage":"de","@id":"https:\/\/secure.gravatar.com\/avatar\/ac5001d2a36cb6c6cd3e50789007ffca834b477b74a2144564522e944eabff61?s=96&d=mm&r=g","url":"https:\/\/secure.gravatar.com\/avatar\/ac5001d2a36cb6c6cd3e50789007ffca834b477b74a2144564522e944eabff61?s=96&d=mm&r=g","contentUrl":"https:\/\/secure.gravatar.com\/avatar\/ac5001d2a36cb6c6cd3e50789007ffca834b477b74a2144564522e944eabff61?s=96&d=mm&r=g","caption":"thomas.berner"},"url":"https:\/\/www.organisator.ch\/de\/author\/thomas-berner\/"}]}},"_links":{"self":[{"href":"https:\/\/www.organisator.ch\/de\/wp-json\/wp\/v2\/posts\/3999","targetHints":{"allow":["GET"]}}],"collection":[{"href":"https:\/\/www.organisator.ch\/de\/wp-json\/wp\/v2\/posts"}],"about":[{"href":"https:\/\/www.organisator.ch\/de\/wp-json\/wp\/v2\/types\/post"}],"author":[{"embeddable":true,"href":"https:\/\/www.organisator.ch\/de\/wp-json\/wp\/v2\/users\/4"}],"replies":[{"embeddable":true,"href":"https:\/\/www.organisator.ch\/de\/wp-json\/wp\/v2\/comments?post=3999"}],"version-history":[{"count":0,"href":"https:\/\/www.organisator.ch\/de\/wp-json\/wp\/v2\/posts\/3999\/revisions"}],"wp:featuredmedia":[{"embeddable":true,"href":"https:\/\/www.organisator.ch\/de\/wp-json\/wp\/v2\/media\/4001"}],"wp:attachment":[{"href":"https:\/\/www.organisator.ch\/de\/wp-json\/wp\/v2\/media?parent=3999"}],"wp:term":[{"taxonomy":"category","embeddable":true,"href":"https:\/\/www.organisator.ch\/de\/wp-json\/wp\/v2\/categories?post=3999"},{"taxonomy":"post_tag","embeddable":true,"href":"https:\/\/www.organisator.ch\/de\/wp-json\/wp\/v2\/tags?post=3999"}],"curies":[{"name":"wp","href":"https:\/\/api.w.org\/{rel}","templated":true}]}}