{"id":40018,"date":"2025-08-19T15:46:37","date_gmt":"2025-08-19T13:46:37","guid":{"rendered":"https:\/\/www.markt-kom.com\/?p=237431"},"modified":"2025-08-21T16:22:10","modified_gmt":"2025-08-21T14:22:10","slug":"allink-ist-neues-mitglied-vom-lsa","status":"publish","type":"post","link":"https:\/\/www.organisator.ch\/de\/marketing\/2025-08-19\/allink-ist-neues-mitglied-vom-lsa\/","title":{"rendered":"Allink ist neues Mitglied vom LSA"},"content":{"rendered":"<p><img class=\"alignnone size-full wp-image-237432\" src=\"https:\/\/www.markt-kom.com\/wp-content\/uploads\/2025\/08\/allink-GL_H8A8521quer.jpg\" sizes=\"(max-width: 1200px) 100vw, 1200px\" srcset=\"https:\/\/www.markt-kom.com\/wp-content\/uploads\/2025\/08\/allink-GL_H8A8521quer.jpg 1200w, https:\/\/www.markt-kom.com\/wp-content\/uploads\/2025\/08\/allink-GL_H8A8521quer-600x400.jpg 600w, https:\/\/www.markt-kom.com\/wp-content\/uploads\/2025\/08\/allink-GL_H8A8521quer-1024x683.jpg 1024w, https:\/\/www.markt-kom.com\/wp-content\/uploads\/2025\/08\/allink-GL_H8A8521quer-768x512.jpg 768w, https:\/\/www.markt-kom.com\/wp-content\/uploads\/2025\/08\/allink-GL_H8A8521quer-18x12.jpg 18w, https:\/\/www.markt-kom.com\/wp-content\/uploads\/2025\/08\/allink-GL_H8A8521quer-263x175.jpg 263w, https:\/\/www.markt-kom.com\/wp-content\/uploads\/2025\/08\/allink-GL_H8A8521quer-525x350.jpg 525w, https:\/\/www.markt-kom.com\/wp-content\/uploads\/2025\/08\/allink-GL_H8A8521quer-1000x667.jpg 1000w\" alt=\"\" width=\"1200\" height=\"800\" \/>Die inhabergef\u00fchrte Branding-, Packaging- und Marketingagentur Allink z\u00e4hlt als feste Gr\u00f6sse zur Z\u00fcrcher Kreativszene. Mit Sitz in der Binz entwickelt die Agentur ganzheitliche Markenl\u00f6sungen \u2013 strategisch fundiert, kreativ umgesetzt und exakt auf die jeweiligen Bed\u00fcrfnisse abgestimmt.<\/p>\r\n<p>Was 2005 als gemeinsames Projekt dreier Jugendfreunde begann, ist heute ein interdisziplin\u00e4res Team von rund 30 Spezialist:innen, das Marken gestaltet, positioniert und erlebbar macht. Mit Begeisterung, Verst\u00e4ndnis und Kreativit\u00e4t schreibt Allink Erfolgsgeschichten f\u00fcr Schweizer Kundinnen und Kunden.<\/p>\r\n<p>Allink begleitet Unternehmen \u00fcber die gesamte Markenf\u00fchrung hinweg, mit Fokus auf vier Disziplinen: Brand Design, Packaging Design, Brand Websites und Brand Marketing. Kunden wie Migros, Lidl, Ramseier, Schreiner48 oder LUMA Delikatessen vertrauen auf die Expertise der Agentur.<\/p>\r\n<p>Fabian Schiltknecht, Managing Director von Allink freut sich sehr \u00fcber die Aufnahme beim LSA: \u00abSeit 20 Jahren pr\u00e4gt das Team von Allink die Marken und die Kommunikation namhafter Schweizer Unternehmen. Wir sind stolz, uns nun zu den Leading Swiss Agencies z\u00e4hlen zu d\u00fcrfen und freuen uns darauf, gemeinsam mit den anderen LSA-Agenturen die Zukunft unserer Branche mitzugestalten.\u00bb<\/p>","protected":false},"excerpt":{"rendered":"<p>Die Z\u00fcrcher Agentur Allink ist neu Mitglied von Leading Swiss Agencies (LSA), dem Verband der f\u00fchrenden Kommunikationsagenturen der Schweiz.<\/p>\n","protected":false},"author":8,"featured_media":0,"comment_status":"closed","ping_status":"closed","sticky":false,"template":"","format":"standard","meta":{"_acf_changed":false,"_yoast_wpseo_focuskw":"Allink","_yoast_wpseo_metadesc":"Die Z\u00fcrcher Agentur Allink ist neu Mitglied von Leading Swiss Agencies (LSA), dem Verband der f\u00fchrenden Kommunikationsagenturen der Schweiz.","articlekey":"","footnotes":""},"categories":[29],"tags":[2772,4345,3659],"class_list":["post-40018","post","type-post","status-publish","format-standard","hentry","category-marketing","tag-allink","tag-business","tag-lsa-leading-swiss-agencies"],"acf":[],"yoast_head":"<!-- This site is optimized with the Yoast SEO plugin v27.5 - https:\/\/yoast.com\/product\/yoast-seo-wordpress\/ -->\n<title>Allink ist neues Mitglied vom LSA - Organisator<\/title>\n<meta name=\"description\" content=\"Die Z\u00fcrcher Agentur Allink ist neu Mitglied von Leading Swiss Agencies (LSA), dem Verband der f\u00fchrenden Kommunikationsagenturen der Schweiz.\" \/>\n<meta name=\"robots\" content=\"index, follow, max-snippet:-1, max-image-preview:large, max-video-preview:-1\" \/>\n<link rel=\"canonical\" href=\"https:\/\/www.organisator.ch\/de\/marketing\/2025-08-19\/allink-ist-neues-mitglied-vom-lsa\/\" \/>\n<meta property=\"og:locale\" content=\"de_DE\" \/>\n<meta property=\"og:type\" content=\"article\" \/>\n<meta property=\"og:title\" content=\"Allink ist neues Mitglied vom LSA - Organisator\" \/>\n<meta property=\"og:description\" content=\"Die Z\u00fcrcher Agentur Allink ist neu Mitglied von Leading Swiss Agencies (LSA), dem Verband der f\u00fchrenden Kommunikationsagenturen der Schweiz.\" \/>\n<meta property=\"og:url\" content=\"https:\/\/www.organisator.ch\/de\/marketing\/2025-08-19\/allink-ist-neues-mitglied-vom-lsa\/\" \/>\n<meta property=\"og:site_name\" content=\"Organisator\" \/>\n<meta property=\"article:publisher\" content=\"https:\/\/www.facebook.com\/OrganisatorFachmagazin\" \/>\n<meta property=\"article:published_time\" content=\"2025-08-19T13:46:37+00:00\" \/>\n<meta property=\"article:modified_time\" content=\"2025-08-21T14:22:10+00:00\" \/>\n<meta name=\"author\" content=\"galledia\" \/>\n<meta name=\"twitter:card\" content=\"summary_large_image\" \/>\n<meta name=\"twitter:creator\" content=\"@admin\" \/>\n<script type=\"application\/ld+json\" class=\"yoast-schema-graph\">{\"@context\":\"https:\\\/\\\/schema.org\",\"@graph\":[{\"@type\":\"Article\",\"@id\":\"https:\\\/\\\/www.organisator.ch\\\/marketing\\\/2025-08-19\\\/allink-ist-neues-mitglied-vom-lsa\\\/#article\",\"isPartOf\":{\"@id\":\"https:\\\/\\\/www.organisator.ch\\\/marketing\\\/2025-08-19\\\/allink-ist-neues-mitglied-vom-lsa\\\/\"},\"author\":{\"name\":\"galledia\",\"@id\":\"https:\\\/\\\/www.organisator.ch\\\/#\\\/schema\\\/person\\\/4e51799071cd2dd1232ac003643ef5f0\"},\"headline\":\"Allink ist neues Mitglied vom LSA\",\"datePublished\":\"2025-08-19T13:46:37+00:00\",\"dateModified\":\"2025-08-21T14:22:10+00:00\",\"mainEntityOfPage\":{\"@id\":\"https:\\\/\\\/www.organisator.ch\\\/marketing\\\/2025-08-19\\\/allink-ist-neues-mitglied-vom-lsa\\\/\"},\"wordCount\":184,\"publisher\":{\"@id\":\"https:\\\/\\\/www.organisator.ch\\\/#organization\"},\"image\":{\"@id\":\"https:\\\/\\\/www.organisator.ch\\\/marketing\\\/2025-08-19\\\/allink-ist-neues-mitglied-vom-lsa\\\/#primaryimage\"},\"thumbnailUrl\":\"https:\\\/\\\/www.markt-kom.com\\\/wp-content\\\/uploads\\\/2025\\\/08\\\/allink-GL_H8A8521quer.jpg\",\"keywords\":[\"Allink\",\"Business\",\"LSA Leading Swiss Agencies\"],\"articleSection\":[\"MARKETING\"],\"inLanguage\":\"de\"},{\"@type\":\"WebPage\",\"@id\":\"https:\\\/\\\/www.organisator.ch\\\/marketing\\\/2025-08-19\\\/allink-ist-neues-mitglied-vom-lsa\\\/\",\"url\":\"https:\\\/\\\/www.organisator.ch\\\/marketing\\\/2025-08-19\\\/allink-ist-neues-mitglied-vom-lsa\\\/\",\"name\":\"Allink ist neues Mitglied vom LSA - Organisator\",\"isPartOf\":{\"@id\":\"https:\\\/\\\/www.organisator.ch\\\/#website\"},\"primaryImageOfPage\":{\"@id\":\"https:\\\/\\\/www.organisator.ch\\\/marketing\\\/2025-08-19\\\/allink-ist-neues-mitglied-vom-lsa\\\/#primaryimage\"},\"image\":{\"@id\":\"https:\\\/\\\/www.organisator.ch\\\/marketing\\\/2025-08-19\\\/allink-ist-neues-mitglied-vom-lsa\\\/#primaryimage\"},\"thumbnailUrl\":\"https:\\\/\\\/www.markt-kom.com\\\/wp-content\\\/uploads\\\/2025\\\/08\\\/allink-GL_H8A8521quer.jpg\",\"datePublished\":\"2025-08-19T13:46:37+00:00\",\"dateModified\":\"2025-08-21T14:22:10+00:00\",\"description\":\"Die Z\u00fcrcher Agentur Allink ist neu Mitglied von Leading Swiss Agencies (LSA), dem Verband der f\u00fchrenden Kommunikationsagenturen der Schweiz.\",\"breadcrumb\":{\"@id\":\"https:\\\/\\\/www.organisator.ch\\\/marketing\\\/2025-08-19\\\/allink-ist-neues-mitglied-vom-lsa\\\/#breadcrumb\"},\"inLanguage\":\"de\",\"potentialAction\":[{\"@type\":\"ReadAction\",\"target\":[\"https:\\\/\\\/www.organisator.ch\\\/marketing\\\/2025-08-19\\\/allink-ist-neues-mitglied-vom-lsa\\\/\"]}]},{\"@type\":\"ImageObject\",\"inLanguage\":\"de\",\"@id\":\"https:\\\/\\\/www.organisator.ch\\\/marketing\\\/2025-08-19\\\/allink-ist-neues-mitglied-vom-lsa\\\/#primaryimage\",\"url\":\"https:\\\/\\\/www.markt-kom.com\\\/wp-content\\\/uploads\\\/2025\\\/08\\\/allink-GL_H8A8521quer.jpg\",\"contentUrl\":\"https:\\\/\\\/www.markt-kom.com\\\/wp-content\\\/uploads\\\/2025\\\/08\\\/allink-GL_H8A8521quer.jpg\"},{\"@type\":\"BreadcrumbList\",\"@id\":\"https:\\\/\\\/www.organisator.ch\\\/marketing\\\/2025-08-19\\\/allink-ist-neues-mitglied-vom-lsa\\\/#breadcrumb\",\"itemListElement\":[{\"@type\":\"ListItem\",\"position\":1,\"name\":\"Home\",\"item\":\"https:\\\/\\\/www.organisator.ch\\\/\"},{\"@type\":\"ListItem\",\"position\":2,\"name\":\"Allink ist neues Mitglied vom LSA\"}]},{\"@type\":\"WebSite\",\"@id\":\"https:\\\/\\\/www.organisator.ch\\\/#website\",\"url\":\"https:\\\/\\\/www.organisator.ch\\\/\",\"name\":\"Organisator\",\"description\":\"Kompetent. Praxisnah. Der ORGANISATOR bereitet in 10 Ausgaben pro Jahr die wesentlichen Themen f\u00fcr F\u00fchrungskr\u00e4fte von KMU auf.\",\"publisher\":{\"@id\":\"https:\\\/\\\/www.organisator.ch\\\/#organization\"},\"potentialAction\":[{\"@type\":\"SearchAction\",\"target\":{\"@type\":\"EntryPoint\",\"urlTemplate\":\"https:\\\/\\\/www.organisator.ch\\\/?s={search_term_string}\"},\"query-input\":{\"@type\":\"PropertyValueSpecification\",\"valueRequired\":true,\"valueName\":\"search_term_string\"}}],\"inLanguage\":\"de\"},{\"@type\":\"Organization\",\"@id\":\"https:\\\/\\\/www.organisator.ch\\\/#organization\",\"name\":\"Organisator\",\"url\":\"https:\\\/\\\/www.organisator.ch\\\/\",\"logo\":{\"@type\":\"ImageObject\",\"inLanguage\":\"de\",\"@id\":\"https:\\\/\\\/www.organisator.ch\\\/#\\\/schema\\\/logo\\\/image\\\/\",\"url\":\"https:\\\/\\\/www.organisator.ch\\\/wp-content\\\/uploads\\\/2022\\\/01\\\/Logo_Organisator_Website.png\",\"contentUrl\":\"https:\\\/\\\/www.organisator.ch\\\/wp-content\\\/uploads\\\/2022\\\/01\\\/Logo_Organisator_Website.png\",\"width\":800,\"height\":77,\"caption\":\"Organisator\"},\"image\":{\"@id\":\"https:\\\/\\\/www.organisator.ch\\\/#\\\/schema\\\/logo\\\/image\\\/\"},\"sameAs\":[\"https:\\\/\\\/www.facebook.com\\\/OrganisatorFachmagazin\",\"https:\\\/\\\/www.linkedin.com\\\/showcase\\\/organisator-das-magazin-fr-kmu\",\"https:\\\/\\\/www.xing.com\\\/news\\\/pages\\\/organisator-ch-695\",\"https:\\\/\\\/www.youtube.com\\\/channel\\\/UCGP2Sq0iWaZwT3BdIAQFYpw\"]},{\"@type\":\"Person\",\"@id\":\"https:\\\/\\\/www.organisator.ch\\\/#\\\/schema\\\/person\\\/4e51799071cd2dd1232ac003643ef5f0\",\"name\":\"galledia\",\"image\":{\"@type\":\"ImageObject\",\"inLanguage\":\"de\",\"@id\":\"https:\\\/\\\/secure.gravatar.com\\\/avatar\\\/78a7f90c01fc2bfc875782a0d4922b37cde2cf184ce347b91316d23cd7f69a36?s=96&d=mm&r=g\",\"url\":\"https:\\\/\\\/secure.gravatar.com\\\/avatar\\\/78a7f90c01fc2bfc875782a0d4922b37cde2cf184ce347b91316d23cd7f69a36?s=96&d=mm&r=g\",\"contentUrl\":\"https:\\\/\\\/secure.gravatar.com\\\/avatar\\\/78a7f90c01fc2bfc875782a0d4922b37cde2cf184ce347b91316d23cd7f69a36?s=96&d=mm&r=g\",\"caption\":\"galledia\"},\"sameAs\":[\"https:\\\/\\\/x.com\\\/admin\"],\"url\":\"https:\\\/\\\/www.organisator.ch\\\/de\\\/author\\\/galledia\\\/\"}]}<\/script>\n<!-- \/ Yoast SEO plugin. -->","yoast_head_json":{"title":"Allink ist neues Mitglied vom LSA - Organisator","description":"Die Z\u00fcrcher Agentur Allink ist neu Mitglied von Leading Swiss Agencies (LSA), dem Verband der f\u00fchrenden Kommunikationsagenturen der Schweiz.","robots":{"index":"index","follow":"follow","max-snippet":"max-snippet:-1","max-image-preview":"max-image-preview:large","max-video-preview":"max-video-preview:-1"},"canonical":"https:\/\/www.organisator.ch\/de\/marketing\/2025-08-19\/allink-ist-neues-mitglied-vom-lsa\/","og_locale":"de_DE","og_type":"article","og_title":"Allink ist neues Mitglied vom LSA - Organisator","og_description":"Die Z\u00fcrcher Agentur Allink ist neu Mitglied von Leading Swiss Agencies (LSA), dem Verband der f\u00fchrenden Kommunikationsagenturen der Schweiz.","og_url":"https:\/\/www.organisator.ch\/de\/marketing\/2025-08-19\/allink-ist-neues-mitglied-vom-lsa\/","og_site_name":"Organisator","article_publisher":"https:\/\/www.facebook.com\/OrganisatorFachmagazin","article_published_time":"2025-08-19T13:46:37+00:00","article_modified_time":"2025-08-21T14:22:10+00:00","author":"galledia","twitter_card":"summary_large_image","twitter_creator":"@admin","schema":{"@context":"https:\/\/schema.org","@graph":[{"@type":"Article","@id":"https:\/\/www.organisator.ch\/marketing\/2025-08-19\/allink-ist-neues-mitglied-vom-lsa\/#article","isPartOf":{"@id":"https:\/\/www.organisator.ch\/marketing\/2025-08-19\/allink-ist-neues-mitglied-vom-lsa\/"},"author":{"name":"galledia","@id":"https:\/\/www.organisator.ch\/#\/schema\/person\/4e51799071cd2dd1232ac003643ef5f0"},"headline":"Allink ist neues Mitglied vom LSA","datePublished":"2025-08-19T13:46:37+00:00","dateModified":"2025-08-21T14:22:10+00:00","mainEntityOfPage":{"@id":"https:\/\/www.organisator.ch\/marketing\/2025-08-19\/allink-ist-neues-mitglied-vom-lsa\/"},"wordCount":184,"publisher":{"@id":"https:\/\/www.organisator.ch\/#organization"},"image":{"@id":"https:\/\/www.organisator.ch\/marketing\/2025-08-19\/allink-ist-neues-mitglied-vom-lsa\/#primaryimage"},"thumbnailUrl":"https:\/\/www.markt-kom.com\/wp-content\/uploads\/2025\/08\/allink-GL_H8A8521quer.jpg","keywords":["Allink","Business","LSA Leading Swiss Agencies"],"articleSection":["MARKETING"],"inLanguage":"de"},{"@type":"WebPage","@id":"https:\/\/www.organisator.ch\/marketing\/2025-08-19\/allink-ist-neues-mitglied-vom-lsa\/","url":"https:\/\/www.organisator.ch\/marketing\/2025-08-19\/allink-ist-neues-mitglied-vom-lsa\/","name":"Allink ist neues Mitglied vom LSA - Organisator","isPartOf":{"@id":"https:\/\/www.organisator.ch\/#website"},"primaryImageOfPage":{"@id":"https:\/\/www.organisator.ch\/marketing\/2025-08-19\/allink-ist-neues-mitglied-vom-lsa\/#primaryimage"},"image":{"@id":"https:\/\/www.organisator.ch\/marketing\/2025-08-19\/allink-ist-neues-mitglied-vom-lsa\/#primaryimage"},"thumbnailUrl":"https:\/\/www.markt-kom.com\/wp-content\/uploads\/2025\/08\/allink-GL_H8A8521quer.jpg","datePublished":"2025-08-19T13:46:37+00:00","dateModified":"2025-08-21T14:22:10+00:00","description":"Die Z\u00fcrcher Agentur Allink ist neu Mitglied von Leading Swiss Agencies (LSA), dem Verband der f\u00fchrenden Kommunikationsagenturen der Schweiz.","breadcrumb":{"@id":"https:\/\/www.organisator.ch\/marketing\/2025-08-19\/allink-ist-neues-mitglied-vom-lsa\/#breadcrumb"},"inLanguage":"de","potentialAction":[{"@type":"ReadAction","target":["https:\/\/www.organisator.ch\/marketing\/2025-08-19\/allink-ist-neues-mitglied-vom-lsa\/"]}]},{"@type":"ImageObject","inLanguage":"de","@id":"https:\/\/www.organisator.ch\/marketing\/2025-08-19\/allink-ist-neues-mitglied-vom-lsa\/#primaryimage","url":"https:\/\/www.markt-kom.com\/wp-content\/uploads\/2025\/08\/allink-GL_H8A8521quer.jpg","contentUrl":"https:\/\/www.markt-kom.com\/wp-content\/uploads\/2025\/08\/allink-GL_H8A8521quer.jpg"},{"@type":"BreadcrumbList","@id":"https:\/\/www.organisator.ch\/marketing\/2025-08-19\/allink-ist-neues-mitglied-vom-lsa\/#breadcrumb","itemListElement":[{"@type":"ListItem","position":1,"name":"Home","item":"https:\/\/www.organisator.ch\/"},{"@type":"ListItem","position":2,"name":"Allink ist neues Mitglied vom LSA"}]},{"@type":"WebSite","@id":"https:\/\/www.organisator.ch\/#website","url":"https:\/\/www.organisator.ch\/","name":"Organisator","description":"Kompetent. Praxisnah. Der ORGANISATOR bereitet in 10 Ausgaben pro Jahr die wesentlichen Themen f\u00fcr F\u00fchrungskr\u00e4fte von KMU auf.","publisher":{"@id":"https:\/\/www.organisator.ch\/#organization"},"potentialAction":[{"@type":"SearchAction","target":{"@type":"EntryPoint","urlTemplate":"https:\/\/www.organisator.ch\/?s={search_term_string}"},"query-input":{"@type":"PropertyValueSpecification","valueRequired":true,"valueName":"search_term_string"}}],"inLanguage":"de"},{"@type":"Organization","@id":"https:\/\/www.organisator.ch\/#organization","name":"Organisator","url":"https:\/\/www.organisator.ch\/","logo":{"@type":"ImageObject","inLanguage":"de","@id":"https:\/\/www.organisator.ch\/#\/schema\/logo\/image\/","url":"https:\/\/www.organisator.ch\/wp-content\/uploads\/2022\/01\/Logo_Organisator_Website.png","contentUrl":"https:\/\/www.organisator.ch\/wp-content\/uploads\/2022\/01\/Logo_Organisator_Website.png","width":800,"height":77,"caption":"Organisator"},"image":{"@id":"https:\/\/www.organisator.ch\/#\/schema\/logo\/image\/"},"sameAs":["https:\/\/www.facebook.com\/OrganisatorFachmagazin","https:\/\/www.linkedin.com\/showcase\/organisator-das-magazin-fr-kmu","https:\/\/www.xing.com\/news\/pages\/organisator-ch-695","https:\/\/www.youtube.com\/channel\/UCGP2Sq0iWaZwT3BdIAQFYpw"]},{"@type":"Person","@id":"https:\/\/www.organisator.ch\/#\/schema\/person\/4e51799071cd2dd1232ac003643ef5f0","name":"galledia","image":{"@type":"ImageObject","inLanguage":"de","@id":"https:\/\/secure.gravatar.com\/avatar\/78a7f90c01fc2bfc875782a0d4922b37cde2cf184ce347b91316d23cd7f69a36?s=96&d=mm&r=g","url":"https:\/\/secure.gravatar.com\/avatar\/78a7f90c01fc2bfc875782a0d4922b37cde2cf184ce347b91316d23cd7f69a36?s=96&d=mm&r=g","contentUrl":"https:\/\/secure.gravatar.com\/avatar\/78a7f90c01fc2bfc875782a0d4922b37cde2cf184ce347b91316d23cd7f69a36?s=96&d=mm&r=g","caption":"galledia"},"sameAs":["https:\/\/x.com\/admin"],"url":"https:\/\/www.organisator.ch\/de\/author\/galledia\/"}]}},"_links":{"self":[{"href":"https:\/\/www.organisator.ch\/de\/wp-json\/wp\/v2\/posts\/40018","targetHints":{"allow":["GET"]}}],"collection":[{"href":"https:\/\/www.organisator.ch\/de\/wp-json\/wp\/v2\/posts"}],"about":[{"href":"https:\/\/www.organisator.ch\/de\/wp-json\/wp\/v2\/types\/post"}],"author":[{"embeddable":true,"href":"https:\/\/www.organisator.ch\/de\/wp-json\/wp\/v2\/users\/8"}],"replies":[{"embeddable":true,"href":"https:\/\/www.organisator.ch\/de\/wp-json\/wp\/v2\/comments?post=40018"}],"version-history":[{"count":3,"href":"https:\/\/www.organisator.ch\/de\/wp-json\/wp\/v2\/posts\/40018\/revisions"}],"predecessor-version":[{"id":40055,"href":"https:\/\/www.organisator.ch\/de\/wp-json\/wp\/v2\/posts\/40018\/revisions\/40055"}],"wp:attachment":[{"href":"https:\/\/www.organisator.ch\/de\/wp-json\/wp\/v2\/media?parent=40018"}],"wp:term":[{"taxonomy":"category","embeddable":true,"href":"https:\/\/www.organisator.ch\/de\/wp-json\/wp\/v2\/categories?post=40018"},{"taxonomy":"post_tag","embeddable":true,"href":"https:\/\/www.organisator.ch\/de\/wp-json\/wp\/v2\/tags?post=40018"}],"curies":[{"name":"wp","href":"https:\/\/api.w.org\/{rel}","templated":true}]}}