{"id":40037,"date":"2025-08-20T13:30:22","date_gmt":"2025-08-20T11:30:22","guid":{"rendered":"https:\/\/www.organisator.ch\/?p=40037"},"modified":"2025-08-20T13:30:22","modified_gmt":"2025-08-20T11:30:22","slug":"drei-nachhaltigkeits-pionierunternehmen-im-final-des-green-business-award","status":"publish","type":"post","link":"https:\/\/www.organisator.ch\/de\/sustainability\/2025-08-20\/drei-nachhaltigkeits-pionierunternehmen-im-final-des-green-business-award\/","title":{"rendered":"Drei Nachhaltigkeits-Pionierunternehmen im Final des Green Business Award"},"content":{"rendered":"<figure id=\"attachment_40038\" aria-describedby=\"caption-attachment-40038\" style=\"width: 680px\" class=\"wp-caption alignnone\"><img loading=\"lazy\" decoding=\"async\" class=\"size-full wp-image-40038\" src=\"https:\/\/www.organisator.ch\/wp-content\/uploads\/2025\/08\/Drei-Nachhaltigkeits-Pionierunternehmen-im-Final-des-Green-Business-Award_Organisator.jpg\" alt=\"\" width=\"680\" height=\"616\" srcset=\"https:\/\/www.organisator.ch\/wp-content\/uploads\/2025\/08\/Drei-Nachhaltigkeits-Pionierunternehmen-im-Final-des-Green-Business-Award_Organisator.jpg 680w, https:\/\/www.organisator.ch\/wp-content\/uploads\/2025\/08\/Drei-Nachhaltigkeits-Pionierunternehmen-im-Final-des-Green-Business-Award_Organisator-13x12.jpg 13w, https:\/\/www.organisator.ch\/wp-content\/uploads\/2025\/08\/Drei-Nachhaltigkeits-Pionierunternehmen-im-Final-des-Green-Business-Award_Organisator-331x300.jpg 331w, https:\/\/www.organisator.ch\/wp-content\/uploads\/2025\/08\/Drei-Nachhaltigkeits-Pionierunternehmen-im-Final-des-Green-Business-Award_Organisator-386x350.jpg 386w\" sizes=\"auto, (max-width: 680px) 100vw, 680px\" \/><figcaption id=\"caption-attachment-40038\" class=\"wp-caption-text\">Everllence, Oxyle und Voltiris sind mit ihren L\u00f6sungen die Finalisten f\u00fcr den diesj\u00e4hrigen Green Business Award. (Bilder: zVg \/ Greenbusiness.ch)<\/figcaption><\/figure>\n<p>\u00abEine lebenswerte Zukunft entsteht dort, wo Unternehmergeist auf \u00f6kologische Verantwortung trifft\u00bb, ist C\u00e9dric Habermacher, Direktor von Green Business Switzerland \u00fcberzeugt. Der Green Business Award ehrt jedes Jahr Schweizer L\u00f6sungen, die \u00f6kologischen Impact mit \u00f6konomischem Erfolg verbinden. In diesem Jahr sind zwei aufstrebende Scale-ups und ein Grossunternehmen mit nachhaltigem Gesch\u00e4ftsmodell unter den Finalisten.<\/p>\n<h3>Grossw\u00e4rmepumpe, die ganze St\u00e4dte mit klimaneutraler Fernw\u00e4rme versorgt<\/h3>\n<p>Rund 40% der weltweiten CO\u2082-Emissionen entstehen durch W\u00e4rmeerzeugung1. Everllence aus Z\u00fcrich setzt genau hier an und entwickelt Grossw\u00e4rmepumpen, mit denen ganze St\u00e4dte auf CO\u2082-neutrale Fernw\u00e4rme umgestellt werden k\u00f6nnen. Dazu nutzt das Unternehmen Umweltw\u00e4rme aus Meerwasser, Seen, Fl\u00fcssen, Abwasser, Umgebungsluft oder Industrieprozessen. Ein integrierter Wassertank speichert \u00fcbersch\u00fcssige W\u00e4rme und stellt sie bedarfsgerecht zur Verf\u00fcgung. So fungiert die W\u00e4rmepumpe nicht nur als W\u00e4rmelieferant, sondern auch als Energiespeicher. Das stabilisiert das Netz und erh\u00f6ht die Effizienz. Die Technologie von Everllence erm\u00f6glicht die gleichzeitige Produktion von W\u00e4rme und K\u00e4lte mit hoher Effizienz. In Esbjerg (DK) ersetzen zwei Grossw\u00e4rmepumpen ein ganzes Kohlekraftwerk und versorgen so 25&#8217;000 Haushalte mit klimafreundlicher Fernw\u00e4rme. Das spart j\u00e4hrlich rund 120\u2019000 Tonnen CO\u2082. Jurypr\u00e4sidentin Doris Leuthard: \u00abEverllence zeigt, wie Schweizer Industrie die Dekarbonisierung vorantreiben kann \u2013 technologisch pr\u00e4zise und wirtschaftlich tragf\u00e4hig. Genau solche L\u00f6sungen brauchen wir.\u00bb Entwickelt und produziert wird die Innovation in Z\u00fcrich-West \u2013 mit 950 Mitarbeitenden und 220 Jahren Erfahrung am Schweizer Standort.<\/p>\n<h3>Dauerhafte PFAS-Eliminierung f\u00fcr sauberes Wasser<\/h3>\n<p>Dr. Fajer Mushtaq ist in Delhi aufgewachsen, wo knappes und verschmutztes Wasser ihren Alltag pr\u00e4gten. Heute entwickelt die Mitgr\u00fcnderin und CEO von Oxyle aus Schlieren mit ihrem 30-k\u00f6pfigen Team die L\u00f6sung gegen eine der hartn\u00e4ckigsten Wasserbelastungen weltweit: PFAS, auch bekannt als \u00abewige Chemikalien\u00bb (<a href=\"https:\/\/www.organisator.ch\/de\/abo\/2025-02-27\/pfas-ein-ewiges-umweltrisiko\/\">siehe Artikel in ORGANISATOR 1-2\/2025, kostenpflichtig<\/a>). Sie stecken in Alltagsprodukten wie Outdoor-Kleidung, Backpapier, Kosmetik oder Teflonpfannen. \u00dcber das Abwasser gelangen sie in die Umwelt, reichern sich in B\u00f6den, Gew\u00e4ssern und im menschlichen K\u00f6rper an. Schon geringste Mengen k\u00f6nnen toxisch wirken \u2013 mit Folgen wie Krebs, Unfruchtbarkeit oder St\u00f6rungen des Immun- und Hormonsystems. Aufgrund ihrer chemischen Eigenschaften gelten PFAS als besonders umweltsch\u00e4dlich. Auch in der Schweiz ist das Wasser stark mit PFAS belastet: Eine Studie der nationalen Grundwasserbeobachtung (NAQUA) aus dem Jahr 2021 wies PFAS in fast der H\u00e4lfte von \u00fcber 500 untersuchten Grundwasser-Messstellen nach. Oxyle entwickelt eine L\u00f6sung, die PFAS nicht nur aus dem Wasser entfernt, sondern dauerhaft abbaut \u2013 auch die besonders problematischen kurzkettigen Verbindungen. \u00abOxyle bringt Licht in eine unsichtbare Gefahr, die uns alle betrifft und zeigt eindr\u00fccklich, wie Schweizer Technologie zur L\u00f6sung globaler Umweltprobleme beitragen kann\u00bb, sagt Doris Leuthard.<\/p>\n<h3>Innovative Solarmodule f\u00fcr Gew\u00e4chsh\u00e4user ganz ohne Ernteverlust<\/h3>\n<p>Landwirt:innen mit Gew\u00e4chsh\u00e4usern stehen vor einem Dilemma: Sie m\u00fcssen sich entscheiden, ob sie das Dach des Gew\u00e4chshauses f\u00fcr die Energiegewinnung oder f\u00fcr Sonnenlicht zur Pflanzenzucht nutzen. Pflanzen ben\u00f6tigen jedoch nur einen Teil des Lichtspektrums f\u00fcr die Photosynthese. Genau hier setzt Voltiris aus Epalinges (VD) an. Das Scale-up entwickelt Solarmodule, die das Licht spalten. Die speziellen Folien lassen den f\u00fcr das Pflanzenwachstum relevanten Anteil durch und wandeln den Rest in Solarstrom um. Die Technologie erm\u00f6glicht eine doppelte Nutzung der Fl\u00e4che \u2013 f\u00fcr Ertrag und Energie \u2013 ohne Beeintr\u00e4chtigung des Pflanzenwachstums. Die Module lassen sich in bestehende Gew\u00e4chsh\u00e4user integrieren und bieten eine L\u00f6sung f\u00fcr eine besonders energieintensive Branche. So k\u00f6nnen Gew\u00e4chsh\u00e4user ihren CO\u2082-Ausstoss mit den Solarmodulen von Voltiris um bis zu 95% senken. Mitgr\u00fcnder und CEO Nicolas Weber und sein 24-k\u00f6pfiges Team setzen die Technologie bereits im grossen Massstab um: Im Mai 2025 montierte Voltiris die erste Hektar-Installation bei Meier Gem\u00fcse in R\u00fctihof (AG). In nur vier Wochen installierten sie rund 1\u2018800 Module, ohne dabei die Produktion zu unterbrechen. \u00abDie Technologie von Voltiris kombiniert landwirtschaftliche Produktion mit erneuerbarer Energie sinnvoll. Das ist ein starker Hebel auf dem Weg zu einer klimaneutralen Landwirtschaft\u00bb, sagt Doris Leuthard \u00fcber den Entscheid der Jury.<\/p>\n<p>Das Finale des Green Business Award findet am 13. Februar 2026 bei Impact Gstaad statt. Die Finalisten pr\u00e4sentieren ihre L\u00f6sungen dort vor potenziellen Investor:innen und erhalten so die M\u00f6glichkeit auf Wachstumsfinanzierungen zur internationalen Skalierung. Denn nur wenn Schweizer L\u00f6sungen international zur Anwendung kommen, entsteht echter Impact f\u00fcr unseren Planeten.<\/p>\n<p><em>Quelle: <a class=\"prezly-slate-social-field__link\" href=\"https:\/\/www.greenbusiness.ch\/\" target=\"_blank\" rel=\"noreferrer noopener\"><span class=\"prezly-slate-social-field__value\">www.greenbusiness.ch<\/span><\/a><\/em><\/p>\n","protected":false},"excerpt":{"rendered":"<p>Vom Kampf gegen \u00abewige Chemikalien\u00bb \u00fcber klimaneutrale W\u00e4rmeversorgung f\u00fcr St\u00e4dte bis zu Solarstrom f\u00fcr Gew\u00e4chsh\u00e4user. Die drei Finalisten des siebten Green Business Award Oxyle, Everllence und Voltiris beweisen, dass Nachhaltigkeit zu unternehmerischem Erfolg f\u00fchrt.<\/p>\n","protected":false},"author":4,"featured_media":40038,"comment_status":"closed","ping_status":"closed","sticky":false,"template":"","format":"standard","meta":{"_acf_changed":false,"_yoast_wpseo_focuskw":"Green Business Award","_yoast_wpseo_metadesc":"Die drei Finalisten des siebten Green Business Award beweisen, dass Nachhaltigkeit zu unternehmerischem Erfolg f\u00fchrt.","articlekey":"","footnotes":""},"categories":[580],"tags":[66,358,451,492],"class_list":["post-40037","post","type-post","status-publish","format-standard","has-post-thumbnail","hentry","category-sustainability","tag-awards","tag-nachhaltige-wirtschaft","tag-startups","tag-unternehmen"],"acf":[],"yoast_head":"<!-- This site is optimized with the Yoast SEO plugin v27.4 - https:\/\/yoast.com\/product\/yoast-seo-wordpress\/ -->\n<title>Drei Nachhaltigkeits-Pionierunternehmen im Final des Green Business Award - Organisator<\/title>\n<meta name=\"description\" content=\"Die drei Finalisten des siebten Green Business Award beweisen, dass Nachhaltigkeit zu unternehmerischem Erfolg f\u00fchrt.\" \/>\n<meta name=\"robots\" content=\"index, follow, max-snippet:-1, max-image-preview:large, max-video-preview:-1\" \/>\n<link rel=\"canonical\" href=\"https:\/\/www.organisator.ch\/de\/sustainability\/2025-08-20\/drei-nachhaltigkeits-pionierunternehmen-im-final-des-green-business-award\/\" \/>\n<meta property=\"og:locale\" content=\"de_DE\" \/>\n<meta property=\"og:type\" content=\"article\" \/>\n<meta property=\"og:title\" content=\"Drei Nachhaltigkeits-Pionierunternehmen im Final des Green Business Award\" \/>\n<meta property=\"og:description\" content=\"Die drei Finalisten des siebten Green Business Award beweisen, dass Nachhaltigkeit zu unternehmerischem Erfolg f\u00fchrt.\" \/>\n<meta property=\"og:url\" content=\"https:\/\/www.organisator.ch\/de\/sustainability\/2025-08-20\/drei-nachhaltigkeits-pionierunternehmen-im-final-des-green-business-award\/\" \/>\n<meta property=\"og:site_name\" content=\"Organisator\" \/>\n<meta property=\"article:publisher\" content=\"https:\/\/www.facebook.com\/OrganisatorFachmagazin\" \/>\n<meta property=\"article:published_time\" content=\"2025-08-20T11:30:22+00:00\" \/>\n<meta property=\"og:image\" content=\"https:\/\/www.organisator.ch\/wp-content\/uploads\/2025\/08\/Drei-Nachhaltigkeits-Pionierunternehmen-im-Final-des-Green-Business-Award_Organisator.jpg\" \/>\n\t<meta property=\"og:image:width\" content=\"680\" \/>\n\t<meta property=\"og:image:height\" content=\"616\" \/>\n\t<meta property=\"og:image:type\" content=\"image\/jpeg\" \/>\n<meta name=\"author\" content=\"thomas.berner\" \/>\n<meta name=\"twitter:card\" content=\"summary_large_image\" \/>\n<meta name=\"twitter:title\" content=\"Drei #Nachhaltigkeits-Pionierunternehmen im Final des Green Business Award\" \/>\n<meta name=\"twitter:description\" content=\"Die drei Finalisten des siebten #GreenBusinessAward beweisen, dass Nachhaltigkeit zu unternehmerischem Erfolg f\u00fchrt.\" \/>\n<meta name=\"twitter:image\" content=\"https:\/\/www.organisator.ch\/wp-content\/uploads\/2025\/08\/Drei-Nachhaltigkeits-Pionierunternehmen-im-Final-des-Green-Business-Award_Organisator.jpg\" \/>\n<script type=\"application\/ld+json\" class=\"yoast-schema-graph\">{\"@context\":\"https:\\\/\\\/schema.org\",\"@graph\":[{\"@type\":\"Article\",\"@id\":\"https:\\\/\\\/www.organisator.ch\\\/sustainability\\\/2025-08-20\\\/drei-nachhaltigkeits-pionierunternehmen-im-final-des-green-business-award\\\/#article\",\"isPartOf\":{\"@id\":\"https:\\\/\\\/www.organisator.ch\\\/sustainability\\\/2025-08-20\\\/drei-nachhaltigkeits-pionierunternehmen-im-final-des-green-business-award\\\/\"},\"author\":{\"name\":\"thomas.berner\",\"@id\":\"https:\\\/\\\/www.organisator.ch\\\/#\\\/schema\\\/person\\\/6f650f90b2842cd4c0cc334b4e36f67e\"},\"headline\":\"Drei Nachhaltigkeits-Pionierunternehmen im Final des Green Business Award\",\"datePublished\":\"2025-08-20T11:30:22+00:00\",\"mainEntityOfPage\":{\"@id\":\"https:\\\/\\\/www.organisator.ch\\\/sustainability\\\/2025-08-20\\\/drei-nachhaltigkeits-pionierunternehmen-im-final-des-green-business-award\\\/\"},\"wordCount\":766,\"publisher\":{\"@id\":\"https:\\\/\\\/www.organisator.ch\\\/#organization\"},\"image\":{\"@id\":\"https:\\\/\\\/www.organisator.ch\\\/sustainability\\\/2025-08-20\\\/drei-nachhaltigkeits-pionierunternehmen-im-final-des-green-business-award\\\/#primaryimage\"},\"thumbnailUrl\":\"https:\\\/\\\/www.organisator.ch\\\/wp-content\\\/uploads\\\/2025\\\/08\\\/Drei-Nachhaltigkeits-Pionierunternehmen-im-Final-des-Green-Business-Award_Organisator.jpg\",\"keywords\":[\"Awards\",\"Nachhaltige Wirtschaft\",\"Startups\",\"Unternehmen\"],\"articleSection\":[\"SUSTAINABILITY\"],\"inLanguage\":\"de\"},{\"@type\":\"WebPage\",\"@id\":\"https:\\\/\\\/www.organisator.ch\\\/sustainability\\\/2025-08-20\\\/drei-nachhaltigkeits-pionierunternehmen-im-final-des-green-business-award\\\/\",\"url\":\"https:\\\/\\\/www.organisator.ch\\\/sustainability\\\/2025-08-20\\\/drei-nachhaltigkeits-pionierunternehmen-im-final-des-green-business-award\\\/\",\"name\":\"Drei Nachhaltigkeits-Pionierunternehmen im Final des Green Business Award - Organisator\",\"isPartOf\":{\"@id\":\"https:\\\/\\\/www.organisator.ch\\\/#website\"},\"primaryImageOfPage\":{\"@id\":\"https:\\\/\\\/www.organisator.ch\\\/sustainability\\\/2025-08-20\\\/drei-nachhaltigkeits-pionierunternehmen-im-final-des-green-business-award\\\/#primaryimage\"},\"image\":{\"@id\":\"https:\\\/\\\/www.organisator.ch\\\/sustainability\\\/2025-08-20\\\/drei-nachhaltigkeits-pionierunternehmen-im-final-des-green-business-award\\\/#primaryimage\"},\"thumbnailUrl\":\"https:\\\/\\\/www.organisator.ch\\\/wp-content\\\/uploads\\\/2025\\\/08\\\/Drei-Nachhaltigkeits-Pionierunternehmen-im-Final-des-Green-Business-Award_Organisator.jpg\",\"datePublished\":\"2025-08-20T11:30:22+00:00\",\"description\":\"Die drei Finalisten des siebten Green Business Award beweisen, dass Nachhaltigkeit zu unternehmerischem Erfolg f\u00fchrt.\",\"breadcrumb\":{\"@id\":\"https:\\\/\\\/www.organisator.ch\\\/sustainability\\\/2025-08-20\\\/drei-nachhaltigkeits-pionierunternehmen-im-final-des-green-business-award\\\/#breadcrumb\"},\"inLanguage\":\"de\",\"potentialAction\":[{\"@type\":\"ReadAction\",\"target\":[\"https:\\\/\\\/www.organisator.ch\\\/sustainability\\\/2025-08-20\\\/drei-nachhaltigkeits-pionierunternehmen-im-final-des-green-business-award\\\/\"]}]},{\"@type\":\"ImageObject\",\"inLanguage\":\"de\",\"@id\":\"https:\\\/\\\/www.organisator.ch\\\/sustainability\\\/2025-08-20\\\/drei-nachhaltigkeits-pionierunternehmen-im-final-des-green-business-award\\\/#primaryimage\",\"url\":\"https:\\\/\\\/www.organisator.ch\\\/wp-content\\\/uploads\\\/2025\\\/08\\\/Drei-Nachhaltigkeits-Pionierunternehmen-im-Final-des-Green-Business-Award_Organisator.jpg\",\"contentUrl\":\"https:\\\/\\\/www.organisator.ch\\\/wp-content\\\/uploads\\\/2025\\\/08\\\/Drei-Nachhaltigkeits-Pionierunternehmen-im-Final-des-Green-Business-Award_Organisator.jpg\",\"width\":680,\"height\":616,\"caption\":\"Everllence, Oxyle und Voltiris sind mit ihren L\u00f6sungen die Finalisten f\u00fcr den diesj\u00e4hrigen Green Business Award. (Bilder: zVg \\\/ Greenbusiness.ch)\"},{\"@type\":\"BreadcrumbList\",\"@id\":\"https:\\\/\\\/www.organisator.ch\\\/sustainability\\\/2025-08-20\\\/drei-nachhaltigkeits-pionierunternehmen-im-final-des-green-business-award\\\/#breadcrumb\",\"itemListElement\":[{\"@type\":\"ListItem\",\"position\":1,\"name\":\"Home\",\"item\":\"https:\\\/\\\/www.organisator.ch\\\/\"},{\"@type\":\"ListItem\",\"position\":2,\"name\":\"Drei Nachhaltigkeits-Pionierunternehmen im Final des Green Business Award\"}]},{\"@type\":\"WebSite\",\"@id\":\"https:\\\/\\\/www.organisator.ch\\\/#website\",\"url\":\"https:\\\/\\\/www.organisator.ch\\\/\",\"name\":\"Organisator\",\"description\":\"Kompetent. Praxisnah. Der ORGANISATOR bereitet in 10 Ausgaben pro Jahr die wesentlichen Themen f\u00fcr F\u00fchrungskr\u00e4fte von KMU auf.\",\"publisher\":{\"@id\":\"https:\\\/\\\/www.organisator.ch\\\/#organization\"},\"potentialAction\":[{\"@type\":\"SearchAction\",\"target\":{\"@type\":\"EntryPoint\",\"urlTemplate\":\"https:\\\/\\\/www.organisator.ch\\\/?s={search_term_string}\"},\"query-input\":{\"@type\":\"PropertyValueSpecification\",\"valueRequired\":true,\"valueName\":\"search_term_string\"}}],\"inLanguage\":\"de\"},{\"@type\":\"Organization\",\"@id\":\"https:\\\/\\\/www.organisator.ch\\\/#organization\",\"name\":\"Organisator\",\"url\":\"https:\\\/\\\/www.organisator.ch\\\/\",\"logo\":{\"@type\":\"ImageObject\",\"inLanguage\":\"de\",\"@id\":\"https:\\\/\\\/www.organisator.ch\\\/#\\\/schema\\\/logo\\\/image\\\/\",\"url\":\"https:\\\/\\\/www.organisator.ch\\\/wp-content\\\/uploads\\\/2022\\\/01\\\/Logo_Organisator_Website.png\",\"contentUrl\":\"https:\\\/\\\/www.organisator.ch\\\/wp-content\\\/uploads\\\/2022\\\/01\\\/Logo_Organisator_Website.png\",\"width\":800,\"height\":77,\"caption\":\"Organisator\"},\"image\":{\"@id\":\"https:\\\/\\\/www.organisator.ch\\\/#\\\/schema\\\/logo\\\/image\\\/\"},\"sameAs\":[\"https:\\\/\\\/www.facebook.com\\\/OrganisatorFachmagazin\",\"https:\\\/\\\/www.linkedin.com\\\/showcase\\\/organisator-das-magazin-fr-kmu\",\"https:\\\/\\\/www.xing.com\\\/news\\\/pages\\\/organisator-ch-695\",\"https:\\\/\\\/www.youtube.com\\\/channel\\\/UCGP2Sq0iWaZwT3BdIAQFYpw\"]},{\"@type\":\"Person\",\"@id\":\"https:\\\/\\\/www.organisator.ch\\\/#\\\/schema\\\/person\\\/6f650f90b2842cd4c0cc334b4e36f67e\",\"name\":\"thomas.berner\",\"image\":{\"@type\":\"ImageObject\",\"inLanguage\":\"de\",\"@id\":\"https:\\\/\\\/secure.gravatar.com\\\/avatar\\\/ac5001d2a36cb6c6cd3e50789007ffca834b477b74a2144564522e944eabff61?s=96&d=mm&r=g\",\"url\":\"https:\\\/\\\/secure.gravatar.com\\\/avatar\\\/ac5001d2a36cb6c6cd3e50789007ffca834b477b74a2144564522e944eabff61?s=96&d=mm&r=g\",\"contentUrl\":\"https:\\\/\\\/secure.gravatar.com\\\/avatar\\\/ac5001d2a36cb6c6cd3e50789007ffca834b477b74a2144564522e944eabff61?s=96&d=mm&r=g\",\"caption\":\"thomas.berner\"},\"url\":\"https:\\\/\\\/www.organisator.ch\\\/de\\\/author\\\/thomas-berner\\\/\"}]}<\/script>\n<!-- \/ Yoast SEO plugin. -->","yoast_head_json":{"title":"Drei Nachhaltigkeits-Pionierunternehmen im Final des Green Business Award - Organisator","description":"Die drei Finalisten des siebten Green Business Award beweisen, dass Nachhaltigkeit zu unternehmerischem Erfolg f\u00fchrt.","robots":{"index":"index","follow":"follow","max-snippet":"max-snippet:-1","max-image-preview":"max-image-preview:large","max-video-preview":"max-video-preview:-1"},"canonical":"https:\/\/www.organisator.ch\/de\/sustainability\/2025-08-20\/drei-nachhaltigkeits-pionierunternehmen-im-final-des-green-business-award\/","og_locale":"de_DE","og_type":"article","og_title":"Drei Nachhaltigkeits-Pionierunternehmen im Final des Green Business Award","og_description":"Die drei Finalisten des siebten Green Business Award beweisen, dass Nachhaltigkeit zu unternehmerischem Erfolg f\u00fchrt.","og_url":"https:\/\/www.organisator.ch\/de\/sustainability\/2025-08-20\/drei-nachhaltigkeits-pionierunternehmen-im-final-des-green-business-award\/","og_site_name":"Organisator","article_publisher":"https:\/\/www.facebook.com\/OrganisatorFachmagazin","article_published_time":"2025-08-20T11:30:22+00:00","og_image":[{"width":680,"height":616,"url":"https:\/\/www.organisator.ch\/wp-content\/uploads\/2025\/08\/Drei-Nachhaltigkeits-Pionierunternehmen-im-Final-des-Green-Business-Award_Organisator.jpg","type":"image\/jpeg"}],"author":"thomas.berner","twitter_card":"summary_large_image","twitter_title":"Drei #Nachhaltigkeits-Pionierunternehmen im Final des Green Business Award","twitter_description":"Die drei Finalisten des siebten #GreenBusinessAward beweisen, dass Nachhaltigkeit zu unternehmerischem Erfolg f\u00fchrt.","twitter_image":"https:\/\/www.organisator.ch\/wp-content\/uploads\/2025\/08\/Drei-Nachhaltigkeits-Pionierunternehmen-im-Final-des-Green-Business-Award_Organisator.jpg","schema":{"@context":"https:\/\/schema.org","@graph":[{"@type":"Article","@id":"https:\/\/www.organisator.ch\/sustainability\/2025-08-20\/drei-nachhaltigkeits-pionierunternehmen-im-final-des-green-business-award\/#article","isPartOf":{"@id":"https:\/\/www.organisator.ch\/sustainability\/2025-08-20\/drei-nachhaltigkeits-pionierunternehmen-im-final-des-green-business-award\/"},"author":{"name":"thomas.berner","@id":"https:\/\/www.organisator.ch\/#\/schema\/person\/6f650f90b2842cd4c0cc334b4e36f67e"},"headline":"Drei Nachhaltigkeits-Pionierunternehmen im Final des Green Business Award","datePublished":"2025-08-20T11:30:22+00:00","mainEntityOfPage":{"@id":"https:\/\/www.organisator.ch\/sustainability\/2025-08-20\/drei-nachhaltigkeits-pionierunternehmen-im-final-des-green-business-award\/"},"wordCount":766,"publisher":{"@id":"https:\/\/www.organisator.ch\/#organization"},"image":{"@id":"https:\/\/www.organisator.ch\/sustainability\/2025-08-20\/drei-nachhaltigkeits-pionierunternehmen-im-final-des-green-business-award\/#primaryimage"},"thumbnailUrl":"https:\/\/www.organisator.ch\/wp-content\/uploads\/2025\/08\/Drei-Nachhaltigkeits-Pionierunternehmen-im-Final-des-Green-Business-Award_Organisator.jpg","keywords":["Awards","Nachhaltige Wirtschaft","Startups","Unternehmen"],"articleSection":["SUSTAINABILITY"],"inLanguage":"de"},{"@type":"WebPage","@id":"https:\/\/www.organisator.ch\/sustainability\/2025-08-20\/drei-nachhaltigkeits-pionierunternehmen-im-final-des-green-business-award\/","url":"https:\/\/www.organisator.ch\/sustainability\/2025-08-20\/drei-nachhaltigkeits-pionierunternehmen-im-final-des-green-business-award\/","name":"Drei Nachhaltigkeits-Pionierunternehmen im Final des Green Business Award - Organisator","isPartOf":{"@id":"https:\/\/www.organisator.ch\/#website"},"primaryImageOfPage":{"@id":"https:\/\/www.organisator.ch\/sustainability\/2025-08-20\/drei-nachhaltigkeits-pionierunternehmen-im-final-des-green-business-award\/#primaryimage"},"image":{"@id":"https:\/\/www.organisator.ch\/sustainability\/2025-08-20\/drei-nachhaltigkeits-pionierunternehmen-im-final-des-green-business-award\/#primaryimage"},"thumbnailUrl":"https:\/\/www.organisator.ch\/wp-content\/uploads\/2025\/08\/Drei-Nachhaltigkeits-Pionierunternehmen-im-Final-des-Green-Business-Award_Organisator.jpg","datePublished":"2025-08-20T11:30:22+00:00","description":"Die drei Finalisten des siebten Green Business Award beweisen, dass Nachhaltigkeit zu unternehmerischem Erfolg f\u00fchrt.","breadcrumb":{"@id":"https:\/\/www.organisator.ch\/sustainability\/2025-08-20\/drei-nachhaltigkeits-pionierunternehmen-im-final-des-green-business-award\/#breadcrumb"},"inLanguage":"de","potentialAction":[{"@type":"ReadAction","target":["https:\/\/www.organisator.ch\/sustainability\/2025-08-20\/drei-nachhaltigkeits-pionierunternehmen-im-final-des-green-business-award\/"]}]},{"@type":"ImageObject","inLanguage":"de","@id":"https:\/\/www.organisator.ch\/sustainability\/2025-08-20\/drei-nachhaltigkeits-pionierunternehmen-im-final-des-green-business-award\/#primaryimage","url":"https:\/\/www.organisator.ch\/wp-content\/uploads\/2025\/08\/Drei-Nachhaltigkeits-Pionierunternehmen-im-Final-des-Green-Business-Award_Organisator.jpg","contentUrl":"https:\/\/www.organisator.ch\/wp-content\/uploads\/2025\/08\/Drei-Nachhaltigkeits-Pionierunternehmen-im-Final-des-Green-Business-Award_Organisator.jpg","width":680,"height":616,"caption":"Everllence, Oxyle und Voltiris sind mit ihren L\u00f6sungen die Finalisten f\u00fcr den diesj\u00e4hrigen Green Business Award. (Bilder: zVg \/ Greenbusiness.ch)"},{"@type":"BreadcrumbList","@id":"https:\/\/www.organisator.ch\/sustainability\/2025-08-20\/drei-nachhaltigkeits-pionierunternehmen-im-final-des-green-business-award\/#breadcrumb","itemListElement":[{"@type":"ListItem","position":1,"name":"Home","item":"https:\/\/www.organisator.ch\/"},{"@type":"ListItem","position":2,"name":"Drei Nachhaltigkeits-Pionierunternehmen im Final des Green Business Award"}]},{"@type":"WebSite","@id":"https:\/\/www.organisator.ch\/#website","url":"https:\/\/www.organisator.ch\/","name":"Organisator","description":"Kompetent. Praxisnah. Der ORGANISATOR bereitet in 10 Ausgaben pro Jahr die wesentlichen Themen f\u00fcr F\u00fchrungskr\u00e4fte von KMU auf.","publisher":{"@id":"https:\/\/www.organisator.ch\/#organization"},"potentialAction":[{"@type":"SearchAction","target":{"@type":"EntryPoint","urlTemplate":"https:\/\/www.organisator.ch\/?s={search_term_string}"},"query-input":{"@type":"PropertyValueSpecification","valueRequired":true,"valueName":"search_term_string"}}],"inLanguage":"de"},{"@type":"Organization","@id":"https:\/\/www.organisator.ch\/#organization","name":"Organisator","url":"https:\/\/www.organisator.ch\/","logo":{"@type":"ImageObject","inLanguage":"de","@id":"https:\/\/www.organisator.ch\/#\/schema\/logo\/image\/","url":"https:\/\/www.organisator.ch\/wp-content\/uploads\/2022\/01\/Logo_Organisator_Website.png","contentUrl":"https:\/\/www.organisator.ch\/wp-content\/uploads\/2022\/01\/Logo_Organisator_Website.png","width":800,"height":77,"caption":"Organisator"},"image":{"@id":"https:\/\/www.organisator.ch\/#\/schema\/logo\/image\/"},"sameAs":["https:\/\/www.facebook.com\/OrganisatorFachmagazin","https:\/\/www.linkedin.com\/showcase\/organisator-das-magazin-fr-kmu","https:\/\/www.xing.com\/news\/pages\/organisator-ch-695","https:\/\/www.youtube.com\/channel\/UCGP2Sq0iWaZwT3BdIAQFYpw"]},{"@type":"Person","@id":"https:\/\/www.organisator.ch\/#\/schema\/person\/6f650f90b2842cd4c0cc334b4e36f67e","name":"thomas.berner","image":{"@type":"ImageObject","inLanguage":"de","@id":"https:\/\/secure.gravatar.com\/avatar\/ac5001d2a36cb6c6cd3e50789007ffca834b477b74a2144564522e944eabff61?s=96&d=mm&r=g","url":"https:\/\/secure.gravatar.com\/avatar\/ac5001d2a36cb6c6cd3e50789007ffca834b477b74a2144564522e944eabff61?s=96&d=mm&r=g","contentUrl":"https:\/\/secure.gravatar.com\/avatar\/ac5001d2a36cb6c6cd3e50789007ffca834b477b74a2144564522e944eabff61?s=96&d=mm&r=g","caption":"thomas.berner"},"url":"https:\/\/www.organisator.ch\/de\/author\/thomas-berner\/"}]}},"_links":{"self":[{"href":"https:\/\/www.organisator.ch\/de\/wp-json\/wp\/v2\/posts\/40037","targetHints":{"allow":["GET"]}}],"collection":[{"href":"https:\/\/www.organisator.ch\/de\/wp-json\/wp\/v2\/posts"}],"about":[{"href":"https:\/\/www.organisator.ch\/de\/wp-json\/wp\/v2\/types\/post"}],"author":[{"embeddable":true,"href":"https:\/\/www.organisator.ch\/de\/wp-json\/wp\/v2\/users\/4"}],"replies":[{"embeddable":true,"href":"https:\/\/www.organisator.ch\/de\/wp-json\/wp\/v2\/comments?post=40037"}],"version-history":[{"count":2,"href":"https:\/\/www.organisator.ch\/de\/wp-json\/wp\/v2\/posts\/40037\/revisions"}],"predecessor-version":[{"id":40051,"href":"https:\/\/www.organisator.ch\/de\/wp-json\/wp\/v2\/posts\/40037\/revisions\/40051"}],"wp:featuredmedia":[{"embeddable":true,"href":"https:\/\/www.organisator.ch\/de\/wp-json\/wp\/v2\/media\/40038"}],"wp:attachment":[{"href":"https:\/\/www.organisator.ch\/de\/wp-json\/wp\/v2\/media?parent=40037"}],"wp:term":[{"taxonomy":"category","embeddable":true,"href":"https:\/\/www.organisator.ch\/de\/wp-json\/wp\/v2\/categories?post=40037"},{"taxonomy":"post_tag","embeddable":true,"href":"https:\/\/www.organisator.ch\/de\/wp-json\/wp\/v2\/tags?post=40037"}],"curies":[{"name":"wp","href":"https:\/\/api.w.org\/{rel}","templated":true}]}}