{"id":4010,"date":"2018-08-06T08:37:48","date_gmt":"2018-08-06T06:37:48","guid":{"rendered":"https:\/\/www.organisator.ch\/?p=4010"},"modified":"2018-08-06T08:37:48","modified_gmt":"2018-08-06T06:37:48","slug":"suisseemex18-der-groesste-schweizer-marketing-digital-event","status":"publish","type":"post","link":"https:\/\/www.organisator.ch\/de\/marketing\/2018-08-06\/suisseemex18-der-groesste-schweizer-marketing-digital-event\/","title":{"rendered":"SuisseEMEX\u201918: Der gr\u00f6sste Schweizer Marketing &#038; Digital Event"},"content":{"rendered":"<figure id=\"attachment_4011\" aria-describedby=\"caption-attachment-4011\" style=\"width: 640px\" class=\"wp-caption alignnone\"><img loading=\"lazy\" decoding=\"async\" class=\"size-full wp-image-4011\" src=\"https:\/\/www.organisator.ch\/wp-content\/uploads\/2018\/08\/SuisseEMEX18-Der-groesste-Schweizer-Marketing-Digital-Event_Organisator.jpg\" alt=\"\" width=\"640\" height=\"426\" srcset=\"https:\/\/www.organisator.ch\/wp-content\/uploads\/2018\/08\/SuisseEMEX18-Der-groesste-Schweizer-Marketing-Digital-Event_Organisator.jpg 640w, https:\/\/www.organisator.ch\/wp-content\/uploads\/2018\/08\/SuisseEMEX18-Der-groesste-Schweizer-Marketing-Digital-Event_Organisator-16x12.jpg 16w, https:\/\/www.organisator.ch\/wp-content\/uploads\/2018\/08\/SuisseEMEX18-Der-groesste-Schweizer-Marketing-Digital-Event_Organisator-263x175.jpg 263w, https:\/\/www.organisator.ch\/wp-content\/uploads\/2018\/08\/SuisseEMEX18-Der-groesste-Schweizer-Marketing-Digital-Event_Organisator-526x350.jpg 526w, https:\/\/www.organisator.ch\/wp-content\/uploads\/2018\/08\/SuisseEMEX18-Der-groesste-Schweizer-Marketing-Digital-Event_Organisator-300x200.jpg 300w\" sizes=\"auto, (max-width: 640px) 100vw, 640px\" \/><figcaption id=\"caption-attachment-4011\" class=\"wp-caption-text\">Der Rote Teppich f\u00fcr die SuisseEMEX&#8217;18 ist ausgerollt. (Bild: suisseEMEX)<\/figcaption><\/figure>\n<p>\u00abDie SuisseEMEX ist wie ein Schweizer Taschenmesser f\u00fcr das Marketing der Zukunft\u00bb, erkl\u00e4rt die Veranstalterin Ewa Ming, Gesch\u00e4ftsf\u00fchrerin EMEX Management GmbH und ist stolz auf das hochkar\u00e4tige Event- und Kongressprogramm. Mit rund 500 namhaften Ausstellern, Partnern und Meinungsbildnern aus dem In- und Ausland und einem breiten Referate- &amp; Weiterbildungsangebot mit \u00fcber 100 Speakern auf verschiedenen B\u00fchnen ist die SuisseEMEX&#8217;18 der gr\u00f6sste Schweizer Marketing &amp; Digital Event und zugleich bedeutendste Plattform f\u00fcr Innovationen, Trends, Best Practices und direkten Wissensaustausch von f\u00fchrenden Experten, Weiterdenkern und Digital Natives. Am j\u00e4hrlichen Marketing-Treffpunkt im Festival-Style werden rund 14&#8217;000 Fachbesucher aus der Schweiz und dem umliegenden Ausland erwartet, um an Messest\u00e4nden, Afterwork-Ap\u00e9ros, Meetup-Events und Netzwerk-Sessions wertvolle neue Businesskontakte zu kn\u00fcpfen. Flankierend dazu f\u00f6rdert die EMEX-Community-App die Vernetzung unter den Teilnehmern und erm\u00f6glicht die rasche Informationsgewinnung zum laufenden Veranstaltungsprogramm.<\/p>\n<h2><strong>Alles f\u00fcr erlebbare Markenwelten und erfolgreiche Events<\/strong><\/h2>\n<p>Live erlebbare, emotionale Marken- und Kundenerlebnisse werden in der digitalen Welt immer wichtiger. In der Halle 4 \u00abEvent- &amp; LiveCom\u00bb dreht sich alles um die direkte Kundenbegegnung und wirkungsvolle Veranstaltung. Pr\u00e4sentiert wird eine breite Palette an Angeboten und Produkten zur erfolgreichen Live-Kommunikation und Eventplanung. Besucher informieren sich \u00fcber aktuelle Entwicklungen aus den Bereichen Multimedia, Messebau, Eventtechnologien und Brand Experience und k\u00f6nnen diese vor Ort ausprobieren und erleben. Passend zur Thematik Live und Events ist in dieser Messehalle auch eines der neuen Messe-Highlights angesiedelt, die \u00abMICE Days Switzerland\u00bb. Die Aussteller dieses neuen Spezialbereichs pr\u00e4sentieren die Neuheiten aus dem Meeting-, Incentives- Kongress- und Veranstaltungsgesch\u00e4ft. Hier finden besonders Eventplaner in k\u00fcrzester Zeit wertvolle Ideen, Inspiration und Kontakte f\u00fcr ihren n\u00e4chsten Anlass.<\/p>\n<h2><strong>Die bunte Welt der kreativen Werbemittel <\/strong><\/h2>\n<p>Je digitaler die Welt, umso mehr freuen sich die Besucher auch \u00fcber Werbemittel zum Anfassen. In Halle 3 \u00abKreative Werbemittel\u00bb verf\u00fchren bekannte Fine Food Spezialisten, Produzenten und H\u00e4ndler mit tausenden von innovativen Produkten, exklusiven Werbegeschenken und lustigen Give-aways zum Ausprobieren und Degustieren. Der Erlebnisbereich \u00abZone S\u00bb wird in Kooperation mit den Nachhaltigkeitsspezialisten der s\u00fcrprisen gmbh und den 3D-Experten der Form AG gestaltet und r\u00fcckt \u00f6kologisch, sozial und fair produzierte Produkte ins Zentrum. Multisensorische Erlebnisse sind in dieser Halle garantiert und zeigen live auf, dass der richtig gew\u00e4hlte Werbeartikel immer noch bestens funktioniert und seine Wirkung beim Kunden nicht verfehlt.<\/p>\n<h2><strong>Marketing der Zukunft und die digitale Arbeitswelt 4.0 erleben<\/strong><\/h2>\n<p>Die neusten Angebote aus den Bereichen Digital Marketing und Kommunikation der Zukunft f\u00fchren die Messebesucher direkt in Halle 6 \u00abDigital &amp; Marketing\u00bb mit dem Spezialbereich \u00abNeue Arbeitswelt 4.0\u00bb. Hier widmet man sich der Fragestellung nach den Arbeitsmodellen und Kommunikationswegen der Zukunft und findet Ideen in Form von neuen Arbeitstools, mobilen Office Konzepten und Co-Creating M\u00f6glichkeiten. F\u00fcr Interessierte in Sachen Selbstmarketing offeriert der Kaufm\u00e4nnische Verband Z\u00fcrich &#8211; in abgeschirmten 15-min\u00fctigen Einzelgespr\u00e4chen &#8211; kostenlos die Analyse der wichtigsten Bewerbungsdokumente, zudem geben die anwesenden Verbandsexperten Tipps und Inputs zu Karrierefragen. Das breite Wissensangebot zum Thema Marketing der Zukunft wird weiter angereichert durch das Google Atelier Digital. In diesem Bereich zeigen Google-Spezialisten auf, wie Unternehmen sich durch Such-, Banner- und Video-Werbung online erfolgreich vermarkten k\u00f6nnen und f\u00fchren vor Ort Trainings f\u00fcr Einsteiger und Fortgeschrittene durch.<\/p>\n<h2><strong>Neuer Marketingkongress \u00abFuturize M\u00bb <\/strong><\/h2>\n<p>Das Thema Marketing der Zukunft wird in diesem Jahr erweitert um den eigenst\u00e4ndigen Kongress \u00abFuturize M\u00bb. Unter dem Titel \u00abKundengewinnung und Kundenpflege im digitalen Zeitalter\u00bb wird konkret aufgezeigt, wie man heute neue Kunden findet und vor allem langfristig bindet. Pr\u00e4sentiert wird ein hochkar\u00e4tiges, internationales Speaker-Programm, Best Practice Pr\u00e4sentationen von ausgewiesenen Fachexperten, praxisnahe Master Classes, inspirierende, teilweise provokative Talkrunden sowie ein Generation Z Live Lab mit Digital Natives. Der Kongress garantiert den Teilnehmern wertvolles Wissen sowie die optimale M\u00f6glichkeit zur Erweiterung des pers\u00f6nlichen Business Netzwerks. F\u00fcr die Teilnahme ist ein separates Kongressticket n\u00f6tig.<\/p>\n<h2><strong>Gr\u00f6sster Schweizer Wissens-Kongress f\u00fcr Digitalisierung<\/strong><\/h2>\n<p>Parallel zur SuisseEMEX\u201918 findet in Halle 7 der zweite Digital Summit f\u00fcr KMU statt. Dieser richtet sich an KMU-Unternehmer, welche sich f\u00fcr die Potentiale der Digitalisierung interessieren und ihr Wissen durch praxisrelevante Keynotes, Best Practice und Lernwerkst\u00e4tten erweitern und vertiefen wollen. Alle Informationen und Tickets: <a href=\"http:\/\/elink.clickdimensions.com\/c\/4\/?T=NTQ5MzI5NjI%3AMDItYjE4MjE1LTM1OWUzMmU1ZjdmZTQxNjU5ZTExZDI2OGNjYTliYmMw%3AdGhvbWFzLmJlcm5lckBvcmdhbmlzYXRvci5jaA%3AY29udGFjdC02ZDRhNzk4ZTM2MjhlNjExODBkMTI4OTI0YTJmMGRjNS1kZThmZDdhMGRhMGU0Y2E4YWQxYWVhNWY3YTM4Njk0MQ%3AZmFsc2U%3AMQ%3A%3AaHR0cDovL3d3dy5zd2lzc2RpZ2l0YWxjb21wYW55LmNoLz9fY2xkZWU9ZEdodmJXRnpMbUpsY201bGNrQnZjbWRoYm1sellYUnZjaTVqYUElM2QlM2QmcmVjaXBpZW50aWQ9Y29udGFjdC02ZDRhNzk4ZTM2MjhlNjExODBkMTI4OTI0YTJmMGRjNS1kZThmZDdhMGRhMGU0Y2E4YWQxYWVhNWY3YTM4Njk0MSZlc2lkPWQ5YmM5NTdmLTIwOTctZTgxMS04MGVkLTI4OTI0YTJmMGRjNQ&amp;K=GxcnTw6y4yNar20EVyEFBg\">www.swissdigitalcompany.ch<\/a><\/p>\n<h2><strong>Let\u2019s Party nach Messeschluss! <\/strong><\/h2>\n<p>Die Afterwork-Party \u00abEMEX Night\u00bb bringt inmitten der Event-Halle 4, das Who-is-Who der Schweizer Marketing-, Digital- und Eventbranche zusammen. Am Dienstag, 28. August 2018 treffen sich ab 19:15 Uhr Besucher und Aussteller, Branchen-Cracks und Prominente zum ungezwungenen Austausch und Networking in lockerer Atmosph\u00e4re und Party-Stimmung. Auf der B\u00fchne rockt die Live Band ELIJAH bevor der Star-DJ MR.DA-NOS die Halle zum Tanzen bringt. Hippe Foodcorners, coole Drinks und zahlreiche Entertainment-Spots inmitten der St\u00e4nde machen die Party perfekt.<\/p>\n<p>Tickets f\u00fcr alle Veranstaltungen rund um die SuisseEMEX&#8217;18\u00a0sind im Online-Ticketshop erh\u00e4ltlich: <a href=\"http:\/\/elink.clickdimensions.com\/c\/4\/?T=NTQ5MzI5NjI%3AMDItYjE4MjE1LTM1OWUzMmU1ZjdmZTQxNjU5ZTExZDI2OGNjYTliYmMw%3AdGhvbWFzLmJlcm5lckBvcmdhbmlzYXRvci5jaA%3AY29udGFjdC02ZDRhNzk4ZTM2MjhlNjExODBkMTI4OTI0YTJmMGRjNS1kZThmZDdhMGRhMGU0Y2E4YWQxYWVhNWY3YTM4Njk0MQ%3AZmFsc2U%3AMg%3A%3AaHR0cDovL3d3dy5zdWlzc2UtZW1leC5jaC90aWNrZXRzP19jbGRlZT1kR2h2YldGekxtSmxjbTVsY2tCdmNtZGhibWx6WVhSdmNpNWphQSUzZCUzZCZyZWNpcGllbnRpZD1jb250YWN0LTZkNGE3OThlMzYyOGU2MTE4MGQxMjg5MjRhMmYwZGM1LWRlOGZkN2EwZGEwZTRjYThhZDFhZWE1ZjdhMzg2OTQxJmVzaWQ9ZDliYzk1N2YtMjA5Ny1lODExLTgwZWQtMjg5MjRhMmYwZGM1&amp;K=zijmtVFoWo3bXSL1ETC96g\">http:\/\/www.suisse-emex.ch\/tickets<\/a><\/p>\n","protected":false},"excerpt":{"rendered":"<p>\u00abDie SuisseEMEX ist wie ein Schweizer Taschenmesser f\u00fcr das Marketing der Zukunft\u00bb, erkl\u00e4rt die Veranstalterin Ewa Ming, Gesch\u00e4ftsf\u00fchrerin EMEX Management GmbH und ist stolz auf das hochkar\u00e4tige Event- und Kongressprogramm. Mit rund 500 namhaften Ausstellern, Partnern und Meinungsbildnern aus dem In- und Ausland und einem breiten Referate- &amp; Weiterbildungsangebot mit \u00fcber 100 Speakern auf verschiedenen [&hellip;]<\/p>\n","protected":false},"author":4,"featured_media":4011,"comment_status":"open","ping_status":"open","sticky":false,"template":"","format":"standard","meta":{"_acf_changed":false,"_yoast_wpseo_focuskw":"SuisseEMEX'18","_yoast_wpseo_metadesc":"Am 28. & 29. August findet der gr\u00f6sste Schweizer Marketing Event SuisseEMEX'18 mit verschiedenen Parallel-Veranstaltungen in der Messe Z\u00fcrich statt.","articlekey":"","footnotes":""},"categories":[29],"tags":[193,339,502],"class_list":["post-4010","post","type-post","status-publish","format-standard","has-post-thumbnail","hentry","category-marketing","tag-fachkongressfachmesse","tag-marketing","tag-veranstaltungen"],"acf":[],"yoast_head":"<!-- This site is optimized with the Yoast SEO plugin v27.5 - https:\/\/yoast.com\/product\/yoast-seo-wordpress\/ -->\n<title>SuisseEMEX\u201918: Der gr\u00f6sste Schweizer Marketing &amp; Digital Event - Organisator<\/title>\n<meta name=\"description\" content=\"Am 28. &amp; 29. August findet der gr\u00f6sste Schweizer Marketing Event SuisseEMEX&#039;18 mit verschiedenen Parallel-Veranstaltungen in der Messe Z\u00fcrich statt.\" \/>\n<meta name=\"robots\" content=\"index, follow, max-snippet:-1, max-image-preview:large, max-video-preview:-1\" \/>\n<link rel=\"canonical\" href=\"https:\/\/www.organisator.ch\/de\/marketing\/2018-08-06\/suisseemex18-der-groesste-schweizer-marketing-digital-event\/\" \/>\n<meta property=\"og:locale\" content=\"de_DE\" \/>\n<meta property=\"og:type\" content=\"article\" \/>\n<meta property=\"og:title\" content=\"SuisseEMEX\u201918: Der gr\u00f6sste Schweizer Marketing &amp; Digital Event\" \/>\n<meta property=\"og:description\" content=\"Am 28. &amp; 29. August findet der gr\u00f6sste Schweizer Marketing Event SuisseEMEX&#039;18 mit verschiedenen Parallel-Veranstaltungen in der Messe Z\u00fcrich statt.\" \/>\n<meta property=\"og:url\" content=\"https:\/\/www.organisator.ch\/de\/marketing\/2018-08-06\/suisseemex18-der-groesste-schweizer-marketing-digital-event\/\" \/>\n<meta property=\"og:site_name\" content=\"Organisator\" \/>\n<meta property=\"article:publisher\" content=\"https:\/\/www.facebook.com\/OrganisatorFachmagazin\" \/>\n<meta property=\"article:published_time\" content=\"2018-08-06T06:37:48+00:00\" \/>\n<meta property=\"og:image\" content=\"https:\/\/www.organisator.ch\/wp-content\/uploads\/2018\/08\/SuisseEMEX18-Der-groesste-Schweizer-Marketing-Digital-Event_Organisator.jpg\" \/>\n\t<meta property=\"og:image:width\" content=\"640\" \/>\n\t<meta property=\"og:image:height\" content=\"426\" \/>\n\t<meta property=\"og:image:type\" content=\"image\/jpeg\" \/>\n<meta name=\"author\" content=\"thomas.berner\" \/>\n<meta name=\"twitter:card\" content=\"summary_large_image\" \/>\n<meta name=\"twitter:title\" content=\"#SuisseEMEX\u201918: Der gr\u00f6sste Schweizer Marketing &amp; Digital Event\" \/>\n<meta name=\"twitter:description\" content=\"Am 28. &amp; 29. August findet der gr\u00f6sste Schweizer Marketing Event #SuisseEMEX&#039;18 mit verschiedenen Parallel-Veranstaltungen in der Messe #Z\u00fcrich statt.\" \/>\n<meta name=\"twitter:image\" content=\"https:\/\/www.organisator.ch\/wp-content\/uploads\/2018\/08\/SuisseEMEX18-Der-gr\u00f6sste-Schweizer-Marketing-Digital-Event_Organisator.jpg\" \/>\n<script type=\"application\/ld+json\" class=\"yoast-schema-graph\">{\"@context\":\"https:\\\/\\\/schema.org\",\"@graph\":[{\"@type\":\"Article\",\"@id\":\"https:\\\/\\\/www.organisator.ch\\\/marketing\\\/2018-08-06\\\/suisseemex18-der-groesste-schweizer-marketing-digital-event\\\/#article\",\"isPartOf\":{\"@id\":\"https:\\\/\\\/www.organisator.ch\\\/marketing\\\/2018-08-06\\\/suisseemex18-der-groesste-schweizer-marketing-digital-event\\\/\"},\"author\":{\"name\":\"thomas.berner\",\"@id\":\"https:\\\/\\\/www.organisator.ch\\\/#\\\/schema\\\/person\\\/6f650f90b2842cd4c0cc334b4e36f67e\"},\"headline\":\"SuisseEMEX\u201918: Der gr\u00f6sste Schweizer Marketing &#038; Digital Event\",\"datePublished\":\"2018-08-06T06:37:48+00:00\",\"mainEntityOfPage\":{\"@id\":\"https:\\\/\\\/www.organisator.ch\\\/marketing\\\/2018-08-06\\\/suisseemex18-der-groesste-schweizer-marketing-digital-event\\\/\"},\"wordCount\":818,\"commentCount\":0,\"publisher\":{\"@id\":\"https:\\\/\\\/www.organisator.ch\\\/#organization\"},\"image\":{\"@id\":\"https:\\\/\\\/www.organisator.ch\\\/marketing\\\/2018-08-06\\\/suisseemex18-der-groesste-schweizer-marketing-digital-event\\\/#primaryimage\"},\"thumbnailUrl\":\"https:\\\/\\\/www.organisator.ch\\\/wp-content\\\/uploads\\\/2018\\\/08\\\/SuisseEMEX18-Der-groesste-Schweizer-Marketing-Digital-Event_Organisator.jpg\",\"keywords\":[\"Fachkongress\\\/Fachmesse\",\"Marketing\",\"Veranstaltungen\"],\"articleSection\":[\"MARKETING\"],\"inLanguage\":\"de\"},{\"@type\":\"WebPage\",\"@id\":\"https:\\\/\\\/www.organisator.ch\\\/marketing\\\/2018-08-06\\\/suisseemex18-der-groesste-schweizer-marketing-digital-event\\\/\",\"url\":\"https:\\\/\\\/www.organisator.ch\\\/marketing\\\/2018-08-06\\\/suisseemex18-der-groesste-schweizer-marketing-digital-event\\\/\",\"name\":\"SuisseEMEX\u201918: Der gr\u00f6sste Schweizer Marketing & Digital Event - Organisator\",\"isPartOf\":{\"@id\":\"https:\\\/\\\/www.organisator.ch\\\/#website\"},\"primaryImageOfPage\":{\"@id\":\"https:\\\/\\\/www.organisator.ch\\\/marketing\\\/2018-08-06\\\/suisseemex18-der-groesste-schweizer-marketing-digital-event\\\/#primaryimage\"},\"image\":{\"@id\":\"https:\\\/\\\/www.organisator.ch\\\/marketing\\\/2018-08-06\\\/suisseemex18-der-groesste-schweizer-marketing-digital-event\\\/#primaryimage\"},\"thumbnailUrl\":\"https:\\\/\\\/www.organisator.ch\\\/wp-content\\\/uploads\\\/2018\\\/08\\\/SuisseEMEX18-Der-groesste-Schweizer-Marketing-Digital-Event_Organisator.jpg\",\"datePublished\":\"2018-08-06T06:37:48+00:00\",\"description\":\"Am 28. & 29. August findet der gr\u00f6sste Schweizer Marketing Event SuisseEMEX'18 mit verschiedenen Parallel-Veranstaltungen in der Messe Z\u00fcrich statt.\",\"breadcrumb\":{\"@id\":\"https:\\\/\\\/www.organisator.ch\\\/marketing\\\/2018-08-06\\\/suisseemex18-der-groesste-schweizer-marketing-digital-event\\\/#breadcrumb\"},\"inLanguage\":\"de\",\"potentialAction\":[{\"@type\":\"ReadAction\",\"target\":[\"https:\\\/\\\/www.organisator.ch\\\/marketing\\\/2018-08-06\\\/suisseemex18-der-groesste-schweizer-marketing-digital-event\\\/\"]}]},{\"@type\":\"ImageObject\",\"inLanguage\":\"de\",\"@id\":\"https:\\\/\\\/www.organisator.ch\\\/marketing\\\/2018-08-06\\\/suisseemex18-der-groesste-schweizer-marketing-digital-event\\\/#primaryimage\",\"url\":\"https:\\\/\\\/www.organisator.ch\\\/wp-content\\\/uploads\\\/2018\\\/08\\\/SuisseEMEX18-Der-groesste-Schweizer-Marketing-Digital-Event_Organisator.jpg\",\"contentUrl\":\"https:\\\/\\\/www.organisator.ch\\\/wp-content\\\/uploads\\\/2018\\\/08\\\/SuisseEMEX18-Der-groesste-Schweizer-Marketing-Digital-Event_Organisator.jpg\",\"width\":640,\"height\":426,\"caption\":\"Der Rote Teppich f\u00fcr die SuisseEMEX'18 ist ausgerollt. (Bild: suisseEMEX)\"},{\"@type\":\"BreadcrumbList\",\"@id\":\"https:\\\/\\\/www.organisator.ch\\\/marketing\\\/2018-08-06\\\/suisseemex18-der-groesste-schweizer-marketing-digital-event\\\/#breadcrumb\",\"itemListElement\":[{\"@type\":\"ListItem\",\"position\":1,\"name\":\"Home\",\"item\":\"https:\\\/\\\/www.organisator.ch\\\/\"},{\"@type\":\"ListItem\",\"position\":2,\"name\":\"SuisseEMEX\u201918: Der gr\u00f6sste Schweizer Marketing &#038; Digital Event\"}]},{\"@type\":\"WebSite\",\"@id\":\"https:\\\/\\\/www.organisator.ch\\\/#website\",\"url\":\"https:\\\/\\\/www.organisator.ch\\\/\",\"name\":\"Organisator\",\"description\":\"Kompetent. Praxisnah. Der ORGANISATOR bereitet in 10 Ausgaben pro Jahr die wesentlichen Themen f\u00fcr F\u00fchrungskr\u00e4fte von KMU auf.\",\"publisher\":{\"@id\":\"https:\\\/\\\/www.organisator.ch\\\/#organization\"},\"potentialAction\":[{\"@type\":\"SearchAction\",\"target\":{\"@type\":\"EntryPoint\",\"urlTemplate\":\"https:\\\/\\\/www.organisator.ch\\\/?s={search_term_string}\"},\"query-input\":{\"@type\":\"PropertyValueSpecification\",\"valueRequired\":true,\"valueName\":\"search_term_string\"}}],\"inLanguage\":\"de\"},{\"@type\":\"Organization\",\"@id\":\"https:\\\/\\\/www.organisator.ch\\\/#organization\",\"name\":\"Organisator\",\"url\":\"https:\\\/\\\/www.organisator.ch\\\/\",\"logo\":{\"@type\":\"ImageObject\",\"inLanguage\":\"de\",\"@id\":\"https:\\\/\\\/www.organisator.ch\\\/#\\\/schema\\\/logo\\\/image\\\/\",\"url\":\"https:\\\/\\\/www.organisator.ch\\\/wp-content\\\/uploads\\\/2022\\\/01\\\/Logo_Organisator_Website.png\",\"contentUrl\":\"https:\\\/\\\/www.organisator.ch\\\/wp-content\\\/uploads\\\/2022\\\/01\\\/Logo_Organisator_Website.png\",\"width\":800,\"height\":77,\"caption\":\"Organisator\"},\"image\":{\"@id\":\"https:\\\/\\\/www.organisator.ch\\\/#\\\/schema\\\/logo\\\/image\\\/\"},\"sameAs\":[\"https:\\\/\\\/www.facebook.com\\\/OrganisatorFachmagazin\",\"https:\\\/\\\/www.linkedin.com\\\/showcase\\\/organisator-das-magazin-fr-kmu\",\"https:\\\/\\\/www.xing.com\\\/news\\\/pages\\\/organisator-ch-695\",\"https:\\\/\\\/www.youtube.com\\\/channel\\\/UCGP2Sq0iWaZwT3BdIAQFYpw\"]},{\"@type\":\"Person\",\"@id\":\"https:\\\/\\\/www.organisator.ch\\\/#\\\/schema\\\/person\\\/6f650f90b2842cd4c0cc334b4e36f67e\",\"name\":\"thomas.berner\",\"image\":{\"@type\":\"ImageObject\",\"inLanguage\":\"de\",\"@id\":\"https:\\\/\\\/secure.gravatar.com\\\/avatar\\\/ac5001d2a36cb6c6cd3e50789007ffca834b477b74a2144564522e944eabff61?s=96&d=mm&r=g\",\"url\":\"https:\\\/\\\/secure.gravatar.com\\\/avatar\\\/ac5001d2a36cb6c6cd3e50789007ffca834b477b74a2144564522e944eabff61?s=96&d=mm&r=g\",\"contentUrl\":\"https:\\\/\\\/secure.gravatar.com\\\/avatar\\\/ac5001d2a36cb6c6cd3e50789007ffca834b477b74a2144564522e944eabff61?s=96&d=mm&r=g\",\"caption\":\"thomas.berner\"},\"url\":\"https:\\\/\\\/www.organisator.ch\\\/de\\\/author\\\/thomas-berner\\\/\"}]}<\/script>\n<!-- \/ Yoast SEO plugin. -->","yoast_head_json":{"title":"SuisseEMEX\u201918: Der gr\u00f6sste Schweizer Marketing & Digital Event - Organisator","description":"Am 28. & 29. August findet der gr\u00f6sste Schweizer Marketing Event SuisseEMEX'18 mit verschiedenen Parallel-Veranstaltungen in der Messe Z\u00fcrich statt.","robots":{"index":"index","follow":"follow","max-snippet":"max-snippet:-1","max-image-preview":"max-image-preview:large","max-video-preview":"max-video-preview:-1"},"canonical":"https:\/\/www.organisator.ch\/de\/marketing\/2018-08-06\/suisseemex18-der-groesste-schweizer-marketing-digital-event\/","og_locale":"de_DE","og_type":"article","og_title":"SuisseEMEX\u201918: Der gr\u00f6sste Schweizer Marketing & Digital Event","og_description":"Am 28. & 29. August findet der gr\u00f6sste Schweizer Marketing Event SuisseEMEX'18 mit verschiedenen Parallel-Veranstaltungen in der Messe Z\u00fcrich statt.","og_url":"https:\/\/www.organisator.ch\/de\/marketing\/2018-08-06\/suisseemex18-der-groesste-schweizer-marketing-digital-event\/","og_site_name":"Organisator","article_publisher":"https:\/\/www.facebook.com\/OrganisatorFachmagazin","article_published_time":"2018-08-06T06:37:48+00:00","og_image":[{"width":640,"height":426,"url":"https:\/\/www.organisator.ch\/wp-content\/uploads\/2018\/08\/SuisseEMEX18-Der-groesste-Schweizer-Marketing-Digital-Event_Organisator.jpg","type":"image\/jpeg"}],"author":"thomas.berner","twitter_card":"summary_large_image","twitter_title":"#SuisseEMEX\u201918: Der gr\u00f6sste Schweizer Marketing & Digital Event","twitter_description":"Am 28. & 29. August findet der gr\u00f6sste Schweizer Marketing Event #SuisseEMEX'18 mit verschiedenen Parallel-Veranstaltungen in der Messe #Z\u00fcrich statt.","twitter_image":"https:\/\/www.organisator.ch\/wp-content\/uploads\/2018\/08\/SuisseEMEX18-Der-gr\u00f6sste-Schweizer-Marketing-Digital-Event_Organisator.jpg","schema":{"@context":"https:\/\/schema.org","@graph":[{"@type":"Article","@id":"https:\/\/www.organisator.ch\/marketing\/2018-08-06\/suisseemex18-der-groesste-schweizer-marketing-digital-event\/#article","isPartOf":{"@id":"https:\/\/www.organisator.ch\/marketing\/2018-08-06\/suisseemex18-der-groesste-schweizer-marketing-digital-event\/"},"author":{"name":"thomas.berner","@id":"https:\/\/www.organisator.ch\/#\/schema\/person\/6f650f90b2842cd4c0cc334b4e36f67e"},"headline":"SuisseEMEX\u201918: Der gr\u00f6sste Schweizer Marketing &#038; Digital Event","datePublished":"2018-08-06T06:37:48+00:00","mainEntityOfPage":{"@id":"https:\/\/www.organisator.ch\/marketing\/2018-08-06\/suisseemex18-der-groesste-schweizer-marketing-digital-event\/"},"wordCount":818,"commentCount":0,"publisher":{"@id":"https:\/\/www.organisator.ch\/#organization"},"image":{"@id":"https:\/\/www.organisator.ch\/marketing\/2018-08-06\/suisseemex18-der-groesste-schweizer-marketing-digital-event\/#primaryimage"},"thumbnailUrl":"https:\/\/www.organisator.ch\/wp-content\/uploads\/2018\/08\/SuisseEMEX18-Der-groesste-Schweizer-Marketing-Digital-Event_Organisator.jpg","keywords":["Fachkongress\/Fachmesse","Marketing","Veranstaltungen"],"articleSection":["MARKETING"],"inLanguage":"de"},{"@type":"WebPage","@id":"https:\/\/www.organisator.ch\/marketing\/2018-08-06\/suisseemex18-der-groesste-schweizer-marketing-digital-event\/","url":"https:\/\/www.organisator.ch\/marketing\/2018-08-06\/suisseemex18-der-groesste-schweizer-marketing-digital-event\/","name":"SuisseEMEX\u201918: Der gr\u00f6sste Schweizer Marketing & Digital Event - Organisator","isPartOf":{"@id":"https:\/\/www.organisator.ch\/#website"},"primaryImageOfPage":{"@id":"https:\/\/www.organisator.ch\/marketing\/2018-08-06\/suisseemex18-der-groesste-schweizer-marketing-digital-event\/#primaryimage"},"image":{"@id":"https:\/\/www.organisator.ch\/marketing\/2018-08-06\/suisseemex18-der-groesste-schweizer-marketing-digital-event\/#primaryimage"},"thumbnailUrl":"https:\/\/www.organisator.ch\/wp-content\/uploads\/2018\/08\/SuisseEMEX18-Der-groesste-Schweizer-Marketing-Digital-Event_Organisator.jpg","datePublished":"2018-08-06T06:37:48+00:00","description":"Am 28. & 29. August findet der gr\u00f6sste Schweizer Marketing Event SuisseEMEX'18 mit verschiedenen Parallel-Veranstaltungen in der Messe Z\u00fcrich statt.","breadcrumb":{"@id":"https:\/\/www.organisator.ch\/marketing\/2018-08-06\/suisseemex18-der-groesste-schweizer-marketing-digital-event\/#breadcrumb"},"inLanguage":"de","potentialAction":[{"@type":"ReadAction","target":["https:\/\/www.organisator.ch\/marketing\/2018-08-06\/suisseemex18-der-groesste-schweizer-marketing-digital-event\/"]}]},{"@type":"ImageObject","inLanguage":"de","@id":"https:\/\/www.organisator.ch\/marketing\/2018-08-06\/suisseemex18-der-groesste-schweizer-marketing-digital-event\/#primaryimage","url":"https:\/\/www.organisator.ch\/wp-content\/uploads\/2018\/08\/SuisseEMEX18-Der-groesste-Schweizer-Marketing-Digital-Event_Organisator.jpg","contentUrl":"https:\/\/www.organisator.ch\/wp-content\/uploads\/2018\/08\/SuisseEMEX18-Der-groesste-Schweizer-Marketing-Digital-Event_Organisator.jpg","width":640,"height":426,"caption":"Der Rote Teppich f\u00fcr die SuisseEMEX'18 ist ausgerollt. (Bild: suisseEMEX)"},{"@type":"BreadcrumbList","@id":"https:\/\/www.organisator.ch\/marketing\/2018-08-06\/suisseemex18-der-groesste-schweizer-marketing-digital-event\/#breadcrumb","itemListElement":[{"@type":"ListItem","position":1,"name":"Home","item":"https:\/\/www.organisator.ch\/"},{"@type":"ListItem","position":2,"name":"SuisseEMEX\u201918: Der gr\u00f6sste Schweizer Marketing &#038; Digital Event"}]},{"@type":"WebSite","@id":"https:\/\/www.organisator.ch\/#website","url":"https:\/\/www.organisator.ch\/","name":"Organisator","description":"Kompetent. Praxisnah. Der ORGANISATOR bereitet in 10 Ausgaben pro Jahr die wesentlichen Themen f\u00fcr F\u00fchrungskr\u00e4fte von KMU auf.","publisher":{"@id":"https:\/\/www.organisator.ch\/#organization"},"potentialAction":[{"@type":"SearchAction","target":{"@type":"EntryPoint","urlTemplate":"https:\/\/www.organisator.ch\/?s={search_term_string}"},"query-input":{"@type":"PropertyValueSpecification","valueRequired":true,"valueName":"search_term_string"}}],"inLanguage":"de"},{"@type":"Organization","@id":"https:\/\/www.organisator.ch\/#organization","name":"Organisator","url":"https:\/\/www.organisator.ch\/","logo":{"@type":"ImageObject","inLanguage":"de","@id":"https:\/\/www.organisator.ch\/#\/schema\/logo\/image\/","url":"https:\/\/www.organisator.ch\/wp-content\/uploads\/2022\/01\/Logo_Organisator_Website.png","contentUrl":"https:\/\/www.organisator.ch\/wp-content\/uploads\/2022\/01\/Logo_Organisator_Website.png","width":800,"height":77,"caption":"Organisator"},"image":{"@id":"https:\/\/www.organisator.ch\/#\/schema\/logo\/image\/"},"sameAs":["https:\/\/www.facebook.com\/OrganisatorFachmagazin","https:\/\/www.linkedin.com\/showcase\/organisator-das-magazin-fr-kmu","https:\/\/www.xing.com\/news\/pages\/organisator-ch-695","https:\/\/www.youtube.com\/channel\/UCGP2Sq0iWaZwT3BdIAQFYpw"]},{"@type":"Person","@id":"https:\/\/www.organisator.ch\/#\/schema\/person\/6f650f90b2842cd4c0cc334b4e36f67e","name":"thomas.berner","image":{"@type":"ImageObject","inLanguage":"de","@id":"https:\/\/secure.gravatar.com\/avatar\/ac5001d2a36cb6c6cd3e50789007ffca834b477b74a2144564522e944eabff61?s=96&d=mm&r=g","url":"https:\/\/secure.gravatar.com\/avatar\/ac5001d2a36cb6c6cd3e50789007ffca834b477b74a2144564522e944eabff61?s=96&d=mm&r=g","contentUrl":"https:\/\/secure.gravatar.com\/avatar\/ac5001d2a36cb6c6cd3e50789007ffca834b477b74a2144564522e944eabff61?s=96&d=mm&r=g","caption":"thomas.berner"},"url":"https:\/\/www.organisator.ch\/de\/author\/thomas-berner\/"}]}},"_links":{"self":[{"href":"https:\/\/www.organisator.ch\/de\/wp-json\/wp\/v2\/posts\/4010","targetHints":{"allow":["GET"]}}],"collection":[{"href":"https:\/\/www.organisator.ch\/de\/wp-json\/wp\/v2\/posts"}],"about":[{"href":"https:\/\/www.organisator.ch\/de\/wp-json\/wp\/v2\/types\/post"}],"author":[{"embeddable":true,"href":"https:\/\/www.organisator.ch\/de\/wp-json\/wp\/v2\/users\/4"}],"replies":[{"embeddable":true,"href":"https:\/\/www.organisator.ch\/de\/wp-json\/wp\/v2\/comments?post=4010"}],"version-history":[{"count":0,"href":"https:\/\/www.organisator.ch\/de\/wp-json\/wp\/v2\/posts\/4010\/revisions"}],"wp:featuredmedia":[{"embeddable":true,"href":"https:\/\/www.organisator.ch\/de\/wp-json\/wp\/v2\/media\/4011"}],"wp:attachment":[{"href":"https:\/\/www.organisator.ch\/de\/wp-json\/wp\/v2\/media?parent=4010"}],"wp:term":[{"taxonomy":"category","embeddable":true,"href":"https:\/\/www.organisator.ch\/de\/wp-json\/wp\/v2\/categories?post=4010"},{"taxonomy":"post_tag","embeddable":true,"href":"https:\/\/www.organisator.ch\/de\/wp-json\/wp\/v2\/tags?post=4010"}],"curies":[{"name":"wp","href":"https:\/\/api.w.org\/{rel}","templated":true}]}}