{"id":40112,"date":"2025-08-25T11:45:23","date_gmt":"2025-08-25T09:45:23","guid":{"rendered":"https:\/\/www.m-q.ch\/?p=21847"},"modified":"2025-08-25T11:39:49","modified_gmt":"2025-08-25T09:39:49","slug":"pollutec-2025-zentrale-themen-fuer-industrie-umwelt-staedte-und-regionen","status":"publish","type":"post","link":"https:\/\/www.organisator.ch\/de\/sustainability\/2025-08-25\/pollutec-2025-zentrale-themen-fuer-industrie-umwelt-staedte-und-regionen\/","title":{"rendered":"Pollutec 2025: Zentrale Themen f\u00fcr Industrie, Umwelt, St\u00e4dte und Regionen"},"content":{"rendered":"<figure id=\"attachment_21848\" class=\"wp-caption alignnone\" style=\"width: 580px;\" aria-describedby=\"caption-attachment-21848\"><img class=\"size-full wp-image-21848\" src=\"https:\/\/www.m-q.ch\/wp-content\/uploads\/2025\/08\/Pollutec-2025-Zentrale-Themen-fuer-Industrie-Umwelt-Staedte-und-Regionen_MQ.jpg\" sizes=\"(max-width: 580px) 100vw, 580px\" srcset=\"https:\/\/www.m-q.ch\/wp-content\/uploads\/2025\/08\/Pollutec-2025-Zentrale-Themen-fuer-Industrie-Umwelt-Staedte-und-Regionen_MQ.jpg 580w, https:\/\/www.m-q.ch\/wp-content\/uploads\/2025\/08\/Pollutec-2025-Zentrale-Themen-fuer-Industrie-Umwelt-Staedte-und-Regionen_MQ-18x10.jpg 18w, https:\/\/www.m-q.ch\/wp-content\/uploads\/2025\/08\/Pollutec-2025-Zentrale-Themen-fuer-Industrie-Umwelt-Staedte-und-Regionen_MQ-375x211.jpg 375w\" alt=\"\" width=\"580\" height=\"326\" \/>\r\n<figcaption id=\"caption-attachment-21848\" class=\"wp-caption-text\">Die Umwelt-Fachmesse Pollutec 2025 findet vom 7. bis 10. Oktober in Lyon statt. (Bild: Pollutec)<\/figcaption>\r\n<\/figure>\r\n<p>Seit 47 Jahren gilt die Pollutec als f\u00fchrende europ\u00e4ische Fachmesse f\u00fcr Umwelt- und Klimaschutz. Sie richtet sich an Industrie, St\u00e4dte und Regionen. Letztes Jahr fand in Paris, Porte de Versailles, erstmalig ein zus\u00e4tzliches Format statt. Dennoch bleibt Lyon alle zwei Jahre ein ausgesprochen attraktiver Standort: 2023 kamen 51.000 Fachbesucher, 2.000 Aussteller, darunter 200 Start-ups.<\/p>\r\n<h3>Sprungbrett f\u00fcr \u00d6ko-Innovationen<\/h3>\r\n<p>Aktuell kann man \u00f6kologische R\u00fcckschritte und schwindendes Engagement beobachten. Dennoch versteht sich die Pollutec weiterhin als Sprungbrett f\u00fcr \u00d6ko-Innovationen. Die Messe ist \u00fcberzeugt, dass der \u00f6kologische Wandel ein l\u00e4nder\u00fcbergreifendes Thema ist und sieht darin sogar einen Schl\u00fcssel zur europ\u00e4ischen Souver\u00e4nit\u00e4t. Dazu Pollutec-Messeleiterin Anne-Manu\u00e8le H\u00e9bert: \u201eDie Pollutec 2025 findet in einem politisch au\u00dfergew\u00f6hnlichen Kontext statt \u2013 die Zeichen f\u00fcr eine \u00f6kologische Wende stehen leider nicht auf Gr\u00fcn. Umwelt ist kein politisches Thema \u2013 \u00d6kologie ist eine Wissenschaft. Die Aufgabe der Pollutec ist es, L\u00f6sungen f\u00fcr den \u00f6kologischen Wandel von Unternehmen und Regionen zu pr\u00e4sentieren, die somit eine lebenswertere Zukunft m\u00f6glich machen k\u00f6nnten. Dabei verfolgen wir stets einen systemischen Ansatz \u2013 aus unserer Sicht der einzige, der langfristig tragf\u00e4hig und nachhaltig ist. Wissenschaft wird deshalb ein zentrales Thema der kommenden Messeausgabe sein. Denn ohne gesicherte, \u00fcberpr\u00fcfte Daten, die von Experten aus der Forschung validiert worden sind, kommen wir nicht weiter. Die Pollutec setzt sich entschieden f\u00fcr das Handeln ein und f\u00fcr den Wandel in Industrie und Regionen.\u201c<\/p>\r\n<h3>Vielf\u00e4ltiges Rahmenprogramm<\/h3>\r\n<p>Mit ihrer Ausgabe 2025 in Lyon bleibt die Pollutec klar auf Umweltfragen ausgerichtet. Der Fokus liegt weiterhin auf zentralen Themen rund um die Transformation von Unternehmen.<br \/>\r\nDie Veranstaltung wird sich auf vier Hauptthemen konzentrieren, aus denen auch das Rahmenprogramm der Pollutec 2025 abgeleitet sein wird:<\/p>\r\n<ul>\r\n\t<li>Gesundheit: die wechselseitige Abh\u00e4ngigkeit von Umwelt und Gesundheit sichtbar machen und unsere Lebensweise \u00fcberdenken, um eine ges\u00fcndere und nachhaltigere Zukunft zu gestalten.<\/li>\r\n\t<li>Dekarbonisierung: innovative L\u00f6sungen sondieren, um den CO\u00b2-Fu\u00dfabdruck in Industrie und Regionen wirksam zu senken.<\/li>\r\n\t<li>Bio\u00f6konomie: sich von fossilen Ressourcen l\u00f6sen, lokale und nat\u00fcrliche Ressourcen st\u00e4rken und eine regenerative, naturbasierte Wirtschaft f\u00f6rdern.<\/li>\r\n\t<li>Wissenschaft: Wissen und Forschung wieder ins Zentrum der umweltpolitischen Debatten r\u00fccken.<\/li>\r\n<\/ul>\r\n<p>Auch in diesem Jahr bietet Pollutec ein breit gef\u00e4chertes Programm mit internationaler Reichweite \u2013 darunter Podiumsdiskussionen mit f\u00fchrenden K\u00f6pfen der Branche und inspirierende Vortr\u00e4ge: 400 Fachvortr\u00e4ge, 16 Diskussionsforen, die Pollutec Innovation Awards, Business-Meetings, Themenforen und -d\u00f6rfer, internationale Delegationen usw.<\/p>\r\n<p>Tickets sind bereits \u00fcber die Internetseite erh\u00e4ltlich: <a href=\"https:\/\/www.pollutec.com\/fr-fr\/registration.html\">https:\/\/www.pollutec.com\/fr-fr\/registration.html<\/a><\/p>\n<p class=\"syndicated-attribution\">Dieser Beitrag erschien urspr\u00fcnglich auf m-q.ch - <a href=\"https:\/\/www.m-q.ch\/de\/pollutec-2025-zentrale-themen-fuer-industrie-umwelt-staedte-und-regionen\/\" target=\"_blank\">https:\/\/www.m-q.ch\/de\/pollutec-2025-zentrale-themen-fuer-industrie-umwelt-staedte-und-regionen\/<\/a><\/p>","protected":false},"excerpt":{"rendered":"<p>Vom 7. bis 10. Oktober 2025 steht die Lyoner Ausgabe der Pollutec ganz im Zeichen von Aktion und Innovation. Gesundheit, Dekarbonisierung, Bio\u00f6konomie und Wissenschaft bilden den Kern eines ambitionierten Programms, das die zentralen Umweltfragen von Industrie, Regionen und \u00f6ffentlichen Entscheidungstr\u00e4gern aufgreift.<\/p>\n","protected":false},"author":8,"featured_media":0,"comment_status":"closed","ping_status":"closed","sticky":false,"template":"","format":"standard","meta":{"_acf_changed":false,"_yoast_wpseo_focuskw":"Pollutec 2025","_yoast_wpseo_metadesc":"Gesundheit, Dekarbonisierung, Bio\u00f6konomie und Wissenschaft bilden den Kern des Programms der Pollutec 2025 (7.-10. Oktober) in Lyon.","articlekey":"","footnotes":""},"categories":[580],"tags":[103,193,358,5497,2383],"class_list":["post-40112","post","type-post","status-publish","format-standard","hentry","category-sustainability","tag-business-excellence","tag-fachkongressfachmesse","tag-nachhaltige-wirtschaft","tag-pollutec","tag-umwelttechnik"],"acf":[],"yoast_head":"<!-- This site is optimized with the Yoast SEO plugin v27.4 - https:\/\/yoast.com\/product\/yoast-seo-wordpress\/ -->\n<title>Pollutec 2025: Zentrale Themen f\u00fcr Industrie, Umwelt, St\u00e4dte und Regionen - Organisator<\/title>\n<meta name=\"description\" content=\"Gesundheit, Dekarbonisierung, Bio\u00f6konomie und Wissenschaft bilden den Kern des Programms der Pollutec 2025 (7.-10. Oktober) in Lyon.\" \/>\n<meta name=\"robots\" content=\"index, follow, max-snippet:-1, max-image-preview:large, max-video-preview:-1\" \/>\n<link rel=\"canonical\" href=\"https:\/\/www.organisator.ch\/de\/sustainability\/2025-08-25\/pollutec-2025-zentrale-themen-fuer-industrie-umwelt-staedte-und-regionen\/\" \/>\n<meta property=\"og:locale\" content=\"de_DE\" \/>\n<meta property=\"og:type\" content=\"article\" \/>\n<meta property=\"og:title\" content=\"Pollutec 2025: Zentrale Themen f\u00fcr Industrie, Umwelt, St\u00e4dte und Regionen - Organisator\" \/>\n<meta property=\"og:description\" content=\"Gesundheit, Dekarbonisierung, Bio\u00f6konomie und Wissenschaft bilden den Kern des Programms der Pollutec 2025 (7.-10. Oktober) in Lyon.\" \/>\n<meta property=\"og:url\" content=\"https:\/\/www.organisator.ch\/de\/sustainability\/2025-08-25\/pollutec-2025-zentrale-themen-fuer-industrie-umwelt-staedte-und-regionen\/\" \/>\n<meta property=\"og:site_name\" content=\"Organisator\" \/>\n<meta property=\"article:publisher\" content=\"https:\/\/www.facebook.com\/OrganisatorFachmagazin\" \/>\n<meta property=\"article:published_time\" content=\"2025-08-25T09:45:23+00:00\" \/>\n<meta name=\"author\" content=\"galledia\" \/>\n<meta name=\"twitter:card\" content=\"summary_large_image\" \/>\n<meta name=\"twitter:creator\" content=\"@admin\" \/>\n<script type=\"application\/ld+json\" class=\"yoast-schema-graph\">{\"@context\":\"https:\\\/\\\/schema.org\",\"@graph\":[{\"@type\":\"Article\",\"@id\":\"https:\\\/\\\/www.organisator.ch\\\/sustainability\\\/2025-08-25\\\/pollutec-2025-zentrale-themen-fuer-industrie-umwelt-staedte-und-regionen\\\/#article\",\"isPartOf\":{\"@id\":\"https:\\\/\\\/www.organisator.ch\\\/sustainability\\\/2025-08-25\\\/pollutec-2025-zentrale-themen-fuer-industrie-umwelt-staedte-und-regionen\\\/\"},\"author\":{\"name\":\"galledia\",\"@id\":\"https:\\\/\\\/www.organisator.ch\\\/#\\\/schema\\\/person\\\/4e51799071cd2dd1232ac003643ef5f0\"},\"headline\":\"Pollutec 2025: Zentrale Themen f\u00fcr Industrie, Umwelt, St\u00e4dte und Regionen\",\"datePublished\":\"2025-08-25T09:45:23+00:00\",\"mainEntityOfPage\":{\"@id\":\"https:\\\/\\\/www.organisator.ch\\\/sustainability\\\/2025-08-25\\\/pollutec-2025-zentrale-themen-fuer-industrie-umwelt-staedte-und-regionen\\\/\"},\"wordCount\":443,\"publisher\":{\"@id\":\"https:\\\/\\\/www.organisator.ch\\\/#organization\"},\"image\":{\"@id\":\"https:\\\/\\\/www.organisator.ch\\\/sustainability\\\/2025-08-25\\\/pollutec-2025-zentrale-themen-fuer-industrie-umwelt-staedte-und-regionen\\\/#primaryimage\"},\"thumbnailUrl\":\"https:\\\/\\\/www.m-q.ch\\\/wp-content\\\/uploads\\\/2025\\\/08\\\/Pollutec-2025-Zentrale-Themen-fuer-Industrie-Umwelt-Staedte-und-Regionen_MQ.jpg\",\"keywords\":[\"Business Excellence\",\"Fachkongress\\\/Fachmesse\",\"Nachhaltige Wirtschaft\",\"Pollutec\",\"Umwelttechnik\"],\"articleSection\":[\"SUSTAINABILITY\"],\"inLanguage\":\"de\"},{\"@type\":\"WebPage\",\"@id\":\"https:\\\/\\\/www.organisator.ch\\\/sustainability\\\/2025-08-25\\\/pollutec-2025-zentrale-themen-fuer-industrie-umwelt-staedte-und-regionen\\\/\",\"url\":\"https:\\\/\\\/www.organisator.ch\\\/sustainability\\\/2025-08-25\\\/pollutec-2025-zentrale-themen-fuer-industrie-umwelt-staedte-und-regionen\\\/\",\"name\":\"Pollutec 2025: Zentrale Themen f\u00fcr Industrie, Umwelt, St\u00e4dte und Regionen - Organisator\",\"isPartOf\":{\"@id\":\"https:\\\/\\\/www.organisator.ch\\\/#website\"},\"primaryImageOfPage\":{\"@id\":\"https:\\\/\\\/www.organisator.ch\\\/sustainability\\\/2025-08-25\\\/pollutec-2025-zentrale-themen-fuer-industrie-umwelt-staedte-und-regionen\\\/#primaryimage\"},\"image\":{\"@id\":\"https:\\\/\\\/www.organisator.ch\\\/sustainability\\\/2025-08-25\\\/pollutec-2025-zentrale-themen-fuer-industrie-umwelt-staedte-und-regionen\\\/#primaryimage\"},\"thumbnailUrl\":\"https:\\\/\\\/www.m-q.ch\\\/wp-content\\\/uploads\\\/2025\\\/08\\\/Pollutec-2025-Zentrale-Themen-fuer-Industrie-Umwelt-Staedte-und-Regionen_MQ.jpg\",\"datePublished\":\"2025-08-25T09:45:23+00:00\",\"description\":\"Gesundheit, Dekarbonisierung, Bio\u00f6konomie und Wissenschaft bilden den Kern des Programms der Pollutec 2025 (7.-10. Oktober) in Lyon.\",\"breadcrumb\":{\"@id\":\"https:\\\/\\\/www.organisator.ch\\\/sustainability\\\/2025-08-25\\\/pollutec-2025-zentrale-themen-fuer-industrie-umwelt-staedte-und-regionen\\\/#breadcrumb\"},\"inLanguage\":\"de\",\"potentialAction\":[{\"@type\":\"ReadAction\",\"target\":[\"https:\\\/\\\/www.organisator.ch\\\/sustainability\\\/2025-08-25\\\/pollutec-2025-zentrale-themen-fuer-industrie-umwelt-staedte-und-regionen\\\/\"]}]},{\"@type\":\"ImageObject\",\"inLanguage\":\"de\",\"@id\":\"https:\\\/\\\/www.organisator.ch\\\/sustainability\\\/2025-08-25\\\/pollutec-2025-zentrale-themen-fuer-industrie-umwelt-staedte-und-regionen\\\/#primaryimage\",\"url\":\"https:\\\/\\\/www.m-q.ch\\\/wp-content\\\/uploads\\\/2025\\\/08\\\/Pollutec-2025-Zentrale-Themen-fuer-Industrie-Umwelt-Staedte-und-Regionen_MQ.jpg\",\"contentUrl\":\"https:\\\/\\\/www.m-q.ch\\\/wp-content\\\/uploads\\\/2025\\\/08\\\/Pollutec-2025-Zentrale-Themen-fuer-Industrie-Umwelt-Staedte-und-Regionen_MQ.jpg\"},{\"@type\":\"BreadcrumbList\",\"@id\":\"https:\\\/\\\/www.organisator.ch\\\/sustainability\\\/2025-08-25\\\/pollutec-2025-zentrale-themen-fuer-industrie-umwelt-staedte-und-regionen\\\/#breadcrumb\",\"itemListElement\":[{\"@type\":\"ListItem\",\"position\":1,\"name\":\"Home\",\"item\":\"https:\\\/\\\/www.organisator.ch\\\/\"},{\"@type\":\"ListItem\",\"position\":2,\"name\":\"Pollutec 2025: Zentrale Themen f\u00fcr Industrie, Umwelt, St\u00e4dte und Regionen\"}]},{\"@type\":\"WebSite\",\"@id\":\"https:\\\/\\\/www.organisator.ch\\\/#website\",\"url\":\"https:\\\/\\\/www.organisator.ch\\\/\",\"name\":\"Organisator\",\"description\":\"Kompetent. Praxisnah. Der ORGANISATOR bereitet in 10 Ausgaben pro Jahr die wesentlichen Themen f\u00fcr F\u00fchrungskr\u00e4fte von KMU auf.\",\"publisher\":{\"@id\":\"https:\\\/\\\/www.organisator.ch\\\/#organization\"},\"potentialAction\":[{\"@type\":\"SearchAction\",\"target\":{\"@type\":\"EntryPoint\",\"urlTemplate\":\"https:\\\/\\\/www.organisator.ch\\\/?s={search_term_string}\"},\"query-input\":{\"@type\":\"PropertyValueSpecification\",\"valueRequired\":true,\"valueName\":\"search_term_string\"}}],\"inLanguage\":\"de\"},{\"@type\":\"Organization\",\"@id\":\"https:\\\/\\\/www.organisator.ch\\\/#organization\",\"name\":\"Organisator\",\"url\":\"https:\\\/\\\/www.organisator.ch\\\/\",\"logo\":{\"@type\":\"ImageObject\",\"inLanguage\":\"de\",\"@id\":\"https:\\\/\\\/www.organisator.ch\\\/#\\\/schema\\\/logo\\\/image\\\/\",\"url\":\"https:\\\/\\\/www.organisator.ch\\\/wp-content\\\/uploads\\\/2022\\\/01\\\/Logo_Organisator_Website.png\",\"contentUrl\":\"https:\\\/\\\/www.organisator.ch\\\/wp-content\\\/uploads\\\/2022\\\/01\\\/Logo_Organisator_Website.png\",\"width\":800,\"height\":77,\"caption\":\"Organisator\"},\"image\":{\"@id\":\"https:\\\/\\\/www.organisator.ch\\\/#\\\/schema\\\/logo\\\/image\\\/\"},\"sameAs\":[\"https:\\\/\\\/www.facebook.com\\\/OrganisatorFachmagazin\",\"https:\\\/\\\/www.linkedin.com\\\/showcase\\\/organisator-das-magazin-fr-kmu\",\"https:\\\/\\\/www.xing.com\\\/news\\\/pages\\\/organisator-ch-695\",\"https:\\\/\\\/www.youtube.com\\\/channel\\\/UCGP2Sq0iWaZwT3BdIAQFYpw\"]},{\"@type\":\"Person\",\"@id\":\"https:\\\/\\\/www.organisator.ch\\\/#\\\/schema\\\/person\\\/4e51799071cd2dd1232ac003643ef5f0\",\"name\":\"galledia\",\"image\":{\"@type\":\"ImageObject\",\"inLanguage\":\"de\",\"@id\":\"https:\\\/\\\/secure.gravatar.com\\\/avatar\\\/78a7f90c01fc2bfc875782a0d4922b37cde2cf184ce347b91316d23cd7f69a36?s=96&d=mm&r=g\",\"url\":\"https:\\\/\\\/secure.gravatar.com\\\/avatar\\\/78a7f90c01fc2bfc875782a0d4922b37cde2cf184ce347b91316d23cd7f69a36?s=96&d=mm&r=g\",\"contentUrl\":\"https:\\\/\\\/secure.gravatar.com\\\/avatar\\\/78a7f90c01fc2bfc875782a0d4922b37cde2cf184ce347b91316d23cd7f69a36?s=96&d=mm&r=g\",\"caption\":\"galledia\"},\"sameAs\":[\"https:\\\/\\\/x.com\\\/admin\"],\"url\":\"https:\\\/\\\/www.organisator.ch\\\/de\\\/author\\\/galledia\\\/\"}]}<\/script>\n<!-- \/ Yoast SEO plugin. -->","yoast_head_json":{"title":"Pollutec 2025: Zentrale Themen f\u00fcr Industrie, Umwelt, St\u00e4dte und Regionen - Organisator","description":"Gesundheit, Dekarbonisierung, Bio\u00f6konomie und Wissenschaft bilden den Kern des Programms der Pollutec 2025 (7.-10. Oktober) in Lyon.","robots":{"index":"index","follow":"follow","max-snippet":"max-snippet:-1","max-image-preview":"max-image-preview:large","max-video-preview":"max-video-preview:-1"},"canonical":"https:\/\/www.organisator.ch\/de\/sustainability\/2025-08-25\/pollutec-2025-zentrale-themen-fuer-industrie-umwelt-staedte-und-regionen\/","og_locale":"de_DE","og_type":"article","og_title":"Pollutec 2025: Zentrale Themen f\u00fcr Industrie, Umwelt, St\u00e4dte und Regionen - Organisator","og_description":"Gesundheit, Dekarbonisierung, Bio\u00f6konomie und Wissenschaft bilden den Kern des Programms der Pollutec 2025 (7.-10. Oktober) in Lyon.","og_url":"https:\/\/www.organisator.ch\/de\/sustainability\/2025-08-25\/pollutec-2025-zentrale-themen-fuer-industrie-umwelt-staedte-und-regionen\/","og_site_name":"Organisator","article_publisher":"https:\/\/www.facebook.com\/OrganisatorFachmagazin","article_published_time":"2025-08-25T09:45:23+00:00","author":"galledia","twitter_card":"summary_large_image","twitter_creator":"@admin","schema":{"@context":"https:\/\/schema.org","@graph":[{"@type":"Article","@id":"https:\/\/www.organisator.ch\/sustainability\/2025-08-25\/pollutec-2025-zentrale-themen-fuer-industrie-umwelt-staedte-und-regionen\/#article","isPartOf":{"@id":"https:\/\/www.organisator.ch\/sustainability\/2025-08-25\/pollutec-2025-zentrale-themen-fuer-industrie-umwelt-staedte-und-regionen\/"},"author":{"name":"galledia","@id":"https:\/\/www.organisator.ch\/#\/schema\/person\/4e51799071cd2dd1232ac003643ef5f0"},"headline":"Pollutec 2025: Zentrale Themen f\u00fcr Industrie, Umwelt, St\u00e4dte und Regionen","datePublished":"2025-08-25T09:45:23+00:00","mainEntityOfPage":{"@id":"https:\/\/www.organisator.ch\/sustainability\/2025-08-25\/pollutec-2025-zentrale-themen-fuer-industrie-umwelt-staedte-und-regionen\/"},"wordCount":443,"publisher":{"@id":"https:\/\/www.organisator.ch\/#organization"},"image":{"@id":"https:\/\/www.organisator.ch\/sustainability\/2025-08-25\/pollutec-2025-zentrale-themen-fuer-industrie-umwelt-staedte-und-regionen\/#primaryimage"},"thumbnailUrl":"https:\/\/www.m-q.ch\/wp-content\/uploads\/2025\/08\/Pollutec-2025-Zentrale-Themen-fuer-Industrie-Umwelt-Staedte-und-Regionen_MQ.jpg","keywords":["Business Excellence","Fachkongress\/Fachmesse","Nachhaltige Wirtschaft","Pollutec","Umwelttechnik"],"articleSection":["SUSTAINABILITY"],"inLanguage":"de"},{"@type":"WebPage","@id":"https:\/\/www.organisator.ch\/sustainability\/2025-08-25\/pollutec-2025-zentrale-themen-fuer-industrie-umwelt-staedte-und-regionen\/","url":"https:\/\/www.organisator.ch\/sustainability\/2025-08-25\/pollutec-2025-zentrale-themen-fuer-industrie-umwelt-staedte-und-regionen\/","name":"Pollutec 2025: Zentrale Themen f\u00fcr Industrie, Umwelt, St\u00e4dte und Regionen - Organisator","isPartOf":{"@id":"https:\/\/www.organisator.ch\/#website"},"primaryImageOfPage":{"@id":"https:\/\/www.organisator.ch\/sustainability\/2025-08-25\/pollutec-2025-zentrale-themen-fuer-industrie-umwelt-staedte-und-regionen\/#primaryimage"},"image":{"@id":"https:\/\/www.organisator.ch\/sustainability\/2025-08-25\/pollutec-2025-zentrale-themen-fuer-industrie-umwelt-staedte-und-regionen\/#primaryimage"},"thumbnailUrl":"https:\/\/www.m-q.ch\/wp-content\/uploads\/2025\/08\/Pollutec-2025-Zentrale-Themen-fuer-Industrie-Umwelt-Staedte-und-Regionen_MQ.jpg","datePublished":"2025-08-25T09:45:23+00:00","description":"Gesundheit, Dekarbonisierung, Bio\u00f6konomie und Wissenschaft bilden den Kern des Programms der Pollutec 2025 (7.-10. Oktober) in Lyon.","breadcrumb":{"@id":"https:\/\/www.organisator.ch\/sustainability\/2025-08-25\/pollutec-2025-zentrale-themen-fuer-industrie-umwelt-staedte-und-regionen\/#breadcrumb"},"inLanguage":"de","potentialAction":[{"@type":"ReadAction","target":["https:\/\/www.organisator.ch\/sustainability\/2025-08-25\/pollutec-2025-zentrale-themen-fuer-industrie-umwelt-staedte-und-regionen\/"]}]},{"@type":"ImageObject","inLanguage":"de","@id":"https:\/\/www.organisator.ch\/sustainability\/2025-08-25\/pollutec-2025-zentrale-themen-fuer-industrie-umwelt-staedte-und-regionen\/#primaryimage","url":"https:\/\/www.m-q.ch\/wp-content\/uploads\/2025\/08\/Pollutec-2025-Zentrale-Themen-fuer-Industrie-Umwelt-Staedte-und-Regionen_MQ.jpg","contentUrl":"https:\/\/www.m-q.ch\/wp-content\/uploads\/2025\/08\/Pollutec-2025-Zentrale-Themen-fuer-Industrie-Umwelt-Staedte-und-Regionen_MQ.jpg"},{"@type":"BreadcrumbList","@id":"https:\/\/www.organisator.ch\/sustainability\/2025-08-25\/pollutec-2025-zentrale-themen-fuer-industrie-umwelt-staedte-und-regionen\/#breadcrumb","itemListElement":[{"@type":"ListItem","position":1,"name":"Home","item":"https:\/\/www.organisator.ch\/"},{"@type":"ListItem","position":2,"name":"Pollutec 2025: Zentrale Themen f\u00fcr Industrie, Umwelt, St\u00e4dte und Regionen"}]},{"@type":"WebSite","@id":"https:\/\/www.organisator.ch\/#website","url":"https:\/\/www.organisator.ch\/","name":"Organisator","description":"Kompetent. Praxisnah. Der ORGANISATOR bereitet in 10 Ausgaben pro Jahr die wesentlichen Themen f\u00fcr F\u00fchrungskr\u00e4fte von KMU auf.","publisher":{"@id":"https:\/\/www.organisator.ch\/#organization"},"potentialAction":[{"@type":"SearchAction","target":{"@type":"EntryPoint","urlTemplate":"https:\/\/www.organisator.ch\/?s={search_term_string}"},"query-input":{"@type":"PropertyValueSpecification","valueRequired":true,"valueName":"search_term_string"}}],"inLanguage":"de"},{"@type":"Organization","@id":"https:\/\/www.organisator.ch\/#organization","name":"Organisator","url":"https:\/\/www.organisator.ch\/","logo":{"@type":"ImageObject","inLanguage":"de","@id":"https:\/\/www.organisator.ch\/#\/schema\/logo\/image\/","url":"https:\/\/www.organisator.ch\/wp-content\/uploads\/2022\/01\/Logo_Organisator_Website.png","contentUrl":"https:\/\/www.organisator.ch\/wp-content\/uploads\/2022\/01\/Logo_Organisator_Website.png","width":800,"height":77,"caption":"Organisator"},"image":{"@id":"https:\/\/www.organisator.ch\/#\/schema\/logo\/image\/"},"sameAs":["https:\/\/www.facebook.com\/OrganisatorFachmagazin","https:\/\/www.linkedin.com\/showcase\/organisator-das-magazin-fr-kmu","https:\/\/www.xing.com\/news\/pages\/organisator-ch-695","https:\/\/www.youtube.com\/channel\/UCGP2Sq0iWaZwT3BdIAQFYpw"]},{"@type":"Person","@id":"https:\/\/www.organisator.ch\/#\/schema\/person\/4e51799071cd2dd1232ac003643ef5f0","name":"galledia","image":{"@type":"ImageObject","inLanguage":"de","@id":"https:\/\/secure.gravatar.com\/avatar\/78a7f90c01fc2bfc875782a0d4922b37cde2cf184ce347b91316d23cd7f69a36?s=96&d=mm&r=g","url":"https:\/\/secure.gravatar.com\/avatar\/78a7f90c01fc2bfc875782a0d4922b37cde2cf184ce347b91316d23cd7f69a36?s=96&d=mm&r=g","contentUrl":"https:\/\/secure.gravatar.com\/avatar\/78a7f90c01fc2bfc875782a0d4922b37cde2cf184ce347b91316d23cd7f69a36?s=96&d=mm&r=g","caption":"galledia"},"sameAs":["https:\/\/x.com\/admin"],"url":"https:\/\/www.organisator.ch\/de\/author\/galledia\/"}]}},"_links":{"self":[{"href":"https:\/\/www.organisator.ch\/de\/wp-json\/wp\/v2\/posts\/40112","targetHints":{"allow":["GET"]}}],"collection":[{"href":"https:\/\/www.organisator.ch\/de\/wp-json\/wp\/v2\/posts"}],"about":[{"href":"https:\/\/www.organisator.ch\/de\/wp-json\/wp\/v2\/types\/post"}],"author":[{"embeddable":true,"href":"https:\/\/www.organisator.ch\/de\/wp-json\/wp\/v2\/users\/8"}],"replies":[{"embeddable":true,"href":"https:\/\/www.organisator.ch\/de\/wp-json\/wp\/v2\/comments?post=40112"}],"version-history":[{"count":5,"href":"https:\/\/www.organisator.ch\/de\/wp-json\/wp\/v2\/posts\/40112\/revisions"}],"predecessor-version":[{"id":40122,"href":"https:\/\/www.organisator.ch\/de\/wp-json\/wp\/v2\/posts\/40112\/revisions\/40122"}],"wp:attachment":[{"href":"https:\/\/www.organisator.ch\/de\/wp-json\/wp\/v2\/media?parent=40112"}],"wp:term":[{"taxonomy":"category","embeddable":true,"href":"https:\/\/www.organisator.ch\/de\/wp-json\/wp\/v2\/categories?post=40112"},{"taxonomy":"post_tag","embeddable":true,"href":"https:\/\/www.organisator.ch\/de\/wp-json\/wp\/v2\/tags?post=40112"}],"curies":[{"name":"wp","href":"https:\/\/api.w.org\/{rel}","templated":true}]}}