{"id":40194,"date":"2025-08-28T12:44:55","date_gmt":"2025-08-28T10:44:55","guid":{"rendered":"https:\/\/www.markt-kom.com\/?p=238187"},"modified":"2025-08-28T14:42:54","modified_gmt":"2025-08-28T12:42:54","slug":"trotz-investitionen-nzz-praesentiert-solides-halbjahresergebnis","status":"publish","type":"post","link":"https:\/\/www.organisator.ch\/de\/marketing\/2025-08-28\/trotz-investitionen-nzz-praesentiert-solides-halbjahresergebnis\/","title":{"rendered":"Trotz Investitionen: NZZ pr\u00e4sentiert solides Halbjahresergebnis"},"content":{"rendered":"<p class=\"my-2 [&amp;+p]:mt-4 [&amp;_strong:has(+br)]:inline-block [&amp;_strong:has(+br)]:pb-2\"><img class=\"alignnone size-full wp-image-238188\" src=\"https:\/\/www.markt-kom.com\/wp-content\/uploads\/2025\/08\/nzzsymbolbild1200.png\" sizes=\"(max-width: 1200px) 100vw, 1200px\" srcset=\"https:\/\/www.markt-kom.com\/wp-content\/uploads\/2025\/08\/nzzsymbolbild1200.png 1200w, https:\/\/www.markt-kom.com\/wp-content\/uploads\/2025\/08\/nzzsymbolbild1200-600x400.png 600w, https:\/\/www.markt-kom.com\/wp-content\/uploads\/2025\/08\/nzzsymbolbild1200-1024x683.png 1024w, https:\/\/www.markt-kom.com\/wp-content\/uploads\/2025\/08\/nzzsymbolbild1200-768x512.png 768w, https:\/\/www.markt-kom.com\/wp-content\/uploads\/2025\/08\/nzzsymbolbild1200-18x12.png 18w, https:\/\/www.markt-kom.com\/wp-content\/uploads\/2025\/08\/nzzsymbolbild1200-263x175.png 263w, https:\/\/www.markt-kom.com\/wp-content\/uploads\/2025\/08\/nzzsymbolbild1200-525x350.png 525w, https:\/\/www.markt-kom.com\/wp-content\/uploads\/2025\/08\/nzzsymbolbild1200-1000x667.png 1000w\" alt=\"\" width=\"1200\" height=\"800\" \/><br \/>\r\nDer Betriebsertrag lag bei\u00a0117,1 Millionen Franken\u00a0und damit leicht unter dem Vorjahresniveau. W\u00e4hrend die Erl\u00f6se im Nutzermarkt insgesamt um 2 Prozent zur\u00fcckgingen \u2013 insbesondere wegen r\u00fcckl\u00e4ufiger Einnahmen bei der Architektur- und Design-Community DAAily platforms \u2013 konnte das Wachstum im digitalen Bereich den strukturellen R\u00fcckgang im Printgesch\u00e4ft teilweise auffangen.<\/p>\r\n<p class=\"my-2 [&amp;+p]:mt-4 [&amp;_strong:has(+br)]:inline-block [&amp;_strong:has(+br)]:pb-2\">Im Werbemarkt legte NZZ dank einer\u00a0neuen Vermarktungspartnerschaft\u00a0in Deutschland und der \u00dcbernahme der Digitalagentur Attackera im Online-Segment zu: Die Werbeeinnahmen stiegen insgesamt um 3 Prozent auf\u00a047,3 Millionen Franken. Im Print-Werbemarkt setzt sich der Negativtrend jedoch fort und d\u00e4mpft das Wachstum.<\/p>\r\n<h2 id=\"investitionen-in-qualitt-und-innovation\" class=\"mb-2 mt-4 font-display font-semimedium text-base first:mt-0 md:text-lg [hr+&amp;]:mt-4\">Investitionen in Qualit\u00e4t und Innovation<\/h2>\r\n<p class=\"my-2 [&amp;+p]:mt-4 [&amp;_strong:has(+br)]:inline-block [&amp;_strong:has(+br)]:pb-2\">Die Redaktion und digitale Produkte wurden weiter ausgebaut \u2013 mit neuen Podcasts, Newsletter-Angeboten und App-Funktionen. Das zahlt auf die Strategie ein, die Position im Lesermarkt zu st\u00e4rken und die Kundenbindung zu erh\u00f6hen.<\/p>\r\n<p class=\"my-2 [&amp;+p]:mt-4 [&amp;_strong:has(+br)]:inline-block [&amp;_strong:has(+br)]:pb-2\">Das zweite Halbjahr bleibt laut NZZ anspruchsvoll: Der F\u00f6rderdruck durch K\u00fcnstliche Intelligenz und die konjunkturelle Unsicherheit verlangen dem Medienunternehmen viel ab. Dennoch sieht sich die NZZ dank ihrer\u00a0klaren Strategie\u00a0und\u00a0starken Marke\u00a0gut ger\u00fcstet, den digitalen Wandel aktiv zu gestalten und gezielt in zukunftstr\u00e4chtige Bereiche zu investieren.<\/p>","protected":false},"excerpt":{"rendered":"<p>Digitale Angebote wachsen, Print schw\u00e4chelt: Die NZZ hat im ersten Halbjahr 2025 trotz schwierigem Marktumfeld ein solides Konzernergebnis von\u00a06,9 Millionen Franken\u00a0erwirtschaftet.<\/p>\n","protected":false},"author":8,"featured_media":0,"comment_status":"closed","ping_status":"closed","sticky":false,"template":"","format":"standard","meta":{"_acf_changed":false,"_yoast_wpseo_focuskw":"NZZ","_yoast_wpseo_metadesc":"Die NZZ hat im ersten Halbjahr 2025 trotz schwierigem Marktumfeld ein solides Konzernergebnis von\u00a06,9 Millionen Franken\u00a0erwirtschaftet.","articlekey":"","footnotes":""},"categories":[29],"tags":[2682,335,4343,1677,492],"class_list":["post-40194","post","type-post","status-publish","format-standard","hentry","category-marketing","tag-halbjahresergebnis","tag-management-und-unternehmensfuehrung","tag-markom","tag-medien","tag-unternehmen"],"acf":[],"yoast_head":"<!-- This site is optimized with the Yoast SEO plugin v27.4 - https:\/\/yoast.com\/product\/yoast-seo-wordpress\/ -->\n<title>Trotz Investitionen: NZZ pr\u00e4sentiert solides Halbjahresergebnis - Organisator<\/title>\n<meta name=\"description\" content=\"Die NZZ hat im ersten Halbjahr 2025 trotz schwierigem Marktumfeld ein solides Konzernergebnis von\u00a06,9 Millionen Franken\u00a0erwirtschaftet.\" \/>\n<meta name=\"robots\" content=\"index, follow, max-snippet:-1, max-image-preview:large, max-video-preview:-1\" \/>\n<link rel=\"canonical\" href=\"https:\/\/www.organisator.ch\/de\/marketing\/2025-08-28\/trotz-investitionen-nzz-praesentiert-solides-halbjahresergebnis\/\" \/>\n<meta property=\"og:locale\" content=\"de_DE\" \/>\n<meta property=\"og:type\" content=\"article\" \/>\n<meta property=\"og:title\" content=\"Trotz Investitionen: NZZ pr\u00e4sentiert solides Halbjahresergebnis - Organisator\" \/>\n<meta property=\"og:description\" content=\"Die NZZ hat im ersten Halbjahr 2025 trotz schwierigem Marktumfeld ein solides Konzernergebnis von\u00a06,9 Millionen Franken\u00a0erwirtschaftet.\" \/>\n<meta property=\"og:url\" content=\"https:\/\/www.organisator.ch\/de\/marketing\/2025-08-28\/trotz-investitionen-nzz-praesentiert-solides-halbjahresergebnis\/\" \/>\n<meta property=\"og:site_name\" content=\"Organisator\" \/>\n<meta property=\"article:publisher\" content=\"https:\/\/www.facebook.com\/OrganisatorFachmagazin\" \/>\n<meta property=\"article:published_time\" content=\"2025-08-28T10:44:55+00:00\" \/>\n<meta property=\"article:modified_time\" content=\"2025-08-28T12:42:54+00:00\" \/>\n<meta name=\"author\" content=\"galledia\" \/>\n<meta name=\"twitter:card\" content=\"summary_large_image\" \/>\n<meta name=\"twitter:creator\" content=\"@admin\" \/>\n<script type=\"application\/ld+json\" class=\"yoast-schema-graph\">{\"@context\":\"https:\\\/\\\/schema.org\",\"@graph\":[{\"@type\":\"Article\",\"@id\":\"https:\\\/\\\/www.organisator.ch\\\/marketing\\\/2025-08-28\\\/trotz-investitionen-nzz-praesentiert-solides-halbjahresergebnis\\\/#article\",\"isPartOf\":{\"@id\":\"https:\\\/\\\/www.organisator.ch\\\/marketing\\\/2025-08-28\\\/trotz-investitionen-nzz-praesentiert-solides-halbjahresergebnis\\\/\"},\"author\":{\"name\":\"galledia\",\"@id\":\"https:\\\/\\\/www.organisator.ch\\\/#\\\/schema\\\/person\\\/4e51799071cd2dd1232ac003643ef5f0\"},\"headline\":\"Trotz Investitionen: NZZ pr\u00e4sentiert solides Halbjahresergebnis\",\"datePublished\":\"2025-08-28T10:44:55+00:00\",\"dateModified\":\"2025-08-28T12:42:54+00:00\",\"mainEntityOfPage\":{\"@id\":\"https:\\\/\\\/www.organisator.ch\\\/marketing\\\/2025-08-28\\\/trotz-investitionen-nzz-praesentiert-solides-halbjahresergebnis\\\/\"},\"wordCount\":191,\"publisher\":{\"@id\":\"https:\\\/\\\/www.organisator.ch\\\/#organization\"},\"image\":{\"@id\":\"https:\\\/\\\/www.organisator.ch\\\/marketing\\\/2025-08-28\\\/trotz-investitionen-nzz-praesentiert-solides-halbjahresergebnis\\\/#primaryimage\"},\"thumbnailUrl\":\"https:\\\/\\\/www.markt-kom.com\\\/wp-content\\\/uploads\\\/2025\\\/08\\\/nzzsymbolbild1200.png\",\"keywords\":[\"Halbjahresergebnis\",\"Management und Unternehmensf\u00fchrung\",\"MarKom\",\"Medien\",\"Unternehmen\"],\"articleSection\":[\"MARKETING\"],\"inLanguage\":\"de\"},{\"@type\":\"WebPage\",\"@id\":\"https:\\\/\\\/www.organisator.ch\\\/marketing\\\/2025-08-28\\\/trotz-investitionen-nzz-praesentiert-solides-halbjahresergebnis\\\/\",\"url\":\"https:\\\/\\\/www.organisator.ch\\\/marketing\\\/2025-08-28\\\/trotz-investitionen-nzz-praesentiert-solides-halbjahresergebnis\\\/\",\"name\":\"Trotz Investitionen: NZZ pr\u00e4sentiert solides Halbjahresergebnis - Organisator\",\"isPartOf\":{\"@id\":\"https:\\\/\\\/www.organisator.ch\\\/#website\"},\"primaryImageOfPage\":{\"@id\":\"https:\\\/\\\/www.organisator.ch\\\/marketing\\\/2025-08-28\\\/trotz-investitionen-nzz-praesentiert-solides-halbjahresergebnis\\\/#primaryimage\"},\"image\":{\"@id\":\"https:\\\/\\\/www.organisator.ch\\\/marketing\\\/2025-08-28\\\/trotz-investitionen-nzz-praesentiert-solides-halbjahresergebnis\\\/#primaryimage\"},\"thumbnailUrl\":\"https:\\\/\\\/www.markt-kom.com\\\/wp-content\\\/uploads\\\/2025\\\/08\\\/nzzsymbolbild1200.png\",\"datePublished\":\"2025-08-28T10:44:55+00:00\",\"dateModified\":\"2025-08-28T12:42:54+00:00\",\"description\":\"Die NZZ hat im ersten Halbjahr 2025 trotz schwierigem Marktumfeld ein solides Konzernergebnis von\u00a06,9 Millionen Franken\u00a0erwirtschaftet.\",\"breadcrumb\":{\"@id\":\"https:\\\/\\\/www.organisator.ch\\\/marketing\\\/2025-08-28\\\/trotz-investitionen-nzz-praesentiert-solides-halbjahresergebnis\\\/#breadcrumb\"},\"inLanguage\":\"de\",\"potentialAction\":[{\"@type\":\"ReadAction\",\"target\":[\"https:\\\/\\\/www.organisator.ch\\\/marketing\\\/2025-08-28\\\/trotz-investitionen-nzz-praesentiert-solides-halbjahresergebnis\\\/\"]}]},{\"@type\":\"ImageObject\",\"inLanguage\":\"de\",\"@id\":\"https:\\\/\\\/www.organisator.ch\\\/marketing\\\/2025-08-28\\\/trotz-investitionen-nzz-praesentiert-solides-halbjahresergebnis\\\/#primaryimage\",\"url\":\"https:\\\/\\\/www.markt-kom.com\\\/wp-content\\\/uploads\\\/2025\\\/08\\\/nzzsymbolbild1200.png\",\"contentUrl\":\"https:\\\/\\\/www.markt-kom.com\\\/wp-content\\\/uploads\\\/2025\\\/08\\\/nzzsymbolbild1200.png\"},{\"@type\":\"BreadcrumbList\",\"@id\":\"https:\\\/\\\/www.organisator.ch\\\/marketing\\\/2025-08-28\\\/trotz-investitionen-nzz-praesentiert-solides-halbjahresergebnis\\\/#breadcrumb\",\"itemListElement\":[{\"@type\":\"ListItem\",\"position\":1,\"name\":\"Home\",\"item\":\"https:\\\/\\\/www.organisator.ch\\\/\"},{\"@type\":\"ListItem\",\"position\":2,\"name\":\"Trotz Investitionen: NZZ pr\u00e4sentiert solides Halbjahresergebnis\"}]},{\"@type\":\"WebSite\",\"@id\":\"https:\\\/\\\/www.organisator.ch\\\/#website\",\"url\":\"https:\\\/\\\/www.organisator.ch\\\/\",\"name\":\"Organisator\",\"description\":\"Kompetent. Praxisnah. Der ORGANISATOR bereitet in 10 Ausgaben pro Jahr die wesentlichen Themen f\u00fcr F\u00fchrungskr\u00e4fte von KMU auf.\",\"publisher\":{\"@id\":\"https:\\\/\\\/www.organisator.ch\\\/#organization\"},\"potentialAction\":[{\"@type\":\"SearchAction\",\"target\":{\"@type\":\"EntryPoint\",\"urlTemplate\":\"https:\\\/\\\/www.organisator.ch\\\/?s={search_term_string}\"},\"query-input\":{\"@type\":\"PropertyValueSpecification\",\"valueRequired\":true,\"valueName\":\"search_term_string\"}}],\"inLanguage\":\"de\"},{\"@type\":\"Organization\",\"@id\":\"https:\\\/\\\/www.organisator.ch\\\/#organization\",\"name\":\"Organisator\",\"url\":\"https:\\\/\\\/www.organisator.ch\\\/\",\"logo\":{\"@type\":\"ImageObject\",\"inLanguage\":\"de\",\"@id\":\"https:\\\/\\\/www.organisator.ch\\\/#\\\/schema\\\/logo\\\/image\\\/\",\"url\":\"https:\\\/\\\/www.organisator.ch\\\/wp-content\\\/uploads\\\/2022\\\/01\\\/Logo_Organisator_Website.png\",\"contentUrl\":\"https:\\\/\\\/www.organisator.ch\\\/wp-content\\\/uploads\\\/2022\\\/01\\\/Logo_Organisator_Website.png\",\"width\":800,\"height\":77,\"caption\":\"Organisator\"},\"image\":{\"@id\":\"https:\\\/\\\/www.organisator.ch\\\/#\\\/schema\\\/logo\\\/image\\\/\"},\"sameAs\":[\"https:\\\/\\\/www.facebook.com\\\/OrganisatorFachmagazin\",\"https:\\\/\\\/www.linkedin.com\\\/showcase\\\/organisator-das-magazin-fr-kmu\",\"https:\\\/\\\/www.xing.com\\\/news\\\/pages\\\/organisator-ch-695\",\"https:\\\/\\\/www.youtube.com\\\/channel\\\/UCGP2Sq0iWaZwT3BdIAQFYpw\"]},{\"@type\":\"Person\",\"@id\":\"https:\\\/\\\/www.organisator.ch\\\/#\\\/schema\\\/person\\\/4e51799071cd2dd1232ac003643ef5f0\",\"name\":\"galledia\",\"image\":{\"@type\":\"ImageObject\",\"inLanguage\":\"de\",\"@id\":\"https:\\\/\\\/secure.gravatar.com\\\/avatar\\\/78a7f90c01fc2bfc875782a0d4922b37cde2cf184ce347b91316d23cd7f69a36?s=96&d=mm&r=g\",\"url\":\"https:\\\/\\\/secure.gravatar.com\\\/avatar\\\/78a7f90c01fc2bfc875782a0d4922b37cde2cf184ce347b91316d23cd7f69a36?s=96&d=mm&r=g\",\"contentUrl\":\"https:\\\/\\\/secure.gravatar.com\\\/avatar\\\/78a7f90c01fc2bfc875782a0d4922b37cde2cf184ce347b91316d23cd7f69a36?s=96&d=mm&r=g\",\"caption\":\"galledia\"},\"sameAs\":[\"https:\\\/\\\/x.com\\\/admin\"],\"url\":\"https:\\\/\\\/www.organisator.ch\\\/de\\\/author\\\/galledia\\\/\"}]}<\/script>\n<!-- \/ Yoast SEO plugin. -->","yoast_head_json":{"title":"Trotz Investitionen: NZZ pr\u00e4sentiert solides Halbjahresergebnis - Organisator","description":"Die NZZ hat im ersten Halbjahr 2025 trotz schwierigem Marktumfeld ein solides Konzernergebnis von\u00a06,9 Millionen Franken\u00a0erwirtschaftet.","robots":{"index":"index","follow":"follow","max-snippet":"max-snippet:-1","max-image-preview":"max-image-preview:large","max-video-preview":"max-video-preview:-1"},"canonical":"https:\/\/www.organisator.ch\/de\/marketing\/2025-08-28\/trotz-investitionen-nzz-praesentiert-solides-halbjahresergebnis\/","og_locale":"de_DE","og_type":"article","og_title":"Trotz Investitionen: NZZ pr\u00e4sentiert solides Halbjahresergebnis - Organisator","og_description":"Die NZZ hat im ersten Halbjahr 2025 trotz schwierigem Marktumfeld ein solides Konzernergebnis von\u00a06,9 Millionen Franken\u00a0erwirtschaftet.","og_url":"https:\/\/www.organisator.ch\/de\/marketing\/2025-08-28\/trotz-investitionen-nzz-praesentiert-solides-halbjahresergebnis\/","og_site_name":"Organisator","article_publisher":"https:\/\/www.facebook.com\/OrganisatorFachmagazin","article_published_time":"2025-08-28T10:44:55+00:00","article_modified_time":"2025-08-28T12:42:54+00:00","author":"galledia","twitter_card":"summary_large_image","twitter_creator":"@admin","schema":{"@context":"https:\/\/schema.org","@graph":[{"@type":"Article","@id":"https:\/\/www.organisator.ch\/marketing\/2025-08-28\/trotz-investitionen-nzz-praesentiert-solides-halbjahresergebnis\/#article","isPartOf":{"@id":"https:\/\/www.organisator.ch\/marketing\/2025-08-28\/trotz-investitionen-nzz-praesentiert-solides-halbjahresergebnis\/"},"author":{"name":"galledia","@id":"https:\/\/www.organisator.ch\/#\/schema\/person\/4e51799071cd2dd1232ac003643ef5f0"},"headline":"Trotz Investitionen: NZZ pr\u00e4sentiert solides Halbjahresergebnis","datePublished":"2025-08-28T10:44:55+00:00","dateModified":"2025-08-28T12:42:54+00:00","mainEntityOfPage":{"@id":"https:\/\/www.organisator.ch\/marketing\/2025-08-28\/trotz-investitionen-nzz-praesentiert-solides-halbjahresergebnis\/"},"wordCount":191,"publisher":{"@id":"https:\/\/www.organisator.ch\/#organization"},"image":{"@id":"https:\/\/www.organisator.ch\/marketing\/2025-08-28\/trotz-investitionen-nzz-praesentiert-solides-halbjahresergebnis\/#primaryimage"},"thumbnailUrl":"https:\/\/www.markt-kom.com\/wp-content\/uploads\/2025\/08\/nzzsymbolbild1200.png","keywords":["Halbjahresergebnis","Management und Unternehmensf\u00fchrung","MarKom","Medien","Unternehmen"],"articleSection":["MARKETING"],"inLanguage":"de"},{"@type":"WebPage","@id":"https:\/\/www.organisator.ch\/marketing\/2025-08-28\/trotz-investitionen-nzz-praesentiert-solides-halbjahresergebnis\/","url":"https:\/\/www.organisator.ch\/marketing\/2025-08-28\/trotz-investitionen-nzz-praesentiert-solides-halbjahresergebnis\/","name":"Trotz Investitionen: NZZ pr\u00e4sentiert solides Halbjahresergebnis - Organisator","isPartOf":{"@id":"https:\/\/www.organisator.ch\/#website"},"primaryImageOfPage":{"@id":"https:\/\/www.organisator.ch\/marketing\/2025-08-28\/trotz-investitionen-nzz-praesentiert-solides-halbjahresergebnis\/#primaryimage"},"image":{"@id":"https:\/\/www.organisator.ch\/marketing\/2025-08-28\/trotz-investitionen-nzz-praesentiert-solides-halbjahresergebnis\/#primaryimage"},"thumbnailUrl":"https:\/\/www.markt-kom.com\/wp-content\/uploads\/2025\/08\/nzzsymbolbild1200.png","datePublished":"2025-08-28T10:44:55+00:00","dateModified":"2025-08-28T12:42:54+00:00","description":"Die NZZ hat im ersten Halbjahr 2025 trotz schwierigem Marktumfeld ein solides Konzernergebnis von\u00a06,9 Millionen Franken\u00a0erwirtschaftet.","breadcrumb":{"@id":"https:\/\/www.organisator.ch\/marketing\/2025-08-28\/trotz-investitionen-nzz-praesentiert-solides-halbjahresergebnis\/#breadcrumb"},"inLanguage":"de","potentialAction":[{"@type":"ReadAction","target":["https:\/\/www.organisator.ch\/marketing\/2025-08-28\/trotz-investitionen-nzz-praesentiert-solides-halbjahresergebnis\/"]}]},{"@type":"ImageObject","inLanguage":"de","@id":"https:\/\/www.organisator.ch\/marketing\/2025-08-28\/trotz-investitionen-nzz-praesentiert-solides-halbjahresergebnis\/#primaryimage","url":"https:\/\/www.markt-kom.com\/wp-content\/uploads\/2025\/08\/nzzsymbolbild1200.png","contentUrl":"https:\/\/www.markt-kom.com\/wp-content\/uploads\/2025\/08\/nzzsymbolbild1200.png"},{"@type":"BreadcrumbList","@id":"https:\/\/www.organisator.ch\/marketing\/2025-08-28\/trotz-investitionen-nzz-praesentiert-solides-halbjahresergebnis\/#breadcrumb","itemListElement":[{"@type":"ListItem","position":1,"name":"Home","item":"https:\/\/www.organisator.ch\/"},{"@type":"ListItem","position":2,"name":"Trotz Investitionen: NZZ pr\u00e4sentiert solides Halbjahresergebnis"}]},{"@type":"WebSite","@id":"https:\/\/www.organisator.ch\/#website","url":"https:\/\/www.organisator.ch\/","name":"Organisator","description":"Kompetent. Praxisnah. Der ORGANISATOR bereitet in 10 Ausgaben pro Jahr die wesentlichen Themen f\u00fcr F\u00fchrungskr\u00e4fte von KMU auf.","publisher":{"@id":"https:\/\/www.organisator.ch\/#organization"},"potentialAction":[{"@type":"SearchAction","target":{"@type":"EntryPoint","urlTemplate":"https:\/\/www.organisator.ch\/?s={search_term_string}"},"query-input":{"@type":"PropertyValueSpecification","valueRequired":true,"valueName":"search_term_string"}}],"inLanguage":"de"},{"@type":"Organization","@id":"https:\/\/www.organisator.ch\/#organization","name":"Organisator","url":"https:\/\/www.organisator.ch\/","logo":{"@type":"ImageObject","inLanguage":"de","@id":"https:\/\/www.organisator.ch\/#\/schema\/logo\/image\/","url":"https:\/\/www.organisator.ch\/wp-content\/uploads\/2022\/01\/Logo_Organisator_Website.png","contentUrl":"https:\/\/www.organisator.ch\/wp-content\/uploads\/2022\/01\/Logo_Organisator_Website.png","width":800,"height":77,"caption":"Organisator"},"image":{"@id":"https:\/\/www.organisator.ch\/#\/schema\/logo\/image\/"},"sameAs":["https:\/\/www.facebook.com\/OrganisatorFachmagazin","https:\/\/www.linkedin.com\/showcase\/organisator-das-magazin-fr-kmu","https:\/\/www.xing.com\/news\/pages\/organisator-ch-695","https:\/\/www.youtube.com\/channel\/UCGP2Sq0iWaZwT3BdIAQFYpw"]},{"@type":"Person","@id":"https:\/\/www.organisator.ch\/#\/schema\/person\/4e51799071cd2dd1232ac003643ef5f0","name":"galledia","image":{"@type":"ImageObject","inLanguage":"de","@id":"https:\/\/secure.gravatar.com\/avatar\/78a7f90c01fc2bfc875782a0d4922b37cde2cf184ce347b91316d23cd7f69a36?s=96&d=mm&r=g","url":"https:\/\/secure.gravatar.com\/avatar\/78a7f90c01fc2bfc875782a0d4922b37cde2cf184ce347b91316d23cd7f69a36?s=96&d=mm&r=g","contentUrl":"https:\/\/secure.gravatar.com\/avatar\/78a7f90c01fc2bfc875782a0d4922b37cde2cf184ce347b91316d23cd7f69a36?s=96&d=mm&r=g","caption":"galledia"},"sameAs":["https:\/\/x.com\/admin"],"url":"https:\/\/www.organisator.ch\/de\/author\/galledia\/"}]}},"_links":{"self":[{"href":"https:\/\/www.organisator.ch\/de\/wp-json\/wp\/v2\/posts\/40194","targetHints":{"allow":["GET"]}}],"collection":[{"href":"https:\/\/www.organisator.ch\/de\/wp-json\/wp\/v2\/posts"}],"about":[{"href":"https:\/\/www.organisator.ch\/de\/wp-json\/wp\/v2\/types\/post"}],"author":[{"embeddable":true,"href":"https:\/\/www.organisator.ch\/de\/wp-json\/wp\/v2\/users\/8"}],"replies":[{"embeddable":true,"href":"https:\/\/www.organisator.ch\/de\/wp-json\/wp\/v2\/comments?post=40194"}],"version-history":[{"count":5,"href":"https:\/\/www.organisator.ch\/de\/wp-json\/wp\/v2\/posts\/40194\/revisions"}],"predecessor-version":[{"id":40198,"href":"https:\/\/www.organisator.ch\/de\/wp-json\/wp\/v2\/posts\/40194\/revisions\/40198"}],"wp:attachment":[{"href":"https:\/\/www.organisator.ch\/de\/wp-json\/wp\/v2\/media?parent=40194"}],"wp:term":[{"taxonomy":"category","embeddable":true,"href":"https:\/\/www.organisator.ch\/de\/wp-json\/wp\/v2\/categories?post=40194"},{"taxonomy":"post_tag","embeddable":true,"href":"https:\/\/www.organisator.ch\/de\/wp-json\/wp\/v2\/tags?post=40194"}],"curies":[{"name":"wp","href":"https:\/\/api.w.org\/{rel}","templated":true}]}}