{"id":40259,"date":"2025-09-02T05:35:49","date_gmt":"2025-09-02T03:35:49","guid":{"rendered":"https:\/\/www.m-q.ch\/?p=21865"},"modified":"2025-09-01T15:02:03","modified_gmt":"2025-09-01T13:02:03","slug":"zwischen-faszination-und-skepsis-wie-die-schweiz-auf-ki-blickt","status":"publish","type":"post","link":"https:\/\/www.organisator.ch\/de\/operational-excellence\/2025-09-02\/zwischen-faszination-und-skepsis-wie-die-schweiz-auf-ki-blickt\/","title":{"rendered":"Zwischen Faszination und Skepsis: Wie die Schweiz auf KI blickt"},"content":{"rendered":"<figure id=\"attachment_21866\" class=\"wp-caption alignnone\" style=\"width: 680px;\" aria-describedby=\"caption-attachment-21866\"><img class=\"size-full wp-image-21866\" src=\"https:\/\/www.m-q.ch\/wp-content\/uploads\/2025\/09\/Zwischen-Faszination-und-Skepsis-Wie-die-Schweiz-auf-KI-blickt_MQ.png\" sizes=\"(max-width: 680px) 100vw, 680px\" srcset=\"https:\/\/www.m-q.ch\/wp-content\/uploads\/2025\/09\/Zwischen-Faszination-und-Skepsis-Wie-die-Schweiz-auf-KI-blickt_MQ.png 680w, https:\/\/www.m-q.ch\/wp-content\/uploads\/2025\/09\/Zwischen-Faszination-und-Skepsis-Wie-die-Schweiz-auf-KI-blickt_MQ-18x12.png 18w, https:\/\/www.m-q.ch\/wp-content\/uploads\/2025\/09\/Zwischen-Faszination-und-Skepsis-Wie-die-Schweiz-auf-KI-blickt_MQ-375x250.png 375w, https:\/\/www.m-q.ch\/wp-content\/uploads\/2025\/09\/Zwischen-Faszination-und-Skepsis-Wie-die-Schweiz-auf-KI-blickt_MQ-525x350.png 525w\" alt=\"\" width=\"680\" height=\"453\" \/>\r\n<figcaption id=\"caption-attachment-21866\" class=\"wp-caption-text\">Bez\u00fcglich KI sind Schweizer eher nerv\u00f6s als begeistert und fordern mehr Transparenz. (Bild: KI-generiert \/ ChatGPT)<\/figcaption>\r\n<\/figure>\r\n<p>Die Schweiz begegnet der rasanten Entwicklung K\u00fcnstlicher Intelligenz (KI) mit Zur\u00fcckhaltung. Laut dem aktuellen \u201eAI Monitor\u201c von Ipsos empfindet eine knappe Mehrheit der Bev\u00f6lkerung eher Nervosit\u00e4t als Begeisterung gegen\u00fcber neuen KI-Produkten und -Dienstleistungen. Damit liegt die Schweiz auf einer Linie mit englischsprachigen L\u00e4ndern wie den USA oder Grossbritannien, w\u00e4hrend in S\u00fcdostasien die Euphorie \u00fcberwiegt.<\/p>\r\n<h3>Forderung nach Transparenz<\/h3>\r\n<p>Besonders heikel ist f\u00fcr viele das Thema Vertrauen. Nur 41 Prozent der Schweizerinnen und Schweizer glauben, dass Unternehmen ihre Daten beim Einsatz von KI wirksam sch\u00fctzen. Die H\u00e4lfte der Befragten zeigt sich skeptisch. Deutlich gr\u00f6sser ist hingegen das Vertrauen in staatliche Regulierung: 55 Prozent trauen den Beh\u00f6rden zu, verantwortungsvoll mit der Technologie umzugehen.<\/p>\r\n<p>Ein Punkt, der die Bev\u00f6lkerung eint, ist die Forderung nach Transparenz. Satte 77 Prozent erwarten, dass Firmen den Einsatz von KI klar deklarieren. Damit schliesst sich die Schweiz dem weltweiten Ruf nach Offenheit an \u2013 von Frankreich bis Kanada herrscht diesbez\u00fcglich ein bemerkenswerter Konsens.<\/p>\r\n<h3>KI ver\u00e4ndert den Alltag<\/h3>\r\n<p>Die Auswirkungen der KI sind f\u00fcr viele bereits sp\u00fcrbar. 43 Prozent sagen, dass ihr Alltag heute schon von KI ver\u00e4ndert wird, Tendenz steigend. In den n\u00e4chsten drei bis f\u00fcnf Jahren erwarten 61 Prozent tiefgreifendere Ver\u00e4nderungen \u2013 ein Wert unter dem globalen Schnitt, aber deutlich \u00fcber jenem des Vorjahres.<\/p>\r\n<p>Auch konkrete Einsatzfelder bewertet die Bev\u00f6lkerung differenziert. W\u00e4hrend 76 Prozent davon ausgehen, dass KI k\u00fcnftig Online-Suchergebnisse pr\u00e4gt, sehen viele Vorteile in der Effizienzsteigerung oder im Entertainment. Doch beim Thema Arbeitsmarkt \u00fcberwiegen die Sorgen: 41 Prozent f\u00fcrchten negative Folgen f\u00fcr Jobs im Land, auch wenn ein Drittel pers\u00f6nlich von besseren Arbeitsbedingungen ausgeht.<\/p>\r\n<h3>Pragmatismus gefordert<\/h3>\r\n<p>\u201eDie Ergebnisse spiegeln die pragmatische Haltung der Schweiz wider\u201c, sagt Jean-Pierre Berst, Chief Client Officer bei Ipsos. Vertrauen und Transparenz werden entscheidend sein, wenn Unternehmen KI erfolgreich einf\u00fchren wollen, so Berst weiter.<\/p>\r\n<p>Die Botschaft ist klar: In einem Land, in dem Qualit\u00e4t und Vertrauen zentrale Werte sind, wird K\u00fcnstliche Intelligenz nicht als Heilsversprechen gefeiert \u2013 sondern als Herausforderung, die mit Bedacht und Offenheit gemeistert werden muss.<\/p>\r\n<p><em>Quelle: <a href=\"http:\/\/www.ipsos.com\/en-ch\/\">Ipsos<\/a><\/em><\/p>\n<p class=\"syndicated-attribution\">Dieser Beitrag erschien urspr\u00fcnglich auf m-q.ch - <a href=\"https:\/\/www.m-q.ch\/de\/zwischen-faszination-und-skepsis-wie-die-schweiz-auf-ki-blickt\/\" target=\"_blank\">https:\/\/www.m-q.ch\/de\/zwischen-faszination-und-skepsis-wie-die-schweiz-auf-ki-blickt\/<\/a><\/p>","protected":false},"excerpt":{"rendered":"<p>Eine neue Ipsos-Umfrage zeigt: Die Schweizerinnen und Schweizer reagieren auf K\u00fcnstliche Intelligenz mit gemischten Gef\u00fchlen \u2013 zwischen Neugier und Nervosit\u00e4t. Besonders wichtig ist ihnen Transparenz beim Einsatz der Technologie.<\/p>\n","protected":false},"author":8,"featured_media":0,"comment_status":"closed","ping_status":"closed","sticky":false,"template":"","format":"standard","meta":{"_acf_changed":false,"_yoast_wpseo_focuskw":"Skepsis","_yoast_wpseo_metadesc":"Die Schweizerinnen und Schweizer reagieren auf K\u00fcnstliche Intelligenz mit gemischten Gef\u00fchlen \u2013 zwischen Neugier, Nervosit\u00e4t und Skepsis.","articlekey":"","footnotes":""},"categories":[582],"tags":[586,319,424,459],"class_list":["post-40259","post","type-post","status-publish","format-standard","hentry","category-operational-excellence","tag-allgemein","tag-kuenstliche-intelligenz","tag-schweiz","tag-studie"],"acf":[],"yoast_head":"<!-- This site is optimized with the Yoast SEO plugin v27.4 - https:\/\/yoast.com\/product\/yoast-seo-wordpress\/ -->\n<title>Zwischen Faszination und Skepsis: Wie die Schweiz auf KI blickt - Organisator<\/title>\n<meta name=\"description\" content=\"Die Schweizerinnen und Schweizer reagieren auf K\u00fcnstliche Intelligenz mit gemischten Gef\u00fchlen \u2013 zwischen Neugier, Nervosit\u00e4t und Skepsis.\" \/>\n<meta name=\"robots\" content=\"index, follow, max-snippet:-1, max-image-preview:large, max-video-preview:-1\" \/>\n<link rel=\"canonical\" href=\"https:\/\/www.organisator.ch\/de\/operational-excellence\/2025-09-02\/zwischen-faszination-und-skepsis-wie-die-schweiz-auf-ki-blickt\/\" \/>\n<meta property=\"og:locale\" content=\"de_DE\" \/>\n<meta property=\"og:type\" content=\"article\" \/>\n<meta property=\"og:title\" content=\"Zwischen Faszination und Skepsis: Wie die Schweiz auf KI blickt - Organisator\" \/>\n<meta property=\"og:description\" content=\"Die Schweizerinnen und Schweizer reagieren auf K\u00fcnstliche Intelligenz mit gemischten Gef\u00fchlen \u2013 zwischen Neugier, Nervosit\u00e4t und Skepsis.\" \/>\n<meta property=\"og:url\" content=\"https:\/\/www.organisator.ch\/de\/operational-excellence\/2025-09-02\/zwischen-faszination-und-skepsis-wie-die-schweiz-auf-ki-blickt\/\" \/>\n<meta property=\"og:site_name\" content=\"Organisator\" \/>\n<meta property=\"article:publisher\" content=\"https:\/\/www.facebook.com\/OrganisatorFachmagazin\" \/>\n<meta property=\"article:published_time\" content=\"2025-09-02T03:35:49+00:00\" \/>\n<meta name=\"author\" content=\"galledia\" \/>\n<meta name=\"twitter:card\" content=\"summary_large_image\" \/>\n<meta name=\"twitter:creator\" content=\"@admin\" \/>\n<script type=\"application\/ld+json\" class=\"yoast-schema-graph\">{\"@context\":\"https:\\\/\\\/schema.org\",\"@graph\":[{\"@type\":\"Article\",\"@id\":\"https:\\\/\\\/www.organisator.ch\\\/operational-excellence\\\/2025-09-02\\\/zwischen-faszination-und-skepsis-wie-die-schweiz-auf-ki-blickt\\\/#article\",\"isPartOf\":{\"@id\":\"https:\\\/\\\/www.organisator.ch\\\/operational-excellence\\\/2025-09-02\\\/zwischen-faszination-und-skepsis-wie-die-schweiz-auf-ki-blickt\\\/\"},\"author\":{\"name\":\"galledia\",\"@id\":\"https:\\\/\\\/www.organisator.ch\\\/#\\\/schema\\\/person\\\/4e51799071cd2dd1232ac003643ef5f0\"},\"headline\":\"Zwischen Faszination und Skepsis: Wie die Schweiz auf KI blickt\",\"datePublished\":\"2025-09-02T03:35:49+00:00\",\"mainEntityOfPage\":{\"@id\":\"https:\\\/\\\/www.organisator.ch\\\/operational-excellence\\\/2025-09-02\\\/zwischen-faszination-und-skepsis-wie-die-schweiz-auf-ki-blickt\\\/\"},\"wordCount\":376,\"publisher\":{\"@id\":\"https:\\\/\\\/www.organisator.ch\\\/#organization\"},\"image\":{\"@id\":\"https:\\\/\\\/www.organisator.ch\\\/operational-excellence\\\/2025-09-02\\\/zwischen-faszination-und-skepsis-wie-die-schweiz-auf-ki-blickt\\\/#primaryimage\"},\"thumbnailUrl\":\"https:\\\/\\\/www.m-q.ch\\\/wp-content\\\/uploads\\\/2025\\\/09\\\/Zwischen-Faszination-und-Skepsis-Wie-die-Schweiz-auf-KI-blickt_MQ.png\",\"keywords\":{\"1\":\"K\u00fcnstliche Intelligenz\",\"2\":\"Schweiz\",\"3\":\"Studie\"},\"articleSection\":[\"OPERATIONAL EXCELLENCE\"],\"inLanguage\":\"de\"},{\"@type\":\"WebPage\",\"@id\":\"https:\\\/\\\/www.organisator.ch\\\/operational-excellence\\\/2025-09-02\\\/zwischen-faszination-und-skepsis-wie-die-schweiz-auf-ki-blickt\\\/\",\"url\":\"https:\\\/\\\/www.organisator.ch\\\/operational-excellence\\\/2025-09-02\\\/zwischen-faszination-und-skepsis-wie-die-schweiz-auf-ki-blickt\\\/\",\"name\":\"Zwischen Faszination und Skepsis: Wie die Schweiz auf KI blickt - Organisator\",\"isPartOf\":{\"@id\":\"https:\\\/\\\/www.organisator.ch\\\/#website\"},\"primaryImageOfPage\":{\"@id\":\"https:\\\/\\\/www.organisator.ch\\\/operational-excellence\\\/2025-09-02\\\/zwischen-faszination-und-skepsis-wie-die-schweiz-auf-ki-blickt\\\/#primaryimage\"},\"image\":{\"@id\":\"https:\\\/\\\/www.organisator.ch\\\/operational-excellence\\\/2025-09-02\\\/zwischen-faszination-und-skepsis-wie-die-schweiz-auf-ki-blickt\\\/#primaryimage\"},\"thumbnailUrl\":\"https:\\\/\\\/www.m-q.ch\\\/wp-content\\\/uploads\\\/2025\\\/09\\\/Zwischen-Faszination-und-Skepsis-Wie-die-Schweiz-auf-KI-blickt_MQ.png\",\"datePublished\":\"2025-09-02T03:35:49+00:00\",\"description\":\"Die Schweizerinnen und Schweizer reagieren auf K\u00fcnstliche Intelligenz mit gemischten Gef\u00fchlen \u2013 zwischen Neugier, Nervosit\u00e4t und Skepsis.\",\"breadcrumb\":{\"@id\":\"https:\\\/\\\/www.organisator.ch\\\/operational-excellence\\\/2025-09-02\\\/zwischen-faszination-und-skepsis-wie-die-schweiz-auf-ki-blickt\\\/#breadcrumb\"},\"inLanguage\":\"de\",\"potentialAction\":[{\"@type\":\"ReadAction\",\"target\":[\"https:\\\/\\\/www.organisator.ch\\\/operational-excellence\\\/2025-09-02\\\/zwischen-faszination-und-skepsis-wie-die-schweiz-auf-ki-blickt\\\/\"]}]},{\"@type\":\"ImageObject\",\"inLanguage\":\"de\",\"@id\":\"https:\\\/\\\/www.organisator.ch\\\/operational-excellence\\\/2025-09-02\\\/zwischen-faszination-und-skepsis-wie-die-schweiz-auf-ki-blickt\\\/#primaryimage\",\"url\":\"https:\\\/\\\/www.m-q.ch\\\/wp-content\\\/uploads\\\/2025\\\/09\\\/Zwischen-Faszination-und-Skepsis-Wie-die-Schweiz-auf-KI-blickt_MQ.png\",\"contentUrl\":\"https:\\\/\\\/www.m-q.ch\\\/wp-content\\\/uploads\\\/2025\\\/09\\\/Zwischen-Faszination-und-Skepsis-Wie-die-Schweiz-auf-KI-blickt_MQ.png\"},{\"@type\":\"BreadcrumbList\",\"@id\":\"https:\\\/\\\/www.organisator.ch\\\/operational-excellence\\\/2025-09-02\\\/zwischen-faszination-und-skepsis-wie-die-schweiz-auf-ki-blickt\\\/#breadcrumb\",\"itemListElement\":[{\"@type\":\"ListItem\",\"position\":1,\"name\":\"Home\",\"item\":\"https:\\\/\\\/www.organisator.ch\\\/\"},{\"@type\":\"ListItem\",\"position\":2,\"name\":\"Zwischen Faszination und Skepsis: Wie die Schweiz auf KI blickt\"}]},{\"@type\":\"WebSite\",\"@id\":\"https:\\\/\\\/www.organisator.ch\\\/#website\",\"url\":\"https:\\\/\\\/www.organisator.ch\\\/\",\"name\":\"Organisator\",\"description\":\"Kompetent. Praxisnah. Der ORGANISATOR bereitet in 10 Ausgaben pro Jahr die wesentlichen Themen f\u00fcr F\u00fchrungskr\u00e4fte von KMU auf.\",\"publisher\":{\"@id\":\"https:\\\/\\\/www.organisator.ch\\\/#organization\"},\"potentialAction\":[{\"@type\":\"SearchAction\",\"target\":{\"@type\":\"EntryPoint\",\"urlTemplate\":\"https:\\\/\\\/www.organisator.ch\\\/?s={search_term_string}\"},\"query-input\":{\"@type\":\"PropertyValueSpecification\",\"valueRequired\":true,\"valueName\":\"search_term_string\"}}],\"inLanguage\":\"de\"},{\"@type\":\"Organization\",\"@id\":\"https:\\\/\\\/www.organisator.ch\\\/#organization\",\"name\":\"Organisator\",\"url\":\"https:\\\/\\\/www.organisator.ch\\\/\",\"logo\":{\"@type\":\"ImageObject\",\"inLanguage\":\"de\",\"@id\":\"https:\\\/\\\/www.organisator.ch\\\/#\\\/schema\\\/logo\\\/image\\\/\",\"url\":\"https:\\\/\\\/www.organisator.ch\\\/wp-content\\\/uploads\\\/2022\\\/01\\\/Logo_Organisator_Website.png\",\"contentUrl\":\"https:\\\/\\\/www.organisator.ch\\\/wp-content\\\/uploads\\\/2022\\\/01\\\/Logo_Organisator_Website.png\",\"width\":800,\"height\":77,\"caption\":\"Organisator\"},\"image\":{\"@id\":\"https:\\\/\\\/www.organisator.ch\\\/#\\\/schema\\\/logo\\\/image\\\/\"},\"sameAs\":[\"https:\\\/\\\/www.facebook.com\\\/OrganisatorFachmagazin\",\"https:\\\/\\\/www.linkedin.com\\\/showcase\\\/organisator-das-magazin-fr-kmu\",\"https:\\\/\\\/www.xing.com\\\/news\\\/pages\\\/organisator-ch-695\",\"https:\\\/\\\/www.youtube.com\\\/channel\\\/UCGP2Sq0iWaZwT3BdIAQFYpw\"]},{\"@type\":\"Person\",\"@id\":\"https:\\\/\\\/www.organisator.ch\\\/#\\\/schema\\\/person\\\/4e51799071cd2dd1232ac003643ef5f0\",\"name\":\"galledia\",\"image\":{\"@type\":\"ImageObject\",\"inLanguage\":\"de\",\"@id\":\"https:\\\/\\\/secure.gravatar.com\\\/avatar\\\/78a7f90c01fc2bfc875782a0d4922b37cde2cf184ce347b91316d23cd7f69a36?s=96&d=mm&r=g\",\"url\":\"https:\\\/\\\/secure.gravatar.com\\\/avatar\\\/78a7f90c01fc2bfc875782a0d4922b37cde2cf184ce347b91316d23cd7f69a36?s=96&d=mm&r=g\",\"contentUrl\":\"https:\\\/\\\/secure.gravatar.com\\\/avatar\\\/78a7f90c01fc2bfc875782a0d4922b37cde2cf184ce347b91316d23cd7f69a36?s=96&d=mm&r=g\",\"caption\":\"galledia\"},\"sameAs\":[\"https:\\\/\\\/x.com\\\/admin\"],\"url\":\"https:\\\/\\\/www.organisator.ch\\\/de\\\/author\\\/galledia\\\/\"}]}<\/script>\n<!-- \/ Yoast SEO plugin. -->","yoast_head_json":{"title":"Zwischen Faszination und Skepsis: Wie die Schweiz auf KI blickt - Organisator","description":"Die Schweizerinnen und Schweizer reagieren auf K\u00fcnstliche Intelligenz mit gemischten Gef\u00fchlen \u2013 zwischen Neugier, Nervosit\u00e4t und Skepsis.","robots":{"index":"index","follow":"follow","max-snippet":"max-snippet:-1","max-image-preview":"max-image-preview:large","max-video-preview":"max-video-preview:-1"},"canonical":"https:\/\/www.organisator.ch\/de\/operational-excellence\/2025-09-02\/zwischen-faszination-und-skepsis-wie-die-schweiz-auf-ki-blickt\/","og_locale":"de_DE","og_type":"article","og_title":"Zwischen Faszination und Skepsis: Wie die Schweiz auf KI blickt - Organisator","og_description":"Die Schweizerinnen und Schweizer reagieren auf K\u00fcnstliche Intelligenz mit gemischten Gef\u00fchlen \u2013 zwischen Neugier, Nervosit\u00e4t und Skepsis.","og_url":"https:\/\/www.organisator.ch\/de\/operational-excellence\/2025-09-02\/zwischen-faszination-und-skepsis-wie-die-schweiz-auf-ki-blickt\/","og_site_name":"Organisator","article_publisher":"https:\/\/www.facebook.com\/OrganisatorFachmagazin","article_published_time":"2025-09-02T03:35:49+00:00","author":"galledia","twitter_card":"summary_large_image","twitter_creator":"@admin","schema":{"@context":"https:\/\/schema.org","@graph":[{"@type":"Article","@id":"https:\/\/www.organisator.ch\/operational-excellence\/2025-09-02\/zwischen-faszination-und-skepsis-wie-die-schweiz-auf-ki-blickt\/#article","isPartOf":{"@id":"https:\/\/www.organisator.ch\/operational-excellence\/2025-09-02\/zwischen-faszination-und-skepsis-wie-die-schweiz-auf-ki-blickt\/"},"author":{"name":"galledia","@id":"https:\/\/www.organisator.ch\/#\/schema\/person\/4e51799071cd2dd1232ac003643ef5f0"},"headline":"Zwischen Faszination und Skepsis: Wie die Schweiz auf KI blickt","datePublished":"2025-09-02T03:35:49+00:00","mainEntityOfPage":{"@id":"https:\/\/www.organisator.ch\/operational-excellence\/2025-09-02\/zwischen-faszination-und-skepsis-wie-die-schweiz-auf-ki-blickt\/"},"wordCount":376,"publisher":{"@id":"https:\/\/www.organisator.ch\/#organization"},"image":{"@id":"https:\/\/www.organisator.ch\/operational-excellence\/2025-09-02\/zwischen-faszination-und-skepsis-wie-die-schweiz-auf-ki-blickt\/#primaryimage"},"thumbnailUrl":"https:\/\/www.m-q.ch\/wp-content\/uploads\/2025\/09\/Zwischen-Faszination-und-Skepsis-Wie-die-Schweiz-auf-KI-blickt_MQ.png","keywords":{"1":"K\u00fcnstliche Intelligenz","2":"Schweiz","3":"Studie"},"articleSection":["OPERATIONAL EXCELLENCE"],"inLanguage":"de"},{"@type":"WebPage","@id":"https:\/\/www.organisator.ch\/operational-excellence\/2025-09-02\/zwischen-faszination-und-skepsis-wie-die-schweiz-auf-ki-blickt\/","url":"https:\/\/www.organisator.ch\/operational-excellence\/2025-09-02\/zwischen-faszination-und-skepsis-wie-die-schweiz-auf-ki-blickt\/","name":"Zwischen Faszination und Skepsis: Wie die Schweiz auf KI blickt - Organisator","isPartOf":{"@id":"https:\/\/www.organisator.ch\/#website"},"primaryImageOfPage":{"@id":"https:\/\/www.organisator.ch\/operational-excellence\/2025-09-02\/zwischen-faszination-und-skepsis-wie-die-schweiz-auf-ki-blickt\/#primaryimage"},"image":{"@id":"https:\/\/www.organisator.ch\/operational-excellence\/2025-09-02\/zwischen-faszination-und-skepsis-wie-die-schweiz-auf-ki-blickt\/#primaryimage"},"thumbnailUrl":"https:\/\/www.m-q.ch\/wp-content\/uploads\/2025\/09\/Zwischen-Faszination-und-Skepsis-Wie-die-Schweiz-auf-KI-blickt_MQ.png","datePublished":"2025-09-02T03:35:49+00:00","description":"Die Schweizerinnen und Schweizer reagieren auf K\u00fcnstliche Intelligenz mit gemischten Gef\u00fchlen \u2013 zwischen Neugier, Nervosit\u00e4t und Skepsis.","breadcrumb":{"@id":"https:\/\/www.organisator.ch\/operational-excellence\/2025-09-02\/zwischen-faszination-und-skepsis-wie-die-schweiz-auf-ki-blickt\/#breadcrumb"},"inLanguage":"de","potentialAction":[{"@type":"ReadAction","target":["https:\/\/www.organisator.ch\/operational-excellence\/2025-09-02\/zwischen-faszination-und-skepsis-wie-die-schweiz-auf-ki-blickt\/"]}]},{"@type":"ImageObject","inLanguage":"de","@id":"https:\/\/www.organisator.ch\/operational-excellence\/2025-09-02\/zwischen-faszination-und-skepsis-wie-die-schweiz-auf-ki-blickt\/#primaryimage","url":"https:\/\/www.m-q.ch\/wp-content\/uploads\/2025\/09\/Zwischen-Faszination-und-Skepsis-Wie-die-Schweiz-auf-KI-blickt_MQ.png","contentUrl":"https:\/\/www.m-q.ch\/wp-content\/uploads\/2025\/09\/Zwischen-Faszination-und-Skepsis-Wie-die-Schweiz-auf-KI-blickt_MQ.png"},{"@type":"BreadcrumbList","@id":"https:\/\/www.organisator.ch\/operational-excellence\/2025-09-02\/zwischen-faszination-und-skepsis-wie-die-schweiz-auf-ki-blickt\/#breadcrumb","itemListElement":[{"@type":"ListItem","position":1,"name":"Home","item":"https:\/\/www.organisator.ch\/"},{"@type":"ListItem","position":2,"name":"Zwischen Faszination und Skepsis: Wie die Schweiz auf KI blickt"}]},{"@type":"WebSite","@id":"https:\/\/www.organisator.ch\/#website","url":"https:\/\/www.organisator.ch\/","name":"Organisator","description":"Kompetent. Praxisnah. Der ORGANISATOR bereitet in 10 Ausgaben pro Jahr die wesentlichen Themen f\u00fcr F\u00fchrungskr\u00e4fte von KMU auf.","publisher":{"@id":"https:\/\/www.organisator.ch\/#organization"},"potentialAction":[{"@type":"SearchAction","target":{"@type":"EntryPoint","urlTemplate":"https:\/\/www.organisator.ch\/?s={search_term_string}"},"query-input":{"@type":"PropertyValueSpecification","valueRequired":true,"valueName":"search_term_string"}}],"inLanguage":"de"},{"@type":"Organization","@id":"https:\/\/www.organisator.ch\/#organization","name":"Organisator","url":"https:\/\/www.organisator.ch\/","logo":{"@type":"ImageObject","inLanguage":"de","@id":"https:\/\/www.organisator.ch\/#\/schema\/logo\/image\/","url":"https:\/\/www.organisator.ch\/wp-content\/uploads\/2022\/01\/Logo_Organisator_Website.png","contentUrl":"https:\/\/www.organisator.ch\/wp-content\/uploads\/2022\/01\/Logo_Organisator_Website.png","width":800,"height":77,"caption":"Organisator"},"image":{"@id":"https:\/\/www.organisator.ch\/#\/schema\/logo\/image\/"},"sameAs":["https:\/\/www.facebook.com\/OrganisatorFachmagazin","https:\/\/www.linkedin.com\/showcase\/organisator-das-magazin-fr-kmu","https:\/\/www.xing.com\/news\/pages\/organisator-ch-695","https:\/\/www.youtube.com\/channel\/UCGP2Sq0iWaZwT3BdIAQFYpw"]},{"@type":"Person","@id":"https:\/\/www.organisator.ch\/#\/schema\/person\/4e51799071cd2dd1232ac003643ef5f0","name":"galledia","image":{"@type":"ImageObject","inLanguage":"de","@id":"https:\/\/secure.gravatar.com\/avatar\/78a7f90c01fc2bfc875782a0d4922b37cde2cf184ce347b91316d23cd7f69a36?s=96&d=mm&r=g","url":"https:\/\/secure.gravatar.com\/avatar\/78a7f90c01fc2bfc875782a0d4922b37cde2cf184ce347b91316d23cd7f69a36?s=96&d=mm&r=g","contentUrl":"https:\/\/secure.gravatar.com\/avatar\/78a7f90c01fc2bfc875782a0d4922b37cde2cf184ce347b91316d23cd7f69a36?s=96&d=mm&r=g","caption":"galledia"},"sameAs":["https:\/\/x.com\/admin"],"url":"https:\/\/www.organisator.ch\/de\/author\/galledia\/"}]}},"_links":{"self":[{"href":"https:\/\/www.organisator.ch\/de\/wp-json\/wp\/v2\/posts\/40259","targetHints":{"allow":["GET"]}}],"collection":[{"href":"https:\/\/www.organisator.ch\/de\/wp-json\/wp\/v2\/posts"}],"about":[{"href":"https:\/\/www.organisator.ch\/de\/wp-json\/wp\/v2\/types\/post"}],"author":[{"embeddable":true,"href":"https:\/\/www.organisator.ch\/de\/wp-json\/wp\/v2\/users\/8"}],"replies":[{"embeddable":true,"href":"https:\/\/www.organisator.ch\/de\/wp-json\/wp\/v2\/comments?post=40259"}],"version-history":[{"count":5,"href":"https:\/\/www.organisator.ch\/de\/wp-json\/wp\/v2\/posts\/40259\/revisions"}],"predecessor-version":[{"id":40286,"href":"https:\/\/www.organisator.ch\/de\/wp-json\/wp\/v2\/posts\/40259\/revisions\/40286"}],"wp:attachment":[{"href":"https:\/\/www.organisator.ch\/de\/wp-json\/wp\/v2\/media?parent=40259"}],"wp:term":[{"taxonomy":"category","embeddable":true,"href":"https:\/\/www.organisator.ch\/de\/wp-json\/wp\/v2\/categories?post=40259"},{"taxonomy":"post_tag","embeddable":true,"href":"https:\/\/www.organisator.ch\/de\/wp-json\/wp\/v2\/tags?post=40259"}],"curies":[{"name":"wp","href":"https:\/\/api.w.org\/{rel}","templated":true}]}}