{"id":4027,"date":"2021-04-01T08:16:01","date_gmt":"2021-04-01T06:16:01","guid":{"rendered":"https:\/\/www.umweltperspektiven.ch\/?p=4027"},"modified":"2021-04-01T08:16:01","modified_gmt":"2021-04-01T06:16:01","slug":"biodiversitaetsinitiative-gegenvorschlag","status":"publish","type":"post","link":"https:\/\/www.organisator.ch\/de\/allgemein\/2021-04-01\/biodiversitaetsinitiative-gegenvorschlag\/","title":{"rendered":"Biodiversit\u00e4tsinitiative: Vernehmlassung zum Gegenvorschlag er\u00f6ffnet"},"content":{"rendered":"<figure id=\"attachment_4028\" aria-describedby=\"caption-attachment-4028\" style=\"width: 680px\" class=\"wp-caption aligncenter\"><img loading=\"lazy\" decoding=\"async\" class=\"size-medium wp-image-4028\" src=\"\/\/www.umweltperspektiven.ch\/wp-content\/uploads\/2021\/03\/Depositphotos_348432692_s-2019.jpg\" alt=\"\" width=\"680\" height=\"454\" \/><figcaption id=\"caption-attachment-4028\" class=\"wp-caption-text\">\u00a9 Depositphotos,manfred_H<\/figcaption><\/figure>\n<p>Die am 8. September 2020 vom Tr\u00e4gerverein \u00abJa zu mehr Natur, Landschaft und Baukultur\u00bb eingereichte Volksinitiative \u00ab<a href=\"\/\/biodiversitaet-landschaft.ch\">F\u00fcr die Zukunft unserer Natur und Landschaft (Biodiversit\u00e4tsinitiative)<\/a>\u00bb verlangt einen st\u00e4rkeren Schutz von Biodiversit\u00e4t und Landschaft. Mit einer Anpassung der Bundesverfassung will die Initiative den Bund und neu auch die Kantone zum Schutz und zur Schonung von Biodiversit\u00e4t und Landschaft verpflichten. Sie fordert daf\u00fcr mehr Gelder der \u00f6ffentlichen Hand.<\/p>\n<p>Auch der Bundesrat wolle die biologische und landschaftliche Vielfalt st\u00e4rker sch\u00fctzen und f\u00f6rdern, da sie die Grundlage des Lebens und der Wirtschaft sei. Die Initiative gehe jedoch zu weit, weil sie den Handlungsspielraum von Bund und Kantonen betr\u00e4chtlich einschr\u00e4nken w\u00fcrde, so die Exekutive.<strong>\u00a0<\/strong><\/p>\n<p><strong>Mehr Naturn\u00e4he in Quantit\u00e4t und Qualit\u00e4t<\/strong><\/p>\n<p>Kern des indirekten Gegenvorschlags sei es, 17 Prozent der Landesfl\u00e4che als Biodiversit\u00e4ts-Schutzgebiete im Natur- und Heimatschutzgesetz (NHG) zu verankern. An diesem Ziel habe sich der Bund bereits 2012 in seiner Strategie Biodiversit\u00e4t Schweiz orientiert. Aktuell l\u00e4ge der Anteil dieser Schutzfl\u00e4chen in der Schweiz bei 13,4 Prozent. Mit der gesetzlichen Verankerung des 17-Prozent-Zieles st\u00e4rke der Bundesrat seinen Auftrag, in allen Landesteilen und f\u00fcr alle Lebensraumtypen die notwendige Fl\u00e4che f\u00fcr die biologische Vielfalt zu sichern. Erreichen lasse sich dies beispielsweise mit der Erg\u00e4nzung und Erweiterung der regionalen und lokalen Biotope oder dem bereits angestossenen Ausbau der Waldreservate.<\/p>\n<p>Fl\u00e4che allein reiche jedoch nicht aus, um die Biodiversit\u00e4t und damit ihre Leistungen f\u00fcr Wirtschaft und Gesellschaft langfristig zu erhalten und zu f\u00f6rdern. Die Qualit\u00e4t dieser Fl\u00e4chen m\u00fcsse stimmen, um den Bed\u00fcrfnissen der Arten gerecht zu werden und ihren Verlust zu stoppen. Mit dem indirekten Gegenvorschlag wolle man in Zusammenarbeit mit den Kantonen den besseren Schutz und die st\u00e4rkere Vernetzung von Lebensr\u00e4umen f\u00fcr Wildtiere f\u00f6rdern sowie den \u00f6kologischen Ausgleich im Siedlungsraum ankurbeln. Konkret heisse das, dass beispielweise naturnah gestalteter Bereiche wie Gr\u00fcn- und Gew\u00e4sserr\u00e4ume, Stadtw\u00e4lder, Wasserfl\u00e4chen oder begr\u00fcnte D\u00e4cher und Fassaden entstehen sollen. Denn mehr Naturn\u00e4he sei f\u00fcr die biologische Vielfalt und die Bev\u00f6lkerung wertvoll.<\/p>\n<p>Schliesslich wolle der Bundesrat die Sch\u00f6nheit und Attraktivit\u00e4t der Schweizer Siedlungen und Landschaften mit einer umfassenden Baukultur f\u00f6rdern. Daf\u00fcr brauche es die hochwertige und nachhaltige Weiterentwicklung des bestehenden Siedlungsraums und eine qualitativ gute Gestaltung der Landschaft. Um dieses Ziel zu erreichen, sei mit dem Gegenvorschlag eine qualitativ hohe Baukultur im Gesetz zu verankern. Heute seien die Kantone auf Verordnungsstufe verpflichtet, die Bundesinventare in ihren Planungen zu ber\u00fccksichtigen. In Zukunft w\u00fcrde diese Bestimmung gesetzlich verankert und damit die Rechtssicherheit gest\u00e4rkt, heisst es abschliessend in der bundesr\u00e4tlichen Medienmitteilung.<\/p>\n<p><em>Die Vernehmlassung zum indirekten Gegenvorschlag zur Biodiversit\u00e4tsinitiative dauert bis am 9. Juli 2021.<\/em><\/p>\n<p><em>\u00a0<\/em><em>Quelle: Bund<\/em><\/p>\n<p><a href=\"\/\/www.newsd.admin.ch\/newsd\/message\/attachments\/65903.pdf\">Erl\u00e4uternder Bericht betreffend der NHG-Revision\u00a0<\/a><\/p>\n<p><a href=\"\/\/www.newsd.admin.ch\/newsd\/message\/attachments\/65904.pdf\">NHG-Revision\u00a0<\/a><\/p>\n","protected":false},"excerpt":{"rendered":"<p>Die am 8. September 2020 vom Tr\u00e4gerverein \u00abJa zu mehr Natur, Landschaft und Baukultur\u00bb eingereichte Volksinitiative \u00abF\u00fcr die Zukunft unserer Natur und Landschaft (Biodiversit\u00e4tsinitiative)\u00bb verlangt einen st\u00e4rkeren Schutz von Biodiversit\u00e4t und Landschaft. Mit einer Anpassung der Bundesverfassung will die Initiative den Bund und neu auch die Kantone zum Schutz und zur Schonung von Biodiversit\u00e4t und [&hellip;]<\/p>\n","protected":false},"author":6,"featured_media":9784,"comment_status":"closed","ping_status":"closed","sticky":false,"template":"","format":"standard","meta":{"_acf_changed":false,"_yoast_wpseo_focuskw":"Biodiversit\u00e4t","_yoast_wpseo_metadesc":"Der Bund hat die Vernehmlassung zum Gegenvorschlag zur Volksinitiative \u00abF\u00fcr die Zukunft unserer Natur und Landschaft (Biodiversit\u00e4tsinitiative)\u00bb er\u00f6ffnet.","articlekey":"","footnotes":""},"categories":[1],"tags":[829,1234,1259,2485],"class_list":["post-4027","post","type-post","status-publish","format-standard","has-post-thumbnail","hentry","category-allgemein","tag-biodiversitaet","tag-fuer-die-zukunft-unserer-natur-und-landschaft","tag-gegenvorschlag","tag-volksinitiative"],"acf":[],"yoast_head":"<!-- This site is optimized with the Yoast SEO plugin v27.5 - https:\/\/yoast.com\/product\/yoast-seo-wordpress\/ -->\n<title>Biodiversit\u00e4tsinitiative: Vernehmlassung zum Gegenvorschlag er\u00f6ffnet - Organisator<\/title>\n<meta name=\"description\" content=\"Der Bund hat die Vernehmlassung zum Gegenvorschlag zur Volksinitiative \u00abF\u00fcr die Zukunft unserer Natur und Landschaft (Biodiversit\u00e4tsinitiative)\u00bb er\u00f6ffnet.\" \/>\n<meta name=\"robots\" content=\"index, follow, max-snippet:-1, max-image-preview:large, max-video-preview:-1\" \/>\n<link rel=\"canonical\" href=\"https:\/\/www.organisator.ch\/de\/allgemein\/2021-04-01\/biodiversitaetsinitiative-gegenvorschlag\/\" \/>\n<meta property=\"og:locale\" content=\"de_DE\" \/>\n<meta property=\"og:type\" content=\"article\" \/>\n<meta property=\"og:title\" content=\"Biodiversit\u00e4tsinitiative: Vernehmlassung zum Gegenvorschlag er\u00f6ffnet - Organisator\" \/>\n<meta property=\"og:description\" content=\"Der Bund hat die Vernehmlassung zum Gegenvorschlag zur Volksinitiative \u00abF\u00fcr die Zukunft unserer Natur und Landschaft (Biodiversit\u00e4tsinitiative)\u00bb er\u00f6ffnet.\" \/>\n<meta property=\"og:url\" content=\"https:\/\/www.organisator.ch\/de\/allgemein\/2021-04-01\/biodiversitaetsinitiative-gegenvorschlag\/\" \/>\n<meta property=\"og:site_name\" content=\"Organisator\" \/>\n<meta property=\"article:publisher\" content=\"https:\/\/www.facebook.com\/OrganisatorFachmagazin\" \/>\n<meta property=\"article:published_time\" content=\"2021-04-01T06:16:01+00:00\" \/>\n<meta property=\"og:image\" content=\"https:\/\/www.organisator.ch\/wp-content\/uploads\/2021\/03\/Depositphotos_348432692_s-2019.jpg\" \/>\n\t<meta property=\"og:image:width\" content=\"1000\" \/>\n\t<meta property=\"og:image:height\" content=\"667\" \/>\n\t<meta property=\"og:image:type\" content=\"image\/jpeg\" \/>\n<meta name=\"author\" content=\"roger.straessle\" \/>\n<meta name=\"twitter:card\" content=\"summary_large_image\" \/>\n<script type=\"application\/ld+json\" class=\"yoast-schema-graph\">{\"@context\":\"https:\\\/\\\/schema.org\",\"@graph\":[{\"@type\":\"Article\",\"@id\":\"https:\\\/\\\/www.organisator.ch\\\/de\\\/allgemein\\\/2021-04-01\\\/biodiversitaetsinitiative-gegenvorschlag\\\/#article\",\"isPartOf\":{\"@id\":\"https:\\\/\\\/www.organisator.ch\\\/de\\\/allgemein\\\/2021-04-01\\\/biodiversitaetsinitiative-gegenvorschlag\\\/\"},\"author\":{\"name\":\"roger.straessle\",\"@id\":\"https:\\\/\\\/www.organisator.ch\\\/#\\\/schema\\\/person\\\/a800b8c54e208b160517a7dcc323161d\"},\"headline\":\"Biodiversit\u00e4tsinitiative: Vernehmlassung zum Gegenvorschlag er\u00f6ffnet\",\"datePublished\":\"2021-04-01T06:16:01+00:00\",\"mainEntityOfPage\":{\"@id\":\"https:\\\/\\\/www.organisator.ch\\\/de\\\/allgemein\\\/2021-04-01\\\/biodiversitaetsinitiative-gegenvorschlag\\\/\"},\"wordCount\":489,\"publisher\":{\"@id\":\"https:\\\/\\\/www.organisator.ch\\\/#organization\"},\"image\":{\"@id\":\"https:\\\/\\\/www.organisator.ch\\\/de\\\/allgemein\\\/2021-04-01\\\/biodiversitaetsinitiative-gegenvorschlag\\\/#primaryimage\"},\"thumbnailUrl\":\"https:\\\/\\\/www.organisator.ch\\\/wp-content\\\/uploads\\\/2021\\\/03\\\/Depositphotos_348432692_s-2019.jpg\",\"keywords\":[\"Biodiversit\u00e4t\",\"F\u00fcr die Zukunft unserer Natur und Landschaft\",\"Gegenvorschlag\",\"Volksinitiative\"],\"inLanguage\":\"de\"},{\"@type\":\"WebPage\",\"@id\":\"https:\\\/\\\/www.organisator.ch\\\/de\\\/allgemein\\\/2021-04-01\\\/biodiversitaetsinitiative-gegenvorschlag\\\/\",\"url\":\"https:\\\/\\\/www.organisator.ch\\\/de\\\/allgemein\\\/2021-04-01\\\/biodiversitaetsinitiative-gegenvorschlag\\\/\",\"name\":\"Biodiversit\u00e4tsinitiative: Vernehmlassung zum Gegenvorschlag er\u00f6ffnet - Organisator\",\"isPartOf\":{\"@id\":\"https:\\\/\\\/www.organisator.ch\\\/#website\"},\"primaryImageOfPage\":{\"@id\":\"https:\\\/\\\/www.organisator.ch\\\/de\\\/allgemein\\\/2021-04-01\\\/biodiversitaetsinitiative-gegenvorschlag\\\/#primaryimage\"},\"image\":{\"@id\":\"https:\\\/\\\/www.organisator.ch\\\/de\\\/allgemein\\\/2021-04-01\\\/biodiversitaetsinitiative-gegenvorschlag\\\/#primaryimage\"},\"thumbnailUrl\":\"https:\\\/\\\/www.organisator.ch\\\/wp-content\\\/uploads\\\/2021\\\/03\\\/Depositphotos_348432692_s-2019.jpg\",\"datePublished\":\"2021-04-01T06:16:01+00:00\",\"description\":\"Der Bund hat die Vernehmlassung zum Gegenvorschlag zur Volksinitiative \u00abF\u00fcr die Zukunft unserer Natur und Landschaft (Biodiversit\u00e4tsinitiative)\u00bb er\u00f6ffnet.\",\"breadcrumb\":{\"@id\":\"https:\\\/\\\/www.organisator.ch\\\/de\\\/allgemein\\\/2021-04-01\\\/biodiversitaetsinitiative-gegenvorschlag\\\/#breadcrumb\"},\"inLanguage\":\"de\",\"potentialAction\":[{\"@type\":\"ReadAction\",\"target\":[\"https:\\\/\\\/www.organisator.ch\\\/de\\\/allgemein\\\/2021-04-01\\\/biodiversitaetsinitiative-gegenvorschlag\\\/\"]}]},{\"@type\":\"ImageObject\",\"inLanguage\":\"de\",\"@id\":\"https:\\\/\\\/www.organisator.ch\\\/de\\\/allgemein\\\/2021-04-01\\\/biodiversitaetsinitiative-gegenvorschlag\\\/#primaryimage\",\"url\":\"https:\\\/\\\/www.organisator.ch\\\/wp-content\\\/uploads\\\/2021\\\/03\\\/Depositphotos_348432692_s-2019.jpg\",\"contentUrl\":\"https:\\\/\\\/www.organisator.ch\\\/wp-content\\\/uploads\\\/2021\\\/03\\\/Depositphotos_348432692_s-2019.jpg\",\"width\":1000,\"height\":667,\"caption\":\"\u00a9 Depositphotos,manfred_H\"},{\"@type\":\"BreadcrumbList\",\"@id\":\"https:\\\/\\\/www.organisator.ch\\\/de\\\/allgemein\\\/2021-04-01\\\/biodiversitaetsinitiative-gegenvorschlag\\\/#breadcrumb\",\"itemListElement\":[{\"@type\":\"ListItem\",\"position\":1,\"name\":\"Home\",\"item\":\"https:\\\/\\\/www.organisator.ch\\\/\"},{\"@type\":\"ListItem\",\"position\":2,\"name\":\"Biodiversit\u00e4tsinitiative: Vernehmlassung zum Gegenvorschlag er\u00f6ffnet\"}]},{\"@type\":\"WebSite\",\"@id\":\"https:\\\/\\\/www.organisator.ch\\\/#website\",\"url\":\"https:\\\/\\\/www.organisator.ch\\\/\",\"name\":\"Organisator\",\"description\":\"Kompetent. Praxisnah. Der ORGANISATOR bereitet in 10 Ausgaben pro Jahr die wesentlichen Themen f\u00fcr F\u00fchrungskr\u00e4fte von KMU auf.\",\"publisher\":{\"@id\":\"https:\\\/\\\/www.organisator.ch\\\/#organization\"},\"potentialAction\":[{\"@type\":\"SearchAction\",\"target\":{\"@type\":\"EntryPoint\",\"urlTemplate\":\"https:\\\/\\\/www.organisator.ch\\\/?s={search_term_string}\"},\"query-input\":{\"@type\":\"PropertyValueSpecification\",\"valueRequired\":true,\"valueName\":\"search_term_string\"}}],\"inLanguage\":\"de\"},{\"@type\":\"Organization\",\"@id\":\"https:\\\/\\\/www.organisator.ch\\\/#organization\",\"name\":\"Organisator\",\"url\":\"https:\\\/\\\/www.organisator.ch\\\/\",\"logo\":{\"@type\":\"ImageObject\",\"inLanguage\":\"de\",\"@id\":\"https:\\\/\\\/www.organisator.ch\\\/#\\\/schema\\\/logo\\\/image\\\/\",\"url\":\"https:\\\/\\\/www.organisator.ch\\\/wp-content\\\/uploads\\\/2022\\\/01\\\/Logo_Organisator_Website.png\",\"contentUrl\":\"https:\\\/\\\/www.organisator.ch\\\/wp-content\\\/uploads\\\/2022\\\/01\\\/Logo_Organisator_Website.png\",\"width\":800,\"height\":77,\"caption\":\"Organisator\"},\"image\":{\"@id\":\"https:\\\/\\\/www.organisator.ch\\\/#\\\/schema\\\/logo\\\/image\\\/\"},\"sameAs\":[\"https:\\\/\\\/www.facebook.com\\\/OrganisatorFachmagazin\",\"https:\\\/\\\/www.linkedin.com\\\/showcase\\\/organisator-das-magazin-fr-kmu\",\"https:\\\/\\\/www.xing.com\\\/news\\\/pages\\\/organisator-ch-695\",\"https:\\\/\\\/www.youtube.com\\\/channel\\\/UCGP2Sq0iWaZwT3BdIAQFYpw\"]},{\"@type\":\"Person\",\"@id\":\"https:\\\/\\\/www.organisator.ch\\\/#\\\/schema\\\/person\\\/a800b8c54e208b160517a7dcc323161d\",\"name\":\"roger.straessle\",\"image\":{\"@type\":\"ImageObject\",\"inLanguage\":\"de\",\"@id\":\"https:\\\/\\\/secure.gravatar.com\\\/avatar\\\/?s=96&d=mm&r=g\",\"url\":\"https:\\\/\\\/secure.gravatar.com\\\/avatar\\\/?s=96&d=mm&r=g\",\"contentUrl\":\"https:\\\/\\\/secure.gravatar.com\\\/avatar\\\/?s=96&d=mm&r=g\",\"caption\":\"roger.straessle\"},\"url\":\"https:\\\/\\\/www.organisator.ch\\\/de\\\/author\\\/roger-straessle\\\/\"}]}<\/script>\n<!-- \/ Yoast SEO plugin. -->","yoast_head_json":{"title":"Biodiversit\u00e4tsinitiative: Vernehmlassung zum Gegenvorschlag er\u00f6ffnet - Organisator","description":"Der Bund hat die Vernehmlassung zum Gegenvorschlag zur Volksinitiative \u00abF\u00fcr die Zukunft unserer Natur und Landschaft (Biodiversit\u00e4tsinitiative)\u00bb er\u00f6ffnet.","robots":{"index":"index","follow":"follow","max-snippet":"max-snippet:-1","max-image-preview":"max-image-preview:large","max-video-preview":"max-video-preview:-1"},"canonical":"https:\/\/www.organisator.ch\/de\/allgemein\/2021-04-01\/biodiversitaetsinitiative-gegenvorschlag\/","og_locale":"de_DE","og_type":"article","og_title":"Biodiversit\u00e4tsinitiative: Vernehmlassung zum Gegenvorschlag er\u00f6ffnet - Organisator","og_description":"Der Bund hat die Vernehmlassung zum Gegenvorschlag zur Volksinitiative \u00abF\u00fcr die Zukunft unserer Natur und Landschaft (Biodiversit\u00e4tsinitiative)\u00bb er\u00f6ffnet.","og_url":"https:\/\/www.organisator.ch\/de\/allgemein\/2021-04-01\/biodiversitaetsinitiative-gegenvorschlag\/","og_site_name":"Organisator","article_publisher":"https:\/\/www.facebook.com\/OrganisatorFachmagazin","article_published_time":"2021-04-01T06:16:01+00:00","og_image":[{"width":1000,"height":667,"url":"https:\/\/www.organisator.ch\/wp-content\/uploads\/2021\/03\/Depositphotos_348432692_s-2019.jpg","type":"image\/jpeg"}],"author":"roger.straessle","twitter_card":"summary_large_image","schema":{"@context":"https:\/\/schema.org","@graph":[{"@type":"Article","@id":"https:\/\/www.organisator.ch\/de\/allgemein\/2021-04-01\/biodiversitaetsinitiative-gegenvorschlag\/#article","isPartOf":{"@id":"https:\/\/www.organisator.ch\/de\/allgemein\/2021-04-01\/biodiversitaetsinitiative-gegenvorschlag\/"},"author":{"name":"roger.straessle","@id":"https:\/\/www.organisator.ch\/#\/schema\/person\/a800b8c54e208b160517a7dcc323161d"},"headline":"Biodiversit\u00e4tsinitiative: Vernehmlassung zum Gegenvorschlag er\u00f6ffnet","datePublished":"2021-04-01T06:16:01+00:00","mainEntityOfPage":{"@id":"https:\/\/www.organisator.ch\/de\/allgemein\/2021-04-01\/biodiversitaetsinitiative-gegenvorschlag\/"},"wordCount":489,"publisher":{"@id":"https:\/\/www.organisator.ch\/#organization"},"image":{"@id":"https:\/\/www.organisator.ch\/de\/allgemein\/2021-04-01\/biodiversitaetsinitiative-gegenvorschlag\/#primaryimage"},"thumbnailUrl":"https:\/\/www.organisator.ch\/wp-content\/uploads\/2021\/03\/Depositphotos_348432692_s-2019.jpg","keywords":["Biodiversit\u00e4t","F\u00fcr die Zukunft unserer Natur und Landschaft","Gegenvorschlag","Volksinitiative"],"inLanguage":"de"},{"@type":"WebPage","@id":"https:\/\/www.organisator.ch\/de\/allgemein\/2021-04-01\/biodiversitaetsinitiative-gegenvorschlag\/","url":"https:\/\/www.organisator.ch\/de\/allgemein\/2021-04-01\/biodiversitaetsinitiative-gegenvorschlag\/","name":"Biodiversit\u00e4tsinitiative: Vernehmlassung zum Gegenvorschlag er\u00f6ffnet - Organisator","isPartOf":{"@id":"https:\/\/www.organisator.ch\/#website"},"primaryImageOfPage":{"@id":"https:\/\/www.organisator.ch\/de\/allgemein\/2021-04-01\/biodiversitaetsinitiative-gegenvorschlag\/#primaryimage"},"image":{"@id":"https:\/\/www.organisator.ch\/de\/allgemein\/2021-04-01\/biodiversitaetsinitiative-gegenvorschlag\/#primaryimage"},"thumbnailUrl":"https:\/\/www.organisator.ch\/wp-content\/uploads\/2021\/03\/Depositphotos_348432692_s-2019.jpg","datePublished":"2021-04-01T06:16:01+00:00","description":"Der Bund hat die Vernehmlassung zum Gegenvorschlag zur Volksinitiative \u00abF\u00fcr die Zukunft unserer Natur und Landschaft (Biodiversit\u00e4tsinitiative)\u00bb er\u00f6ffnet.","breadcrumb":{"@id":"https:\/\/www.organisator.ch\/de\/allgemein\/2021-04-01\/biodiversitaetsinitiative-gegenvorschlag\/#breadcrumb"},"inLanguage":"de","potentialAction":[{"@type":"ReadAction","target":["https:\/\/www.organisator.ch\/de\/allgemein\/2021-04-01\/biodiversitaetsinitiative-gegenvorschlag\/"]}]},{"@type":"ImageObject","inLanguage":"de","@id":"https:\/\/www.organisator.ch\/de\/allgemein\/2021-04-01\/biodiversitaetsinitiative-gegenvorschlag\/#primaryimage","url":"https:\/\/www.organisator.ch\/wp-content\/uploads\/2021\/03\/Depositphotos_348432692_s-2019.jpg","contentUrl":"https:\/\/www.organisator.ch\/wp-content\/uploads\/2021\/03\/Depositphotos_348432692_s-2019.jpg","width":1000,"height":667,"caption":"\u00a9 Depositphotos,manfred_H"},{"@type":"BreadcrumbList","@id":"https:\/\/www.organisator.ch\/de\/allgemein\/2021-04-01\/biodiversitaetsinitiative-gegenvorschlag\/#breadcrumb","itemListElement":[{"@type":"ListItem","position":1,"name":"Home","item":"https:\/\/www.organisator.ch\/"},{"@type":"ListItem","position":2,"name":"Biodiversit\u00e4tsinitiative: Vernehmlassung zum Gegenvorschlag er\u00f6ffnet"}]},{"@type":"WebSite","@id":"https:\/\/www.organisator.ch\/#website","url":"https:\/\/www.organisator.ch\/","name":"Organisator","description":"Kompetent. Praxisnah. Der ORGANISATOR bereitet in 10 Ausgaben pro Jahr die wesentlichen Themen f\u00fcr F\u00fchrungskr\u00e4fte von KMU auf.","publisher":{"@id":"https:\/\/www.organisator.ch\/#organization"},"potentialAction":[{"@type":"SearchAction","target":{"@type":"EntryPoint","urlTemplate":"https:\/\/www.organisator.ch\/?s={search_term_string}"},"query-input":{"@type":"PropertyValueSpecification","valueRequired":true,"valueName":"search_term_string"}}],"inLanguage":"de"},{"@type":"Organization","@id":"https:\/\/www.organisator.ch\/#organization","name":"Organisator","url":"https:\/\/www.organisator.ch\/","logo":{"@type":"ImageObject","inLanguage":"de","@id":"https:\/\/www.organisator.ch\/#\/schema\/logo\/image\/","url":"https:\/\/www.organisator.ch\/wp-content\/uploads\/2022\/01\/Logo_Organisator_Website.png","contentUrl":"https:\/\/www.organisator.ch\/wp-content\/uploads\/2022\/01\/Logo_Organisator_Website.png","width":800,"height":77,"caption":"Organisator"},"image":{"@id":"https:\/\/www.organisator.ch\/#\/schema\/logo\/image\/"},"sameAs":["https:\/\/www.facebook.com\/OrganisatorFachmagazin","https:\/\/www.linkedin.com\/showcase\/organisator-das-magazin-fr-kmu","https:\/\/www.xing.com\/news\/pages\/organisator-ch-695","https:\/\/www.youtube.com\/channel\/UCGP2Sq0iWaZwT3BdIAQFYpw"]},{"@type":"Person","@id":"https:\/\/www.organisator.ch\/#\/schema\/person\/a800b8c54e208b160517a7dcc323161d","name":"roger.straessle","image":{"@type":"ImageObject","inLanguage":"de","@id":"https:\/\/secure.gravatar.com\/avatar\/?s=96&d=mm&r=g","url":"https:\/\/secure.gravatar.com\/avatar\/?s=96&d=mm&r=g","contentUrl":"https:\/\/secure.gravatar.com\/avatar\/?s=96&d=mm&r=g","caption":"roger.straessle"},"url":"https:\/\/www.organisator.ch\/de\/author\/roger-straessle\/"}]}},"_links":{"self":[{"href":"https:\/\/www.organisator.ch\/de\/wp-json\/wp\/v2\/posts\/4027","targetHints":{"allow":["GET"]}}],"collection":[{"href":"https:\/\/www.organisator.ch\/de\/wp-json\/wp\/v2\/posts"}],"about":[{"href":"https:\/\/www.organisator.ch\/de\/wp-json\/wp\/v2\/types\/post"}],"author":[{"embeddable":true,"href":"https:\/\/www.organisator.ch\/de\/wp-json\/wp\/v2\/users\/6"}],"replies":[{"embeddable":true,"href":"https:\/\/www.organisator.ch\/de\/wp-json\/wp\/v2\/comments?post=4027"}],"version-history":[{"count":0,"href":"https:\/\/www.organisator.ch\/de\/wp-json\/wp\/v2\/posts\/4027\/revisions"}],"wp:featuredmedia":[{"embeddable":true,"href":"https:\/\/www.organisator.ch\/de\/wp-json\/wp\/v2\/media\/9784"}],"wp:attachment":[{"href":"https:\/\/www.organisator.ch\/de\/wp-json\/wp\/v2\/media?parent=4027"}],"wp:term":[{"taxonomy":"category","embeddable":true,"href":"https:\/\/www.organisator.ch\/de\/wp-json\/wp\/v2\/categories?post=4027"},{"taxonomy":"post_tag","embeddable":true,"href":"https:\/\/www.organisator.ch\/de\/wp-json\/wp\/v2\/tags?post=4027"}],"curies":[{"name":"wp","href":"https:\/\/api.w.org\/{rel}","templated":true}]}}