{"id":4028,"date":"2018-08-14T16:47:14","date_gmt":"2018-08-14T14:47:14","guid":{"rendered":"https:\/\/www.organisator.ch\/?p=4028"},"modified":"2018-08-14T16:47:14","modified_gmt":"2018-08-14T14:47:14","slug":"digitalisierung-konkret-auf-der-topsoft-2018","status":"publish","type":"post","link":"https:\/\/www.organisator.ch\/de\/management\/it\/2018-08-14\/digitalisierung-konkret-auf-der-topsoft-2018\/","title":{"rendered":"Digitalisierung konkret auf der topsoft 2018"},"content":{"rendered":"<p><img loading=\"lazy\" decoding=\"async\" class=\"alignnone size-full wp-image-4029\" src=\"https:\/\/www.organisator.ch\/wp-content\/uploads\/2018\/08\/2018_07_ITBSG_Topsoft-Vorschau_Lo_1667423.jpg\" alt=\"&lt;p\/&gt; &lt;p\/&gt; &lt;p\/&gt; &lt;p\/&gt; &lt;p\/&gt; &lt;p\/&gt; &lt;p\/&gt; \" width=\"365\" height=\"137\" srcset=\"https:\/\/www.organisator.ch\/wp-content\/uploads\/2018\/08\/2018_07_ITBSG_Topsoft-Vorschau_Lo_1667423.jpg 365w, https:\/\/www.organisator.ch\/wp-content\/uploads\/2018\/08\/2018_07_ITBSG_Topsoft-Vorschau_Lo_1667423-16x6.jpg 16w, https:\/\/www.organisator.ch\/wp-content\/uploads\/2018\/08\/2018_07_ITBSG_Topsoft-Vorschau_Lo_1667423-300x113.jpg 300w\" sizes=\"auto, (max-width: 365px) 100vw, 365px\" \/><\/p>\n<p>Die diesj\u00e4hrige IT-Fachmesse topsoft 2018 steht ganz im Zeichen des digitalen Business. Dabei dreht sich alles um die Transformation von Ideen \u00fcber konkrete Projekte in erfolgreiche Gesch\u00e4ftsmodelle. Gemeinsam mit den Parallel-Events Digital Summit f\u00fcr KMU und SuisseEMEX wird die topsoft zur Drehscheibe zwischen Digitalisierung, Innovation und Unternehmen.<\/p>\n<h2><strong>Know-how, Systeme und Anbieter<\/strong><\/h2>\n<p>Die Schweizer IT-Messe topsoft bietet nicht nur spannende Impulse f\u00fcr die Digita\u00adlisierung, sondern auch die passenden L\u00f6sungen und An\u00adbieter. Das n\u00f6tige Know-how erhalten die Besucher w\u00e4hrend der Messe in den kostenlosen Fachreferaten oder direkt bei den spezialisierten Ausstellern. Zusammen mit dem Digital Summit f\u00fcr KMU, dem Markom-Event SuisseEMEX und dem Marketing-Kongress Futurize M ist die Fachmesse topsoft Teil der gr\u00f6ssten Business-Veranstaltung der Schweiz.<\/p>\n<h2><strong>Start in die digitale Zukunft<\/strong><\/h2>\n<p>An der topsoft 2018\u00a0finden KMU den idealen Start in die digitale Zukunft. Den Hintergrund dazu bilden Ausstellungsbereiche, Referatsb\u00fchne, Themenparks und Spezialfl\u00e4chen. Adressiert werden unter anderem die Bereiche Industrie 4.0, Information Security f\u00fcr KMU, In\u00adfrastruktur, Smart-Working und Startups. Bei den Themenparks dreht sich alles um CRM, BI, ECM\/DMS und ERP. Entsprechend vollgepackt pr\u00e4sentiert sich denn auch das diesj\u00e4hrige Referatsprogramm. Das Spektrum der Inhalte reicht von Smart Working \u00fcber digitale Gesch\u00e4ftsmodelle bis zur erfolgreichen Kundengewinnung im Internet. An beiden Messe\u00adtagen wechseln sich die Referenten im Halbstundentakt ab. Hier eine kleine Auswahl aus dem Programm:<\/p>\n<ul>\n<li><strong>Augmented Reality f\u00fcr industrielle Unternehmen (Heinz Eichholzer), Dienstag, 28.08.18 \/ 09:30 Uhr: <\/strong>Mit Augmented Reality k\u00f6nnen Sie Ihren Service bedeutend effizienter gestalten &#8211; und Ihre Kunden nachhaltig zufriedenstellen.<\/li>\n<li><strong>K\u00fcnstlich intelligente Kampagnen und Businessmodelle (Peter Metzinger), Dienstag, 28.08.18 \/ 13:30 Uhr: <\/strong>Wie l\u00e4sst sich K\u00fcnstliche Intelligenz (KI) im Zusammenhang mit Marketing- und anderen Kampagnen nutzen? Konkrete Fallbeispiele untermauern die These von Peter Metzinger, dass der Einsatz von KI schon heute die Analysef\u00e4hig\u00adkeiten einer Unternehmung verbessern und zu einem besseren Verst\u00e4ndnis von Zielgruppen f\u00fchren kann.<\/li>\n<li><strong>Wie wird eine mobile App zum Erfolg? (Oliver Mannhart), Mittwoch, 29.08.18 \/ 10:00 Uhr: <\/strong>Die M\u00f6glichkeiten von Apps sind schier unendlich. Als Experte in der App-Entwicklung geht Oliver Mannhart auf die wichtigsten Fragen und H\u00fcrden ein.<\/li>\n<li><strong>Das digitale Kaufverhalten (Jeanette Mutzner), Mittwoch, 29.08.18 \/ 13:30 Uhr: <\/strong>Das Internet und soziale Plattformen haben das Kaufverhalten der Kunden ver\u00e4ndert. Heute findet der erste Kontakt mit den Unternehmen meist online statt. Die Fremdwahrnehmung des ersten Kontakts l\u00e4sst sich aktiv \u00fcber die Positionierung und den Brand gestalten.<\/li>\n<\/ul>\n<h2><strong>Konkrete Inhalte statt Buzzwords<\/strong><\/h2>\n<p>Ein Novum dieses Jahr ist die Konzentration der Fachreferate an einem zentralen Ort. Die Gestaltung liegt dabei in den H\u00e4nden der Digital-Content-Plattform MoreThanDigital. \u00abQualifiziertes Know-how, ein praxisbezogener Austausch mit Experten und ein ge\u00adzieltes Networking sind f\u00fcr die Messebesucher ebenso wichtig wie die kreative Auseinandersetzung mit moderner IT. Was man sonst nur als Buzzwords h\u00f6rt, kann man auf der topsoft 2018 live erleben und ausprobieren. Da zeigt sich rasch, was f\u00fcr ein KMU m\u00f6glich ist und Sinn ergibt\u00bb, fasst Messeleiter Cyrill Schmid die diesj\u00e4hrige Ausrichtung der topsoft zusammen.<\/p>\n<p><em>Informationen: <a href=\"http:\/\/www.topsoft.ch\">www.topsoft.ch<\/a><\/em><\/p>\n","protected":false},"excerpt":{"rendered":"<p>Die diesj\u00e4hrige IT-Fachmesse topsoft 2018 steht ganz im Zeichen des digitalen Business. Dabei dreht sich alles um die Transformation von Ideen \u00fcber konkrete Projekte in erfolgreiche Gesch\u00e4ftsmodelle. Gemeinsam mit den Parallel-Events Digital Summit f\u00fcr KMU und SuisseEMEX wird die topsoft zur Drehscheibe zwischen Digitalisierung, Innovation und Unternehmen. Know-how, Systeme und Anbieter Die Schweizer IT-Messe topsoft [&hellip;]<\/p>\n","protected":false},"author":7,"featured_media":4029,"comment_status":"open","ping_status":"open","sticky":false,"template":"","format":"standard","meta":{"_acf_changed":false,"_yoast_wpseo_focuskw":"topsoft 2018","_yoast_wpseo_metadesc":"Am 28.\/29. August 2018 ist es wieder so weit: Die IT-Fachmesse topsoft wird zum gr\u00f6ssten Schweizer Live-Erlebnis f\u00fcr Digitalisierung.","articlekey":"","footnotes":""},"categories":[27],"tags":[156,193,482],"class_list":["post-4028","post","type-post","status-publish","format-standard","has-post-thumbnail","hentry","category-it","tag-digitalisierung","tag-fachkongressfachmesse","tag-topsoft"],"acf":[],"yoast_head":"<!-- This site is optimized with the Yoast SEO plugin v27.5 - https:\/\/yoast.com\/product\/yoast-seo-wordpress\/ -->\n<title>Digitalisierung konkret auf der topsoft 2018 - Organisator<\/title>\n<meta name=\"description\" content=\"Am 28.\/29. August 2018 ist es wieder so weit: Die IT-Fachmesse topsoft wird zum gr\u00f6ssten Schweizer Live-Erlebnis f\u00fcr Digitalisierung.\" \/>\n<meta name=\"robots\" content=\"index, follow, max-snippet:-1, max-image-preview:large, max-video-preview:-1\" \/>\n<link rel=\"canonical\" href=\"https:\/\/www.organisator.ch\/de\/management\/it\/2018-08-14\/digitalisierung-konkret-auf-der-topsoft-2018\/\" \/>\n<meta property=\"og:locale\" content=\"de_DE\" \/>\n<meta property=\"og:type\" content=\"article\" \/>\n<meta property=\"og:title\" content=\"Digitalisierung konkret auf der topsoft 2018\" \/>\n<meta property=\"og:description\" content=\"Am 28.\/29. August 2018 ist es wieder so weit: Die IT-Fachmesse topsoft wird zum gr\u00f6ssten Schweizer Live-Erlebnis f\u00fcr Digitalisierung.\" \/>\n<meta property=\"og:url\" content=\"https:\/\/www.organisator.ch\/de\/management\/it\/2018-08-14\/digitalisierung-konkret-auf-der-topsoft-2018\/\" \/>\n<meta property=\"og:site_name\" content=\"Organisator\" \/>\n<meta property=\"article:publisher\" content=\"https:\/\/www.facebook.com\/OrganisatorFachmagazin\" \/>\n<meta property=\"article:published_time\" content=\"2018-08-14T14:47:14+00:00\" \/>\n<meta property=\"og:image\" content=\"https:\/\/www.organisator.ch\/wp-content\/uploads\/2018\/08\/2018_07_ITBSG_Topsoft-Vorschau_Lo_1667423.jpg\" \/>\n\t<meta property=\"og:image:width\" content=\"365\" \/>\n\t<meta property=\"og:image:height\" content=\"137\" \/>\n\t<meta property=\"og:image:type\" content=\"image\/jpeg\" \/>\n<meta name=\"author\" content=\"K4-Import\" \/>\n<meta name=\"twitter:card\" content=\"summary_large_image\" \/>\n<meta name=\"twitter:title\" content=\"Digitalisierung konkret auf der #topsoft 2018\" \/>\n<meta name=\"twitter:description\" content=\"Am 28.\/29. August 2018 ist es wieder so weit: Die IT-Fachmesse #topsoft wird zum gr\u00f6ssten Schweizer Live-Erlebnis f\u00fcr #Digitalisierung.\" \/>\n<meta name=\"twitter:image\" content=\"https:\/\/www.organisator.ch\/wp-content\/uploads\/2018\/08\/2018_07_ITBSG_Topsoft-Vorschau_Lo_1667423.jpg\" \/>\n<script type=\"application\/ld+json\" class=\"yoast-schema-graph\">{\"@context\":\"https:\\\/\\\/schema.org\",\"@graph\":[{\"@type\":\"Article\",\"@id\":\"https:\\\/\\\/www.organisator.ch\\\/management\\\/it\\\/2018-08-14\\\/digitalisierung-konkret-auf-der-topsoft-2018\\\/#article\",\"isPartOf\":{\"@id\":\"https:\\\/\\\/www.organisator.ch\\\/management\\\/it\\\/2018-08-14\\\/digitalisierung-konkret-auf-der-topsoft-2018\\\/\"},\"author\":{\"name\":\"K4-Import\",\"@id\":\"https:\\\/\\\/www.organisator.ch\\\/#\\\/schema\\\/person\\\/dd8ffea01043c9c41d7718296a158fac\"},\"headline\":\"Digitalisierung konkret auf der topsoft 2018\",\"datePublished\":\"2018-08-14T14:47:14+00:00\",\"mainEntityOfPage\":{\"@id\":\"https:\\\/\\\/www.organisator.ch\\\/management\\\/it\\\/2018-08-14\\\/digitalisierung-konkret-auf-der-topsoft-2018\\\/\"},\"wordCount\":502,\"commentCount\":1,\"publisher\":{\"@id\":\"https:\\\/\\\/www.organisator.ch\\\/#organization\"},\"image\":{\"@id\":\"https:\\\/\\\/www.organisator.ch\\\/management\\\/it\\\/2018-08-14\\\/digitalisierung-konkret-auf-der-topsoft-2018\\\/#primaryimage\"},\"thumbnailUrl\":\"https:\\\/\\\/www.organisator.ch\\\/wp-content\\\/uploads\\\/2018\\\/08\\\/2018_07_ITBSG_Topsoft-Vorschau_Lo_1667423.jpg\",\"keywords\":[\"Digitalisierung\",\"Fachkongress\\\/Fachmesse\",\"topsoft\"],\"articleSection\":[\"IT\"],\"inLanguage\":\"de\"},{\"@type\":\"WebPage\",\"@id\":\"https:\\\/\\\/www.organisator.ch\\\/management\\\/it\\\/2018-08-14\\\/digitalisierung-konkret-auf-der-topsoft-2018\\\/\",\"url\":\"https:\\\/\\\/www.organisator.ch\\\/management\\\/it\\\/2018-08-14\\\/digitalisierung-konkret-auf-der-topsoft-2018\\\/\",\"name\":\"Digitalisierung konkret auf der topsoft 2018 - Organisator\",\"isPartOf\":{\"@id\":\"https:\\\/\\\/www.organisator.ch\\\/#website\"},\"primaryImageOfPage\":{\"@id\":\"https:\\\/\\\/www.organisator.ch\\\/management\\\/it\\\/2018-08-14\\\/digitalisierung-konkret-auf-der-topsoft-2018\\\/#primaryimage\"},\"image\":{\"@id\":\"https:\\\/\\\/www.organisator.ch\\\/management\\\/it\\\/2018-08-14\\\/digitalisierung-konkret-auf-der-topsoft-2018\\\/#primaryimage\"},\"thumbnailUrl\":\"https:\\\/\\\/www.organisator.ch\\\/wp-content\\\/uploads\\\/2018\\\/08\\\/2018_07_ITBSG_Topsoft-Vorschau_Lo_1667423.jpg\",\"datePublished\":\"2018-08-14T14:47:14+00:00\",\"description\":\"Am 28.\\\/29. August 2018 ist es wieder so weit: Die IT-Fachmesse topsoft wird zum gr\u00f6ssten Schweizer Live-Erlebnis f\u00fcr Digitalisierung.\",\"breadcrumb\":{\"@id\":\"https:\\\/\\\/www.organisator.ch\\\/management\\\/it\\\/2018-08-14\\\/digitalisierung-konkret-auf-der-topsoft-2018\\\/#breadcrumb\"},\"inLanguage\":\"de\",\"potentialAction\":[{\"@type\":\"ReadAction\",\"target\":[\"https:\\\/\\\/www.organisator.ch\\\/management\\\/it\\\/2018-08-14\\\/digitalisierung-konkret-auf-der-topsoft-2018\\\/\"]}]},{\"@type\":\"ImageObject\",\"inLanguage\":\"de\",\"@id\":\"https:\\\/\\\/www.organisator.ch\\\/management\\\/it\\\/2018-08-14\\\/digitalisierung-konkret-auf-der-topsoft-2018\\\/#primaryimage\",\"url\":\"https:\\\/\\\/www.organisator.ch\\\/wp-content\\\/uploads\\\/2018\\\/08\\\/2018_07_ITBSG_Topsoft-Vorschau_Lo_1667423.jpg\",\"contentUrl\":\"https:\\\/\\\/www.organisator.ch\\\/wp-content\\\/uploads\\\/2018\\\/08\\\/2018_07_ITBSG_Topsoft-Vorschau_Lo_1667423.jpg\",\"width\":365,\"height\":137},{\"@type\":\"BreadcrumbList\",\"@id\":\"https:\\\/\\\/www.organisator.ch\\\/management\\\/it\\\/2018-08-14\\\/digitalisierung-konkret-auf-der-topsoft-2018\\\/#breadcrumb\",\"itemListElement\":[{\"@type\":\"ListItem\",\"position\":1,\"name\":\"Home\",\"item\":\"https:\\\/\\\/www.organisator.ch\\\/\"},{\"@type\":\"ListItem\",\"position\":2,\"name\":\"Digitalisierung konkret auf der topsoft 2018\"}]},{\"@type\":\"WebSite\",\"@id\":\"https:\\\/\\\/www.organisator.ch\\\/#website\",\"url\":\"https:\\\/\\\/www.organisator.ch\\\/\",\"name\":\"Organisator\",\"description\":\"Kompetent. Praxisnah. Der ORGANISATOR bereitet in 10 Ausgaben pro Jahr die wesentlichen Themen f\u00fcr F\u00fchrungskr\u00e4fte von KMU auf.\",\"publisher\":{\"@id\":\"https:\\\/\\\/www.organisator.ch\\\/#organization\"},\"potentialAction\":[{\"@type\":\"SearchAction\",\"target\":{\"@type\":\"EntryPoint\",\"urlTemplate\":\"https:\\\/\\\/www.organisator.ch\\\/?s={search_term_string}\"},\"query-input\":{\"@type\":\"PropertyValueSpecification\",\"valueRequired\":true,\"valueName\":\"search_term_string\"}}],\"inLanguage\":\"de\"},{\"@type\":\"Organization\",\"@id\":\"https:\\\/\\\/www.organisator.ch\\\/#organization\",\"name\":\"Organisator\",\"url\":\"https:\\\/\\\/www.organisator.ch\\\/\",\"logo\":{\"@type\":\"ImageObject\",\"inLanguage\":\"de\",\"@id\":\"https:\\\/\\\/www.organisator.ch\\\/#\\\/schema\\\/logo\\\/image\\\/\",\"url\":\"https:\\\/\\\/www.organisator.ch\\\/wp-content\\\/uploads\\\/2022\\\/01\\\/Logo_Organisator_Website.png\",\"contentUrl\":\"https:\\\/\\\/www.organisator.ch\\\/wp-content\\\/uploads\\\/2022\\\/01\\\/Logo_Organisator_Website.png\",\"width\":800,\"height\":77,\"caption\":\"Organisator\"},\"image\":{\"@id\":\"https:\\\/\\\/www.organisator.ch\\\/#\\\/schema\\\/logo\\\/image\\\/\"},\"sameAs\":[\"https:\\\/\\\/www.facebook.com\\\/OrganisatorFachmagazin\",\"https:\\\/\\\/www.linkedin.com\\\/showcase\\\/organisator-das-magazin-fr-kmu\",\"https:\\\/\\\/www.xing.com\\\/news\\\/pages\\\/organisator-ch-695\",\"https:\\\/\\\/www.youtube.com\\\/channel\\\/UCGP2Sq0iWaZwT3BdIAQFYpw\"]},{\"@type\":\"Person\",\"@id\":\"https:\\\/\\\/www.organisator.ch\\\/#\\\/schema\\\/person\\\/dd8ffea01043c9c41d7718296a158fac\",\"name\":\"K4-Import\",\"image\":{\"@type\":\"ImageObject\",\"inLanguage\":\"de\",\"@id\":\"https:\\\/\\\/secure.gravatar.com\\\/avatar\\\/73620ab7215a54b074cc226514e02ed65cb79211bbaee1eb49b63b57e58aaad6?s=96&d=mm&r=g\",\"url\":\"https:\\\/\\\/secure.gravatar.com\\\/avatar\\\/73620ab7215a54b074cc226514e02ed65cb79211bbaee1eb49b63b57e58aaad6?s=96&d=mm&r=g\",\"contentUrl\":\"https:\\\/\\\/secure.gravatar.com\\\/avatar\\\/73620ab7215a54b074cc226514e02ed65cb79211bbaee1eb49b63b57e58aaad6?s=96&d=mm&r=g\",\"caption\":\"K4-Import\"},\"url\":\"https:\\\/\\\/www.organisator.ch\\\/de\\\/author\\\/k4-import\\\/\"}]}<\/script>\n<!-- \/ Yoast SEO plugin. -->","yoast_head_json":{"title":"Digitalisierung konkret auf der topsoft 2018 - Organisator","description":"Am 28.\/29. August 2018 ist es wieder so weit: Die IT-Fachmesse topsoft wird zum gr\u00f6ssten Schweizer Live-Erlebnis f\u00fcr Digitalisierung.","robots":{"index":"index","follow":"follow","max-snippet":"max-snippet:-1","max-image-preview":"max-image-preview:large","max-video-preview":"max-video-preview:-1"},"canonical":"https:\/\/www.organisator.ch\/de\/management\/it\/2018-08-14\/digitalisierung-konkret-auf-der-topsoft-2018\/","og_locale":"de_DE","og_type":"article","og_title":"Digitalisierung konkret auf der topsoft 2018","og_description":"Am 28.\/29. August 2018 ist es wieder so weit: Die IT-Fachmesse topsoft wird zum gr\u00f6ssten Schweizer Live-Erlebnis f\u00fcr Digitalisierung.","og_url":"https:\/\/www.organisator.ch\/de\/management\/it\/2018-08-14\/digitalisierung-konkret-auf-der-topsoft-2018\/","og_site_name":"Organisator","article_publisher":"https:\/\/www.facebook.com\/OrganisatorFachmagazin","article_published_time":"2018-08-14T14:47:14+00:00","og_image":[{"width":365,"height":137,"url":"https:\/\/www.organisator.ch\/wp-content\/uploads\/2018\/08\/2018_07_ITBSG_Topsoft-Vorschau_Lo_1667423.jpg","type":"image\/jpeg"}],"author":"K4-Import","twitter_card":"summary_large_image","twitter_title":"Digitalisierung konkret auf der #topsoft 2018","twitter_description":"Am 28.\/29. August 2018 ist es wieder so weit: Die IT-Fachmesse #topsoft wird zum gr\u00f6ssten Schweizer Live-Erlebnis f\u00fcr #Digitalisierung.","twitter_image":"https:\/\/www.organisator.ch\/wp-content\/uploads\/2018\/08\/2018_07_ITBSG_Topsoft-Vorschau_Lo_1667423.jpg","schema":{"@context":"https:\/\/schema.org","@graph":[{"@type":"Article","@id":"https:\/\/www.organisator.ch\/management\/it\/2018-08-14\/digitalisierung-konkret-auf-der-topsoft-2018\/#article","isPartOf":{"@id":"https:\/\/www.organisator.ch\/management\/it\/2018-08-14\/digitalisierung-konkret-auf-der-topsoft-2018\/"},"author":{"name":"K4-Import","@id":"https:\/\/www.organisator.ch\/#\/schema\/person\/dd8ffea01043c9c41d7718296a158fac"},"headline":"Digitalisierung konkret auf der topsoft 2018","datePublished":"2018-08-14T14:47:14+00:00","mainEntityOfPage":{"@id":"https:\/\/www.organisator.ch\/management\/it\/2018-08-14\/digitalisierung-konkret-auf-der-topsoft-2018\/"},"wordCount":502,"commentCount":1,"publisher":{"@id":"https:\/\/www.organisator.ch\/#organization"},"image":{"@id":"https:\/\/www.organisator.ch\/management\/it\/2018-08-14\/digitalisierung-konkret-auf-der-topsoft-2018\/#primaryimage"},"thumbnailUrl":"https:\/\/www.organisator.ch\/wp-content\/uploads\/2018\/08\/2018_07_ITBSG_Topsoft-Vorschau_Lo_1667423.jpg","keywords":["Digitalisierung","Fachkongress\/Fachmesse","topsoft"],"articleSection":["IT"],"inLanguage":"de"},{"@type":"WebPage","@id":"https:\/\/www.organisator.ch\/management\/it\/2018-08-14\/digitalisierung-konkret-auf-der-topsoft-2018\/","url":"https:\/\/www.organisator.ch\/management\/it\/2018-08-14\/digitalisierung-konkret-auf-der-topsoft-2018\/","name":"Digitalisierung konkret auf der topsoft 2018 - Organisator","isPartOf":{"@id":"https:\/\/www.organisator.ch\/#website"},"primaryImageOfPage":{"@id":"https:\/\/www.organisator.ch\/management\/it\/2018-08-14\/digitalisierung-konkret-auf-der-topsoft-2018\/#primaryimage"},"image":{"@id":"https:\/\/www.organisator.ch\/management\/it\/2018-08-14\/digitalisierung-konkret-auf-der-topsoft-2018\/#primaryimage"},"thumbnailUrl":"https:\/\/www.organisator.ch\/wp-content\/uploads\/2018\/08\/2018_07_ITBSG_Topsoft-Vorschau_Lo_1667423.jpg","datePublished":"2018-08-14T14:47:14+00:00","description":"Am 28.\/29. August 2018 ist es wieder so weit: Die IT-Fachmesse topsoft wird zum gr\u00f6ssten Schweizer Live-Erlebnis f\u00fcr Digitalisierung.","breadcrumb":{"@id":"https:\/\/www.organisator.ch\/management\/it\/2018-08-14\/digitalisierung-konkret-auf-der-topsoft-2018\/#breadcrumb"},"inLanguage":"de","potentialAction":[{"@type":"ReadAction","target":["https:\/\/www.organisator.ch\/management\/it\/2018-08-14\/digitalisierung-konkret-auf-der-topsoft-2018\/"]}]},{"@type":"ImageObject","inLanguage":"de","@id":"https:\/\/www.organisator.ch\/management\/it\/2018-08-14\/digitalisierung-konkret-auf-der-topsoft-2018\/#primaryimage","url":"https:\/\/www.organisator.ch\/wp-content\/uploads\/2018\/08\/2018_07_ITBSG_Topsoft-Vorschau_Lo_1667423.jpg","contentUrl":"https:\/\/www.organisator.ch\/wp-content\/uploads\/2018\/08\/2018_07_ITBSG_Topsoft-Vorschau_Lo_1667423.jpg","width":365,"height":137},{"@type":"BreadcrumbList","@id":"https:\/\/www.organisator.ch\/management\/it\/2018-08-14\/digitalisierung-konkret-auf-der-topsoft-2018\/#breadcrumb","itemListElement":[{"@type":"ListItem","position":1,"name":"Home","item":"https:\/\/www.organisator.ch\/"},{"@type":"ListItem","position":2,"name":"Digitalisierung konkret auf der topsoft 2018"}]},{"@type":"WebSite","@id":"https:\/\/www.organisator.ch\/#website","url":"https:\/\/www.organisator.ch\/","name":"Organisator","description":"Kompetent. Praxisnah. Der ORGANISATOR bereitet in 10 Ausgaben pro Jahr die wesentlichen Themen f\u00fcr F\u00fchrungskr\u00e4fte von KMU auf.","publisher":{"@id":"https:\/\/www.organisator.ch\/#organization"},"potentialAction":[{"@type":"SearchAction","target":{"@type":"EntryPoint","urlTemplate":"https:\/\/www.organisator.ch\/?s={search_term_string}"},"query-input":{"@type":"PropertyValueSpecification","valueRequired":true,"valueName":"search_term_string"}}],"inLanguage":"de"},{"@type":"Organization","@id":"https:\/\/www.organisator.ch\/#organization","name":"Organisator","url":"https:\/\/www.organisator.ch\/","logo":{"@type":"ImageObject","inLanguage":"de","@id":"https:\/\/www.organisator.ch\/#\/schema\/logo\/image\/","url":"https:\/\/www.organisator.ch\/wp-content\/uploads\/2022\/01\/Logo_Organisator_Website.png","contentUrl":"https:\/\/www.organisator.ch\/wp-content\/uploads\/2022\/01\/Logo_Organisator_Website.png","width":800,"height":77,"caption":"Organisator"},"image":{"@id":"https:\/\/www.organisator.ch\/#\/schema\/logo\/image\/"},"sameAs":["https:\/\/www.facebook.com\/OrganisatorFachmagazin","https:\/\/www.linkedin.com\/showcase\/organisator-das-magazin-fr-kmu","https:\/\/www.xing.com\/news\/pages\/organisator-ch-695","https:\/\/www.youtube.com\/channel\/UCGP2Sq0iWaZwT3BdIAQFYpw"]},{"@type":"Person","@id":"https:\/\/www.organisator.ch\/#\/schema\/person\/dd8ffea01043c9c41d7718296a158fac","name":"K4-Import","image":{"@type":"ImageObject","inLanguage":"de","@id":"https:\/\/secure.gravatar.com\/avatar\/73620ab7215a54b074cc226514e02ed65cb79211bbaee1eb49b63b57e58aaad6?s=96&d=mm&r=g","url":"https:\/\/secure.gravatar.com\/avatar\/73620ab7215a54b074cc226514e02ed65cb79211bbaee1eb49b63b57e58aaad6?s=96&d=mm&r=g","contentUrl":"https:\/\/secure.gravatar.com\/avatar\/73620ab7215a54b074cc226514e02ed65cb79211bbaee1eb49b63b57e58aaad6?s=96&d=mm&r=g","caption":"K4-Import"},"url":"https:\/\/www.organisator.ch\/de\/author\/k4-import\/"}]}},"_links":{"self":[{"href":"https:\/\/www.organisator.ch\/de\/wp-json\/wp\/v2\/posts\/4028","targetHints":{"allow":["GET"]}}],"collection":[{"href":"https:\/\/www.organisator.ch\/de\/wp-json\/wp\/v2\/posts"}],"about":[{"href":"https:\/\/www.organisator.ch\/de\/wp-json\/wp\/v2\/types\/post"}],"author":[{"embeddable":true,"href":"https:\/\/www.organisator.ch\/de\/wp-json\/wp\/v2\/users\/7"}],"replies":[{"embeddable":true,"href":"https:\/\/www.organisator.ch\/de\/wp-json\/wp\/v2\/comments?post=4028"}],"version-history":[{"count":0,"href":"https:\/\/www.organisator.ch\/de\/wp-json\/wp\/v2\/posts\/4028\/revisions"}],"wp:featuredmedia":[{"embeddable":true,"href":"https:\/\/www.organisator.ch\/de\/wp-json\/wp\/v2\/media\/4029"}],"wp:attachment":[{"href":"https:\/\/www.organisator.ch\/de\/wp-json\/wp\/v2\/media?parent=4028"}],"wp:term":[{"taxonomy":"category","embeddable":true,"href":"https:\/\/www.organisator.ch\/de\/wp-json\/wp\/v2\/categories?post=4028"},{"taxonomy":"post_tag","embeddable":true,"href":"https:\/\/www.organisator.ch\/de\/wp-json\/wp\/v2\/tags?post=4028"}],"curies":[{"name":"wp","href":"https:\/\/api.w.org\/{rel}","templated":true}]}}