{"id":40306,"date":"2025-09-03T09:15:27","date_gmt":"2025-09-03T07:15:27","guid":{"rendered":"https:\/\/www.organisator.ch\/?p=40306"},"modified":"2025-10-01T08:39:37","modified_gmt":"2025-10-01T06:39:37","slug":"matcha-matcht-in-der-hoehle-der-loewen","status":"publish","type":"post","link":"https:\/\/www.organisator.ch\/de\/management\/2025-09-03\/matcha-matcht-in-der-hoehle-der-loewen\/","title":{"rendered":"Matcha matcht in der H\u00f6hle der L\u00f6wen"},"content":{"rendered":"<figure id=\"attachment_40307\" aria-describedby=\"caption-attachment-40307\" style=\"width: 680px\" class=\"wp-caption alignnone\"><img loading=\"lazy\" decoding=\"async\" class=\"size-full wp-image-40307\" src=\"https:\/\/www.organisator.ch\/wp-content\/uploads\/2025\/09\/Matcha-matcht-in-der-Hoehle-der-Loewen-1_Organisator.jpg\" alt=\"\" width=\"680\" height=\"451\" srcset=\"https:\/\/www.organisator.ch\/wp-content\/uploads\/2025\/09\/Matcha-matcht-in-der-Hoehle-der-Loewen-1_Organisator.jpg 680w, https:\/\/www.organisator.ch\/wp-content\/uploads\/2025\/09\/Matcha-matcht-in-der-Hoehle-der-Loewen-1_Organisator-18x12.jpg 18w, https:\/\/www.organisator.ch\/wp-content\/uploads\/2025\/09\/Matcha-matcht-in-der-Hoehle-der-Loewen-1_Organisator-375x249.jpg 375w, https:\/\/www.organisator.ch\/wp-content\/uploads\/2025\/09\/Matcha-matcht-in-der-Hoehle-der-Loewen-1_Organisator-528x350.jpg 528w\" sizes=\"auto, (max-width: 680px) 100vw, 680px\" \/><figcaption id=\"caption-attachment-40307\" class=\"wp-caption-text\">Sorgten bei den Investoren mit ihrem Pitch f\u00fcr Furore \u2013 und am Schluss hat es \u00abgematch(a)t\u00bb: Camille und Maresa mit ihrer Matcha-Soda \u00abSoully\u00bb. (Bild: Screenshot CH Media)<\/figcaption><\/figure>\n<p>Den Auftakt der Sendung vom 2. September machten drei Herren in den 30ern: David, Fabian und Patrick. Alle sind sie sport- und fitnessbegeistert und wollen mit ihrer Plattform \u00abObseed\u00bb durchstarten. Auf dieser sollen Trainingsdaten, die \u00fcber Ringe, Smartwatches oder Fitnessarmb\u00e4nder aufgezeichnet werden, besser und ganzheitlicher ausgewertet werden k\u00f6nnen. Denn viele Wearables w\u00fcrden fehlerhafte Daten aufzeichnen, erkl\u00e4rten die drei Gr\u00fcnder. Und dies l\u00f6se letztlich einen gegenteiligen Effekt aus: Wer aufgrund falscher Daten trainiere, schade seiner Gesundheit. So weit so nachvollziehbar, doch wirtschaftlich stehen die drei erst am Anfang, wie zu erfahren war. In den n\u00e4chsten 12 Monaten wollen sie 15&#8217;000 Nutzer akquirieren und 1500 Abos zum Preis von 10.90 Franken verkaufen. F\u00fcr diese Skalierung riefen sie einen Kapitalbedarf von 350&#8217;000 Franken gegen eine Beteiligung von 15 Prozent auf. Die L\u00f6wen waren skeptisch: Felix Bertram sah keinen entscheidenden Unterschied zu anderen Trainings-Apps. J\u00fcrg Schwarzenbach schw\u00f6rt weiter auf seine Smartwatch, die ihm meldet, wann er sich wieder mehr bewegen sollte. Lukas Speiser wies auf eine Trendwende hin: Viele Anwenderinnen und Anwender solcher Wearables messen zunehmend nur noch einen Wert. Bettina Hein zeigte sich grunds\u00e4tzlich interessiert, wollte aber der weiteren Entwicklung mehr Zeit einr\u00e4umen. Und Roland Brack schliesslich hielt die L\u00f6sung schlicht nicht f\u00fcr massentauglich. Somit mussten David, Fabian und Patrick ohne Deal wieder abziehen. Ihre Ambition, gegen Player wie Garmin antreten zu wollen, war wohl zu dick aufgetragen.<\/p>\n<h3><strong>Mit authentischer Begeisterung zum Deal<\/strong><\/h3>\n<p>Camille Zingg und Maresa Tennigkeit sind zwei aufgestellte junge Frauen, die eben ihr BWL-Studium abgeschlossen haben. W\u00e4hrend ihres Studiums haben sie das Trend-Getr\u00e4nk Matcha entdeckt und schw\u00f6ren auf dessen belebender Wirkung. Sie fragten sich aber: L\u00e4sst sich Matcha auch in Form eines Soda-Getr\u00e4nks auf den Markt bringen? Sie gingen gleich ans Werk und entwickelten innerhalb von sieben Monaten ein Produkt namens \u00abSoully\u00bb. Nach einer Testphase in vier St\u00e4dten wollen sie Soully nun gr\u00f6sser machen und ben\u00f6tigen 80&#8217;000 Franken zur St\u00e4rkung der Vertriebskan\u00e4le und Erh\u00f6hung der Markenpr\u00e4senz. 20 Prozent Firmenanteile warfen sie in die Waagschale. Ihre Begeisterung sowie auch das Produkt schmeckte den L\u00f6wen und der L\u00f6win. Gleich drei machten ein Angebot: Nicole B\u00fcttner-Thiel wollte 25 Prozent f\u00fcr ihre 80&#8217;000 Franken, Felix Bertram \u2013 \u00abI want the case\u00bb &#8211; bot 80&#8217;000 Franken gegen 20 Prozent Firmenbeteiligung. Tom Zimmermann bot ebenfalls so viel und versprach zudem Unterst\u00fctzung beim Vorstoss in die Bio-Branche. Lukas Speiser fand den Getr\u00e4nkemarkt zu kompetitiv und verzichtete auf ein Angebot, schweren Herzens auch Roland Brack mit den Worten \u00abMatcha ist nicht so mein Ding\u00bb. Camille und Maresa konnten es zuerst gar nicht fassen, gleich drei Angebote zu kriegen. Nach kurzer Beratung nahmen sie das Investment von Tom Zimmermann an. Ihr authentischer und professionell vorgetragener Pitch wurde belohnt \u2013 es hat \u00abgematch(a)t\u00bb. \u00a0<\/p>\n<figure id=\"attachment_40308\" aria-describedby=\"caption-attachment-40308\" style=\"width: 680px\" class=\"wp-caption alignnone\"><img loading=\"lazy\" decoding=\"async\" class=\"size-full wp-image-40308\" src=\"https:\/\/www.organisator.ch\/wp-content\/uploads\/2025\/09\/Matcha-matcht-in-der-Hoehle-der-Loewen-2_Organisator.jpg\" alt=\"\" width=\"680\" height=\"383\" srcset=\"https:\/\/www.organisator.ch\/wp-content\/uploads\/2025\/09\/Matcha-matcht-in-der-Hoehle-der-Loewen-2_Organisator.jpg 680w, https:\/\/www.organisator.ch\/wp-content\/uploads\/2025\/09\/Matcha-matcht-in-der-Hoehle-der-Loewen-2_Organisator-18x10.jpg 18w, https:\/\/www.organisator.ch\/wp-content\/uploads\/2025\/09\/Matcha-matcht-in-der-Hoehle-der-Loewen-2_Organisator-375x211.jpg 375w, https:\/\/www.organisator.ch\/wp-content\/uploads\/2025\/09\/Matcha-matcht-in-der-Hoehle-der-Loewen-2_Organisator-621x350.jpg 621w\" sizes=\"auto, (max-width: 680px) 100vw, 680px\" \/><figcaption id=\"caption-attachment-40308\" class=\"wp-caption-text\">Markus Seiser pr\u00e4sentiert seinen klappbaren Kleiderb\u00fcgel \u00abScosh\u00bb. (Bild: Screenshot CH Media)<\/figcaption><\/figure>\n<h3><strong>Alltagsgegenstand neu erfunden<\/strong><\/h3>\n<p>Erfindungen, die die Welt nicht braucht, gibt es viele. Doch Marcus Seiser aus M\u00fcnchenstein BL ist \u00fcberzeugt: Sein klappbarer Kleiderb\u00fcgel \u00abScosh\u00bb (Abk\u00fcrzung von Sustainable Clothing on Smart Hanger\u00bb) ist revolution\u00e4r. Einklappbar, mit einer Hand bedienbar, hergestellt aus recycliertem Kunststoff \u2013 damit lassen sich Oberteile unkompliziert aufh\u00e4ngen. Auch reisetauglich ist der B\u00fcgel. Als Zuschauer fragte man sich: Weshalb ist man eigentlich nicht schon fr\u00fcher auf diese Idee gestossen? Dieser Meinung schienen auch die f\u00fcnf L\u00f6wen zu sein. Sie fanden aber den Preis \u2013 Kleiderb\u00fcgel sind bekanntlich ein Massenprodukt \u2013 noch zu hoch. Ein 3er-Paket kostet 19.95 Franken \u2013 bei Herstellkosten von 1.30 pro St\u00fcck liegt da gleichwohl eine sch\u00f6ne Marge drin. 100&#8217;000 Franken gegen 15 Prozent Firmenbeteiligung wollte Markus als Investment, um das Produkt nun massentauglich zu machen. Denn mit dem 2024 erwirtschafteten Umsatz von 1000 Franken ist wohl noch kein Staat zu machen. Doch das Potenzial scheint enorm (Verkauf von 60&#8217;000 Packungen 2025, danach von Jahr zu Jahr Verdoppelung), aber da Anja Graf und Nicole B\u00fcttner-Thiel als Investorinnen dennoch nicht mitmachen wollten, sah Markus seine Felle schon etwas davonschwimmen und r\u00fchrte nochmals die Werbetrommel f\u00fcr sich. Und siehe da: Roland Brack machte ein Angebot: 100&#8217;000 Franken gegen 30 Prozent. Auch Tom Zimmermann bot diese Summe, wollte aber nur 25 Prozent Beteiligung. Felix Bertram wiederum streckte die Waffen. Markus Seiser wollte unbedingt Roland Brack als Investor und fragte diesen, ob er auch bei 25 Prozent Firmenanteile mitmachen wolle. Dieser willigte ein, der Deal war perfekt und Markus war \u00fcbergl\u00fccklich.<\/p>\n<h3><strong>Trotz Startup-Award kein Deal<\/strong><\/h3>\n<p>Ebenfalls mit Erfindungen wollten Michael Wiener und Irene Abrigo punkten. Mit der Marke \u00abDolfinos\u00bb wollen sie Musikerinnen und Musikern das Leben erleichtern. Ihr bekanntestes Produkt ist die All-in-One-St\u00fctze f\u00fcr Violine und Viola. Daf\u00fcr hat das Unternehmen den ersten Preis beim Swiss Startup Award gewonnen. Im Gep\u00e4ck hatten sie aber auch einen innovativen Notenst\u00e4nder, geeignet f\u00fcr klassische Notenbl\u00e4tter, aber auch f\u00fcr Tablets und Smartphones. Alles passt auf ein Stativ, kompakt und durchdacht \u2013 eine echte Weiterentwicklung eines Produkts, das seit \u00fcber 100 Jahren unver\u00e4ndert viele Musikzimmer und Konzerts\u00e4le beherrscht. Mit Dolfinos wollen die beiden nun ebenfalls in die Grossproduktion einsteigen. Die Vorz\u00fcge der kombinierten Kinn- und Schulterst\u00fctze f\u00fcr Geigen und Bratschen wiederum zeigte Violinistin Irene Abrigo gleich selbst. Seit sie diese verwendet, hat sie kaum mehr Nackenschmerzen nach langem \u00dcben. Innerhalb von Musiker-Kreisen d\u00fcrften die Produkte von Dolfinos grossen Anklang finden. Mit Top-Instrumentalisten als Markenbotschafter konnten bisher 1500 Kundinnen und Kunden gewonnen werden. Doch die L\u00f6win Nicole B\u00fcttner-Thiel und auch die anderen vier Investoren fanden den Case zu \u00abnischig\u00bb. Sie waren nicht bereit, 225&#8217;000 Franken gegen 4 Prozent Firmenbeteiligung aufzuwerfen. Trotzdem zollten sie Michael und Irene viel Respekt, f\u00fcr einen Deal reichte es nicht. \u00abEs hat nicht gegeigt\u00bb, sagte Felix Bertram zum Schluss.<\/p>\n<figure id=\"attachment_40309\" aria-describedby=\"caption-attachment-40309\" style=\"width: 680px\" class=\"wp-caption alignnone\"><img loading=\"lazy\" decoding=\"async\" class=\"size-full wp-image-40309\" src=\"https:\/\/www.organisator.ch\/wp-content\/uploads\/2025\/09\/Matcha-matcht-in-der-Hoehle-der-Loewen-3_Organisator.jpg\" alt=\"\" width=\"680\" height=\"374\" srcset=\"https:\/\/www.organisator.ch\/wp-content\/uploads\/2025\/09\/Matcha-matcht-in-der-Hoehle-der-Loewen-3_Organisator.jpg 680w, https:\/\/www.organisator.ch\/wp-content\/uploads\/2025\/09\/Matcha-matcht-in-der-Hoehle-der-Loewen-3_Organisator-18x10.jpg 18w, https:\/\/www.organisator.ch\/wp-content\/uploads\/2025\/09\/Matcha-matcht-in-der-Hoehle-der-Loewen-3_Organisator-375x206.jpg 375w, https:\/\/www.organisator.ch\/wp-content\/uploads\/2025\/09\/Matcha-matcht-in-der-Hoehle-der-Loewen-3_Organisator-636x350.jpg 636w\" sizes=\"auto, (max-width: 680px) 100vw, 680px\" \/><figcaption id=\"caption-attachment-40309\" class=\"wp-caption-text\">F\u00fcr sie hing der Himmel leider nicht voller Geigen: Trotz ansprechender Pr\u00e4sentation ihres innovativen Produkts gab es keinen Deal f\u00fcr Irene und Michael von \u00abDolfinos\u00bb. (Bild: Screenshot CH Media)<\/figcaption><\/figure>\n<h3><strong>Vorstoss in eine Marktl\u00fccke<\/strong><\/h3>\n<p>Im letzten Case dieser Sendung ging es um eine Haustierversicherung. Jenny, Marlo und Annina haben Calingo Insurance gegr\u00fcndet, eine Art \u00abKrankenkasse\u00bb f\u00fcr Hunde und Katzen. Damit wollen sie eine Marktl\u00fccke nutzen, denn viele Haustierbesitzer betrachten ihr Tier als Lieblingsmitglied im Haushalt und unternehmen fast alles f\u00fcr das Wohl ihrer Lieblinge. Die Petfood-Industrie und auch die Tiermedizin macht dies mit. Es gibt immer mehr Behandlungsmethoden, um das Leben der Vierbeiner zu verl\u00e4ngern. Und das kostet nat\u00fcrlich viel Geld \u2013 zu viel f\u00fcr manche Tierbesitzer. Calingo springt hier als Versicherung in die Bresche, auch Vorerkrankungen des Tiers sind kein Ausschlusskriterium. Ferner bietet Calingo Beratung via Chat, Video oder Telefon, viele Prozesse sind digitalisiert. Das Ziel ist aber, eine umfassende Gesundheitsplattform f\u00fcr Hunde und Katzen aufzubauen. 150&#8217;000 Franken gegen 1 Prozent (das bedeutet eine Firmenbewertung von 15 Millionen!) standen als Kapitalbedarf im Raum, was unter den anwesenden L\u00f6wen ein paar vielsagende Blicke ausl\u00f6ste. Auch die vergleichsweise hohe Pr\u00e4mie von 440 Franken pro Jahr f\u00fcr eine Katze wurde mit \u00abDas ist teuer!\u00bb kommentiert. Trotzdem sahen sie grosses Potenzial. Einzig Lukas Speiser stieg schnell aus, weil das Versicherungsgesch\u00e4ft wegen des grossen Automatisierungsaufwands f\u00fcr ihn zu wenig profitabel schien. J\u00fcrg Schwarzenbach hingegen bot die 150&#8217;000 Franken, wollte aber 1,3 Prozent daf\u00fcr, Bettina Hein schloss sich da gleich an. Auch Roland Brack bot dieselbe Summe, allerdings gegen 1,5 Prozent Beteiligung. Nach kurzer Beratung akzeptierten die drei Gr\u00fcnder das Angebot von Roland Brack. Beide Seiten witterten hier die besten Chancen f\u00fcr Zusatzgesch\u00e4fte im Zusammenhang mit Haustier-Produkten. Felix Bertram, selbst Hundebesitzer, ist schon in Calingo investiert und trat deshalb in den Ausstand.<\/p>\n<figure id=\"attachment_40310\" aria-describedby=\"caption-attachment-40310\" style=\"width: 680px\" class=\"wp-caption alignnone\"><img loading=\"lazy\" decoding=\"async\" class=\"size-full wp-image-40310\" src=\"https:\/\/www.organisator.ch\/wp-content\/uploads\/2025\/09\/Matcha-matcht-in-der-Hoehle-der-Loewen-4_Organisator.jpg\" alt=\"\" width=\"680\" height=\"443\" srcset=\"https:\/\/www.organisator.ch\/wp-content\/uploads\/2025\/09\/Matcha-matcht-in-der-Hoehle-der-Loewen-4_Organisator.jpg 680w, https:\/\/www.organisator.ch\/wp-content\/uploads\/2025\/09\/Matcha-matcht-in-der-Hoehle-der-Loewen-4_Organisator-18x12.jpg 18w, https:\/\/www.organisator.ch\/wp-content\/uploads\/2025\/09\/Matcha-matcht-in-der-Hoehle-der-Loewen-4_Organisator-375x244.jpg 375w, https:\/\/www.organisator.ch\/wp-content\/uploads\/2025\/09\/Matcha-matcht-in-der-Hoehle-der-Loewen-4_Organisator-537x350.jpg 537w\" sizes=\"auto, (max-width: 680px) 100vw, 680px\" \/><figcaption id=\"caption-attachment-40310\" class=\"wp-caption-text\">Jenny, Marlo und Annina von Calingo Insurance zogen mit ihrer Haustierversicherung erfolgreich einen Deal an Land. (Bild: Screenshot CH Media)<\/figcaption><\/figure>\n<p>Fazit dieses Abends: Authentizit\u00e4t und Begeisterung, realistische Marktabkl\u00e4rungen und Innovationsgeist zeigten sich als Erfolgsrezepte, um Investorinnen und Investoren zu \u00fcberzeugen. Und einmal mehr zeigte sich auch, dass Nischenprodukte oder Business Cases, die in einen Verdr\u00e4ngungsmarkt vorstossen wollen, es schwer haben, Geldgeber zu finden.<\/p>\n<p><em>Hier geht es zur Sendung:\u00a0<a href=\"https:\/\/www.oneplus.ch\/catalog\/1000604\">https:\/\/www.oneplus.ch\/catalog\/1000604<\/a><\/em><\/p>\n","protected":false},"excerpt":{"rendered":"<p>F\u00fcnf Business Cases, drei Deals: Das war die Sendung von \u00abDie H\u00f6hle der L\u00f6wen Schweiz\u00bb vom 2. September 2025. Und f\u00fcr einmal war auch eine wirkliche Innovation eines Alltagsgegenstands darunter.<\/p>\n","protected":false},"author":4,"featured_media":0,"comment_status":"closed","ping_status":"closed","sticky":false,"template":"","format":"standard","meta":{"_acf_changed":false,"_yoast_wpseo_focuskw":"Matcha","_yoast_wpseo_metadesc":"F\u00fcnf Business Cases (darunter einer f\u00fcr Matcha), drei Deals: Das war die Sendung von \u00abDie H\u00f6hle der L\u00f6wen Schweiz\u00bb vom 2. September 2025.","articlekey":"","footnotes":""},"categories":[28],"tags":[4015,451,5500,492],"class_list":["post-40306","post","type-post","status-publish","format-standard","hentry","category-management","tag-die-hoehle-der-loewen-schweiz","tag-startups","tag-tv-sendung","tag-unternehmen"],"acf":[],"yoast_head":"<!-- This site is optimized with the Yoast SEO plugin v27.5 - https:\/\/yoast.com\/product\/yoast-seo-wordpress\/ -->\n<title>Matcha matcht in der H\u00f6hle der L\u00f6wen - Organisator<\/title>\n<meta name=\"description\" content=\"F\u00fcnf Business Cases (darunter einer f\u00fcr Matcha), drei Deals: Das war die Sendung von \u00abDie H\u00f6hle der L\u00f6wen Schweiz\u00bb vom 2. September 2025.\" \/>\n<meta name=\"robots\" content=\"index, follow, max-snippet:-1, max-image-preview:large, max-video-preview:-1\" \/>\n<link rel=\"canonical\" href=\"https:\/\/www.organisator.ch\/de\/management\/2025-09-03\/matcha-matcht-in-der-hoehle-der-loewen\/\" \/>\n<meta property=\"og:locale\" content=\"de_DE\" \/>\n<meta property=\"og:type\" content=\"article\" \/>\n<meta property=\"og:title\" content=\"Matcha matcht in der H\u00f6hle der L\u00f6wen\" \/>\n<meta property=\"og:description\" content=\"F\u00fcnf Business Cases (darunter einer f\u00fcr Matcha), drei Deals: Das war die Sendung von \u00abDie H\u00f6hle der L\u00f6wen Schweiz\u00bb vom 2. September 2025.\" \/>\n<meta property=\"og:url\" content=\"https:\/\/www.organisator.ch\/de\/management\/2025-09-03\/matcha-matcht-in-der-hoehle-der-loewen\/\" \/>\n<meta property=\"og:site_name\" content=\"Organisator\" \/>\n<meta property=\"article:publisher\" content=\"https:\/\/www.facebook.com\/OrganisatorFachmagazin\" \/>\n<meta property=\"article:published_time\" content=\"2025-09-03T07:15:27+00:00\" \/>\n<meta property=\"article:modified_time\" content=\"2025-10-01T06:39:37+00:00\" \/>\n<meta property=\"og:image\" content=\"https:\/\/www.organisator.ch\/wp-content\/uploads\/2025\/09\/Matcha-matcht-in-der-Hoehle-der-Loewen-1_Organisator.jpg\" \/>\n\t<meta property=\"og:image:width\" content=\"680\" \/>\n\t<meta property=\"og:image:height\" content=\"451\" \/>\n\t<meta property=\"og:image:type\" content=\"image\/jpeg\" \/>\n<meta name=\"author\" content=\"thomas.berner\" \/>\n<meta name=\"twitter:card\" content=\"summary_large_image\" \/>\n<meta name=\"twitter:title\" content=\"#Matcha matcht in der H\u00f6hle der L\u00f6wen\" \/>\n<meta name=\"twitter:description\" content=\"F\u00fcnf Business Cases (darunter einer f\u00fcr #Matcha), drei Deals: Das war die Sendung von \u00abDie #H\u00f6hle der #L\u00f6wen Schweiz\u00bb vom 2. September 2025.\" \/>\n<meta name=\"twitter:image\" content=\"https:\/\/www.organisator.ch\/wp-content\/uploads\/2025\/09\/Matcha-matcht-in-der-Hoehle-der-Loewen-1_Organisator.jpg\" \/>\n<script type=\"application\/ld+json\" class=\"yoast-schema-graph\">{\"@context\":\"https:\\\/\\\/schema.org\",\"@graph\":[{\"@type\":\"Article\",\"@id\":\"https:\\\/\\\/www.organisator.ch\\\/management\\\/2025-09-03\\\/matcha-matcht-in-der-hoehle-der-loewen\\\/#article\",\"isPartOf\":{\"@id\":\"https:\\\/\\\/www.organisator.ch\\\/management\\\/2025-09-03\\\/matcha-matcht-in-der-hoehle-der-loewen\\\/\"},\"author\":{\"name\":\"thomas.berner\",\"@id\":\"https:\\\/\\\/www.organisator.ch\\\/#\\\/schema\\\/person\\\/6f650f90b2842cd4c0cc334b4e36f67e\"},\"headline\":\"Matcha matcht in der H\u00f6hle der L\u00f6wen\",\"datePublished\":\"2025-09-03T07:15:27+00:00\",\"dateModified\":\"2025-10-01T06:39:37+00:00\",\"mainEntityOfPage\":{\"@id\":\"https:\\\/\\\/www.organisator.ch\\\/management\\\/2025-09-03\\\/matcha-matcht-in-der-hoehle-der-loewen\\\/\"},\"wordCount\":1398,\"publisher\":{\"@id\":\"https:\\\/\\\/www.organisator.ch\\\/#organization\"},\"image\":{\"@id\":\"https:\\\/\\\/www.organisator.ch\\\/management\\\/2025-09-03\\\/matcha-matcht-in-der-hoehle-der-loewen\\\/#primaryimage\"},\"thumbnailUrl\":\"https:\\\/\\\/www.organisator.ch\\\/wp-content\\\/uploads\\\/2025\\\/09\\\/Matcha-matcht-in-der-Hoehle-der-Loewen-1_Organisator.jpg\",\"keywords\":[\"Die H\u00f6hle der L\u00f6wen Schweiz\",\"Startups\",\"TV-Sendung\",\"Unternehmen\"],\"articleSection\":[\"MANAGEMENT\"],\"inLanguage\":\"de\"},{\"@type\":\"WebPage\",\"@id\":\"https:\\\/\\\/www.organisator.ch\\\/management\\\/2025-09-03\\\/matcha-matcht-in-der-hoehle-der-loewen\\\/\",\"url\":\"https:\\\/\\\/www.organisator.ch\\\/management\\\/2025-09-03\\\/matcha-matcht-in-der-hoehle-der-loewen\\\/\",\"name\":\"Matcha matcht in der H\u00f6hle der L\u00f6wen - Organisator\",\"isPartOf\":{\"@id\":\"https:\\\/\\\/www.organisator.ch\\\/#website\"},\"primaryImageOfPage\":{\"@id\":\"https:\\\/\\\/www.organisator.ch\\\/management\\\/2025-09-03\\\/matcha-matcht-in-der-hoehle-der-loewen\\\/#primaryimage\"},\"image\":{\"@id\":\"https:\\\/\\\/www.organisator.ch\\\/management\\\/2025-09-03\\\/matcha-matcht-in-der-hoehle-der-loewen\\\/#primaryimage\"},\"thumbnailUrl\":\"https:\\\/\\\/www.organisator.ch\\\/wp-content\\\/uploads\\\/2025\\\/09\\\/Matcha-matcht-in-der-Hoehle-der-Loewen-1_Organisator.jpg\",\"datePublished\":\"2025-09-03T07:15:27+00:00\",\"dateModified\":\"2025-10-01T06:39:37+00:00\",\"description\":\"F\u00fcnf Business Cases (darunter einer f\u00fcr Matcha), drei Deals: Das war die Sendung von \u00abDie H\u00f6hle der L\u00f6wen Schweiz\u00bb vom 2. September 2025.\",\"breadcrumb\":{\"@id\":\"https:\\\/\\\/www.organisator.ch\\\/management\\\/2025-09-03\\\/matcha-matcht-in-der-hoehle-der-loewen\\\/#breadcrumb\"},\"inLanguage\":\"de\",\"potentialAction\":[{\"@type\":\"ReadAction\",\"target\":[\"https:\\\/\\\/www.organisator.ch\\\/management\\\/2025-09-03\\\/matcha-matcht-in-der-hoehle-der-loewen\\\/\"]}]},{\"@type\":\"ImageObject\",\"inLanguage\":\"de\",\"@id\":\"https:\\\/\\\/www.organisator.ch\\\/management\\\/2025-09-03\\\/matcha-matcht-in-der-hoehle-der-loewen\\\/#primaryimage\",\"url\":\"https:\\\/\\\/www.organisator.ch\\\/wp-content\\\/uploads\\\/2025\\\/09\\\/Matcha-matcht-in-der-Hoehle-der-Loewen-1_Organisator.jpg\",\"contentUrl\":\"https:\\\/\\\/www.organisator.ch\\\/wp-content\\\/uploads\\\/2025\\\/09\\\/Matcha-matcht-in-der-Hoehle-der-Loewen-1_Organisator.jpg\"},{\"@type\":\"BreadcrumbList\",\"@id\":\"https:\\\/\\\/www.organisator.ch\\\/management\\\/2025-09-03\\\/matcha-matcht-in-der-hoehle-der-loewen\\\/#breadcrumb\",\"itemListElement\":[{\"@type\":\"ListItem\",\"position\":1,\"name\":\"Home\",\"item\":\"https:\\\/\\\/www.organisator.ch\\\/\"},{\"@type\":\"ListItem\",\"position\":2,\"name\":\"Matcha matcht in der H\u00f6hle der L\u00f6wen\"}]},{\"@type\":\"WebSite\",\"@id\":\"https:\\\/\\\/www.organisator.ch\\\/#website\",\"url\":\"https:\\\/\\\/www.organisator.ch\\\/\",\"name\":\"Organisator\",\"description\":\"Kompetent. Praxisnah. Der ORGANISATOR bereitet in 10 Ausgaben pro Jahr die wesentlichen Themen f\u00fcr F\u00fchrungskr\u00e4fte von KMU auf.\",\"publisher\":{\"@id\":\"https:\\\/\\\/www.organisator.ch\\\/#organization\"},\"potentialAction\":[{\"@type\":\"SearchAction\",\"target\":{\"@type\":\"EntryPoint\",\"urlTemplate\":\"https:\\\/\\\/www.organisator.ch\\\/?s={search_term_string}\"},\"query-input\":{\"@type\":\"PropertyValueSpecification\",\"valueRequired\":true,\"valueName\":\"search_term_string\"}}],\"inLanguage\":\"de\"},{\"@type\":\"Organization\",\"@id\":\"https:\\\/\\\/www.organisator.ch\\\/#organization\",\"name\":\"Organisator\",\"url\":\"https:\\\/\\\/www.organisator.ch\\\/\",\"logo\":{\"@type\":\"ImageObject\",\"inLanguage\":\"de\",\"@id\":\"https:\\\/\\\/www.organisator.ch\\\/#\\\/schema\\\/logo\\\/image\\\/\",\"url\":\"https:\\\/\\\/www.organisator.ch\\\/wp-content\\\/uploads\\\/2022\\\/01\\\/Logo_Organisator_Website.png\",\"contentUrl\":\"https:\\\/\\\/www.organisator.ch\\\/wp-content\\\/uploads\\\/2022\\\/01\\\/Logo_Organisator_Website.png\",\"width\":800,\"height\":77,\"caption\":\"Organisator\"},\"image\":{\"@id\":\"https:\\\/\\\/www.organisator.ch\\\/#\\\/schema\\\/logo\\\/image\\\/\"},\"sameAs\":[\"https:\\\/\\\/www.facebook.com\\\/OrganisatorFachmagazin\",\"https:\\\/\\\/www.linkedin.com\\\/showcase\\\/organisator-das-magazin-fr-kmu\",\"https:\\\/\\\/www.xing.com\\\/news\\\/pages\\\/organisator-ch-695\",\"https:\\\/\\\/www.youtube.com\\\/channel\\\/UCGP2Sq0iWaZwT3BdIAQFYpw\"]},{\"@type\":\"Person\",\"@id\":\"https:\\\/\\\/www.organisator.ch\\\/#\\\/schema\\\/person\\\/6f650f90b2842cd4c0cc334b4e36f67e\",\"name\":\"thomas.berner\",\"image\":{\"@type\":\"ImageObject\",\"inLanguage\":\"de\",\"@id\":\"https:\\\/\\\/secure.gravatar.com\\\/avatar\\\/ac5001d2a36cb6c6cd3e50789007ffca834b477b74a2144564522e944eabff61?s=96&d=mm&r=g\",\"url\":\"https:\\\/\\\/secure.gravatar.com\\\/avatar\\\/ac5001d2a36cb6c6cd3e50789007ffca834b477b74a2144564522e944eabff61?s=96&d=mm&r=g\",\"contentUrl\":\"https:\\\/\\\/secure.gravatar.com\\\/avatar\\\/ac5001d2a36cb6c6cd3e50789007ffca834b477b74a2144564522e944eabff61?s=96&d=mm&r=g\",\"caption\":\"thomas.berner\"},\"url\":\"https:\\\/\\\/www.organisator.ch\\\/de\\\/author\\\/thomas-berner\\\/\"}]}<\/script>\n<!-- \/ Yoast SEO plugin. -->","yoast_head_json":{"title":"Matcha matcht in der H\u00f6hle der L\u00f6wen - Organisator","description":"F\u00fcnf Business Cases (darunter einer f\u00fcr Matcha), drei Deals: Das war die Sendung von \u00abDie H\u00f6hle der L\u00f6wen Schweiz\u00bb vom 2. September 2025.","robots":{"index":"index","follow":"follow","max-snippet":"max-snippet:-1","max-image-preview":"max-image-preview:large","max-video-preview":"max-video-preview:-1"},"canonical":"https:\/\/www.organisator.ch\/de\/management\/2025-09-03\/matcha-matcht-in-der-hoehle-der-loewen\/","og_locale":"de_DE","og_type":"article","og_title":"Matcha matcht in der H\u00f6hle der L\u00f6wen","og_description":"F\u00fcnf Business Cases (darunter einer f\u00fcr Matcha), drei Deals: Das war die Sendung von \u00abDie H\u00f6hle der L\u00f6wen Schweiz\u00bb vom 2. September 2025.","og_url":"https:\/\/www.organisator.ch\/de\/management\/2025-09-03\/matcha-matcht-in-der-hoehle-der-loewen\/","og_site_name":"Organisator","article_publisher":"https:\/\/www.facebook.com\/OrganisatorFachmagazin","article_published_time":"2025-09-03T07:15:27+00:00","article_modified_time":"2025-10-01T06:39:37+00:00","og_image":[{"width":680,"height":451,"url":"https:\/\/www.organisator.ch\/wp-content\/uploads\/2025\/09\/Matcha-matcht-in-der-Hoehle-der-Loewen-1_Organisator.jpg","type":"image\/jpeg"}],"author":"thomas.berner","twitter_card":"summary_large_image","twitter_title":"#Matcha matcht in der H\u00f6hle der L\u00f6wen","twitter_description":"F\u00fcnf Business Cases (darunter einer f\u00fcr #Matcha), drei Deals: Das war die Sendung von \u00abDie #H\u00f6hle der #L\u00f6wen Schweiz\u00bb vom 2. September 2025.","twitter_image":"https:\/\/www.organisator.ch\/wp-content\/uploads\/2025\/09\/Matcha-matcht-in-der-Hoehle-der-Loewen-1_Organisator.jpg","schema":{"@context":"https:\/\/schema.org","@graph":[{"@type":"Article","@id":"https:\/\/www.organisator.ch\/management\/2025-09-03\/matcha-matcht-in-der-hoehle-der-loewen\/#article","isPartOf":{"@id":"https:\/\/www.organisator.ch\/management\/2025-09-03\/matcha-matcht-in-der-hoehle-der-loewen\/"},"author":{"name":"thomas.berner","@id":"https:\/\/www.organisator.ch\/#\/schema\/person\/6f650f90b2842cd4c0cc334b4e36f67e"},"headline":"Matcha matcht in der H\u00f6hle der L\u00f6wen","datePublished":"2025-09-03T07:15:27+00:00","dateModified":"2025-10-01T06:39:37+00:00","mainEntityOfPage":{"@id":"https:\/\/www.organisator.ch\/management\/2025-09-03\/matcha-matcht-in-der-hoehle-der-loewen\/"},"wordCount":1398,"publisher":{"@id":"https:\/\/www.organisator.ch\/#organization"},"image":{"@id":"https:\/\/www.organisator.ch\/management\/2025-09-03\/matcha-matcht-in-der-hoehle-der-loewen\/#primaryimage"},"thumbnailUrl":"https:\/\/www.organisator.ch\/wp-content\/uploads\/2025\/09\/Matcha-matcht-in-der-Hoehle-der-Loewen-1_Organisator.jpg","keywords":["Die H\u00f6hle der L\u00f6wen Schweiz","Startups","TV-Sendung","Unternehmen"],"articleSection":["MANAGEMENT"],"inLanguage":"de"},{"@type":"WebPage","@id":"https:\/\/www.organisator.ch\/management\/2025-09-03\/matcha-matcht-in-der-hoehle-der-loewen\/","url":"https:\/\/www.organisator.ch\/management\/2025-09-03\/matcha-matcht-in-der-hoehle-der-loewen\/","name":"Matcha matcht in der H\u00f6hle der L\u00f6wen - Organisator","isPartOf":{"@id":"https:\/\/www.organisator.ch\/#website"},"primaryImageOfPage":{"@id":"https:\/\/www.organisator.ch\/management\/2025-09-03\/matcha-matcht-in-der-hoehle-der-loewen\/#primaryimage"},"image":{"@id":"https:\/\/www.organisator.ch\/management\/2025-09-03\/matcha-matcht-in-der-hoehle-der-loewen\/#primaryimage"},"thumbnailUrl":"https:\/\/www.organisator.ch\/wp-content\/uploads\/2025\/09\/Matcha-matcht-in-der-Hoehle-der-Loewen-1_Organisator.jpg","datePublished":"2025-09-03T07:15:27+00:00","dateModified":"2025-10-01T06:39:37+00:00","description":"F\u00fcnf Business Cases (darunter einer f\u00fcr Matcha), drei Deals: Das war die Sendung von \u00abDie H\u00f6hle der L\u00f6wen Schweiz\u00bb vom 2. September 2025.","breadcrumb":{"@id":"https:\/\/www.organisator.ch\/management\/2025-09-03\/matcha-matcht-in-der-hoehle-der-loewen\/#breadcrumb"},"inLanguage":"de","potentialAction":[{"@type":"ReadAction","target":["https:\/\/www.organisator.ch\/management\/2025-09-03\/matcha-matcht-in-der-hoehle-der-loewen\/"]}]},{"@type":"ImageObject","inLanguage":"de","@id":"https:\/\/www.organisator.ch\/management\/2025-09-03\/matcha-matcht-in-der-hoehle-der-loewen\/#primaryimage","url":"https:\/\/www.organisator.ch\/wp-content\/uploads\/2025\/09\/Matcha-matcht-in-der-Hoehle-der-Loewen-1_Organisator.jpg","contentUrl":"https:\/\/www.organisator.ch\/wp-content\/uploads\/2025\/09\/Matcha-matcht-in-der-Hoehle-der-Loewen-1_Organisator.jpg"},{"@type":"BreadcrumbList","@id":"https:\/\/www.organisator.ch\/management\/2025-09-03\/matcha-matcht-in-der-hoehle-der-loewen\/#breadcrumb","itemListElement":[{"@type":"ListItem","position":1,"name":"Home","item":"https:\/\/www.organisator.ch\/"},{"@type":"ListItem","position":2,"name":"Matcha matcht in der H\u00f6hle der L\u00f6wen"}]},{"@type":"WebSite","@id":"https:\/\/www.organisator.ch\/#website","url":"https:\/\/www.organisator.ch\/","name":"Organisator","description":"Kompetent. Praxisnah. Der ORGANISATOR bereitet in 10 Ausgaben pro Jahr die wesentlichen Themen f\u00fcr F\u00fchrungskr\u00e4fte von KMU auf.","publisher":{"@id":"https:\/\/www.organisator.ch\/#organization"},"potentialAction":[{"@type":"SearchAction","target":{"@type":"EntryPoint","urlTemplate":"https:\/\/www.organisator.ch\/?s={search_term_string}"},"query-input":{"@type":"PropertyValueSpecification","valueRequired":true,"valueName":"search_term_string"}}],"inLanguage":"de"},{"@type":"Organization","@id":"https:\/\/www.organisator.ch\/#organization","name":"Organisator","url":"https:\/\/www.organisator.ch\/","logo":{"@type":"ImageObject","inLanguage":"de","@id":"https:\/\/www.organisator.ch\/#\/schema\/logo\/image\/","url":"https:\/\/www.organisator.ch\/wp-content\/uploads\/2022\/01\/Logo_Organisator_Website.png","contentUrl":"https:\/\/www.organisator.ch\/wp-content\/uploads\/2022\/01\/Logo_Organisator_Website.png","width":800,"height":77,"caption":"Organisator"},"image":{"@id":"https:\/\/www.organisator.ch\/#\/schema\/logo\/image\/"},"sameAs":["https:\/\/www.facebook.com\/OrganisatorFachmagazin","https:\/\/www.linkedin.com\/showcase\/organisator-das-magazin-fr-kmu","https:\/\/www.xing.com\/news\/pages\/organisator-ch-695","https:\/\/www.youtube.com\/channel\/UCGP2Sq0iWaZwT3BdIAQFYpw"]},{"@type":"Person","@id":"https:\/\/www.organisator.ch\/#\/schema\/person\/6f650f90b2842cd4c0cc334b4e36f67e","name":"thomas.berner","image":{"@type":"ImageObject","inLanguage":"de","@id":"https:\/\/secure.gravatar.com\/avatar\/ac5001d2a36cb6c6cd3e50789007ffca834b477b74a2144564522e944eabff61?s=96&d=mm&r=g","url":"https:\/\/secure.gravatar.com\/avatar\/ac5001d2a36cb6c6cd3e50789007ffca834b477b74a2144564522e944eabff61?s=96&d=mm&r=g","contentUrl":"https:\/\/secure.gravatar.com\/avatar\/ac5001d2a36cb6c6cd3e50789007ffca834b477b74a2144564522e944eabff61?s=96&d=mm&r=g","caption":"thomas.berner"},"url":"https:\/\/www.organisator.ch\/de\/author\/thomas-berner\/"}]}},"_links":{"self":[{"href":"https:\/\/www.organisator.ch\/de\/wp-json\/wp\/v2\/posts\/40306","targetHints":{"allow":["GET"]}}],"collection":[{"href":"https:\/\/www.organisator.ch\/de\/wp-json\/wp\/v2\/posts"}],"about":[{"href":"https:\/\/www.organisator.ch\/de\/wp-json\/wp\/v2\/types\/post"}],"author":[{"embeddable":true,"href":"https:\/\/www.organisator.ch\/de\/wp-json\/wp\/v2\/users\/4"}],"replies":[{"embeddable":true,"href":"https:\/\/www.organisator.ch\/de\/wp-json\/wp\/v2\/comments?post=40306"}],"version-history":[{"count":5,"href":"https:\/\/www.organisator.ch\/de\/wp-json\/wp\/v2\/posts\/40306\/revisions"}],"predecessor-version":[{"id":40312,"href":"https:\/\/www.organisator.ch\/de\/wp-json\/wp\/v2\/posts\/40306\/revisions\/40312"}],"wp:attachment":[{"href":"https:\/\/www.organisator.ch\/de\/wp-json\/wp\/v2\/media?parent=40306"}],"wp:term":[{"taxonomy":"category","embeddable":true,"href":"https:\/\/www.organisator.ch\/de\/wp-json\/wp\/v2\/categories?post=40306"},{"taxonomy":"post_tag","embeddable":true,"href":"https:\/\/www.organisator.ch\/de\/wp-json\/wp\/v2\/tags?post=40306"}],"curies":[{"name":"wp","href":"https:\/\/api.w.org\/{rel}","templated":true}]}}