{"id":40346,"date":"2025-09-04T07:43:02","date_gmt":"2025-09-04T05:43:02","guid":{"rendered":"https:\/\/www.organisator.ch\/?p=40346"},"modified":"2025-09-04T07:43:02","modified_gmt":"2025-09-04T05:43:02","slug":"sustainable-switzerland-forum-zeichnet-sustainable-shapers-aus","status":"publish","type":"post","link":"https:\/\/www.organisator.ch\/de\/sustainability\/2025-09-04\/sustainable-switzerland-forum-zeichnet-sustainable-shapers-aus\/","title":{"rendered":"Sustainable Switzerland Forum zeichnet &#8222;Sustainable Shapers&#8220; aus"},"content":{"rendered":"<figure id=\"attachment_40347\" aria-describedby=\"caption-attachment-40347\" style=\"width: 680px\" class=\"wp-caption alignnone\"><img loading=\"lazy\" decoding=\"async\" class=\"size-full wp-image-40347\" src=\"https:\/\/www.organisator.ch\/wp-content\/uploads\/2025\/09\/Sustainable-Switzerland-Forum-zeichnet-Sustainable-Shapers-aus_Organisator.jpg\" alt=\"\" width=\"680\" height=\"453\" srcset=\"https:\/\/www.organisator.ch\/wp-content\/uploads\/2025\/09\/Sustainable-Switzerland-Forum-zeichnet-Sustainable-Shapers-aus_Organisator.jpg 680w, https:\/\/www.organisator.ch\/wp-content\/uploads\/2025\/09\/Sustainable-Switzerland-Forum-zeichnet-Sustainable-Shapers-aus_Organisator-18x12.jpg 18w, https:\/\/www.organisator.ch\/wp-content\/uploads\/2025\/09\/Sustainable-Switzerland-Forum-zeichnet-Sustainable-Shapers-aus_Organisator-375x250.jpg 375w, https:\/\/www.organisator.ch\/wp-content\/uploads\/2025\/09\/Sustainable-Switzerland-Forum-zeichnet-Sustainable-Shapers-aus_Organisator-525x350.jpg 525w\" sizes=\"auto, (max-width: 680px) 100vw, 680px\" \/><figcaption id=\"caption-attachment-40347\" class=\"wp-caption-text\">15 Pers\u00f6nlichkeiten wurden als &#8222;Sustainable Shapers&#8220; ausgezeichnet. (Bild: Sustainable Switzerland \/ NZZ Connect)<\/figcaption><\/figure>\n<p>Am Sustainable Switzerland Forum wurden erstmals die \u00abSustainable Shapers\u00bb ausgezeichnet \u2013 Pers\u00f6nlichkeiten, die mit ihrem unternehmerischen, wissenschaftlichen oder gesellschaftlichen Wirken konkrete Ver\u00e4nderungen anstossen und die nachhaltige Entwicklung in und aus der Schweiz vorantreiben.<\/p>\n<p>Aus \u00fcber 240 Nominierungen w\u00e4hlte die Jury 15 Gewinnerinnen und Gewinner in drei Kategorien:<\/p>\n<p><strong>Leadership &amp; Transformation:<\/strong><\/p>\n<ul>\n<li>Albin K\u00e4lin, Gr\u00fcnder und CEO von epeaswitzerland gmbh<\/li>\n<li>Christian Zeyer, Co-CEO swisscleantech<\/li>\n<li>Hans-Dietrich Reckhaus, Gr\u00fcnder und CEO von INSECT-RESPECT<\/li>\n<li>Julia Carpenter, Mitgr\u00fcnderin und CEO von apheros<\/li>\n<li>Oliver Brunschwiler, Verwaltungsrat und Investor<\/li>\n<\/ul>\n<p><strong>Knowledge &amp; Opinion:<\/strong><\/p>\n<ul>\n<li>Mathis Wackernagel, Mitbegr\u00fcnder Global Footprint Network<\/li>\n<li>Nathalie Agosti, Gr\u00fcnderin und Managing Director von Outlive Advisory<\/li>\n<li>Simone N\u00e4geli, Mitgr\u00fcnderin und Co-Gesch\u00e4ftsleiterin Acker Schweiz<\/li>\n<li>Ursula Biemann, K\u00fcnstlerin<\/li>\n<li>Walter Stahel, Gr\u00fcnder Product Life Institute<\/li>\n<\/ul>\n<p><strong>Vision &amp; Innovation:<\/strong><\/p>\n<ul>\n<li>Aur\u00e9lien Demaurex, CFO und Mitbegr\u00fcnder von Ecorobotix<\/li>\n<li>Nicolas Rochat, Gr\u00fcnder und CEO von Mover Plastic Free Sportswear<\/li>\n<li>Philipp Furler, Mitgr\u00fcnder und CEO von Synhelion<\/li>\n<li>Pirmin Jung, Gr\u00fcnder und CEO der PIRMIN JUNG Schweiz AG<\/li>\n<li>Vincent Vida, Gr\u00fcnder und CEO von Upgrain<\/li>\n<\/ul>\n<h3>Prominente Gastredner an exklusivem Dinner<\/h3>\n<p>Bereits am Vorabend trafen sich rund 100 CEOs f\u00fchrender Schweizer Unternehmen zu einem exklusiven Dinner. Gastredner waren Jos\u00e9 Mar\u00eda Figueres (ehemaliger Pr\u00e4sident von Costa Rica), Sandrine Dixson-Decl\u00e8ve (Vorstandsvorsitzende Earth4All &amp; Ehrenpr\u00e4sidentin des Club of Rome) und Daniel Bischofberger (CEO von Accelleron Switzerland). Die Abendveranstaltung bot eine hochkar\u00e4tige Plattform f\u00fcr Austausch und Inspiration auf C-Level.<\/p>\n<h3>Kreislaufwirtschaft und mehr<\/h3>\n<p>Am Konferenztag gestalteten rund 40 nationale und internationale Referentinnen und Referenten das Programm:<\/p>\n<ul>\n<li><strong>Kreislaufwirtschaft:<\/strong> Antonia Stalder (Gesch\u00e4ftsleiterin von Prozirkula), Kristjan Jozipovic (CEO &amp; Co-Founder von Lumvin), Nina Schaller (Co-CEO &amp; Co-Founder von Luya Foods) sowie J\u00f6rg Lederbauer (Vizepr\u00e4sident Kreislaufwirtschaft BMW Group) pr\u00e4sentierten praxisnahe Ans\u00e4tze f\u00fcr geschlossene Materialkreisl\u00e4ufe. Jozipovic erkl\u00e4rte: \u00abAustauschen statt ersetzen \u2013 solange die Qualit\u00e4t stimmt, sind alle zufrieden.\u00bb\u00a0 Schaller zeigte, wie Nebenprodukte der Lebensmittelindustrie dank Fermentation verwertet werden k\u00f6nnen: \u00abSo entsteht ein Win-Win-Win, weil Nebenprodukte nicht mehr weggeworfen, sondern wirtschaftlich genutzt werden.\u00bb Lederbauer hob die Bedeutung von Kooperation hervor: \u00abNiemand kann eine Industrie oder eine Welt allein transformieren. Wir brauchen ein starkes Netzwerk, um Innovationen zu treiben.\u00bb<\/li>\n<li><strong>Lieferketten:<\/strong> Botschafterin Andrea Rauber Saxer (Leiterin Bilaterale Wirtschaftsbeziehungen, SECO) stellte klar: \u00abNachhaltigkeit ist kein Luxus, keine Modeerscheinung.\u00bb Stefan Brupbacher (Direktor von Swissmem) warnte vor geopolitischen Risiken: \u00abWenn die Zolldifferenzen in der EU bis Ende Jahr bestehen bleiben, ist das US-Gesch\u00e4ft faktisch gestorben \u2013 wir m\u00fcssen aufwachen.\u00bb Christoph Birchler (CEO Maestrani) brachte die Sicht der KMUs ein: \u00abWir KMUs stecken in der Lieferkette der Grossen. Um fit f\u00fcr die Zukunft zu bleiben, brauchen wir eine kritische Masse \u2013 und L\u00f6sungen, die auch wirtschaftlich effizient sind.\u00bb<\/li>\n<li><strong>KI und Energie-Management:<\/strong> Adam Elman (Sustainability Director bei Google), Sebnem Erzan (Head of Travel Sustainability &amp; Transport, Global Partnerships bei Google) und Max Vogler (Senior Software Engineer bei Google) pr\u00e4sentierten mit dem Projekt Contrails, wie KI Emissionen senken kann. \u00abK\u00fcnstliche Intelligenz bietet eine riesige M\u00f6glichkeit und steigert unsere Effizienz \u2013 das ist gut f\u00fcr den Planeten, aber auch gut f\u00fcrs Gesch\u00e4ft\u00bb, so Elman. Wichtig sei zudem, \u00abdie gute Energie, die wir schon haben, bestm\u00f6glich zu nutzen.\u00bb Zus\u00e4tzliche Brisanz brachte die kontroverse Munk-Debatte zum Stromabkommen Schweiz\u2013EU.<\/li>\n<\/ul>\n<p>Auf der Hauptb\u00fchne setzten Jos\u00e9 Mar\u00eda Figueres, Sandrine Dixson-Decl\u00e8ve, Jim Hagemann Snabe (Vorsitzender des Aufsichtsrats bei Siemens) sowie Mathis Wackernagel (Erfinder \u00abFootprint\u00bb) starke Akzente zu verantwortungsvoller F\u00fchrung, systemischem Wandel und internationaler Kooperation.<\/p>\n<p><em>Quelle und weitere Informationen: <a href=\"https:\/\/www.sustainableswitzerland.ch\/\">www.sustainableswitzerland.ch<\/a><\/em><\/p>\n","protected":false},"excerpt":{"rendered":"<p>Am 2. September 2025 versammelten sich \u00fcber 500 Entscheidungstr\u00e4gerinnen und -tr\u00e4ger aus Wirtschaft, Wissenschaft und Politik in der neuen Festhalle der Bernexpo zur vierten Ausgabe des Sustainable Switzerland Forum. Thematisch im Fokus standen Kreislaufwirtschaft, Lieferketten sowie KI und Energie-Management. <\/p>\n","protected":false},"author":4,"featured_media":40347,"comment_status":"closed","ping_status":"closed","sticky":false,"template":"","format":"standard","meta":{"_acf_changed":false,"_yoast_wpseo_focuskw":"Sustainable Switzerland","_yoast_wpseo_metadesc":"Am 2. September 2025 versammelten sich \u00fcber 500 Entscheidungstr\u00e4gerinnen und -tr\u00e4ger zur vierten Ausgabe des Sustainable Switzerland Forum.","articlekey":"","footnotes":""},"categories":[580],"tags":[193,358,4114],"class_list":["post-40346","post","type-post","status-publish","format-standard","has-post-thumbnail","hentry","category-sustainability","tag-fachkongressfachmesse","tag-nachhaltige-wirtschaft","tag-sustainable-switzerland"],"acf":[],"yoast_head":"<!-- This site is optimized with the Yoast SEO plugin v27.5 - https:\/\/yoast.com\/product\/yoast-seo-wordpress\/ -->\n<title>Sustainable Switzerland Forum zeichnet &quot;Sustainable Shapers&quot; aus - Organisator<\/title>\n<meta name=\"description\" content=\"Am 2. September 2025 versammelten sich \u00fcber 500 Entscheidungstr\u00e4gerinnen und -tr\u00e4ger zur vierten Ausgabe des Sustainable Switzerland Forum.\" \/>\n<meta name=\"robots\" content=\"index, follow, max-snippet:-1, max-image-preview:large, max-video-preview:-1\" \/>\n<link rel=\"canonical\" href=\"https:\/\/www.organisator.ch\/de\/sustainability\/2025-09-04\/sustainable-switzerland-forum-zeichnet-sustainable-shapers-aus\/\" \/>\n<meta property=\"og:locale\" content=\"de_DE\" \/>\n<meta property=\"og:type\" content=\"article\" \/>\n<meta property=\"og:title\" content=\"Sustainable Switzerland Forum zeichnet &quot;Sustainable Shapers&quot; aus\" \/>\n<meta property=\"og:description\" content=\"Am 2. September 2025 versammelten sich \u00fcber 500 Entscheidungstr\u00e4gerinnen und -tr\u00e4ger zur vierten Ausgabe des Sustainable Switzerland Forum.\" \/>\n<meta property=\"og:url\" content=\"https:\/\/www.organisator.ch\/de\/sustainability\/2025-09-04\/sustainable-switzerland-forum-zeichnet-sustainable-shapers-aus\/\" \/>\n<meta property=\"og:site_name\" content=\"Organisator\" \/>\n<meta property=\"article:publisher\" content=\"https:\/\/www.facebook.com\/OrganisatorFachmagazin\" \/>\n<meta property=\"article:published_time\" content=\"2025-09-04T05:43:02+00:00\" \/>\n<meta property=\"og:image\" content=\"https:\/\/www.organisator.ch\/wp-content\/uploads\/2025\/09\/Sustainable-Switzerland-Forum-zeichnet-Sustainable-Shapers-aus_Organisator.jpg\" \/>\n\t<meta property=\"og:image:width\" content=\"680\" \/>\n\t<meta property=\"og:image:height\" content=\"453\" \/>\n\t<meta property=\"og:image:type\" content=\"image\/jpeg\" \/>\n<meta name=\"author\" content=\"thomas.berner\" \/>\n<meta name=\"twitter:card\" content=\"summary_large_image\" \/>\n<meta name=\"twitter:title\" content=\"Sustainable #Switzerland Forum zeichnet &quot;Sustainable Shapers&quot; aus\" \/>\n<meta name=\"twitter:description\" content=\"Am 2. September 2025 versammelten sich \u00fcber 500 Entscheidungstr\u00e4gerinnen und -tr\u00e4ger zur vierten Ausgabe des #Sustainable Switzerland Forum.\" \/>\n<meta name=\"twitter:image\" content=\"https:\/\/www.organisator.ch\/wp-content\/uploads\/2025\/09\/Sustainable-Switzerland-Forum-zeichnet-Sustainable-Shapers-aus_Organisator.jpg\" \/>\n<script type=\"application\/ld+json\" class=\"yoast-schema-graph\">{\"@context\":\"https:\\\/\\\/schema.org\",\"@graph\":[{\"@type\":\"Article\",\"@id\":\"https:\\\/\\\/www.organisator.ch\\\/sustainability\\\/2025-09-04\\\/sustainable-switzerland-forum-zeichnet-sustainable-shapers-aus\\\/#article\",\"isPartOf\":{\"@id\":\"https:\\\/\\\/www.organisator.ch\\\/sustainability\\\/2025-09-04\\\/sustainable-switzerland-forum-zeichnet-sustainable-shapers-aus\\\/\"},\"author\":{\"name\":\"thomas.berner\",\"@id\":\"https:\\\/\\\/www.organisator.ch\\\/#\\\/schema\\\/person\\\/6f650f90b2842cd4c0cc334b4e36f67e\"},\"headline\":\"Sustainable Switzerland Forum zeichnet &#8222;Sustainable Shapers&#8220; aus\",\"datePublished\":\"2025-09-04T05:43:02+00:00\",\"mainEntityOfPage\":{\"@id\":\"https:\\\/\\\/www.organisator.ch\\\/sustainability\\\/2025-09-04\\\/sustainable-switzerland-forum-zeichnet-sustainable-shapers-aus\\\/\"},\"wordCount\":610,\"publisher\":{\"@id\":\"https:\\\/\\\/www.organisator.ch\\\/#organization\"},\"image\":{\"@id\":\"https:\\\/\\\/www.organisator.ch\\\/sustainability\\\/2025-09-04\\\/sustainable-switzerland-forum-zeichnet-sustainable-shapers-aus\\\/#primaryimage\"},\"thumbnailUrl\":\"https:\\\/\\\/www.organisator.ch\\\/wp-content\\\/uploads\\\/2025\\\/09\\\/Sustainable-Switzerland-Forum-zeichnet-Sustainable-Shapers-aus_Organisator.jpg\",\"keywords\":[\"Fachkongress\\\/Fachmesse\",\"Nachhaltige Wirtschaft\",\"Sustainable Switzerland\"],\"articleSection\":[\"SUSTAINABILITY\"],\"inLanguage\":\"de\"},{\"@type\":\"WebPage\",\"@id\":\"https:\\\/\\\/www.organisator.ch\\\/sustainability\\\/2025-09-04\\\/sustainable-switzerland-forum-zeichnet-sustainable-shapers-aus\\\/\",\"url\":\"https:\\\/\\\/www.organisator.ch\\\/sustainability\\\/2025-09-04\\\/sustainable-switzerland-forum-zeichnet-sustainable-shapers-aus\\\/\",\"name\":\"Sustainable Switzerland Forum zeichnet \\\"Sustainable Shapers\\\" aus - Organisator\",\"isPartOf\":{\"@id\":\"https:\\\/\\\/www.organisator.ch\\\/#website\"},\"primaryImageOfPage\":{\"@id\":\"https:\\\/\\\/www.organisator.ch\\\/sustainability\\\/2025-09-04\\\/sustainable-switzerland-forum-zeichnet-sustainable-shapers-aus\\\/#primaryimage\"},\"image\":{\"@id\":\"https:\\\/\\\/www.organisator.ch\\\/sustainability\\\/2025-09-04\\\/sustainable-switzerland-forum-zeichnet-sustainable-shapers-aus\\\/#primaryimage\"},\"thumbnailUrl\":\"https:\\\/\\\/www.organisator.ch\\\/wp-content\\\/uploads\\\/2025\\\/09\\\/Sustainable-Switzerland-Forum-zeichnet-Sustainable-Shapers-aus_Organisator.jpg\",\"datePublished\":\"2025-09-04T05:43:02+00:00\",\"description\":\"Am 2. September 2025 versammelten sich \u00fcber 500 Entscheidungstr\u00e4gerinnen und -tr\u00e4ger zur vierten Ausgabe des Sustainable Switzerland Forum.\",\"breadcrumb\":{\"@id\":\"https:\\\/\\\/www.organisator.ch\\\/sustainability\\\/2025-09-04\\\/sustainable-switzerland-forum-zeichnet-sustainable-shapers-aus\\\/#breadcrumb\"},\"inLanguage\":\"de\",\"potentialAction\":[{\"@type\":\"ReadAction\",\"target\":[\"https:\\\/\\\/www.organisator.ch\\\/sustainability\\\/2025-09-04\\\/sustainable-switzerland-forum-zeichnet-sustainable-shapers-aus\\\/\"]}]},{\"@type\":\"ImageObject\",\"inLanguage\":\"de\",\"@id\":\"https:\\\/\\\/www.organisator.ch\\\/sustainability\\\/2025-09-04\\\/sustainable-switzerland-forum-zeichnet-sustainable-shapers-aus\\\/#primaryimage\",\"url\":\"https:\\\/\\\/www.organisator.ch\\\/wp-content\\\/uploads\\\/2025\\\/09\\\/Sustainable-Switzerland-Forum-zeichnet-Sustainable-Shapers-aus_Organisator.jpg\",\"contentUrl\":\"https:\\\/\\\/www.organisator.ch\\\/wp-content\\\/uploads\\\/2025\\\/09\\\/Sustainable-Switzerland-Forum-zeichnet-Sustainable-Shapers-aus_Organisator.jpg\",\"width\":680,\"height\":453,\"caption\":\"15 Pers\u00f6nlichkeiten wurden als \\\"Sustainable Shapers\\\" ausgezeichnet. (Bild: Sustainable Switzerland \\\/ NZZ Connect)\"},{\"@type\":\"BreadcrumbList\",\"@id\":\"https:\\\/\\\/www.organisator.ch\\\/sustainability\\\/2025-09-04\\\/sustainable-switzerland-forum-zeichnet-sustainable-shapers-aus\\\/#breadcrumb\",\"itemListElement\":[{\"@type\":\"ListItem\",\"position\":1,\"name\":\"Home\",\"item\":\"https:\\\/\\\/www.organisator.ch\\\/\"},{\"@type\":\"ListItem\",\"position\":2,\"name\":\"Sustainable Switzerland Forum zeichnet &#8222;Sustainable Shapers&#8220; aus\"}]},{\"@type\":\"WebSite\",\"@id\":\"https:\\\/\\\/www.organisator.ch\\\/#website\",\"url\":\"https:\\\/\\\/www.organisator.ch\\\/\",\"name\":\"Organisator\",\"description\":\"Kompetent. Praxisnah. Der ORGANISATOR bereitet in 10 Ausgaben pro Jahr die wesentlichen Themen f\u00fcr F\u00fchrungskr\u00e4fte von KMU auf.\",\"publisher\":{\"@id\":\"https:\\\/\\\/www.organisator.ch\\\/#organization\"},\"potentialAction\":[{\"@type\":\"SearchAction\",\"target\":{\"@type\":\"EntryPoint\",\"urlTemplate\":\"https:\\\/\\\/www.organisator.ch\\\/?s={search_term_string}\"},\"query-input\":{\"@type\":\"PropertyValueSpecification\",\"valueRequired\":true,\"valueName\":\"search_term_string\"}}],\"inLanguage\":\"de\"},{\"@type\":\"Organization\",\"@id\":\"https:\\\/\\\/www.organisator.ch\\\/#organization\",\"name\":\"Organisator\",\"url\":\"https:\\\/\\\/www.organisator.ch\\\/\",\"logo\":{\"@type\":\"ImageObject\",\"inLanguage\":\"de\",\"@id\":\"https:\\\/\\\/www.organisator.ch\\\/#\\\/schema\\\/logo\\\/image\\\/\",\"url\":\"https:\\\/\\\/www.organisator.ch\\\/wp-content\\\/uploads\\\/2022\\\/01\\\/Logo_Organisator_Website.png\",\"contentUrl\":\"https:\\\/\\\/www.organisator.ch\\\/wp-content\\\/uploads\\\/2022\\\/01\\\/Logo_Organisator_Website.png\",\"width\":800,\"height\":77,\"caption\":\"Organisator\"},\"image\":{\"@id\":\"https:\\\/\\\/www.organisator.ch\\\/#\\\/schema\\\/logo\\\/image\\\/\"},\"sameAs\":[\"https:\\\/\\\/www.facebook.com\\\/OrganisatorFachmagazin\",\"https:\\\/\\\/www.linkedin.com\\\/showcase\\\/organisator-das-magazin-fr-kmu\",\"https:\\\/\\\/www.xing.com\\\/news\\\/pages\\\/organisator-ch-695\",\"https:\\\/\\\/www.youtube.com\\\/channel\\\/UCGP2Sq0iWaZwT3BdIAQFYpw\"]},{\"@type\":\"Person\",\"@id\":\"https:\\\/\\\/www.organisator.ch\\\/#\\\/schema\\\/person\\\/6f650f90b2842cd4c0cc334b4e36f67e\",\"name\":\"thomas.berner\",\"image\":{\"@type\":\"ImageObject\",\"inLanguage\":\"de\",\"@id\":\"https:\\\/\\\/secure.gravatar.com\\\/avatar\\\/ac5001d2a36cb6c6cd3e50789007ffca834b477b74a2144564522e944eabff61?s=96&d=mm&r=g\",\"url\":\"https:\\\/\\\/secure.gravatar.com\\\/avatar\\\/ac5001d2a36cb6c6cd3e50789007ffca834b477b74a2144564522e944eabff61?s=96&d=mm&r=g\",\"contentUrl\":\"https:\\\/\\\/secure.gravatar.com\\\/avatar\\\/ac5001d2a36cb6c6cd3e50789007ffca834b477b74a2144564522e944eabff61?s=96&d=mm&r=g\",\"caption\":\"thomas.berner\"},\"url\":\"https:\\\/\\\/www.organisator.ch\\\/de\\\/author\\\/thomas-berner\\\/\"}]}<\/script>\n<!-- \/ Yoast SEO plugin. -->","yoast_head_json":{"title":"Sustainable Switzerland Forum zeichnet \"Sustainable Shapers\" aus - Organisator","description":"Am 2. September 2025 versammelten sich \u00fcber 500 Entscheidungstr\u00e4gerinnen und -tr\u00e4ger zur vierten Ausgabe des Sustainable Switzerland Forum.","robots":{"index":"index","follow":"follow","max-snippet":"max-snippet:-1","max-image-preview":"max-image-preview:large","max-video-preview":"max-video-preview:-1"},"canonical":"https:\/\/www.organisator.ch\/de\/sustainability\/2025-09-04\/sustainable-switzerland-forum-zeichnet-sustainable-shapers-aus\/","og_locale":"de_DE","og_type":"article","og_title":"Sustainable Switzerland Forum zeichnet \"Sustainable Shapers\" aus","og_description":"Am 2. September 2025 versammelten sich \u00fcber 500 Entscheidungstr\u00e4gerinnen und -tr\u00e4ger zur vierten Ausgabe des Sustainable Switzerland Forum.","og_url":"https:\/\/www.organisator.ch\/de\/sustainability\/2025-09-04\/sustainable-switzerland-forum-zeichnet-sustainable-shapers-aus\/","og_site_name":"Organisator","article_publisher":"https:\/\/www.facebook.com\/OrganisatorFachmagazin","article_published_time":"2025-09-04T05:43:02+00:00","og_image":[{"width":680,"height":453,"url":"https:\/\/www.organisator.ch\/wp-content\/uploads\/2025\/09\/Sustainable-Switzerland-Forum-zeichnet-Sustainable-Shapers-aus_Organisator.jpg","type":"image\/jpeg"}],"author":"thomas.berner","twitter_card":"summary_large_image","twitter_title":"Sustainable #Switzerland Forum zeichnet \"Sustainable Shapers\" aus","twitter_description":"Am 2. September 2025 versammelten sich \u00fcber 500 Entscheidungstr\u00e4gerinnen und -tr\u00e4ger zur vierten Ausgabe des #Sustainable Switzerland Forum.","twitter_image":"https:\/\/www.organisator.ch\/wp-content\/uploads\/2025\/09\/Sustainable-Switzerland-Forum-zeichnet-Sustainable-Shapers-aus_Organisator.jpg","schema":{"@context":"https:\/\/schema.org","@graph":[{"@type":"Article","@id":"https:\/\/www.organisator.ch\/sustainability\/2025-09-04\/sustainable-switzerland-forum-zeichnet-sustainable-shapers-aus\/#article","isPartOf":{"@id":"https:\/\/www.organisator.ch\/sustainability\/2025-09-04\/sustainable-switzerland-forum-zeichnet-sustainable-shapers-aus\/"},"author":{"name":"thomas.berner","@id":"https:\/\/www.organisator.ch\/#\/schema\/person\/6f650f90b2842cd4c0cc334b4e36f67e"},"headline":"Sustainable Switzerland Forum zeichnet &#8222;Sustainable Shapers&#8220; aus","datePublished":"2025-09-04T05:43:02+00:00","mainEntityOfPage":{"@id":"https:\/\/www.organisator.ch\/sustainability\/2025-09-04\/sustainable-switzerland-forum-zeichnet-sustainable-shapers-aus\/"},"wordCount":610,"publisher":{"@id":"https:\/\/www.organisator.ch\/#organization"},"image":{"@id":"https:\/\/www.organisator.ch\/sustainability\/2025-09-04\/sustainable-switzerland-forum-zeichnet-sustainable-shapers-aus\/#primaryimage"},"thumbnailUrl":"https:\/\/www.organisator.ch\/wp-content\/uploads\/2025\/09\/Sustainable-Switzerland-Forum-zeichnet-Sustainable-Shapers-aus_Organisator.jpg","keywords":["Fachkongress\/Fachmesse","Nachhaltige Wirtschaft","Sustainable Switzerland"],"articleSection":["SUSTAINABILITY"],"inLanguage":"de"},{"@type":"WebPage","@id":"https:\/\/www.organisator.ch\/sustainability\/2025-09-04\/sustainable-switzerland-forum-zeichnet-sustainable-shapers-aus\/","url":"https:\/\/www.organisator.ch\/sustainability\/2025-09-04\/sustainable-switzerland-forum-zeichnet-sustainable-shapers-aus\/","name":"Sustainable Switzerland Forum zeichnet \"Sustainable Shapers\" aus - Organisator","isPartOf":{"@id":"https:\/\/www.organisator.ch\/#website"},"primaryImageOfPage":{"@id":"https:\/\/www.organisator.ch\/sustainability\/2025-09-04\/sustainable-switzerland-forum-zeichnet-sustainable-shapers-aus\/#primaryimage"},"image":{"@id":"https:\/\/www.organisator.ch\/sustainability\/2025-09-04\/sustainable-switzerland-forum-zeichnet-sustainable-shapers-aus\/#primaryimage"},"thumbnailUrl":"https:\/\/www.organisator.ch\/wp-content\/uploads\/2025\/09\/Sustainable-Switzerland-Forum-zeichnet-Sustainable-Shapers-aus_Organisator.jpg","datePublished":"2025-09-04T05:43:02+00:00","description":"Am 2. September 2025 versammelten sich \u00fcber 500 Entscheidungstr\u00e4gerinnen und -tr\u00e4ger zur vierten Ausgabe des Sustainable Switzerland Forum.","breadcrumb":{"@id":"https:\/\/www.organisator.ch\/sustainability\/2025-09-04\/sustainable-switzerland-forum-zeichnet-sustainable-shapers-aus\/#breadcrumb"},"inLanguage":"de","potentialAction":[{"@type":"ReadAction","target":["https:\/\/www.organisator.ch\/sustainability\/2025-09-04\/sustainable-switzerland-forum-zeichnet-sustainable-shapers-aus\/"]}]},{"@type":"ImageObject","inLanguage":"de","@id":"https:\/\/www.organisator.ch\/sustainability\/2025-09-04\/sustainable-switzerland-forum-zeichnet-sustainable-shapers-aus\/#primaryimage","url":"https:\/\/www.organisator.ch\/wp-content\/uploads\/2025\/09\/Sustainable-Switzerland-Forum-zeichnet-Sustainable-Shapers-aus_Organisator.jpg","contentUrl":"https:\/\/www.organisator.ch\/wp-content\/uploads\/2025\/09\/Sustainable-Switzerland-Forum-zeichnet-Sustainable-Shapers-aus_Organisator.jpg","width":680,"height":453,"caption":"15 Pers\u00f6nlichkeiten wurden als \"Sustainable Shapers\" ausgezeichnet. (Bild: Sustainable Switzerland \/ NZZ Connect)"},{"@type":"BreadcrumbList","@id":"https:\/\/www.organisator.ch\/sustainability\/2025-09-04\/sustainable-switzerland-forum-zeichnet-sustainable-shapers-aus\/#breadcrumb","itemListElement":[{"@type":"ListItem","position":1,"name":"Home","item":"https:\/\/www.organisator.ch\/"},{"@type":"ListItem","position":2,"name":"Sustainable Switzerland Forum zeichnet &#8222;Sustainable Shapers&#8220; aus"}]},{"@type":"WebSite","@id":"https:\/\/www.organisator.ch\/#website","url":"https:\/\/www.organisator.ch\/","name":"Organisator","description":"Kompetent. Praxisnah. Der ORGANISATOR bereitet in 10 Ausgaben pro Jahr die wesentlichen Themen f\u00fcr F\u00fchrungskr\u00e4fte von KMU auf.","publisher":{"@id":"https:\/\/www.organisator.ch\/#organization"},"potentialAction":[{"@type":"SearchAction","target":{"@type":"EntryPoint","urlTemplate":"https:\/\/www.organisator.ch\/?s={search_term_string}"},"query-input":{"@type":"PropertyValueSpecification","valueRequired":true,"valueName":"search_term_string"}}],"inLanguage":"de"},{"@type":"Organization","@id":"https:\/\/www.organisator.ch\/#organization","name":"Organisator","url":"https:\/\/www.organisator.ch\/","logo":{"@type":"ImageObject","inLanguage":"de","@id":"https:\/\/www.organisator.ch\/#\/schema\/logo\/image\/","url":"https:\/\/www.organisator.ch\/wp-content\/uploads\/2022\/01\/Logo_Organisator_Website.png","contentUrl":"https:\/\/www.organisator.ch\/wp-content\/uploads\/2022\/01\/Logo_Organisator_Website.png","width":800,"height":77,"caption":"Organisator"},"image":{"@id":"https:\/\/www.organisator.ch\/#\/schema\/logo\/image\/"},"sameAs":["https:\/\/www.facebook.com\/OrganisatorFachmagazin","https:\/\/www.linkedin.com\/showcase\/organisator-das-magazin-fr-kmu","https:\/\/www.xing.com\/news\/pages\/organisator-ch-695","https:\/\/www.youtube.com\/channel\/UCGP2Sq0iWaZwT3BdIAQFYpw"]},{"@type":"Person","@id":"https:\/\/www.organisator.ch\/#\/schema\/person\/6f650f90b2842cd4c0cc334b4e36f67e","name":"thomas.berner","image":{"@type":"ImageObject","inLanguage":"de","@id":"https:\/\/secure.gravatar.com\/avatar\/ac5001d2a36cb6c6cd3e50789007ffca834b477b74a2144564522e944eabff61?s=96&d=mm&r=g","url":"https:\/\/secure.gravatar.com\/avatar\/ac5001d2a36cb6c6cd3e50789007ffca834b477b74a2144564522e944eabff61?s=96&d=mm&r=g","contentUrl":"https:\/\/secure.gravatar.com\/avatar\/ac5001d2a36cb6c6cd3e50789007ffca834b477b74a2144564522e944eabff61?s=96&d=mm&r=g","caption":"thomas.berner"},"url":"https:\/\/www.organisator.ch\/de\/author\/thomas-berner\/"}]}},"_links":{"self":[{"href":"https:\/\/www.organisator.ch\/de\/wp-json\/wp\/v2\/posts\/40346","targetHints":{"allow":["GET"]}}],"collection":[{"href":"https:\/\/www.organisator.ch\/de\/wp-json\/wp\/v2\/posts"}],"about":[{"href":"https:\/\/www.organisator.ch\/de\/wp-json\/wp\/v2\/types\/post"}],"author":[{"embeddable":true,"href":"https:\/\/www.organisator.ch\/de\/wp-json\/wp\/v2\/users\/4"}],"replies":[{"embeddable":true,"href":"https:\/\/www.organisator.ch\/de\/wp-json\/wp\/v2\/comments?post=40346"}],"version-history":[{"count":4,"href":"https:\/\/www.organisator.ch\/de\/wp-json\/wp\/v2\/posts\/40346\/revisions"}],"predecessor-version":[{"id":40415,"href":"https:\/\/www.organisator.ch\/de\/wp-json\/wp\/v2\/posts\/40346\/revisions\/40415"}],"wp:featuredmedia":[{"embeddable":true,"href":"https:\/\/www.organisator.ch\/de\/wp-json\/wp\/v2\/media\/40347"}],"wp:attachment":[{"href":"https:\/\/www.organisator.ch\/de\/wp-json\/wp\/v2\/media?parent=40346"}],"wp:term":[{"taxonomy":"category","embeddable":true,"href":"https:\/\/www.organisator.ch\/de\/wp-json\/wp\/v2\/categories?post=40346"},{"taxonomy":"post_tag","embeddable":true,"href":"https:\/\/www.organisator.ch\/de\/wp-json\/wp\/v2\/tags?post=40346"}],"curies":[{"name":"wp","href":"https:\/\/api.w.org\/{rel}","templated":true}]}}