{"id":40356,"date":"2025-09-04T11:55:26","date_gmt":"2025-09-04T09:55:26","guid":{"rendered":"https:\/\/www.organisator.ch\/?p=40356"},"modified":"2025-09-04T11:55:26","modified_gmt":"2025-09-04T09:55:26","slug":"neue-direktorin-und-ein-neuer-campus-fuer-die-ist","status":"publish","type":"post","link":"https:\/\/www.organisator.ch\/de\/weiterbildung\/2025-09-04\/neue-direktorin-und-ein-neuer-campus-fuer-die-ist\/","title":{"rendered":"Neue Direktorin und ein neuer Campus f\u00fcr die IST"},"content":{"rendered":"<figure id=\"attachment_40359\" aria-describedby=\"caption-attachment-40359\" style=\"width: 680px\" class=\"wp-caption alignnone\"><img loading=\"lazy\" decoding=\"async\" class=\"size-full wp-image-40359\" src=\"https:\/\/www.organisator.ch\/wp-content\/uploads\/2025\/09\/Neue-Direktorin-und-ein-neuer-Campus-fuer-die-IST_Organisator.jpg\" alt=\"\" width=\"680\" height=\"587\" srcset=\"https:\/\/www.organisator.ch\/wp-content\/uploads\/2025\/09\/Neue-Direktorin-und-ein-neuer-Campus-fuer-die-IST_Organisator.jpg 680w, https:\/\/www.organisator.ch\/wp-content\/uploads\/2025\/09\/Neue-Direktorin-und-ein-neuer-Campus-fuer-die-IST_Organisator-14x12.jpg 14w, https:\/\/www.organisator.ch\/wp-content\/uploads\/2025\/09\/Neue-Direktorin-und-ein-neuer-Campus-fuer-die-IST_Organisator-348x300.jpg 348w, https:\/\/www.organisator.ch\/wp-content\/uploads\/2025\/09\/Neue-Direktorin-und-ein-neuer-Campus-fuer-die-IST_Organisator-405x350.jpg 405w\" sizes=\"auto, (max-width: 680px) 100vw, 680px\" \/><figcaption id=\"caption-attachment-40359\" class=\"wp-caption-text\">Catherine Raemy wird neue Direktorin der H\u00f6heren Fachschule f\u00fcr Tourismus IST. (Bild: zVg \/ IST)<\/figcaption><\/figure>\n<p>Die einstige IST-Absolventin und langj\u00e4hrige Dozentin Catherine Raemy \u00fcbernimmt per 15. September die Gesamtschulleitung der IST. Die dreisprachige (DE\/FR\/EN) Kommunikationsspezialistin und Marketingexpertin bringt vielf\u00e4ltige Branchenerfahrungen mit. Zuletzt arbeitete sie f\u00fcr die Flughafen Z\u00fcrich AG, zuvor leitete sie die Marketingkommunikation der Matterhorn Gotthard Bahn\/Gornergrat Bahn in Brig, auch Schweiz Tourismus und die dnata Switzerland AG geh\u00f6rten zu ihren Stationen. Raemy absolvierte mehrere CAS (Tourismus\u00f6konomie, Markenmanagement, Kundenpsychologie) und hat einen EMBA in Marketing Management.<\/p>\n<h3>Selbst Absolventin der IST<\/h3>\n<p>\u00abIch freue mich sehr auf die neue Aufgabe an der IST und die Zukunft der neuen Generation an Tourismusprofis mitgestalten zu d\u00fcrfen\u00bb, sagt Catherine Raemy, die an der IST 2010 selbst ihren Abschluss als Dipl. Tourismusfachfrau HF erlangt hatte und seitdem nebenberuflich als Dozentin und Expertin f\u00fcr Diplomarbeiten an der Schule wirkt. Nach genau zwei Jahren als Gesamtschulleiterin wechselt Xoana Janner innerhalb der Vantage Education Group auf die Position als Sales Director der BVS St. Gallen und der HSO, der gr\u00f6ssten Schule der Gruppe.<br \/>\n\u00abWir sind sehr dankbar f\u00fcr all das, was Xoana Janner in den vergangenen zwei Jahren an der IST aufgebaut und umgesetzt hat und gleichzeitig gl\u00fccklich, mit Catherine Raemy eine solch erfahrene und mit der Branche vertraute Fachperson f\u00fcr diese Position gefunden zu haben\u00bb, sagt Lavdim Durmishi, Gesch\u00e4ftsf\u00fchrer IST Z\u00fcrich &amp; Lausanne. \u00abSo k\u00f6nnen wir nahtlos an die Innovationen und Erfolge der j\u00fcngsten Vergangenheit ankn\u00fcpfen. In diesem Herbstsemester starten \u00fcber 40 HF-Studierende in Z\u00fcrich und der Post-Corona-Turnaround ist damit mehr als geschafft.\u00bb<\/p>\n<h3>Neuer Campus \u2013 ein Bekenntnis zum Standort Z\u00fcrich<\/h3>\n<p>Ein echtes Bekenntnis der Vantage Gruppe zum Standort Z\u00fcrich ist die grosse Investition in die Infrastruktur und Innengestaltung der IST. Die R\u00e4ume an der Josefstrasse wurden mit viel Liebe zum Detail zu einem topmodernen Lern- und Arbeitsumfeld umgestaltet. Neben der bereits installierten neuesten Technik f\u00fcr den hybriden Unterricht stehen ab sofort weitere Tools wie z.B. Smart Boards zur Verf\u00fcgung, die einen noch interaktiveren und flexibleren Unterricht erm\u00f6glichen.<\/p>\n<p><em>Quelle: <a href=\"http:\/\/www.ist-edu.ch\">www.ist-edu.ch<\/a><\/em><\/p>\n","protected":false},"excerpt":{"rendered":"<p>Mit Catherine Raemy \u00fcbernimmt eine langj\u00e4hrige Branchenexpertin die Gesamtschulleitung der IST, H\u00f6here Fachschule f\u00fcr Tourismus mit den Standorten Z\u00fcrich und Lausanne. Die bisherige Direktorin Xoana Janner wechselt auf eine neue Position innerhalb der Vantage Education Group. Zudem wurde der Campus in Z\u00fcrich komplett neugestaltet und die Studierendenzahl ist wieder auf Vor-Corona-Niveau gestiegen.<\/p>\n","protected":false},"author":4,"featured_media":40359,"comment_status":"closed","ping_status":"closed","sticky":false,"template":"","format":"standard","meta":{"_acf_changed":false,"_yoast_wpseo_focuskw":"Direktorin","_yoast_wpseo_metadesc":"Mit Catherine Raemy \u00fcbernimmt eine langj\u00e4hrige Branchenexpertin die Gesamtschulleitung der IST, H\u00f6here Fachschule f\u00fcr Tourismus.","articlekey":"","footnotes":""},"categories":[30],"tags":[62,250,381,2317],"class_list":["post-40356","post","type-post","status-publish","format-standard","has-post-thumbnail","hentry","category-weiterbildung","tag-aus-weiterbildung","tag-hoehere-fachschulen","tag-personalia","tag-tourismus"],"acf":[],"yoast_head":"<!-- This site is optimized with the Yoast SEO plugin v27.5 - https:\/\/yoast.com\/product\/yoast-seo-wordpress\/ -->\n<title>Neue Direktorin und ein neuer Campus f\u00fcr die IST - Organisator<\/title>\n<meta name=\"description\" content=\"Mit Catherine Raemy \u00fcbernimmt eine langj\u00e4hrige Branchenexpertin die Gesamtschulleitung der IST, H\u00f6here Fachschule f\u00fcr Tourismus.\" \/>\n<meta name=\"robots\" content=\"index, follow, max-snippet:-1, max-image-preview:large, max-video-preview:-1\" \/>\n<link rel=\"canonical\" href=\"https:\/\/www.organisator.ch\/de\/weiterbildung\/2025-09-04\/neue-direktorin-und-ein-neuer-campus-fuer-die-ist\/\" \/>\n<meta property=\"og:locale\" content=\"de_DE\" \/>\n<meta property=\"og:type\" content=\"article\" \/>\n<meta property=\"og:title\" content=\"Neue Direktorin und ein neuer Campus f\u00fcr die IST\" \/>\n<meta property=\"og:description\" content=\"Mit Catherine Raemy \u00fcbernimmt eine langj\u00e4hrige Branchenexpertin die Gesamtschulleitung der IST, H\u00f6here Fachschule f\u00fcr Tourismus.\" \/>\n<meta property=\"og:url\" content=\"https:\/\/www.organisator.ch\/de\/weiterbildung\/2025-09-04\/neue-direktorin-und-ein-neuer-campus-fuer-die-ist\/\" \/>\n<meta property=\"og:site_name\" content=\"Organisator\" \/>\n<meta property=\"article:publisher\" content=\"https:\/\/www.facebook.com\/OrganisatorFachmagazin\" \/>\n<meta property=\"article:published_time\" content=\"2025-09-04T09:55:26+00:00\" \/>\n<meta property=\"og:image\" content=\"https:\/\/www.organisator.ch\/wp-content\/uploads\/2025\/09\/Neue-Direktorin-und-ein-neuer-Campus-fuer-die-IST_Organisator.jpg\" \/>\n\t<meta property=\"og:image:width\" content=\"680\" \/>\n\t<meta property=\"og:image:height\" content=\"587\" \/>\n\t<meta property=\"og:image:type\" content=\"image\/jpeg\" \/>\n<meta name=\"author\" content=\"thomas.berner\" \/>\n<meta name=\"twitter:card\" content=\"summary_large_image\" \/>\n<meta name=\"twitter:title\" content=\"Neue #Direktorin und ein neuer Campus f\u00fcr die #IST\" \/>\n<meta name=\"twitter:description\" content=\"Mit Catherine #Raemy \u00fcbernimmt eine langj\u00e4hrige #Branchenexpertin die Gesamtschulleitung der #IST, H\u00f6here Fachschule f\u00fcr #Tourismus.\" \/>\n<meta name=\"twitter:image\" content=\"https:\/\/www.organisator.ch\/wp-content\/uploads\/2025\/09\/Neue-Direktorin-und-ein-neuer-Campus-fuer-die-IST_Organisator.jpg\" \/>\n<script type=\"application\/ld+json\" class=\"yoast-schema-graph\">{\"@context\":\"https:\\\/\\\/schema.org\",\"@graph\":[{\"@type\":\"Article\",\"@id\":\"https:\\\/\\\/www.organisator.ch\\\/weiterbildung\\\/2025-09-04\\\/neue-direktorin-und-ein-neuer-campus-fuer-die-ist\\\/#article\",\"isPartOf\":{\"@id\":\"https:\\\/\\\/www.organisator.ch\\\/weiterbildung\\\/2025-09-04\\\/neue-direktorin-und-ein-neuer-campus-fuer-die-ist\\\/\"},\"author\":{\"name\":\"thomas.berner\",\"@id\":\"https:\\\/\\\/www.organisator.ch\\\/#\\\/schema\\\/person\\\/6f650f90b2842cd4c0cc334b4e36f67e\"},\"headline\":\"Neue Direktorin und ein neuer Campus f\u00fcr die IST\",\"datePublished\":\"2025-09-04T09:55:26+00:00\",\"mainEntityOfPage\":{\"@id\":\"https:\\\/\\\/www.organisator.ch\\\/weiterbildung\\\/2025-09-04\\\/neue-direktorin-und-ein-neuer-campus-fuer-die-ist\\\/\"},\"wordCount\":378,\"publisher\":{\"@id\":\"https:\\\/\\\/www.organisator.ch\\\/#organization\"},\"image\":{\"@id\":\"https:\\\/\\\/www.organisator.ch\\\/weiterbildung\\\/2025-09-04\\\/neue-direktorin-und-ein-neuer-campus-fuer-die-ist\\\/#primaryimage\"},\"thumbnailUrl\":\"https:\\\/\\\/www.organisator.ch\\\/wp-content\\\/uploads\\\/2025\\\/09\\\/Neue-Direktorin-und-ein-neuer-Campus-fuer-die-IST_Organisator.jpg\",\"keywords\":[\"Aus-\\\/Weiterbildung\",\"H\u00f6here Fachschulen\",\"Personalia\",\"Tourismus\"],\"articleSection\":[\"WEITERBILDUNG\"],\"inLanguage\":\"de\"},{\"@type\":\"WebPage\",\"@id\":\"https:\\\/\\\/www.organisator.ch\\\/weiterbildung\\\/2025-09-04\\\/neue-direktorin-und-ein-neuer-campus-fuer-die-ist\\\/\",\"url\":\"https:\\\/\\\/www.organisator.ch\\\/weiterbildung\\\/2025-09-04\\\/neue-direktorin-und-ein-neuer-campus-fuer-die-ist\\\/\",\"name\":\"Neue Direktorin und ein neuer Campus f\u00fcr die IST - Organisator\",\"isPartOf\":{\"@id\":\"https:\\\/\\\/www.organisator.ch\\\/#website\"},\"primaryImageOfPage\":{\"@id\":\"https:\\\/\\\/www.organisator.ch\\\/weiterbildung\\\/2025-09-04\\\/neue-direktorin-und-ein-neuer-campus-fuer-die-ist\\\/#primaryimage\"},\"image\":{\"@id\":\"https:\\\/\\\/www.organisator.ch\\\/weiterbildung\\\/2025-09-04\\\/neue-direktorin-und-ein-neuer-campus-fuer-die-ist\\\/#primaryimage\"},\"thumbnailUrl\":\"https:\\\/\\\/www.organisator.ch\\\/wp-content\\\/uploads\\\/2025\\\/09\\\/Neue-Direktorin-und-ein-neuer-Campus-fuer-die-IST_Organisator.jpg\",\"datePublished\":\"2025-09-04T09:55:26+00:00\",\"description\":\"Mit Catherine Raemy \u00fcbernimmt eine langj\u00e4hrige Branchenexpertin die Gesamtschulleitung der IST, H\u00f6here Fachschule f\u00fcr Tourismus.\",\"breadcrumb\":{\"@id\":\"https:\\\/\\\/www.organisator.ch\\\/weiterbildung\\\/2025-09-04\\\/neue-direktorin-und-ein-neuer-campus-fuer-die-ist\\\/#breadcrumb\"},\"inLanguage\":\"de\",\"potentialAction\":[{\"@type\":\"ReadAction\",\"target\":[\"https:\\\/\\\/www.organisator.ch\\\/weiterbildung\\\/2025-09-04\\\/neue-direktorin-und-ein-neuer-campus-fuer-die-ist\\\/\"]}]},{\"@type\":\"ImageObject\",\"inLanguage\":\"de\",\"@id\":\"https:\\\/\\\/www.organisator.ch\\\/weiterbildung\\\/2025-09-04\\\/neue-direktorin-und-ein-neuer-campus-fuer-die-ist\\\/#primaryimage\",\"url\":\"https:\\\/\\\/www.organisator.ch\\\/wp-content\\\/uploads\\\/2025\\\/09\\\/Neue-Direktorin-und-ein-neuer-Campus-fuer-die-IST_Organisator.jpg\",\"contentUrl\":\"https:\\\/\\\/www.organisator.ch\\\/wp-content\\\/uploads\\\/2025\\\/09\\\/Neue-Direktorin-und-ein-neuer-Campus-fuer-die-IST_Organisator.jpg\",\"width\":680,\"height\":587,\"caption\":\"Catherine Raemy wird neue Direktorin der H\u00f6heren Fachschule f\u00fcr Tourismus IST. (Bild: zVg \\\/ IST)\"},{\"@type\":\"BreadcrumbList\",\"@id\":\"https:\\\/\\\/www.organisator.ch\\\/weiterbildung\\\/2025-09-04\\\/neue-direktorin-und-ein-neuer-campus-fuer-die-ist\\\/#breadcrumb\",\"itemListElement\":[{\"@type\":\"ListItem\",\"position\":1,\"name\":\"Home\",\"item\":\"https:\\\/\\\/www.organisator.ch\\\/\"},{\"@type\":\"ListItem\",\"position\":2,\"name\":\"Neue Direktorin und ein neuer Campus f\u00fcr die IST\"}]},{\"@type\":\"WebSite\",\"@id\":\"https:\\\/\\\/www.organisator.ch\\\/#website\",\"url\":\"https:\\\/\\\/www.organisator.ch\\\/\",\"name\":\"Organisator\",\"description\":\"Kompetent. Praxisnah. Der ORGANISATOR bereitet in 10 Ausgaben pro Jahr die wesentlichen Themen f\u00fcr F\u00fchrungskr\u00e4fte von KMU auf.\",\"publisher\":{\"@id\":\"https:\\\/\\\/www.organisator.ch\\\/#organization\"},\"potentialAction\":[{\"@type\":\"SearchAction\",\"target\":{\"@type\":\"EntryPoint\",\"urlTemplate\":\"https:\\\/\\\/www.organisator.ch\\\/?s={search_term_string}\"},\"query-input\":{\"@type\":\"PropertyValueSpecification\",\"valueRequired\":true,\"valueName\":\"search_term_string\"}}],\"inLanguage\":\"de\"},{\"@type\":\"Organization\",\"@id\":\"https:\\\/\\\/www.organisator.ch\\\/#organization\",\"name\":\"Organisator\",\"url\":\"https:\\\/\\\/www.organisator.ch\\\/\",\"logo\":{\"@type\":\"ImageObject\",\"inLanguage\":\"de\",\"@id\":\"https:\\\/\\\/www.organisator.ch\\\/#\\\/schema\\\/logo\\\/image\\\/\",\"url\":\"https:\\\/\\\/www.organisator.ch\\\/wp-content\\\/uploads\\\/2022\\\/01\\\/Logo_Organisator_Website.png\",\"contentUrl\":\"https:\\\/\\\/www.organisator.ch\\\/wp-content\\\/uploads\\\/2022\\\/01\\\/Logo_Organisator_Website.png\",\"width\":800,\"height\":77,\"caption\":\"Organisator\"},\"image\":{\"@id\":\"https:\\\/\\\/www.organisator.ch\\\/#\\\/schema\\\/logo\\\/image\\\/\"},\"sameAs\":[\"https:\\\/\\\/www.facebook.com\\\/OrganisatorFachmagazin\",\"https:\\\/\\\/www.linkedin.com\\\/showcase\\\/organisator-das-magazin-fr-kmu\",\"https:\\\/\\\/www.xing.com\\\/news\\\/pages\\\/organisator-ch-695\",\"https:\\\/\\\/www.youtube.com\\\/channel\\\/UCGP2Sq0iWaZwT3BdIAQFYpw\"]},{\"@type\":\"Person\",\"@id\":\"https:\\\/\\\/www.organisator.ch\\\/#\\\/schema\\\/person\\\/6f650f90b2842cd4c0cc334b4e36f67e\",\"name\":\"thomas.berner\",\"image\":{\"@type\":\"ImageObject\",\"inLanguage\":\"de\",\"@id\":\"https:\\\/\\\/secure.gravatar.com\\\/avatar\\\/ac5001d2a36cb6c6cd3e50789007ffca834b477b74a2144564522e944eabff61?s=96&d=mm&r=g\",\"url\":\"https:\\\/\\\/secure.gravatar.com\\\/avatar\\\/ac5001d2a36cb6c6cd3e50789007ffca834b477b74a2144564522e944eabff61?s=96&d=mm&r=g\",\"contentUrl\":\"https:\\\/\\\/secure.gravatar.com\\\/avatar\\\/ac5001d2a36cb6c6cd3e50789007ffca834b477b74a2144564522e944eabff61?s=96&d=mm&r=g\",\"caption\":\"thomas.berner\"},\"url\":\"https:\\\/\\\/www.organisator.ch\\\/de\\\/author\\\/thomas-berner\\\/\"}]}<\/script>\n<!-- \/ Yoast SEO plugin. -->","yoast_head_json":{"title":"Neue Direktorin und ein neuer Campus f\u00fcr die IST - Organisator","description":"Mit Catherine Raemy \u00fcbernimmt eine langj\u00e4hrige Branchenexpertin die Gesamtschulleitung der IST, H\u00f6here Fachschule f\u00fcr Tourismus.","robots":{"index":"index","follow":"follow","max-snippet":"max-snippet:-1","max-image-preview":"max-image-preview:large","max-video-preview":"max-video-preview:-1"},"canonical":"https:\/\/www.organisator.ch\/de\/weiterbildung\/2025-09-04\/neue-direktorin-und-ein-neuer-campus-fuer-die-ist\/","og_locale":"de_DE","og_type":"article","og_title":"Neue Direktorin und ein neuer Campus f\u00fcr die IST","og_description":"Mit Catherine Raemy \u00fcbernimmt eine langj\u00e4hrige Branchenexpertin die Gesamtschulleitung der IST, H\u00f6here Fachschule f\u00fcr Tourismus.","og_url":"https:\/\/www.organisator.ch\/de\/weiterbildung\/2025-09-04\/neue-direktorin-und-ein-neuer-campus-fuer-die-ist\/","og_site_name":"Organisator","article_publisher":"https:\/\/www.facebook.com\/OrganisatorFachmagazin","article_published_time":"2025-09-04T09:55:26+00:00","og_image":[{"width":680,"height":587,"url":"https:\/\/www.organisator.ch\/wp-content\/uploads\/2025\/09\/Neue-Direktorin-und-ein-neuer-Campus-fuer-die-IST_Organisator.jpg","type":"image\/jpeg"}],"author":"thomas.berner","twitter_card":"summary_large_image","twitter_title":"Neue #Direktorin und ein neuer Campus f\u00fcr die #IST","twitter_description":"Mit Catherine #Raemy \u00fcbernimmt eine langj\u00e4hrige #Branchenexpertin die Gesamtschulleitung der #IST, H\u00f6here Fachschule f\u00fcr #Tourismus.","twitter_image":"https:\/\/www.organisator.ch\/wp-content\/uploads\/2025\/09\/Neue-Direktorin-und-ein-neuer-Campus-fuer-die-IST_Organisator.jpg","schema":{"@context":"https:\/\/schema.org","@graph":[{"@type":"Article","@id":"https:\/\/www.organisator.ch\/weiterbildung\/2025-09-04\/neue-direktorin-und-ein-neuer-campus-fuer-die-ist\/#article","isPartOf":{"@id":"https:\/\/www.organisator.ch\/weiterbildung\/2025-09-04\/neue-direktorin-und-ein-neuer-campus-fuer-die-ist\/"},"author":{"name":"thomas.berner","@id":"https:\/\/www.organisator.ch\/#\/schema\/person\/6f650f90b2842cd4c0cc334b4e36f67e"},"headline":"Neue Direktorin und ein neuer Campus f\u00fcr die IST","datePublished":"2025-09-04T09:55:26+00:00","mainEntityOfPage":{"@id":"https:\/\/www.organisator.ch\/weiterbildung\/2025-09-04\/neue-direktorin-und-ein-neuer-campus-fuer-die-ist\/"},"wordCount":378,"publisher":{"@id":"https:\/\/www.organisator.ch\/#organization"},"image":{"@id":"https:\/\/www.organisator.ch\/weiterbildung\/2025-09-04\/neue-direktorin-und-ein-neuer-campus-fuer-die-ist\/#primaryimage"},"thumbnailUrl":"https:\/\/www.organisator.ch\/wp-content\/uploads\/2025\/09\/Neue-Direktorin-und-ein-neuer-Campus-fuer-die-IST_Organisator.jpg","keywords":["Aus-\/Weiterbildung","H\u00f6here Fachschulen","Personalia","Tourismus"],"articleSection":["WEITERBILDUNG"],"inLanguage":"de"},{"@type":"WebPage","@id":"https:\/\/www.organisator.ch\/weiterbildung\/2025-09-04\/neue-direktorin-und-ein-neuer-campus-fuer-die-ist\/","url":"https:\/\/www.organisator.ch\/weiterbildung\/2025-09-04\/neue-direktorin-und-ein-neuer-campus-fuer-die-ist\/","name":"Neue Direktorin und ein neuer Campus f\u00fcr die IST - Organisator","isPartOf":{"@id":"https:\/\/www.organisator.ch\/#website"},"primaryImageOfPage":{"@id":"https:\/\/www.organisator.ch\/weiterbildung\/2025-09-04\/neue-direktorin-und-ein-neuer-campus-fuer-die-ist\/#primaryimage"},"image":{"@id":"https:\/\/www.organisator.ch\/weiterbildung\/2025-09-04\/neue-direktorin-und-ein-neuer-campus-fuer-die-ist\/#primaryimage"},"thumbnailUrl":"https:\/\/www.organisator.ch\/wp-content\/uploads\/2025\/09\/Neue-Direktorin-und-ein-neuer-Campus-fuer-die-IST_Organisator.jpg","datePublished":"2025-09-04T09:55:26+00:00","description":"Mit Catherine Raemy \u00fcbernimmt eine langj\u00e4hrige Branchenexpertin die Gesamtschulleitung der IST, H\u00f6here Fachschule f\u00fcr Tourismus.","breadcrumb":{"@id":"https:\/\/www.organisator.ch\/weiterbildung\/2025-09-04\/neue-direktorin-und-ein-neuer-campus-fuer-die-ist\/#breadcrumb"},"inLanguage":"de","potentialAction":[{"@type":"ReadAction","target":["https:\/\/www.organisator.ch\/weiterbildung\/2025-09-04\/neue-direktorin-und-ein-neuer-campus-fuer-die-ist\/"]}]},{"@type":"ImageObject","inLanguage":"de","@id":"https:\/\/www.organisator.ch\/weiterbildung\/2025-09-04\/neue-direktorin-und-ein-neuer-campus-fuer-die-ist\/#primaryimage","url":"https:\/\/www.organisator.ch\/wp-content\/uploads\/2025\/09\/Neue-Direktorin-und-ein-neuer-Campus-fuer-die-IST_Organisator.jpg","contentUrl":"https:\/\/www.organisator.ch\/wp-content\/uploads\/2025\/09\/Neue-Direktorin-und-ein-neuer-Campus-fuer-die-IST_Organisator.jpg","width":680,"height":587,"caption":"Catherine Raemy wird neue Direktorin der H\u00f6heren Fachschule f\u00fcr Tourismus IST. (Bild: zVg \/ IST)"},{"@type":"BreadcrumbList","@id":"https:\/\/www.organisator.ch\/weiterbildung\/2025-09-04\/neue-direktorin-und-ein-neuer-campus-fuer-die-ist\/#breadcrumb","itemListElement":[{"@type":"ListItem","position":1,"name":"Home","item":"https:\/\/www.organisator.ch\/"},{"@type":"ListItem","position":2,"name":"Neue Direktorin und ein neuer Campus f\u00fcr die IST"}]},{"@type":"WebSite","@id":"https:\/\/www.organisator.ch\/#website","url":"https:\/\/www.organisator.ch\/","name":"Organisator","description":"Kompetent. Praxisnah. Der ORGANISATOR bereitet in 10 Ausgaben pro Jahr die wesentlichen Themen f\u00fcr F\u00fchrungskr\u00e4fte von KMU auf.","publisher":{"@id":"https:\/\/www.organisator.ch\/#organization"},"potentialAction":[{"@type":"SearchAction","target":{"@type":"EntryPoint","urlTemplate":"https:\/\/www.organisator.ch\/?s={search_term_string}"},"query-input":{"@type":"PropertyValueSpecification","valueRequired":true,"valueName":"search_term_string"}}],"inLanguage":"de"},{"@type":"Organization","@id":"https:\/\/www.organisator.ch\/#organization","name":"Organisator","url":"https:\/\/www.organisator.ch\/","logo":{"@type":"ImageObject","inLanguage":"de","@id":"https:\/\/www.organisator.ch\/#\/schema\/logo\/image\/","url":"https:\/\/www.organisator.ch\/wp-content\/uploads\/2022\/01\/Logo_Organisator_Website.png","contentUrl":"https:\/\/www.organisator.ch\/wp-content\/uploads\/2022\/01\/Logo_Organisator_Website.png","width":800,"height":77,"caption":"Organisator"},"image":{"@id":"https:\/\/www.organisator.ch\/#\/schema\/logo\/image\/"},"sameAs":["https:\/\/www.facebook.com\/OrganisatorFachmagazin","https:\/\/www.linkedin.com\/showcase\/organisator-das-magazin-fr-kmu","https:\/\/www.xing.com\/news\/pages\/organisator-ch-695","https:\/\/www.youtube.com\/channel\/UCGP2Sq0iWaZwT3BdIAQFYpw"]},{"@type":"Person","@id":"https:\/\/www.organisator.ch\/#\/schema\/person\/6f650f90b2842cd4c0cc334b4e36f67e","name":"thomas.berner","image":{"@type":"ImageObject","inLanguage":"de","@id":"https:\/\/secure.gravatar.com\/avatar\/ac5001d2a36cb6c6cd3e50789007ffca834b477b74a2144564522e944eabff61?s=96&d=mm&r=g","url":"https:\/\/secure.gravatar.com\/avatar\/ac5001d2a36cb6c6cd3e50789007ffca834b477b74a2144564522e944eabff61?s=96&d=mm&r=g","contentUrl":"https:\/\/secure.gravatar.com\/avatar\/ac5001d2a36cb6c6cd3e50789007ffca834b477b74a2144564522e944eabff61?s=96&d=mm&r=g","caption":"thomas.berner"},"url":"https:\/\/www.organisator.ch\/de\/author\/thomas-berner\/"}]}},"_links":{"self":[{"href":"https:\/\/www.organisator.ch\/de\/wp-json\/wp\/v2\/posts\/40356","targetHints":{"allow":["GET"]}}],"collection":[{"href":"https:\/\/www.organisator.ch\/de\/wp-json\/wp\/v2\/posts"}],"about":[{"href":"https:\/\/www.organisator.ch\/de\/wp-json\/wp\/v2\/types\/post"}],"author":[{"embeddable":true,"href":"https:\/\/www.organisator.ch\/de\/wp-json\/wp\/v2\/users\/4"}],"replies":[{"embeddable":true,"href":"https:\/\/www.organisator.ch\/de\/wp-json\/wp\/v2\/comments?post=40356"}],"version-history":[{"count":3,"href":"https:\/\/www.organisator.ch\/de\/wp-json\/wp\/v2\/posts\/40356\/revisions"}],"predecessor-version":[{"id":40414,"href":"https:\/\/www.organisator.ch\/de\/wp-json\/wp\/v2\/posts\/40356\/revisions\/40414"}],"wp:featuredmedia":[{"embeddable":true,"href":"https:\/\/www.organisator.ch\/de\/wp-json\/wp\/v2\/media\/40359"}],"wp:attachment":[{"href":"https:\/\/www.organisator.ch\/de\/wp-json\/wp\/v2\/media?parent=40356"}],"wp:term":[{"taxonomy":"category","embeddable":true,"href":"https:\/\/www.organisator.ch\/de\/wp-json\/wp\/v2\/categories?post=40356"},{"taxonomy":"post_tag","embeddable":true,"href":"https:\/\/www.organisator.ch\/de\/wp-json\/wp\/v2\/tags?post=40356"}],"curies":[{"name":"wp","href":"https:\/\/api.w.org\/{rel}","templated":true}]}}