{"id":4046,"date":"2018-08-09T08:21:54","date_gmt":"2018-08-09T06:21:54","guid":{"rendered":"https:\/\/www.organisator.ch\/?p=4046"},"modified":"2018-08-09T08:21:54","modified_gmt":"2018-08-09T06:21:54","slug":"fit-for-management-2018-fit-im-beruf-durch-veraenderungen","status":"publish","type":"post","link":"https:\/\/www.organisator.ch\/de\/human-resources\/fit_im_job\/2018-08-09\/fit-for-management-2018-fit-im-beruf-durch-veraenderungen\/","title":{"rendered":"Fit for Management 2018: Fit im Beruf durch Ver\u00e4nderungen"},"content":{"rendered":"<figure id=\"attachment_4047\" aria-describedby=\"caption-attachment-4047\" style=\"width: 640px\" class=\"wp-caption alignnone\"><img loading=\"lazy\" decoding=\"async\" class=\"size-full wp-image-4047\" src=\"https:\/\/www.organisator.ch\/wp-content\/uploads\/2018\/08\/Fit-for-Management-2018-Fit-im-Beruf-durch-Veraenderungen_Organisator.jpg\" alt=\"\" width=\"640\" height=\"426\" srcset=\"https:\/\/www.organisator.ch\/wp-content\/uploads\/2018\/08\/Fit-for-Management-2018-Fit-im-Beruf-durch-Veraenderungen_Organisator.jpg 640w, https:\/\/www.organisator.ch\/wp-content\/uploads\/2018\/08\/Fit-for-Management-2018-Fit-im-Beruf-durch-Veraenderungen_Organisator-16x12.jpg 16w, https:\/\/www.organisator.ch\/wp-content\/uploads\/2018\/08\/Fit-for-Management-2018-Fit-im-Beruf-durch-Veraenderungen_Organisator-263x175.jpg 263w, https:\/\/www.organisator.ch\/wp-content\/uploads\/2018\/08\/Fit-for-Management-2018-Fit-im-Beruf-durch-Veraenderungen_Organisator-526x350.jpg 526w, https:\/\/www.organisator.ch\/wp-content\/uploads\/2018\/08\/Fit-for-Management-2018-Fit-im-Beruf-durch-Veraenderungen_Organisator-300x200.jpg 300w\" sizes=\"auto, (max-width: 640px) 100vw, 640px\" \/><figcaption id=\"caption-attachment-4047\" class=\"wp-caption-text\">Der Swiss Management Run bildet das Highlight des Symposiums Fit for Management. (Bild: AlphaFoto)<\/figcaption><\/figure>\n<p>Am 14. September 2018 findet zum f\u00fcnften Mal der\u00a0Swiss Management Run\u00a0in Arosa statt. Unter dem Motto \u201eLaufen statt Golfen&#8220; bietet die Veranstaltung eine exklusive Plattform zum Sport treiben und zum Austausch mit F\u00fchrungskr\u00e4ften und Gesch\u00e4ftskontakten. \u00dcber 300 Teilnehmer profitieren von Vortr\u00e4gen zu Themen rund um die Gesundheit von Managern &#8211; ganz dem Thema &#8222;Fit for Management&#8220; entsprechend.<\/p>\n<h2>Fit durch Ver\u00e4nderung<\/h2>\n<p>Die Schweizerische Radio- und Fernsehgesellschaft (SRG) setzt trotz der deutlichen Ablehnung von \u00abNo-Billag\u00bb auf Reformkurs. Bakel Walden, Direktor Entwicklung und Angebot, ist zust\u00e4ndig f\u00fcr die Koordination im Ver\u00e4nderungsmarathon des Unternehmens. In seinem Vortrag geht er auf die pers\u00f6nlichen Herausforderungen ein und erkl\u00e4rt, wie er sich durch Ver\u00e4nderung fit h\u00e4lt. Neben Bernhard Heusler hat auch Jeannine Pilloud, ehemalige Leiterin Personenverkehr bei der SBB und inzwischen Delegierte f\u00fcr \u00d6V-Branchenentwicklung, einen Wandel in ihrer F\u00fchrungsposition durchlaufen. In einem Doppelinterview zeigen die beiden auf, warum Ver\u00e4nderungen gleichzeitig Bedrohung und Chance bedeuten k\u00f6nnen.<\/p>\n<h2>F\u00fcnfter Swiss Management Run<\/h2>\n<p>Die Themen des Symposiums\u00a0Fit for\u00a0Management\u00a0richten sich gezielt an Schweizer F\u00fchrungskr\u00e4fte. Unter anderem geht es um Willenskraft, Drucksituationen, Lebensf\u00fchrung im Manager-Alltag und die richtige Balance von Sport und Erholung. Nach dem Symposium f\u00e4llt der Startschuss f\u00fcr den 5. Swiss Management Run. Auf drei verschiedenen Strecken, mit den Distanzen 1.2 km, 5 km und 10 km erleben die L\u00e4ufer Arosas Bergwelt von ihrer sch\u00f6nsten Seite. Im Anschluss l\u00e4dt die After Run Party die Teilnehmer zum entspannten Networking und Austausch ein. Die Schweizer Kader Organisation SKO ist erneut als Premium Partner mit an Bord und feiert im Rahmen des Events ihr 125-j\u00e4hriges Bestehen.<\/p>\n<p><em>Hier geht es zum <a href=\"https:\/\/management-run.ch\/programm\/\">Programm<\/a>\u00a0und zur <a href=\"https:\/\/management-run.ch\/anmeldung\/?no_cache=1\">Anmeldung<\/a><\/em><\/p>\n<p>&nbsp;<\/p>\n","protected":false},"excerpt":{"rendered":"<p>Am 14. September 2018 findet zum f\u00fcnften Mal der\u00a0Swiss Management Run\u00a0in Arosa statt. Unter dem Motto \u201eLaufen statt Golfen&#8220; bietet die Veranstaltung eine exklusive Plattform zum Sport treiben und zum Austausch mit F\u00fchrungskr\u00e4ften und Gesch\u00e4ftskontakten. \u00dcber 300 Teilnehmer profitieren von Vortr\u00e4gen zu Themen rund um die Gesundheit von Managern &#8211; ganz dem Thema &#8222;Fit for [&hellip;]<\/p>\n","protected":false},"author":4,"featured_media":4047,"comment_status":"open","ping_status":"open","sticky":false,"template":"","format":"standard","meta":{"_acf_changed":false,"_yoast_wpseo_focuskw":"Fit for Management","_yoast_wpseo_metadesc":"Am Symposium Fit for Management vom 14. September werden in Arosa 300 Teilnehmer erwartet. Unter den Referenten ist auch Ex-FCB Pr\u00e4sident Bernhard Heusler.","articlekey":"","footnotes":""},"categories":[25],"tags":[77,193,208,502],"class_list":["post-4046","post","type-post","status-publish","format-standard","has-post-thumbnail","hentry","category-fit_im_job","tag-betriebliches-gesundheitsmanagement","tag-fachkongressfachmesse","tag-fit-im-job","tag-veranstaltungen"],"acf":[],"yoast_head":"<!-- This site is optimized with the Yoast SEO plugin v27.5 - https:\/\/yoast.com\/product\/yoast-seo-wordpress\/ -->\n<title>Fit for Management 2018: Fit im Beruf durch Ver\u00e4nderungen - Organisator<\/title>\n<meta name=\"description\" content=\"Am Symposium Fit for Management vom 14. September werden in Arosa 300 Teilnehmer erwartet. Unter den Referenten ist auch Ex-FCB Pr\u00e4sident Bernhard Heusler.\" \/>\n<meta name=\"robots\" content=\"index, follow, max-snippet:-1, max-image-preview:large, max-video-preview:-1\" \/>\n<link rel=\"canonical\" href=\"https:\/\/www.organisator.ch\/de\/human-resources\/fit_im_job\/2018-08-09\/fit-for-management-2018-fit-im-beruf-durch-veraenderungen\/\" \/>\n<meta property=\"og:locale\" content=\"de_DE\" \/>\n<meta property=\"og:type\" content=\"article\" \/>\n<meta property=\"og:title\" content=\"Fit for Management 2018: Fit im Beruf durch Ver\u00e4nderungen\" \/>\n<meta property=\"og:description\" content=\"Am Symposium Fit for Management vom 14. September werden in #Arosa 300 Teilnehmer erwartet. Unter den Referenten ist auch Ex-FCB Pr\u00e4sident Bernhard #Heusler.\" \/>\n<meta property=\"og:url\" content=\"https:\/\/www.organisator.ch\/de\/human-resources\/fit_im_job\/2018-08-09\/fit-for-management-2018-fit-im-beruf-durch-veraenderungen\/\" \/>\n<meta property=\"og:site_name\" content=\"Organisator\" \/>\n<meta property=\"article:publisher\" content=\"https:\/\/www.facebook.com\/OrganisatorFachmagazin\" \/>\n<meta property=\"article:published_time\" content=\"2018-08-09T06:21:54+00:00\" \/>\n<meta property=\"og:image\" content=\"https:\/\/www.organisator.ch\/wp-content\/uploads\/2018\/08\/Fit-for-Management-2018-Fit-im-Beruf-durch-Veraenderungen_Organisator.jpg\" \/>\n\t<meta property=\"og:image:width\" content=\"640\" \/>\n\t<meta property=\"og:image:height\" content=\"426\" \/>\n\t<meta property=\"og:image:type\" content=\"image\/jpeg\" \/>\n<meta name=\"author\" content=\"thomas.berner\" \/>\n<meta name=\"twitter:card\" content=\"summary_large_image\" \/>\n<meta name=\"twitter:title\" content=\"Fit for Management 2018: Fit im Beruf durch Ver\u00e4nderungen\" \/>\n<meta name=\"twitter:description\" content=\"Am Symposium Fit for Management vom 14. September werden in #Arosa 300 Teilnehmer erwartet. Unter den Referenten ist auch Ex-FCB Pr\u00e4sident Bernhard #Heusler.\" \/>\n<meta name=\"twitter:image\" content=\"https:\/\/www.organisator.ch\/wp-content\/uploads\/2018\/08\/Fit-for-Management-2018-Fit-im-Beruf-durch-Ver\u00e4nderungen_Organisator.jpg\" \/>\n<script type=\"application\/ld+json\" class=\"yoast-schema-graph\">{\"@context\":\"https:\\\/\\\/schema.org\",\"@graph\":[{\"@type\":\"Article\",\"@id\":\"https:\\\/\\\/www.organisator.ch\\\/human-resources\\\/fit_im_job\\\/2018-08-09\\\/fit-for-management-2018-fit-im-beruf-durch-veraenderungen\\\/#article\",\"isPartOf\":{\"@id\":\"https:\\\/\\\/www.organisator.ch\\\/human-resources\\\/fit_im_job\\\/2018-08-09\\\/fit-for-management-2018-fit-im-beruf-durch-veraenderungen\\\/\"},\"author\":{\"name\":\"thomas.berner\",\"@id\":\"https:\\\/\\\/www.organisator.ch\\\/#\\\/schema\\\/person\\\/6f650f90b2842cd4c0cc334b4e36f67e\"},\"headline\":\"Fit for Management 2018: Fit im Beruf durch Ver\u00e4nderungen\",\"datePublished\":\"2018-08-09T06:21:54+00:00\",\"mainEntityOfPage\":{\"@id\":\"https:\\\/\\\/www.organisator.ch\\\/human-resources\\\/fit_im_job\\\/2018-08-09\\\/fit-for-management-2018-fit-im-beruf-durch-veraenderungen\\\/\"},\"wordCount\":316,\"commentCount\":0,\"publisher\":{\"@id\":\"https:\\\/\\\/www.organisator.ch\\\/#organization\"},\"image\":{\"@id\":\"https:\\\/\\\/www.organisator.ch\\\/human-resources\\\/fit_im_job\\\/2018-08-09\\\/fit-for-management-2018-fit-im-beruf-durch-veraenderungen\\\/#primaryimage\"},\"thumbnailUrl\":\"https:\\\/\\\/www.organisator.ch\\\/wp-content\\\/uploads\\\/2018\\\/08\\\/Fit-for-Management-2018-Fit-im-Beruf-durch-Veraenderungen_Organisator.jpg\",\"keywords\":[\"Betriebliches Gesundheitsmanagement\",\"Fachkongress\\\/Fachmesse\",\"Fit im Job\",\"Veranstaltungen\"],\"articleSection\":[\"FIT IM JOB\"],\"inLanguage\":\"de\"},{\"@type\":\"WebPage\",\"@id\":\"https:\\\/\\\/www.organisator.ch\\\/human-resources\\\/fit_im_job\\\/2018-08-09\\\/fit-for-management-2018-fit-im-beruf-durch-veraenderungen\\\/\",\"url\":\"https:\\\/\\\/www.organisator.ch\\\/human-resources\\\/fit_im_job\\\/2018-08-09\\\/fit-for-management-2018-fit-im-beruf-durch-veraenderungen\\\/\",\"name\":\"Fit for Management 2018: Fit im Beruf durch Ver\u00e4nderungen - Organisator\",\"isPartOf\":{\"@id\":\"https:\\\/\\\/www.organisator.ch\\\/#website\"},\"primaryImageOfPage\":{\"@id\":\"https:\\\/\\\/www.organisator.ch\\\/human-resources\\\/fit_im_job\\\/2018-08-09\\\/fit-for-management-2018-fit-im-beruf-durch-veraenderungen\\\/#primaryimage\"},\"image\":{\"@id\":\"https:\\\/\\\/www.organisator.ch\\\/human-resources\\\/fit_im_job\\\/2018-08-09\\\/fit-for-management-2018-fit-im-beruf-durch-veraenderungen\\\/#primaryimage\"},\"thumbnailUrl\":\"https:\\\/\\\/www.organisator.ch\\\/wp-content\\\/uploads\\\/2018\\\/08\\\/Fit-for-Management-2018-Fit-im-Beruf-durch-Veraenderungen_Organisator.jpg\",\"datePublished\":\"2018-08-09T06:21:54+00:00\",\"description\":\"Am Symposium Fit for Management vom 14. September werden in Arosa 300 Teilnehmer erwartet. Unter den Referenten ist auch Ex-FCB Pr\u00e4sident Bernhard Heusler.\",\"breadcrumb\":{\"@id\":\"https:\\\/\\\/www.organisator.ch\\\/human-resources\\\/fit_im_job\\\/2018-08-09\\\/fit-for-management-2018-fit-im-beruf-durch-veraenderungen\\\/#breadcrumb\"},\"inLanguage\":\"de\",\"potentialAction\":[{\"@type\":\"ReadAction\",\"target\":[\"https:\\\/\\\/www.organisator.ch\\\/human-resources\\\/fit_im_job\\\/2018-08-09\\\/fit-for-management-2018-fit-im-beruf-durch-veraenderungen\\\/\"]}]},{\"@type\":\"ImageObject\",\"inLanguage\":\"de\",\"@id\":\"https:\\\/\\\/www.organisator.ch\\\/human-resources\\\/fit_im_job\\\/2018-08-09\\\/fit-for-management-2018-fit-im-beruf-durch-veraenderungen\\\/#primaryimage\",\"url\":\"https:\\\/\\\/www.organisator.ch\\\/wp-content\\\/uploads\\\/2018\\\/08\\\/Fit-for-Management-2018-Fit-im-Beruf-durch-Veraenderungen_Organisator.jpg\",\"contentUrl\":\"https:\\\/\\\/www.organisator.ch\\\/wp-content\\\/uploads\\\/2018\\\/08\\\/Fit-for-Management-2018-Fit-im-Beruf-durch-Veraenderungen_Organisator.jpg\",\"width\":640,\"height\":426,\"caption\":\"Der Swiss Management Run bildet das Highlight des Symposiums Fit for Management. (Bild: AlphaFoto)\"},{\"@type\":\"BreadcrumbList\",\"@id\":\"https:\\\/\\\/www.organisator.ch\\\/human-resources\\\/fit_im_job\\\/2018-08-09\\\/fit-for-management-2018-fit-im-beruf-durch-veraenderungen\\\/#breadcrumb\",\"itemListElement\":[{\"@type\":\"ListItem\",\"position\":1,\"name\":\"Home\",\"item\":\"https:\\\/\\\/www.organisator.ch\\\/\"},{\"@type\":\"ListItem\",\"position\":2,\"name\":\"Fit for Management 2018: Fit im Beruf durch Ver\u00e4nderungen\"}]},{\"@type\":\"WebSite\",\"@id\":\"https:\\\/\\\/www.organisator.ch\\\/#website\",\"url\":\"https:\\\/\\\/www.organisator.ch\\\/\",\"name\":\"Organisator\",\"description\":\"Kompetent. Praxisnah. Der ORGANISATOR bereitet in 10 Ausgaben pro Jahr die wesentlichen Themen f\u00fcr F\u00fchrungskr\u00e4fte von KMU auf.\",\"publisher\":{\"@id\":\"https:\\\/\\\/www.organisator.ch\\\/#organization\"},\"potentialAction\":[{\"@type\":\"SearchAction\",\"target\":{\"@type\":\"EntryPoint\",\"urlTemplate\":\"https:\\\/\\\/www.organisator.ch\\\/?s={search_term_string}\"},\"query-input\":{\"@type\":\"PropertyValueSpecification\",\"valueRequired\":true,\"valueName\":\"search_term_string\"}}],\"inLanguage\":\"de\"},{\"@type\":\"Organization\",\"@id\":\"https:\\\/\\\/www.organisator.ch\\\/#organization\",\"name\":\"Organisator\",\"url\":\"https:\\\/\\\/www.organisator.ch\\\/\",\"logo\":{\"@type\":\"ImageObject\",\"inLanguage\":\"de\",\"@id\":\"https:\\\/\\\/www.organisator.ch\\\/#\\\/schema\\\/logo\\\/image\\\/\",\"url\":\"https:\\\/\\\/www.organisator.ch\\\/wp-content\\\/uploads\\\/2022\\\/01\\\/Logo_Organisator_Website.png\",\"contentUrl\":\"https:\\\/\\\/www.organisator.ch\\\/wp-content\\\/uploads\\\/2022\\\/01\\\/Logo_Organisator_Website.png\",\"width\":800,\"height\":77,\"caption\":\"Organisator\"},\"image\":{\"@id\":\"https:\\\/\\\/www.organisator.ch\\\/#\\\/schema\\\/logo\\\/image\\\/\"},\"sameAs\":[\"https:\\\/\\\/www.facebook.com\\\/OrganisatorFachmagazin\",\"https:\\\/\\\/www.linkedin.com\\\/showcase\\\/organisator-das-magazin-fr-kmu\",\"https:\\\/\\\/www.xing.com\\\/news\\\/pages\\\/organisator-ch-695\",\"https:\\\/\\\/www.youtube.com\\\/channel\\\/UCGP2Sq0iWaZwT3BdIAQFYpw\"]},{\"@type\":\"Person\",\"@id\":\"https:\\\/\\\/www.organisator.ch\\\/#\\\/schema\\\/person\\\/6f650f90b2842cd4c0cc334b4e36f67e\",\"name\":\"thomas.berner\",\"image\":{\"@type\":\"ImageObject\",\"inLanguage\":\"de\",\"@id\":\"https:\\\/\\\/secure.gravatar.com\\\/avatar\\\/ac5001d2a36cb6c6cd3e50789007ffca834b477b74a2144564522e944eabff61?s=96&d=mm&r=g\",\"url\":\"https:\\\/\\\/secure.gravatar.com\\\/avatar\\\/ac5001d2a36cb6c6cd3e50789007ffca834b477b74a2144564522e944eabff61?s=96&d=mm&r=g\",\"contentUrl\":\"https:\\\/\\\/secure.gravatar.com\\\/avatar\\\/ac5001d2a36cb6c6cd3e50789007ffca834b477b74a2144564522e944eabff61?s=96&d=mm&r=g\",\"caption\":\"thomas.berner\"},\"url\":\"https:\\\/\\\/www.organisator.ch\\\/de\\\/author\\\/thomas-berner\\\/\"}]}<\/script>\n<!-- \/ Yoast SEO plugin. -->","yoast_head_json":{"title":"Fit for Management 2018: Fit im Beruf durch Ver\u00e4nderungen - Organisator","description":"Am Symposium Fit for Management vom 14. September werden in Arosa 300 Teilnehmer erwartet. Unter den Referenten ist auch Ex-FCB Pr\u00e4sident Bernhard Heusler.","robots":{"index":"index","follow":"follow","max-snippet":"max-snippet:-1","max-image-preview":"max-image-preview:large","max-video-preview":"max-video-preview:-1"},"canonical":"https:\/\/www.organisator.ch\/de\/human-resources\/fit_im_job\/2018-08-09\/fit-for-management-2018-fit-im-beruf-durch-veraenderungen\/","og_locale":"de_DE","og_type":"article","og_title":"Fit for Management 2018: Fit im Beruf durch Ver\u00e4nderungen","og_description":"Am Symposium Fit for Management vom 14. September werden in #Arosa 300 Teilnehmer erwartet. Unter den Referenten ist auch Ex-FCB Pr\u00e4sident Bernhard #Heusler.","og_url":"https:\/\/www.organisator.ch\/de\/human-resources\/fit_im_job\/2018-08-09\/fit-for-management-2018-fit-im-beruf-durch-veraenderungen\/","og_site_name":"Organisator","article_publisher":"https:\/\/www.facebook.com\/OrganisatorFachmagazin","article_published_time":"2018-08-09T06:21:54+00:00","og_image":[{"width":640,"height":426,"url":"https:\/\/www.organisator.ch\/wp-content\/uploads\/2018\/08\/Fit-for-Management-2018-Fit-im-Beruf-durch-Veraenderungen_Organisator.jpg","type":"image\/jpeg"}],"author":"thomas.berner","twitter_card":"summary_large_image","twitter_title":"Fit for Management 2018: Fit im Beruf durch Ver\u00e4nderungen","twitter_description":"Am Symposium Fit for Management vom 14. September werden in #Arosa 300 Teilnehmer erwartet. Unter den Referenten ist auch Ex-FCB Pr\u00e4sident Bernhard #Heusler.","twitter_image":"https:\/\/www.organisator.ch\/wp-content\/uploads\/2018\/08\/Fit-for-Management-2018-Fit-im-Beruf-durch-Ver\u00e4nderungen_Organisator.jpg","schema":{"@context":"https:\/\/schema.org","@graph":[{"@type":"Article","@id":"https:\/\/www.organisator.ch\/human-resources\/fit_im_job\/2018-08-09\/fit-for-management-2018-fit-im-beruf-durch-veraenderungen\/#article","isPartOf":{"@id":"https:\/\/www.organisator.ch\/human-resources\/fit_im_job\/2018-08-09\/fit-for-management-2018-fit-im-beruf-durch-veraenderungen\/"},"author":{"name":"thomas.berner","@id":"https:\/\/www.organisator.ch\/#\/schema\/person\/6f650f90b2842cd4c0cc334b4e36f67e"},"headline":"Fit for Management 2018: Fit im Beruf durch Ver\u00e4nderungen","datePublished":"2018-08-09T06:21:54+00:00","mainEntityOfPage":{"@id":"https:\/\/www.organisator.ch\/human-resources\/fit_im_job\/2018-08-09\/fit-for-management-2018-fit-im-beruf-durch-veraenderungen\/"},"wordCount":316,"commentCount":0,"publisher":{"@id":"https:\/\/www.organisator.ch\/#organization"},"image":{"@id":"https:\/\/www.organisator.ch\/human-resources\/fit_im_job\/2018-08-09\/fit-for-management-2018-fit-im-beruf-durch-veraenderungen\/#primaryimage"},"thumbnailUrl":"https:\/\/www.organisator.ch\/wp-content\/uploads\/2018\/08\/Fit-for-Management-2018-Fit-im-Beruf-durch-Veraenderungen_Organisator.jpg","keywords":["Betriebliches Gesundheitsmanagement","Fachkongress\/Fachmesse","Fit im Job","Veranstaltungen"],"articleSection":["FIT IM JOB"],"inLanguage":"de"},{"@type":"WebPage","@id":"https:\/\/www.organisator.ch\/human-resources\/fit_im_job\/2018-08-09\/fit-for-management-2018-fit-im-beruf-durch-veraenderungen\/","url":"https:\/\/www.organisator.ch\/human-resources\/fit_im_job\/2018-08-09\/fit-for-management-2018-fit-im-beruf-durch-veraenderungen\/","name":"Fit for Management 2018: Fit im Beruf durch Ver\u00e4nderungen - Organisator","isPartOf":{"@id":"https:\/\/www.organisator.ch\/#website"},"primaryImageOfPage":{"@id":"https:\/\/www.organisator.ch\/human-resources\/fit_im_job\/2018-08-09\/fit-for-management-2018-fit-im-beruf-durch-veraenderungen\/#primaryimage"},"image":{"@id":"https:\/\/www.organisator.ch\/human-resources\/fit_im_job\/2018-08-09\/fit-for-management-2018-fit-im-beruf-durch-veraenderungen\/#primaryimage"},"thumbnailUrl":"https:\/\/www.organisator.ch\/wp-content\/uploads\/2018\/08\/Fit-for-Management-2018-Fit-im-Beruf-durch-Veraenderungen_Organisator.jpg","datePublished":"2018-08-09T06:21:54+00:00","description":"Am Symposium Fit for Management vom 14. September werden in Arosa 300 Teilnehmer erwartet. Unter den Referenten ist auch Ex-FCB Pr\u00e4sident Bernhard Heusler.","breadcrumb":{"@id":"https:\/\/www.organisator.ch\/human-resources\/fit_im_job\/2018-08-09\/fit-for-management-2018-fit-im-beruf-durch-veraenderungen\/#breadcrumb"},"inLanguage":"de","potentialAction":[{"@type":"ReadAction","target":["https:\/\/www.organisator.ch\/human-resources\/fit_im_job\/2018-08-09\/fit-for-management-2018-fit-im-beruf-durch-veraenderungen\/"]}]},{"@type":"ImageObject","inLanguage":"de","@id":"https:\/\/www.organisator.ch\/human-resources\/fit_im_job\/2018-08-09\/fit-for-management-2018-fit-im-beruf-durch-veraenderungen\/#primaryimage","url":"https:\/\/www.organisator.ch\/wp-content\/uploads\/2018\/08\/Fit-for-Management-2018-Fit-im-Beruf-durch-Veraenderungen_Organisator.jpg","contentUrl":"https:\/\/www.organisator.ch\/wp-content\/uploads\/2018\/08\/Fit-for-Management-2018-Fit-im-Beruf-durch-Veraenderungen_Organisator.jpg","width":640,"height":426,"caption":"Der Swiss Management Run bildet das Highlight des Symposiums Fit for Management. (Bild: AlphaFoto)"},{"@type":"BreadcrumbList","@id":"https:\/\/www.organisator.ch\/human-resources\/fit_im_job\/2018-08-09\/fit-for-management-2018-fit-im-beruf-durch-veraenderungen\/#breadcrumb","itemListElement":[{"@type":"ListItem","position":1,"name":"Home","item":"https:\/\/www.organisator.ch\/"},{"@type":"ListItem","position":2,"name":"Fit for Management 2018: Fit im Beruf durch Ver\u00e4nderungen"}]},{"@type":"WebSite","@id":"https:\/\/www.organisator.ch\/#website","url":"https:\/\/www.organisator.ch\/","name":"Organisator","description":"Kompetent. Praxisnah. Der ORGANISATOR bereitet in 10 Ausgaben pro Jahr die wesentlichen Themen f\u00fcr F\u00fchrungskr\u00e4fte von KMU auf.","publisher":{"@id":"https:\/\/www.organisator.ch\/#organization"},"potentialAction":[{"@type":"SearchAction","target":{"@type":"EntryPoint","urlTemplate":"https:\/\/www.organisator.ch\/?s={search_term_string}"},"query-input":{"@type":"PropertyValueSpecification","valueRequired":true,"valueName":"search_term_string"}}],"inLanguage":"de"},{"@type":"Organization","@id":"https:\/\/www.organisator.ch\/#organization","name":"Organisator","url":"https:\/\/www.organisator.ch\/","logo":{"@type":"ImageObject","inLanguage":"de","@id":"https:\/\/www.organisator.ch\/#\/schema\/logo\/image\/","url":"https:\/\/www.organisator.ch\/wp-content\/uploads\/2022\/01\/Logo_Organisator_Website.png","contentUrl":"https:\/\/www.organisator.ch\/wp-content\/uploads\/2022\/01\/Logo_Organisator_Website.png","width":800,"height":77,"caption":"Organisator"},"image":{"@id":"https:\/\/www.organisator.ch\/#\/schema\/logo\/image\/"},"sameAs":["https:\/\/www.facebook.com\/OrganisatorFachmagazin","https:\/\/www.linkedin.com\/showcase\/organisator-das-magazin-fr-kmu","https:\/\/www.xing.com\/news\/pages\/organisator-ch-695","https:\/\/www.youtube.com\/channel\/UCGP2Sq0iWaZwT3BdIAQFYpw"]},{"@type":"Person","@id":"https:\/\/www.organisator.ch\/#\/schema\/person\/6f650f90b2842cd4c0cc334b4e36f67e","name":"thomas.berner","image":{"@type":"ImageObject","inLanguage":"de","@id":"https:\/\/secure.gravatar.com\/avatar\/ac5001d2a36cb6c6cd3e50789007ffca834b477b74a2144564522e944eabff61?s=96&d=mm&r=g","url":"https:\/\/secure.gravatar.com\/avatar\/ac5001d2a36cb6c6cd3e50789007ffca834b477b74a2144564522e944eabff61?s=96&d=mm&r=g","contentUrl":"https:\/\/secure.gravatar.com\/avatar\/ac5001d2a36cb6c6cd3e50789007ffca834b477b74a2144564522e944eabff61?s=96&d=mm&r=g","caption":"thomas.berner"},"url":"https:\/\/www.organisator.ch\/de\/author\/thomas-berner\/"}]}},"_links":{"self":[{"href":"https:\/\/www.organisator.ch\/de\/wp-json\/wp\/v2\/posts\/4046","targetHints":{"allow":["GET"]}}],"collection":[{"href":"https:\/\/www.organisator.ch\/de\/wp-json\/wp\/v2\/posts"}],"about":[{"href":"https:\/\/www.organisator.ch\/de\/wp-json\/wp\/v2\/types\/post"}],"author":[{"embeddable":true,"href":"https:\/\/www.organisator.ch\/de\/wp-json\/wp\/v2\/users\/4"}],"replies":[{"embeddable":true,"href":"https:\/\/www.organisator.ch\/de\/wp-json\/wp\/v2\/comments?post=4046"}],"version-history":[{"count":0,"href":"https:\/\/www.organisator.ch\/de\/wp-json\/wp\/v2\/posts\/4046\/revisions"}],"wp:featuredmedia":[{"embeddable":true,"href":"https:\/\/www.organisator.ch\/de\/wp-json\/wp\/v2\/media\/4047"}],"wp:attachment":[{"href":"https:\/\/www.organisator.ch\/de\/wp-json\/wp\/v2\/media?parent=4046"}],"wp:term":[{"taxonomy":"category","embeddable":true,"href":"https:\/\/www.organisator.ch\/de\/wp-json\/wp\/v2\/categories?post=4046"},{"taxonomy":"post_tag","embeddable":true,"href":"https:\/\/www.organisator.ch\/de\/wp-json\/wp\/v2\/tags?post=4046"}],"curies":[{"name":"wp","href":"https:\/\/api.w.org\/{rel}","templated":true}]}}