{"id":40497,"date":"2025-09-10T17:07:20","date_gmt":"2025-09-10T15:07:20","guid":{"rendered":"https:\/\/www.markt-kom.com\/?p=240076"},"modified":"2025-09-11T07:40:21","modified_gmt":"2025-09-11T05:40:21","slug":"blueten-und-perlen-liebe-mitgliederinnen","status":"publish","type":"post","link":"https:\/\/www.organisator.ch\/de\/marketing\/2025-09-10\/blueten-und-perlen-liebe-mitgliederinnen\/","title":{"rendered":"Bl\u00fcten und Perlen: Liebe Mitglieder:innen"},"content":{"rendered":"<p><img class=\"alignnone size-full wp-image-240078\" src=\"https:\/\/www.markt-kom.com\/wp-content\/uploads\/2025\/09\/kolumne-13-Gendern.jpg\" sizes=\"(max-width: 1200px) 100vw, 1200px\" srcset=\"https:\/\/www.markt-kom.com\/wp-content\/uploads\/2025\/09\/kolumne-13-Gendern.jpg 1200w, https:\/\/www.markt-kom.com\/wp-content\/uploads\/2025\/09\/kolumne-13-Gendern-600x395.jpg 600w, https:\/\/www.markt-kom.com\/wp-content\/uploads\/2025\/09\/kolumne-13-Gendern-1024x673.jpg 1024w, https:\/\/www.markt-kom.com\/wp-content\/uploads\/2025\/09\/kolumne-13-Gendern-768x505.jpg 768w, https:\/\/www.markt-kom.com\/wp-content\/uploads\/2025\/09\/kolumne-13-Gendern-18x12.jpg 18w, https:\/\/www.markt-kom.com\/wp-content\/uploads\/2025\/09\/kolumne-13-Gendern-266x175.jpg 266w, https:\/\/www.markt-kom.com\/wp-content\/uploads\/2025\/09\/kolumne-13-Gendern-532x350.jpg 532w, https:\/\/www.markt-kom.com\/wp-content\/uploads\/2025\/09\/kolumne-13-Gendern-1000x658.jpg 1000w\" alt=\"\" width=\"1200\" height=\"789\" \/>Gendern ist sprachlich gesehen selten eine wirkliche Herausforderung \u2013 trotzdem macht man damit fast immer etwas falsch. Man gendert es nie allen recht.<\/p>\r\n<p>Zu viel, zu wenig, zu demonstrativ, zu nonchalant\u2026 alles bekommt man um die Ohren gehauen, noch am selben Tag. Und das auch in F\u00e4llen, die sprachlich eigentlich v\u00f6llig klar sind und gar nichts mit dem Thema zu tun haben.<\/p>\r\n<p>Dass <em>eine<\/em> Bank <em>eine<\/em> Arbeitgeberin ist, hat mit unterschwelliger Ideologie nichts zu tun, sondern mit Grammatik. Ebenso wenig steckt Weltanschauung dahinter, wenn Mitglieder nicht gegendert werden. Genus und Gendern ist nicht dasselbe \u2013 bei ersterem gibt es keinen Spielraum, bei zweiterem zu viel.<\/p>\r\n<h3><strong>Sumpfige Fettn\u00e4pfin<\/strong><\/h3>\r\n<p>Der Duden bietet zwar M\u00f6glichkeiten f\u00fcr das Gendern an, aber keine Norm. Darum sind wir alle nun Genderpionierende und der Duden wird sich solange zur\u00fcckhalten, bis sich auf dem Schlachtfeld der Ideologien endlich etwas durchgesetzt hat, um das dann zur Norm zu kr\u00f6nen.<\/p>\r\n<p>Dieses Pioniertum ist anstrengend und braucht manchmal sogar Fantasie und Anpassungsf\u00e4higkeit (bl\u00f6rg), muss st\u00e4ndig abgeglichen (argh) und diskutiert werden (ach n\u00f6) und braucht insgesamt einen starken Willen (l\u00e4ngst gebrochen). Eine riesige, sumpfige, kaum zu umgehende Fettn\u00e4pfin. Das ist f\u00fcr die meisten verst\u00e4ndlicherweise eine \u00dcberforderung und nervt irgendwann einfach.<\/p>\r\n<p>Wer also gendert und sich dabei auch noch M\u00fche gibt, leistet definitiv Pionierarbeit. Und wer nicht gendert, hat definitiv nichts begriffen. Gendern sollte unideologisch sein, selbstverst\u00e4ndlich \u2013 normal. Aber f\u00fcr Normalit\u00e4t braucht es eine Norm. Also, mach mal hin, Duden.<\/p>","protected":false},"excerpt":{"rendered":"<p>Sarah Pally, Linguistin und Partnerin bei der Agentur Partner &amp; Partner, nimmt in ihrer Kolumne \u00abBl\u00fcten und Perlen\u00bb die (Werbe-)Sprache unter die Lupe. Dieses Mal dreht sich alles ums Gendern.<\/p>\n","protected":false},"author":8,"featured_media":0,"comment_status":"closed","ping_status":"closed","sticky":false,"template":"","format":"standard","meta":{"_acf_changed":false,"_yoast_wpseo_focuskw":"Bl\u00fcten und Perlen","_yoast_wpseo_metadesc":"Linguistin Sarah Pally von der Agentur Partner & Partner nimmt in ihrer Kolumne \u00abBl\u00fcten und Perlen\u00bb die (Werbe-)Sprache unter die Lupe.","articlekey":"","footnotes":""},"categories":[29],"tags":[4348,4343],"class_list":["post-40497","post","type-post","status-publish","format-standard","hentry","category-marketing","tag-mk-format","tag-markom"],"acf":[],"yoast_head":"<!-- This site is optimized with the Yoast SEO plugin v27.5 - https:\/\/yoast.com\/product\/yoast-seo-wordpress\/ -->\n<title>Bl\u00fcten und Perlen: Liebe Mitglieder:innen - Organisator<\/title>\n<meta name=\"description\" content=\"Linguistin Sarah Pally von der Agentur Partner &amp; Partner nimmt in ihrer Kolumne \u00abBl\u00fcten und Perlen\u00bb die (Werbe-)Sprache unter die Lupe.\" \/>\n<meta name=\"robots\" content=\"index, follow, max-snippet:-1, max-image-preview:large, max-video-preview:-1\" \/>\n<link rel=\"canonical\" href=\"https:\/\/www.organisator.ch\/de\/marketing\/2025-09-10\/blueten-und-perlen-liebe-mitgliederinnen\/\" \/>\n<meta property=\"og:locale\" content=\"de_DE\" \/>\n<meta property=\"og:type\" content=\"article\" \/>\n<meta property=\"og:title\" content=\"Bl\u00fcten und Perlen: Liebe Mitglieder:innen - Organisator\" \/>\n<meta property=\"og:description\" content=\"Linguistin Sarah Pally von der Agentur Partner &amp; Partner nimmt in ihrer Kolumne \u00abBl\u00fcten und Perlen\u00bb die (Werbe-)Sprache unter die Lupe.\" \/>\n<meta property=\"og:url\" content=\"https:\/\/www.organisator.ch\/de\/marketing\/2025-09-10\/blueten-und-perlen-liebe-mitgliederinnen\/\" \/>\n<meta property=\"og:site_name\" content=\"Organisator\" \/>\n<meta property=\"article:publisher\" content=\"https:\/\/www.facebook.com\/OrganisatorFachmagazin\" \/>\n<meta property=\"article:published_time\" content=\"2025-09-10T15:07:20+00:00\" \/>\n<meta property=\"article:modified_time\" content=\"2025-09-11T05:40:21+00:00\" \/>\n<meta name=\"author\" content=\"galledia\" \/>\n<meta name=\"twitter:card\" content=\"summary_large_image\" \/>\n<meta name=\"twitter:creator\" content=\"@admin\" \/>\n<script type=\"application\/ld+json\" class=\"yoast-schema-graph\">{\"@context\":\"https:\\\/\\\/schema.org\",\"@graph\":[{\"@type\":\"Article\",\"@id\":\"https:\\\/\\\/www.organisator.ch\\\/marketing\\\/2025-09-10\\\/blueten-und-perlen-liebe-mitgliederinnen\\\/#article\",\"isPartOf\":{\"@id\":\"https:\\\/\\\/www.organisator.ch\\\/marketing\\\/2025-09-10\\\/blueten-und-perlen-liebe-mitgliederinnen\\\/\"},\"author\":{\"name\":\"galledia\",\"@id\":\"https:\\\/\\\/www.organisator.ch\\\/#\\\/schema\\\/person\\\/4e51799071cd2dd1232ac003643ef5f0\"},\"headline\":\"Bl\u00fcten und Perlen: Liebe Mitglieder:innen\",\"datePublished\":\"2025-09-10T15:07:20+00:00\",\"dateModified\":\"2025-09-11T05:40:21+00:00\",\"mainEntityOfPage\":{\"@id\":\"https:\\\/\\\/www.organisator.ch\\\/marketing\\\/2025-09-10\\\/blueten-und-perlen-liebe-mitgliederinnen\\\/\"},\"wordCount\":260,\"publisher\":{\"@id\":\"https:\\\/\\\/www.organisator.ch\\\/#organization\"},\"image\":{\"@id\":\"https:\\\/\\\/www.organisator.ch\\\/marketing\\\/2025-09-10\\\/blueten-und-perlen-liebe-mitgliederinnen\\\/#primaryimage\"},\"thumbnailUrl\":\"https:\\\/\\\/www.markt-kom.com\\\/wp-content\\\/uploads\\\/2025\\\/09\\\/kolumne-13-Gendern.jpg\",\"keywords\":[\"m&amp;k FORMAT\",\"MarKom\"],\"articleSection\":[\"MARKETING\"],\"inLanguage\":\"de\"},{\"@type\":\"WebPage\",\"@id\":\"https:\\\/\\\/www.organisator.ch\\\/marketing\\\/2025-09-10\\\/blueten-und-perlen-liebe-mitgliederinnen\\\/\",\"url\":\"https:\\\/\\\/www.organisator.ch\\\/marketing\\\/2025-09-10\\\/blueten-und-perlen-liebe-mitgliederinnen\\\/\",\"name\":\"Bl\u00fcten und Perlen: Liebe Mitglieder:innen - Organisator\",\"isPartOf\":{\"@id\":\"https:\\\/\\\/www.organisator.ch\\\/#website\"},\"primaryImageOfPage\":{\"@id\":\"https:\\\/\\\/www.organisator.ch\\\/marketing\\\/2025-09-10\\\/blueten-und-perlen-liebe-mitgliederinnen\\\/#primaryimage\"},\"image\":{\"@id\":\"https:\\\/\\\/www.organisator.ch\\\/marketing\\\/2025-09-10\\\/blueten-und-perlen-liebe-mitgliederinnen\\\/#primaryimage\"},\"thumbnailUrl\":\"https:\\\/\\\/www.markt-kom.com\\\/wp-content\\\/uploads\\\/2025\\\/09\\\/kolumne-13-Gendern.jpg\",\"datePublished\":\"2025-09-10T15:07:20+00:00\",\"dateModified\":\"2025-09-11T05:40:21+00:00\",\"description\":\"Linguistin Sarah Pally von der Agentur Partner & Partner nimmt in ihrer Kolumne \u00abBl\u00fcten und Perlen\u00bb die (Werbe-)Sprache unter die Lupe.\",\"breadcrumb\":{\"@id\":\"https:\\\/\\\/www.organisator.ch\\\/marketing\\\/2025-09-10\\\/blueten-und-perlen-liebe-mitgliederinnen\\\/#breadcrumb\"},\"inLanguage\":\"de\",\"potentialAction\":[{\"@type\":\"ReadAction\",\"target\":[\"https:\\\/\\\/www.organisator.ch\\\/marketing\\\/2025-09-10\\\/blueten-und-perlen-liebe-mitgliederinnen\\\/\"]}]},{\"@type\":\"ImageObject\",\"inLanguage\":\"de\",\"@id\":\"https:\\\/\\\/www.organisator.ch\\\/marketing\\\/2025-09-10\\\/blueten-und-perlen-liebe-mitgliederinnen\\\/#primaryimage\",\"url\":\"https:\\\/\\\/www.markt-kom.com\\\/wp-content\\\/uploads\\\/2025\\\/09\\\/kolumne-13-Gendern.jpg\",\"contentUrl\":\"https:\\\/\\\/www.markt-kom.com\\\/wp-content\\\/uploads\\\/2025\\\/09\\\/kolumne-13-Gendern.jpg\"},{\"@type\":\"BreadcrumbList\",\"@id\":\"https:\\\/\\\/www.organisator.ch\\\/marketing\\\/2025-09-10\\\/blueten-und-perlen-liebe-mitgliederinnen\\\/#breadcrumb\",\"itemListElement\":[{\"@type\":\"ListItem\",\"position\":1,\"name\":\"Home\",\"item\":\"https:\\\/\\\/www.organisator.ch\\\/\"},{\"@type\":\"ListItem\",\"position\":2,\"name\":\"Bl\u00fcten und Perlen: Liebe Mitglieder:innen\"}]},{\"@type\":\"WebSite\",\"@id\":\"https:\\\/\\\/www.organisator.ch\\\/#website\",\"url\":\"https:\\\/\\\/www.organisator.ch\\\/\",\"name\":\"Organisator\",\"description\":\"Kompetent. Praxisnah. Der ORGANISATOR bereitet in 10 Ausgaben pro Jahr die wesentlichen Themen f\u00fcr F\u00fchrungskr\u00e4fte von KMU auf.\",\"publisher\":{\"@id\":\"https:\\\/\\\/www.organisator.ch\\\/#organization\"},\"potentialAction\":[{\"@type\":\"SearchAction\",\"target\":{\"@type\":\"EntryPoint\",\"urlTemplate\":\"https:\\\/\\\/www.organisator.ch\\\/?s={search_term_string}\"},\"query-input\":{\"@type\":\"PropertyValueSpecification\",\"valueRequired\":true,\"valueName\":\"search_term_string\"}}],\"inLanguage\":\"de\"},{\"@type\":\"Organization\",\"@id\":\"https:\\\/\\\/www.organisator.ch\\\/#organization\",\"name\":\"Organisator\",\"url\":\"https:\\\/\\\/www.organisator.ch\\\/\",\"logo\":{\"@type\":\"ImageObject\",\"inLanguage\":\"de\",\"@id\":\"https:\\\/\\\/www.organisator.ch\\\/#\\\/schema\\\/logo\\\/image\\\/\",\"url\":\"https:\\\/\\\/www.organisator.ch\\\/wp-content\\\/uploads\\\/2022\\\/01\\\/Logo_Organisator_Website.png\",\"contentUrl\":\"https:\\\/\\\/www.organisator.ch\\\/wp-content\\\/uploads\\\/2022\\\/01\\\/Logo_Organisator_Website.png\",\"width\":800,\"height\":77,\"caption\":\"Organisator\"},\"image\":{\"@id\":\"https:\\\/\\\/www.organisator.ch\\\/#\\\/schema\\\/logo\\\/image\\\/\"},\"sameAs\":[\"https:\\\/\\\/www.facebook.com\\\/OrganisatorFachmagazin\",\"https:\\\/\\\/www.linkedin.com\\\/showcase\\\/organisator-das-magazin-fr-kmu\",\"https:\\\/\\\/www.xing.com\\\/news\\\/pages\\\/organisator-ch-695\",\"https:\\\/\\\/www.youtube.com\\\/channel\\\/UCGP2Sq0iWaZwT3BdIAQFYpw\"]},{\"@type\":\"Person\",\"@id\":\"https:\\\/\\\/www.organisator.ch\\\/#\\\/schema\\\/person\\\/4e51799071cd2dd1232ac003643ef5f0\",\"name\":\"galledia\",\"image\":{\"@type\":\"ImageObject\",\"inLanguage\":\"de\",\"@id\":\"https:\\\/\\\/secure.gravatar.com\\\/avatar\\\/78a7f90c01fc2bfc875782a0d4922b37cde2cf184ce347b91316d23cd7f69a36?s=96&d=mm&r=g\",\"url\":\"https:\\\/\\\/secure.gravatar.com\\\/avatar\\\/78a7f90c01fc2bfc875782a0d4922b37cde2cf184ce347b91316d23cd7f69a36?s=96&d=mm&r=g\",\"contentUrl\":\"https:\\\/\\\/secure.gravatar.com\\\/avatar\\\/78a7f90c01fc2bfc875782a0d4922b37cde2cf184ce347b91316d23cd7f69a36?s=96&d=mm&r=g\",\"caption\":\"galledia\"},\"sameAs\":[\"https:\\\/\\\/x.com\\\/admin\"],\"url\":\"https:\\\/\\\/www.organisator.ch\\\/de\\\/author\\\/galledia\\\/\"}]}<\/script>\n<!-- \/ Yoast SEO plugin. -->","yoast_head_json":{"title":"Bl\u00fcten und Perlen: Liebe Mitglieder:innen - Organisator","description":"Linguistin Sarah Pally von der Agentur Partner & Partner nimmt in ihrer Kolumne \u00abBl\u00fcten und Perlen\u00bb die (Werbe-)Sprache unter die Lupe.","robots":{"index":"index","follow":"follow","max-snippet":"max-snippet:-1","max-image-preview":"max-image-preview:large","max-video-preview":"max-video-preview:-1"},"canonical":"https:\/\/www.organisator.ch\/de\/marketing\/2025-09-10\/blueten-und-perlen-liebe-mitgliederinnen\/","og_locale":"de_DE","og_type":"article","og_title":"Bl\u00fcten und Perlen: Liebe Mitglieder:innen - Organisator","og_description":"Linguistin Sarah Pally von der Agentur Partner & Partner nimmt in ihrer Kolumne \u00abBl\u00fcten und Perlen\u00bb die (Werbe-)Sprache unter die Lupe.","og_url":"https:\/\/www.organisator.ch\/de\/marketing\/2025-09-10\/blueten-und-perlen-liebe-mitgliederinnen\/","og_site_name":"Organisator","article_publisher":"https:\/\/www.facebook.com\/OrganisatorFachmagazin","article_published_time":"2025-09-10T15:07:20+00:00","article_modified_time":"2025-09-11T05:40:21+00:00","author":"galledia","twitter_card":"summary_large_image","twitter_creator":"@admin","schema":{"@context":"https:\/\/schema.org","@graph":[{"@type":"Article","@id":"https:\/\/www.organisator.ch\/marketing\/2025-09-10\/blueten-und-perlen-liebe-mitgliederinnen\/#article","isPartOf":{"@id":"https:\/\/www.organisator.ch\/marketing\/2025-09-10\/blueten-und-perlen-liebe-mitgliederinnen\/"},"author":{"name":"galledia","@id":"https:\/\/www.organisator.ch\/#\/schema\/person\/4e51799071cd2dd1232ac003643ef5f0"},"headline":"Bl\u00fcten und Perlen: Liebe Mitglieder:innen","datePublished":"2025-09-10T15:07:20+00:00","dateModified":"2025-09-11T05:40:21+00:00","mainEntityOfPage":{"@id":"https:\/\/www.organisator.ch\/marketing\/2025-09-10\/blueten-und-perlen-liebe-mitgliederinnen\/"},"wordCount":260,"publisher":{"@id":"https:\/\/www.organisator.ch\/#organization"},"image":{"@id":"https:\/\/www.organisator.ch\/marketing\/2025-09-10\/blueten-und-perlen-liebe-mitgliederinnen\/#primaryimage"},"thumbnailUrl":"https:\/\/www.markt-kom.com\/wp-content\/uploads\/2025\/09\/kolumne-13-Gendern.jpg","keywords":["m&amp;k FORMAT","MarKom"],"articleSection":["MARKETING"],"inLanguage":"de"},{"@type":"WebPage","@id":"https:\/\/www.organisator.ch\/marketing\/2025-09-10\/blueten-und-perlen-liebe-mitgliederinnen\/","url":"https:\/\/www.organisator.ch\/marketing\/2025-09-10\/blueten-und-perlen-liebe-mitgliederinnen\/","name":"Bl\u00fcten und Perlen: Liebe Mitglieder:innen - Organisator","isPartOf":{"@id":"https:\/\/www.organisator.ch\/#website"},"primaryImageOfPage":{"@id":"https:\/\/www.organisator.ch\/marketing\/2025-09-10\/blueten-und-perlen-liebe-mitgliederinnen\/#primaryimage"},"image":{"@id":"https:\/\/www.organisator.ch\/marketing\/2025-09-10\/blueten-und-perlen-liebe-mitgliederinnen\/#primaryimage"},"thumbnailUrl":"https:\/\/www.markt-kom.com\/wp-content\/uploads\/2025\/09\/kolumne-13-Gendern.jpg","datePublished":"2025-09-10T15:07:20+00:00","dateModified":"2025-09-11T05:40:21+00:00","description":"Linguistin Sarah Pally von der Agentur Partner & Partner nimmt in ihrer Kolumne \u00abBl\u00fcten und Perlen\u00bb die (Werbe-)Sprache unter die Lupe.","breadcrumb":{"@id":"https:\/\/www.organisator.ch\/marketing\/2025-09-10\/blueten-und-perlen-liebe-mitgliederinnen\/#breadcrumb"},"inLanguage":"de","potentialAction":[{"@type":"ReadAction","target":["https:\/\/www.organisator.ch\/marketing\/2025-09-10\/blueten-und-perlen-liebe-mitgliederinnen\/"]}]},{"@type":"ImageObject","inLanguage":"de","@id":"https:\/\/www.organisator.ch\/marketing\/2025-09-10\/blueten-und-perlen-liebe-mitgliederinnen\/#primaryimage","url":"https:\/\/www.markt-kom.com\/wp-content\/uploads\/2025\/09\/kolumne-13-Gendern.jpg","contentUrl":"https:\/\/www.markt-kom.com\/wp-content\/uploads\/2025\/09\/kolumne-13-Gendern.jpg"},{"@type":"BreadcrumbList","@id":"https:\/\/www.organisator.ch\/marketing\/2025-09-10\/blueten-und-perlen-liebe-mitgliederinnen\/#breadcrumb","itemListElement":[{"@type":"ListItem","position":1,"name":"Home","item":"https:\/\/www.organisator.ch\/"},{"@type":"ListItem","position":2,"name":"Bl\u00fcten und Perlen: Liebe Mitglieder:innen"}]},{"@type":"WebSite","@id":"https:\/\/www.organisator.ch\/#website","url":"https:\/\/www.organisator.ch\/","name":"Organisator","description":"Kompetent. Praxisnah. Der ORGANISATOR bereitet in 10 Ausgaben pro Jahr die wesentlichen Themen f\u00fcr F\u00fchrungskr\u00e4fte von KMU auf.","publisher":{"@id":"https:\/\/www.organisator.ch\/#organization"},"potentialAction":[{"@type":"SearchAction","target":{"@type":"EntryPoint","urlTemplate":"https:\/\/www.organisator.ch\/?s={search_term_string}"},"query-input":{"@type":"PropertyValueSpecification","valueRequired":true,"valueName":"search_term_string"}}],"inLanguage":"de"},{"@type":"Organization","@id":"https:\/\/www.organisator.ch\/#organization","name":"Organisator","url":"https:\/\/www.organisator.ch\/","logo":{"@type":"ImageObject","inLanguage":"de","@id":"https:\/\/www.organisator.ch\/#\/schema\/logo\/image\/","url":"https:\/\/www.organisator.ch\/wp-content\/uploads\/2022\/01\/Logo_Organisator_Website.png","contentUrl":"https:\/\/www.organisator.ch\/wp-content\/uploads\/2022\/01\/Logo_Organisator_Website.png","width":800,"height":77,"caption":"Organisator"},"image":{"@id":"https:\/\/www.organisator.ch\/#\/schema\/logo\/image\/"},"sameAs":["https:\/\/www.facebook.com\/OrganisatorFachmagazin","https:\/\/www.linkedin.com\/showcase\/organisator-das-magazin-fr-kmu","https:\/\/www.xing.com\/news\/pages\/organisator-ch-695","https:\/\/www.youtube.com\/channel\/UCGP2Sq0iWaZwT3BdIAQFYpw"]},{"@type":"Person","@id":"https:\/\/www.organisator.ch\/#\/schema\/person\/4e51799071cd2dd1232ac003643ef5f0","name":"galledia","image":{"@type":"ImageObject","inLanguage":"de","@id":"https:\/\/secure.gravatar.com\/avatar\/78a7f90c01fc2bfc875782a0d4922b37cde2cf184ce347b91316d23cd7f69a36?s=96&d=mm&r=g","url":"https:\/\/secure.gravatar.com\/avatar\/78a7f90c01fc2bfc875782a0d4922b37cde2cf184ce347b91316d23cd7f69a36?s=96&d=mm&r=g","contentUrl":"https:\/\/secure.gravatar.com\/avatar\/78a7f90c01fc2bfc875782a0d4922b37cde2cf184ce347b91316d23cd7f69a36?s=96&d=mm&r=g","caption":"galledia"},"sameAs":["https:\/\/x.com\/admin"],"url":"https:\/\/www.organisator.ch\/de\/author\/galledia\/"}]}},"_links":{"self":[{"href":"https:\/\/www.organisator.ch\/de\/wp-json\/wp\/v2\/posts\/40497","targetHints":{"allow":["GET"]}}],"collection":[{"href":"https:\/\/www.organisator.ch\/de\/wp-json\/wp\/v2\/posts"}],"about":[{"href":"https:\/\/www.organisator.ch\/de\/wp-json\/wp\/v2\/types\/post"}],"author":[{"embeddable":true,"href":"https:\/\/www.organisator.ch\/de\/wp-json\/wp\/v2\/users\/8"}],"replies":[{"embeddable":true,"href":"https:\/\/www.organisator.ch\/de\/wp-json\/wp\/v2\/comments?post=40497"}],"version-history":[{"count":4,"href":"https:\/\/www.organisator.ch\/de\/wp-json\/wp\/v2\/posts\/40497\/revisions"}],"predecessor-version":[{"id":40509,"href":"https:\/\/www.organisator.ch\/de\/wp-json\/wp\/v2\/posts\/40497\/revisions\/40509"}],"wp:attachment":[{"href":"https:\/\/www.organisator.ch\/de\/wp-json\/wp\/v2\/media?parent=40497"}],"wp:term":[{"taxonomy":"category","embeddable":true,"href":"https:\/\/www.organisator.ch\/de\/wp-json\/wp\/v2\/categories?post=40497"},{"taxonomy":"post_tag","embeddable":true,"href":"https:\/\/www.organisator.ch\/de\/wp-json\/wp\/v2\/tags?post=40497"}],"curies":[{"name":"wp","href":"https:\/\/api.w.org\/{rel}","templated":true}]}}