{"id":4050,"date":"2021-04-14T08:36:38","date_gmt":"2021-04-14T06:36:38","guid":{"rendered":"https:\/\/www.umweltperspektiven.ch\/?p=4050"},"modified":"2022-02-09T11:06:09","modified_gmt":"2022-02-09T10:06:09","slug":"was-gibt-der-wald-an-energieholz-her","status":"publish","type":"post","link":"https:\/\/www.organisator.ch\/de\/sustainability\/2021-04-14\/was-gibt-der-wald-an-energieholz-her\/","title":{"rendered":"Wieviel Energieholz liefert der Wald?"},"content":{"rendered":"<figure id=\"attachment_4051\" aria-describedby=\"caption-attachment-4051\" style=\"width: 680px\" class=\"wp-caption aligncenter\"><img loading=\"lazy\" decoding=\"async\" class=\"wp-image-4051 size-medium\" src=\"\/\/www.umweltperspektiven.ch\/wp-content\/uploads\/2021\/04\/waldholz.jpg\" alt=\"Energieholz\" width=\"680\" height=\"414\" srcset=\"https:\/\/www.organisator.ch\/wp-content\/uploads\/2021\/04\/waldholz.jpg 927w, https:\/\/www.organisator.ch\/wp-content\/uploads\/2021\/04\/waldholz-680x414.jpg 680w, https:\/\/www.organisator.ch\/wp-content\/uploads\/2021\/04\/waldholz-768x467.jpg 768w, https:\/\/www.organisator.ch\/wp-content\/uploads\/2021\/04\/waldholz-18x12.jpg 18w, https:\/\/www.organisator.ch\/wp-content\/uploads\/2021\/04\/waldholz-288x175.jpg 288w, https:\/\/www.organisator.ch\/wp-content\/uploads\/2021\/04\/waldholz-575x350.jpg 575w, https:\/\/www.organisator.ch\/wp-content\/uploads\/2021\/04\/waldholz-920x560.jpg 920w, https:\/\/www.organisator.ch\/wp-content\/uploads\/2021\/04\/waldholz-300x183.jpg 300w\" sizes=\"auto, (max-width: 680px) 100vw, 680px\" \/><figcaption id=\"caption-attachment-4051\" class=\"wp-caption-text\">Wieviel Energieholz l\u00e4sst sich in den Schweizer W\u00e4ldern nachhaltig nutzen? Eine interaktive Online-Karte zeigt es. Foto: Thomas Reich, WSL<\/figcaption><\/figure>\n<p>Im Zusammenhang mit dem Klimawandel werden Forderungen nach einer intensiveren Bewirtschaftung von W\u00e4ldern und einer st\u00e4rkeren Nutzung von Waldbiomasse laut. Einerseits soll vermehrt Holz anstelle von anderen Bau- und Werkstoffen zum Einsatz kommen, andererseits soll Holz fossile Brennstoffe als Energietr\u00e4ger ersetzen.<\/p>\n<p>Doch wieviel Waldenergieholz steht zur Nutzung \u00fcberhaupt zur Verf\u00fcgung?<\/p>\n<p>Eine\u00a0<a href=\"\/\/www.sholm.ch\/temp\/matthias\/\">interaktive Karte<\/a>\u00a0der Eidgen\u00f6ssischen Forschungsanstalt WSL gibt darauf Antwort. Sie zeigt die\u00a0\u00f6kologisch nachhaltigen Waldenergieholzpotenziale ESP\u00a0(vom englischen\u00a0Ecological Sustainable Potential). Das ESP stellt die obere Grenze der verf\u00fcgbaren Waldenergieholzmengen dar. Es bezeichnet die Holzmenge, die unter Wahrung \u00f6kologischer Aspekte f\u00fcr die energetische Nutzung zur Verf\u00fcgung steht. Das heisst, Schutzgebiete wie Waldreservate, aber auch Ernteverluste und Totholz sowie das stofflich genutzte Holz wurden zuvor in Abzug gebracht. Unsere Webkarte zeigt nun zeitlich und r\u00e4umlich aufgel\u00f6st, zu welchen Bereitstellungskosten das ESP genutzt werden kann.<\/p>\n<p>Die\u00a0<a href=\"\/\/www.sholm.ch\/temp\/matthias\/\">interaktive Webkarte<\/a>\u00a0erm\u00f6glicht Abfragen und Vergleiche zum ESP nach drei unterschiedlich intensiven Bewirtschaftungsszenarien:<\/p>\n<ol>\n<li>weiter wie bisher (Vorratsanstieg)<\/li>\n<li>st\u00e4rkere Nutzung (moderater Vorratsabbau)<\/li>\n<li>viel st\u00e4rkere Nutzung (starker Vorratsabbau)<\/li>\n<\/ol>\n<p>Zudem lassen sich folgende Variablen anpassen:<\/p>\n<ol>\n<li>Holzart: Laub- oder Nadelholz<\/li>\n<li>Holzmarktsituation: energieholzfreundlich oder weniger energieholzfreundlich<\/li>\n<li>vier Zeitperioden: 2017-2026, 2027-2036, 2037-2046 oder 2047-2056<\/li>\n<\/ol>\n<p>Daraus resultieren die potenziellen Energieholzmengen in den Kantonen, aufgeschl\u00fcsselt nach sieben Kostenklassen. Die Kosten beinhalten die Prozesse der Holzernte inklusive Hackung und Transport bis zur Energieholzanlage. Zudem k\u00f6nnen die Potenziale nach Dimensionen der Holzsortimente (St\u00e4rkeklassen, R1 bis R6) und nach weiteren Baumkompartimenten (Reisig, Rinde und Restderbholz) abgerufen werden. Die Ergebnisse erscheinen in Form von\u00a0Histogrammen\u00a0und als\u00a0exportierbare Dateien\u00a0(.csv).<\/p>\n<p><strong>Methodisches<\/strong><\/p>\n<p>Die Berechnungen basieren auf Daten des Landesforstinventars LFI. Sie folgen einem hierarchischen Ansatz, bei welchem die oben erw\u00e4hnten Restriktionen (z. B. Schutzgebiete, Ernteverluste, Totholz) nacheinander vom theoretisch nutzbaren Waldenergieholzpotenzial abgezogen werden. Dies erm\u00f6glicht die Quantifizierung der Auswirkungen \u00f6kologischer und wirtschaftlicher Restriktionen auf die r\u00e4umliche und zeitliche Verf\u00fcgbarkeit von Waldenergieholz.<\/p>\n<p>Ausgangspunkt der Berechnungen bildet das theoretische Potenzial (TP), welches die maximale Menge des j\u00e4hrlich nutzbaren Holzes in einer Region bezeichnet. Es umfasst den j\u00e4hrlichen Zuwachs, die Mortalit\u00e4t und \u2013 je nach Bewirtschaftungsszenario \u2013 die Mengen eines Vorratsabbaus. In der Realit\u00e4t beschr\u00e4nken \u00f6kologische und \u00f6konomische Restriktionen die Nutzung des Holzes, weshalb diese bei der Ermittlung seiner Verf\u00fcgbarkeit zu ber\u00fccksichtigen sind. Entsprechend leitet sich das\u00a0ESP\u00a0vom theoretischen Potenzial durch Subtraktion der nachstehenden Restriktionen ab:<\/p>\n<ol>\n<li><strong>Mortalit\u00e4t,\u00a0<\/strong>d.h. abgestorbenes Holz (abh\u00e4ngig von der Bewirtschaftung 10-15% des Zuwachses)<\/li>\n<li>Holz aus<strong>\u00a0Naturwaldreservaten<\/strong>, in denen keine Nutzung erfolgt (0,3-25% der Waldfl\u00e4che pro Region)<\/li>\n<li><strong>Ernteverluste<\/strong>, die aufgrund unvollst\u00e4ndiger Nutzung w\u00e4hrend der F\u00e4llung und Verarbeitung sowie des Transports im Wald entstehen (8% des Nadel- und 13% des Laubderbholzes, 50% bzw. 58% des Holzes mit einem Durchmesser kleiner 7 cm)<\/li>\n<li>Anteil des Waldholzes, welcher f\u00fcr wertvollere\u00a0<strong>stoffliche Nutzungen<\/strong>\u00a0(Bauholz, M\u00f6bel, Papier, etc.) verwendet werden kann. Dazu werden zwei Holzmarktsituationen unterschieden:<strong>\u00a0\u00a0<\/strong>energieholzfreundlich oder weniger energieholzfreundlich.<\/li>\n<\/ol>\n<p>Das ESP stellt eine\u00a0<strong>realistischere obere Grenze<\/strong>\u00a0der Verf\u00fcgbarkeit des Waldenergieholzes als das TP dar (f\u00fcr detaillierte Informationen zur Berechnung vgl.\u00a0<a href=\"\/\/www.sciencedirect.com\/science\/article\/abs\/pii\/S0961953420301811\">Thees et al. 2020<\/a>).<\/p>\n<p><strong>Drei Waldbewirtschaftungsszenarien<\/strong><\/p>\n<p>Die Behandlung der Waldbest\u00e4nde bestimmt massgeblich die resultierenden Energieholzpotenziale. Die Ergebnisse der Potenzialanalysen basieren auf drei Bewirtschaftungsszenarien, welche unterschiedlich intensive Eingriffe in die Waldbest\u00e4nde abbilden:<\/p>\n<ol>\n<li>Weiter wie bisher: Entspricht einem kontinuierlichen\u00a0<strong>Vorratsanstieg<\/strong>\u00a0und widerspiegelt die aktuelle Holzernte- und Bewirtschaftungspraxis in der Schweiz, weshalb es als Referenzszenario betrachtet werden kann.<\/li>\n<li>St\u00e4rkere Nutzung, die einen\u00a0<strong>moderaten Vorratsabbau<\/strong>\u00a0darstellt: Die Bewirtschaftung reduziert die Vorr\u00e4te in den Best\u00e4nden auf ~300\u00a0m<sup>3<\/sup>\/ha bis 2046 und soll dadurch das Wachstum des Vorrats beschleunigen.<\/li>\n<li>Viel st\u00e4rkere Nutzung, die einen\u00a0<strong>starken Vorratsabbau\u00a0<\/strong>auf ~250\u00a0m<sup>3<\/sup>\/ha bis 2046 mit h\u00e4ufigeren Durchforstungen und um 40% k\u00fcrzere Umtriebszeiten darstellt.<\/li>\n<\/ol>\n<p>Die drei Szenarien wurden mit dem Simulationsmodell MASSIMO (<a href=\"\/\/www.mdpi.com\/1999-4907\/10\/2\/94\">Stadelmann et al. 2019<\/a>) berechnet. Dieses Modell simuliert das Wachstum und die Bewirtschaftung des Waldes und basiert auf Daten des Schweizer Landesforstinventars. Die Verkn\u00fcpfung mit den Holzernteproduktivit\u00e4tsmodellen\u00a0<a href=\"\/\/www.waldwissen.net\/de\/technik-und-planung\/forsttechnik-und-holzernte\/kalkulationshilfen\/kalkulation-von-holzerntearbeiten\">HeProMo<\/a>\u00a0(<a href=\"\/\/www.dora.lib4ri.ch\/wsl\/islandora\/object\/wsl:26126\/datastream\/PDF\/Holm-2020-HeProMo-(published_version).pdf\">Holm et al. 2020<\/a>) erlaubte es, die zu erwartenden Erntekosten abzusch\u00e4tzen. Gerechnet wurde f\u00fcr 5086 LFI-Stichprobenparzellen mit produktiven W\u00e4ldern, die auf Erhebungen des LFI2 (1983-1985) und des LFI3 (2004-2006) basieren.<\/p>\n<p><strong>Zwei Holzmarktsituationen<\/strong><strong>\u00a0<\/strong><\/p>\n<p>Die Holzmarktsituation entscheidet massgeblich \u00fcber den Anteil und die Menge des Waldholzes, das energetisch genutzt werden kann. Daher wurden s\u00e4mtliche Potenziale f\u00fcr zwei Holzmarktsituationen berechnet, eine energieholzfreundliche und eine weniger energieholzfreundliche.<\/p>\n<p>Die\u00a0energieholzfreundliche Marktsituation\u00a0entspricht einer vermehrten Nutzung des Holzes f\u00fcr Energie direkt nach der Ernte. Bei der\u00a0weniger energieholzfreundlichen Holzmarktsituation\u00a0ist ein gr\u00f6sserer Anteil des Holzes auf eine stoffliche Vornutzung ausgerichtet und steht erst zu einem sp\u00e4teren Zeitpunkt f\u00fcr die energetische Nutzung zur Verf\u00fcgung. Beide Holzmarktsituationen wurden in Absprache mit den schweizerischen Verb\u00e4nden der Forst- und Holzwirtschaft definiert.<\/p>\n<p><strong>Resultate und Folgerungen<\/strong><\/p>\n<p>In den Alpen und Voralpen sowie auf der Alpens\u00fcdseite konnten sich in den letzten Jahrzehnten grosse Holzvorr\u00e4te in den W\u00e4ldern aufbauen, weil wesentlich weniger Holz genutzt wurde, als im gleichen Zeitraum zugewachsen ist. Diese hohen Vorr\u00e4te widerspiegeln die Probleme, W\u00e4lder unter schwierigen Gel\u00e4nde- und Erschliessungsbedingungen wirtschaftlich zu nutzen: Oft lohnt es sich in diesen Lagen nicht, das Holz zu ernten.<\/p>\n<p>Dies hat zur Folge, dass die wirtschaftlich verf\u00fcgbaren Potenziale von Waldenergieholz in den Gebirgsregionen auf weniger als die H\u00e4lfte des \u00f6kologisch nachhaltigen Potenzials in den Vorratsabbau-Szenarien und auf etwas mehr als die H\u00e4lfte im Szenario Vorratsanstieg sinken. Das ESP wird hier also in allen drei Waldbewirtschaftungsszenarien infolge wirtschaftlicher Restriktionen bei weitem nicht genutzt. Im Jura und im Mittelland, wo die W\u00e4lder besser zug\u00e4nglich sind und es sich oft um Laubholzbest\u00e4nde handelt, waren die durch wirtschaftliche Restriktionen bedingten Reduktionen der Waldenergieholzpotenziale deutlich geringer.<\/p>\n<p>Die Ergebnisse zeigen, dass \u00f6kologische und \u00f6konomische Restriktionen das Potenzial von Waldenergieholz stark einschr\u00e4nken und nur 20-30% des j\u00e4hrlichen Holzzuwachses langfristig f\u00fcr energetische Zwecke zur Verf\u00fcgung stehen. Dabei hat die Intensit\u00e4t der Waldbewirtschaftung einen signifikanten Einfluss auf die Mengen der Potenziale. W\u00e4hrend das Referenz-Szenario &#8222;weiter wie bisher&#8220; die konstanteste Waldenergieholzversorgung \u00fcber mehrere Jahrzehnte gew\u00e4hrleistet, ergeben beide Szenarien der Vorratsreduktion gr\u00f6ssere kumulierte Gesamtpotenziale f\u00fcr die Schweiz. Bei der Variante &#8222;moderater Vorratsabbau&#8220; ergibt sich eine Zunahme des ESP um 32%, beim Szenario &#8222;starker Vorratsabbau&#8220; steigt es gar um 52%.<\/p>\n<p>Ein weniger energieholzfreundlicher Holzmarkt unterst\u00fctzt die Kreislaufwirtschaft und Kaskadennutzung des Holzes, sofern die f\u00fcr die Holzverarbeitung notwendigen Industrien vorhanden und die Konzepte der kaskadischen und zirkul\u00e4ren Verwertung umgesetzt sind (<a href=\"\/\/www.dora.lib4ri.ch\/wsl\/islandora\/object\/wsl%3A25500\/datastream\/PDF\/Erni-2020-Current_%282020%29_and_long-term_%282035-%28published_version%29.pdf\">Erni et al. 2020<\/a>).<\/p>\n<p><em>Wissenschaftlicher Originalartikel: Thees, O., Erni, M., Lemm, R., Stadelmann, G., &amp; Zenner, E. K. (2020). Future potentials of sustainable wood fuel from forests in Switzerland. Biomass and Bioenergy, 141, 105647 (11 pp.).\u00a0 <\/em><\/p>\n","protected":false},"excerpt":{"rendered":"<p>Im Zusammenhang mit dem Klimawandel werden Forderungen nach einer intensiveren Bewirtschaftung von W\u00e4ldern und einer st\u00e4rkeren Nutzung von Waldbiomasse laut. Einerseits soll vermehrt Holz anstelle von anderen Bau- und Werkstoffen zum Einsatz kommen, andererseits soll Holz fossile Brennstoffe als Energietr\u00e4ger ersetzen. Doch wieviel Waldenergieholz steht zur Nutzung \u00fcberhaupt zur Verf\u00fcgung? Eine\u00a0interaktive Karte\u00a0der Eidgen\u00f6ssischen Forschungsanstalt WSL [&hellip;]<\/p>\n","protected":false},"author":6,"featured_media":4051,"comment_status":"closed","ping_status":"closed","sticky":false,"template":"","format":"standard","meta":{"_acf_changed":false,"_yoast_wpseo_focuskw":"Energieholz","_yoast_wpseo_metadesc":"Die WSL hat eine interaktive Karte zu den \u00f6kologisch nachhaltigen Waldenergieholzpotenzialen in den Schweizer Kantonen entwickelt.","articlekey":"","footnotes":""},"categories":[580],"tags":[1068,1435,2085,2500,2583],"class_list":["post-4050","post","type-post","status-publish","format-standard","has-post-thumbnail","hentry","category-sustainability","tag-energieholz","tag-interaktive-karte","tag-schweizer-wald","tag-waldenergieholzpotenzialen","tag-wsl"],"acf":[],"yoast_head":"<!-- This site is optimized with the Yoast SEO plugin v27.4 - https:\/\/yoast.com\/product\/yoast-seo-wordpress\/ -->\n<title>Wieviel Energieholz liefert der Wald? - Organisator<\/title>\n<meta name=\"description\" content=\"Die WSL hat eine interaktive Karte zu den \u00f6kologisch nachhaltigen Waldenergieholzpotenzialen in den Schweizer Kantonen entwickelt.\" \/>\n<meta name=\"robots\" content=\"index, follow, max-snippet:-1, max-image-preview:large, max-video-preview:-1\" \/>\n<link rel=\"canonical\" href=\"https:\/\/www.organisator.ch\/de\/sustainability\/2021-04-14\/was-gibt-der-wald-an-energieholz-her\/\" \/>\n<meta property=\"og:locale\" content=\"de_DE\" \/>\n<meta property=\"og:type\" content=\"article\" \/>\n<meta property=\"og:title\" content=\"Wieviel Energieholz liefert der Wald? - Organisator\" \/>\n<meta property=\"og:description\" content=\"Die WSL hat eine interaktive Karte zu den \u00f6kologisch nachhaltigen Waldenergieholzpotenzialen in den Schweizer Kantonen entwickelt.\" \/>\n<meta property=\"og:url\" content=\"https:\/\/www.organisator.ch\/de\/sustainability\/2021-04-14\/was-gibt-der-wald-an-energieholz-her\/\" \/>\n<meta property=\"og:site_name\" content=\"Organisator\" \/>\n<meta property=\"article:publisher\" content=\"https:\/\/www.facebook.com\/OrganisatorFachmagazin\" \/>\n<meta property=\"article:published_time\" content=\"2021-04-14T06:36:38+00:00\" \/>\n<meta property=\"article:modified_time\" content=\"2022-02-09T10:06:09+00:00\" \/>\n<meta property=\"og:image\" content=\"https:\/\/www.organisator.ch\/wp-content\/uploads\/2021\/04\/waldholz.jpg\" \/>\n\t<meta property=\"og:image:width\" content=\"927\" \/>\n\t<meta property=\"og:image:height\" content=\"564\" \/>\n\t<meta property=\"og:image:type\" content=\"image\/jpeg\" \/>\n<meta name=\"author\" content=\"roger.straessle\" \/>\n<meta name=\"twitter:card\" content=\"summary_large_image\" \/>\n<script type=\"application\/ld+json\" class=\"yoast-schema-graph\">{\"@context\":\"https:\\\/\\\/schema.org\",\"@graph\":[{\"@type\":\"Article\",\"@id\":\"https:\\\/\\\/www.organisator.ch\\\/sustainability\\\/2021-04-14\\\/was-gibt-der-wald-an-energieholz-her\\\/#article\",\"isPartOf\":{\"@id\":\"https:\\\/\\\/www.organisator.ch\\\/sustainability\\\/2021-04-14\\\/was-gibt-der-wald-an-energieholz-her\\\/\"},\"author\":{\"name\":\"roger.straessle\",\"@id\":\"https:\\\/\\\/www.organisator.ch\\\/#\\\/schema\\\/person\\\/a800b8c54e208b160517a7dcc323161d\"},\"headline\":\"Wieviel Energieholz liefert der Wald?\",\"datePublished\":\"2021-04-14T06:36:38+00:00\",\"dateModified\":\"2022-02-09T10:06:09+00:00\",\"mainEntityOfPage\":{\"@id\":\"https:\\\/\\\/www.organisator.ch\\\/sustainability\\\/2021-04-14\\\/was-gibt-der-wald-an-energieholz-her\\\/\"},\"wordCount\":1122,\"publisher\":{\"@id\":\"https:\\\/\\\/www.organisator.ch\\\/#organization\"},\"image\":{\"@id\":\"https:\\\/\\\/www.organisator.ch\\\/sustainability\\\/2021-04-14\\\/was-gibt-der-wald-an-energieholz-her\\\/#primaryimage\"},\"thumbnailUrl\":\"https:\\\/\\\/www.organisator.ch\\\/wp-content\\\/uploads\\\/2021\\\/04\\\/waldholz.jpg\",\"keywords\":[\"Energieholz\",\"interaktive Karte\",\"Schweizer Wald\",\"Waldenergieholzpotenzialen\",\"WSL\"],\"articleSection\":[\"SUSTAINABILITY\"],\"inLanguage\":\"de\"},{\"@type\":\"WebPage\",\"@id\":\"https:\\\/\\\/www.organisator.ch\\\/sustainability\\\/2021-04-14\\\/was-gibt-der-wald-an-energieholz-her\\\/\",\"url\":\"https:\\\/\\\/www.organisator.ch\\\/sustainability\\\/2021-04-14\\\/was-gibt-der-wald-an-energieholz-her\\\/\",\"name\":\"Wieviel Energieholz liefert der Wald? - Organisator\",\"isPartOf\":{\"@id\":\"https:\\\/\\\/www.organisator.ch\\\/#website\"},\"primaryImageOfPage\":{\"@id\":\"https:\\\/\\\/www.organisator.ch\\\/sustainability\\\/2021-04-14\\\/was-gibt-der-wald-an-energieholz-her\\\/#primaryimage\"},\"image\":{\"@id\":\"https:\\\/\\\/www.organisator.ch\\\/sustainability\\\/2021-04-14\\\/was-gibt-der-wald-an-energieholz-her\\\/#primaryimage\"},\"thumbnailUrl\":\"https:\\\/\\\/www.organisator.ch\\\/wp-content\\\/uploads\\\/2021\\\/04\\\/waldholz.jpg\",\"datePublished\":\"2021-04-14T06:36:38+00:00\",\"dateModified\":\"2022-02-09T10:06:09+00:00\",\"description\":\"Die WSL hat eine interaktive Karte zu den \u00f6kologisch nachhaltigen Waldenergieholzpotenzialen in den Schweizer Kantonen entwickelt.\",\"breadcrumb\":{\"@id\":\"https:\\\/\\\/www.organisator.ch\\\/sustainability\\\/2021-04-14\\\/was-gibt-der-wald-an-energieholz-her\\\/#breadcrumb\"},\"inLanguage\":\"de\",\"potentialAction\":[{\"@type\":\"ReadAction\",\"target\":[\"https:\\\/\\\/www.organisator.ch\\\/sustainability\\\/2021-04-14\\\/was-gibt-der-wald-an-energieholz-her\\\/\"]}]},{\"@type\":\"ImageObject\",\"inLanguage\":\"de\",\"@id\":\"https:\\\/\\\/www.organisator.ch\\\/sustainability\\\/2021-04-14\\\/was-gibt-der-wald-an-energieholz-her\\\/#primaryimage\",\"url\":\"https:\\\/\\\/www.organisator.ch\\\/wp-content\\\/uploads\\\/2021\\\/04\\\/waldholz.jpg\",\"contentUrl\":\"https:\\\/\\\/www.organisator.ch\\\/wp-content\\\/uploads\\\/2021\\\/04\\\/waldholz.jpg\",\"width\":927,\"height\":564,\"caption\":\"Wieviel Energieholz l\u00e4sst sich in den Schweizer W\u00e4ldern nachhaltig nutzen? Eine interaktive Online-Karte zeigt es. Foto: Thomas Reich, WSL\"},{\"@type\":\"BreadcrumbList\",\"@id\":\"https:\\\/\\\/www.organisator.ch\\\/sustainability\\\/2021-04-14\\\/was-gibt-der-wald-an-energieholz-her\\\/#breadcrumb\",\"itemListElement\":[{\"@type\":\"ListItem\",\"position\":1,\"name\":\"Home\",\"item\":\"https:\\\/\\\/www.organisator.ch\\\/\"},{\"@type\":\"ListItem\",\"position\":2,\"name\":\"Wieviel Energieholz liefert der Wald?\"}]},{\"@type\":\"WebSite\",\"@id\":\"https:\\\/\\\/www.organisator.ch\\\/#website\",\"url\":\"https:\\\/\\\/www.organisator.ch\\\/\",\"name\":\"Organisator\",\"description\":\"Kompetent. Praxisnah. Der ORGANISATOR bereitet in 10 Ausgaben pro Jahr die wesentlichen Themen f\u00fcr F\u00fchrungskr\u00e4fte von KMU auf.\",\"publisher\":{\"@id\":\"https:\\\/\\\/www.organisator.ch\\\/#organization\"},\"potentialAction\":[{\"@type\":\"SearchAction\",\"target\":{\"@type\":\"EntryPoint\",\"urlTemplate\":\"https:\\\/\\\/www.organisator.ch\\\/?s={search_term_string}\"},\"query-input\":{\"@type\":\"PropertyValueSpecification\",\"valueRequired\":true,\"valueName\":\"search_term_string\"}}],\"inLanguage\":\"de\"},{\"@type\":\"Organization\",\"@id\":\"https:\\\/\\\/www.organisator.ch\\\/#organization\",\"name\":\"Organisator\",\"url\":\"https:\\\/\\\/www.organisator.ch\\\/\",\"logo\":{\"@type\":\"ImageObject\",\"inLanguage\":\"de\",\"@id\":\"https:\\\/\\\/www.organisator.ch\\\/#\\\/schema\\\/logo\\\/image\\\/\",\"url\":\"https:\\\/\\\/www.organisator.ch\\\/wp-content\\\/uploads\\\/2022\\\/01\\\/Logo_Organisator_Website.png\",\"contentUrl\":\"https:\\\/\\\/www.organisator.ch\\\/wp-content\\\/uploads\\\/2022\\\/01\\\/Logo_Organisator_Website.png\",\"width\":800,\"height\":77,\"caption\":\"Organisator\"},\"image\":{\"@id\":\"https:\\\/\\\/www.organisator.ch\\\/#\\\/schema\\\/logo\\\/image\\\/\"},\"sameAs\":[\"https:\\\/\\\/www.facebook.com\\\/OrganisatorFachmagazin\",\"https:\\\/\\\/www.linkedin.com\\\/showcase\\\/organisator-das-magazin-fr-kmu\",\"https:\\\/\\\/www.xing.com\\\/news\\\/pages\\\/organisator-ch-695\",\"https:\\\/\\\/www.youtube.com\\\/channel\\\/UCGP2Sq0iWaZwT3BdIAQFYpw\"]},{\"@type\":\"Person\",\"@id\":\"https:\\\/\\\/www.organisator.ch\\\/#\\\/schema\\\/person\\\/a800b8c54e208b160517a7dcc323161d\",\"name\":\"roger.straessle\",\"image\":{\"@type\":\"ImageObject\",\"inLanguage\":\"de\",\"@id\":\"https:\\\/\\\/secure.gravatar.com\\\/avatar\\\/?s=96&d=mm&r=g\",\"url\":\"https:\\\/\\\/secure.gravatar.com\\\/avatar\\\/?s=96&d=mm&r=g\",\"contentUrl\":\"https:\\\/\\\/secure.gravatar.com\\\/avatar\\\/?s=96&d=mm&r=g\",\"caption\":\"roger.straessle\"},\"url\":\"https:\\\/\\\/www.organisator.ch\\\/de\\\/author\\\/roger-straessle\\\/\"}]}<\/script>\n<!-- \/ Yoast SEO plugin. -->","yoast_head_json":{"title":"Wieviel Energieholz liefert der Wald? - Organisator","description":"Die WSL hat eine interaktive Karte zu den \u00f6kologisch nachhaltigen Waldenergieholzpotenzialen in den Schweizer Kantonen entwickelt.","robots":{"index":"index","follow":"follow","max-snippet":"max-snippet:-1","max-image-preview":"max-image-preview:large","max-video-preview":"max-video-preview:-1"},"canonical":"https:\/\/www.organisator.ch\/de\/sustainability\/2021-04-14\/was-gibt-der-wald-an-energieholz-her\/","og_locale":"de_DE","og_type":"article","og_title":"Wieviel Energieholz liefert der Wald? - Organisator","og_description":"Die WSL hat eine interaktive Karte zu den \u00f6kologisch nachhaltigen Waldenergieholzpotenzialen in den Schweizer Kantonen entwickelt.","og_url":"https:\/\/www.organisator.ch\/de\/sustainability\/2021-04-14\/was-gibt-der-wald-an-energieholz-her\/","og_site_name":"Organisator","article_publisher":"https:\/\/www.facebook.com\/OrganisatorFachmagazin","article_published_time":"2021-04-14T06:36:38+00:00","article_modified_time":"2022-02-09T10:06:09+00:00","og_image":[{"width":927,"height":564,"url":"https:\/\/www.organisator.ch\/wp-content\/uploads\/2021\/04\/waldholz.jpg","type":"image\/jpeg"}],"author":"roger.straessle","twitter_card":"summary_large_image","schema":{"@context":"https:\/\/schema.org","@graph":[{"@type":"Article","@id":"https:\/\/www.organisator.ch\/sustainability\/2021-04-14\/was-gibt-der-wald-an-energieholz-her\/#article","isPartOf":{"@id":"https:\/\/www.organisator.ch\/sustainability\/2021-04-14\/was-gibt-der-wald-an-energieholz-her\/"},"author":{"name":"roger.straessle","@id":"https:\/\/www.organisator.ch\/#\/schema\/person\/a800b8c54e208b160517a7dcc323161d"},"headline":"Wieviel Energieholz liefert der Wald?","datePublished":"2021-04-14T06:36:38+00:00","dateModified":"2022-02-09T10:06:09+00:00","mainEntityOfPage":{"@id":"https:\/\/www.organisator.ch\/sustainability\/2021-04-14\/was-gibt-der-wald-an-energieholz-her\/"},"wordCount":1122,"publisher":{"@id":"https:\/\/www.organisator.ch\/#organization"},"image":{"@id":"https:\/\/www.organisator.ch\/sustainability\/2021-04-14\/was-gibt-der-wald-an-energieholz-her\/#primaryimage"},"thumbnailUrl":"https:\/\/www.organisator.ch\/wp-content\/uploads\/2021\/04\/waldholz.jpg","keywords":["Energieholz","interaktive Karte","Schweizer Wald","Waldenergieholzpotenzialen","WSL"],"articleSection":["SUSTAINABILITY"],"inLanguage":"de"},{"@type":"WebPage","@id":"https:\/\/www.organisator.ch\/sustainability\/2021-04-14\/was-gibt-der-wald-an-energieholz-her\/","url":"https:\/\/www.organisator.ch\/sustainability\/2021-04-14\/was-gibt-der-wald-an-energieholz-her\/","name":"Wieviel Energieholz liefert der Wald? - Organisator","isPartOf":{"@id":"https:\/\/www.organisator.ch\/#website"},"primaryImageOfPage":{"@id":"https:\/\/www.organisator.ch\/sustainability\/2021-04-14\/was-gibt-der-wald-an-energieholz-her\/#primaryimage"},"image":{"@id":"https:\/\/www.organisator.ch\/sustainability\/2021-04-14\/was-gibt-der-wald-an-energieholz-her\/#primaryimage"},"thumbnailUrl":"https:\/\/www.organisator.ch\/wp-content\/uploads\/2021\/04\/waldholz.jpg","datePublished":"2021-04-14T06:36:38+00:00","dateModified":"2022-02-09T10:06:09+00:00","description":"Die WSL hat eine interaktive Karte zu den \u00f6kologisch nachhaltigen Waldenergieholzpotenzialen in den Schweizer Kantonen entwickelt.","breadcrumb":{"@id":"https:\/\/www.organisator.ch\/sustainability\/2021-04-14\/was-gibt-der-wald-an-energieholz-her\/#breadcrumb"},"inLanguage":"de","potentialAction":[{"@type":"ReadAction","target":["https:\/\/www.organisator.ch\/sustainability\/2021-04-14\/was-gibt-der-wald-an-energieholz-her\/"]}]},{"@type":"ImageObject","inLanguage":"de","@id":"https:\/\/www.organisator.ch\/sustainability\/2021-04-14\/was-gibt-der-wald-an-energieholz-her\/#primaryimage","url":"https:\/\/www.organisator.ch\/wp-content\/uploads\/2021\/04\/waldholz.jpg","contentUrl":"https:\/\/www.organisator.ch\/wp-content\/uploads\/2021\/04\/waldholz.jpg","width":927,"height":564,"caption":"Wieviel Energieholz l\u00e4sst sich in den Schweizer W\u00e4ldern nachhaltig nutzen? Eine interaktive Online-Karte zeigt es. Foto: Thomas Reich, WSL"},{"@type":"BreadcrumbList","@id":"https:\/\/www.organisator.ch\/sustainability\/2021-04-14\/was-gibt-der-wald-an-energieholz-her\/#breadcrumb","itemListElement":[{"@type":"ListItem","position":1,"name":"Home","item":"https:\/\/www.organisator.ch\/"},{"@type":"ListItem","position":2,"name":"Wieviel Energieholz liefert der Wald?"}]},{"@type":"WebSite","@id":"https:\/\/www.organisator.ch\/#website","url":"https:\/\/www.organisator.ch\/","name":"Organisator","description":"Kompetent. Praxisnah. Der ORGANISATOR bereitet in 10 Ausgaben pro Jahr die wesentlichen Themen f\u00fcr F\u00fchrungskr\u00e4fte von KMU auf.","publisher":{"@id":"https:\/\/www.organisator.ch\/#organization"},"potentialAction":[{"@type":"SearchAction","target":{"@type":"EntryPoint","urlTemplate":"https:\/\/www.organisator.ch\/?s={search_term_string}"},"query-input":{"@type":"PropertyValueSpecification","valueRequired":true,"valueName":"search_term_string"}}],"inLanguage":"de"},{"@type":"Organization","@id":"https:\/\/www.organisator.ch\/#organization","name":"Organisator","url":"https:\/\/www.organisator.ch\/","logo":{"@type":"ImageObject","inLanguage":"de","@id":"https:\/\/www.organisator.ch\/#\/schema\/logo\/image\/","url":"https:\/\/www.organisator.ch\/wp-content\/uploads\/2022\/01\/Logo_Organisator_Website.png","contentUrl":"https:\/\/www.organisator.ch\/wp-content\/uploads\/2022\/01\/Logo_Organisator_Website.png","width":800,"height":77,"caption":"Organisator"},"image":{"@id":"https:\/\/www.organisator.ch\/#\/schema\/logo\/image\/"},"sameAs":["https:\/\/www.facebook.com\/OrganisatorFachmagazin","https:\/\/www.linkedin.com\/showcase\/organisator-das-magazin-fr-kmu","https:\/\/www.xing.com\/news\/pages\/organisator-ch-695","https:\/\/www.youtube.com\/channel\/UCGP2Sq0iWaZwT3BdIAQFYpw"]},{"@type":"Person","@id":"https:\/\/www.organisator.ch\/#\/schema\/person\/a800b8c54e208b160517a7dcc323161d","name":"roger.straessle","image":{"@type":"ImageObject","inLanguage":"de","@id":"https:\/\/secure.gravatar.com\/avatar\/?s=96&d=mm&r=g","url":"https:\/\/secure.gravatar.com\/avatar\/?s=96&d=mm&r=g","contentUrl":"https:\/\/secure.gravatar.com\/avatar\/?s=96&d=mm&r=g","caption":"roger.straessle"},"url":"https:\/\/www.organisator.ch\/de\/author\/roger-straessle\/"}]}},"_links":{"self":[{"href":"https:\/\/www.organisator.ch\/de\/wp-json\/wp\/v2\/posts\/4050","targetHints":{"allow":["GET"]}}],"collection":[{"href":"https:\/\/www.organisator.ch\/de\/wp-json\/wp\/v2\/posts"}],"about":[{"href":"https:\/\/www.organisator.ch\/de\/wp-json\/wp\/v2\/types\/post"}],"author":[{"embeddable":true,"href":"https:\/\/www.organisator.ch\/de\/wp-json\/wp\/v2\/users\/6"}],"replies":[{"embeddable":true,"href":"https:\/\/www.organisator.ch\/de\/wp-json\/wp\/v2\/comments?post=4050"}],"version-history":[{"count":1,"href":"https:\/\/www.organisator.ch\/de\/wp-json\/wp\/v2\/posts\/4050\/revisions"}],"predecessor-version":[{"id":10485,"href":"https:\/\/www.organisator.ch\/de\/wp-json\/wp\/v2\/posts\/4050\/revisions\/10485"}],"wp:featuredmedia":[{"embeddable":true,"href":"https:\/\/www.organisator.ch\/de\/wp-json\/wp\/v2\/media\/4051"}],"wp:attachment":[{"href":"https:\/\/www.organisator.ch\/de\/wp-json\/wp\/v2\/media?parent=4050"}],"wp:term":[{"taxonomy":"category","embeddable":true,"href":"https:\/\/www.organisator.ch\/de\/wp-json\/wp\/v2\/categories?post=4050"},{"taxonomy":"post_tag","embeddable":true,"href":"https:\/\/www.organisator.ch\/de\/wp-json\/wp\/v2\/tags?post=4050"}],"curies":[{"name":"wp","href":"https:\/\/api.w.org\/{rel}","templated":true}]}}