{"id":40616,"date":"2025-09-18T08:13:35","date_gmt":"2025-09-18T06:13:35","guid":{"rendered":"https:\/\/www.organisator.ch\/?p=40616"},"modified":"2025-09-18T08:13:35","modified_gmt":"2025-09-18T06:13:35","slug":"kampf-gegen-elektroschrott-und-wegwerfmentalitaet","status":"publish","type":"post","link":"https:\/\/www.organisator.ch\/de\/sustainability\/2025-09-18\/kampf-gegen-elektroschrott-und-wegwerfmentalitaet\/","title":{"rendered":"Kampf gegen Elektroschrott und Wegwerfmentalit\u00e4t"},"content":{"rendered":"<figure id=\"attachment_40617\" aria-describedby=\"caption-attachment-40617\" style=\"width: 680px\" class=\"wp-caption alignnone\"><img loading=\"lazy\" decoding=\"async\" class=\"size-full wp-image-40617\" src=\"https:\/\/www.organisator.ch\/wp-content\/uploads\/2025\/09\/Kampf-gegen-Elektroschrott-und-Wegwerfmentalitaet_Organisator.jpg\" alt=\"\" width=\"680\" height=\"495\" srcset=\"https:\/\/www.organisator.ch\/wp-content\/uploads\/2025\/09\/Kampf-gegen-Elektroschrott-und-Wegwerfmentalitaet_Organisator.jpg 680w, https:\/\/www.organisator.ch\/wp-content\/uploads\/2025\/09\/Kampf-gegen-Elektroschrott-und-Wegwerfmentalitaet_Organisator-16x12.jpg 16w, https:\/\/www.organisator.ch\/wp-content\/uploads\/2025\/09\/Kampf-gegen-Elektroschrott-und-Wegwerfmentalitaet_Organisator-375x273.jpg 375w, https:\/\/www.organisator.ch\/wp-content\/uploads\/2025\/09\/Kampf-gegen-Elektroschrott-und-Wegwerfmentalitaet_Organisator-481x350.jpg 481w\" sizes=\"auto, (max-width: 680px) 100vw, 680px\" \/><figcaption id=\"caption-attachment-40617\" class=\"wp-caption-text\">Reto Sachs, CEO der Sachs Printing AG, hat sich dem Kampf gegen Elektroschrott verschrieben. Sein Unternehmen wurde deshalb in die Ethik Society aufgenommen. (Bild: zVg \/ Sachs Printing) AG<\/figcaption><\/figure>\n<p>Auch wenn viele davon sprechen: Das papierlose B\u00fcro ist in den allermeisten Unternehmen bisher kaum angekommen. In kleinen und mittleren Betrieben stehen dutzende, teilweise hunderte Drucker herum und sind auch nach wie vor im regen Gebrauch. Dabei sind Drucker aus Umweltsicht ein grosses Problem: Ihre Produktion verbraucht jede Menge wertvolle Rohstoffe, sie werden in der Regel viel zu schnell und schmutzig entsorgt. Ein Problem, dem die Sachs Printing AG seit mehr als f\u00fcnfzehn Jahren den Kampf ansagt. Das Unternehmen wurde deswegen nun in die Ethik Society aufgenommen \u2013 eine Auszeichnung f\u00fcr dessen praktisches Engagement f\u00fcr die Umwelt sowie dessen vielseitige Nachhaltigkeitsbestrebungen.<\/p>\n<h3><strong>Die Schweiz ist einer der gr\u00f6ssten Elektroschrott-Produzenten<\/strong><\/h3>\n<p>\u00abIn einem Stadtteil von Accra, der Hauptstadt von Ghana, befindet sich die gro\u0308sste Deponie fu\u0308r Elektroschrott in ganz Afrika. Ein grosser Teil dieses Abfalls stammt aus Europa. Die alten Ger\u00e4te werden dort verbrannt. Das macht Agbogbloshie zu einem der giftigsten Orte auf der ganzen Welt. Rund 85 Prozent der entsorgten Elektronikger\u00e4te funktionieren einwandfrei oder k\u00f6nnten repariert werden. Drucker und Kopierer sind ein Teil dieses Wegwerfproblems, weil sie nach vier bis f\u00fcnf Jahren ersetzt werden, obwohl es nicht n\u00f6tig w\u00e4re. Bemerkenswert ist, dass die Schweiz pro Kopf und Jahr zu den gr\u00f6ssten Elektroschrott-Produzenten z\u00e4hlt. Die Menge steigt jedes Jahr \u2013 eine gravierende Folge unserer zunehmend digitalisierten Welt\u00bb, erkl\u00e4rt Reto Sachs, Gr\u00fcnder und CEO der Sachs Printing AG. Als Bauernsohn liegt ihm die Natur am Herzen, und deshalb hat er als Pionier in seiner Branche entschieden, einen neuen und pragmatischen Weg zu gehen.<\/p>\n<h3><strong>Kleine Probleme, grosse Wirkung<\/strong><\/h3>\n<p>Sachs bietet mit seiner Sachs Printing AG eine L\u00f6sung, die die Lebensdauer von Druckern durchschnittlich verdoppelt, deren strategische Nutzung optimiert und sowohl den Verbrauch von Tinte und Toner reduziert als auch deren Beschaffung optimiert. \u00abWir steigern die Effizienz und entlasten IT-Abteilungen von l\u00e4stigen Druckerproblemen, und so steigern wir den Ertrag unserer Kunden. Aber wir entlasten auch die Umwelt und l\u00f6sen ein grosses Problem\u00bb, so Sachs. Damit macht der Unternehmer deutlich, dass Wachstum und Effizienz kein Widerspruch sind zu Nachhaltigkeit und Umweltschutz.<\/p>\n<h3><strong>\u00d6konomie und \u00d6kologie kein Widerspruch<\/strong><\/h3>\n<p>\u00abDeswegen haben wir die Sachs Printing AG und den Unternehmer Reto Sachs in die Ethik Society aufgenommen und ihn ausgezeichnet\u00bb, macht J\u00fcrgen Linsenmaier deutlich. J\u00fcrgen Linsenmaier ist der Gr\u00fcnder der Ethik Society und ehrt mit der Aufnahme in die Gesellschaft Pers\u00f6nlichkeiten, die sich besonders f\u00fcr die Themen Nachhaltigkeit, Gemeinwohl\u00f6konomie, Business-Ethik und Vereinbarkeit von \u00d6konomie und \u00d6kologie engagieren. \u00abDie Sachs Printing AG ist ein herausragendes Beispiel daf\u00fcr, wie auch vermeintlich kleine Dinge wie drucken dazu geeignet sind, Umweltprobleme in den Griff zu bekommen und nachhaltiger zu wirtschaften.\u00bb Es gebe viele Stellschrauben, ein Unternehmen nachhaltiger, sozialer und umweltfreundlicher zu gestalten, auch abseits der grossen Leuchtt\u00fcrme. \u00abEs sind meist die Alltagsdinge, die besonders unterst\u00fctzen, umweltbewusster zu agieren. Reto Sachs ist hier anderen ein gutes Vorbild, in dem er L\u00f6sungen schafft\u00bb, so Linsenmaier.<\/p>\n<h3><strong>Vorbild f\u00fcr andere<\/strong><\/h3>\n<p>Die Sachs Printing AG ist eines von mehreren Unternehmen aus der Schweiz, die Mitglied der Ethik Society sind. Insgesamt haben bereits rund 100 Unternehmen aus dem gesamten DACH-Raum die begehrte Mitgliedschaft verliehen bekommen. Jedes einzelne leistet seinen Beitrag f\u00fcr die jeweilige Branche und die Gesellschaft und dient als Leitbild f\u00fcr nachhaltiges Wirtschaften und die Handlungsmaximen des ehrbaren Kaufmanns.<\/p>\n<p><em>Quellen und weitere Informationen: <a href=\"http:\/\/www.sachsprinting.ch\/\">www.sachsprinting.ch<\/a> \/\u00a0<a href=\"http:\/\/www.ethik-society.de\/\">www.ethik-society.de<\/a><\/em><\/p>\n","protected":false},"excerpt":{"rendered":"<p>Die Sachs Printing AG aus Rotkreuz wird in die Ethik Society aufgenommen. Das Unternehmen engagiert sich seit Jahren im Kampf gegen Elektroschrott und bietet L\u00f6sungen, um die Lebensdauer von B\u00fcrodruckern zu verl\u00e4ngern.<\/p>\n","protected":false},"author":4,"featured_media":40617,"comment_status":"closed","ping_status":"closed","sticky":false,"template":"","format":"standard","meta":{"_acf_changed":false,"_yoast_wpseo_focuskw":"Elektroschrott","_yoast_wpseo_metadesc":"Sachs Printing AG engagiert sich seit Jahren im Kampf gegen Elektroschrott und wurde nun in die Ethik Society aufgenommen.","articlekey":"","footnotes":""},"categories":[580],"tags":[66,3512,1041,358,1787],"class_list":["post-40616","post","type-post","status-publish","format-standard","has-post-thumbnail","hentry","category-sustainability","tag-awards","tag-buerogeraete","tag-elektroschrott","tag-nachhaltige-wirtschaft","tag-nachhaltigkeit"],"acf":[],"yoast_head":"<!-- This site is optimized with the Yoast SEO plugin v27.5 - https:\/\/yoast.com\/product\/yoast-seo-wordpress\/ -->\n<title>Kampf gegen Elektroschrott und Wegwerfmentalit\u00e4t - Organisator<\/title>\n<meta name=\"description\" content=\"Sachs Printing AG engagiert sich seit Jahren im Kampf gegen Elektroschrott und wurde nun in die Ethik Society aufgenommen.\" \/>\n<meta name=\"robots\" content=\"index, follow, max-snippet:-1, max-image-preview:large, max-video-preview:-1\" \/>\n<link rel=\"canonical\" href=\"https:\/\/www.organisator.ch\/de\/sustainability\/2025-09-18\/kampf-gegen-elektroschrott-und-wegwerfmentalitaet\/\" \/>\n<meta property=\"og:locale\" content=\"de_DE\" \/>\n<meta property=\"og:type\" content=\"article\" \/>\n<meta property=\"og:title\" content=\"Kampf gegen Elektroschrott und Wegwerfmentalit\u00e4t\" \/>\n<meta property=\"og:description\" content=\"Sachs Printing AG engagiert sich seit Jahren im Kampf gegen Elektroschrott und wurde nun in die Ethik Society aufgenommen.\" \/>\n<meta property=\"og:url\" content=\"https:\/\/www.organisator.ch\/de\/sustainability\/2025-09-18\/kampf-gegen-elektroschrott-und-wegwerfmentalitaet\/\" \/>\n<meta property=\"og:site_name\" content=\"Organisator\" \/>\n<meta property=\"article:publisher\" content=\"https:\/\/www.facebook.com\/OrganisatorFachmagazin\" \/>\n<meta property=\"article:published_time\" content=\"2025-09-18T06:13:35+00:00\" \/>\n<meta property=\"og:image\" content=\"https:\/\/www.organisator.ch\/wp-content\/uploads\/2025\/09\/Kampf-gegen-Elektroschrott-und-Wegwerfmentalitaet_Organisator.jpg\" \/>\n\t<meta property=\"og:image:width\" content=\"680\" \/>\n\t<meta property=\"og:image:height\" content=\"495\" \/>\n\t<meta property=\"og:image:type\" content=\"image\/jpeg\" \/>\n<meta name=\"author\" content=\"thomas.berner\" \/>\n<meta name=\"twitter:card\" content=\"summary_large_image\" \/>\n<meta name=\"twitter:title\" content=\"Kampf gegen #Elektroschrott und #Wegwerfmentalit\u00e4t\" \/>\n<meta name=\"twitter:description\" content=\"Sachs Printing AG engagiert sich seit Jahren im Kampf gegen #Elektroschrott und wurde nun in die Ethik Society aufgenommen.\" \/>\n<meta name=\"twitter:image\" content=\"https:\/\/www.organisator.ch\/wp-content\/uploads\/2025\/09\/Kampf-gegen-Elektroschrott-und-Wegwerfmentalitaet_Organisator.jpg\" \/>\n<script type=\"application\/ld+json\" class=\"yoast-schema-graph\">{\"@context\":\"https:\\\/\\\/schema.org\",\"@graph\":[{\"@type\":\"Article\",\"@id\":\"https:\\\/\\\/www.organisator.ch\\\/sustainability\\\/2025-09-18\\\/kampf-gegen-elektroschrott-und-wegwerfmentalitaet\\\/#article\",\"isPartOf\":{\"@id\":\"https:\\\/\\\/www.organisator.ch\\\/sustainability\\\/2025-09-18\\\/kampf-gegen-elektroschrott-und-wegwerfmentalitaet\\\/\"},\"author\":{\"name\":\"thomas.berner\",\"@id\":\"https:\\\/\\\/www.organisator.ch\\\/#\\\/schema\\\/person\\\/6f650f90b2842cd4c0cc334b4e36f67e\"},\"headline\":\"Kampf gegen Elektroschrott und Wegwerfmentalit\u00e4t\",\"datePublished\":\"2025-09-18T06:13:35+00:00\",\"mainEntityOfPage\":{\"@id\":\"https:\\\/\\\/www.organisator.ch\\\/sustainability\\\/2025-09-18\\\/kampf-gegen-elektroschrott-und-wegwerfmentalitaet\\\/\"},\"wordCount\":609,\"publisher\":{\"@id\":\"https:\\\/\\\/www.organisator.ch\\\/#organization\"},\"image\":{\"@id\":\"https:\\\/\\\/www.organisator.ch\\\/sustainability\\\/2025-09-18\\\/kampf-gegen-elektroschrott-und-wegwerfmentalitaet\\\/#primaryimage\"},\"thumbnailUrl\":\"https:\\\/\\\/www.organisator.ch\\\/wp-content\\\/uploads\\\/2025\\\/09\\\/Kampf-gegen-Elektroschrott-und-Wegwerfmentalitaet_Organisator.jpg\",\"keywords\":[\"Awards\",\"B\u00fcroger\u00e4te\",\"Elektroschrott\",\"Nachhaltige Wirtschaft\",\"Nachhaltigkeit\"],\"articleSection\":[\"SUSTAINABILITY\"],\"inLanguage\":\"de\"},{\"@type\":\"WebPage\",\"@id\":\"https:\\\/\\\/www.organisator.ch\\\/sustainability\\\/2025-09-18\\\/kampf-gegen-elektroschrott-und-wegwerfmentalitaet\\\/\",\"url\":\"https:\\\/\\\/www.organisator.ch\\\/sustainability\\\/2025-09-18\\\/kampf-gegen-elektroschrott-und-wegwerfmentalitaet\\\/\",\"name\":\"Kampf gegen Elektroschrott und Wegwerfmentalit\u00e4t - Organisator\",\"isPartOf\":{\"@id\":\"https:\\\/\\\/www.organisator.ch\\\/#website\"},\"primaryImageOfPage\":{\"@id\":\"https:\\\/\\\/www.organisator.ch\\\/sustainability\\\/2025-09-18\\\/kampf-gegen-elektroschrott-und-wegwerfmentalitaet\\\/#primaryimage\"},\"image\":{\"@id\":\"https:\\\/\\\/www.organisator.ch\\\/sustainability\\\/2025-09-18\\\/kampf-gegen-elektroschrott-und-wegwerfmentalitaet\\\/#primaryimage\"},\"thumbnailUrl\":\"https:\\\/\\\/www.organisator.ch\\\/wp-content\\\/uploads\\\/2025\\\/09\\\/Kampf-gegen-Elektroschrott-und-Wegwerfmentalitaet_Organisator.jpg\",\"datePublished\":\"2025-09-18T06:13:35+00:00\",\"description\":\"Sachs Printing AG engagiert sich seit Jahren im Kampf gegen Elektroschrott und wurde nun in die Ethik Society aufgenommen.\",\"breadcrumb\":{\"@id\":\"https:\\\/\\\/www.organisator.ch\\\/sustainability\\\/2025-09-18\\\/kampf-gegen-elektroschrott-und-wegwerfmentalitaet\\\/#breadcrumb\"},\"inLanguage\":\"de\",\"potentialAction\":[{\"@type\":\"ReadAction\",\"target\":[\"https:\\\/\\\/www.organisator.ch\\\/sustainability\\\/2025-09-18\\\/kampf-gegen-elektroschrott-und-wegwerfmentalitaet\\\/\"]}]},{\"@type\":\"ImageObject\",\"inLanguage\":\"de\",\"@id\":\"https:\\\/\\\/www.organisator.ch\\\/sustainability\\\/2025-09-18\\\/kampf-gegen-elektroschrott-und-wegwerfmentalitaet\\\/#primaryimage\",\"url\":\"https:\\\/\\\/www.organisator.ch\\\/wp-content\\\/uploads\\\/2025\\\/09\\\/Kampf-gegen-Elektroschrott-und-Wegwerfmentalitaet_Organisator.jpg\",\"contentUrl\":\"https:\\\/\\\/www.organisator.ch\\\/wp-content\\\/uploads\\\/2025\\\/09\\\/Kampf-gegen-Elektroschrott-und-Wegwerfmentalitaet_Organisator.jpg\",\"width\":680,\"height\":495,\"caption\":\"Reto Sachs, CEO der Sachs Printing AG, hat sich dem Kampf gegen Elektroschrott verschrieben und wurde in die Ethik Society aufgenommen. (Bild: zVg \\\/ Sachs Printing) AG\"},{\"@type\":\"BreadcrumbList\",\"@id\":\"https:\\\/\\\/www.organisator.ch\\\/sustainability\\\/2025-09-18\\\/kampf-gegen-elektroschrott-und-wegwerfmentalitaet\\\/#breadcrumb\",\"itemListElement\":[{\"@type\":\"ListItem\",\"position\":1,\"name\":\"Home\",\"item\":\"https:\\\/\\\/www.organisator.ch\\\/\"},{\"@type\":\"ListItem\",\"position\":2,\"name\":\"Kampf gegen Elektroschrott und Wegwerfmentalit\u00e4t\"}]},{\"@type\":\"WebSite\",\"@id\":\"https:\\\/\\\/www.organisator.ch\\\/#website\",\"url\":\"https:\\\/\\\/www.organisator.ch\\\/\",\"name\":\"Organisator\",\"description\":\"Kompetent. Praxisnah. Der ORGANISATOR bereitet in 10 Ausgaben pro Jahr die wesentlichen Themen f\u00fcr F\u00fchrungskr\u00e4fte von KMU auf.\",\"publisher\":{\"@id\":\"https:\\\/\\\/www.organisator.ch\\\/#organization\"},\"potentialAction\":[{\"@type\":\"SearchAction\",\"target\":{\"@type\":\"EntryPoint\",\"urlTemplate\":\"https:\\\/\\\/www.organisator.ch\\\/?s={search_term_string}\"},\"query-input\":{\"@type\":\"PropertyValueSpecification\",\"valueRequired\":true,\"valueName\":\"search_term_string\"}}],\"inLanguage\":\"de\"},{\"@type\":\"Organization\",\"@id\":\"https:\\\/\\\/www.organisator.ch\\\/#organization\",\"name\":\"Organisator\",\"url\":\"https:\\\/\\\/www.organisator.ch\\\/\",\"logo\":{\"@type\":\"ImageObject\",\"inLanguage\":\"de\",\"@id\":\"https:\\\/\\\/www.organisator.ch\\\/#\\\/schema\\\/logo\\\/image\\\/\",\"url\":\"https:\\\/\\\/www.organisator.ch\\\/wp-content\\\/uploads\\\/2022\\\/01\\\/Logo_Organisator_Website.png\",\"contentUrl\":\"https:\\\/\\\/www.organisator.ch\\\/wp-content\\\/uploads\\\/2022\\\/01\\\/Logo_Organisator_Website.png\",\"width\":800,\"height\":77,\"caption\":\"Organisator\"},\"image\":{\"@id\":\"https:\\\/\\\/www.organisator.ch\\\/#\\\/schema\\\/logo\\\/image\\\/\"},\"sameAs\":[\"https:\\\/\\\/www.facebook.com\\\/OrganisatorFachmagazin\",\"https:\\\/\\\/www.linkedin.com\\\/showcase\\\/organisator-das-magazin-fr-kmu\",\"https:\\\/\\\/www.xing.com\\\/news\\\/pages\\\/organisator-ch-695\",\"https:\\\/\\\/www.youtube.com\\\/channel\\\/UCGP2Sq0iWaZwT3BdIAQFYpw\"]},{\"@type\":\"Person\",\"@id\":\"https:\\\/\\\/www.organisator.ch\\\/#\\\/schema\\\/person\\\/6f650f90b2842cd4c0cc334b4e36f67e\",\"name\":\"thomas.berner\",\"image\":{\"@type\":\"ImageObject\",\"inLanguage\":\"de\",\"@id\":\"https:\\\/\\\/secure.gravatar.com\\\/avatar\\\/ac5001d2a36cb6c6cd3e50789007ffca834b477b74a2144564522e944eabff61?s=96&d=mm&r=g\",\"url\":\"https:\\\/\\\/secure.gravatar.com\\\/avatar\\\/ac5001d2a36cb6c6cd3e50789007ffca834b477b74a2144564522e944eabff61?s=96&d=mm&r=g\",\"contentUrl\":\"https:\\\/\\\/secure.gravatar.com\\\/avatar\\\/ac5001d2a36cb6c6cd3e50789007ffca834b477b74a2144564522e944eabff61?s=96&d=mm&r=g\",\"caption\":\"thomas.berner\"},\"url\":\"https:\\\/\\\/www.organisator.ch\\\/de\\\/author\\\/thomas-berner\\\/\"}]}<\/script>\n<!-- \/ Yoast SEO plugin. -->","yoast_head_json":{"title":"Kampf gegen Elektroschrott und Wegwerfmentalit\u00e4t - Organisator","description":"Sachs Printing AG engagiert sich seit Jahren im Kampf gegen Elektroschrott und wurde nun in die Ethik Society aufgenommen.","robots":{"index":"index","follow":"follow","max-snippet":"max-snippet:-1","max-image-preview":"max-image-preview:large","max-video-preview":"max-video-preview:-1"},"canonical":"https:\/\/www.organisator.ch\/de\/sustainability\/2025-09-18\/kampf-gegen-elektroschrott-und-wegwerfmentalitaet\/","og_locale":"de_DE","og_type":"article","og_title":"Kampf gegen Elektroschrott und Wegwerfmentalit\u00e4t","og_description":"Sachs Printing AG engagiert sich seit Jahren im Kampf gegen Elektroschrott und wurde nun in die Ethik Society aufgenommen.","og_url":"https:\/\/www.organisator.ch\/de\/sustainability\/2025-09-18\/kampf-gegen-elektroschrott-und-wegwerfmentalitaet\/","og_site_name":"Organisator","article_publisher":"https:\/\/www.facebook.com\/OrganisatorFachmagazin","article_published_time":"2025-09-18T06:13:35+00:00","og_image":[{"width":680,"height":495,"url":"https:\/\/www.organisator.ch\/wp-content\/uploads\/2025\/09\/Kampf-gegen-Elektroschrott-und-Wegwerfmentalitaet_Organisator.jpg","type":"image\/jpeg"}],"author":"thomas.berner","twitter_card":"summary_large_image","twitter_title":"Kampf gegen #Elektroschrott und #Wegwerfmentalit\u00e4t","twitter_description":"Sachs Printing AG engagiert sich seit Jahren im Kampf gegen #Elektroschrott und wurde nun in die Ethik Society aufgenommen.","twitter_image":"https:\/\/www.organisator.ch\/wp-content\/uploads\/2025\/09\/Kampf-gegen-Elektroschrott-und-Wegwerfmentalitaet_Organisator.jpg","schema":{"@context":"https:\/\/schema.org","@graph":[{"@type":"Article","@id":"https:\/\/www.organisator.ch\/sustainability\/2025-09-18\/kampf-gegen-elektroschrott-und-wegwerfmentalitaet\/#article","isPartOf":{"@id":"https:\/\/www.organisator.ch\/sustainability\/2025-09-18\/kampf-gegen-elektroschrott-und-wegwerfmentalitaet\/"},"author":{"name":"thomas.berner","@id":"https:\/\/www.organisator.ch\/#\/schema\/person\/6f650f90b2842cd4c0cc334b4e36f67e"},"headline":"Kampf gegen Elektroschrott und Wegwerfmentalit\u00e4t","datePublished":"2025-09-18T06:13:35+00:00","mainEntityOfPage":{"@id":"https:\/\/www.organisator.ch\/sustainability\/2025-09-18\/kampf-gegen-elektroschrott-und-wegwerfmentalitaet\/"},"wordCount":609,"publisher":{"@id":"https:\/\/www.organisator.ch\/#organization"},"image":{"@id":"https:\/\/www.organisator.ch\/sustainability\/2025-09-18\/kampf-gegen-elektroschrott-und-wegwerfmentalitaet\/#primaryimage"},"thumbnailUrl":"https:\/\/www.organisator.ch\/wp-content\/uploads\/2025\/09\/Kampf-gegen-Elektroschrott-und-Wegwerfmentalitaet_Organisator.jpg","keywords":["Awards","B\u00fcroger\u00e4te","Elektroschrott","Nachhaltige Wirtschaft","Nachhaltigkeit"],"articleSection":["SUSTAINABILITY"],"inLanguage":"de"},{"@type":"WebPage","@id":"https:\/\/www.organisator.ch\/sustainability\/2025-09-18\/kampf-gegen-elektroschrott-und-wegwerfmentalitaet\/","url":"https:\/\/www.organisator.ch\/sustainability\/2025-09-18\/kampf-gegen-elektroschrott-und-wegwerfmentalitaet\/","name":"Kampf gegen Elektroschrott und Wegwerfmentalit\u00e4t - Organisator","isPartOf":{"@id":"https:\/\/www.organisator.ch\/#website"},"primaryImageOfPage":{"@id":"https:\/\/www.organisator.ch\/sustainability\/2025-09-18\/kampf-gegen-elektroschrott-und-wegwerfmentalitaet\/#primaryimage"},"image":{"@id":"https:\/\/www.organisator.ch\/sustainability\/2025-09-18\/kampf-gegen-elektroschrott-und-wegwerfmentalitaet\/#primaryimage"},"thumbnailUrl":"https:\/\/www.organisator.ch\/wp-content\/uploads\/2025\/09\/Kampf-gegen-Elektroschrott-und-Wegwerfmentalitaet_Organisator.jpg","datePublished":"2025-09-18T06:13:35+00:00","description":"Sachs Printing AG engagiert sich seit Jahren im Kampf gegen Elektroschrott und wurde nun in die Ethik Society aufgenommen.","breadcrumb":{"@id":"https:\/\/www.organisator.ch\/sustainability\/2025-09-18\/kampf-gegen-elektroschrott-und-wegwerfmentalitaet\/#breadcrumb"},"inLanguage":"de","potentialAction":[{"@type":"ReadAction","target":["https:\/\/www.organisator.ch\/sustainability\/2025-09-18\/kampf-gegen-elektroschrott-und-wegwerfmentalitaet\/"]}]},{"@type":"ImageObject","inLanguage":"de","@id":"https:\/\/www.organisator.ch\/sustainability\/2025-09-18\/kampf-gegen-elektroschrott-und-wegwerfmentalitaet\/#primaryimage","url":"https:\/\/www.organisator.ch\/wp-content\/uploads\/2025\/09\/Kampf-gegen-Elektroschrott-und-Wegwerfmentalitaet_Organisator.jpg","contentUrl":"https:\/\/www.organisator.ch\/wp-content\/uploads\/2025\/09\/Kampf-gegen-Elektroschrott-und-Wegwerfmentalitaet_Organisator.jpg","width":680,"height":495,"caption":"Reto Sachs, CEO der Sachs Printing AG, hat sich dem Kampf gegen Elektroschrott verschrieben und wurde in die Ethik Society aufgenommen. (Bild: zVg \/ Sachs Printing) AG"},{"@type":"BreadcrumbList","@id":"https:\/\/www.organisator.ch\/sustainability\/2025-09-18\/kampf-gegen-elektroschrott-und-wegwerfmentalitaet\/#breadcrumb","itemListElement":[{"@type":"ListItem","position":1,"name":"Home","item":"https:\/\/www.organisator.ch\/"},{"@type":"ListItem","position":2,"name":"Kampf gegen Elektroschrott und Wegwerfmentalit\u00e4t"}]},{"@type":"WebSite","@id":"https:\/\/www.organisator.ch\/#website","url":"https:\/\/www.organisator.ch\/","name":"Organisator","description":"Kompetent. Praxisnah. Der ORGANISATOR bereitet in 10 Ausgaben pro Jahr die wesentlichen Themen f\u00fcr F\u00fchrungskr\u00e4fte von KMU auf.","publisher":{"@id":"https:\/\/www.organisator.ch\/#organization"},"potentialAction":[{"@type":"SearchAction","target":{"@type":"EntryPoint","urlTemplate":"https:\/\/www.organisator.ch\/?s={search_term_string}"},"query-input":{"@type":"PropertyValueSpecification","valueRequired":true,"valueName":"search_term_string"}}],"inLanguage":"de"},{"@type":"Organization","@id":"https:\/\/www.organisator.ch\/#organization","name":"Organisator","url":"https:\/\/www.organisator.ch\/","logo":{"@type":"ImageObject","inLanguage":"de","@id":"https:\/\/www.organisator.ch\/#\/schema\/logo\/image\/","url":"https:\/\/www.organisator.ch\/wp-content\/uploads\/2022\/01\/Logo_Organisator_Website.png","contentUrl":"https:\/\/www.organisator.ch\/wp-content\/uploads\/2022\/01\/Logo_Organisator_Website.png","width":800,"height":77,"caption":"Organisator"},"image":{"@id":"https:\/\/www.organisator.ch\/#\/schema\/logo\/image\/"},"sameAs":["https:\/\/www.facebook.com\/OrganisatorFachmagazin","https:\/\/www.linkedin.com\/showcase\/organisator-das-magazin-fr-kmu","https:\/\/www.xing.com\/news\/pages\/organisator-ch-695","https:\/\/www.youtube.com\/channel\/UCGP2Sq0iWaZwT3BdIAQFYpw"]},{"@type":"Person","@id":"https:\/\/www.organisator.ch\/#\/schema\/person\/6f650f90b2842cd4c0cc334b4e36f67e","name":"thomas.berner","image":{"@type":"ImageObject","inLanguage":"de","@id":"https:\/\/secure.gravatar.com\/avatar\/ac5001d2a36cb6c6cd3e50789007ffca834b477b74a2144564522e944eabff61?s=96&d=mm&r=g","url":"https:\/\/secure.gravatar.com\/avatar\/ac5001d2a36cb6c6cd3e50789007ffca834b477b74a2144564522e944eabff61?s=96&d=mm&r=g","contentUrl":"https:\/\/secure.gravatar.com\/avatar\/ac5001d2a36cb6c6cd3e50789007ffca834b477b74a2144564522e944eabff61?s=96&d=mm&r=g","caption":"thomas.berner"},"url":"https:\/\/www.organisator.ch\/de\/author\/thomas-berner\/"}]}},"_links":{"self":[{"href":"https:\/\/www.organisator.ch\/de\/wp-json\/wp\/v2\/posts\/40616","targetHints":{"allow":["GET"]}}],"collection":[{"href":"https:\/\/www.organisator.ch\/de\/wp-json\/wp\/v2\/posts"}],"about":[{"href":"https:\/\/www.organisator.ch\/de\/wp-json\/wp\/v2\/types\/post"}],"author":[{"embeddable":true,"href":"https:\/\/www.organisator.ch\/de\/wp-json\/wp\/v2\/users\/4"}],"replies":[{"embeddable":true,"href":"https:\/\/www.organisator.ch\/de\/wp-json\/wp\/v2\/comments?post=40616"}],"version-history":[{"count":4,"href":"https:\/\/www.organisator.ch\/de\/wp-json\/wp\/v2\/posts\/40616\/revisions"}],"predecessor-version":[{"id":40652,"href":"https:\/\/www.organisator.ch\/de\/wp-json\/wp\/v2\/posts\/40616\/revisions\/40652"}],"wp:featuredmedia":[{"embeddable":true,"href":"https:\/\/www.organisator.ch\/de\/wp-json\/wp\/v2\/media\/40617"}],"wp:attachment":[{"href":"https:\/\/www.organisator.ch\/de\/wp-json\/wp\/v2\/media?parent=40616"}],"wp:term":[{"taxonomy":"category","embeddable":true,"href":"https:\/\/www.organisator.ch\/de\/wp-json\/wp\/v2\/categories?post=40616"},{"taxonomy":"post_tag","embeddable":true,"href":"https:\/\/www.organisator.ch\/de\/wp-json\/wp\/v2\/tags?post=40616"}],"curies":[{"name":"wp","href":"https:\/\/api.w.org\/{rel}","templated":true}]}}