{"id":40626,"date":"2025-09-18T20:10:39","date_gmt":"2025-09-18T18:10:39","guid":{"rendered":"https:\/\/www.organisator.ch\/?p=40626"},"modified":"2025-09-18T20:10:39","modified_gmt":"2025-09-18T18:10:39","slug":"der-svc-mit-neuer-geschaeftsfuehrerin","status":"publish","type":"post","link":"https:\/\/www.organisator.ch\/de\/management\/2025-09-18\/der-svc-mit-neuer-geschaeftsfuehrerin\/","title":{"rendered":"Der SVC mit neuer Gesch\u00e4ftsf\u00fchrerin"},"content":{"rendered":"<figure id=\"attachment_40627\" aria-describedby=\"caption-attachment-40627\" style=\"width: 680px\" class=\"wp-caption alignnone\"><img loading=\"lazy\" decoding=\"async\" class=\"size-full wp-image-40627\" src=\"https:\/\/www.organisator.ch\/wp-content\/uploads\/2025\/09\/Der-SVC-mit-neuer-Geschaeftsfuehrerin_Organisator.jpg\" alt=\"\" width=\"680\" height=\"469\" srcset=\"https:\/\/www.organisator.ch\/wp-content\/uploads\/2025\/09\/Der-SVC-mit-neuer-Geschaeftsfuehrerin_Organisator.jpg 680w, https:\/\/www.organisator.ch\/wp-content\/uploads\/2025\/09\/Der-SVC-mit-neuer-Geschaeftsfuehrerin_Organisator-18x12.jpg 18w, https:\/\/www.organisator.ch\/wp-content\/uploads\/2025\/09\/Der-SVC-mit-neuer-Geschaeftsfuehrerin_Organisator-375x259.jpg 375w, https:\/\/www.organisator.ch\/wp-content\/uploads\/2025\/09\/Der-SVC-mit-neuer-Geschaeftsfuehrerin_Organisator-507x350.jpg 507w\" sizes=\"auto, (max-width: 680px) 100vw, 680px\" \/><figcaption id=\"caption-attachment-40627\" class=\"wp-caption-text\">Ab 1. Oktober 2025 neue Gesch\u00e4ftsf\u00fchrerin des SVC: Franziska B\u00fcrki. (Bild: zVg \/ SVC)<\/figcaption><\/figure>\n<p>Rund 270 Mitglieder fanden sich am 18. September 2025 zur j\u00e4hrlichen Mitgliederversammlung im Hotel Bellevue Palace in Bern ein. An diesem Anlass wurden zwei neue Vorstandsmitglieder begr\u00fcsst:\u00a0Lukas Bigler nimmt als neuer Vertreter des SVC Gold Partners Swisscom Einsitz in den Vorstand. Christophe Nicolet ist Gesch\u00e4ftsf\u00fchrer der PX Pr\u00e9cinox SA und wird auch die Interessen der franz\u00f6sischsprachigen Schweiz im Gremium einbringen.<\/p>\n<p>Per 1. Oktober 2025 \u00fcbernimmt zudem Franziska B\u00fcrki die Gesch\u00e4ftsf\u00fchrung des SVC. Nach rund 20 Jahren Berufserfahrung im wirtschaftspolitischen Umfeld, zuletzt als Leiterin Public Affairs von Raiffeisen Schweiz, freut sich die 46-j\u00e4hrige Betriebswirtin auf die Aufgabe im KMU-Bereich. \u00abDie Schweizer Unternehmen leisten grossartiges. Gemeinsam mit dem Team und der Unterst\u00fctzung unserer Partner wollen wir die Exzellenz der KMU allen aufzeigen. Es ehrt mich, dass ich mich k\u00fcnftig pers\u00f6nlich f\u00fcr unsere KMU einsetzen darf.\u00bb, stellte sich Franziska B\u00fcrki den Mitgliedern vor.<\/p>\n<p>Die Versammlung hat die beiden zur\u00fccktretenden Vorstandsmitglieder Urs Lehner und Michael Willimann mit Dank f\u00fcr ihr grosses Engagement geb\u00fchrend verabschiedet. Mit einer Laudatio hat SVC-Pr\u00e4sident Hans Baumgartner den abtretenden Gesch\u00e4ftsf\u00fchrer Michael Fahrni f\u00fcr sein langj\u00e4hriges Wirken verdankt.<\/p>\n<p>Mit Stolz k\u00fcndete Hans Baumgartner das bevorstehende 25. Jubil\u00e4umsjahr und die Neuerungen rund um die Verleihung des Prix SVC an. 2026 wird zum ersten Mal der Prix SVC Aargau Solothurn durchgef\u00fchrt. Er freut sich auf eine Neupositionierung des SVC mit neuem Schwung.<\/p>\n<p><em>Quelle und weitere Informationen: <a href=\"http:\/\/www.svc.swiss\">www.svc.swiss<\/a><\/em><\/p>\n","protected":false},"excerpt":{"rendered":"<p>An der 24. Mitgliederversammlung haben die SVC Mitglieder Lukas Bigler und Christophe Nicolet neu in den Vorstand gew\u00e4hlt. Der Versammlung vorgestellt hat sich auch die designierte Gesch\u00e4ftsf\u00fchrerin Franziska B\u00fcrki. Sie folgt auf Michael Fahrni, der die Leitung des SVC per Ende September abgibt. <\/p>\n","protected":false},"author":4,"featured_media":40627,"comment_status":"closed","ping_status":"closed","sticky":false,"template":"","format":"standard","meta":{"_acf_changed":false,"_yoast_wpseo_focuskw":"Gesch\u00e4ftsf\u00fchrerin","_yoast_wpseo_metadesc":"Der SVC hat mit Lukas Bigler und Christophe Nicolet zwei neue Vorstandsmitglieder. Neue Gesch\u00e4ftsf\u00fchrerin wird Franziska B\u00fcrki.","articlekey":"","footnotes":""},"categories":[28],"tags":[381,466,503],"class_list":["post-40626","post","type-post","status-publish","format-standard","has-post-thumbnail","hentry","category-management","tag-personalia","tag-swiss-venture-club","tag-verbaende"],"acf":[],"yoast_head":"<!-- This site is optimized with the Yoast SEO plugin v27.5 - https:\/\/yoast.com\/product\/yoast-seo-wordpress\/ -->\n<title>Der SVC mit neuer Gesch\u00e4ftsf\u00fchrerin - Organisator<\/title>\n<meta name=\"description\" content=\"Der SVC hat mit Lukas Bigler und Christophe Nicolet zwei neue Vorstandsmitglieder. Neue Gesch\u00e4ftsf\u00fchrerin wird Franziska B\u00fcrki.\" \/>\n<meta name=\"robots\" content=\"index, follow, max-snippet:-1, max-image-preview:large, max-video-preview:-1\" \/>\n<link rel=\"canonical\" href=\"https:\/\/www.organisator.ch\/de\/management\/2025-09-18\/der-svc-mit-neuer-geschaeftsfuehrerin\/\" \/>\n<meta property=\"og:locale\" content=\"de_DE\" \/>\n<meta property=\"og:type\" content=\"article\" \/>\n<meta property=\"og:title\" content=\"Der SVC mit neuer Gesch\u00e4ftsf\u00fchrerin\" \/>\n<meta property=\"og:description\" content=\"Der SVC hat mit Lukas Bigler und Christophe Nicolet zwei neue Vorstandsmitglieder. Neue Gesch\u00e4ftsf\u00fchrerin wird Franziska B\u00fcrki.\" \/>\n<meta property=\"og:url\" content=\"https:\/\/www.organisator.ch\/de\/management\/2025-09-18\/der-svc-mit-neuer-geschaeftsfuehrerin\/\" \/>\n<meta property=\"og:site_name\" content=\"Organisator\" \/>\n<meta property=\"article:publisher\" content=\"https:\/\/www.facebook.com\/OrganisatorFachmagazin\" \/>\n<meta property=\"article:published_time\" content=\"2025-09-18T18:10:39+00:00\" \/>\n<meta property=\"og:image\" content=\"https:\/\/www.organisator.ch\/wp-content\/uploads\/2025\/09\/Der-SVC-mit-neuer-Geschaeftsfuehrerin_Organisator.jpg\" \/>\n\t<meta property=\"og:image:width\" content=\"680\" \/>\n\t<meta property=\"og:image:height\" content=\"469\" \/>\n\t<meta property=\"og:image:type\" content=\"image\/jpeg\" \/>\n<meta name=\"author\" content=\"thomas.berner\" \/>\n<meta name=\"twitter:card\" content=\"summary_large_image\" \/>\n<meta name=\"twitter:title\" content=\"Der #SVC mit neuer #Gesch\u00e4ftsf\u00fchrerin\" \/>\n<meta name=\"twitter:description\" content=\"Der #SVC hat mit Lukas #Bigler und Christophe #Nicolet zwei neue #Vorstandsmitglieder. Neue #Gesch\u00e4ftsf\u00fchrerin wird Franziska #B\u00fcrki.\" \/>\n<meta name=\"twitter:image\" content=\"https:\/\/www.organisator.ch\/wp-content\/uploads\/2025\/09\/Der-SVC-mit-neuer-Geschaeftsfuehrerin_Organisator.jpg\" \/>\n<script type=\"application\/ld+json\" class=\"yoast-schema-graph\">{\"@context\":\"https:\\\/\\\/schema.org\",\"@graph\":[{\"@type\":\"Article\",\"@id\":\"https:\\\/\\\/www.organisator.ch\\\/management\\\/2025-09-18\\\/der-svc-mit-neuer-geschaeftsfuehrerin\\\/#article\",\"isPartOf\":{\"@id\":\"https:\\\/\\\/www.organisator.ch\\\/management\\\/2025-09-18\\\/der-svc-mit-neuer-geschaeftsfuehrerin\\\/\"},\"author\":{\"name\":\"thomas.berner\",\"@id\":\"https:\\\/\\\/www.organisator.ch\\\/#\\\/schema\\\/person\\\/6f650f90b2842cd4c0cc334b4e36f67e\"},\"headline\":\"Der SVC mit neuer Gesch\u00e4ftsf\u00fchrerin\",\"datePublished\":\"2025-09-18T18:10:39+00:00\",\"mainEntityOfPage\":{\"@id\":\"https:\\\/\\\/www.organisator.ch\\\/management\\\/2025-09-18\\\/der-svc-mit-neuer-geschaeftsfuehrerin\\\/\"},\"wordCount\":273,\"publisher\":{\"@id\":\"https:\\\/\\\/www.organisator.ch\\\/#organization\"},\"image\":{\"@id\":\"https:\\\/\\\/www.organisator.ch\\\/management\\\/2025-09-18\\\/der-svc-mit-neuer-geschaeftsfuehrerin\\\/#primaryimage\"},\"thumbnailUrl\":\"https:\\\/\\\/www.organisator.ch\\\/wp-content\\\/uploads\\\/2025\\\/09\\\/Der-SVC-mit-neuer-Geschaeftsfuehrerin_Organisator.jpg\",\"keywords\":[\"Personalia\",\"Swiss Venture Club\",\"Verb\u00e4nde\"],\"articleSection\":[\"MANAGEMENT\"],\"inLanguage\":\"de\"},{\"@type\":\"WebPage\",\"@id\":\"https:\\\/\\\/www.organisator.ch\\\/management\\\/2025-09-18\\\/der-svc-mit-neuer-geschaeftsfuehrerin\\\/\",\"url\":\"https:\\\/\\\/www.organisator.ch\\\/management\\\/2025-09-18\\\/der-svc-mit-neuer-geschaeftsfuehrerin\\\/\",\"name\":\"Der SVC mit neuer Gesch\u00e4ftsf\u00fchrerin - Organisator\",\"isPartOf\":{\"@id\":\"https:\\\/\\\/www.organisator.ch\\\/#website\"},\"primaryImageOfPage\":{\"@id\":\"https:\\\/\\\/www.organisator.ch\\\/management\\\/2025-09-18\\\/der-svc-mit-neuer-geschaeftsfuehrerin\\\/#primaryimage\"},\"image\":{\"@id\":\"https:\\\/\\\/www.organisator.ch\\\/management\\\/2025-09-18\\\/der-svc-mit-neuer-geschaeftsfuehrerin\\\/#primaryimage\"},\"thumbnailUrl\":\"https:\\\/\\\/www.organisator.ch\\\/wp-content\\\/uploads\\\/2025\\\/09\\\/Der-SVC-mit-neuer-Geschaeftsfuehrerin_Organisator.jpg\",\"datePublished\":\"2025-09-18T18:10:39+00:00\",\"description\":\"Der SVC hat mit Lukas Bigler und Christophe Nicolet zwei neue Vorstandsmitglieder. Neue Gesch\u00e4ftsf\u00fchrerin wird Franziska B\u00fcrki.\",\"breadcrumb\":{\"@id\":\"https:\\\/\\\/www.organisator.ch\\\/management\\\/2025-09-18\\\/der-svc-mit-neuer-geschaeftsfuehrerin\\\/#breadcrumb\"},\"inLanguage\":\"de\",\"potentialAction\":[{\"@type\":\"ReadAction\",\"target\":[\"https:\\\/\\\/www.organisator.ch\\\/management\\\/2025-09-18\\\/der-svc-mit-neuer-geschaeftsfuehrerin\\\/\"]}]},{\"@type\":\"ImageObject\",\"inLanguage\":\"de\",\"@id\":\"https:\\\/\\\/www.organisator.ch\\\/management\\\/2025-09-18\\\/der-svc-mit-neuer-geschaeftsfuehrerin\\\/#primaryimage\",\"url\":\"https:\\\/\\\/www.organisator.ch\\\/wp-content\\\/uploads\\\/2025\\\/09\\\/Der-SVC-mit-neuer-Geschaeftsfuehrerin_Organisator.jpg\",\"contentUrl\":\"https:\\\/\\\/www.organisator.ch\\\/wp-content\\\/uploads\\\/2025\\\/09\\\/Der-SVC-mit-neuer-Geschaeftsfuehrerin_Organisator.jpg\",\"width\":680,\"height\":469,\"caption\":\"Ab 1. Oktober 2025 neue Gesch\u00e4ftsf\u00fchrerin des SVC: Franziska B\u00fcrki. (Bild: zVg \\\/ SVC)\"},{\"@type\":\"BreadcrumbList\",\"@id\":\"https:\\\/\\\/www.organisator.ch\\\/management\\\/2025-09-18\\\/der-svc-mit-neuer-geschaeftsfuehrerin\\\/#breadcrumb\",\"itemListElement\":[{\"@type\":\"ListItem\",\"position\":1,\"name\":\"Home\",\"item\":\"https:\\\/\\\/www.organisator.ch\\\/\"},{\"@type\":\"ListItem\",\"position\":2,\"name\":\"Der SVC mit neuer Gesch\u00e4ftsf\u00fchrerin\"}]},{\"@type\":\"WebSite\",\"@id\":\"https:\\\/\\\/www.organisator.ch\\\/#website\",\"url\":\"https:\\\/\\\/www.organisator.ch\\\/\",\"name\":\"Organisator\",\"description\":\"Kompetent. Praxisnah. Der ORGANISATOR bereitet in 10 Ausgaben pro Jahr die wesentlichen Themen f\u00fcr F\u00fchrungskr\u00e4fte von KMU auf.\",\"publisher\":{\"@id\":\"https:\\\/\\\/www.organisator.ch\\\/#organization\"},\"potentialAction\":[{\"@type\":\"SearchAction\",\"target\":{\"@type\":\"EntryPoint\",\"urlTemplate\":\"https:\\\/\\\/www.organisator.ch\\\/?s={search_term_string}\"},\"query-input\":{\"@type\":\"PropertyValueSpecification\",\"valueRequired\":true,\"valueName\":\"search_term_string\"}}],\"inLanguage\":\"de\"},{\"@type\":\"Organization\",\"@id\":\"https:\\\/\\\/www.organisator.ch\\\/#organization\",\"name\":\"Organisator\",\"url\":\"https:\\\/\\\/www.organisator.ch\\\/\",\"logo\":{\"@type\":\"ImageObject\",\"inLanguage\":\"de\",\"@id\":\"https:\\\/\\\/www.organisator.ch\\\/#\\\/schema\\\/logo\\\/image\\\/\",\"url\":\"https:\\\/\\\/www.organisator.ch\\\/wp-content\\\/uploads\\\/2022\\\/01\\\/Logo_Organisator_Website.png\",\"contentUrl\":\"https:\\\/\\\/www.organisator.ch\\\/wp-content\\\/uploads\\\/2022\\\/01\\\/Logo_Organisator_Website.png\",\"width\":800,\"height\":77,\"caption\":\"Organisator\"},\"image\":{\"@id\":\"https:\\\/\\\/www.organisator.ch\\\/#\\\/schema\\\/logo\\\/image\\\/\"},\"sameAs\":[\"https:\\\/\\\/www.facebook.com\\\/OrganisatorFachmagazin\",\"https:\\\/\\\/www.linkedin.com\\\/showcase\\\/organisator-das-magazin-fr-kmu\",\"https:\\\/\\\/www.xing.com\\\/news\\\/pages\\\/organisator-ch-695\",\"https:\\\/\\\/www.youtube.com\\\/channel\\\/UCGP2Sq0iWaZwT3BdIAQFYpw\"]},{\"@type\":\"Person\",\"@id\":\"https:\\\/\\\/www.organisator.ch\\\/#\\\/schema\\\/person\\\/6f650f90b2842cd4c0cc334b4e36f67e\",\"name\":\"thomas.berner\",\"image\":{\"@type\":\"ImageObject\",\"inLanguage\":\"de\",\"@id\":\"https:\\\/\\\/secure.gravatar.com\\\/avatar\\\/ac5001d2a36cb6c6cd3e50789007ffca834b477b74a2144564522e944eabff61?s=96&d=mm&r=g\",\"url\":\"https:\\\/\\\/secure.gravatar.com\\\/avatar\\\/ac5001d2a36cb6c6cd3e50789007ffca834b477b74a2144564522e944eabff61?s=96&d=mm&r=g\",\"contentUrl\":\"https:\\\/\\\/secure.gravatar.com\\\/avatar\\\/ac5001d2a36cb6c6cd3e50789007ffca834b477b74a2144564522e944eabff61?s=96&d=mm&r=g\",\"caption\":\"thomas.berner\"},\"url\":\"https:\\\/\\\/www.organisator.ch\\\/de\\\/author\\\/thomas-berner\\\/\"}]}<\/script>\n<!-- \/ Yoast SEO plugin. -->","yoast_head_json":{"title":"Der SVC mit neuer Gesch\u00e4ftsf\u00fchrerin - Organisator","description":"Der SVC hat mit Lukas Bigler und Christophe Nicolet zwei neue Vorstandsmitglieder. Neue Gesch\u00e4ftsf\u00fchrerin wird Franziska B\u00fcrki.","robots":{"index":"index","follow":"follow","max-snippet":"max-snippet:-1","max-image-preview":"max-image-preview:large","max-video-preview":"max-video-preview:-1"},"canonical":"https:\/\/www.organisator.ch\/de\/management\/2025-09-18\/der-svc-mit-neuer-geschaeftsfuehrerin\/","og_locale":"de_DE","og_type":"article","og_title":"Der SVC mit neuer Gesch\u00e4ftsf\u00fchrerin","og_description":"Der SVC hat mit Lukas Bigler und Christophe Nicolet zwei neue Vorstandsmitglieder. Neue Gesch\u00e4ftsf\u00fchrerin wird Franziska B\u00fcrki.","og_url":"https:\/\/www.organisator.ch\/de\/management\/2025-09-18\/der-svc-mit-neuer-geschaeftsfuehrerin\/","og_site_name":"Organisator","article_publisher":"https:\/\/www.facebook.com\/OrganisatorFachmagazin","article_published_time":"2025-09-18T18:10:39+00:00","og_image":[{"width":680,"height":469,"url":"https:\/\/www.organisator.ch\/wp-content\/uploads\/2025\/09\/Der-SVC-mit-neuer-Geschaeftsfuehrerin_Organisator.jpg","type":"image\/jpeg"}],"author":"thomas.berner","twitter_card":"summary_large_image","twitter_title":"Der #SVC mit neuer #Gesch\u00e4ftsf\u00fchrerin","twitter_description":"Der #SVC hat mit Lukas #Bigler und Christophe #Nicolet zwei neue #Vorstandsmitglieder. Neue #Gesch\u00e4ftsf\u00fchrerin wird Franziska #B\u00fcrki.","twitter_image":"https:\/\/www.organisator.ch\/wp-content\/uploads\/2025\/09\/Der-SVC-mit-neuer-Geschaeftsfuehrerin_Organisator.jpg","schema":{"@context":"https:\/\/schema.org","@graph":[{"@type":"Article","@id":"https:\/\/www.organisator.ch\/management\/2025-09-18\/der-svc-mit-neuer-geschaeftsfuehrerin\/#article","isPartOf":{"@id":"https:\/\/www.organisator.ch\/management\/2025-09-18\/der-svc-mit-neuer-geschaeftsfuehrerin\/"},"author":{"name":"thomas.berner","@id":"https:\/\/www.organisator.ch\/#\/schema\/person\/6f650f90b2842cd4c0cc334b4e36f67e"},"headline":"Der SVC mit neuer Gesch\u00e4ftsf\u00fchrerin","datePublished":"2025-09-18T18:10:39+00:00","mainEntityOfPage":{"@id":"https:\/\/www.organisator.ch\/management\/2025-09-18\/der-svc-mit-neuer-geschaeftsfuehrerin\/"},"wordCount":273,"publisher":{"@id":"https:\/\/www.organisator.ch\/#organization"},"image":{"@id":"https:\/\/www.organisator.ch\/management\/2025-09-18\/der-svc-mit-neuer-geschaeftsfuehrerin\/#primaryimage"},"thumbnailUrl":"https:\/\/www.organisator.ch\/wp-content\/uploads\/2025\/09\/Der-SVC-mit-neuer-Geschaeftsfuehrerin_Organisator.jpg","keywords":["Personalia","Swiss Venture Club","Verb\u00e4nde"],"articleSection":["MANAGEMENT"],"inLanguage":"de"},{"@type":"WebPage","@id":"https:\/\/www.organisator.ch\/management\/2025-09-18\/der-svc-mit-neuer-geschaeftsfuehrerin\/","url":"https:\/\/www.organisator.ch\/management\/2025-09-18\/der-svc-mit-neuer-geschaeftsfuehrerin\/","name":"Der SVC mit neuer Gesch\u00e4ftsf\u00fchrerin - Organisator","isPartOf":{"@id":"https:\/\/www.organisator.ch\/#website"},"primaryImageOfPage":{"@id":"https:\/\/www.organisator.ch\/management\/2025-09-18\/der-svc-mit-neuer-geschaeftsfuehrerin\/#primaryimage"},"image":{"@id":"https:\/\/www.organisator.ch\/management\/2025-09-18\/der-svc-mit-neuer-geschaeftsfuehrerin\/#primaryimage"},"thumbnailUrl":"https:\/\/www.organisator.ch\/wp-content\/uploads\/2025\/09\/Der-SVC-mit-neuer-Geschaeftsfuehrerin_Organisator.jpg","datePublished":"2025-09-18T18:10:39+00:00","description":"Der SVC hat mit Lukas Bigler und Christophe Nicolet zwei neue Vorstandsmitglieder. Neue Gesch\u00e4ftsf\u00fchrerin wird Franziska B\u00fcrki.","breadcrumb":{"@id":"https:\/\/www.organisator.ch\/management\/2025-09-18\/der-svc-mit-neuer-geschaeftsfuehrerin\/#breadcrumb"},"inLanguage":"de","potentialAction":[{"@type":"ReadAction","target":["https:\/\/www.organisator.ch\/management\/2025-09-18\/der-svc-mit-neuer-geschaeftsfuehrerin\/"]}]},{"@type":"ImageObject","inLanguage":"de","@id":"https:\/\/www.organisator.ch\/management\/2025-09-18\/der-svc-mit-neuer-geschaeftsfuehrerin\/#primaryimage","url":"https:\/\/www.organisator.ch\/wp-content\/uploads\/2025\/09\/Der-SVC-mit-neuer-Geschaeftsfuehrerin_Organisator.jpg","contentUrl":"https:\/\/www.organisator.ch\/wp-content\/uploads\/2025\/09\/Der-SVC-mit-neuer-Geschaeftsfuehrerin_Organisator.jpg","width":680,"height":469,"caption":"Ab 1. Oktober 2025 neue Gesch\u00e4ftsf\u00fchrerin des SVC: Franziska B\u00fcrki. (Bild: zVg \/ SVC)"},{"@type":"BreadcrumbList","@id":"https:\/\/www.organisator.ch\/management\/2025-09-18\/der-svc-mit-neuer-geschaeftsfuehrerin\/#breadcrumb","itemListElement":[{"@type":"ListItem","position":1,"name":"Home","item":"https:\/\/www.organisator.ch\/"},{"@type":"ListItem","position":2,"name":"Der SVC mit neuer Gesch\u00e4ftsf\u00fchrerin"}]},{"@type":"WebSite","@id":"https:\/\/www.organisator.ch\/#website","url":"https:\/\/www.organisator.ch\/","name":"Organisator","description":"Kompetent. Praxisnah. Der ORGANISATOR bereitet in 10 Ausgaben pro Jahr die wesentlichen Themen f\u00fcr F\u00fchrungskr\u00e4fte von KMU auf.","publisher":{"@id":"https:\/\/www.organisator.ch\/#organization"},"potentialAction":[{"@type":"SearchAction","target":{"@type":"EntryPoint","urlTemplate":"https:\/\/www.organisator.ch\/?s={search_term_string}"},"query-input":{"@type":"PropertyValueSpecification","valueRequired":true,"valueName":"search_term_string"}}],"inLanguage":"de"},{"@type":"Organization","@id":"https:\/\/www.organisator.ch\/#organization","name":"Organisator","url":"https:\/\/www.organisator.ch\/","logo":{"@type":"ImageObject","inLanguage":"de","@id":"https:\/\/www.organisator.ch\/#\/schema\/logo\/image\/","url":"https:\/\/www.organisator.ch\/wp-content\/uploads\/2022\/01\/Logo_Organisator_Website.png","contentUrl":"https:\/\/www.organisator.ch\/wp-content\/uploads\/2022\/01\/Logo_Organisator_Website.png","width":800,"height":77,"caption":"Organisator"},"image":{"@id":"https:\/\/www.organisator.ch\/#\/schema\/logo\/image\/"},"sameAs":["https:\/\/www.facebook.com\/OrganisatorFachmagazin","https:\/\/www.linkedin.com\/showcase\/organisator-das-magazin-fr-kmu","https:\/\/www.xing.com\/news\/pages\/organisator-ch-695","https:\/\/www.youtube.com\/channel\/UCGP2Sq0iWaZwT3BdIAQFYpw"]},{"@type":"Person","@id":"https:\/\/www.organisator.ch\/#\/schema\/person\/6f650f90b2842cd4c0cc334b4e36f67e","name":"thomas.berner","image":{"@type":"ImageObject","inLanguage":"de","@id":"https:\/\/secure.gravatar.com\/avatar\/ac5001d2a36cb6c6cd3e50789007ffca834b477b74a2144564522e944eabff61?s=96&d=mm&r=g","url":"https:\/\/secure.gravatar.com\/avatar\/ac5001d2a36cb6c6cd3e50789007ffca834b477b74a2144564522e944eabff61?s=96&d=mm&r=g","contentUrl":"https:\/\/secure.gravatar.com\/avatar\/ac5001d2a36cb6c6cd3e50789007ffca834b477b74a2144564522e944eabff61?s=96&d=mm&r=g","caption":"thomas.berner"},"url":"https:\/\/www.organisator.ch\/de\/author\/thomas-berner\/"}]}},"_links":{"self":[{"href":"https:\/\/www.organisator.ch\/de\/wp-json\/wp\/v2\/posts\/40626","targetHints":{"allow":["GET"]}}],"collection":[{"href":"https:\/\/www.organisator.ch\/de\/wp-json\/wp\/v2\/posts"}],"about":[{"href":"https:\/\/www.organisator.ch\/de\/wp-json\/wp\/v2\/types\/post"}],"author":[{"embeddable":true,"href":"https:\/\/www.organisator.ch\/de\/wp-json\/wp\/v2\/users\/4"}],"replies":[{"embeddable":true,"href":"https:\/\/www.organisator.ch\/de\/wp-json\/wp\/v2\/comments?post=40626"}],"version-history":[{"count":3,"href":"https:\/\/www.organisator.ch\/de\/wp-json\/wp\/v2\/posts\/40626\/revisions"}],"predecessor-version":[{"id":40651,"href":"https:\/\/www.organisator.ch\/de\/wp-json\/wp\/v2\/posts\/40626\/revisions\/40651"}],"wp:featuredmedia":[{"embeddable":true,"href":"https:\/\/www.organisator.ch\/de\/wp-json\/wp\/v2\/media\/40627"}],"wp:attachment":[{"href":"https:\/\/www.organisator.ch\/de\/wp-json\/wp\/v2\/media?parent=40626"}],"wp:term":[{"taxonomy":"category","embeddable":true,"href":"https:\/\/www.organisator.ch\/de\/wp-json\/wp\/v2\/categories?post=40626"},{"taxonomy":"post_tag","embeddable":true,"href":"https:\/\/www.organisator.ch\/de\/wp-json\/wp\/v2\/tags?post=40626"}],"curies":[{"name":"wp","href":"https:\/\/api.w.org\/{rel}","templated":true}]}}