{"id":40828,"date":"2025-09-30T17:13:03","date_gmt":"2025-09-30T15:13:03","guid":{"rendered":"https:\/\/www.markt-kom.com\/?p=241942"},"modified":"2025-10-20T16:18:43","modified_gmt":"2025-10-20T14:18:43","slug":"uebrigens-manche-marken-sterben-nicht-an-bedeutungsverlust-sondern-an-beziehungslosigkeit","status":"publish","type":"post","link":"https:\/\/www.organisator.ch\/de\/marketing\/2025-09-30\/uebrigens-manche-marken-sterben-nicht-an-bedeutungsverlust-sondern-an-beziehungslosigkeit\/","title":{"rendered":"\u00dcbrigens \u2026 Manche Marken sterben nicht an Bedeutungsverlust, sondern an Beziehungslosigkeit"},"content":{"rendered":"<p><img class=\"alignnone size-medium wp-image-40831\" src=\"https:\/\/www.organisator.ch\/wp-content\/uploads\/2025\/09\/natalia-blauth-kucpwLmInxU-unsplash-scaled-1-680x453.jpg\" alt=\"\" width=\"680\" height=\"453\" \/><\/p>\r\n<p>Es gibt diesen Moment, den niemand plant. Er kommt nicht mit einem Knall, sondern mit einem Verstummen. Kampagnen laufen, Touchpoints sind bespielt, das Budget wurde freigegeben \u2013 und dennoch bleibt die Resonanz aus. Nicht nur in der Klickrate. Sondern tiefer. Da, wo sich eigentlich etwas regen m\u00fcsste.<\/p>\r\n<p>Viele Marken erleben das, ohne es so zu benennen. Stattdessen wird optimiert, rebranded, repositioniert. Als w\u00e4re der Verlust von Resonanz eine technische St\u00f6rung, keine Beziehungskrise.<\/p>\r\n<p>Doch genau das ist es: Eine stille Beziehungskrise. Marken, die einst Zugeh\u00f6rigkeit stifteten, wirken heute oft wie Sender ohne Gegen\u00fcber. Man h\u00f6rt sie, aber man f\u00fchlt sie nicht mehr. Der Konsument ist nicht unbedingt <u>un<\/u>zufrieden \u2013 er ist innerlich abwesend.<\/p>\r\n<p>Und dieses \u201einnere abwesend sein\u201c ist keine kurzfristige Reaktion, sondern ein langsamer Prozess. Es entsteht dort, wo Kommunikation zum Betriebsmittel wird. Wo Kampagnen nicht mehr aus einem Wollen entstehen, sondern aus einem M\u00fcssen. Wo Sprache an Funktion verliert, weil sie keine Spur mehr hinterl\u00e4sst.<\/p>\r\n<h3><strong>Wie es so weit kommt<\/strong><\/h3>\r\n<p>In einer Welt, die ununterbrochen kommuniziert, f\u00e4llt ein Verstummen schwer auf. Es ist kein Versagen der Lautst\u00e4rke, sondern der Ber\u00fchrung. Wenn sich Sprache nur noch an Zielgruppen richtet, nicht an Menschen. Wenn Personalisierung zum mathematischen Trick wird, statt zu einer Geste des echten Interesses.<\/p>\r\n<p>Marken verlieren den Menschen nicht durch Fehler. Sie verlieren ihn durch Gleichg\u00fcltigkeit \u2013 oft unbeabsichtigt, aber systematisch. Es fehlt nicht an Wissen, sondern an N\u00e4he.<\/p>\r\n<p>Die Tools sind ausgefeilt, die Teams sind engagiert \u2013 aber die Beziehungsebene bleibt unber\u00fchrt. Vielleicht weil sie in den Briefings gar nicht vorkommt. Oder \u2013 weil es kein KPI f\u00fcr \u00abStimmigkeit\u00bb gibt.<\/p>\r\n<h3><strong>Was dann geschieht<\/strong><\/h3>\r\n<p>Der Resonanzverlust bleibt selten folgenlos. Marken werden zwar noch gekauft, aber nicht mehr gemeint. Sie mutieren zur Funktion, zur Option im Dropdown-Men\u00fc. Austauschbar. Und irgendwann irrelevant.<\/p>\r\n<p>Dann greifen die \u00fcblichen Reaktionsmuster: Mehr Analyse, mehr Tests, mehr Daten. Man fragt sich: Was fehlt? Aber man fragt selten: Wen haben wir verloren?<\/p>\r\n<p>Und so entsteht ein gef\u00e4hrlicher Stillstand hinter der Betriebsamkeit.<\/p>\r\n<h3><strong>Was jetzt gebraucht wird<\/strong><\/h3>\r\n<p>Marken brauchen keinen neuen Claim. Sie brauchen ein anderes Ohr. Kein besseres Targeting, sondern eine andere Haltung. Es geht nicht um Aufmerksamkeit, sondern um Ansprechbarkeit. Nicht um den n\u00e4chsten viralen Moment \u2013 sondern um das stille Wiederankn\u00fcpfen an das, was einmal war: Eine Beziehung.<\/p>\r\n<p>Man kann das mit <em>Consumer Listening<\/em> bezeichnen. Oder einfach Zuh\u00f6ren nennen. Entscheidend ist nicht die Methode, sondern der Raum: Ein Raum, in dem Konsumenten nicht befragt, sondern geh\u00f6rt werden.<\/p>\r\n<p>Und dieser Raum beginnt nicht mit Tools. Sondern mit der ehrlichen Frage: Wer sind wir \u2013 aus der Sicht der Kund*innen und Konsument*innen?<\/p>\r\n<p>\u00dcbrigens \u2026<br \/>\r\nManche Marken sterben nicht an Bedeutungsverlust, sondern an Beziehungslosigkeit.<\/p>","protected":false},"excerpt":{"rendered":"<p>In unserer Kolumne \u00ab\u00dcbrigens&#8230;\u00bb sinnieren abwechselnd Laura Colledani und Klaus Ammon von Management Tools \u00fcber Themen unserer Zeit. Diesmal: Gekauft, aber nicht geh\u00f6rt \u2013 Warum der Kunde innerlich l\u00e4ngst weitergezogen ist.<\/p>\n","protected":false},"author":8,"featured_media":40831,"comment_status":"closed","ping_status":"closed","sticky":false,"template":"","format":"standard","meta":{"_acf_changed":false,"_yoast_wpseo_focuskw":"Bedeutungsverlust","_yoast_wpseo_metadesc":"In der Kolumne \u00ab\u00dcbrigens...\u00bb sinnieren abwechselnd Laura Colledani und Klaus Ammon von Management Tools \u00fcber Themen unserer Zeit.","articlekey":"","footnotes":""},"categories":[29],"tags":[306,2617,4343],"class_list":["post-40828","post","type-post","status-publish","format-standard","has-post-thumbnail","hentry","category-marketing","tag-kolumne","tag-marken","tag-markom"],"acf":[],"yoast_head":"<!-- This site is optimized with the Yoast SEO plugin v27.4 - https:\/\/yoast.com\/product\/yoast-seo-wordpress\/ -->\n<title>\u00dcbrigens \u2026 Manche Marken sterben nicht an Bedeutungsverlust, sondern an Beziehungslosigkeit - Organisator<\/title>\n<meta name=\"description\" content=\"In der Kolumne \u00ab\u00dcbrigens...\u00bb sinnieren abwechselnd Laura Colledani und Klaus Ammon von Management Tools \u00fcber Themen unserer Zeit.\" \/>\n<meta name=\"robots\" content=\"index, follow, max-snippet:-1, max-image-preview:large, max-video-preview:-1\" \/>\n<link rel=\"canonical\" href=\"https:\/\/www.organisator.ch\/de\/marketing\/2025-09-30\/uebrigens-manche-marken-sterben-nicht-an-bedeutungsverlust-sondern-an-beziehungslosigkeit\/\" \/>\n<meta property=\"og:locale\" content=\"de_DE\" \/>\n<meta property=\"og:type\" content=\"article\" \/>\n<meta property=\"og:title\" content=\"\u00dcbrigens \u2026 Manche Marken sterben nicht an Bedeutungsverlust, sondern an Beziehungslosigkeit - Organisator\" \/>\n<meta property=\"og:description\" content=\"In der Kolumne \u00ab\u00dcbrigens...\u00bb sinnieren abwechselnd Laura Colledani und Klaus Ammon von Management Tools \u00fcber Themen unserer Zeit.\" \/>\n<meta property=\"og:url\" content=\"https:\/\/www.organisator.ch\/de\/marketing\/2025-09-30\/uebrigens-manche-marken-sterben-nicht-an-bedeutungsverlust-sondern-an-beziehungslosigkeit\/\" \/>\n<meta property=\"og:site_name\" content=\"Organisator\" \/>\n<meta property=\"article:publisher\" content=\"https:\/\/www.facebook.com\/OrganisatorFachmagazin\" \/>\n<meta property=\"article:published_time\" content=\"2025-09-30T15:13:03+00:00\" \/>\n<meta property=\"article:modified_time\" content=\"2025-10-20T14:18:43+00:00\" \/>\n<meta property=\"og:image\" content=\"https:\/\/www.organisator.ch\/wp-content\/uploads\/2025\/09\/natalia-blauth-kucpwLmInxU-unsplash-scaled-1.jpg\" \/>\n\t<meta property=\"og:image:width\" content=\"1400\" \/>\n\t<meta property=\"og:image:height\" content=\"933\" \/>\n\t<meta property=\"og:image:type\" content=\"image\/jpeg\" \/>\n<meta name=\"author\" content=\"galledia\" \/>\n<meta name=\"twitter:card\" content=\"summary_large_image\" \/>\n<meta name=\"twitter:creator\" content=\"@admin\" \/>\n<script type=\"application\/ld+json\" class=\"yoast-schema-graph\">{\"@context\":\"https:\\\/\\\/schema.org\",\"@graph\":[{\"@type\":\"Article\",\"@id\":\"https:\\\/\\\/www.organisator.ch\\\/marketing\\\/2025-09-30\\\/uebrigens-manche-marken-sterben-nicht-an-bedeutungsverlust-sondern-an-beziehungslosigkeit\\\/#article\",\"isPartOf\":{\"@id\":\"https:\\\/\\\/www.organisator.ch\\\/marketing\\\/2025-09-30\\\/uebrigens-manche-marken-sterben-nicht-an-bedeutungsverlust-sondern-an-beziehungslosigkeit\\\/\"},\"author\":{\"name\":\"galledia\",\"@id\":\"https:\\\/\\\/www.organisator.ch\\\/#\\\/schema\\\/person\\\/4e51799071cd2dd1232ac003643ef5f0\"},\"headline\":\"\u00dcbrigens \u2026 Manche Marken sterben nicht an Bedeutungsverlust, sondern an Beziehungslosigkeit\",\"datePublished\":\"2025-09-30T15:13:03+00:00\",\"dateModified\":\"2025-10-20T14:18:43+00:00\",\"mainEntityOfPage\":{\"@id\":\"https:\\\/\\\/www.organisator.ch\\\/marketing\\\/2025-09-30\\\/uebrigens-manche-marken-sterben-nicht-an-bedeutungsverlust-sondern-an-beziehungslosigkeit\\\/\"},\"wordCount\":460,\"publisher\":{\"@id\":\"https:\\\/\\\/www.organisator.ch\\\/#organization\"},\"image\":{\"@id\":\"https:\\\/\\\/www.organisator.ch\\\/marketing\\\/2025-09-30\\\/uebrigens-manche-marken-sterben-nicht-an-bedeutungsverlust-sondern-an-beziehungslosigkeit\\\/#primaryimage\"},\"thumbnailUrl\":\"https:\\\/\\\/www.organisator.ch\\\/wp-content\\\/uploads\\\/2025\\\/09\\\/natalia-blauth-kucpwLmInxU-unsplash-scaled-1.jpg\",\"keywords\":[\"Kolumne\",\"Marken\",\"MarKom\"],\"articleSection\":[\"MARKETING\"],\"inLanguage\":\"de\"},{\"@type\":\"WebPage\",\"@id\":\"https:\\\/\\\/www.organisator.ch\\\/marketing\\\/2025-09-30\\\/uebrigens-manche-marken-sterben-nicht-an-bedeutungsverlust-sondern-an-beziehungslosigkeit\\\/\",\"url\":\"https:\\\/\\\/www.organisator.ch\\\/marketing\\\/2025-09-30\\\/uebrigens-manche-marken-sterben-nicht-an-bedeutungsverlust-sondern-an-beziehungslosigkeit\\\/\",\"name\":\"\u00dcbrigens \u2026 Manche Marken sterben nicht an Bedeutungsverlust, sondern an Beziehungslosigkeit - Organisator\",\"isPartOf\":{\"@id\":\"https:\\\/\\\/www.organisator.ch\\\/#website\"},\"primaryImageOfPage\":{\"@id\":\"https:\\\/\\\/www.organisator.ch\\\/marketing\\\/2025-09-30\\\/uebrigens-manche-marken-sterben-nicht-an-bedeutungsverlust-sondern-an-beziehungslosigkeit\\\/#primaryimage\"},\"image\":{\"@id\":\"https:\\\/\\\/www.organisator.ch\\\/marketing\\\/2025-09-30\\\/uebrigens-manche-marken-sterben-nicht-an-bedeutungsverlust-sondern-an-beziehungslosigkeit\\\/#primaryimage\"},\"thumbnailUrl\":\"https:\\\/\\\/www.organisator.ch\\\/wp-content\\\/uploads\\\/2025\\\/09\\\/natalia-blauth-kucpwLmInxU-unsplash-scaled-1.jpg\",\"datePublished\":\"2025-09-30T15:13:03+00:00\",\"dateModified\":\"2025-10-20T14:18:43+00:00\",\"description\":\"In der Kolumne \u00ab\u00dcbrigens...\u00bb sinnieren abwechselnd Laura Colledani und Klaus Ammon von Management Tools \u00fcber Themen unserer Zeit.\",\"breadcrumb\":{\"@id\":\"https:\\\/\\\/www.organisator.ch\\\/marketing\\\/2025-09-30\\\/uebrigens-manche-marken-sterben-nicht-an-bedeutungsverlust-sondern-an-beziehungslosigkeit\\\/#breadcrumb\"},\"inLanguage\":\"de\",\"potentialAction\":[{\"@type\":\"ReadAction\",\"target\":[\"https:\\\/\\\/www.organisator.ch\\\/marketing\\\/2025-09-30\\\/uebrigens-manche-marken-sterben-nicht-an-bedeutungsverlust-sondern-an-beziehungslosigkeit\\\/\"]}]},{\"@type\":\"ImageObject\",\"inLanguage\":\"de\",\"@id\":\"https:\\\/\\\/www.organisator.ch\\\/marketing\\\/2025-09-30\\\/uebrigens-manche-marken-sterben-nicht-an-bedeutungsverlust-sondern-an-beziehungslosigkeit\\\/#primaryimage\",\"url\":\"https:\\\/\\\/www.organisator.ch\\\/wp-content\\\/uploads\\\/2025\\\/09\\\/natalia-blauth-kucpwLmInxU-unsplash-scaled-1.jpg\",\"contentUrl\":\"https:\\\/\\\/www.organisator.ch\\\/wp-content\\\/uploads\\\/2025\\\/09\\\/natalia-blauth-kucpwLmInxU-unsplash-scaled-1.jpg\",\"width\":1400,\"height\":933},{\"@type\":\"BreadcrumbList\",\"@id\":\"https:\\\/\\\/www.organisator.ch\\\/marketing\\\/2025-09-30\\\/uebrigens-manche-marken-sterben-nicht-an-bedeutungsverlust-sondern-an-beziehungslosigkeit\\\/#breadcrumb\",\"itemListElement\":[{\"@type\":\"ListItem\",\"position\":1,\"name\":\"Home\",\"item\":\"https:\\\/\\\/www.organisator.ch\\\/\"},{\"@type\":\"ListItem\",\"position\":2,\"name\":\"\u00dcbrigens \u2026 Manche Marken sterben nicht an Bedeutungsverlust, sondern an Beziehungslosigkeit\"}]},{\"@type\":\"WebSite\",\"@id\":\"https:\\\/\\\/www.organisator.ch\\\/#website\",\"url\":\"https:\\\/\\\/www.organisator.ch\\\/\",\"name\":\"Organisator\",\"description\":\"Kompetent. Praxisnah. Der ORGANISATOR bereitet in 10 Ausgaben pro Jahr die wesentlichen Themen f\u00fcr F\u00fchrungskr\u00e4fte von KMU auf.\",\"publisher\":{\"@id\":\"https:\\\/\\\/www.organisator.ch\\\/#organization\"},\"potentialAction\":[{\"@type\":\"SearchAction\",\"target\":{\"@type\":\"EntryPoint\",\"urlTemplate\":\"https:\\\/\\\/www.organisator.ch\\\/?s={search_term_string}\"},\"query-input\":{\"@type\":\"PropertyValueSpecification\",\"valueRequired\":true,\"valueName\":\"search_term_string\"}}],\"inLanguage\":\"de\"},{\"@type\":\"Organization\",\"@id\":\"https:\\\/\\\/www.organisator.ch\\\/#organization\",\"name\":\"Organisator\",\"url\":\"https:\\\/\\\/www.organisator.ch\\\/\",\"logo\":{\"@type\":\"ImageObject\",\"inLanguage\":\"de\",\"@id\":\"https:\\\/\\\/www.organisator.ch\\\/#\\\/schema\\\/logo\\\/image\\\/\",\"url\":\"https:\\\/\\\/www.organisator.ch\\\/wp-content\\\/uploads\\\/2022\\\/01\\\/Logo_Organisator_Website.png\",\"contentUrl\":\"https:\\\/\\\/www.organisator.ch\\\/wp-content\\\/uploads\\\/2022\\\/01\\\/Logo_Organisator_Website.png\",\"width\":800,\"height\":77,\"caption\":\"Organisator\"},\"image\":{\"@id\":\"https:\\\/\\\/www.organisator.ch\\\/#\\\/schema\\\/logo\\\/image\\\/\"},\"sameAs\":[\"https:\\\/\\\/www.facebook.com\\\/OrganisatorFachmagazin\",\"https:\\\/\\\/www.linkedin.com\\\/showcase\\\/organisator-das-magazin-fr-kmu\",\"https:\\\/\\\/www.xing.com\\\/news\\\/pages\\\/organisator-ch-695\",\"https:\\\/\\\/www.youtube.com\\\/channel\\\/UCGP2Sq0iWaZwT3BdIAQFYpw\"]},{\"@type\":\"Person\",\"@id\":\"https:\\\/\\\/www.organisator.ch\\\/#\\\/schema\\\/person\\\/4e51799071cd2dd1232ac003643ef5f0\",\"name\":\"galledia\",\"image\":{\"@type\":\"ImageObject\",\"inLanguage\":\"de\",\"@id\":\"https:\\\/\\\/secure.gravatar.com\\\/avatar\\\/78a7f90c01fc2bfc875782a0d4922b37cde2cf184ce347b91316d23cd7f69a36?s=96&d=mm&r=g\",\"url\":\"https:\\\/\\\/secure.gravatar.com\\\/avatar\\\/78a7f90c01fc2bfc875782a0d4922b37cde2cf184ce347b91316d23cd7f69a36?s=96&d=mm&r=g\",\"contentUrl\":\"https:\\\/\\\/secure.gravatar.com\\\/avatar\\\/78a7f90c01fc2bfc875782a0d4922b37cde2cf184ce347b91316d23cd7f69a36?s=96&d=mm&r=g\",\"caption\":\"galledia\"},\"sameAs\":[\"https:\\\/\\\/x.com\\\/admin\"],\"url\":\"https:\\\/\\\/www.organisator.ch\\\/de\\\/author\\\/galledia\\\/\"}]}<\/script>\n<!-- \/ Yoast SEO plugin. -->","yoast_head_json":{"title":"\u00dcbrigens \u2026 Manche Marken sterben nicht an Bedeutungsverlust, sondern an Beziehungslosigkeit - Organisator","description":"In der Kolumne \u00ab\u00dcbrigens...\u00bb sinnieren abwechselnd Laura Colledani und Klaus Ammon von Management Tools \u00fcber Themen unserer Zeit.","robots":{"index":"index","follow":"follow","max-snippet":"max-snippet:-1","max-image-preview":"max-image-preview:large","max-video-preview":"max-video-preview:-1"},"canonical":"https:\/\/www.organisator.ch\/de\/marketing\/2025-09-30\/uebrigens-manche-marken-sterben-nicht-an-bedeutungsverlust-sondern-an-beziehungslosigkeit\/","og_locale":"de_DE","og_type":"article","og_title":"\u00dcbrigens \u2026 Manche Marken sterben nicht an Bedeutungsverlust, sondern an Beziehungslosigkeit - Organisator","og_description":"In der Kolumne \u00ab\u00dcbrigens...\u00bb sinnieren abwechselnd Laura Colledani und Klaus Ammon von Management Tools \u00fcber Themen unserer Zeit.","og_url":"https:\/\/www.organisator.ch\/de\/marketing\/2025-09-30\/uebrigens-manche-marken-sterben-nicht-an-bedeutungsverlust-sondern-an-beziehungslosigkeit\/","og_site_name":"Organisator","article_publisher":"https:\/\/www.facebook.com\/OrganisatorFachmagazin","article_published_time":"2025-09-30T15:13:03+00:00","article_modified_time":"2025-10-20T14:18:43+00:00","og_image":[{"width":1400,"height":933,"url":"https:\/\/www.organisator.ch\/wp-content\/uploads\/2025\/09\/natalia-blauth-kucpwLmInxU-unsplash-scaled-1.jpg","type":"image\/jpeg"}],"author":"galledia","twitter_card":"summary_large_image","twitter_creator":"@admin","schema":{"@context":"https:\/\/schema.org","@graph":[{"@type":"Article","@id":"https:\/\/www.organisator.ch\/marketing\/2025-09-30\/uebrigens-manche-marken-sterben-nicht-an-bedeutungsverlust-sondern-an-beziehungslosigkeit\/#article","isPartOf":{"@id":"https:\/\/www.organisator.ch\/marketing\/2025-09-30\/uebrigens-manche-marken-sterben-nicht-an-bedeutungsverlust-sondern-an-beziehungslosigkeit\/"},"author":{"name":"galledia","@id":"https:\/\/www.organisator.ch\/#\/schema\/person\/4e51799071cd2dd1232ac003643ef5f0"},"headline":"\u00dcbrigens \u2026 Manche Marken sterben nicht an Bedeutungsverlust, sondern an Beziehungslosigkeit","datePublished":"2025-09-30T15:13:03+00:00","dateModified":"2025-10-20T14:18:43+00:00","mainEntityOfPage":{"@id":"https:\/\/www.organisator.ch\/marketing\/2025-09-30\/uebrigens-manche-marken-sterben-nicht-an-bedeutungsverlust-sondern-an-beziehungslosigkeit\/"},"wordCount":460,"publisher":{"@id":"https:\/\/www.organisator.ch\/#organization"},"image":{"@id":"https:\/\/www.organisator.ch\/marketing\/2025-09-30\/uebrigens-manche-marken-sterben-nicht-an-bedeutungsverlust-sondern-an-beziehungslosigkeit\/#primaryimage"},"thumbnailUrl":"https:\/\/www.organisator.ch\/wp-content\/uploads\/2025\/09\/natalia-blauth-kucpwLmInxU-unsplash-scaled-1.jpg","keywords":["Kolumne","Marken","MarKom"],"articleSection":["MARKETING"],"inLanguage":"de"},{"@type":"WebPage","@id":"https:\/\/www.organisator.ch\/marketing\/2025-09-30\/uebrigens-manche-marken-sterben-nicht-an-bedeutungsverlust-sondern-an-beziehungslosigkeit\/","url":"https:\/\/www.organisator.ch\/marketing\/2025-09-30\/uebrigens-manche-marken-sterben-nicht-an-bedeutungsverlust-sondern-an-beziehungslosigkeit\/","name":"\u00dcbrigens \u2026 Manche Marken sterben nicht an Bedeutungsverlust, sondern an Beziehungslosigkeit - Organisator","isPartOf":{"@id":"https:\/\/www.organisator.ch\/#website"},"primaryImageOfPage":{"@id":"https:\/\/www.organisator.ch\/marketing\/2025-09-30\/uebrigens-manche-marken-sterben-nicht-an-bedeutungsverlust-sondern-an-beziehungslosigkeit\/#primaryimage"},"image":{"@id":"https:\/\/www.organisator.ch\/marketing\/2025-09-30\/uebrigens-manche-marken-sterben-nicht-an-bedeutungsverlust-sondern-an-beziehungslosigkeit\/#primaryimage"},"thumbnailUrl":"https:\/\/www.organisator.ch\/wp-content\/uploads\/2025\/09\/natalia-blauth-kucpwLmInxU-unsplash-scaled-1.jpg","datePublished":"2025-09-30T15:13:03+00:00","dateModified":"2025-10-20T14:18:43+00:00","description":"In der Kolumne \u00ab\u00dcbrigens...\u00bb sinnieren abwechselnd Laura Colledani und Klaus Ammon von Management Tools \u00fcber Themen unserer Zeit.","breadcrumb":{"@id":"https:\/\/www.organisator.ch\/marketing\/2025-09-30\/uebrigens-manche-marken-sterben-nicht-an-bedeutungsverlust-sondern-an-beziehungslosigkeit\/#breadcrumb"},"inLanguage":"de","potentialAction":[{"@type":"ReadAction","target":["https:\/\/www.organisator.ch\/marketing\/2025-09-30\/uebrigens-manche-marken-sterben-nicht-an-bedeutungsverlust-sondern-an-beziehungslosigkeit\/"]}]},{"@type":"ImageObject","inLanguage":"de","@id":"https:\/\/www.organisator.ch\/marketing\/2025-09-30\/uebrigens-manche-marken-sterben-nicht-an-bedeutungsverlust-sondern-an-beziehungslosigkeit\/#primaryimage","url":"https:\/\/www.organisator.ch\/wp-content\/uploads\/2025\/09\/natalia-blauth-kucpwLmInxU-unsplash-scaled-1.jpg","contentUrl":"https:\/\/www.organisator.ch\/wp-content\/uploads\/2025\/09\/natalia-blauth-kucpwLmInxU-unsplash-scaled-1.jpg","width":1400,"height":933},{"@type":"BreadcrumbList","@id":"https:\/\/www.organisator.ch\/marketing\/2025-09-30\/uebrigens-manche-marken-sterben-nicht-an-bedeutungsverlust-sondern-an-beziehungslosigkeit\/#breadcrumb","itemListElement":[{"@type":"ListItem","position":1,"name":"Home","item":"https:\/\/www.organisator.ch\/"},{"@type":"ListItem","position":2,"name":"\u00dcbrigens \u2026 Manche Marken sterben nicht an Bedeutungsverlust, sondern an Beziehungslosigkeit"}]},{"@type":"WebSite","@id":"https:\/\/www.organisator.ch\/#website","url":"https:\/\/www.organisator.ch\/","name":"Organisator","description":"Kompetent. Praxisnah. Der ORGANISATOR bereitet in 10 Ausgaben pro Jahr die wesentlichen Themen f\u00fcr F\u00fchrungskr\u00e4fte von KMU auf.","publisher":{"@id":"https:\/\/www.organisator.ch\/#organization"},"potentialAction":[{"@type":"SearchAction","target":{"@type":"EntryPoint","urlTemplate":"https:\/\/www.organisator.ch\/?s={search_term_string}"},"query-input":{"@type":"PropertyValueSpecification","valueRequired":true,"valueName":"search_term_string"}}],"inLanguage":"de"},{"@type":"Organization","@id":"https:\/\/www.organisator.ch\/#organization","name":"Organisator","url":"https:\/\/www.organisator.ch\/","logo":{"@type":"ImageObject","inLanguage":"de","@id":"https:\/\/www.organisator.ch\/#\/schema\/logo\/image\/","url":"https:\/\/www.organisator.ch\/wp-content\/uploads\/2022\/01\/Logo_Organisator_Website.png","contentUrl":"https:\/\/www.organisator.ch\/wp-content\/uploads\/2022\/01\/Logo_Organisator_Website.png","width":800,"height":77,"caption":"Organisator"},"image":{"@id":"https:\/\/www.organisator.ch\/#\/schema\/logo\/image\/"},"sameAs":["https:\/\/www.facebook.com\/OrganisatorFachmagazin","https:\/\/www.linkedin.com\/showcase\/organisator-das-magazin-fr-kmu","https:\/\/www.xing.com\/news\/pages\/organisator-ch-695","https:\/\/www.youtube.com\/channel\/UCGP2Sq0iWaZwT3BdIAQFYpw"]},{"@type":"Person","@id":"https:\/\/www.organisator.ch\/#\/schema\/person\/4e51799071cd2dd1232ac003643ef5f0","name":"galledia","image":{"@type":"ImageObject","inLanguage":"de","@id":"https:\/\/secure.gravatar.com\/avatar\/78a7f90c01fc2bfc875782a0d4922b37cde2cf184ce347b91316d23cd7f69a36?s=96&d=mm&r=g","url":"https:\/\/secure.gravatar.com\/avatar\/78a7f90c01fc2bfc875782a0d4922b37cde2cf184ce347b91316d23cd7f69a36?s=96&d=mm&r=g","contentUrl":"https:\/\/secure.gravatar.com\/avatar\/78a7f90c01fc2bfc875782a0d4922b37cde2cf184ce347b91316d23cd7f69a36?s=96&d=mm&r=g","caption":"galledia"},"sameAs":["https:\/\/x.com\/admin"],"url":"https:\/\/www.organisator.ch\/de\/author\/galledia\/"}]}},"_links":{"self":[{"href":"https:\/\/www.organisator.ch\/de\/wp-json\/wp\/v2\/posts\/40828","targetHints":{"allow":["GET"]}}],"collection":[{"href":"https:\/\/www.organisator.ch\/de\/wp-json\/wp\/v2\/posts"}],"about":[{"href":"https:\/\/www.organisator.ch\/de\/wp-json\/wp\/v2\/types\/post"}],"author":[{"embeddable":true,"href":"https:\/\/www.organisator.ch\/de\/wp-json\/wp\/v2\/users\/8"}],"replies":[{"embeddable":true,"href":"https:\/\/www.organisator.ch\/de\/wp-json\/wp\/v2\/comments?post=40828"}],"version-history":[{"count":7,"href":"https:\/\/www.organisator.ch\/de\/wp-json\/wp\/v2\/posts\/40828\/revisions"}],"predecessor-version":[{"id":40833,"href":"https:\/\/www.organisator.ch\/de\/wp-json\/wp\/v2\/posts\/40828\/revisions\/40833"}],"wp:featuredmedia":[{"embeddable":true,"href":"https:\/\/www.organisator.ch\/de\/wp-json\/wp\/v2\/media\/40831"}],"wp:attachment":[{"href":"https:\/\/www.organisator.ch\/de\/wp-json\/wp\/v2\/media?parent=40828"}],"wp:term":[{"taxonomy":"category","embeddable":true,"href":"https:\/\/www.organisator.ch\/de\/wp-json\/wp\/v2\/categories?post=40828"},{"taxonomy":"post_tag","embeddable":true,"href":"https:\/\/www.organisator.ch\/de\/wp-json\/wp\/v2\/tags?post=40828"}],"curies":[{"name":"wp","href":"https:\/\/api.w.org\/{rel}","templated":true}]}}