{"id":40861,"date":"2025-10-02T09:03:49","date_gmt":"2025-10-02T07:03:49","guid":{"rendered":"https:\/\/www.organisator.ch\/?p=40861"},"modified":"2025-10-02T09:03:49","modified_gmt":"2025-10-02T07:03:49","slug":"iway-feiert-30-jahre-mit-rauschender-90er-jahre-party","status":"publish","type":"post","link":"https:\/\/www.organisator.ch\/de\/management\/2025-10-02\/iway-feiert-30-jahre-mit-rauschender-90er-jahre-party\/","title":{"rendered":"iWay feiert 30 Jahre mit rauschender 90er-Jahre-Party"},"content":{"rendered":"<figure id=\"attachment_40862\" aria-describedby=\"caption-attachment-40862\" style=\"width: 680px\" class=\"wp-caption alignnone\"><img loading=\"lazy\" decoding=\"async\" class=\"size-full wp-image-40862\" src=\"https:\/\/www.organisator.ch\/wp-content\/uploads\/2025\/10\/iWay-feiert-30-Jahre-mit-rauschender-90er-Jahre-Party_Organisator.jpg\" alt=\"\" width=\"680\" height=\"453\" srcset=\"https:\/\/www.organisator.ch\/wp-content\/uploads\/2025\/10\/iWay-feiert-30-Jahre-mit-rauschender-90er-Jahre-Party_Organisator.jpg 680w, https:\/\/www.organisator.ch\/wp-content\/uploads\/2025\/10\/iWay-feiert-30-Jahre-mit-rauschender-90er-Jahre-Party_Organisator-18x12.jpg 18w, https:\/\/www.organisator.ch\/wp-content\/uploads\/2025\/10\/iWay-feiert-30-Jahre-mit-rauschender-90er-Jahre-Party_Organisator-375x250.jpg 375w, https:\/\/www.organisator.ch\/wp-content\/uploads\/2025\/10\/iWay-feiert-30-Jahre-mit-rauschender-90er-Jahre-Party_Organisator-525x350.jpg 525w\" sizes=\"auto, (max-width: 680px) 100vw, 680px\" \/><figcaption id=\"caption-attachment-40862\" class=\"wp-caption-text\">iWay-Gr\u00fcnder und CEO Markus Vetterli zeigt, wie die Geschichte von iWay begann. (Bild: iWay)<\/figcaption><\/figure>\n<p>In seiner humorvollen Jubil\u00e4umsrede blickte iWay-Mitgr\u00fcnder und CEO Markus Vetterli auf die Entstehung und Entwicklung von iWay zur\u00fcck: Von den ersten Beratungsauftr\u00e4gen f\u00fcr Grosskunden in den 1990er-Jahren bis zum heutigen Portfolio mit Internet, TV, Telefonie, Mobile, Cloud- und Hosting-Services. \u00ab30 Jahre iWay sind weit mehr als eine Erfolgsgeschichte \u2013 sie sind ein Spiegel der Digitalisierung in der Schweiz. Wir d\u00fcrfen stolz sein, als Internetpionier den Wandel der letzten drei Jahrzehnte aktiv mitgestaltet zu haben\u00bb, sagte Vetterli.<\/p>\n<h3>Comedy, Games, Live-Musik und Party<\/h3>\n<p>Die gesamte Gesch\u00e4ftsleitung und sogar einige G\u00e4ste verliehen der Party eine humorvoll nostalgische Note, indem sie dem Anlass entsprechend im 90er-Jahre-Look erschienen. Das Moderationsteam Nadia Goedhart und Sandro Galfetti f\u00fchrte mit Witz und Charme durch den Abend und sorgte mit seinem kom\u00f6diantischen Auftritt beim Publikum f\u00fcr eine ausgelassene Stimmung. Die passende musikalische Unterhaltung lieferte die Cover-Band The New Hornets, die mit zwei energiegeladenen Live-Sets die Musik der 90er-Jahre wieder aufleben liess. Ebenfalls in der Vergangenheit schwelgen konnten die G\u00e4ste in einer extra Game Area mit Flipperk\u00e4sten, XXL-Pacman und anderen kultigen Arcade-Games. Sp\u00e4ter verwandelte DJ Petar die Jubil\u00e4umsparty in eine Clubnacht, die bis in die sp\u00e4ten Stunden dauerte.<\/p>\n<h3>Dank an Kundinnen und Kunden, Partner und Mitarbeitende<\/h3>\n<p>Mit dem Jubil\u00e4umsanlass bedankte sich iWay bei allen, die zur Entwicklung und dem Erfolg des Unternehmens beigetragen haben. \u00abUnsere langj\u00e4hrigen Kundinnen und Kunden, Partner und das gesamte Team sind die Grundlage unseres Erfolgs \u2013 ohne sie w\u00e4ren 30 Jahre iWay nicht m\u00f6glich geworden. Dieses Jubil\u00e4um ist f\u00fcr uns nicht nur ein R\u00fcckblick. Denn gemeinsam wollen wir auch die n\u00e4chsten 30 Jahre gestalten und die Menschen fair, verl\u00e4sslich und unkompliziert mit Innovationen und Services aus der Schweiz digital verbinden. Denn wir werden auch in Zukunft in unseren Herzen Techies bleiben\u00bb, so Vetterli.<\/p>\n<p><em>Quelle: <a href=\"http:\/\/www.iway.ch\">www.iway.ch<\/a><\/em><\/p>\n","protected":false},"excerpt":{"rendered":"<p>Der Z\u00fcrcher Internetanbieter iWay hat am vergangenen Freitagabend, 26. September 2025, sein 30-j\u00e4hriges Bestehen gefeiert. Rund 300 G\u00e4ste \u2013 darunter langj\u00e4hrige Wegbegleiter und -bereiter, Partner, Kundinnen und Kunden und Mitarbeitende \u2013 folgten der Einladung in die Eventlocation \u00abThe Valley\u00bb in Kemptthal. Unter dem Motto \u00abMega Byte \u2013 Mega Beats \u2013 Mega Vibes \u2013 Mega Party\u00bb  erlebten sie einen Abend voller Musik, Comedy und Games mit bleibenden Erinnerungen. <\/p>\n","protected":false},"author":4,"featured_media":40862,"comment_status":"closed","ping_status":"closed","sticky":false,"template":"","format":"standard","meta":{"_acf_changed":false,"_yoast_wpseo_focuskw":"30 Jahre","_yoast_wpseo_metadesc":"Der Z\u00fcrcher Internetanbieter iWay wird dieses Jahr 30 Jahre alt und hat dies am Freitagabend, 26. September 2025, mit einer Party gefeiert.","articlekey":"","footnotes":""},"categories":[28],"tags":[206,286,492],"class_list":["post-40861","post","type-post","status-publish","format-standard","has-post-thumbnail","hentry","category-management","tag-firmenjubilaeum","tag-it","tag-unternehmen"],"acf":[],"yoast_head":"<!-- This site is optimized with the Yoast SEO plugin v27.5 - https:\/\/yoast.com\/product\/yoast-seo-wordpress\/ -->\n<title>iWay feiert 30 Jahre mit rauschender 90er-Jahre-Party - Organisator<\/title>\n<meta name=\"description\" content=\"Der Z\u00fcrcher Internetanbieter iWay wird dieses Jahr 30 Jahre alt und hat dies am Freitagabend, 26. September 2025, mit einer Party gefeiert.\" \/>\n<meta name=\"robots\" content=\"index, follow, max-snippet:-1, max-image-preview:large, max-video-preview:-1\" \/>\n<link rel=\"canonical\" href=\"https:\/\/www.organisator.ch\/de\/management\/2025-10-02\/iway-feiert-30-jahre-mit-rauschender-90er-jahre-party\/\" \/>\n<meta property=\"og:locale\" content=\"de_DE\" \/>\n<meta property=\"og:type\" content=\"article\" \/>\n<meta property=\"og:title\" content=\"iWay feiert 30 Jahre mit rauschender 90er-Jahre-Party\" \/>\n<meta property=\"og:description\" content=\"Der Z\u00fcrcher Internetanbieter iWay wird dieses Jahr 30 Jahre alt und hat dies am Freitagabend, 26. September 2025, mit einer Party gefeiert.\" \/>\n<meta property=\"og:url\" content=\"https:\/\/www.organisator.ch\/de\/management\/2025-10-02\/iway-feiert-30-jahre-mit-rauschender-90er-jahre-party\/\" \/>\n<meta property=\"og:site_name\" content=\"Organisator\" \/>\n<meta property=\"article:publisher\" content=\"https:\/\/www.facebook.com\/OrganisatorFachmagazin\" \/>\n<meta property=\"article:published_time\" content=\"2025-10-02T07:03:49+00:00\" \/>\n<meta property=\"og:image\" content=\"https:\/\/www.organisator.ch\/wp-content\/uploads\/2025\/10\/iWay-feiert-30-Jahre-mit-rauschender-90er-Jahre-Party_Organisator.jpg\" \/>\n\t<meta property=\"og:image:width\" content=\"680\" \/>\n\t<meta property=\"og:image:height\" content=\"453\" \/>\n\t<meta property=\"og:image:type\" content=\"image\/jpeg\" \/>\n<meta name=\"author\" content=\"thomas.berner\" \/>\n<meta name=\"twitter:card\" content=\"summary_large_image\" \/>\n<meta name=\"twitter:title\" content=\"#iWay feiert 30 Jahre mit rauschender #90er-Jahre-Party\" \/>\n<meta name=\"twitter:description\" content=\"Der Z\u00fcrcher Internetanbieter #iWay wird dieses Jahr 30 Jahre alt und hat dies am Freitagabend, 26. September 2025, mit einer #Party gefeiert.\" \/>\n<meta name=\"twitter:image\" content=\"https:\/\/www.organisator.ch\/wp-content\/uploads\/2025\/10\/iWay-feiert-30-Jahre-mit-rauschender-90er-Jahre-Party_Organisator.jpg\" \/>\n<script type=\"application\/ld+json\" class=\"yoast-schema-graph\">{\"@context\":\"https:\\\/\\\/schema.org\",\"@graph\":[{\"@type\":\"Article\",\"@id\":\"https:\\\/\\\/www.organisator.ch\\\/management\\\/2025-10-02\\\/iway-feiert-30-jahre-mit-rauschender-90er-jahre-party\\\/#article\",\"isPartOf\":{\"@id\":\"https:\\\/\\\/www.organisator.ch\\\/management\\\/2025-10-02\\\/iway-feiert-30-jahre-mit-rauschender-90er-jahre-party\\\/\"},\"author\":{\"name\":\"thomas.berner\",\"@id\":\"https:\\\/\\\/www.organisator.ch\\\/#\\\/schema\\\/person\\\/6f650f90b2842cd4c0cc334b4e36f67e\"},\"headline\":\"iWay feiert 30 Jahre mit rauschender 90er-Jahre-Party\",\"datePublished\":\"2025-10-02T07:03:49+00:00\",\"mainEntityOfPage\":{\"@id\":\"https:\\\/\\\/www.organisator.ch\\\/management\\\/2025-10-02\\\/iway-feiert-30-jahre-mit-rauschender-90er-jahre-party\\\/\"},\"wordCount\":339,\"publisher\":{\"@id\":\"https:\\\/\\\/www.organisator.ch\\\/#organization\"},\"image\":{\"@id\":\"https:\\\/\\\/www.organisator.ch\\\/management\\\/2025-10-02\\\/iway-feiert-30-jahre-mit-rauschender-90er-jahre-party\\\/#primaryimage\"},\"thumbnailUrl\":\"https:\\\/\\\/www.organisator.ch\\\/wp-content\\\/uploads\\\/2025\\\/10\\\/iWay-feiert-30-Jahre-mit-rauschender-90er-Jahre-Party_Organisator.jpg\",\"keywords\":[\"Firmenjubil\u00e4um\",\"IT\",\"Unternehmen\"],\"articleSection\":[\"MANAGEMENT\"],\"inLanguage\":\"de\"},{\"@type\":\"WebPage\",\"@id\":\"https:\\\/\\\/www.organisator.ch\\\/management\\\/2025-10-02\\\/iway-feiert-30-jahre-mit-rauschender-90er-jahre-party\\\/\",\"url\":\"https:\\\/\\\/www.organisator.ch\\\/management\\\/2025-10-02\\\/iway-feiert-30-jahre-mit-rauschender-90er-jahre-party\\\/\",\"name\":\"iWay feiert 30 Jahre mit rauschender 90er-Jahre-Party - Organisator\",\"isPartOf\":{\"@id\":\"https:\\\/\\\/www.organisator.ch\\\/#website\"},\"primaryImageOfPage\":{\"@id\":\"https:\\\/\\\/www.organisator.ch\\\/management\\\/2025-10-02\\\/iway-feiert-30-jahre-mit-rauschender-90er-jahre-party\\\/#primaryimage\"},\"image\":{\"@id\":\"https:\\\/\\\/www.organisator.ch\\\/management\\\/2025-10-02\\\/iway-feiert-30-jahre-mit-rauschender-90er-jahre-party\\\/#primaryimage\"},\"thumbnailUrl\":\"https:\\\/\\\/www.organisator.ch\\\/wp-content\\\/uploads\\\/2025\\\/10\\\/iWay-feiert-30-Jahre-mit-rauschender-90er-Jahre-Party_Organisator.jpg\",\"datePublished\":\"2025-10-02T07:03:49+00:00\",\"description\":\"Der Z\u00fcrcher Internetanbieter iWay wird dieses Jahr 30 Jahre alt und hat dies am Freitagabend, 26. September 2025, mit einer Party gefeiert.\",\"breadcrumb\":{\"@id\":\"https:\\\/\\\/www.organisator.ch\\\/management\\\/2025-10-02\\\/iway-feiert-30-jahre-mit-rauschender-90er-jahre-party\\\/#breadcrumb\"},\"inLanguage\":\"de\",\"potentialAction\":[{\"@type\":\"ReadAction\",\"target\":[\"https:\\\/\\\/www.organisator.ch\\\/management\\\/2025-10-02\\\/iway-feiert-30-jahre-mit-rauschender-90er-jahre-party\\\/\"]}]},{\"@type\":\"ImageObject\",\"inLanguage\":\"de\",\"@id\":\"https:\\\/\\\/www.organisator.ch\\\/management\\\/2025-10-02\\\/iway-feiert-30-jahre-mit-rauschender-90er-jahre-party\\\/#primaryimage\",\"url\":\"https:\\\/\\\/www.organisator.ch\\\/wp-content\\\/uploads\\\/2025\\\/10\\\/iWay-feiert-30-Jahre-mit-rauschender-90er-Jahre-Party_Organisator.jpg\",\"contentUrl\":\"https:\\\/\\\/www.organisator.ch\\\/wp-content\\\/uploads\\\/2025\\\/10\\\/iWay-feiert-30-Jahre-mit-rauschender-90er-Jahre-Party_Organisator.jpg\",\"width\":680,\"height\":453,\"caption\":\"iWay-Gr\u00fcnder und CEO Markus Vetterli zeigt, wie die Geschichte von iWay begann. (Bild: iWay)\"},{\"@type\":\"BreadcrumbList\",\"@id\":\"https:\\\/\\\/www.organisator.ch\\\/management\\\/2025-10-02\\\/iway-feiert-30-jahre-mit-rauschender-90er-jahre-party\\\/#breadcrumb\",\"itemListElement\":[{\"@type\":\"ListItem\",\"position\":1,\"name\":\"Home\",\"item\":\"https:\\\/\\\/www.organisator.ch\\\/\"},{\"@type\":\"ListItem\",\"position\":2,\"name\":\"iWay feiert 30 Jahre mit rauschender 90er-Jahre-Party\"}]},{\"@type\":\"WebSite\",\"@id\":\"https:\\\/\\\/www.organisator.ch\\\/#website\",\"url\":\"https:\\\/\\\/www.organisator.ch\\\/\",\"name\":\"Organisator\",\"description\":\"Kompetent. Praxisnah. Der ORGANISATOR bereitet in 10 Ausgaben pro Jahr die wesentlichen Themen f\u00fcr F\u00fchrungskr\u00e4fte von KMU auf.\",\"publisher\":{\"@id\":\"https:\\\/\\\/www.organisator.ch\\\/#organization\"},\"potentialAction\":[{\"@type\":\"SearchAction\",\"target\":{\"@type\":\"EntryPoint\",\"urlTemplate\":\"https:\\\/\\\/www.organisator.ch\\\/?s={search_term_string}\"},\"query-input\":{\"@type\":\"PropertyValueSpecification\",\"valueRequired\":true,\"valueName\":\"search_term_string\"}}],\"inLanguage\":\"de\"},{\"@type\":\"Organization\",\"@id\":\"https:\\\/\\\/www.organisator.ch\\\/#organization\",\"name\":\"Organisator\",\"url\":\"https:\\\/\\\/www.organisator.ch\\\/\",\"logo\":{\"@type\":\"ImageObject\",\"inLanguage\":\"de\",\"@id\":\"https:\\\/\\\/www.organisator.ch\\\/#\\\/schema\\\/logo\\\/image\\\/\",\"url\":\"https:\\\/\\\/www.organisator.ch\\\/wp-content\\\/uploads\\\/2022\\\/01\\\/Logo_Organisator_Website.png\",\"contentUrl\":\"https:\\\/\\\/www.organisator.ch\\\/wp-content\\\/uploads\\\/2022\\\/01\\\/Logo_Organisator_Website.png\",\"width\":800,\"height\":77,\"caption\":\"Organisator\"},\"image\":{\"@id\":\"https:\\\/\\\/www.organisator.ch\\\/#\\\/schema\\\/logo\\\/image\\\/\"},\"sameAs\":[\"https:\\\/\\\/www.facebook.com\\\/OrganisatorFachmagazin\",\"https:\\\/\\\/www.linkedin.com\\\/showcase\\\/organisator-das-magazin-fr-kmu\",\"https:\\\/\\\/www.xing.com\\\/news\\\/pages\\\/organisator-ch-695\",\"https:\\\/\\\/www.youtube.com\\\/channel\\\/UCGP2Sq0iWaZwT3BdIAQFYpw\"]},{\"@type\":\"Person\",\"@id\":\"https:\\\/\\\/www.organisator.ch\\\/#\\\/schema\\\/person\\\/6f650f90b2842cd4c0cc334b4e36f67e\",\"name\":\"thomas.berner\",\"image\":{\"@type\":\"ImageObject\",\"inLanguage\":\"de\",\"@id\":\"https:\\\/\\\/secure.gravatar.com\\\/avatar\\\/ac5001d2a36cb6c6cd3e50789007ffca834b477b74a2144564522e944eabff61?s=96&d=mm&r=g\",\"url\":\"https:\\\/\\\/secure.gravatar.com\\\/avatar\\\/ac5001d2a36cb6c6cd3e50789007ffca834b477b74a2144564522e944eabff61?s=96&d=mm&r=g\",\"contentUrl\":\"https:\\\/\\\/secure.gravatar.com\\\/avatar\\\/ac5001d2a36cb6c6cd3e50789007ffca834b477b74a2144564522e944eabff61?s=96&d=mm&r=g\",\"caption\":\"thomas.berner\"},\"url\":\"https:\\\/\\\/www.organisator.ch\\\/de\\\/author\\\/thomas-berner\\\/\"}]}<\/script>\n<!-- \/ Yoast SEO plugin. -->","yoast_head_json":{"title":"iWay feiert 30 Jahre mit rauschender 90er-Jahre-Party - Organisator","description":"Der Z\u00fcrcher Internetanbieter iWay wird dieses Jahr 30 Jahre alt und hat dies am Freitagabend, 26. September 2025, mit einer Party gefeiert.","robots":{"index":"index","follow":"follow","max-snippet":"max-snippet:-1","max-image-preview":"max-image-preview:large","max-video-preview":"max-video-preview:-1"},"canonical":"https:\/\/www.organisator.ch\/de\/management\/2025-10-02\/iway-feiert-30-jahre-mit-rauschender-90er-jahre-party\/","og_locale":"de_DE","og_type":"article","og_title":"iWay feiert 30 Jahre mit rauschender 90er-Jahre-Party","og_description":"Der Z\u00fcrcher Internetanbieter iWay wird dieses Jahr 30 Jahre alt und hat dies am Freitagabend, 26. September 2025, mit einer Party gefeiert.","og_url":"https:\/\/www.organisator.ch\/de\/management\/2025-10-02\/iway-feiert-30-jahre-mit-rauschender-90er-jahre-party\/","og_site_name":"Organisator","article_publisher":"https:\/\/www.facebook.com\/OrganisatorFachmagazin","article_published_time":"2025-10-02T07:03:49+00:00","og_image":[{"width":680,"height":453,"url":"https:\/\/www.organisator.ch\/wp-content\/uploads\/2025\/10\/iWay-feiert-30-Jahre-mit-rauschender-90er-Jahre-Party_Organisator.jpg","type":"image\/jpeg"}],"author":"thomas.berner","twitter_card":"summary_large_image","twitter_title":"#iWay feiert 30 Jahre mit rauschender #90er-Jahre-Party","twitter_description":"Der Z\u00fcrcher Internetanbieter #iWay wird dieses Jahr 30 Jahre alt und hat dies am Freitagabend, 26. September 2025, mit einer #Party gefeiert.","twitter_image":"https:\/\/www.organisator.ch\/wp-content\/uploads\/2025\/10\/iWay-feiert-30-Jahre-mit-rauschender-90er-Jahre-Party_Organisator.jpg","schema":{"@context":"https:\/\/schema.org","@graph":[{"@type":"Article","@id":"https:\/\/www.organisator.ch\/management\/2025-10-02\/iway-feiert-30-jahre-mit-rauschender-90er-jahre-party\/#article","isPartOf":{"@id":"https:\/\/www.organisator.ch\/management\/2025-10-02\/iway-feiert-30-jahre-mit-rauschender-90er-jahre-party\/"},"author":{"name":"thomas.berner","@id":"https:\/\/www.organisator.ch\/#\/schema\/person\/6f650f90b2842cd4c0cc334b4e36f67e"},"headline":"iWay feiert 30 Jahre mit rauschender 90er-Jahre-Party","datePublished":"2025-10-02T07:03:49+00:00","mainEntityOfPage":{"@id":"https:\/\/www.organisator.ch\/management\/2025-10-02\/iway-feiert-30-jahre-mit-rauschender-90er-jahre-party\/"},"wordCount":339,"publisher":{"@id":"https:\/\/www.organisator.ch\/#organization"},"image":{"@id":"https:\/\/www.organisator.ch\/management\/2025-10-02\/iway-feiert-30-jahre-mit-rauschender-90er-jahre-party\/#primaryimage"},"thumbnailUrl":"https:\/\/www.organisator.ch\/wp-content\/uploads\/2025\/10\/iWay-feiert-30-Jahre-mit-rauschender-90er-Jahre-Party_Organisator.jpg","keywords":["Firmenjubil\u00e4um","IT","Unternehmen"],"articleSection":["MANAGEMENT"],"inLanguage":"de"},{"@type":"WebPage","@id":"https:\/\/www.organisator.ch\/management\/2025-10-02\/iway-feiert-30-jahre-mit-rauschender-90er-jahre-party\/","url":"https:\/\/www.organisator.ch\/management\/2025-10-02\/iway-feiert-30-jahre-mit-rauschender-90er-jahre-party\/","name":"iWay feiert 30 Jahre mit rauschender 90er-Jahre-Party - Organisator","isPartOf":{"@id":"https:\/\/www.organisator.ch\/#website"},"primaryImageOfPage":{"@id":"https:\/\/www.organisator.ch\/management\/2025-10-02\/iway-feiert-30-jahre-mit-rauschender-90er-jahre-party\/#primaryimage"},"image":{"@id":"https:\/\/www.organisator.ch\/management\/2025-10-02\/iway-feiert-30-jahre-mit-rauschender-90er-jahre-party\/#primaryimage"},"thumbnailUrl":"https:\/\/www.organisator.ch\/wp-content\/uploads\/2025\/10\/iWay-feiert-30-Jahre-mit-rauschender-90er-Jahre-Party_Organisator.jpg","datePublished":"2025-10-02T07:03:49+00:00","description":"Der Z\u00fcrcher Internetanbieter iWay wird dieses Jahr 30 Jahre alt und hat dies am Freitagabend, 26. September 2025, mit einer Party gefeiert.","breadcrumb":{"@id":"https:\/\/www.organisator.ch\/management\/2025-10-02\/iway-feiert-30-jahre-mit-rauschender-90er-jahre-party\/#breadcrumb"},"inLanguage":"de","potentialAction":[{"@type":"ReadAction","target":["https:\/\/www.organisator.ch\/management\/2025-10-02\/iway-feiert-30-jahre-mit-rauschender-90er-jahre-party\/"]}]},{"@type":"ImageObject","inLanguage":"de","@id":"https:\/\/www.organisator.ch\/management\/2025-10-02\/iway-feiert-30-jahre-mit-rauschender-90er-jahre-party\/#primaryimage","url":"https:\/\/www.organisator.ch\/wp-content\/uploads\/2025\/10\/iWay-feiert-30-Jahre-mit-rauschender-90er-Jahre-Party_Organisator.jpg","contentUrl":"https:\/\/www.organisator.ch\/wp-content\/uploads\/2025\/10\/iWay-feiert-30-Jahre-mit-rauschender-90er-Jahre-Party_Organisator.jpg","width":680,"height":453,"caption":"iWay-Gr\u00fcnder und CEO Markus Vetterli zeigt, wie die Geschichte von iWay begann. (Bild: iWay)"},{"@type":"BreadcrumbList","@id":"https:\/\/www.organisator.ch\/management\/2025-10-02\/iway-feiert-30-jahre-mit-rauschender-90er-jahre-party\/#breadcrumb","itemListElement":[{"@type":"ListItem","position":1,"name":"Home","item":"https:\/\/www.organisator.ch\/"},{"@type":"ListItem","position":2,"name":"iWay feiert 30 Jahre mit rauschender 90er-Jahre-Party"}]},{"@type":"WebSite","@id":"https:\/\/www.organisator.ch\/#website","url":"https:\/\/www.organisator.ch\/","name":"Organisator","description":"Kompetent. Praxisnah. Der ORGANISATOR bereitet in 10 Ausgaben pro Jahr die wesentlichen Themen f\u00fcr F\u00fchrungskr\u00e4fte von KMU auf.","publisher":{"@id":"https:\/\/www.organisator.ch\/#organization"},"potentialAction":[{"@type":"SearchAction","target":{"@type":"EntryPoint","urlTemplate":"https:\/\/www.organisator.ch\/?s={search_term_string}"},"query-input":{"@type":"PropertyValueSpecification","valueRequired":true,"valueName":"search_term_string"}}],"inLanguage":"de"},{"@type":"Organization","@id":"https:\/\/www.organisator.ch\/#organization","name":"Organisator","url":"https:\/\/www.organisator.ch\/","logo":{"@type":"ImageObject","inLanguage":"de","@id":"https:\/\/www.organisator.ch\/#\/schema\/logo\/image\/","url":"https:\/\/www.organisator.ch\/wp-content\/uploads\/2022\/01\/Logo_Organisator_Website.png","contentUrl":"https:\/\/www.organisator.ch\/wp-content\/uploads\/2022\/01\/Logo_Organisator_Website.png","width":800,"height":77,"caption":"Organisator"},"image":{"@id":"https:\/\/www.organisator.ch\/#\/schema\/logo\/image\/"},"sameAs":["https:\/\/www.facebook.com\/OrganisatorFachmagazin","https:\/\/www.linkedin.com\/showcase\/organisator-das-magazin-fr-kmu","https:\/\/www.xing.com\/news\/pages\/organisator-ch-695","https:\/\/www.youtube.com\/channel\/UCGP2Sq0iWaZwT3BdIAQFYpw"]},{"@type":"Person","@id":"https:\/\/www.organisator.ch\/#\/schema\/person\/6f650f90b2842cd4c0cc334b4e36f67e","name":"thomas.berner","image":{"@type":"ImageObject","inLanguage":"de","@id":"https:\/\/secure.gravatar.com\/avatar\/ac5001d2a36cb6c6cd3e50789007ffca834b477b74a2144564522e944eabff61?s=96&d=mm&r=g","url":"https:\/\/secure.gravatar.com\/avatar\/ac5001d2a36cb6c6cd3e50789007ffca834b477b74a2144564522e944eabff61?s=96&d=mm&r=g","contentUrl":"https:\/\/secure.gravatar.com\/avatar\/ac5001d2a36cb6c6cd3e50789007ffca834b477b74a2144564522e944eabff61?s=96&d=mm&r=g","caption":"thomas.berner"},"url":"https:\/\/www.organisator.ch\/de\/author\/thomas-berner\/"}]}},"_links":{"self":[{"href":"https:\/\/www.organisator.ch\/de\/wp-json\/wp\/v2\/posts\/40861","targetHints":{"allow":["GET"]}}],"collection":[{"href":"https:\/\/www.organisator.ch\/de\/wp-json\/wp\/v2\/posts"}],"about":[{"href":"https:\/\/www.organisator.ch\/de\/wp-json\/wp\/v2\/types\/post"}],"author":[{"embeddable":true,"href":"https:\/\/www.organisator.ch\/de\/wp-json\/wp\/v2\/users\/4"}],"replies":[{"embeddable":true,"href":"https:\/\/www.organisator.ch\/de\/wp-json\/wp\/v2\/comments?post=40861"}],"version-history":[{"count":3,"href":"https:\/\/www.organisator.ch\/de\/wp-json\/wp\/v2\/posts\/40861\/revisions"}],"predecessor-version":[{"id":40917,"href":"https:\/\/www.organisator.ch\/de\/wp-json\/wp\/v2\/posts\/40861\/revisions\/40917"}],"wp:featuredmedia":[{"embeddable":true,"href":"https:\/\/www.organisator.ch\/de\/wp-json\/wp\/v2\/media\/40862"}],"wp:attachment":[{"href":"https:\/\/www.organisator.ch\/de\/wp-json\/wp\/v2\/media?parent=40861"}],"wp:term":[{"taxonomy":"category","embeddable":true,"href":"https:\/\/www.organisator.ch\/de\/wp-json\/wp\/v2\/categories?post=40861"},{"taxonomy":"post_tag","embeddable":true,"href":"https:\/\/www.organisator.ch\/de\/wp-json\/wp\/v2\/tags?post=40861"}],"curies":[{"name":"wp","href":"https:\/\/api.w.org\/{rel}","templated":true}]}}