{"id":40906,"date":"2025-10-03T07:35:17","date_gmt":"2025-10-03T05:35:17","guid":{"rendered":"https:\/\/www.organisator.ch\/?p=40906"},"modified":"2025-10-20T16:18:14","modified_gmt":"2025-10-20T14:18:14","slug":"wachstum-bricht-2026-durch-handelskrieg-deutlich-ein","status":"publish","type":"post","link":"https:\/\/www.organisator.ch\/de\/management\/2025-10-03\/wachstum-bricht-2026-durch-handelskrieg-deutlich-ein\/","title":{"rendered":"Wachstum bricht 2026 durch Handelskrieg deutlich ein"},"content":{"rendered":"<figure id=\"attachment_40907\" aria-describedby=\"caption-attachment-40907\" style=\"width: 680px\" class=\"wp-caption alignnone\"><img loading=\"lazy\" decoding=\"async\" class=\"size-full wp-image-40907\" src=\"https:\/\/www.organisator.ch\/wp-content\/uploads\/2025\/10\/Wachstum-bricht-2026-durch-Handelskrieg-deutlich-ein_Organisator.jpg\" alt=\"\" width=\"680\" height=\"453\" srcset=\"https:\/\/www.organisator.ch\/wp-content\/uploads\/2025\/10\/Wachstum-bricht-2026-durch-Handelskrieg-deutlich-ein_Organisator.jpg 680w, https:\/\/www.organisator.ch\/wp-content\/uploads\/2025\/10\/Wachstum-bricht-2026-durch-Handelskrieg-deutlich-ein_Organisator-18x12.jpg 18w, https:\/\/www.organisator.ch\/wp-content\/uploads\/2025\/10\/Wachstum-bricht-2026-durch-Handelskrieg-deutlich-ein_Organisator-375x250.jpg 375w, https:\/\/www.organisator.ch\/wp-content\/uploads\/2025\/10\/Wachstum-bricht-2026-durch-Handelskrieg-deutlich-ein_Organisator-525x350.jpg 525w\" sizes=\"auto, (max-width: 680px) 100vw, 680px\" \/><figcaption id=\"caption-attachment-40907\" class=\"wp-caption-text\">Schlechte Aussichten f\u00fcr den Welthandel: 2026 werden sich die US-Z\u00f6lle mit voller Kraft auswirken. (Bild: Kurt Cotoaga \/ Unsplash.com)<\/figcaption><\/figure>\n<p>Der weltweite Handel mit Waren und Dienstleistungen d\u00fcrfte sich laut \u00abEconomic Outlook\u00bb von Allianz Trade aufgrund der verz\u00f6gerten Auswirkungen des Handelskriegs von +2 % im Jahr 2025 auf +0.6 % im Jahr 2026 verlangsamen \u2013 ein R\u00fcckgang um rund zwei Drittel. Erst 2027 zeigt sich dann wieder eine leichte Erholung mit einem Plus von voraussichtlich 1.8 %. Auch die Weltwirtschaft f\u00e4hrt weiterhin mit angezogener Handbremse: Das globale Bruttoinlandsprodukt w\u00e4chst 2025 um magere 2.7 % sowie 2026 um 2.5 % und damit weit unterdurchschnittlich. Gleichzeitig bleiben Stagflationsrisiken bei einer weiterhin hohen Inflation von 3.9 % (2025) beziehungsweise 3.6 % (2026) bestehen.<\/p>\n<h3><strong>2026 kommt die Zoll-Quittung<\/strong><\/h3>\n<p>\u00abAufgeschoben ist leider nicht aufgehoben\u00bb, sagt Milo Bogaerts, CEO des Kreditversicherers Allianz Trade in Deutschland, \u00d6sterreich und der Schweiz. \u00ab2025 war gekennzeichnet von vorgezogenen Lieferungen und US-Hamsterk\u00e4ufen, von Verschiebungen der Handelsstr\u00f6me und signifikanten Investitionen in K\u00fcnstliche Intelligenz. Das hat den Welthandel gest\u00fctzt. 2026 d\u00fcrfte aber die Quittung des Handelskriegs folgen und das Wachstum des Welthandels deutlich einbrechen.\u00bb<\/p>\n<p>Diese Entwicklung geht an den meisten Industrienationen nicht spurlos vorbei \u2013 sie stehen vor den niedrigsten Wachstumsraten seit 2008, auch die US-Wirtschaft selbst tritt auf der Stelle: Das BIP in den USA wird 2025 voraussichtlich um +1.8 % und 2026 um +1.6 % wachsen, was zu den niedrigsten Wachstumsraten seit Beginn des Jahrhunderts z\u00e4hlt und unter ihrem Potenzial liegt. Dabei zahlen US-Unternehmen nur bei rund einem Viertel der importierten Produkte die Zeche f\u00fcr die Zoll-Mehrkosten. Bei mehr als drei Vierteln aller Produkte bleibt dies entweder an den US-Verbrauchern oder an ausl\u00e4ndischen Exporteuren h\u00e4ngen.<\/p>\n<h3><strong>Puffer f\u00fcr US-Wirtschaft: KI-Investitionen, Zinssenkung, fiskalische Impulse<\/strong><\/h3>\n<p>\u00abBisher haben sich politische Unsicherheiten und Zollerh\u00f6hungen nicht voll auf die US-Wirtschaft durchgeschlagen. Als Puffer wirkten der starke Anstieg bei den KI-bezogenen Investitionen wie Rechenzentren, aber auch Soft- und Hardware sowie der relativ robuste Konsum\u00bb, sagt Ana Boata, Head of Economic Research bei Allianz Trade. \u00ab2026 d\u00fcrften sich Z\u00f6lle sukzessive auf Verbraucherpreise auswirken und den Konsum belasten \u2013 abgefedert durch niedrigere Leitzinsen und weitere fiskalische Impulse der US-Regierung, um die Wirtschaft anzukurbeln. Insgesamt erwarten wir einen R\u00fcckgang beim Wachstum, aber keinen drastischen Einbruch.\u00bb<\/p>\n<p>Auch die Eurozone kommt kaum von der Stelle mit einer weiteren Verlangsamung des Wachstums von 1.2 % im Jahr 2025 auf +0.9 % im kommenden Jahr. F\u00fcr die Schweiz erwartet Allianz Trade ein Wachstum von +1 % f\u00fcr 2025. Aufgrund der starken Z\u00f6lle, durch die vor allem die Exporte der Schweiz leiden, wurde es nach unten korrigiert. F\u00fcr 2026 wird ein Wachstum von +1.1 % erwartet und f\u00fcr 2027 ein Plus von +1.5 %. Die Erwartungen der Inflation stehen bei 0.2 % f\u00fcr 2025, 0.55 % f\u00fcr 2026 und 0.7 % f\u00fcr 2027.<\/p>\n<h3><strong>Abw\u00e4rtsrisiken lauern: Protektionismus, De-Dollarisierung, Staatsschulden und Geopolitik<\/strong><\/h3>\n<p>W\u00e4hrend der Welthandel 2026 den Tiefschlag durch die Z\u00f6lle verdauen muss, lauern bereits weitere \u2013 nicht unwahrscheinliche \u2013 Abw\u00e4rtsrisiken, allem voran eine weitere Zoll-Eskalation. \u00abEine weitere Zoll-Spirale k\u00f6nnte den Welthandel schlimmstenfalls in eine Rezession st\u00fcrzen\u00bb, sagt Boata. \u00abDie Wahrscheinlichkeit, dass es dazu kommt, ist mit 45 % relativ hoch.\u00bb Dazu m\u00fcssten drei Szenarien eintreten: die Eskalation der Z\u00f6lle durch Pr\u00e4sident Trump im Rahmen der Section 232-Massnahmen, die Aufhebung der Produktausnahmen und das Ende des aktuellen \u00abZollfriedens\u00bb mit China. Dann drohen schwerwiegende negative Auswirkungen auf das globale Wachstum und ein starker Anstieg der Inflation in den USA. Ausserhalb der USA w\u00fcrde die geringere Nachfrage aus den USA zu einem \u00dcberangebot und steigenden Lagerbest\u00e4nden f\u00fchren, insbesondere in Asien, was die globalen Preise massiv unter Druck setzen w\u00fcrde.<\/p>\n<p>Weitere Abw\u00e4rtsrisiken liegen in einem m\u00f6glichen De-Dollarisierungsschock in der US-Geldpolitik (35 % Wahrscheinlichkeit), in einer Staatsschuldenkrise (20 % Wahrscheinlichkeit), die die Fiskalpolitik in Frankreich, Italien, Grossbritannien und den USA einschr\u00e4nken k\u00f6nnte, sowie in einer weiteren Zunahme geopolitischer Spannungen \u2013 insbesondere bei einem Konflikt zwischen der NATO und Russland, einer Eskalation im Nahen Osten und einem offenen Konflikt zwischen China und Taiwan.<\/p>\n<p><em>Quelle: <a href=\"http:\/\/www.allianz-trade.ch\">Allianz Trade<\/a><\/em><\/p>\n","protected":false},"excerpt":{"rendered":"<p>Bisher schlug sich der Welthandel trotz Handelskrieg besser als gedacht. Doch 2026 d\u00fcrften die Folgen nun deutlicher sp\u00fcrbar werden. Das zeigen Analysen des weltweit f\u00fchrenden Kreditversicherers Allianz Trade im aktuellen \u00abEconomic Outlook\u00bb.<\/p>\n","protected":false},"author":4,"featured_media":40907,"comment_status":"closed","ping_status":"closed","sticky":false,"template":"","format":"standard","meta":{"_acf_changed":false,"_yoast_wpseo_focuskw":"Handelskrieg","_yoast_wpseo_metadesc":"Bisher schlug sich der Welthandel trotz Handelskrieg besser als gedacht. Doch 2026 d\u00fcrften die Folgen nun deutlicher sp\u00fcrbar werden.","articlekey":"","footnotes":""},"categories":[28],"tags":[5467,5561,531],"class_list":["post-40906","post","type-post","status-publish","format-standard","has-post-thumbnail","hentry","category-management","tag-us-zoelle","tag-welthandel","tag-wirtschaftspolitik"],"acf":[],"yoast_head":"<!-- This site is optimized with the Yoast SEO plugin v27.5 - https:\/\/yoast.com\/product\/yoast-seo-wordpress\/ -->\n<title>Wachstum bricht 2026 durch Handelskrieg deutlich ein - Organisator<\/title>\n<meta name=\"description\" content=\"Bisher schlug sich der Welthandel trotz Handelskrieg besser als gedacht. Doch 2026 d\u00fcrften die Folgen nun deutlicher sp\u00fcrbar werden.\" \/>\n<meta name=\"robots\" content=\"index, follow, max-snippet:-1, max-image-preview:large, max-video-preview:-1\" \/>\n<link rel=\"canonical\" href=\"https:\/\/www.organisator.ch\/de\/management\/2025-10-03\/wachstum-bricht-2026-durch-handelskrieg-deutlich-ein\/\" \/>\n<meta property=\"og:locale\" content=\"de_DE\" \/>\n<meta property=\"og:type\" content=\"article\" \/>\n<meta property=\"og:title\" content=\"Wachstum bricht 2026 durch Handelskrieg deutlich ein\" \/>\n<meta property=\"og:description\" content=\"Bisher schlug sich der Welthandel trotz Handelskrieg besser als gedacht. Doch 2026 d\u00fcrften die Folgen nun deutlicher sp\u00fcrbar werden.\" \/>\n<meta property=\"og:url\" content=\"https:\/\/www.organisator.ch\/de\/management\/2025-10-03\/wachstum-bricht-2026-durch-handelskrieg-deutlich-ein\/\" \/>\n<meta property=\"og:site_name\" content=\"Organisator\" \/>\n<meta property=\"article:publisher\" content=\"https:\/\/www.facebook.com\/OrganisatorFachmagazin\" \/>\n<meta property=\"article:published_time\" content=\"2025-10-03T05:35:17+00:00\" \/>\n<meta property=\"article:modified_time\" content=\"2025-10-20T14:18:14+00:00\" \/>\n<meta property=\"og:image\" content=\"https:\/\/www.organisator.ch\/wp-content\/uploads\/2025\/10\/Wachstum-bricht-2026-durch-Handelskrieg-deutlich-ein_Organisator.jpg\" \/>\n\t<meta property=\"og:image:width\" content=\"680\" \/>\n\t<meta property=\"og:image:height\" content=\"453\" \/>\n\t<meta property=\"og:image:type\" content=\"image\/jpeg\" \/>\n<meta name=\"author\" content=\"thomas.berner\" \/>\n<meta name=\"twitter:card\" content=\"summary_large_image\" \/>\n<meta name=\"twitter:title\" content=\"#Wachstum bricht 2026 durch #Handelskrieg deutlich ein\" \/>\n<meta name=\"twitter:description\" content=\"Bisher schlug sich der #Welthandel trotz #Handelskrieg besser als gedacht. Doch 2026 d\u00fcrften die Folgen nun deutlicher sp\u00fcrbar werden.\" \/>\n<meta name=\"twitter:image\" content=\"https:\/\/www.organisator.ch\/wp-content\/uploads\/2025\/10\/Wachstum-bricht-2026-durch-Handelskrieg-deutlich-ein_Organisator.jpg\" \/>\n<script type=\"application\/ld+json\" class=\"yoast-schema-graph\">{\"@context\":\"https:\\\/\\\/schema.org\",\"@graph\":[{\"@type\":\"Article\",\"@id\":\"https:\\\/\\\/www.organisator.ch\\\/management\\\/2025-10-03\\\/wachstum-bricht-2026-durch-handelskrieg-deutlich-ein\\\/#article\",\"isPartOf\":{\"@id\":\"https:\\\/\\\/www.organisator.ch\\\/management\\\/2025-10-03\\\/wachstum-bricht-2026-durch-handelskrieg-deutlich-ein\\\/\"},\"author\":{\"name\":\"thomas.berner\",\"@id\":\"https:\\\/\\\/www.organisator.ch\\\/#\\\/schema\\\/person\\\/6f650f90b2842cd4c0cc334b4e36f67e\"},\"headline\":\"Wachstum bricht 2026 durch Handelskrieg deutlich ein\",\"datePublished\":\"2025-10-03T05:35:17+00:00\",\"dateModified\":\"2025-10-20T14:18:14+00:00\",\"mainEntityOfPage\":{\"@id\":\"https:\\\/\\\/www.organisator.ch\\\/management\\\/2025-10-03\\\/wachstum-bricht-2026-durch-handelskrieg-deutlich-ein\\\/\"},\"wordCount\":642,\"publisher\":{\"@id\":\"https:\\\/\\\/www.organisator.ch\\\/#organization\"},\"image\":{\"@id\":\"https:\\\/\\\/www.organisator.ch\\\/management\\\/2025-10-03\\\/wachstum-bricht-2026-durch-handelskrieg-deutlich-ein\\\/#primaryimage\"},\"thumbnailUrl\":\"https:\\\/\\\/www.organisator.ch\\\/wp-content\\\/uploads\\\/2025\\\/10\\\/Wachstum-bricht-2026-durch-Handelskrieg-deutlich-ein_Organisator.jpg\",\"keywords\":[\"US-Z\u00f6lle\",\"Welthandel\",\"Wirtschaftspolitik\"],\"articleSection\":[\"MANAGEMENT\"],\"inLanguage\":\"de\"},{\"@type\":\"WebPage\",\"@id\":\"https:\\\/\\\/www.organisator.ch\\\/management\\\/2025-10-03\\\/wachstum-bricht-2026-durch-handelskrieg-deutlich-ein\\\/\",\"url\":\"https:\\\/\\\/www.organisator.ch\\\/management\\\/2025-10-03\\\/wachstum-bricht-2026-durch-handelskrieg-deutlich-ein\\\/\",\"name\":\"Wachstum bricht 2026 durch Handelskrieg deutlich ein - Organisator\",\"isPartOf\":{\"@id\":\"https:\\\/\\\/www.organisator.ch\\\/#website\"},\"primaryImageOfPage\":{\"@id\":\"https:\\\/\\\/www.organisator.ch\\\/management\\\/2025-10-03\\\/wachstum-bricht-2026-durch-handelskrieg-deutlich-ein\\\/#primaryimage\"},\"image\":{\"@id\":\"https:\\\/\\\/www.organisator.ch\\\/management\\\/2025-10-03\\\/wachstum-bricht-2026-durch-handelskrieg-deutlich-ein\\\/#primaryimage\"},\"thumbnailUrl\":\"https:\\\/\\\/www.organisator.ch\\\/wp-content\\\/uploads\\\/2025\\\/10\\\/Wachstum-bricht-2026-durch-Handelskrieg-deutlich-ein_Organisator.jpg\",\"datePublished\":\"2025-10-03T05:35:17+00:00\",\"dateModified\":\"2025-10-20T14:18:14+00:00\",\"description\":\"Bisher schlug sich der Welthandel trotz Handelskrieg besser als gedacht. Doch 2026 d\u00fcrften die Folgen nun deutlicher sp\u00fcrbar werden.\",\"breadcrumb\":{\"@id\":\"https:\\\/\\\/www.organisator.ch\\\/management\\\/2025-10-03\\\/wachstum-bricht-2026-durch-handelskrieg-deutlich-ein\\\/#breadcrumb\"},\"inLanguage\":\"de\",\"potentialAction\":[{\"@type\":\"ReadAction\",\"target\":[\"https:\\\/\\\/www.organisator.ch\\\/management\\\/2025-10-03\\\/wachstum-bricht-2026-durch-handelskrieg-deutlich-ein\\\/\"]}]},{\"@type\":\"ImageObject\",\"inLanguage\":\"de\",\"@id\":\"https:\\\/\\\/www.organisator.ch\\\/management\\\/2025-10-03\\\/wachstum-bricht-2026-durch-handelskrieg-deutlich-ein\\\/#primaryimage\",\"url\":\"https:\\\/\\\/www.organisator.ch\\\/wp-content\\\/uploads\\\/2025\\\/10\\\/Wachstum-bricht-2026-durch-Handelskrieg-deutlich-ein_Organisator.jpg\",\"contentUrl\":\"https:\\\/\\\/www.organisator.ch\\\/wp-content\\\/uploads\\\/2025\\\/10\\\/Wachstum-bricht-2026-durch-Handelskrieg-deutlich-ein_Organisator.jpg\",\"width\":680,\"height\":453,\"caption\":\"Schlechte Aussichten f\u00fcr den Welthandel: 2026 werden sich die US-Z\u00f6lle mit voller Kraft auswirken. (Bild: Kurt Cotoaga \\\/ Unsplash.com)\"},{\"@type\":\"BreadcrumbList\",\"@id\":\"https:\\\/\\\/www.organisator.ch\\\/management\\\/2025-10-03\\\/wachstum-bricht-2026-durch-handelskrieg-deutlich-ein\\\/#breadcrumb\",\"itemListElement\":[{\"@type\":\"ListItem\",\"position\":1,\"name\":\"Home\",\"item\":\"https:\\\/\\\/www.organisator.ch\\\/\"},{\"@type\":\"ListItem\",\"position\":2,\"name\":\"Wachstum bricht 2026 durch Handelskrieg deutlich ein\"}]},{\"@type\":\"WebSite\",\"@id\":\"https:\\\/\\\/www.organisator.ch\\\/#website\",\"url\":\"https:\\\/\\\/www.organisator.ch\\\/\",\"name\":\"Organisator\",\"description\":\"Kompetent. Praxisnah. Der ORGANISATOR bereitet in 10 Ausgaben pro Jahr die wesentlichen Themen f\u00fcr F\u00fchrungskr\u00e4fte von KMU auf.\",\"publisher\":{\"@id\":\"https:\\\/\\\/www.organisator.ch\\\/#organization\"},\"potentialAction\":[{\"@type\":\"SearchAction\",\"target\":{\"@type\":\"EntryPoint\",\"urlTemplate\":\"https:\\\/\\\/www.organisator.ch\\\/?s={search_term_string}\"},\"query-input\":{\"@type\":\"PropertyValueSpecification\",\"valueRequired\":true,\"valueName\":\"search_term_string\"}}],\"inLanguage\":\"de\"},{\"@type\":\"Organization\",\"@id\":\"https:\\\/\\\/www.organisator.ch\\\/#organization\",\"name\":\"Organisator\",\"url\":\"https:\\\/\\\/www.organisator.ch\\\/\",\"logo\":{\"@type\":\"ImageObject\",\"inLanguage\":\"de\",\"@id\":\"https:\\\/\\\/www.organisator.ch\\\/#\\\/schema\\\/logo\\\/image\\\/\",\"url\":\"https:\\\/\\\/www.organisator.ch\\\/wp-content\\\/uploads\\\/2022\\\/01\\\/Logo_Organisator_Website.png\",\"contentUrl\":\"https:\\\/\\\/www.organisator.ch\\\/wp-content\\\/uploads\\\/2022\\\/01\\\/Logo_Organisator_Website.png\",\"width\":800,\"height\":77,\"caption\":\"Organisator\"},\"image\":{\"@id\":\"https:\\\/\\\/www.organisator.ch\\\/#\\\/schema\\\/logo\\\/image\\\/\"},\"sameAs\":[\"https:\\\/\\\/www.facebook.com\\\/OrganisatorFachmagazin\",\"https:\\\/\\\/www.linkedin.com\\\/showcase\\\/organisator-das-magazin-fr-kmu\",\"https:\\\/\\\/www.xing.com\\\/news\\\/pages\\\/organisator-ch-695\",\"https:\\\/\\\/www.youtube.com\\\/channel\\\/UCGP2Sq0iWaZwT3BdIAQFYpw\"]},{\"@type\":\"Person\",\"@id\":\"https:\\\/\\\/www.organisator.ch\\\/#\\\/schema\\\/person\\\/6f650f90b2842cd4c0cc334b4e36f67e\",\"name\":\"thomas.berner\",\"image\":{\"@type\":\"ImageObject\",\"inLanguage\":\"de\",\"@id\":\"https:\\\/\\\/secure.gravatar.com\\\/avatar\\\/ac5001d2a36cb6c6cd3e50789007ffca834b477b74a2144564522e944eabff61?s=96&d=mm&r=g\",\"url\":\"https:\\\/\\\/secure.gravatar.com\\\/avatar\\\/ac5001d2a36cb6c6cd3e50789007ffca834b477b74a2144564522e944eabff61?s=96&d=mm&r=g\",\"contentUrl\":\"https:\\\/\\\/secure.gravatar.com\\\/avatar\\\/ac5001d2a36cb6c6cd3e50789007ffca834b477b74a2144564522e944eabff61?s=96&d=mm&r=g\",\"caption\":\"thomas.berner\"},\"url\":\"https:\\\/\\\/www.organisator.ch\\\/de\\\/author\\\/thomas-berner\\\/\"}]}<\/script>\n<!-- \/ Yoast SEO plugin. -->","yoast_head_json":{"title":"Wachstum bricht 2026 durch Handelskrieg deutlich ein - Organisator","description":"Bisher schlug sich der Welthandel trotz Handelskrieg besser als gedacht. Doch 2026 d\u00fcrften die Folgen nun deutlicher sp\u00fcrbar werden.","robots":{"index":"index","follow":"follow","max-snippet":"max-snippet:-1","max-image-preview":"max-image-preview:large","max-video-preview":"max-video-preview:-1"},"canonical":"https:\/\/www.organisator.ch\/de\/management\/2025-10-03\/wachstum-bricht-2026-durch-handelskrieg-deutlich-ein\/","og_locale":"de_DE","og_type":"article","og_title":"Wachstum bricht 2026 durch Handelskrieg deutlich ein","og_description":"Bisher schlug sich der Welthandel trotz Handelskrieg besser als gedacht. Doch 2026 d\u00fcrften die Folgen nun deutlicher sp\u00fcrbar werden.","og_url":"https:\/\/www.organisator.ch\/de\/management\/2025-10-03\/wachstum-bricht-2026-durch-handelskrieg-deutlich-ein\/","og_site_name":"Organisator","article_publisher":"https:\/\/www.facebook.com\/OrganisatorFachmagazin","article_published_time":"2025-10-03T05:35:17+00:00","article_modified_time":"2025-10-20T14:18:14+00:00","og_image":[{"width":680,"height":453,"url":"https:\/\/www.organisator.ch\/wp-content\/uploads\/2025\/10\/Wachstum-bricht-2026-durch-Handelskrieg-deutlich-ein_Organisator.jpg","type":"image\/jpeg"}],"author":"thomas.berner","twitter_card":"summary_large_image","twitter_title":"#Wachstum bricht 2026 durch #Handelskrieg deutlich ein","twitter_description":"Bisher schlug sich der #Welthandel trotz #Handelskrieg besser als gedacht. Doch 2026 d\u00fcrften die Folgen nun deutlicher sp\u00fcrbar werden.","twitter_image":"https:\/\/www.organisator.ch\/wp-content\/uploads\/2025\/10\/Wachstum-bricht-2026-durch-Handelskrieg-deutlich-ein_Organisator.jpg","schema":{"@context":"https:\/\/schema.org","@graph":[{"@type":"Article","@id":"https:\/\/www.organisator.ch\/management\/2025-10-03\/wachstum-bricht-2026-durch-handelskrieg-deutlich-ein\/#article","isPartOf":{"@id":"https:\/\/www.organisator.ch\/management\/2025-10-03\/wachstum-bricht-2026-durch-handelskrieg-deutlich-ein\/"},"author":{"name":"thomas.berner","@id":"https:\/\/www.organisator.ch\/#\/schema\/person\/6f650f90b2842cd4c0cc334b4e36f67e"},"headline":"Wachstum bricht 2026 durch Handelskrieg deutlich ein","datePublished":"2025-10-03T05:35:17+00:00","dateModified":"2025-10-20T14:18:14+00:00","mainEntityOfPage":{"@id":"https:\/\/www.organisator.ch\/management\/2025-10-03\/wachstum-bricht-2026-durch-handelskrieg-deutlich-ein\/"},"wordCount":642,"publisher":{"@id":"https:\/\/www.organisator.ch\/#organization"},"image":{"@id":"https:\/\/www.organisator.ch\/management\/2025-10-03\/wachstum-bricht-2026-durch-handelskrieg-deutlich-ein\/#primaryimage"},"thumbnailUrl":"https:\/\/www.organisator.ch\/wp-content\/uploads\/2025\/10\/Wachstum-bricht-2026-durch-Handelskrieg-deutlich-ein_Organisator.jpg","keywords":["US-Z\u00f6lle","Welthandel","Wirtschaftspolitik"],"articleSection":["MANAGEMENT"],"inLanguage":"de"},{"@type":"WebPage","@id":"https:\/\/www.organisator.ch\/management\/2025-10-03\/wachstum-bricht-2026-durch-handelskrieg-deutlich-ein\/","url":"https:\/\/www.organisator.ch\/management\/2025-10-03\/wachstum-bricht-2026-durch-handelskrieg-deutlich-ein\/","name":"Wachstum bricht 2026 durch Handelskrieg deutlich ein - Organisator","isPartOf":{"@id":"https:\/\/www.organisator.ch\/#website"},"primaryImageOfPage":{"@id":"https:\/\/www.organisator.ch\/management\/2025-10-03\/wachstum-bricht-2026-durch-handelskrieg-deutlich-ein\/#primaryimage"},"image":{"@id":"https:\/\/www.organisator.ch\/management\/2025-10-03\/wachstum-bricht-2026-durch-handelskrieg-deutlich-ein\/#primaryimage"},"thumbnailUrl":"https:\/\/www.organisator.ch\/wp-content\/uploads\/2025\/10\/Wachstum-bricht-2026-durch-Handelskrieg-deutlich-ein_Organisator.jpg","datePublished":"2025-10-03T05:35:17+00:00","dateModified":"2025-10-20T14:18:14+00:00","description":"Bisher schlug sich der Welthandel trotz Handelskrieg besser als gedacht. Doch 2026 d\u00fcrften die Folgen nun deutlicher sp\u00fcrbar werden.","breadcrumb":{"@id":"https:\/\/www.organisator.ch\/management\/2025-10-03\/wachstum-bricht-2026-durch-handelskrieg-deutlich-ein\/#breadcrumb"},"inLanguage":"de","potentialAction":[{"@type":"ReadAction","target":["https:\/\/www.organisator.ch\/management\/2025-10-03\/wachstum-bricht-2026-durch-handelskrieg-deutlich-ein\/"]}]},{"@type":"ImageObject","inLanguage":"de","@id":"https:\/\/www.organisator.ch\/management\/2025-10-03\/wachstum-bricht-2026-durch-handelskrieg-deutlich-ein\/#primaryimage","url":"https:\/\/www.organisator.ch\/wp-content\/uploads\/2025\/10\/Wachstum-bricht-2026-durch-Handelskrieg-deutlich-ein_Organisator.jpg","contentUrl":"https:\/\/www.organisator.ch\/wp-content\/uploads\/2025\/10\/Wachstum-bricht-2026-durch-Handelskrieg-deutlich-ein_Organisator.jpg","width":680,"height":453,"caption":"Schlechte Aussichten f\u00fcr den Welthandel: 2026 werden sich die US-Z\u00f6lle mit voller Kraft auswirken. (Bild: Kurt Cotoaga \/ Unsplash.com)"},{"@type":"BreadcrumbList","@id":"https:\/\/www.organisator.ch\/management\/2025-10-03\/wachstum-bricht-2026-durch-handelskrieg-deutlich-ein\/#breadcrumb","itemListElement":[{"@type":"ListItem","position":1,"name":"Home","item":"https:\/\/www.organisator.ch\/"},{"@type":"ListItem","position":2,"name":"Wachstum bricht 2026 durch Handelskrieg deutlich ein"}]},{"@type":"WebSite","@id":"https:\/\/www.organisator.ch\/#website","url":"https:\/\/www.organisator.ch\/","name":"Organisator","description":"Kompetent. Praxisnah. Der ORGANISATOR bereitet in 10 Ausgaben pro Jahr die wesentlichen Themen f\u00fcr F\u00fchrungskr\u00e4fte von KMU auf.","publisher":{"@id":"https:\/\/www.organisator.ch\/#organization"},"potentialAction":[{"@type":"SearchAction","target":{"@type":"EntryPoint","urlTemplate":"https:\/\/www.organisator.ch\/?s={search_term_string}"},"query-input":{"@type":"PropertyValueSpecification","valueRequired":true,"valueName":"search_term_string"}}],"inLanguage":"de"},{"@type":"Organization","@id":"https:\/\/www.organisator.ch\/#organization","name":"Organisator","url":"https:\/\/www.organisator.ch\/","logo":{"@type":"ImageObject","inLanguage":"de","@id":"https:\/\/www.organisator.ch\/#\/schema\/logo\/image\/","url":"https:\/\/www.organisator.ch\/wp-content\/uploads\/2022\/01\/Logo_Organisator_Website.png","contentUrl":"https:\/\/www.organisator.ch\/wp-content\/uploads\/2022\/01\/Logo_Organisator_Website.png","width":800,"height":77,"caption":"Organisator"},"image":{"@id":"https:\/\/www.organisator.ch\/#\/schema\/logo\/image\/"},"sameAs":["https:\/\/www.facebook.com\/OrganisatorFachmagazin","https:\/\/www.linkedin.com\/showcase\/organisator-das-magazin-fr-kmu","https:\/\/www.xing.com\/news\/pages\/organisator-ch-695","https:\/\/www.youtube.com\/channel\/UCGP2Sq0iWaZwT3BdIAQFYpw"]},{"@type":"Person","@id":"https:\/\/www.organisator.ch\/#\/schema\/person\/6f650f90b2842cd4c0cc334b4e36f67e","name":"thomas.berner","image":{"@type":"ImageObject","inLanguage":"de","@id":"https:\/\/secure.gravatar.com\/avatar\/ac5001d2a36cb6c6cd3e50789007ffca834b477b74a2144564522e944eabff61?s=96&d=mm&r=g","url":"https:\/\/secure.gravatar.com\/avatar\/ac5001d2a36cb6c6cd3e50789007ffca834b477b74a2144564522e944eabff61?s=96&d=mm&r=g","contentUrl":"https:\/\/secure.gravatar.com\/avatar\/ac5001d2a36cb6c6cd3e50789007ffca834b477b74a2144564522e944eabff61?s=96&d=mm&r=g","caption":"thomas.berner"},"url":"https:\/\/www.organisator.ch\/de\/author\/thomas-berner\/"}]}},"_links":{"self":[{"href":"https:\/\/www.organisator.ch\/de\/wp-json\/wp\/v2\/posts\/40906","targetHints":{"allow":["GET"]}}],"collection":[{"href":"https:\/\/www.organisator.ch\/de\/wp-json\/wp\/v2\/posts"}],"about":[{"href":"https:\/\/www.organisator.ch\/de\/wp-json\/wp\/v2\/types\/post"}],"author":[{"embeddable":true,"href":"https:\/\/www.organisator.ch\/de\/wp-json\/wp\/v2\/users\/4"}],"replies":[{"embeddable":true,"href":"https:\/\/www.organisator.ch\/de\/wp-json\/wp\/v2\/comments?post=40906"}],"version-history":[{"count":4,"href":"https:\/\/www.organisator.ch\/de\/wp-json\/wp\/v2\/posts\/40906\/revisions"}],"predecessor-version":[{"id":40960,"href":"https:\/\/www.organisator.ch\/de\/wp-json\/wp\/v2\/posts\/40906\/revisions\/40960"}],"wp:featuredmedia":[{"embeddable":true,"href":"https:\/\/www.organisator.ch\/de\/wp-json\/wp\/v2\/media\/40907"}],"wp:attachment":[{"href":"https:\/\/www.organisator.ch\/de\/wp-json\/wp\/v2\/media?parent=40906"}],"wp:term":[{"taxonomy":"category","embeddable":true,"href":"https:\/\/www.organisator.ch\/de\/wp-json\/wp\/v2\/categories?post=40906"},{"taxonomy":"post_tag","embeddable":true,"href":"https:\/\/www.organisator.ch\/de\/wp-json\/wp\/v2\/tags?post=40906"}],"curies":[{"name":"wp","href":"https:\/\/api.w.org\/{rel}","templated":true}]}}