{"id":40918,"date":"2025-10-13T10:16:44","date_gmt":"2025-10-13T08:16:44","guid":{"rendered":"https:\/\/www.organisator.ch\/?p=40918"},"modified":"2025-10-03T10:45:13","modified_gmt":"2025-10-03T08:45:13","slug":"bundesrat-martin-pfister-am-rheintaler-wirtschaftsforum","status":"publish","type":"post","link":"https:\/\/www.organisator.ch\/de\/management\/2025-10-13\/bundesrat-martin-pfister-am-rheintaler-wirtschaftsforum\/","title":{"rendered":"Bundesrat Martin Pfister am Rheintaler Wirtschaftsforum"},"content":{"rendered":"<figure id=\"attachment_40919\" aria-describedby=\"caption-attachment-40919\" style=\"width: 680px\" class=\"wp-caption alignnone\"><img loading=\"lazy\" decoding=\"async\" class=\"size-full wp-image-40919\" src=\"https:\/\/www.organisator.ch\/wp-content\/uploads\/2025\/10\/Bundesrat-Martin-Pfister-am-Rheintaler-Wirtschaftsforum_Organisator.jpg\" alt=\"\" width=\"680\" height=\"454\" srcset=\"https:\/\/www.organisator.ch\/wp-content\/uploads\/2025\/10\/Bundesrat-Martin-Pfister-am-Rheintaler-Wirtschaftsforum_Organisator.jpg 680w, https:\/\/www.organisator.ch\/wp-content\/uploads\/2025\/10\/Bundesrat-Martin-Pfister-am-Rheintaler-Wirtschaftsforum_Organisator-18x12.jpg 18w, https:\/\/www.organisator.ch\/wp-content\/uploads\/2025\/10\/Bundesrat-Martin-Pfister-am-Rheintaler-Wirtschaftsforum_Organisator-375x250.jpg 375w, https:\/\/www.organisator.ch\/wp-content\/uploads\/2025\/10\/Bundesrat-Martin-Pfister-am-Rheintaler-Wirtschaftsforum_Organisator-524x350.jpg 524w\" sizes=\"auto, (max-width: 680px) 100vw, 680px\" \/><figcaption id=\"caption-attachment-40919\" class=\"wp-caption-text\">Martin Pfister, Chef des Eidgen\u00f6ssischen Departementes f\u00fcr Verteidigung, Bev\u00f6lkerungsschutz und Sport (VBS) tritt am Rheintaler Wirtschaftsforum auf. (Bild: zVg \/ Galledia Event)<\/figcaption><\/figure>\n<p>Es ist schon fast zu einer Tradition geworden: Kein Rheintaler Wirtschaftsforum ohne Auftritt eines Bundesrats. F\u00fcr die Ausgabe 2026 am 16. Januar, wiederum\u00a0in der Sporthalle Aegeten in Widnau, konnte Martin Pfister als Referent gewonnen werden. Sein Auftritt verspricht wertvolle Impulse f\u00fcr Entscheidungstr\u00e4ger aus Wirtschaft und Politik \u2013 gerade in Zeiten wachsender Unsicherheiten.<\/p>\n<h3>Sicherheitspolitik aus erster Hand<\/h3>\n<p>Martin Pfister ist seit April 2025 Mitglied des Bundesrates. Zuvor war er w\u00e4hrend neun Jahren Regierungsrat des Kantons Zug und stand der Gesundheitsdirektion vor. Pfister bringt langj\u00e4hrige politische Erfahrung sowie fundiertes Wissen im Verbands- und Sicherheitswesen mit. In seinem Referat \u00abStarke Schweiz \u2013 Wege zu einer tragf\u00e4higen Sicherheitsstrategie\u00bb zeigt er auf, wie die Schweiz ihre sicherheitspolitische Position in einer zunehmend fragilen Welt st\u00e4rken kann.<\/p>\n<h3>Strategien f\u00fcr turbulente Zeiten<\/h3>\n<p>Globale Unsicherheiten, fragile Lieferketten und geopolitische Krisen pr\u00e4gen die Weltlage. Das Rheintaler Wirtschaftsforum widmet sich deshalb der Frage, wie Wirtschaft und Politik in dieser Lage Handlungsf\u00e4higkeit und Resilienz bewahren k\u00f6nnen. Unter dem Titel \u00abSicherheit und St\u00e4rke in turbulenten Zeiten\u00bb geben Expertinnen und Experten aus Wirtschaft und Politik konkrete Antworten und Impulse.<\/p>\n<h3>Impulse von f\u00fchrenden Pers\u00f6nlichkeiten<\/h3>\n<p>Neben Bundesrat Martin Pfister pr\u00e4gen weitere renommierte Pers\u00f6nlichkeiten das Programm: Die deutsche Sicherheitsexpertin Dr. Claudia Major analysiert die geopolitische Lage und deren Folgen f\u00fcr Europa und die Schweiz. Prof. Ferdinand Dudenh\u00f6ffer, einer der bekanntesten Auto-Experten, spricht \u00fcber die Zukunft der Automobilindustrie im Spannungsfeld von Elektrifizierung, Z\u00f6llen und Lieferketten. Mit Jens Breu, CEO der SFS Group, und Matthias Wolf, CEO von K\u00fchne + Nagel Schweiz, diskutieren zwei erfahrene Wirtschaftsf\u00fchrer \u00fcber die Herausforderungen globaler Lieferketten. Neue Perspektiven liefert zudem eine Inspirationssession mit Fokus auf Robotik und K\u00fcnstliche Intelligenz. F\u00fcr die musikalische Umrahmung sorgen die Br\u00fcder Peter und Enrico Lenzin, w\u00e4hrend Sonja Hasler als Moderatorin durch den Anlass f\u00fchrt.<\/p>\n<h3>Fr\u00fchbucherpreis verl\u00e4ngert<\/h3>\n<p>Die Anmeldung zum Rheintaler Wirtschaftsforum ist unter www.wifo.ch m\u00f6glich. Neu profitieren Teilnehmende bis zum 31. Oktober 2025 vom Fr\u00fchbucherpreis.<\/p>\n<p><em>Quelle und weitere Informationen: <\/em><em><a href=\"http:\/\/www.wifo.ch\">www.wifo.ch<\/a><\/em><\/p>\n","protected":false},"excerpt":{"rendered":"<p>Das Rheintaler Wirtschaftsforum vom 16. Januar 2026 erh\u00e4lt mit Bundesrat Martin Pfister ein starkes politisches Highlight.  Als Vorsteher des Eidgen\u00f6ssischen Departements f\u00fcr Verteidigung, Bev\u00f6lkerungsschutz und Sport spricht er \u00fcber Wege zu einer tragf\u00e4higen Sicherheitsstrategie der Schweiz. <\/p>\n","protected":false},"author":4,"featured_media":40919,"comment_status":"closed","ping_status":"closed","sticky":false,"template":"","format":"standard","meta":{"_acf_changed":false,"_yoast_wpseo_focuskw":"Martin Pfister","_yoast_wpseo_metadesc":"Das Rheintaler Wirtschaftsforum vom 16. Januar 2026 erh\u00e4lt mit Bundesrat Martin Pfister ein starkes politisches Highlight.","articlekey":"","footnotes":""},"categories":[28],"tags":[193,335,3348,531],"class_list":["post-40918","post","type-post","status-publish","format-standard","has-post-thumbnail","hentry","category-management","tag-fachkongressfachmesse","tag-management-und-unternehmensfuehrung","tag-rheintaler-wirtschaftsforum","tag-wirtschaftspolitik"],"acf":[],"yoast_head":"<!-- This site is optimized with the Yoast SEO plugin v27.5 - https:\/\/yoast.com\/product\/yoast-seo-wordpress\/ -->\n<title>Bundesrat Martin Pfister am Rheintaler Wirtschaftsforum - Organisator<\/title>\n<meta name=\"description\" content=\"Das Rheintaler Wirtschaftsforum vom 16. Januar 2026 erh\u00e4lt mit Bundesrat Martin Pfister ein starkes politisches Highlight.\" \/>\n<meta name=\"robots\" content=\"index, follow, max-snippet:-1, max-image-preview:large, max-video-preview:-1\" \/>\n<link rel=\"canonical\" href=\"https:\/\/www.organisator.ch\/de\/management\/2025-10-13\/bundesrat-martin-pfister-am-rheintaler-wirtschaftsforum\/\" \/>\n<meta property=\"og:locale\" content=\"de_DE\" \/>\n<meta property=\"og:type\" content=\"article\" \/>\n<meta property=\"og:title\" content=\"Bundesrat Martin Pfister am Rheintaler Wirtschaftsforum\" \/>\n<meta property=\"og:description\" content=\"Das Rheintaler Wirtschaftsforum vom 16. Januar 2026 erh\u00e4lt mit Bundesrat Martin Pfister ein starkes politisches Highlight.\" \/>\n<meta property=\"og:url\" content=\"https:\/\/www.organisator.ch\/de\/management\/2025-10-13\/bundesrat-martin-pfister-am-rheintaler-wirtschaftsforum\/\" \/>\n<meta property=\"og:site_name\" content=\"Organisator\" \/>\n<meta property=\"article:publisher\" content=\"https:\/\/www.facebook.com\/OrganisatorFachmagazin\" \/>\n<meta property=\"article:published_time\" content=\"2025-10-13T08:16:44+00:00\" \/>\n<meta property=\"og:image\" content=\"https:\/\/www.organisator.ch\/wp-content\/uploads\/2025\/10\/Bundesrat-Martin-Pfister-am-Rheintaler-Wirtschaftsforum_Organisator.jpg\" \/>\n\t<meta property=\"og:image:width\" content=\"680\" \/>\n\t<meta property=\"og:image:height\" content=\"454\" \/>\n\t<meta property=\"og:image:type\" content=\"image\/jpeg\" \/>\n<meta name=\"author\" content=\"thomas.berner\" \/>\n<meta name=\"twitter:card\" content=\"summary_large_image\" \/>\n<meta name=\"twitter:title\" content=\"#Bundesrat Martin #Pfister am Rheintaler #Wirtschaftsforum\" \/>\n<meta name=\"twitter:description\" content=\"Das Rheintaler #Wirtschaftsforum vom 16. Januar 2026 erh\u00e4lt mit #Bundesrat Martin #Pfister ein starkes politisches Highlight.\" \/>\n<meta name=\"twitter:image\" content=\"https:\/\/www.organisator.ch\/wp-content\/uploads\/2025\/10\/Bundesrat-Martin-Pfister-am-Rheintaler-Wirtschaftsforum_Organisator.jpg\" \/>\n<script type=\"application\/ld+json\" class=\"yoast-schema-graph\">{\"@context\":\"https:\\\/\\\/schema.org\",\"@graph\":[{\"@type\":\"Article\",\"@id\":\"https:\\\/\\\/www.organisator.ch\\\/management\\\/2025-10-13\\\/bundesrat-martin-pfister-am-rheintaler-wirtschaftsforum\\\/#article\",\"isPartOf\":{\"@id\":\"https:\\\/\\\/www.organisator.ch\\\/management\\\/2025-10-13\\\/bundesrat-martin-pfister-am-rheintaler-wirtschaftsforum\\\/\"},\"author\":{\"name\":\"thomas.berner\",\"@id\":\"https:\\\/\\\/www.organisator.ch\\\/#\\\/schema\\\/person\\\/6f650f90b2842cd4c0cc334b4e36f67e\"},\"headline\":\"Bundesrat Martin Pfister am Rheintaler Wirtschaftsforum\",\"datePublished\":\"2025-10-13T08:16:44+00:00\",\"mainEntityOfPage\":{\"@id\":\"https:\\\/\\\/www.organisator.ch\\\/management\\\/2025-10-13\\\/bundesrat-martin-pfister-am-rheintaler-wirtschaftsforum\\\/\"},\"wordCount\":375,\"publisher\":{\"@id\":\"https:\\\/\\\/www.organisator.ch\\\/#organization\"},\"image\":{\"@id\":\"https:\\\/\\\/www.organisator.ch\\\/management\\\/2025-10-13\\\/bundesrat-martin-pfister-am-rheintaler-wirtschaftsforum\\\/#primaryimage\"},\"thumbnailUrl\":\"https:\\\/\\\/www.organisator.ch\\\/wp-content\\\/uploads\\\/2025\\\/10\\\/Bundesrat-Martin-Pfister-am-Rheintaler-Wirtschaftsforum_Organisator.jpg\",\"keywords\":[\"Fachkongress\\\/Fachmesse\",\"Management und Unternehmensf\u00fchrung\",\"Rheintaler Wirtschaftsforum\",\"Wirtschaftspolitik\"],\"articleSection\":[\"MANAGEMENT\"],\"inLanguage\":\"de\"},{\"@type\":\"WebPage\",\"@id\":\"https:\\\/\\\/www.organisator.ch\\\/management\\\/2025-10-13\\\/bundesrat-martin-pfister-am-rheintaler-wirtschaftsforum\\\/\",\"url\":\"https:\\\/\\\/www.organisator.ch\\\/management\\\/2025-10-13\\\/bundesrat-martin-pfister-am-rheintaler-wirtschaftsforum\\\/\",\"name\":\"Bundesrat Martin Pfister am Rheintaler Wirtschaftsforum - Organisator\",\"isPartOf\":{\"@id\":\"https:\\\/\\\/www.organisator.ch\\\/#website\"},\"primaryImageOfPage\":{\"@id\":\"https:\\\/\\\/www.organisator.ch\\\/management\\\/2025-10-13\\\/bundesrat-martin-pfister-am-rheintaler-wirtschaftsforum\\\/#primaryimage\"},\"image\":{\"@id\":\"https:\\\/\\\/www.organisator.ch\\\/management\\\/2025-10-13\\\/bundesrat-martin-pfister-am-rheintaler-wirtschaftsforum\\\/#primaryimage\"},\"thumbnailUrl\":\"https:\\\/\\\/www.organisator.ch\\\/wp-content\\\/uploads\\\/2025\\\/10\\\/Bundesrat-Martin-Pfister-am-Rheintaler-Wirtschaftsforum_Organisator.jpg\",\"datePublished\":\"2025-10-13T08:16:44+00:00\",\"description\":\"Das Rheintaler Wirtschaftsforum vom 16. Januar 2026 erh\u00e4lt mit Bundesrat Martin Pfister ein starkes politisches Highlight.\",\"breadcrumb\":{\"@id\":\"https:\\\/\\\/www.organisator.ch\\\/management\\\/2025-10-13\\\/bundesrat-martin-pfister-am-rheintaler-wirtschaftsforum\\\/#breadcrumb\"},\"inLanguage\":\"de\",\"potentialAction\":[{\"@type\":\"ReadAction\",\"target\":[\"https:\\\/\\\/www.organisator.ch\\\/management\\\/2025-10-13\\\/bundesrat-martin-pfister-am-rheintaler-wirtschaftsforum\\\/\"]}]},{\"@type\":\"ImageObject\",\"inLanguage\":\"de\",\"@id\":\"https:\\\/\\\/www.organisator.ch\\\/management\\\/2025-10-13\\\/bundesrat-martin-pfister-am-rheintaler-wirtschaftsforum\\\/#primaryimage\",\"url\":\"https:\\\/\\\/www.organisator.ch\\\/wp-content\\\/uploads\\\/2025\\\/10\\\/Bundesrat-Martin-Pfister-am-Rheintaler-Wirtschaftsforum_Organisator.jpg\",\"contentUrl\":\"https:\\\/\\\/www.organisator.ch\\\/wp-content\\\/uploads\\\/2025\\\/10\\\/Bundesrat-Martin-Pfister-am-Rheintaler-Wirtschaftsforum_Organisator.jpg\",\"width\":680,\"height\":454,\"caption\":\"Martin Pfister, Chef des Eidgen\u00f6ssischen Departementes f\u00fcr Verteidigung, Bev\u00f6lkerungsschutz und Sport (VBS) tritt am Rheintaler Wirtschaftsforum auf. (Bild: zVg \\\/ Galledia Event)\"},{\"@type\":\"BreadcrumbList\",\"@id\":\"https:\\\/\\\/www.organisator.ch\\\/management\\\/2025-10-13\\\/bundesrat-martin-pfister-am-rheintaler-wirtschaftsforum\\\/#breadcrumb\",\"itemListElement\":[{\"@type\":\"ListItem\",\"position\":1,\"name\":\"Home\",\"item\":\"https:\\\/\\\/www.organisator.ch\\\/\"},{\"@type\":\"ListItem\",\"position\":2,\"name\":\"Bundesrat Martin Pfister am Rheintaler Wirtschaftsforum\"}]},{\"@type\":\"WebSite\",\"@id\":\"https:\\\/\\\/www.organisator.ch\\\/#website\",\"url\":\"https:\\\/\\\/www.organisator.ch\\\/\",\"name\":\"Organisator\",\"description\":\"Kompetent. Praxisnah. Der ORGANISATOR bereitet in 10 Ausgaben pro Jahr die wesentlichen Themen f\u00fcr F\u00fchrungskr\u00e4fte von KMU auf.\",\"publisher\":{\"@id\":\"https:\\\/\\\/www.organisator.ch\\\/#organization\"},\"potentialAction\":[{\"@type\":\"SearchAction\",\"target\":{\"@type\":\"EntryPoint\",\"urlTemplate\":\"https:\\\/\\\/www.organisator.ch\\\/?s={search_term_string}\"},\"query-input\":{\"@type\":\"PropertyValueSpecification\",\"valueRequired\":true,\"valueName\":\"search_term_string\"}}],\"inLanguage\":\"de\"},{\"@type\":\"Organization\",\"@id\":\"https:\\\/\\\/www.organisator.ch\\\/#organization\",\"name\":\"Organisator\",\"url\":\"https:\\\/\\\/www.organisator.ch\\\/\",\"logo\":{\"@type\":\"ImageObject\",\"inLanguage\":\"de\",\"@id\":\"https:\\\/\\\/www.organisator.ch\\\/#\\\/schema\\\/logo\\\/image\\\/\",\"url\":\"https:\\\/\\\/www.organisator.ch\\\/wp-content\\\/uploads\\\/2022\\\/01\\\/Logo_Organisator_Website.png\",\"contentUrl\":\"https:\\\/\\\/www.organisator.ch\\\/wp-content\\\/uploads\\\/2022\\\/01\\\/Logo_Organisator_Website.png\",\"width\":800,\"height\":77,\"caption\":\"Organisator\"},\"image\":{\"@id\":\"https:\\\/\\\/www.organisator.ch\\\/#\\\/schema\\\/logo\\\/image\\\/\"},\"sameAs\":[\"https:\\\/\\\/www.facebook.com\\\/OrganisatorFachmagazin\",\"https:\\\/\\\/www.linkedin.com\\\/showcase\\\/organisator-das-magazin-fr-kmu\",\"https:\\\/\\\/www.xing.com\\\/news\\\/pages\\\/organisator-ch-695\",\"https:\\\/\\\/www.youtube.com\\\/channel\\\/UCGP2Sq0iWaZwT3BdIAQFYpw\"]},{\"@type\":\"Person\",\"@id\":\"https:\\\/\\\/www.organisator.ch\\\/#\\\/schema\\\/person\\\/6f650f90b2842cd4c0cc334b4e36f67e\",\"name\":\"thomas.berner\",\"image\":{\"@type\":\"ImageObject\",\"inLanguage\":\"de\",\"@id\":\"https:\\\/\\\/secure.gravatar.com\\\/avatar\\\/ac5001d2a36cb6c6cd3e50789007ffca834b477b74a2144564522e944eabff61?s=96&d=mm&r=g\",\"url\":\"https:\\\/\\\/secure.gravatar.com\\\/avatar\\\/ac5001d2a36cb6c6cd3e50789007ffca834b477b74a2144564522e944eabff61?s=96&d=mm&r=g\",\"contentUrl\":\"https:\\\/\\\/secure.gravatar.com\\\/avatar\\\/ac5001d2a36cb6c6cd3e50789007ffca834b477b74a2144564522e944eabff61?s=96&d=mm&r=g\",\"caption\":\"thomas.berner\"},\"url\":\"https:\\\/\\\/www.organisator.ch\\\/de\\\/author\\\/thomas-berner\\\/\"}]}<\/script>\n<!-- \/ Yoast SEO plugin. -->","yoast_head_json":{"title":"Bundesrat Martin Pfister am Rheintaler Wirtschaftsforum - Organisator","description":"Das Rheintaler Wirtschaftsforum vom 16. Januar 2026 erh\u00e4lt mit Bundesrat Martin Pfister ein starkes politisches Highlight.","robots":{"index":"index","follow":"follow","max-snippet":"max-snippet:-1","max-image-preview":"max-image-preview:large","max-video-preview":"max-video-preview:-1"},"canonical":"https:\/\/www.organisator.ch\/de\/management\/2025-10-13\/bundesrat-martin-pfister-am-rheintaler-wirtschaftsforum\/","og_locale":"de_DE","og_type":"article","og_title":"Bundesrat Martin Pfister am Rheintaler Wirtschaftsforum","og_description":"Das Rheintaler Wirtschaftsforum vom 16. Januar 2026 erh\u00e4lt mit Bundesrat Martin Pfister ein starkes politisches Highlight.","og_url":"https:\/\/www.organisator.ch\/de\/management\/2025-10-13\/bundesrat-martin-pfister-am-rheintaler-wirtschaftsforum\/","og_site_name":"Organisator","article_publisher":"https:\/\/www.facebook.com\/OrganisatorFachmagazin","article_published_time":"2025-10-13T08:16:44+00:00","og_image":[{"width":680,"height":454,"url":"https:\/\/www.organisator.ch\/wp-content\/uploads\/2025\/10\/Bundesrat-Martin-Pfister-am-Rheintaler-Wirtschaftsforum_Organisator.jpg","type":"image\/jpeg"}],"author":"thomas.berner","twitter_card":"summary_large_image","twitter_title":"#Bundesrat Martin #Pfister am Rheintaler #Wirtschaftsforum","twitter_description":"Das Rheintaler #Wirtschaftsforum vom 16. Januar 2026 erh\u00e4lt mit #Bundesrat Martin #Pfister ein starkes politisches Highlight.","twitter_image":"https:\/\/www.organisator.ch\/wp-content\/uploads\/2025\/10\/Bundesrat-Martin-Pfister-am-Rheintaler-Wirtschaftsforum_Organisator.jpg","schema":{"@context":"https:\/\/schema.org","@graph":[{"@type":"Article","@id":"https:\/\/www.organisator.ch\/management\/2025-10-13\/bundesrat-martin-pfister-am-rheintaler-wirtschaftsforum\/#article","isPartOf":{"@id":"https:\/\/www.organisator.ch\/management\/2025-10-13\/bundesrat-martin-pfister-am-rheintaler-wirtschaftsforum\/"},"author":{"name":"thomas.berner","@id":"https:\/\/www.organisator.ch\/#\/schema\/person\/6f650f90b2842cd4c0cc334b4e36f67e"},"headline":"Bundesrat Martin Pfister am Rheintaler Wirtschaftsforum","datePublished":"2025-10-13T08:16:44+00:00","mainEntityOfPage":{"@id":"https:\/\/www.organisator.ch\/management\/2025-10-13\/bundesrat-martin-pfister-am-rheintaler-wirtschaftsforum\/"},"wordCount":375,"publisher":{"@id":"https:\/\/www.organisator.ch\/#organization"},"image":{"@id":"https:\/\/www.organisator.ch\/management\/2025-10-13\/bundesrat-martin-pfister-am-rheintaler-wirtschaftsforum\/#primaryimage"},"thumbnailUrl":"https:\/\/www.organisator.ch\/wp-content\/uploads\/2025\/10\/Bundesrat-Martin-Pfister-am-Rheintaler-Wirtschaftsforum_Organisator.jpg","keywords":["Fachkongress\/Fachmesse","Management und Unternehmensf\u00fchrung","Rheintaler Wirtschaftsforum","Wirtschaftspolitik"],"articleSection":["MANAGEMENT"],"inLanguage":"de"},{"@type":"WebPage","@id":"https:\/\/www.organisator.ch\/management\/2025-10-13\/bundesrat-martin-pfister-am-rheintaler-wirtschaftsforum\/","url":"https:\/\/www.organisator.ch\/management\/2025-10-13\/bundesrat-martin-pfister-am-rheintaler-wirtschaftsforum\/","name":"Bundesrat Martin Pfister am Rheintaler Wirtschaftsforum - Organisator","isPartOf":{"@id":"https:\/\/www.organisator.ch\/#website"},"primaryImageOfPage":{"@id":"https:\/\/www.organisator.ch\/management\/2025-10-13\/bundesrat-martin-pfister-am-rheintaler-wirtschaftsforum\/#primaryimage"},"image":{"@id":"https:\/\/www.organisator.ch\/management\/2025-10-13\/bundesrat-martin-pfister-am-rheintaler-wirtschaftsforum\/#primaryimage"},"thumbnailUrl":"https:\/\/www.organisator.ch\/wp-content\/uploads\/2025\/10\/Bundesrat-Martin-Pfister-am-Rheintaler-Wirtschaftsforum_Organisator.jpg","datePublished":"2025-10-13T08:16:44+00:00","description":"Das Rheintaler Wirtschaftsforum vom 16. Januar 2026 erh\u00e4lt mit Bundesrat Martin Pfister ein starkes politisches Highlight.","breadcrumb":{"@id":"https:\/\/www.organisator.ch\/management\/2025-10-13\/bundesrat-martin-pfister-am-rheintaler-wirtschaftsforum\/#breadcrumb"},"inLanguage":"de","potentialAction":[{"@type":"ReadAction","target":["https:\/\/www.organisator.ch\/management\/2025-10-13\/bundesrat-martin-pfister-am-rheintaler-wirtschaftsforum\/"]}]},{"@type":"ImageObject","inLanguage":"de","@id":"https:\/\/www.organisator.ch\/management\/2025-10-13\/bundesrat-martin-pfister-am-rheintaler-wirtschaftsforum\/#primaryimage","url":"https:\/\/www.organisator.ch\/wp-content\/uploads\/2025\/10\/Bundesrat-Martin-Pfister-am-Rheintaler-Wirtschaftsforum_Organisator.jpg","contentUrl":"https:\/\/www.organisator.ch\/wp-content\/uploads\/2025\/10\/Bundesrat-Martin-Pfister-am-Rheintaler-Wirtschaftsforum_Organisator.jpg","width":680,"height":454,"caption":"Martin Pfister, Chef des Eidgen\u00f6ssischen Departementes f\u00fcr Verteidigung, Bev\u00f6lkerungsschutz und Sport (VBS) tritt am Rheintaler Wirtschaftsforum auf. (Bild: zVg \/ Galledia Event)"},{"@type":"BreadcrumbList","@id":"https:\/\/www.organisator.ch\/management\/2025-10-13\/bundesrat-martin-pfister-am-rheintaler-wirtschaftsforum\/#breadcrumb","itemListElement":[{"@type":"ListItem","position":1,"name":"Home","item":"https:\/\/www.organisator.ch\/"},{"@type":"ListItem","position":2,"name":"Bundesrat Martin Pfister am Rheintaler Wirtschaftsforum"}]},{"@type":"WebSite","@id":"https:\/\/www.organisator.ch\/#website","url":"https:\/\/www.organisator.ch\/","name":"Organisator","description":"Kompetent. Praxisnah. Der ORGANISATOR bereitet in 10 Ausgaben pro Jahr die wesentlichen Themen f\u00fcr F\u00fchrungskr\u00e4fte von KMU auf.","publisher":{"@id":"https:\/\/www.organisator.ch\/#organization"},"potentialAction":[{"@type":"SearchAction","target":{"@type":"EntryPoint","urlTemplate":"https:\/\/www.organisator.ch\/?s={search_term_string}"},"query-input":{"@type":"PropertyValueSpecification","valueRequired":true,"valueName":"search_term_string"}}],"inLanguage":"de"},{"@type":"Organization","@id":"https:\/\/www.organisator.ch\/#organization","name":"Organisator","url":"https:\/\/www.organisator.ch\/","logo":{"@type":"ImageObject","inLanguage":"de","@id":"https:\/\/www.organisator.ch\/#\/schema\/logo\/image\/","url":"https:\/\/www.organisator.ch\/wp-content\/uploads\/2022\/01\/Logo_Organisator_Website.png","contentUrl":"https:\/\/www.organisator.ch\/wp-content\/uploads\/2022\/01\/Logo_Organisator_Website.png","width":800,"height":77,"caption":"Organisator"},"image":{"@id":"https:\/\/www.organisator.ch\/#\/schema\/logo\/image\/"},"sameAs":["https:\/\/www.facebook.com\/OrganisatorFachmagazin","https:\/\/www.linkedin.com\/showcase\/organisator-das-magazin-fr-kmu","https:\/\/www.xing.com\/news\/pages\/organisator-ch-695","https:\/\/www.youtube.com\/channel\/UCGP2Sq0iWaZwT3BdIAQFYpw"]},{"@type":"Person","@id":"https:\/\/www.organisator.ch\/#\/schema\/person\/6f650f90b2842cd4c0cc334b4e36f67e","name":"thomas.berner","image":{"@type":"ImageObject","inLanguage":"de","@id":"https:\/\/secure.gravatar.com\/avatar\/ac5001d2a36cb6c6cd3e50789007ffca834b477b74a2144564522e944eabff61?s=96&d=mm&r=g","url":"https:\/\/secure.gravatar.com\/avatar\/ac5001d2a36cb6c6cd3e50789007ffca834b477b74a2144564522e944eabff61?s=96&d=mm&r=g","contentUrl":"https:\/\/secure.gravatar.com\/avatar\/ac5001d2a36cb6c6cd3e50789007ffca834b477b74a2144564522e944eabff61?s=96&d=mm&r=g","caption":"thomas.berner"},"url":"https:\/\/www.organisator.ch\/de\/author\/thomas-berner\/"}]}},"_links":{"self":[{"href":"https:\/\/www.organisator.ch\/de\/wp-json\/wp\/v2\/posts\/40918","targetHints":{"allow":["GET"]}}],"collection":[{"href":"https:\/\/www.organisator.ch\/de\/wp-json\/wp\/v2\/posts"}],"about":[{"href":"https:\/\/www.organisator.ch\/de\/wp-json\/wp\/v2\/types\/post"}],"author":[{"embeddable":true,"href":"https:\/\/www.organisator.ch\/de\/wp-json\/wp\/v2\/users\/4"}],"replies":[{"embeddable":true,"href":"https:\/\/www.organisator.ch\/de\/wp-json\/wp\/v2\/comments?post=40918"}],"version-history":[{"count":5,"href":"https:\/\/www.organisator.ch\/de\/wp-json\/wp\/v2\/posts\/40918\/revisions"}],"predecessor-version":[{"id":41126,"href":"https:\/\/www.organisator.ch\/de\/wp-json\/wp\/v2\/posts\/40918\/revisions\/41126"}],"wp:featuredmedia":[{"embeddable":true,"href":"https:\/\/www.organisator.ch\/de\/wp-json\/wp\/v2\/media\/40919"}],"wp:attachment":[{"href":"https:\/\/www.organisator.ch\/de\/wp-json\/wp\/v2\/media?parent=40918"}],"wp:term":[{"taxonomy":"category","embeddable":true,"href":"https:\/\/www.organisator.ch\/de\/wp-json\/wp\/v2\/categories?post=40918"},{"taxonomy":"post_tag","embeddable":true,"href":"https:\/\/www.organisator.ch\/de\/wp-json\/wp\/v2\/tags?post=40918"}],"curies":[{"name":"wp","href":"https:\/\/api.w.org\/{rel}","templated":true}]}}